{"id":41995,"date":"2021-08-23T23:18:52","date_gmt":"2021-08-24T02:18:52","guid":{"rendered":"https:\/\/radiolifefm.com.br\/noticias\/?p=41995"},"modified":"2026-04-10T15:20:28","modified_gmt":"2026-04-10T18:20:28","slug":"vereador-denuncia-vazamento-possivelmente-da-decomposicao-de-corpos-das-gavetas-de-sepultamento","status":"publish","type":"post","link":"https:\/\/radiolifefm.com.br\/noticias\/vereador-denuncia-vazamento-possivelmente-da-decomposicao-de-corpos-das-gavetas-de-sepultamento\/","title":{"rendered":"Vereador denuncia vazamento, possivelmente da decomposi\u00e7\u00e3o de corpos, das gavetas de sepultamento"},"content":{"rendered":"<div id=\"fb-root\"><\/div>\n<p style=\"font-weight: 400\">Um v\u00eddeo gravado no Cemit\u00e9rio de Adamantina e publicado nas redes sociais pelo vereador Bigode da Capoeira, neste domingo (22) denuncia o vazamento de l\u00edquido, supostamente da decomposi\u00e7\u00e3o de corpos, nos m\u00f3dulos de sepultamento em gavetas horizontais.<\/p>\n<p style=\"font-weight: 400\">No local, o vereador mostra o ponto onde h\u00e1 vazamento, e diz que j\u00e1 teria feito o mesmo alerta aos representantes da Prefeitura, em momentos anteriores, por\u00e9m sem sucesso na sensibiliza\u00e7\u00e3o dos gestores para a solu\u00e7\u00e3o do problema.<br \/>\n<img decoding=\"async\" src=\"https:\/\/www.sigamais.com\/arquivo\/uploads\/img6991jpg16297460066123f356e65a2.jpg\" \/><br \/>\nDepois de tomar conhecimento do v\u00eddeo, publicado pelo vereador, o SIGA MAIS esteve no Cemit\u00e9rio na manh\u00e3 desta segunda-feira (23) e confirmou o teor da den\u00fancia.\u00a0<strong>Assista<\/strong>:<\/p>\n<p><!-- Embedded with Magic Embeds - https:\/\/magicembeds.com --><\/p>\n<div class=\"wef-measure\" style=\"max-width: 450px;\"><\/div>\n<div class=\"fb-video\" data-href=\"https:\/\/www.facebook.com\/watch\/?v=490626499051074\" data-allowfullscreen=\"true\" data-autoplay=\"false\" data-width=\"450\" data-show-text=\"false\" data-show-captions=\"true\"><\/div>\n<p>Se confirmada a origem humana dos materiais que vazam do local de sepultamento, os mesmos s\u00e3o altamente contaminantes, com riscos a quem eventualmente possa ter contato com os rejeitos, e ao meio ambiente.<\/p>\n<p style=\"font-weight: 400\">Diante do esgotamento da capacidade de novos sepultamentos no \u00fanico cemit\u00e9rio de Adamantina, a Prefeitura decidiu pelo nova estrutura, que\u00a0<a href=\"https:\/\/www.sigamais.com\/noticias\/cidades\/prefeitura-inicia-sepultamentos-em-cemiterio-vertical\/\"><b><strong>entrou em opera\u00e7\u00e3o h\u00e1 dois anos<\/strong><\/b><\/a>.<\/p>\n<p style=\"font-weight: 400\">Em agosto de 2019 o poder p\u00fabico municipal divulgou que a iniciativa era\u00a0<b><strong><a href=\"https:\/\/www.sigamais.com\/noticias\/cidades\/cemiterio-vertical-de-adamantina-e-modelo-para-outras-cidades\/\">modelo para outras cidades<\/a><\/strong><\/b>. O texto produzido pela Prefeitura de Adamantina, na \u00e9poca, foi publicado pela imprensa.<\/p>\n<p style=\"font-weight: 400\">Por\u00e9m, a nova estrutura\u00a0\u00a0gera cr\u00edticas por familiares das pessoas sepultadas. Os familiares n\u00e3o ficam confort\u00e1veis \u00c0 din\u00e2mica de sepultamento, que foge do que \u00e9 tradicional no espa\u00e7o.<\/p>\n<p><img decoding=\"async\" src=\"https:\/\/www.sigamais.com\/arquivo\/uploads\/img6992jpg16297459776123f3395dc8e.jpg\" \/><\/p>\n<p style=\"font-weight: 400\">Moradores pr\u00f3ximos do cemit\u00e9rio tamb\u00e9m reclamam e desconfiam da seguran\u00e7a e funcionalidade do sistema.<\/p>\n<p style=\"font-weight: 400\">Em recente entrevista \u00e0\u00a0<a href=\"https:\/\/adamantinanet.com.br\/2021\/08\/23\/cemitadamantina23082021y\/\"><b><strong>TV Folha Regional<\/strong><\/b><\/a>, o prefeito M\u00e1rcio Cardim concordou que o modelo verticalizado de sepultamento, instalado eu sua administra\u00e7\u00e3o no Cemit\u00e9rio de Adamantina, causa constrangimento \u00e0s pessoas. \u201cPara n\u00f3s (Administra\u00e7\u00e3o) tamb\u00e9m era uma coisa nova, mas t\u00ednhamos que dar uma solu\u00e7\u00e3o imediata porque n\u00e3o tinha mais espa\u00e7o para abertura de t\u00famulos no ch\u00e3o. Mas esperamos conseguir solucionar de vez essa quest\u00e3o com a amplia\u00e7\u00e3o do cemit\u00e9rio convencional\u201d, disse.<br \/>\n<img decoding=\"async\" src=\"https:\/\/www.sigamais.com\/arquivo\/uploads\/img7005jpg16297459936123f349ef61b.jpg\" \/><br \/>\nDe acordo com a reportagem do Folha Regional, a proposta \u00e9 ampliar o Cemit\u00e9rio para a \u00e1rea em frente, ao lado do Vel\u00f3rio da Saudade, o que est\u00e1 em estudos. A decis\u00e3o definitiva deve ser tomada no ano que vem.<\/p>\n<p>&nbsp;<\/p>\n<p>Fonte: Siga Mais<\/p>\n<p style=\"font-weight: 400\">\n","protected":false},"excerpt":{"rendered":"<p>Um v\u00eddeo gravado no Cemit\u00e9rio de Adamantina e publicado nas redes sociais pelo vereador Bigode da Capoeira, neste domingo (22) denuncia o vazamento de l\u00edquido, supostamente da decomposi\u00e7\u00e3o de corpos, nos m\u00f3dulos de sepultamento em gavetas horizontais. No local, o vereador mostra o ponto onde h\u00e1 vazamento, e diz que j\u00e1 teria feito o mesmo [&hellip;]<\/p>\n","protected":false},"author":13,"featured_media":41996,"comment_status":"closed","ping_status":"open","sticky":false,"template":"","format":"standard","meta":{"_acf_changed":false,"_exactmetrics_skip_tracking":false,"_exactmetrics_sitenote_active":false,"_exactmetrics_sitenote_note":"","_exactmetrics_sitenote_category":0,"footnotes":""},"categories":[21],"tags":[],"class_list":["post-41995","post","type-post","status-publish","format-standard","has-post-thumbnail","hentry","category-adamantina"],"acf":[],"yoast_head":"<!-- This site is optimized with the Yoast SEO plugin v27.2 - https:\/\/yoast.com\/product\/yoast-seo-wordpress\/ -->\n<title>Vereador denuncia vazamento, possivelmente da decomposi\u00e7\u00e3o de corpos, das gavetas de sepultamento - R\u00e1dio Life FM<\/title>\n<meta name=\"robots\" content=\"index, follow, max-snippet:-1, max-image-preview:large, max-video-preview:-1\" \/>\n<link rel=\"canonical\" href=\"https:\/\/radiolifefm.com.br\/noticias\/vereador-denuncia-vazamento-possivelmente-da-decomposicao-de-corpos-das-gavetas-de-sepultamento\/\" \/>\n<meta property=\"og:locale\" content=\"pt_BR\" \/>\n<meta property=\"og:type\" content=\"article\" \/>\n<meta property=\"og:title\" content=\"Vereador denuncia vazamento, possivelmente da decomposi\u00e7\u00e3o de corpos, das gavetas de sepultamento - R\u00e1dio Life FM\" \/>\n<meta property=\"og:description\" content=\"Um v\u00eddeo gravado no Cemit\u00e9rio de Adamantina e publicado nas redes sociais pelo vereador Bigode da Capoeira, neste domingo (22) denuncia o vazamento de l\u00edquido, supostamente da decomposi\u00e7\u00e3o de corpos, nos m\u00f3dulos de sepultamento em gavetas horizontais. No local, o vereador mostra o ponto onde h\u00e1 vazamento, e diz que j\u00e1 teria feito o mesmo [&hellip;]\" \/>\n<meta property=\"og:url\" content=\"https:\/\/radiolifefm.com.br\/noticias\/vereador-denuncia-vazamento-possivelmente-da-decomposicao-de-corpos-das-gavetas-de-sepultamento\/\" \/>\n<meta property=\"og:site_name\" content=\"R\u00e1dio Life FM\" \/>\n<meta property=\"article:publisher\" content=\"https:\/\/www.facebook.com\/radiolifefm\/\" \/>\n<meta property=\"article:published_time\" content=\"2021-08-24T02:18:52+00:00\" \/>\n<meta property=\"article:modified_time\" content=\"2026-04-10T18:20:28+00:00\" \/>\n<meta property=\"og:image\" content=\"https:\/\/radiolifefm.com.br\/noticias\/wp-content\/uploads\/2021\/08\/img6988jpg16297461496123f3e5c3278.jpeg\" \/>\n\t<meta property=\"og:image:width\" content=\"600\" \/>\n\t<meta property=\"og:image:height\" content=\"337\" \/>\n\t<meta property=\"og:image:type\" content=\"image\/jpeg\" \/>\n<meta name=\"author\" content=\"ritanery\" \/>\n<meta name=\"twitter:card\" content=\"summary_large_image\" \/>\n<meta name=\"twitter:label1\" content=\"Escrito por\" \/>\n\t<meta name=\"twitter:data1\" content=\"ritanery\" \/>\n\t<meta name=\"twitter:label2\" content=\"Est. tempo de leitura\" \/>\n\t<meta name=\"twitter:data2\" content=\"3 minutos\" \/>\n<script type=\"application\/ld+json\" class=\"yoast-schema-graph\">{\"@context\":\"https:\/\/schema.org\",\"@graph\":[{\"@type\":\"Article\",\"@id\":\"https:\/\/radiolifefm.com.br\/noticias\/vereador-denuncia-vazamento-possivelmente-da-decomposicao-de-corpos-das-gavetas-de-sepultamento\/#article\",\"isPartOf\":{\"@id\":\"https:\/\/radiolifefm.com.br\/noticias\/vereador-denuncia-vazamento-possivelmente-da-decomposicao-de-corpos-das-gavetas-de-sepultamento\/\"},\"author\":{\"name\":\"ritanery\",\"@id\":\"https:\/\/radiolifefm.com.br\/noticias\/#\/schema\/person\/6339b9fac59d12b071dec680d7375d87\"},\"headline\":\"Vereador denuncia vazamento, possivelmente da decomposi\u00e7\u00e3o de corpos, das gavetas de sepultamento\",\"datePublished\":\"2021-08-24T02:18:52+00:00\",\"dateModified\":\"2026-04-10T18:20:28+00:00\",\"mainEntityOfPage\":{\"@id\":\"https:\/\/radiolifefm.com.br\/noticias\/vereador-denuncia-vazamento-possivelmente-da-decomposicao-de-corpos-das-gavetas-de-sepultamento\/\"},\"wordCount\":405,\"publisher\":{\"@id\":\"https:\/\/radiolifefm.com.br\/noticias\/#organization\"},\"image\":{\"@id\":\"https:\/\/radiolifefm.com.br\/noticias\/vereador-denuncia-vazamento-possivelmente-da-decomposicao-de-corpos-das-gavetas-de-sepultamento\/#primaryimage\"},\"thumbnailUrl\":\"https:\/\/radiolifefm.com.br\/noticias\/wp-content\/uploads\/2021\/08\/img6988jpg16297461496123f3e5c3278.jpeg\",\"articleSection\":[\"Adamantina\"],\"inLanguage\":\"pt-BR\"},{\"@type\":\"WebPage\",\"@id\":\"https:\/\/radiolifefm.com.br\/noticias\/vereador-denuncia-vazamento-possivelmente-da-decomposicao-de-corpos-das-gavetas-de-sepultamento\/\",\"url\":\"https:\/\/radiolifefm.com.br\/noticias\/vereador-denuncia-vazamento-possivelmente-da-decomposicao-de-corpos-das-gavetas-de-sepultamento\/\",\"name\":\"Vereador denuncia vazamento, possivelmente da decomposi\u00e7\u00e3o de corpos, das gavetas de sepultamento - R\u00e1dio Life FM\",\"isPartOf\":{\"@id\":\"https:\/\/radiolifefm.com.br\/noticias\/#website\"},\"primaryImageOfPage\":{\"@id\":\"https:\/\/radiolifefm.com.br\/noticias\/vereador-denuncia-vazamento-possivelmente-da-decomposicao-de-corpos-das-gavetas-de-sepultamento\/#primaryimage\"},\"image\":{\"@id\":\"https:\/\/radiolifefm.com.br\/noticias\/vereador-denuncia-vazamento-possivelmente-da-decomposicao-de-corpos-das-gavetas-de-sepultamento\/#primaryimage\"},\"thumbnailUrl\":\"https:\/\/radiolifefm.com.br\/noticias\/wp-content\/uploads\/2021\/08\/img6988jpg16297461496123f3e5c3278.jpeg\",\"datePublished\":\"2021-08-24T02:18:52+00:00\",\"dateModified\":\"2026-04-10T18:20:28+00:00\",\"breadcrumb\":{\"@id\":\"https:\/\/radiolifefm.com.br\/noticias\/vereador-denuncia-vazamento-possivelmente-da-decomposicao-de-corpos-das-gavetas-de-sepultamento\/#breadcrumb\"},\"inLanguage\":\"pt-BR\",\"potentialAction\":[{\"@type\":\"ReadAction\",\"target\":[\"https:\/\/radiolifefm.com.br\/noticias\/vereador-denuncia-vazamento-possivelmente-da-decomposicao-de-corpos-das-gavetas-de-sepultamento\/\"]}]},{\"@type\":\"ImageObject\",\"inLanguage\":\"pt-BR\",\"@id\":\"https:\/\/radiolifefm.com.br\/noticias\/vereador-denuncia-vazamento-possivelmente-da-decomposicao-de-corpos-das-gavetas-de-sepultamento\/#primaryimage\",\"url\":\"https:\/\/radiolifefm.com.br\/noticias\/wp-content\/uploads\/2021\/08\/img6988jpg16297461496123f3e5c3278.jpeg\",\"contentUrl\":\"https:\/\/radiolifefm.com.br\/noticias\/wp-content\/uploads\/2021\/08\/img6988jpg16297461496123f3e5c3278.jpeg\",\"width\":600,\"height\":337,\"caption\":\"Representa\u00e7\u00e3o \u00e9 assinada pelos vereadores Bigode da Capoeira, Rafael Pacheco e Alcio Ikeda.\"},{\"@type\":\"BreadcrumbList\",\"@id\":\"https:\/\/radiolifefm.com.br\/noticias\/vereador-denuncia-vazamento-possivelmente-da-decomposicao-de-corpos-das-gavetas-de-sepultamento\/#breadcrumb\",\"itemListElement\":[{\"@type\":\"ListItem\",\"position\":1,\"name\":\"In\u00edcio\",\"item\":\"https:\/\/radiolifefm.com.br\/noticias\/\"},{\"@type\":\"ListItem\",\"position\":2,\"name\":\"Vereador denuncia vazamento, possivelmente da decomposi\u00e7\u00e3o de corpos, das gavetas de sepultamento\"}]},{\"@type\":\"WebSite\",\"@id\":\"https:\/\/radiolifefm.com.br\/noticias\/#website\",\"url\":\"https:\/\/radiolifefm.com.br\/noticias\/\",\"name\":\"R\u00e1dio Life FM\",\"description\":\"O Portal de Not\u00edcias de Adamantina\",\"publisher\":{\"@id\":\"https:\/\/radiolifefm.com.br\/noticias\/#organization\"},\"alternateName\":\"Life FM\",\"potentialAction\":[{\"@type\":\"SearchAction\",\"target\":{\"@type\":\"EntryPoint\",\"urlTemplate\":\"https:\/\/radiolifefm.com.br\/noticias\/?s={search_term_string}\"},\"query-input\":{\"@type\":\"PropertyValueSpecification\",\"valueRequired\":true,\"valueName\":\"search_term_string\"}}],\"inLanguage\":\"pt-BR\"},{\"@type\":\"Organization\",\"@id\":\"https:\/\/radiolifefm.com.br\/noticias\/#organization\",\"name\":\"R\u00e1dio Life FM\",\"alternateName\":\"Life FM\",\"url\":\"https:\/\/radiolifefm.com.br\/noticias\/\",\"logo\":{\"@type\":\"ImageObject\",\"inLanguage\":\"pt-BR\",\"@id\":\"https:\/\/radiolifefm.com.br\/noticias\/#\/schema\/logo\/image\/\",\"url\":\"https:\/\/static.radiolifefm.com.br\/noticias\/wp-content\/uploads\/2019\/10\/logo-lifefm.png\",\"contentUrl\":\"https:\/\/static.radiolifefm.com.br\/noticias\/wp-content\/uploads\/2019\/10\/logo-lifefm.png\",\"width\":196,\"height\":47,\"caption\":\"R\u00e1dio Life FM\"},\"image\":{\"@id\":\"https:\/\/radiolifefm.com.br\/noticias\/#\/schema\/logo\/image\/\"},\"sameAs\":[\"https:\/\/www.facebook.com\/radiolifefm\/\",\"https:\/\/www.instagram.com\/life1079fm\/\"]},{\"@type\":\"Person\",\"@id\":\"https:\/\/radiolifefm.com.br\/noticias\/#\/schema\/person\/6339b9fac59d12b071dec680d7375d87\",\"name\":\"ritanery\",\"image\":{\"@type\":\"ImageObject\",\"inLanguage\":\"pt-BR\",\"@id\":\"https:\/\/secure.gravatar.com\/avatar\/0e37bb19071f47c0b8a23f62a903df117c5a0e75f65a0c2901562f97cd41cf86?s=96&d=mm&r=g\",\"url\":\"https:\/\/secure.gravatar.com\/avatar\/0e37bb19071f47c0b8a23f62a903df117c5a0e75f65a0c2901562f97cd41cf86?s=96&d=mm&r=g\",\"contentUrl\":\"https:\/\/secure.gravatar.com\/avatar\/0e37bb19071f47c0b8a23f62a903df117c5a0e75f65a0c2901562f97cd41cf86?s=96&d=mm&r=g\",\"caption\":\"ritanery\"}}]}<\/script>\n<!-- \/ Yoast SEO plugin. -->","yoast_head_json":{"title":"Vereador denuncia vazamento, possivelmente da decomposi\u00e7\u00e3o de corpos, das gavetas de sepultamento - R\u00e1dio Life FM","robots":{"index":"index","follow":"follow","max-snippet":"max-snippet:-1","max-image-preview":"max-image-preview:large","max-video-preview":"max-video-preview:-1"},"canonical":"https:\/\/radiolifefm.com.br\/noticias\/vereador-denuncia-vazamento-possivelmente-da-decomposicao-de-corpos-das-gavetas-de-sepultamento\/","og_locale":"pt_BR","og_type":"article","og_title":"Vereador denuncia vazamento, possivelmente da decomposi\u00e7\u00e3o de corpos, das gavetas de sepultamento - R\u00e1dio Life FM","og_description":"Um v\u00eddeo gravado no Cemit\u00e9rio de Adamantina e publicado nas redes sociais pelo vereador Bigode da Capoeira, neste domingo (22) denuncia o vazamento de l\u00edquido, supostamente da decomposi\u00e7\u00e3o de corpos, nos m\u00f3dulos de sepultamento em gavetas horizontais. No local, o vereador mostra o ponto onde h\u00e1 vazamento, e diz que j\u00e1 teria feito o mesmo [&hellip;]","og_url":"https:\/\/radiolifefm.com.br\/noticias\/vereador-denuncia-vazamento-possivelmente-da-decomposicao-de-corpos-das-gavetas-de-sepultamento\/","og_site_name":"R\u00e1dio Life FM","article_publisher":"https:\/\/www.facebook.com\/radiolifefm\/","article_published_time":"2021-08-24T02:18:52+00:00","article_modified_time":"2026-04-10T18:20:28+00:00","og_image":[{"width":600,"height":337,"url":"https:\/\/radiolifefm.com.br\/noticias\/wp-content\/uploads\/2021\/08\/img6988jpg16297461496123f3e5c3278.jpeg","type":"image\/jpeg"}],"author":"ritanery","twitter_card":"summary_large_image","twitter_misc":{"Escrito por":"ritanery","Est. tempo de leitura":"3 minutos"},"schema":{"@context":"https:\/\/schema.org","@graph":[{"@type":"Article","@id":"https:\/\/radiolifefm.com.br\/noticias\/vereador-denuncia-vazamento-possivelmente-da-decomposicao-de-corpos-das-gavetas-de-sepultamento\/#article","isPartOf":{"@id":"https:\/\/radiolifefm.com.br\/noticias\/vereador-denuncia-vazamento-possivelmente-da-decomposicao-de-corpos-das-gavetas-de-sepultamento\/"},"author":{"name":"ritanery","@id":"https:\/\/radiolifefm.com.br\/noticias\/#\/schema\/person\/6339b9fac59d12b071dec680d7375d87"},"headline":"Vereador denuncia vazamento, possivelmente da decomposi\u00e7\u00e3o de corpos, das gavetas de sepultamento","datePublished":"2021-08-24T02:18:52+00:00","dateModified":"2026-04-10T18:20:28+00:00","mainEntityOfPage":{"@id":"https:\/\/radiolifefm.com.br\/noticias\/vereador-denuncia-vazamento-possivelmente-da-decomposicao-de-corpos-das-gavetas-de-sepultamento\/"},"wordCount":405,"publisher":{"@id":"https:\/\/radiolifefm.com.br\/noticias\/#organization"},"image":{"@id":"https:\/\/radiolifefm.com.br\/noticias\/vereador-denuncia-vazamento-possivelmente-da-decomposicao-de-corpos-das-gavetas-de-sepultamento\/#primaryimage"},"thumbnailUrl":"https:\/\/radiolifefm.com.br\/noticias\/wp-content\/uploads\/2021\/08\/img6988jpg16297461496123f3e5c3278.jpeg","articleSection":["Adamantina"],"inLanguage":"pt-BR"},{"@type":"WebPage","@id":"https:\/\/radiolifefm.com.br\/noticias\/vereador-denuncia-vazamento-possivelmente-da-decomposicao-de-corpos-das-gavetas-de-sepultamento\/","url":"https:\/\/radiolifefm.com.br\/noticias\/vereador-denuncia-vazamento-possivelmente-da-decomposicao-de-corpos-das-gavetas-de-sepultamento\/","name":"Vereador denuncia vazamento, possivelmente da decomposi\u00e7\u00e3o de corpos, das gavetas de sepultamento - R\u00e1dio Life FM","isPartOf":{"@id":"https:\/\/radiolifefm.com.br\/noticias\/#website"},"primaryImageOfPage":{"@id":"https:\/\/radiolifefm.com.br\/noticias\/vereador-denuncia-vazamento-possivelmente-da-decomposicao-de-corpos-das-gavetas-de-sepultamento\/#primaryimage"},"image":{"@id":"https:\/\/radiolifefm.com.br\/noticias\/vereador-denuncia-vazamento-possivelmente-da-decomposicao-de-corpos-das-gavetas-de-sepultamento\/#primaryimage"},"thumbnailUrl":"https:\/\/radiolifefm.com.br\/noticias\/wp-content\/uploads\/2021\/08\/img6988jpg16297461496123f3e5c3278.jpeg","datePublished":"2021-08-24T02:18:52+00:00","dateModified":"2026-04-10T18:20:28+00:00","breadcrumb":{"@id":"https:\/\/radiolifefm.com.br\/noticias\/vereador-denuncia-vazamento-possivelmente-da-decomposicao-de-corpos-das-gavetas-de-sepultamento\/#breadcrumb"},"inLanguage":"pt-BR","potentialAction":[{"@type":"ReadAction","target":["https:\/\/radiolifefm.com.br\/noticias\/vereador-denuncia-vazamento-possivelmente-da-decomposicao-de-corpos-das-gavetas-de-sepultamento\/"]}]},{"@type":"ImageObject","inLanguage":"pt-BR","@id":"https:\/\/radiolifefm.com.br\/noticias\/vereador-denuncia-vazamento-possivelmente-da-decomposicao-de-corpos-das-gavetas-de-sepultamento\/#primaryimage","url":"https:\/\/radiolifefm.com.br\/noticias\/wp-content\/uploads\/2021\/08\/img6988jpg16297461496123f3e5c3278.jpeg","contentUrl":"https:\/\/radiolifefm.com.br\/noticias\/wp-content\/uploads\/2021\/08\/img6988jpg16297461496123f3e5c3278.jpeg","width":600,"height":337,"caption":"Representa\u00e7\u00e3o \u00e9 assinada pelos vereadores Bigode da Capoeira, Rafael Pacheco e Alcio Ikeda."},{"@type":"BreadcrumbList","@id":"https:\/\/radiolifefm.com.br\/noticias\/vereador-denuncia-vazamento-possivelmente-da-decomposicao-de-corpos-das-gavetas-de-sepultamento\/#breadcrumb","itemListElement":[{"@type":"ListItem","position":1,"name":"In\u00edcio","item":"https:\/\/radiolifefm.com.br\/noticias\/"},{"@type":"ListItem","position":2,"name":"Vereador denuncia vazamento, possivelmente da decomposi\u00e7\u00e3o de corpos, das gavetas de sepultamento"}]},{"@type":"WebSite","@id":"https:\/\/radiolifefm.com.br\/noticias\/#website","url":"https:\/\/radiolifefm.com.br\/noticias\/","name":"R\u00e1dio Life FM","description":"O Portal de Not\u00edcias de Adamantina","publisher":{"@id":"https:\/\/radiolifefm.com.br\/noticias\/#organization"},"alternateName":"Life FM","potentialAction":[{"@type":"SearchAction","target":{"@type":"EntryPoint","urlTemplate":"https:\/\/radiolifefm.com.br\/noticias\/?s={search_term_string}"},"query-input":{"@type":"PropertyValueSpecification","valueRequired":true,"valueName":"search_term_string"}}],"inLanguage":"pt-BR"},{"@type":"Organization","@id":"https:\/\/radiolifefm.com.br\/noticias\/#organization","name":"R\u00e1dio Life FM","alternateName":"Life FM","url":"https:\/\/radiolifefm.com.br\/noticias\/","logo":{"@type":"ImageObject","inLanguage":"pt-BR","@id":"https:\/\/radiolifefm.com.br\/noticias\/#\/schema\/logo\/image\/","url":"https:\/\/static.radiolifefm.com.br\/noticias\/wp-content\/uploads\/2019\/10\/logo-lifefm.png","contentUrl":"https:\/\/static.radiolifefm.com.br\/noticias\/wp-content\/uploads\/2019\/10\/logo-lifefm.png","width":196,"height":47,"caption":"R\u00e1dio Life FM"},"image":{"@id":"https:\/\/radiolifefm.com.br\/noticias\/#\/schema\/logo\/image\/"},"sameAs":["https:\/\/www.facebook.com\/radiolifefm\/","https:\/\/www.instagram.com\/life1079fm\/"]},{"@type":"Person","@id":"https:\/\/radiolifefm.com.br\/noticias\/#\/schema\/person\/6339b9fac59d12b071dec680d7375d87","name":"ritanery","image":{"@type":"ImageObject","inLanguage":"pt-BR","@id":"https:\/\/secure.gravatar.com\/avatar\/0e37bb19071f47c0b8a23f62a903df117c5a0e75f65a0c2901562f97cd41cf86?s=96&d=mm&r=g","url":"https:\/\/secure.gravatar.com\/avatar\/0e37bb19071f47c0b8a23f62a903df117c5a0e75f65a0c2901562f97cd41cf86?s=96&d=mm&r=g","contentUrl":"https:\/\/secure.gravatar.com\/avatar\/0e37bb19071f47c0b8a23f62a903df117c5a0e75f65a0c2901562f97cd41cf86?s=96&d=mm&r=g","caption":"ritanery"}}]}},"amp_enabled":true,"_links":{"self":[{"href":"https:\/\/radiolifefm.com.br\/noticias\/wp-json\/wp\/v2\/posts\/41995","targetHints":{"allow":["GET"]}}],"collection":[{"href":"https:\/\/radiolifefm.com.br\/noticias\/wp-json\/wp\/v2\/posts"}],"about":[{"href":"https:\/\/radiolifefm.com.br\/noticias\/wp-json\/wp\/v2\/types\/post"}],"author":[{"embeddable":true,"href":"https:\/\/radiolifefm.com.br\/noticias\/wp-json\/wp\/v2\/users\/13"}],"replies":[{"embeddable":true,"href":"https:\/\/radiolifefm.com.br\/noticias\/wp-json\/wp\/v2\/comments?post=41995"}],"version-history":[{"count":6,"href":"https:\/\/radiolifefm.com.br\/noticias\/wp-json\/wp\/v2\/posts\/41995\/revisions"}],"predecessor-version":[{"id":42002,"href":"https:\/\/radiolifefm.com.br\/noticias\/wp-json\/wp\/v2\/posts\/41995\/revisions\/42002"}],"wp:featuredmedia":[{"embeddable":true,"href":"https:\/\/radiolifefm.com.br\/noticias\/wp-json\/wp\/v2\/media\/41996"}],"wp:attachment":[{"href":"https:\/\/radiolifefm.com.br\/noticias\/wp-json\/wp\/v2\/media?parent=41995"}],"wp:term":[{"taxonomy":"category","embeddable":true,"href":"https:\/\/radiolifefm.com.br\/noticias\/wp-json\/wp\/v2\/categories?post=41995"},{"taxonomy":"post_tag","embeddable":true,"href":"https:\/\/radiolifefm.com.br\/noticias\/wp-json\/wp\/v2\/tags?post=41995"}],"curies":[{"name":"wp","href":"https:\/\/api.w.org\/{rel}","templated":true}]}}