{"id":41981,"date":"2021-08-23T14:22:32","date_gmt":"2021-08-23T17:22:32","guid":{"rendered":"https:\/\/radiolifefm.com.br\/noticias\/?p=41981"},"modified":"2026-04-09T07:42:56","modified_gmt":"2026-04-09T10:42:56","slug":"prefeitura-de-adamantina-realiza-acao-em-comemoracao-ao-dia-da-primeira-infancia","status":"publish","type":"post","link":"https:\/\/radiolifefm.com.br\/noticias\/prefeitura-de-adamantina-realiza-acao-em-comemoracao-ao-dia-da-primeira-infancia\/","title":{"rendered":"Prefeitura de Adamantina realiza a\u00e7\u00e3o em comemora\u00e7\u00e3o ao dia da primeira inf\u00e2ncia"},"content":{"rendered":"<div id=\"fb-root\"><\/div>\n<p>Com o objetivo de celebrar o dia em que \u00e9 comemorada a primeira inf\u00e2ncia e encerrar as atividades alusivas ao m\u00eas, a Prefeitura de Adamantina, por meio do Programa Crian\u00e7a Feliz realizar\u00e1 amanh\u00e3 (24) durante todo o dia a atividade \u201cBrincando na Biblioteca: o futuro se constr\u00f3i desde a inf\u00e2ncia\u201d.<\/p>\n<p>&nbsp;<\/p>\n<p>A a\u00e7\u00e3o levar\u00e1 as crian\u00e7as atendidas pelo projeto a Biblioteca Municipal e no espa\u00e7o, elas participar\u00e3o de brincadeiras l\u00fadicas, comer\u00e3o pipoca e poder\u00e3o escolher livros. As crian\u00e7as que passarem pelo local tamb\u00e9m est\u00e3o convidadas a brincar.<\/p>\n<p>&nbsp;<\/p>\n<p>Al\u00e9m do \u201cBrincando na Biblioteca: o futuro se constr\u00f3i desde a inf\u00e2ncia\u201d, os integrantes do Programa Crian\u00e7a Feliz desenvolveram durante o m\u00eas de agosto diversas iniciativas.<\/p>\n<p>Entre elas, foi realizado um\u00a0encontro objetivando a articula\u00e7\u00e3o, integra\u00e7\u00e3o e fortalecimento dos atendimentos \u00e0 Primeira Inf\u00e2ncia. Participaram os visitadores que integram o programa e os educadores sociais que s\u00e3o os profissionais que atuam nas EMEIs.<\/p>\n<p>&nbsp;<\/p>\n<p>Foi promovida tamb\u00e9m uma reuni\u00e3o do comit\u00ea gestor para tratar sobre a intersetorialidade entre as Pol\u00edticas P\u00fablicas para o avan\u00e7o aos cuidados \u00e0 Primeira Inf\u00e2ncia.<\/p>\n<p>&nbsp;<\/p>\n<p><strong>O que \u00e9 o Programa Crian\u00e7a Feliz?<\/strong><\/p>\n<p>O Programa Crian\u00e7a Feliz \u00e9 uma a\u00e7\u00e3o do Governo Federal que foi institu\u00eddo pelo Decreto n\u00ba 8.869\/2016, com finalidade de promover o desenvolvimento integral das crian\u00e7as na primeira inf\u00e2ncia, considerando sua fam\u00edlia e seu contexto de vida.<\/p>\n<p>&nbsp;<\/p>\n<p><strong>Quem pode fazer parte do Programa Crian\u00e7a Feliz?<\/strong><\/p>\n<p>Podem participar gestantes de qualquer idade que estejam inscritas no Cad \u00danico; crian\u00e7as que tenham at\u00e9 tr\u00eas anos e estejam cadastradas no Cad \u00danico e, ainda, crian\u00e7as at\u00e9 6 anos de idade que recebam o Benef\u00edcio de Presta\u00e7\u00e3o Continuada (BPC)ou que estejam afastadas do conv\u00edvio familiar.<\/p>\n<p>&nbsp;<\/p>\n<p>Atualmente, s\u00e3o atendidas pelo Programa: quatro gestantes, 35 crian\u00e7as de 0 a 1 ano, 51 de um a dois anos, 49 de dois a tr\u00eas anos, uma acima de tr\u00eas anos, totalizando 140 indiv\u00edduos atendidos e suas fam\u00edlias. Mais informa\u00e7\u00f5es sobre o projeto podem ser obtidas na Secretaria de Assist\u00eancia Social pelo telefone (18) 3521-1900.<\/p>\n<p>Fonte: Assessoria de Imprensa<\/p>\n","protected":false},"excerpt":{"rendered":"<p>Com o objetivo de celebrar o dia em que \u00e9 comemorada a primeira inf\u00e2ncia e encerrar as atividades alusivas ao m\u00eas, a Prefeitura de Adamantina, por meio do Programa Crian\u00e7a Feliz realizar\u00e1 amanh\u00e3 (24) durante todo o dia a atividade \u201cBrincando na Biblioteca: o futuro se constr\u00f3i desde a inf\u00e2ncia\u201d. &nbsp; A a\u00e7\u00e3o levar\u00e1 as [&hellip;]<\/p>\n","protected":false},"author":13,"featured_media":41982,"comment_status":"closed","ping_status":"open","sticky":false,"template":"","format":"standard","meta":{"_acf_changed":false,"_exactmetrics_skip_tracking":false,"_exactmetrics_sitenote_active":false,"_exactmetrics_sitenote_note":"","_exactmetrics_sitenote_category":0,"footnotes":""},"categories":[21],"tags":[],"class_list":["post-41981","post","type-post","status-publish","format-standard","has-post-thumbnail","hentry","category-adamantina"],"acf":[],"yoast_head":"<!-- This site is optimized with the Yoast SEO plugin v27.2 - https:\/\/yoast.com\/product\/yoast-seo-wordpress\/ -->\n<title>Prefeitura de Adamantina realiza a\u00e7\u00e3o em comemora\u00e7\u00e3o ao dia da primeira inf\u00e2ncia - R\u00e1dio Life FM<\/title>\n<meta name=\"robots\" content=\"index, follow, max-snippet:-1, max-image-preview:large, max-video-preview:-1\" \/>\n<link rel=\"canonical\" href=\"https:\/\/radiolifefm.com.br\/noticias\/prefeitura-de-adamantina-realiza-acao-em-comemoracao-ao-dia-da-primeira-infancia\/\" \/>\n<meta property=\"og:locale\" content=\"pt_BR\" \/>\n<meta property=\"og:type\" content=\"article\" \/>\n<meta property=\"og:title\" content=\"Prefeitura de Adamantina realiza a\u00e7\u00e3o em comemora\u00e7\u00e3o ao dia da primeira inf\u00e2ncia - R\u00e1dio Life FM\" \/>\n<meta property=\"og:description\" content=\"Com o objetivo de celebrar o dia em que \u00e9 comemorada a primeira inf\u00e2ncia e encerrar as atividades alusivas ao m\u00eas, a Prefeitura de Adamantina, por meio do Programa Crian\u00e7a Feliz realizar\u00e1 amanh\u00e3 (24) durante todo o dia a atividade \u201cBrincando na Biblioteca: o futuro se constr\u00f3i desde a inf\u00e2ncia\u201d. &nbsp; A a\u00e7\u00e3o levar\u00e1 as [&hellip;]\" \/>\n<meta property=\"og:url\" content=\"https:\/\/radiolifefm.com.br\/noticias\/prefeitura-de-adamantina-realiza-acao-em-comemoracao-ao-dia-da-primeira-infancia\/\" \/>\n<meta property=\"og:site_name\" content=\"R\u00e1dio Life FM\" \/>\n<meta property=\"article:publisher\" content=\"https:\/\/www.facebook.com\/radiolifefm\/\" \/>\n<meta property=\"article:published_time\" content=\"2021-08-23T17:22:32+00:00\" \/>\n<meta property=\"article:modified_time\" content=\"2026-04-09T10:42:56+00:00\" \/>\n<meta property=\"og:image\" content=\"https:\/\/radiolifefm.com.br\/noticias\/wp-content\/uploads\/2021\/08\/unnamed-3.jpg\" \/>\n\t<meta property=\"og:image:width\" content=\"512\" \/>\n\t<meta property=\"og:image:height\" content=\"256\" \/>\n\t<meta property=\"og:image:type\" content=\"image\/jpeg\" \/>\n<meta name=\"author\" content=\"ritanery\" \/>\n<meta name=\"twitter:card\" content=\"summary_large_image\" \/>\n<meta name=\"twitter:label1\" content=\"Escrito por\" \/>\n\t<meta name=\"twitter:data1\" content=\"ritanery\" \/>\n\t<meta name=\"twitter:label2\" content=\"Est. tempo de leitura\" \/>\n\t<meta name=\"twitter:data2\" content=\"2 minutos\" \/>\n<script type=\"application\/ld+json\" class=\"yoast-schema-graph\">{\"@context\":\"https:\/\/schema.org\",\"@graph\":[{\"@type\":\"Article\",\"@id\":\"https:\/\/radiolifefm.com.br\/noticias\/prefeitura-de-adamantina-realiza-acao-em-comemoracao-ao-dia-da-primeira-infancia\/#article\",\"isPartOf\":{\"@id\":\"https:\/\/radiolifefm.com.br\/noticias\/prefeitura-de-adamantina-realiza-acao-em-comemoracao-ao-dia-da-primeira-infancia\/\"},\"author\":{\"name\":\"ritanery\",\"@id\":\"https:\/\/radiolifefm.com.br\/noticias\/#\/schema\/person\/6339b9fac59d12b071dec680d7375d87\"},\"headline\":\"Prefeitura de Adamantina realiza a\u00e7\u00e3o em comemora\u00e7\u00e3o ao dia da primeira inf\u00e2ncia\",\"datePublished\":\"2021-08-23T17:22:32+00:00\",\"dateModified\":\"2026-04-09T10:42:56+00:00\",\"mainEntityOfPage\":{\"@id\":\"https:\/\/radiolifefm.com.br\/noticias\/prefeitura-de-adamantina-realiza-acao-em-comemoracao-ao-dia-da-primeira-infancia\/\"},\"wordCount\":389,\"publisher\":{\"@id\":\"https:\/\/radiolifefm.com.br\/noticias\/#organization\"},\"image\":{\"@id\":\"https:\/\/radiolifefm.com.br\/noticias\/prefeitura-de-adamantina-realiza-acao-em-comemoracao-ao-dia-da-primeira-infancia\/#primaryimage\"},\"thumbnailUrl\":\"https:\/\/radiolifefm.com.br\/noticias\/wp-content\/uploads\/2021\/08\/unnamed-3.jpg\",\"articleSection\":[\"Adamantina\"],\"inLanguage\":\"pt-BR\"},{\"@type\":\"WebPage\",\"@id\":\"https:\/\/radiolifefm.com.br\/noticias\/prefeitura-de-adamantina-realiza-acao-em-comemoracao-ao-dia-da-primeira-infancia\/\",\"url\":\"https:\/\/radiolifefm.com.br\/noticias\/prefeitura-de-adamantina-realiza-acao-em-comemoracao-ao-dia-da-primeira-infancia\/\",\"name\":\"Prefeitura de Adamantina realiza a\u00e7\u00e3o em comemora\u00e7\u00e3o ao dia da primeira inf\u00e2ncia - R\u00e1dio Life FM\",\"isPartOf\":{\"@id\":\"https:\/\/radiolifefm.com.br\/noticias\/#website\"},\"primaryImageOfPage\":{\"@id\":\"https:\/\/radiolifefm.com.br\/noticias\/prefeitura-de-adamantina-realiza-acao-em-comemoracao-ao-dia-da-primeira-infancia\/#primaryimage\"},\"image\":{\"@id\":\"https:\/\/radiolifefm.com.br\/noticias\/prefeitura-de-adamantina-realiza-acao-em-comemoracao-ao-dia-da-primeira-infancia\/#primaryimage\"},\"thumbnailUrl\":\"https:\/\/radiolifefm.com.br\/noticias\/wp-content\/uploads\/2021\/08\/unnamed-3.jpg\",\"datePublished\":\"2021-08-23T17:22:32+00:00\",\"dateModified\":\"2026-04-09T10:42:56+00:00\",\"breadcrumb\":{\"@id\":\"https:\/\/radiolifefm.com.br\/noticias\/prefeitura-de-adamantina-realiza-acao-em-comemoracao-ao-dia-da-primeira-infancia\/#breadcrumb\"},\"inLanguage\":\"pt-BR\",\"potentialAction\":[{\"@type\":\"ReadAction\",\"target\":[\"https:\/\/radiolifefm.com.br\/noticias\/prefeitura-de-adamantina-realiza-acao-em-comemoracao-ao-dia-da-primeira-infancia\/\"]}]},{\"@type\":\"ImageObject\",\"inLanguage\":\"pt-BR\",\"@id\":\"https:\/\/radiolifefm.com.br\/noticias\/prefeitura-de-adamantina-realiza-acao-em-comemoracao-ao-dia-da-primeira-infancia\/#primaryimage\",\"url\":\"https:\/\/radiolifefm.com.br\/noticias\/wp-content\/uploads\/2021\/08\/unnamed-3.jpg\",\"contentUrl\":\"https:\/\/radiolifefm.com.br\/noticias\/wp-content\/uploads\/2021\/08\/unnamed-3.jpg\",\"width\":512,\"height\":256},{\"@type\":\"BreadcrumbList\",\"@id\":\"https:\/\/radiolifefm.com.br\/noticias\/prefeitura-de-adamantina-realiza-acao-em-comemoracao-ao-dia-da-primeira-infancia\/#breadcrumb\",\"itemListElement\":[{\"@type\":\"ListItem\",\"position\":1,\"name\":\"In\u00edcio\",\"item\":\"https:\/\/radiolifefm.com.br\/noticias\/\"},{\"@type\":\"ListItem\",\"position\":2,\"name\":\"Prefeitura de Adamantina realiza a\u00e7\u00e3o em comemora\u00e7\u00e3o ao dia da primeira inf\u00e2ncia\"}]},{\"@type\":\"WebSite\",\"@id\":\"https:\/\/radiolifefm.com.br\/noticias\/#website\",\"url\":\"https:\/\/radiolifefm.com.br\/noticias\/\",\"name\":\"R\u00e1dio Life FM\",\"description\":\"O Portal de Not\u00edcias de Adamantina\",\"publisher\":{\"@id\":\"https:\/\/radiolifefm.com.br\/noticias\/#organization\"},\"alternateName\":\"Life FM\",\"potentialAction\":[{\"@type\":\"SearchAction\",\"target\":{\"@type\":\"EntryPoint\",\"urlTemplate\":\"https:\/\/radiolifefm.com.br\/noticias\/?s={search_term_string}\"},\"query-input\":{\"@type\":\"PropertyValueSpecification\",\"valueRequired\":true,\"valueName\":\"search_term_string\"}}],\"inLanguage\":\"pt-BR\"},{\"@type\":\"Organization\",\"@id\":\"https:\/\/radiolifefm.com.br\/noticias\/#organization\",\"name\":\"R\u00e1dio Life FM\",\"alternateName\":\"Life FM\",\"url\":\"https:\/\/radiolifefm.com.br\/noticias\/\",\"logo\":{\"@type\":\"ImageObject\",\"inLanguage\":\"pt-BR\",\"@id\":\"https:\/\/radiolifefm.com.br\/noticias\/#\/schema\/logo\/image\/\",\"url\":\"https:\/\/static.radiolifefm.com.br\/noticias\/wp-content\/uploads\/2019\/10\/logo-lifefm.png\",\"contentUrl\":\"https:\/\/static.radiolifefm.com.br\/noticias\/wp-content\/uploads\/2019\/10\/logo-lifefm.png\",\"width\":196,\"height\":47,\"caption\":\"R\u00e1dio Life FM\"},\"image\":{\"@id\":\"https:\/\/radiolifefm.com.br\/noticias\/#\/schema\/logo\/image\/\"},\"sameAs\":[\"https:\/\/www.facebook.com\/radiolifefm\/\",\"https:\/\/www.instagram.com\/life1079fm\/\"]},{\"@type\":\"Person\",\"@id\":\"https:\/\/radiolifefm.com.br\/noticias\/#\/schema\/person\/6339b9fac59d12b071dec680d7375d87\",\"name\":\"ritanery\",\"image\":{\"@type\":\"ImageObject\",\"inLanguage\":\"pt-BR\",\"@id\":\"https:\/\/secure.gravatar.com\/avatar\/0e37bb19071f47c0b8a23f62a903df117c5a0e75f65a0c2901562f97cd41cf86?s=96&d=mm&r=g\",\"url\":\"https:\/\/secure.gravatar.com\/avatar\/0e37bb19071f47c0b8a23f62a903df117c5a0e75f65a0c2901562f97cd41cf86?s=96&d=mm&r=g\",\"contentUrl\":\"https:\/\/secure.gravatar.com\/avatar\/0e37bb19071f47c0b8a23f62a903df117c5a0e75f65a0c2901562f97cd41cf86?s=96&d=mm&r=g\",\"caption\":\"ritanery\"}}]}<\/script>\n<!-- \/ Yoast SEO plugin. -->","yoast_head_json":{"title":"Prefeitura de Adamantina realiza a\u00e7\u00e3o em comemora\u00e7\u00e3o ao dia da primeira inf\u00e2ncia - R\u00e1dio Life FM","robots":{"index":"index","follow":"follow","max-snippet":"max-snippet:-1","max-image-preview":"max-image-preview:large","max-video-preview":"max-video-preview:-1"},"canonical":"https:\/\/radiolifefm.com.br\/noticias\/prefeitura-de-adamantina-realiza-acao-em-comemoracao-ao-dia-da-primeira-infancia\/","og_locale":"pt_BR","og_type":"article","og_title":"Prefeitura de Adamantina realiza a\u00e7\u00e3o em comemora\u00e7\u00e3o ao dia da primeira inf\u00e2ncia - R\u00e1dio Life FM","og_description":"Com o objetivo de celebrar o dia em que \u00e9 comemorada a primeira inf\u00e2ncia e encerrar as atividades alusivas ao m\u00eas, a Prefeitura de Adamantina, por meio do Programa Crian\u00e7a Feliz realizar\u00e1 amanh\u00e3 (24) durante todo o dia a atividade \u201cBrincando na Biblioteca: o futuro se constr\u00f3i desde a inf\u00e2ncia\u201d. &nbsp; A a\u00e7\u00e3o levar\u00e1 as [&hellip;]","og_url":"https:\/\/radiolifefm.com.br\/noticias\/prefeitura-de-adamantina-realiza-acao-em-comemoracao-ao-dia-da-primeira-infancia\/","og_site_name":"R\u00e1dio Life FM","article_publisher":"https:\/\/www.facebook.com\/radiolifefm\/","article_published_time":"2021-08-23T17:22:32+00:00","article_modified_time":"2026-04-09T10:42:56+00:00","og_image":[{"width":512,"height":256,"url":"https:\/\/radiolifefm.com.br\/noticias\/wp-content\/uploads\/2021\/08\/unnamed-3.jpg","type":"image\/jpeg"}],"author":"ritanery","twitter_card":"summary_large_image","twitter_misc":{"Escrito por":"ritanery","Est. tempo de leitura":"2 minutos"},"schema":{"@context":"https:\/\/schema.org","@graph":[{"@type":"Article","@id":"https:\/\/radiolifefm.com.br\/noticias\/prefeitura-de-adamantina-realiza-acao-em-comemoracao-ao-dia-da-primeira-infancia\/#article","isPartOf":{"@id":"https:\/\/radiolifefm.com.br\/noticias\/prefeitura-de-adamantina-realiza-acao-em-comemoracao-ao-dia-da-primeira-infancia\/"},"author":{"name":"ritanery","@id":"https:\/\/radiolifefm.com.br\/noticias\/#\/schema\/person\/6339b9fac59d12b071dec680d7375d87"},"headline":"Prefeitura de Adamantina realiza a\u00e7\u00e3o em comemora\u00e7\u00e3o ao dia da primeira inf\u00e2ncia","datePublished":"2021-08-23T17:22:32+00:00","dateModified":"2026-04-09T10:42:56+00:00","mainEntityOfPage":{"@id":"https:\/\/radiolifefm.com.br\/noticias\/prefeitura-de-adamantina-realiza-acao-em-comemoracao-ao-dia-da-primeira-infancia\/"},"wordCount":389,"publisher":{"@id":"https:\/\/radiolifefm.com.br\/noticias\/#organization"},"image":{"@id":"https:\/\/radiolifefm.com.br\/noticias\/prefeitura-de-adamantina-realiza-acao-em-comemoracao-ao-dia-da-primeira-infancia\/#primaryimage"},"thumbnailUrl":"https:\/\/radiolifefm.com.br\/noticias\/wp-content\/uploads\/2021\/08\/unnamed-3.jpg","articleSection":["Adamantina"],"inLanguage":"pt-BR"},{"@type":"WebPage","@id":"https:\/\/radiolifefm.com.br\/noticias\/prefeitura-de-adamantina-realiza-acao-em-comemoracao-ao-dia-da-primeira-infancia\/","url":"https:\/\/radiolifefm.com.br\/noticias\/prefeitura-de-adamantina-realiza-acao-em-comemoracao-ao-dia-da-primeira-infancia\/","name":"Prefeitura de Adamantina realiza a\u00e7\u00e3o em comemora\u00e7\u00e3o ao dia da primeira inf\u00e2ncia - R\u00e1dio Life FM","isPartOf":{"@id":"https:\/\/radiolifefm.com.br\/noticias\/#website"},"primaryImageOfPage":{"@id":"https:\/\/radiolifefm.com.br\/noticias\/prefeitura-de-adamantina-realiza-acao-em-comemoracao-ao-dia-da-primeira-infancia\/#primaryimage"},"image":{"@id":"https:\/\/radiolifefm.com.br\/noticias\/prefeitura-de-adamantina-realiza-acao-em-comemoracao-ao-dia-da-primeira-infancia\/#primaryimage"},"thumbnailUrl":"https:\/\/radiolifefm.com.br\/noticias\/wp-content\/uploads\/2021\/08\/unnamed-3.jpg","datePublished":"2021-08-23T17:22:32+00:00","dateModified":"2026-04-09T10:42:56+00:00","breadcrumb":{"@id":"https:\/\/radiolifefm.com.br\/noticias\/prefeitura-de-adamantina-realiza-acao-em-comemoracao-ao-dia-da-primeira-infancia\/#breadcrumb"},"inLanguage":"pt-BR","potentialAction":[{"@type":"ReadAction","target":["https:\/\/radiolifefm.com.br\/noticias\/prefeitura-de-adamantina-realiza-acao-em-comemoracao-ao-dia-da-primeira-infancia\/"]}]},{"@type":"ImageObject","inLanguage":"pt-BR","@id":"https:\/\/radiolifefm.com.br\/noticias\/prefeitura-de-adamantina-realiza-acao-em-comemoracao-ao-dia-da-primeira-infancia\/#primaryimage","url":"https:\/\/radiolifefm.com.br\/noticias\/wp-content\/uploads\/2021\/08\/unnamed-3.jpg","contentUrl":"https:\/\/radiolifefm.com.br\/noticias\/wp-content\/uploads\/2021\/08\/unnamed-3.jpg","width":512,"height":256},{"@type":"BreadcrumbList","@id":"https:\/\/radiolifefm.com.br\/noticias\/prefeitura-de-adamantina-realiza-acao-em-comemoracao-ao-dia-da-primeira-infancia\/#breadcrumb","itemListElement":[{"@type":"ListItem","position":1,"name":"In\u00edcio","item":"https:\/\/radiolifefm.com.br\/noticias\/"},{"@type":"ListItem","position":2,"name":"Prefeitura de Adamantina realiza a\u00e7\u00e3o em comemora\u00e7\u00e3o ao dia da primeira inf\u00e2ncia"}]},{"@type":"WebSite","@id":"https:\/\/radiolifefm.com.br\/noticias\/#website","url":"https:\/\/radiolifefm.com.br\/noticias\/","name":"R\u00e1dio Life FM","description":"O Portal de Not\u00edcias de Adamantina","publisher":{"@id":"https:\/\/radiolifefm.com.br\/noticias\/#organization"},"alternateName":"Life FM","potentialAction":[{"@type":"SearchAction","target":{"@type":"EntryPoint","urlTemplate":"https:\/\/radiolifefm.com.br\/noticias\/?s={search_term_string}"},"query-input":{"@type":"PropertyValueSpecification","valueRequired":true,"valueName":"search_term_string"}}],"inLanguage":"pt-BR"},{"@type":"Organization","@id":"https:\/\/radiolifefm.com.br\/noticias\/#organization","name":"R\u00e1dio Life FM","alternateName":"Life FM","url":"https:\/\/radiolifefm.com.br\/noticias\/","logo":{"@type":"ImageObject","inLanguage":"pt-BR","@id":"https:\/\/radiolifefm.com.br\/noticias\/#\/schema\/logo\/image\/","url":"https:\/\/static.radiolifefm.com.br\/noticias\/wp-content\/uploads\/2019\/10\/logo-lifefm.png","contentUrl":"https:\/\/static.radiolifefm.com.br\/noticias\/wp-content\/uploads\/2019\/10\/logo-lifefm.png","width":196,"height":47,"caption":"R\u00e1dio Life FM"},"image":{"@id":"https:\/\/radiolifefm.com.br\/noticias\/#\/schema\/logo\/image\/"},"sameAs":["https:\/\/www.facebook.com\/radiolifefm\/","https:\/\/www.instagram.com\/life1079fm\/"]},{"@type":"Person","@id":"https:\/\/radiolifefm.com.br\/noticias\/#\/schema\/person\/6339b9fac59d12b071dec680d7375d87","name":"ritanery","image":{"@type":"ImageObject","inLanguage":"pt-BR","@id":"https:\/\/secure.gravatar.com\/avatar\/0e37bb19071f47c0b8a23f62a903df117c5a0e75f65a0c2901562f97cd41cf86?s=96&d=mm&r=g","url":"https:\/\/secure.gravatar.com\/avatar\/0e37bb19071f47c0b8a23f62a903df117c5a0e75f65a0c2901562f97cd41cf86?s=96&d=mm&r=g","contentUrl":"https:\/\/secure.gravatar.com\/avatar\/0e37bb19071f47c0b8a23f62a903df117c5a0e75f65a0c2901562f97cd41cf86?s=96&d=mm&r=g","caption":"ritanery"}}]}},"amp_enabled":true,"_links":{"self":[{"href":"https:\/\/radiolifefm.com.br\/noticias\/wp-json\/wp\/v2\/posts\/41981","targetHints":{"allow":["GET"]}}],"collection":[{"href":"https:\/\/radiolifefm.com.br\/noticias\/wp-json\/wp\/v2\/posts"}],"about":[{"href":"https:\/\/radiolifefm.com.br\/noticias\/wp-json\/wp\/v2\/types\/post"}],"author":[{"embeddable":true,"href":"https:\/\/radiolifefm.com.br\/noticias\/wp-json\/wp\/v2\/users\/13"}],"replies":[{"embeddable":true,"href":"https:\/\/radiolifefm.com.br\/noticias\/wp-json\/wp\/v2\/comments?post=41981"}],"version-history":[{"count":1,"href":"https:\/\/radiolifefm.com.br\/noticias\/wp-json\/wp\/v2\/posts\/41981\/revisions"}],"predecessor-version":[{"id":41983,"href":"https:\/\/radiolifefm.com.br\/noticias\/wp-json\/wp\/v2\/posts\/41981\/revisions\/41983"}],"wp:featuredmedia":[{"embeddable":true,"href":"https:\/\/radiolifefm.com.br\/noticias\/wp-json\/wp\/v2\/media\/41982"}],"wp:attachment":[{"href":"https:\/\/radiolifefm.com.br\/noticias\/wp-json\/wp\/v2\/media?parent=41981"}],"wp:term":[{"taxonomy":"category","embeddable":true,"href":"https:\/\/radiolifefm.com.br\/noticias\/wp-json\/wp\/v2\/categories?post=41981"},{"taxonomy":"post_tag","embeddable":true,"href":"https:\/\/radiolifefm.com.br\/noticias\/wp-json\/wp\/v2\/tags?post=41981"}],"curies":[{"name":"wp","href":"https:\/\/api.w.org\/{rel}","templated":true}]}}