{"id":41970,"date":"2021-08-23T10:38:14","date_gmt":"2021-08-23T13:38:14","guid":{"rendered":"https:\/\/radiolifefm.com.br\/noticias\/?p=41970"},"modified":"2026-04-21T10:09:17","modified_gmt":"2026-04-21T13:09:17","slug":"projeto-de-ampliacao-do-cemiterio-esta-pronto-mas-decisao-sera-tomada-em-2022","status":"publish","type":"post","link":"https:\/\/radiolifefm.com.br\/noticias\/projeto-de-ampliacao-do-cemiterio-esta-pronto-mas-decisao-sera-tomada-em-2022\/","title":{"rendered":"Projeto de amplia\u00e7\u00e3o do cemit\u00e9rio est\u00e1 pronto, mas decis\u00e3o ser\u00e1 tomada em 2022"},"content":{"rendered":"<div id=\"fb-root\"><\/div>\n<p>Um dos assuntos mais questionados pelos espectadores da TV Folha Regional, durante a entrevista concedida pelo prefeito M\u00e1rcio Cardim (DEM), foi com rela\u00e7\u00e3o \u00e0s provid\u00eancias da Prefeitura de Adamantina para a viabiliza\u00e7\u00e3o de espa\u00e7o que possibilite a abertura de novas sepulturas no Cemit\u00e9rio Municipal.<\/p>\n<p>&nbsp;<\/p>\n<p>A pergunta foi feita pela reportagem e o chefe do executivo afirmou que a amplia\u00e7\u00e3o prevista \u00e9 para a \u00e1rea que fica defronte do Cemit\u00e9rio, ao lado do Vel\u00f3rio Municipal. Inclusive, ele revelou que a Secretaria de Planejamento j\u00e1 fez o croqui naquele espa\u00e7o.<\/p>\n<p>&nbsp;<\/p>\n<p>\u201cComo hoje existem muitas sepulturas individuais no Cemit\u00e9rio, a proposta \u00e9 ent\u00e3o padronizar o novo espa\u00e7o com o modelo de sepulturas familiares verticais no solo, ou seja, construir t\u00famulos subterr\u00e2neos \u2013 dois para baixo e um para cima ou um para baixo e dois para cima \u2013, de alvenaria mesmo, para ficar algo bem parecido com a forma tradicional que temos, por\u00e9m, aproveitando melhor o espa\u00e7o\u201d, explicou Cardim.<\/p>\n<p>&nbsp;<\/p>\n<p>De acordo com o projeto comentado pelo prefeito, neste formato caberiam 5.000 t\u00famulos naquela \u00e1rea, o que resultaria em um prazo de ocupa\u00e7\u00e3o para o Cemit\u00e9rio Municipal entre 20 e 40 anos a mais.<\/p>\n<p>&nbsp;<\/p>\n<p>\u201cEstamos trabalhando neste assunto. Falta bater o martelo definitivamente, porque \u00e9 uma quest\u00e3o bem complexa. O Departamento de Planejamento j\u00e1 tem o projeto pronto e estamos conversando com profissionais ligados ao setor para encontrar a melhor forma de colocar em pr\u00e1tica. E no meu cronograma, a gente precisa a partir de 2022 j\u00e1 estar decidido o que vamos fazer\u201d, declarou Cardim.<\/p>\n<p>&nbsp;<\/p>\n<p>A reportagem comentou tamb\u00e9m sobre a contrariedade gerada por familiares quanto ao sistema vertical (gavetas) implantado cerca de dois anos atr\u00e1s. E o prefeito concordou que o modelo causa constrangimento nas pessoas. \u201cPara n\u00f3s (Administra\u00e7\u00e3o) tamb\u00e9m era uma coisa nova, mas t\u00ednhamos que dar uma solu\u00e7\u00e3o imediata porque n\u00e3o tinha mais espa\u00e7o para abertura de t\u00famulos no ch\u00e3o. Mas esperamos conseguir solucionar de vez essa quest\u00e3o com a amplia\u00e7\u00e3o do Cemit\u00e9rio convencional\u201d.<\/p>\n<p>&nbsp;<\/p>\n<p>&nbsp;<\/p>\n<p>Fonte: Adamantina Net<\/p>\n","protected":false},"excerpt":{"rendered":"<p>Um dos assuntos mais questionados pelos espectadores da TV Folha Regional, durante a entrevista concedida pelo prefeito M\u00e1rcio Cardim (DEM), foi com rela\u00e7\u00e3o \u00e0s provid\u00eancias da Prefeitura de Adamantina para a viabiliza\u00e7\u00e3o de espa\u00e7o que possibilite a abertura de novas sepulturas no Cemit\u00e9rio Municipal. &nbsp; A pergunta foi feita pela reportagem e o chefe do [&hellip;]<\/p>\n","protected":false},"author":13,"featured_media":17228,"comment_status":"closed","ping_status":"open","sticky":false,"template":"","format":"standard","meta":{"_acf_changed":false,"_exactmetrics_skip_tracking":false,"_exactmetrics_sitenote_active":false,"_exactmetrics_sitenote_note":"","_exactmetrics_sitenote_category":0,"footnotes":""},"categories":[21],"tags":[],"class_list":["post-41970","post","type-post","status-publish","format-standard","has-post-thumbnail","hentry","category-adamantina"],"acf":[],"yoast_head":"<!-- This site is optimized with the Yoast SEO plugin v27.2 - https:\/\/yoast.com\/product\/yoast-seo-wordpress\/ -->\n<title>Projeto de amplia\u00e7\u00e3o do cemit\u00e9rio est\u00e1 pronto, mas decis\u00e3o ser\u00e1 tomada em 2022 - R\u00e1dio Life FM<\/title>\n<meta name=\"robots\" content=\"index, follow, max-snippet:-1, max-image-preview:large, max-video-preview:-1\" \/>\n<link rel=\"canonical\" href=\"https:\/\/radiolifefm.com.br\/noticias\/projeto-de-ampliacao-do-cemiterio-esta-pronto-mas-decisao-sera-tomada-em-2022\/\" \/>\n<meta property=\"og:locale\" content=\"pt_BR\" \/>\n<meta property=\"og:type\" content=\"article\" \/>\n<meta property=\"og:title\" content=\"Projeto de amplia\u00e7\u00e3o do cemit\u00e9rio est\u00e1 pronto, mas decis\u00e3o ser\u00e1 tomada em 2022 - R\u00e1dio Life FM\" \/>\n<meta property=\"og:description\" content=\"Um dos assuntos mais questionados pelos espectadores da TV Folha Regional, durante a entrevista concedida pelo prefeito M\u00e1rcio Cardim (DEM), foi com rela\u00e7\u00e3o \u00e0s provid\u00eancias da Prefeitura de Adamantina para a viabiliza\u00e7\u00e3o de espa\u00e7o que possibilite a abertura de novas sepulturas no Cemit\u00e9rio Municipal. &nbsp; A pergunta foi feita pela reportagem e o chefe do [&hellip;]\" \/>\n<meta property=\"og:url\" content=\"https:\/\/radiolifefm.com.br\/noticias\/projeto-de-ampliacao-do-cemiterio-esta-pronto-mas-decisao-sera-tomada-em-2022\/\" \/>\n<meta property=\"og:site_name\" content=\"R\u00e1dio Life FM\" \/>\n<meta property=\"article:publisher\" content=\"https:\/\/www.facebook.com\/radiolifefm\/\" \/>\n<meta property=\"article:published_time\" content=\"2021-08-23T13:38:14+00:00\" \/>\n<meta property=\"article:modified_time\" content=\"2026-04-21T13:09:17+00:00\" \/>\n<meta property=\"og:image\" content=\"https:\/\/radiolifefm.com.br\/noticias\/wp-content\/uploads\/2019\/10\/Cemit\u00e9rio-Adamantina.jpg\" \/>\n\t<meta property=\"og:image:width\" content=\"770\" \/>\n\t<meta property=\"og:image:height\" content=\"440\" \/>\n\t<meta property=\"og:image:type\" content=\"image\/jpeg\" \/>\n<meta name=\"author\" content=\"ritanery\" \/>\n<meta name=\"twitter:card\" content=\"summary_large_image\" \/>\n<meta name=\"twitter:label1\" content=\"Escrito por\" \/>\n\t<meta name=\"twitter:data1\" content=\"ritanery\" \/>\n\t<meta name=\"twitter:label2\" content=\"Est. tempo de leitura\" \/>\n\t<meta name=\"twitter:data2\" content=\"2 minutos\" \/>\n<script type=\"application\/ld+json\" class=\"yoast-schema-graph\">{\"@context\":\"https:\/\/schema.org\",\"@graph\":[{\"@type\":\"Article\",\"@id\":\"https:\/\/radiolifefm.com.br\/noticias\/projeto-de-ampliacao-do-cemiterio-esta-pronto-mas-decisao-sera-tomada-em-2022\/#article\",\"isPartOf\":{\"@id\":\"https:\/\/radiolifefm.com.br\/noticias\/projeto-de-ampliacao-do-cemiterio-esta-pronto-mas-decisao-sera-tomada-em-2022\/\"},\"author\":{\"name\":\"ritanery\",\"@id\":\"https:\/\/radiolifefm.com.br\/noticias\/#\/schema\/person\/6339b9fac59d12b071dec680d7375d87\"},\"headline\":\"Projeto de amplia\u00e7\u00e3o do cemit\u00e9rio est\u00e1 pronto, mas decis\u00e3o ser\u00e1 tomada em 2022\",\"datePublished\":\"2021-08-23T13:38:14+00:00\",\"dateModified\":\"2026-04-21T13:09:17+00:00\",\"mainEntityOfPage\":{\"@id\":\"https:\/\/radiolifefm.com.br\/noticias\/projeto-de-ampliacao-do-cemiterio-esta-pronto-mas-decisao-sera-tomada-em-2022\/\"},\"wordCount\":375,\"publisher\":{\"@id\":\"https:\/\/radiolifefm.com.br\/noticias\/#organization\"},\"image\":{\"@id\":\"https:\/\/radiolifefm.com.br\/noticias\/projeto-de-ampliacao-do-cemiterio-esta-pronto-mas-decisao-sera-tomada-em-2022\/#primaryimage\"},\"thumbnailUrl\":\"https:\/\/radiolifefm.com.br\/noticias\/wp-content\/uploads\/2019\/10\/Cemit\u00e9rio-Adamantina.jpg\",\"articleSection\":[\"Adamantina\"],\"inLanguage\":\"pt-BR\"},{\"@type\":\"WebPage\",\"@id\":\"https:\/\/radiolifefm.com.br\/noticias\/projeto-de-ampliacao-do-cemiterio-esta-pronto-mas-decisao-sera-tomada-em-2022\/\",\"url\":\"https:\/\/radiolifefm.com.br\/noticias\/projeto-de-ampliacao-do-cemiterio-esta-pronto-mas-decisao-sera-tomada-em-2022\/\",\"name\":\"Projeto de amplia\u00e7\u00e3o do cemit\u00e9rio est\u00e1 pronto, mas decis\u00e3o ser\u00e1 tomada em 2022 - R\u00e1dio Life FM\",\"isPartOf\":{\"@id\":\"https:\/\/radiolifefm.com.br\/noticias\/#website\"},\"primaryImageOfPage\":{\"@id\":\"https:\/\/radiolifefm.com.br\/noticias\/projeto-de-ampliacao-do-cemiterio-esta-pronto-mas-decisao-sera-tomada-em-2022\/#primaryimage\"},\"image\":{\"@id\":\"https:\/\/radiolifefm.com.br\/noticias\/projeto-de-ampliacao-do-cemiterio-esta-pronto-mas-decisao-sera-tomada-em-2022\/#primaryimage\"},\"thumbnailUrl\":\"https:\/\/radiolifefm.com.br\/noticias\/wp-content\/uploads\/2019\/10\/Cemit\u00e9rio-Adamantina.jpg\",\"datePublished\":\"2021-08-23T13:38:14+00:00\",\"dateModified\":\"2026-04-21T13:09:17+00:00\",\"breadcrumb\":{\"@id\":\"https:\/\/radiolifefm.com.br\/noticias\/projeto-de-ampliacao-do-cemiterio-esta-pronto-mas-decisao-sera-tomada-em-2022\/#breadcrumb\"},\"inLanguage\":\"pt-BR\",\"potentialAction\":[{\"@type\":\"ReadAction\",\"target\":[\"https:\/\/radiolifefm.com.br\/noticias\/projeto-de-ampliacao-do-cemiterio-esta-pronto-mas-decisao-sera-tomada-em-2022\/\"]}]},{\"@type\":\"ImageObject\",\"inLanguage\":\"pt-BR\",\"@id\":\"https:\/\/radiolifefm.com.br\/noticias\/projeto-de-ampliacao-do-cemiterio-esta-pronto-mas-decisao-sera-tomada-em-2022\/#primaryimage\",\"url\":\"https:\/\/radiolifefm.com.br\/noticias\/wp-content\/uploads\/2019\/10\/Cemit\u00e9rio-Adamantina.jpg\",\"contentUrl\":\"https:\/\/radiolifefm.com.br\/noticias\/wp-content\/uploads\/2019\/10\/Cemit\u00e9rio-Adamantina.jpg\",\"width\":770,\"height\":440,\"caption\":\"Ambulantes devem protocolar requerimento at\u00e9 o dia 27 de outubro para trabalhar durante o feriado\"},{\"@type\":\"BreadcrumbList\",\"@id\":\"https:\/\/radiolifefm.com.br\/noticias\/projeto-de-ampliacao-do-cemiterio-esta-pronto-mas-decisao-sera-tomada-em-2022\/#breadcrumb\",\"itemListElement\":[{\"@type\":\"ListItem\",\"position\":1,\"name\":\"In\u00edcio\",\"item\":\"https:\/\/radiolifefm.com.br\/noticias\/\"},{\"@type\":\"ListItem\",\"position\":2,\"name\":\"Projeto de amplia\u00e7\u00e3o do cemit\u00e9rio est\u00e1 pronto, mas decis\u00e3o ser\u00e1 tomada em 2022\"}]},{\"@type\":\"WebSite\",\"@id\":\"https:\/\/radiolifefm.com.br\/noticias\/#website\",\"url\":\"https:\/\/radiolifefm.com.br\/noticias\/\",\"name\":\"R\u00e1dio Life FM\",\"description\":\"O Portal de Not\u00edcias de Adamantina\",\"publisher\":{\"@id\":\"https:\/\/radiolifefm.com.br\/noticias\/#organization\"},\"alternateName\":\"Life FM\",\"potentialAction\":[{\"@type\":\"SearchAction\",\"target\":{\"@type\":\"EntryPoint\",\"urlTemplate\":\"https:\/\/radiolifefm.com.br\/noticias\/?s={search_term_string}\"},\"query-input\":{\"@type\":\"PropertyValueSpecification\",\"valueRequired\":true,\"valueName\":\"search_term_string\"}}],\"inLanguage\":\"pt-BR\"},{\"@type\":\"Organization\",\"@id\":\"https:\/\/radiolifefm.com.br\/noticias\/#organization\",\"name\":\"R\u00e1dio Life FM\",\"alternateName\":\"Life FM\",\"url\":\"https:\/\/radiolifefm.com.br\/noticias\/\",\"logo\":{\"@type\":\"ImageObject\",\"inLanguage\":\"pt-BR\",\"@id\":\"https:\/\/radiolifefm.com.br\/noticias\/#\/schema\/logo\/image\/\",\"url\":\"https:\/\/static.radiolifefm.com.br\/noticias\/wp-content\/uploads\/2019\/10\/logo-lifefm.png\",\"contentUrl\":\"https:\/\/static.radiolifefm.com.br\/noticias\/wp-content\/uploads\/2019\/10\/logo-lifefm.png\",\"width\":196,\"height\":47,\"caption\":\"R\u00e1dio Life FM\"},\"image\":{\"@id\":\"https:\/\/radiolifefm.com.br\/noticias\/#\/schema\/logo\/image\/\"},\"sameAs\":[\"https:\/\/www.facebook.com\/radiolifefm\/\",\"https:\/\/www.instagram.com\/life1079fm\/\"]},{\"@type\":\"Person\",\"@id\":\"https:\/\/radiolifefm.com.br\/noticias\/#\/schema\/person\/6339b9fac59d12b071dec680d7375d87\",\"name\":\"ritanery\",\"image\":{\"@type\":\"ImageObject\",\"inLanguage\":\"pt-BR\",\"@id\":\"https:\/\/secure.gravatar.com\/avatar\/0e37bb19071f47c0b8a23f62a903df117c5a0e75f65a0c2901562f97cd41cf86?s=96&d=mm&r=g\",\"url\":\"https:\/\/secure.gravatar.com\/avatar\/0e37bb19071f47c0b8a23f62a903df117c5a0e75f65a0c2901562f97cd41cf86?s=96&d=mm&r=g\",\"contentUrl\":\"https:\/\/secure.gravatar.com\/avatar\/0e37bb19071f47c0b8a23f62a903df117c5a0e75f65a0c2901562f97cd41cf86?s=96&d=mm&r=g\",\"caption\":\"ritanery\"}}]}<\/script>\n<!-- \/ Yoast SEO plugin. -->","yoast_head_json":{"title":"Projeto de amplia\u00e7\u00e3o do cemit\u00e9rio est\u00e1 pronto, mas decis\u00e3o ser\u00e1 tomada em 2022 - R\u00e1dio Life FM","robots":{"index":"index","follow":"follow","max-snippet":"max-snippet:-1","max-image-preview":"max-image-preview:large","max-video-preview":"max-video-preview:-1"},"canonical":"https:\/\/radiolifefm.com.br\/noticias\/projeto-de-ampliacao-do-cemiterio-esta-pronto-mas-decisao-sera-tomada-em-2022\/","og_locale":"pt_BR","og_type":"article","og_title":"Projeto de amplia\u00e7\u00e3o do cemit\u00e9rio est\u00e1 pronto, mas decis\u00e3o ser\u00e1 tomada em 2022 - R\u00e1dio Life FM","og_description":"Um dos assuntos mais questionados pelos espectadores da TV Folha Regional, durante a entrevista concedida pelo prefeito M\u00e1rcio Cardim (DEM), foi com rela\u00e7\u00e3o \u00e0s provid\u00eancias da Prefeitura de Adamantina para a viabiliza\u00e7\u00e3o de espa\u00e7o que possibilite a abertura de novas sepulturas no Cemit\u00e9rio Municipal. &nbsp; A pergunta foi feita pela reportagem e o chefe do [&hellip;]","og_url":"https:\/\/radiolifefm.com.br\/noticias\/projeto-de-ampliacao-do-cemiterio-esta-pronto-mas-decisao-sera-tomada-em-2022\/","og_site_name":"R\u00e1dio Life FM","article_publisher":"https:\/\/www.facebook.com\/radiolifefm\/","article_published_time":"2021-08-23T13:38:14+00:00","article_modified_time":"2026-04-21T13:09:17+00:00","og_image":[{"width":770,"height":440,"url":"https:\/\/radiolifefm.com.br\/noticias\/wp-content\/uploads\/2019\/10\/Cemit\u00e9rio-Adamantina.jpg","type":"image\/jpeg"}],"author":"ritanery","twitter_card":"summary_large_image","twitter_misc":{"Escrito por":"ritanery","Est. tempo de leitura":"2 minutos"},"schema":{"@context":"https:\/\/schema.org","@graph":[{"@type":"Article","@id":"https:\/\/radiolifefm.com.br\/noticias\/projeto-de-ampliacao-do-cemiterio-esta-pronto-mas-decisao-sera-tomada-em-2022\/#article","isPartOf":{"@id":"https:\/\/radiolifefm.com.br\/noticias\/projeto-de-ampliacao-do-cemiterio-esta-pronto-mas-decisao-sera-tomada-em-2022\/"},"author":{"name":"ritanery","@id":"https:\/\/radiolifefm.com.br\/noticias\/#\/schema\/person\/6339b9fac59d12b071dec680d7375d87"},"headline":"Projeto de amplia\u00e7\u00e3o do cemit\u00e9rio est\u00e1 pronto, mas decis\u00e3o ser\u00e1 tomada em 2022","datePublished":"2021-08-23T13:38:14+00:00","dateModified":"2026-04-21T13:09:17+00:00","mainEntityOfPage":{"@id":"https:\/\/radiolifefm.com.br\/noticias\/projeto-de-ampliacao-do-cemiterio-esta-pronto-mas-decisao-sera-tomada-em-2022\/"},"wordCount":375,"publisher":{"@id":"https:\/\/radiolifefm.com.br\/noticias\/#organization"},"image":{"@id":"https:\/\/radiolifefm.com.br\/noticias\/projeto-de-ampliacao-do-cemiterio-esta-pronto-mas-decisao-sera-tomada-em-2022\/#primaryimage"},"thumbnailUrl":"https:\/\/radiolifefm.com.br\/noticias\/wp-content\/uploads\/2019\/10\/Cemit\u00e9rio-Adamantina.jpg","articleSection":["Adamantina"],"inLanguage":"pt-BR"},{"@type":"WebPage","@id":"https:\/\/radiolifefm.com.br\/noticias\/projeto-de-ampliacao-do-cemiterio-esta-pronto-mas-decisao-sera-tomada-em-2022\/","url":"https:\/\/radiolifefm.com.br\/noticias\/projeto-de-ampliacao-do-cemiterio-esta-pronto-mas-decisao-sera-tomada-em-2022\/","name":"Projeto de amplia\u00e7\u00e3o do cemit\u00e9rio est\u00e1 pronto, mas decis\u00e3o ser\u00e1 tomada em 2022 - R\u00e1dio Life FM","isPartOf":{"@id":"https:\/\/radiolifefm.com.br\/noticias\/#website"},"primaryImageOfPage":{"@id":"https:\/\/radiolifefm.com.br\/noticias\/projeto-de-ampliacao-do-cemiterio-esta-pronto-mas-decisao-sera-tomada-em-2022\/#primaryimage"},"image":{"@id":"https:\/\/radiolifefm.com.br\/noticias\/projeto-de-ampliacao-do-cemiterio-esta-pronto-mas-decisao-sera-tomada-em-2022\/#primaryimage"},"thumbnailUrl":"https:\/\/radiolifefm.com.br\/noticias\/wp-content\/uploads\/2019\/10\/Cemit\u00e9rio-Adamantina.jpg","datePublished":"2021-08-23T13:38:14+00:00","dateModified":"2026-04-21T13:09:17+00:00","breadcrumb":{"@id":"https:\/\/radiolifefm.com.br\/noticias\/projeto-de-ampliacao-do-cemiterio-esta-pronto-mas-decisao-sera-tomada-em-2022\/#breadcrumb"},"inLanguage":"pt-BR","potentialAction":[{"@type":"ReadAction","target":["https:\/\/radiolifefm.com.br\/noticias\/projeto-de-ampliacao-do-cemiterio-esta-pronto-mas-decisao-sera-tomada-em-2022\/"]}]},{"@type":"ImageObject","inLanguage":"pt-BR","@id":"https:\/\/radiolifefm.com.br\/noticias\/projeto-de-ampliacao-do-cemiterio-esta-pronto-mas-decisao-sera-tomada-em-2022\/#primaryimage","url":"https:\/\/radiolifefm.com.br\/noticias\/wp-content\/uploads\/2019\/10\/Cemit\u00e9rio-Adamantina.jpg","contentUrl":"https:\/\/radiolifefm.com.br\/noticias\/wp-content\/uploads\/2019\/10\/Cemit\u00e9rio-Adamantina.jpg","width":770,"height":440,"caption":"Ambulantes devem protocolar requerimento at\u00e9 o dia 27 de outubro para trabalhar durante o feriado"},{"@type":"BreadcrumbList","@id":"https:\/\/radiolifefm.com.br\/noticias\/projeto-de-ampliacao-do-cemiterio-esta-pronto-mas-decisao-sera-tomada-em-2022\/#breadcrumb","itemListElement":[{"@type":"ListItem","position":1,"name":"In\u00edcio","item":"https:\/\/radiolifefm.com.br\/noticias\/"},{"@type":"ListItem","position":2,"name":"Projeto de amplia\u00e7\u00e3o do cemit\u00e9rio est\u00e1 pronto, mas decis\u00e3o ser\u00e1 tomada em 2022"}]},{"@type":"WebSite","@id":"https:\/\/radiolifefm.com.br\/noticias\/#website","url":"https:\/\/radiolifefm.com.br\/noticias\/","name":"R\u00e1dio Life FM","description":"O Portal de Not\u00edcias de Adamantina","publisher":{"@id":"https:\/\/radiolifefm.com.br\/noticias\/#organization"},"alternateName":"Life FM","potentialAction":[{"@type":"SearchAction","target":{"@type":"EntryPoint","urlTemplate":"https:\/\/radiolifefm.com.br\/noticias\/?s={search_term_string}"},"query-input":{"@type":"PropertyValueSpecification","valueRequired":true,"valueName":"search_term_string"}}],"inLanguage":"pt-BR"},{"@type":"Organization","@id":"https:\/\/radiolifefm.com.br\/noticias\/#organization","name":"R\u00e1dio Life FM","alternateName":"Life FM","url":"https:\/\/radiolifefm.com.br\/noticias\/","logo":{"@type":"ImageObject","inLanguage":"pt-BR","@id":"https:\/\/radiolifefm.com.br\/noticias\/#\/schema\/logo\/image\/","url":"https:\/\/static.radiolifefm.com.br\/noticias\/wp-content\/uploads\/2019\/10\/logo-lifefm.png","contentUrl":"https:\/\/static.radiolifefm.com.br\/noticias\/wp-content\/uploads\/2019\/10\/logo-lifefm.png","width":196,"height":47,"caption":"R\u00e1dio Life FM"},"image":{"@id":"https:\/\/radiolifefm.com.br\/noticias\/#\/schema\/logo\/image\/"},"sameAs":["https:\/\/www.facebook.com\/radiolifefm\/","https:\/\/www.instagram.com\/life1079fm\/"]},{"@type":"Person","@id":"https:\/\/radiolifefm.com.br\/noticias\/#\/schema\/person\/6339b9fac59d12b071dec680d7375d87","name":"ritanery","image":{"@type":"ImageObject","inLanguage":"pt-BR","@id":"https:\/\/secure.gravatar.com\/avatar\/0e37bb19071f47c0b8a23f62a903df117c5a0e75f65a0c2901562f97cd41cf86?s=96&d=mm&r=g","url":"https:\/\/secure.gravatar.com\/avatar\/0e37bb19071f47c0b8a23f62a903df117c5a0e75f65a0c2901562f97cd41cf86?s=96&d=mm&r=g","contentUrl":"https:\/\/secure.gravatar.com\/avatar\/0e37bb19071f47c0b8a23f62a903df117c5a0e75f65a0c2901562f97cd41cf86?s=96&d=mm&r=g","caption":"ritanery"}}]}},"amp_enabled":true,"_links":{"self":[{"href":"https:\/\/radiolifefm.com.br\/noticias\/wp-json\/wp\/v2\/posts\/41970","targetHints":{"allow":["GET"]}}],"collection":[{"href":"https:\/\/radiolifefm.com.br\/noticias\/wp-json\/wp\/v2\/posts"}],"about":[{"href":"https:\/\/radiolifefm.com.br\/noticias\/wp-json\/wp\/v2\/types\/post"}],"author":[{"embeddable":true,"href":"https:\/\/radiolifefm.com.br\/noticias\/wp-json\/wp\/v2\/users\/13"}],"replies":[{"embeddable":true,"href":"https:\/\/radiolifefm.com.br\/noticias\/wp-json\/wp\/v2\/comments?post=41970"}],"version-history":[{"count":1,"href":"https:\/\/radiolifefm.com.br\/noticias\/wp-json\/wp\/v2\/posts\/41970\/revisions"}],"predecessor-version":[{"id":41971,"href":"https:\/\/radiolifefm.com.br\/noticias\/wp-json\/wp\/v2\/posts\/41970\/revisions\/41971"}],"wp:featuredmedia":[{"embeddable":true,"href":"https:\/\/radiolifefm.com.br\/noticias\/wp-json\/wp\/v2\/media\/17228"}],"wp:attachment":[{"href":"https:\/\/radiolifefm.com.br\/noticias\/wp-json\/wp\/v2\/media?parent=41970"}],"wp:term":[{"taxonomy":"category","embeddable":true,"href":"https:\/\/radiolifefm.com.br\/noticias\/wp-json\/wp\/v2\/categories?post=41970"},{"taxonomy":"post_tag","embeddable":true,"href":"https:\/\/radiolifefm.com.br\/noticias\/wp-json\/wp\/v2\/tags?post=41970"}],"curies":[{"name":"wp","href":"https:\/\/api.w.org\/{rel}","templated":true}]}}