{"id":41892,"date":"2021-08-19T22:09:45","date_gmt":"2021-08-20T01:09:45","guid":{"rendered":"https:\/\/radiolifefm.com.br\/noticias\/?p=41892"},"modified":"2026-04-17T08:50:59","modified_gmt":"2026-04-17T11:50:59","slug":"moradores-relatam-abandono-da-praca-da-estrela-procurada-prefeitura-nao-responde-ao-siga-mais","status":"publish","type":"post","link":"https:\/\/radiolifefm.com.br\/noticias\/moradores-relatam-abandono-da-praca-da-estrela-procurada-prefeitura-nao-responde-ao-siga-mais\/","title":{"rendered":"Moradores relatam abandono da Pra\u00e7a da Estrela; procurada, Prefeitura n\u00e3o responde ao SIGA MAIS"},"content":{"rendered":"<div id=\"fb-root\"><\/div>\n<p>Moradores que residem nas proximidades da Pra\u00e7a Jos\u00e9 Parrila (Pra\u00e7a da Estrela) procuraram o SIGA MAIS onde reclamaram a deprecia\u00e7\u00e3o do local, que n\u00e3o recebe melhorias e cuidados. Seria realizado apenas os servi\u00e7os b\u00e1sicos de zeladoria, como varri\u00e7\u00e3o e eventuais podas, por\u00e9m sem qualquer movimento do poder p\u00fablico no sentido de recuperar as cal\u00e7adas, mobili\u00e1rio urbano danificado, paisagismo e refor\u00e7o na ilumina\u00e7\u00e3o p\u00fablica.<\/p>\n<p>&nbsp;<\/p>\n<p>Ap\u00f3s o relato dos moradores o SIGA MAIS esteve no local e confirmou os apontamentos. Todo o entorno da pra\u00e7a e algumas passagens internas t\u00eam pavimento em pedra portuguesa\u00a0<em>(petit pave)<\/em>, e em v\u00e1rios pontos h\u00e1 pedras removidas em raz\u00e3o do tempo ou ra\u00edzes de \u00e1rvores, causando falhas no cal\u00e7amento. A situa\u00e7\u00e3o p\u00f5e moradores em riscos, sobretudo idosos, que usam do espa\u00e7o para lazer, passeio e caminhadas. Essa situa\u00e7\u00e3o das cal\u00e7adas tamb\u00e9m viola as normas de acessibilidade. Na \u00e1rea de circula\u00e7\u00e3o interna da pra\u00e7a tamb\u00e9m h\u00e1 pontos com falhas no passeio p\u00fablico.<\/p>\n<p>&nbsp;<\/p>\n<p>Outro destaque \u00e9 a exist\u00eancia de detritos de bancos danificados, possivelmente pela a\u00e7\u00e3o de v\u00e2ndalos. No entorno da pra\u00e7a foram identificadas mobili\u00e1rios totalmente ou parcialmente destru\u00eddos, sem condi\u00e7\u00f5es de uso. Moradores relataram que h\u00e1 casos de bancos danificados h\u00e1 anos, cujos detritos ainda est\u00e3o pela pra\u00e7a, sem qualquer iniciativa para remov\u00ea-los.<\/p>\n<p>&nbsp;<\/p>\n<p>Tamb\u00e9m foi identificada fia\u00e7\u00e3o el\u00e9trica exposta, em caixas de inspe\u00e7\u00e3o instaladas no n\u00edvel do ch\u00e3o, totalmente ou parcialmente descobertas. Al\u00e9m do risco de um acidente, na passagem de pedestres, h\u00e1 tamb\u00e9m exposi\u00e7\u00e3o a poss\u00edveis choques el\u00e9tricos.<\/p>\n<p>&nbsp;<\/p>\n<p>Outro apontamento dos moradores \u00e9 sobre a estrutura do banheiro p\u00fablico da pra\u00e7a, que est\u00e1 com as paredes externas pichadas, e tamb\u00e9m precisa de melhorias internas.<\/p>\n<p>&nbsp;<\/p>\n<p>H\u00e1 pedidos tamb\u00e9m para a manuten\u00e7\u00e3o da quadra de areia, que necessita de peri\u00f3dica substitui\u00e7\u00e3o. Os moradores sugerem que a areia seja utilizada em obras p\u00fablicas, e que haja reposi\u00e7\u00e3o peri\u00f3dica, dentro desse ciclo.<\/p>\n<p>&nbsp;<\/p>\n<p><strong>Prefeitura n\u00e3o responde<\/strong><\/p>\n<p>Na \u00faltima quinta-feira (12) o SIGA MAIS enviou e-mails para os endere\u00e7os eletr\u00f4nicos Imprensa@adamantina.sp.gov.br, agricultura@adamantina.sp.gov.br e gabineteadt@adamantina.sp.gov.br, da Prefeitura de Adamantina, solicitando informa\u00e7\u00f5es sobre a Pra\u00e7a. Por\u00e9m, at\u00e9 o fechamento deste conte\u00fado e sua publica\u00e7\u00e3o, nenhuma resposta havia sido recebida.<\/p>\n<p>&nbsp;<\/p>\n<p>No pedido de informa\u00e7\u00f5es, a reportagem quis saber se h\u00e1 projeto para revitaliza\u00e7\u00e3o da Pra\u00e7a e, se positivo, quais medidas seriam executadas no local, bem como o prazo para in\u00edcio de sua execu\u00e7\u00e3o.<\/p>\n<p>&nbsp;<\/p>\n<p><strong>\u201cCen\u00e1rio de filme de terror\u201d, diz vereador<\/strong><\/p>\n<p>As quest\u00f5es reclamadas por moradores tamb\u00e9m s\u00e3o alvo de pedidos de vereadores, por meio de indica\u00e7\u00f5es, na C\u00e2mara Municipal de Adamantina. O SIGA MAIS identificou pelo menos seis pedidos, de 2018 at\u00e9 hoje.<\/p>\n<p>&nbsp;<\/p>\n<p>Segundo pesquisa junto ao site da C\u00e2mara Municipal, em 2018 a ent\u00e3o vereadora e hoje vice-prefeita, Dinha Gil, pediu o isolamento da quadra de areia, com tela, conforme\u00a0<strong><a href=\"https:\/\/sapl.adamantina.sp.leg.br\/media\/sapl\/public\/materialegislativa\/2018\/9175\/indicacao_543_38a_ordinaria.pdf\">Indica\u00e7\u00e3o N\u00ba 543\/18<\/a><\/strong>.<\/p>\n<p>&nbsp;<\/p>\n<p>Em 2019, ela e o ent\u00e3o vereador Ac\u00e1cio Rocha pediram a substitui\u00e7\u00e3o de l\u00e2mpadas queimadas (\u00e0 \u00e9poca), manuten\u00e7\u00e3o das caixas de inspe\u00e7\u00e3o de energia e recupera\u00e7\u00e3o do passeio p\u00fablico, conforme\u00a0<a href=\"https:\/\/sapl.adamantina.sp.leg.br\/media\/sapl\/public\/materialegislativa\/2019\/10196\/indicacao_397_56a_ordinaria.pdf\"><strong>Indica\u00e7\u00e3o N\u00ba 397\/19<\/strong><\/a>.<\/p>\n<p>&nbsp;<\/p>\n<p>Em 2020, dois novos pedidos. O primeiro deles, conforme\u00a0<a href=\"https:\/\/sapl.adamantina.sp.leg.br\/media\/sapl\/public\/materialegislativa\/2020\/11688\/indicacao_433_80a_ordinaria.pdf\"><strong>Indica\u00e7\u00e3o N\u00ba 433\/20<\/strong><\/a>\u00a0\u00e9 assinado pelo ent\u00e3o vereador Jo\u00e3o Davoli, onde pediu o reassentamento de banco de concreto. No mesmo ano, por meio da\u00a0<a href=\"https:\/\/sapl.adamantina.sp.leg.br\/media\/sapl\/public\/materialegislativa\/2020\/11834\/indicacao_509_83a_ordinaria.pdf\"><strong>Indica\u00e7\u00e3o N\u00ba 509\/20<\/strong><\/a>, o vereador Eder Ruete fez novo pedido j\u00e1 solicitado em 2018, para isolar a quadra de areia com alambrado.<\/p>\n<p>&nbsp;<\/p>\n<p>Neste ano de 2021 h\u00e1 outros dois pedidos. Um deles, por meio da\u00a0<a href=\"https:\/\/sapl.adamantina.sp.leg.br\/media\/sapl\/public\/materialegislativa\/2021\/12276\/indicacao_128_3a_ordinaria.pdf\"><strong>Indica\u00e7\u00e3o N\u00ba 128\/\/21<\/strong><\/a>, dos vereadores Alcio Ikeda, Rafael Pacheco e Bigode da Capoeira, pede que seja feita a manuten\u00e7\u00e3o dos bancos, das cal\u00e7adas e quadra de areia. J\u00e1 por meio da\u00a0<a href=\"https:\/\/sapl.adamantina.sp.leg.br\/media\/sapl\/public\/materialegislativa\/2021\/12491\/indicacao_288_6a_ordinaria.pdf\"><strong>Indica\u00e7\u00e3o N\u00ba 288\/21<\/strong><\/a>, o vereador Rafael Pacheco pede que seja efetuada limpeza, conserva\u00e7\u00e3o e manuten\u00e7\u00e3o da Pra\u00e7a, \u201cpois a mesma se encontra \u201cpraticamente\u201d abandonada ensejando um cen\u00e1rio de filme de terror\u201d, escreveu o parlamentar.<\/p>\n<p>&nbsp;<\/p>\n<div class='flex flex-wrap items-center -mx-1'>\r\n<a class='thumbnail gallery p-1 w-1\/2 md:w-1\/4' href='https:\/\/radiolifefm.com.br\/noticias\/wp-content\/uploads\/2021\/08\/img2462jpg1629396607611e9e7fa22b9.jpg'><img class='border border-white' src='https:\/\/radiolifefm.com.br\/noticias\/wp-content\/uploads\/2021\/08\/img2462jpg1629396607611e9e7fa22b9-200x200.jpg' alt='Img2462jpg1629396607611e9e7fa22b9' \/><\/a><a class='thumbnail gallery p-1 w-1\/2 md:w-1\/4' href='https:\/\/radiolifefm.com.br\/noticias\/wp-content\/uploads\/2021\/08\/img6596ffjpg1629396715611e9eebd6c4e.jpg'><img class='border border-white' src='https:\/\/radiolifefm.com.br\/noticias\/wp-content\/uploads\/2021\/08\/img6596ffjpg1629396715611e9eebd6c4e-200x200.jpg' alt='Img6596ffjpg1629396715611e9eebd6c4e' \/><\/a><a class='thumbnail gallery p-1 w-1\/2 md:w-1\/4' href='https:\/\/radiolifefm.com.br\/noticias\/wp-content\/uploads\/2021\/08\/img6597jpg1629396473611e9df93510b.jpg'><img class='border border-white' src='https:\/\/radiolifefm.com.br\/noticias\/wp-content\/uploads\/2021\/08\/img6597jpg1629396473611e9df93510b-200x200.jpg' alt='Img6597jpg1629396473611e9df93510b' \/><\/a><a class='thumbnail gallery p-1 w-1\/2 md:w-1\/4' href='https:\/\/radiolifefm.com.br\/noticias\/wp-content\/uploads\/2021\/08\/img6599jpg1629396628611e9e94ec6ab.jpg'><img class='border border-white' src='https:\/\/radiolifefm.com.br\/noticias\/wp-content\/uploads\/2021\/08\/img6599jpg1629396628611e9e94ec6ab-200x200.jpg' alt='Img6599jpg1629396628611e9e94ec6ab' \/><\/a><a class='thumbnail gallery p-1 w-1\/2 md:w-1\/4' href='https:\/\/radiolifefm.com.br\/noticias\/wp-content\/uploads\/2021\/08\/img6601jpg1629396590611e9e6ebba5c.jpg'><img class='border border-white' src='https:\/\/radiolifefm.com.br\/noticias\/wp-content\/uploads\/2021\/08\/img6601jpg1629396590611e9e6ebba5c-200x200.jpg' alt='Img6601jpg1629396590611e9e6ebba5c' \/><\/a><a class='thumbnail gallery p-1 w-1\/2 md:w-1\/4' href='https:\/\/radiolifefm.com.br\/noticias\/wp-content\/uploads\/2021\/08\/img6608jpg1629396497611e9e1144418.jpg'><img class='border border-white' src='https:\/\/radiolifefm.com.br\/noticias\/wp-content\/uploads\/2021\/08\/img6608jpg1629396497611e9e1144418-200x200.jpg' alt='Img6608jpg1629396497611e9e1144418' \/><\/a><a class='thumbnail gallery p-1 w-1\/2 md:w-1\/4' href='https:\/\/radiolifefm.com.br\/noticias\/wp-content\/uploads\/2021\/08\/img6609jpg1629396508611e9e1c0bba8.jpg'><img class='border border-white' src='https:\/\/radiolifefm.com.br\/noticias\/wp-content\/uploads\/2021\/08\/img6609jpg1629396508611e9e1c0bba8-200x200.jpg' alt='Img6609jpg1629396508611e9e1c0bba8' \/><\/a><a class='thumbnail gallery p-1 w-1\/2 md:w-1\/4' href='https:\/\/radiolifefm.com.br\/noticias\/wp-content\/uploads\/2021\/08\/img6610jpg1629396563611e9e534e231.jpg'><img class='border border-white' src='https:\/\/radiolifefm.com.br\/noticias\/wp-content\/uploads\/2021\/08\/img6610jpg1629396563611e9e534e231-200x200.jpg' alt='Img6610jpg1629396563611e9e534e231' \/><\/a><a class='thumbnail gallery p-1 w-1\/2 md:w-1\/4' href='https:\/\/radiolifefm.com.br\/noticias\/wp-content\/uploads\/2021\/08\/img6614jpg1629396676611e9ec49f4cb.jpg'><img class='border border-white' src='https:\/\/radiolifefm.com.br\/noticias\/wp-content\/uploads\/2021\/08\/img6614jpg1629396676611e9ec49f4cb-200x200.jpg' alt='Img6614jpg1629396676611e9ec49f4cb' \/><\/a><a class='thumbnail gallery p-1 w-1\/2 md:w-1\/4' href='https:\/\/radiolifefm.com.br\/noticias\/wp-content\/uploads\/2021\/08\/img6619jpg1629396537611e9e391ac6c.jpg'><img class='border border-white' src='https:\/\/radiolifefm.com.br\/noticias\/wp-content\/uploads\/2021\/08\/img6619jpg1629396537611e9e391ac6c-200x200.jpg' alt='Img6619jpg1629396537611e9e391ac6c' \/><\/a><a class='thumbnail gallery p-1 w-1\/2 md:w-1\/4' href='https:\/\/radiolifefm.com.br\/noticias\/wp-content\/uploads\/2021\/08\/img66061jpg1629396576611e9e60dfc50.jpg'><img class='border border-white' src='https:\/\/radiolifefm.com.br\/noticias\/wp-content\/uploads\/2021\/08\/img66061jpg1629396576611e9e60dfc50-200x200.jpg' alt='Img66061jpg1629396576611e9e60dfc50' \/><\/a><\/div>\n<p>Fonte: Siga Mais<\/p>\n","protected":false},"excerpt":{"rendered":"<p>Moradores que residem nas proximidades da Pra\u00e7a Jos\u00e9 Parrila (Pra\u00e7a da Estrela) procuraram o SIGA MAIS onde reclamaram a deprecia\u00e7\u00e3o do local, que n\u00e3o recebe melhorias e cuidados. Seria realizado apenas os servi\u00e7os b\u00e1sicos de zeladoria, como varri\u00e7\u00e3o e eventuais podas, por\u00e9m sem qualquer movimento do poder p\u00fablico no sentido de recuperar as cal\u00e7adas, mobili\u00e1rio [&hellip;]<\/p>\n","protected":false},"author":13,"featured_media":41893,"comment_status":"closed","ping_status":"open","sticky":false,"template":"","format":"standard","meta":{"_acf_changed":false,"_exactmetrics_skip_tracking":false,"_exactmetrics_sitenote_active":false,"_exactmetrics_sitenote_note":"","_exactmetrics_sitenote_category":0,"footnotes":""},"categories":[21],"tags":[],"class_list":["post-41892","post","type-post","status-publish","format-standard","has-post-thumbnail","hentry","category-adamantina"],"acf":[],"yoast_head":"<!-- This site is optimized with the Yoast SEO plugin v27.2 - https:\/\/yoast.com\/product\/yoast-seo-wordpress\/ -->\n<title>Moradores relatam abandono da Pra\u00e7a da Estrela; procurada, Prefeitura n\u00e3o responde ao SIGA MAIS - R\u00e1dio Life FM<\/title>\n<meta name=\"robots\" content=\"index, follow, max-snippet:-1, max-image-preview:large, max-video-preview:-1\" \/>\n<link rel=\"canonical\" href=\"https:\/\/radiolifefm.com.br\/noticias\/moradores-relatam-abandono-da-praca-da-estrela-procurada-prefeitura-nao-responde-ao-siga-mais\/\" \/>\n<meta property=\"og:locale\" content=\"pt_BR\" \/>\n<meta property=\"og:type\" content=\"article\" \/>\n<meta property=\"og:title\" content=\"Moradores relatam abandono da Pra\u00e7a da Estrela; procurada, Prefeitura n\u00e3o responde ao SIGA MAIS - R\u00e1dio Life FM\" \/>\n<meta property=\"og:description\" content=\"Moradores que residem nas proximidades da Pra\u00e7a Jos\u00e9 Parrila (Pra\u00e7a da Estrela) procuraram o SIGA MAIS onde reclamaram a deprecia\u00e7\u00e3o do local, que n\u00e3o recebe melhorias e cuidados. Seria realizado apenas os servi\u00e7os b\u00e1sicos de zeladoria, como varri\u00e7\u00e3o e eventuais podas, por\u00e9m sem qualquer movimento do poder p\u00fablico no sentido de recuperar as cal\u00e7adas, mobili\u00e1rio [&hellip;]\" \/>\n<meta property=\"og:url\" content=\"https:\/\/radiolifefm.com.br\/noticias\/moradores-relatam-abandono-da-praca-da-estrela-procurada-prefeitura-nao-responde-ao-siga-mais\/\" \/>\n<meta property=\"og:site_name\" content=\"R\u00e1dio Life FM\" \/>\n<meta property=\"article:publisher\" content=\"https:\/\/www.facebook.com\/radiolifefm\/\" \/>\n<meta property=\"article:published_time\" content=\"2021-08-20T01:09:45+00:00\" \/>\n<meta property=\"article:modified_time\" content=\"2026-04-17T11:50:59+00:00\" \/>\n<meta property=\"og:image\" content=\"https:\/\/radiolifefm.com.br\/noticias\/wp-content\/uploads\/2021\/08\/img6595jpg1629396947611e9fd3bf558.jpeg\" \/>\n\t<meta property=\"og:image:width\" content=\"600\" \/>\n\t<meta property=\"og:image:height\" content=\"337\" \/>\n\t<meta property=\"og:image:type\" content=\"image\/jpeg\" \/>\n<meta name=\"author\" content=\"ritanery\" \/>\n<meta name=\"twitter:card\" content=\"summary_large_image\" \/>\n<meta name=\"twitter:label1\" content=\"Escrito por\" \/>\n\t<meta name=\"twitter:data1\" content=\"ritanery\" \/>\n\t<meta name=\"twitter:label2\" content=\"Est. tempo de leitura\" \/>\n\t<meta name=\"twitter:data2\" content=\"3 minutos\" \/>\n<script type=\"application\/ld+json\" class=\"yoast-schema-graph\">{\"@context\":\"https:\/\/schema.org\",\"@graph\":[{\"@type\":\"Article\",\"@id\":\"https:\/\/radiolifefm.com.br\/noticias\/moradores-relatam-abandono-da-praca-da-estrela-procurada-prefeitura-nao-responde-ao-siga-mais\/#article\",\"isPartOf\":{\"@id\":\"https:\/\/radiolifefm.com.br\/noticias\/moradores-relatam-abandono-da-praca-da-estrela-procurada-prefeitura-nao-responde-ao-siga-mais\/\"},\"author\":{\"name\":\"ritanery\",\"@id\":\"https:\/\/radiolifefm.com.br\/noticias\/#\/schema\/person\/6339b9fac59d12b071dec680d7375d87\"},\"headline\":\"Moradores relatam abandono da Pra\u00e7a da Estrela; procurada, Prefeitura n\u00e3o responde ao SIGA MAIS\",\"datePublished\":\"2021-08-20T01:09:45+00:00\",\"dateModified\":\"2026-04-17T11:50:59+00:00\",\"mainEntityOfPage\":{\"@id\":\"https:\/\/radiolifefm.com.br\/noticias\/moradores-relatam-abandono-da-praca-da-estrela-procurada-prefeitura-nao-responde-ao-siga-mais\/\"},\"wordCount\":752,\"publisher\":{\"@id\":\"https:\/\/radiolifefm.com.br\/noticias\/#organization\"},\"image\":{\"@id\":\"https:\/\/radiolifefm.com.br\/noticias\/moradores-relatam-abandono-da-praca-da-estrela-procurada-prefeitura-nao-responde-ao-siga-mais\/#primaryimage\"},\"thumbnailUrl\":\"https:\/\/radiolifefm.com.br\/noticias\/wp-content\/uploads\/2021\/08\/img6595jpg1629396947611e9fd3bf558.jpeg\",\"articleSection\":[\"Adamantina\"],\"inLanguage\":\"pt-BR\"},{\"@type\":\"WebPage\",\"@id\":\"https:\/\/radiolifefm.com.br\/noticias\/moradores-relatam-abandono-da-praca-da-estrela-procurada-prefeitura-nao-responde-ao-siga-mais\/\",\"url\":\"https:\/\/radiolifefm.com.br\/noticias\/moradores-relatam-abandono-da-praca-da-estrela-procurada-prefeitura-nao-responde-ao-siga-mais\/\",\"name\":\"Moradores relatam abandono da Pra\u00e7a da Estrela; procurada, Prefeitura n\u00e3o responde ao SIGA MAIS - R\u00e1dio Life FM\",\"isPartOf\":{\"@id\":\"https:\/\/radiolifefm.com.br\/noticias\/#website\"},\"primaryImageOfPage\":{\"@id\":\"https:\/\/radiolifefm.com.br\/noticias\/moradores-relatam-abandono-da-praca-da-estrela-procurada-prefeitura-nao-responde-ao-siga-mais\/#primaryimage\"},\"image\":{\"@id\":\"https:\/\/radiolifefm.com.br\/noticias\/moradores-relatam-abandono-da-praca-da-estrela-procurada-prefeitura-nao-responde-ao-siga-mais\/#primaryimage\"},\"thumbnailUrl\":\"https:\/\/radiolifefm.com.br\/noticias\/wp-content\/uploads\/2021\/08\/img6595jpg1629396947611e9fd3bf558.jpeg\",\"datePublished\":\"2021-08-20T01:09:45+00:00\",\"dateModified\":\"2026-04-17T11:50:59+00:00\",\"breadcrumb\":{\"@id\":\"https:\/\/radiolifefm.com.br\/noticias\/moradores-relatam-abandono-da-praca-da-estrela-procurada-prefeitura-nao-responde-ao-siga-mais\/#breadcrumb\"},\"inLanguage\":\"pt-BR\",\"potentialAction\":[{\"@type\":\"ReadAction\",\"target\":[\"https:\/\/radiolifefm.com.br\/noticias\/moradores-relatam-abandono-da-praca-da-estrela-procurada-prefeitura-nao-responde-ao-siga-mais\/\"]}]},{\"@type\":\"ImageObject\",\"inLanguage\":\"pt-BR\",\"@id\":\"https:\/\/radiolifefm.com.br\/noticias\/moradores-relatam-abandono-da-praca-da-estrela-procurada-prefeitura-nao-responde-ao-siga-mais\/#primaryimage\",\"url\":\"https:\/\/radiolifefm.com.br\/noticias\/wp-content\/uploads\/2021\/08\/img6595jpg1629396947611e9fd3bf558.jpeg\",\"contentUrl\":\"https:\/\/radiolifefm.com.br\/noticias\/wp-content\/uploads\/2021\/08\/img6595jpg1629396947611e9fd3bf558.jpeg\",\"width\":600,\"height\":337,\"caption\":\"Reclama\u00e7\u00f5es s\u00e3o dos moradores. Pela C\u00e2mara Municipal h\u00e1 pedidos de vereadores, desde 2018.\"},{\"@type\":\"BreadcrumbList\",\"@id\":\"https:\/\/radiolifefm.com.br\/noticias\/moradores-relatam-abandono-da-praca-da-estrela-procurada-prefeitura-nao-responde-ao-siga-mais\/#breadcrumb\",\"itemListElement\":[{\"@type\":\"ListItem\",\"position\":1,\"name\":\"In\u00edcio\",\"item\":\"https:\/\/radiolifefm.com.br\/noticias\/\"},{\"@type\":\"ListItem\",\"position\":2,\"name\":\"Moradores relatam abandono da Pra\u00e7a da Estrela; procurada, Prefeitura n\u00e3o responde ao SIGA MAIS\"}]},{\"@type\":\"WebSite\",\"@id\":\"https:\/\/radiolifefm.com.br\/noticias\/#website\",\"url\":\"https:\/\/radiolifefm.com.br\/noticias\/\",\"name\":\"R\u00e1dio Life FM\",\"description\":\"O Portal de Not\u00edcias de Adamantina\",\"publisher\":{\"@id\":\"https:\/\/radiolifefm.com.br\/noticias\/#organization\"},\"alternateName\":\"Life FM\",\"potentialAction\":[{\"@type\":\"SearchAction\",\"target\":{\"@type\":\"EntryPoint\",\"urlTemplate\":\"https:\/\/radiolifefm.com.br\/noticias\/?s={search_term_string}\"},\"query-input\":{\"@type\":\"PropertyValueSpecification\",\"valueRequired\":true,\"valueName\":\"search_term_string\"}}],\"inLanguage\":\"pt-BR\"},{\"@type\":\"Organization\",\"@id\":\"https:\/\/radiolifefm.com.br\/noticias\/#organization\",\"name\":\"R\u00e1dio Life FM\",\"alternateName\":\"Life FM\",\"url\":\"https:\/\/radiolifefm.com.br\/noticias\/\",\"logo\":{\"@type\":\"ImageObject\",\"inLanguage\":\"pt-BR\",\"@id\":\"https:\/\/radiolifefm.com.br\/noticias\/#\/schema\/logo\/image\/\",\"url\":\"https:\/\/static.radiolifefm.com.br\/noticias\/wp-content\/uploads\/2019\/10\/logo-lifefm.png\",\"contentUrl\":\"https:\/\/static.radiolifefm.com.br\/noticias\/wp-content\/uploads\/2019\/10\/logo-lifefm.png\",\"width\":196,\"height\":47,\"caption\":\"R\u00e1dio Life FM\"},\"image\":{\"@id\":\"https:\/\/radiolifefm.com.br\/noticias\/#\/schema\/logo\/image\/\"},\"sameAs\":[\"https:\/\/www.facebook.com\/radiolifefm\/\",\"https:\/\/www.instagram.com\/life1079fm\/\"]},{\"@type\":\"Person\",\"@id\":\"https:\/\/radiolifefm.com.br\/noticias\/#\/schema\/person\/6339b9fac59d12b071dec680d7375d87\",\"name\":\"ritanery\",\"image\":{\"@type\":\"ImageObject\",\"inLanguage\":\"pt-BR\",\"@id\":\"https:\/\/secure.gravatar.com\/avatar\/0e37bb19071f47c0b8a23f62a903df117c5a0e75f65a0c2901562f97cd41cf86?s=96&d=mm&r=g\",\"url\":\"https:\/\/secure.gravatar.com\/avatar\/0e37bb19071f47c0b8a23f62a903df117c5a0e75f65a0c2901562f97cd41cf86?s=96&d=mm&r=g\",\"contentUrl\":\"https:\/\/secure.gravatar.com\/avatar\/0e37bb19071f47c0b8a23f62a903df117c5a0e75f65a0c2901562f97cd41cf86?s=96&d=mm&r=g\",\"caption\":\"ritanery\"}}]}<\/script>\n<!-- \/ Yoast SEO plugin. -->","yoast_head_json":{"title":"Moradores relatam abandono da Pra\u00e7a da Estrela; procurada, Prefeitura n\u00e3o responde ao SIGA MAIS - R\u00e1dio Life FM","robots":{"index":"index","follow":"follow","max-snippet":"max-snippet:-1","max-image-preview":"max-image-preview:large","max-video-preview":"max-video-preview:-1"},"canonical":"https:\/\/radiolifefm.com.br\/noticias\/moradores-relatam-abandono-da-praca-da-estrela-procurada-prefeitura-nao-responde-ao-siga-mais\/","og_locale":"pt_BR","og_type":"article","og_title":"Moradores relatam abandono da Pra\u00e7a da Estrela; procurada, Prefeitura n\u00e3o responde ao SIGA MAIS - R\u00e1dio Life FM","og_description":"Moradores que residem nas proximidades da Pra\u00e7a Jos\u00e9 Parrila (Pra\u00e7a da Estrela) procuraram o SIGA MAIS onde reclamaram a deprecia\u00e7\u00e3o do local, que n\u00e3o recebe melhorias e cuidados. Seria realizado apenas os servi\u00e7os b\u00e1sicos de zeladoria, como varri\u00e7\u00e3o e eventuais podas, por\u00e9m sem qualquer movimento do poder p\u00fablico no sentido de recuperar as cal\u00e7adas, mobili\u00e1rio [&hellip;]","og_url":"https:\/\/radiolifefm.com.br\/noticias\/moradores-relatam-abandono-da-praca-da-estrela-procurada-prefeitura-nao-responde-ao-siga-mais\/","og_site_name":"R\u00e1dio Life FM","article_publisher":"https:\/\/www.facebook.com\/radiolifefm\/","article_published_time":"2021-08-20T01:09:45+00:00","article_modified_time":"2026-04-17T11:50:59+00:00","og_image":[{"width":600,"height":337,"url":"https:\/\/radiolifefm.com.br\/noticias\/wp-content\/uploads\/2021\/08\/img6595jpg1629396947611e9fd3bf558.jpeg","type":"image\/jpeg"}],"author":"ritanery","twitter_card":"summary_large_image","twitter_misc":{"Escrito por":"ritanery","Est. tempo de leitura":"3 minutos"},"schema":{"@context":"https:\/\/schema.org","@graph":[{"@type":"Article","@id":"https:\/\/radiolifefm.com.br\/noticias\/moradores-relatam-abandono-da-praca-da-estrela-procurada-prefeitura-nao-responde-ao-siga-mais\/#article","isPartOf":{"@id":"https:\/\/radiolifefm.com.br\/noticias\/moradores-relatam-abandono-da-praca-da-estrela-procurada-prefeitura-nao-responde-ao-siga-mais\/"},"author":{"name":"ritanery","@id":"https:\/\/radiolifefm.com.br\/noticias\/#\/schema\/person\/6339b9fac59d12b071dec680d7375d87"},"headline":"Moradores relatam abandono da Pra\u00e7a da Estrela; procurada, Prefeitura n\u00e3o responde ao SIGA MAIS","datePublished":"2021-08-20T01:09:45+00:00","dateModified":"2026-04-17T11:50:59+00:00","mainEntityOfPage":{"@id":"https:\/\/radiolifefm.com.br\/noticias\/moradores-relatam-abandono-da-praca-da-estrela-procurada-prefeitura-nao-responde-ao-siga-mais\/"},"wordCount":752,"publisher":{"@id":"https:\/\/radiolifefm.com.br\/noticias\/#organization"},"image":{"@id":"https:\/\/radiolifefm.com.br\/noticias\/moradores-relatam-abandono-da-praca-da-estrela-procurada-prefeitura-nao-responde-ao-siga-mais\/#primaryimage"},"thumbnailUrl":"https:\/\/radiolifefm.com.br\/noticias\/wp-content\/uploads\/2021\/08\/img6595jpg1629396947611e9fd3bf558.jpeg","articleSection":["Adamantina"],"inLanguage":"pt-BR"},{"@type":"WebPage","@id":"https:\/\/radiolifefm.com.br\/noticias\/moradores-relatam-abandono-da-praca-da-estrela-procurada-prefeitura-nao-responde-ao-siga-mais\/","url":"https:\/\/radiolifefm.com.br\/noticias\/moradores-relatam-abandono-da-praca-da-estrela-procurada-prefeitura-nao-responde-ao-siga-mais\/","name":"Moradores relatam abandono da Pra\u00e7a da Estrela; procurada, Prefeitura n\u00e3o responde ao SIGA MAIS - R\u00e1dio Life FM","isPartOf":{"@id":"https:\/\/radiolifefm.com.br\/noticias\/#website"},"primaryImageOfPage":{"@id":"https:\/\/radiolifefm.com.br\/noticias\/moradores-relatam-abandono-da-praca-da-estrela-procurada-prefeitura-nao-responde-ao-siga-mais\/#primaryimage"},"image":{"@id":"https:\/\/radiolifefm.com.br\/noticias\/moradores-relatam-abandono-da-praca-da-estrela-procurada-prefeitura-nao-responde-ao-siga-mais\/#primaryimage"},"thumbnailUrl":"https:\/\/radiolifefm.com.br\/noticias\/wp-content\/uploads\/2021\/08\/img6595jpg1629396947611e9fd3bf558.jpeg","datePublished":"2021-08-20T01:09:45+00:00","dateModified":"2026-04-17T11:50:59+00:00","breadcrumb":{"@id":"https:\/\/radiolifefm.com.br\/noticias\/moradores-relatam-abandono-da-praca-da-estrela-procurada-prefeitura-nao-responde-ao-siga-mais\/#breadcrumb"},"inLanguage":"pt-BR","potentialAction":[{"@type":"ReadAction","target":["https:\/\/radiolifefm.com.br\/noticias\/moradores-relatam-abandono-da-praca-da-estrela-procurada-prefeitura-nao-responde-ao-siga-mais\/"]}]},{"@type":"ImageObject","inLanguage":"pt-BR","@id":"https:\/\/radiolifefm.com.br\/noticias\/moradores-relatam-abandono-da-praca-da-estrela-procurada-prefeitura-nao-responde-ao-siga-mais\/#primaryimage","url":"https:\/\/radiolifefm.com.br\/noticias\/wp-content\/uploads\/2021\/08\/img6595jpg1629396947611e9fd3bf558.jpeg","contentUrl":"https:\/\/radiolifefm.com.br\/noticias\/wp-content\/uploads\/2021\/08\/img6595jpg1629396947611e9fd3bf558.jpeg","width":600,"height":337,"caption":"Reclama\u00e7\u00f5es s\u00e3o dos moradores. Pela C\u00e2mara Municipal h\u00e1 pedidos de vereadores, desde 2018."},{"@type":"BreadcrumbList","@id":"https:\/\/radiolifefm.com.br\/noticias\/moradores-relatam-abandono-da-praca-da-estrela-procurada-prefeitura-nao-responde-ao-siga-mais\/#breadcrumb","itemListElement":[{"@type":"ListItem","position":1,"name":"In\u00edcio","item":"https:\/\/radiolifefm.com.br\/noticias\/"},{"@type":"ListItem","position":2,"name":"Moradores relatam abandono da Pra\u00e7a da Estrela; procurada, Prefeitura n\u00e3o responde ao SIGA MAIS"}]},{"@type":"WebSite","@id":"https:\/\/radiolifefm.com.br\/noticias\/#website","url":"https:\/\/radiolifefm.com.br\/noticias\/","name":"R\u00e1dio Life FM","description":"O Portal de Not\u00edcias de Adamantina","publisher":{"@id":"https:\/\/radiolifefm.com.br\/noticias\/#organization"},"alternateName":"Life FM","potentialAction":[{"@type":"SearchAction","target":{"@type":"EntryPoint","urlTemplate":"https:\/\/radiolifefm.com.br\/noticias\/?s={search_term_string}"},"query-input":{"@type":"PropertyValueSpecification","valueRequired":true,"valueName":"search_term_string"}}],"inLanguage":"pt-BR"},{"@type":"Organization","@id":"https:\/\/radiolifefm.com.br\/noticias\/#organization","name":"R\u00e1dio Life FM","alternateName":"Life FM","url":"https:\/\/radiolifefm.com.br\/noticias\/","logo":{"@type":"ImageObject","inLanguage":"pt-BR","@id":"https:\/\/radiolifefm.com.br\/noticias\/#\/schema\/logo\/image\/","url":"https:\/\/static.radiolifefm.com.br\/noticias\/wp-content\/uploads\/2019\/10\/logo-lifefm.png","contentUrl":"https:\/\/static.radiolifefm.com.br\/noticias\/wp-content\/uploads\/2019\/10\/logo-lifefm.png","width":196,"height":47,"caption":"R\u00e1dio Life FM"},"image":{"@id":"https:\/\/radiolifefm.com.br\/noticias\/#\/schema\/logo\/image\/"},"sameAs":["https:\/\/www.facebook.com\/radiolifefm\/","https:\/\/www.instagram.com\/life1079fm\/"]},{"@type":"Person","@id":"https:\/\/radiolifefm.com.br\/noticias\/#\/schema\/person\/6339b9fac59d12b071dec680d7375d87","name":"ritanery","image":{"@type":"ImageObject","inLanguage":"pt-BR","@id":"https:\/\/secure.gravatar.com\/avatar\/0e37bb19071f47c0b8a23f62a903df117c5a0e75f65a0c2901562f97cd41cf86?s=96&d=mm&r=g","url":"https:\/\/secure.gravatar.com\/avatar\/0e37bb19071f47c0b8a23f62a903df117c5a0e75f65a0c2901562f97cd41cf86?s=96&d=mm&r=g","contentUrl":"https:\/\/secure.gravatar.com\/avatar\/0e37bb19071f47c0b8a23f62a903df117c5a0e75f65a0c2901562f97cd41cf86?s=96&d=mm&r=g","caption":"ritanery"}}]}},"amp_enabled":true,"_links":{"self":[{"href":"https:\/\/radiolifefm.com.br\/noticias\/wp-json\/wp\/v2\/posts\/41892","targetHints":{"allow":["GET"]}}],"collection":[{"href":"https:\/\/radiolifefm.com.br\/noticias\/wp-json\/wp\/v2\/posts"}],"about":[{"href":"https:\/\/radiolifefm.com.br\/noticias\/wp-json\/wp\/v2\/types\/post"}],"author":[{"embeddable":true,"href":"https:\/\/radiolifefm.com.br\/noticias\/wp-json\/wp\/v2\/users\/13"}],"replies":[{"embeddable":true,"href":"https:\/\/radiolifefm.com.br\/noticias\/wp-json\/wp\/v2\/comments?post=41892"}],"version-history":[{"count":2,"href":"https:\/\/radiolifefm.com.br\/noticias\/wp-json\/wp\/v2\/posts\/41892\/revisions"}],"predecessor-version":[{"id":41908,"href":"https:\/\/radiolifefm.com.br\/noticias\/wp-json\/wp\/v2\/posts\/41892\/revisions\/41908"}],"wp:featuredmedia":[{"embeddable":true,"href":"https:\/\/radiolifefm.com.br\/noticias\/wp-json\/wp\/v2\/media\/41893"}],"wp:attachment":[{"href":"https:\/\/radiolifefm.com.br\/noticias\/wp-json\/wp\/v2\/media?parent=41892"}],"wp:term":[{"taxonomy":"category","embeddable":true,"href":"https:\/\/radiolifefm.com.br\/noticias\/wp-json\/wp\/v2\/categories?post=41892"},{"taxonomy":"post_tag","embeddable":true,"href":"https:\/\/radiolifefm.com.br\/noticias\/wp-json\/wp\/v2\/tags?post=41892"}],"curies":[{"name":"wp","href":"https:\/\/api.w.org\/{rel}","templated":true}]}}