{"id":41844,"date":"2021-08-18T22:33:57","date_gmt":"2021-08-19T01:33:57","guid":{"rendered":"https:\/\/radiolifefm.com.br\/noticias\/?p=41844"},"modified":"2026-04-08T22:42:53","modified_gmt":"2026-04-09T01:42:53","slug":"prefeitura-de-adamantina-finaliza-adequacoes-para-funcionamento-dos-aparelhos-de-ar-condicionado-na-emef-navarro-de-andrade","status":"publish","type":"post","link":"https:\/\/radiolifefm.com.br\/noticias\/prefeitura-de-adamantina-finaliza-adequacoes-para-funcionamento-dos-aparelhos-de-ar-condicionado-na-emef-navarro-de-andrade\/","title":{"rendered":"Prefeitura de Adamantina finaliza adequa\u00e7\u00f5es para funcionamento dos aparelhos de ar-condicionado na EMEF Navarro de Andrade"},"content":{"rendered":"<div id=\"fb-root\"><\/div>\n<p>A Prefeitura de Adamantina, por meio da Secretaria de Educa\u00e7\u00e3o, instalou em todas as escolas municipais 163 aparelhos de ar-condicionado.<\/p>\n<p>&nbsp;<\/p>\n<p>Contudo, foram necess\u00e1rias adequa\u00e7\u00f5es el\u00e9tricas. Nesta semana, esse processo foi finalizado atrav\u00e9s da liga\u00e7\u00e3o de um novo transformador na EMEF Navarro de Andrade.<\/p>\n<p>&nbsp;<\/p>\n<p>Conforme explica o secret\u00e1rio de educa\u00e7\u00e3o, Osvaldo Jos\u00e9, al\u00e9m do transformador pr\u00f3prio da unidade escolar, foi criada uma nova rede de energia interna somente para os quadros que ligam os ares-condicionados.<\/p>\n<p>&nbsp;<\/p>\n<p>\u201cAgora, todas as unidades escolares podem oferecer um ambiente climatizado e prop\u00edcio para que as nossas crian\u00e7as aprendam mais e melhor nessa retomada que ainda acontece de forma gradual\u201d, pontua o secret\u00e1rio.<\/p>\n<p>&nbsp;<\/p>\n<p>Para a execu\u00e7\u00e3o da melhoria, foi investido o montante de R$120 mil em recursos pr\u00f3prios.<\/p>\n<p>&nbsp;<\/p>\n<p><strong>Relembre<\/strong><\/p>\n<p>Al\u00e9m da EMEF Navarro de Andrade, foram instalados os equipamentos na EMEF Eurico Leite de Moraes e\u00a0EMEF Teruyo Kikuta, totalizando 93 aparelhos de ar-condicionado.<\/p>\n<p>&nbsp;<\/p>\n<p>Para as EMEIs Ciclo I, foram entregues 74 unidades. As unidades de ensino beneficiadas foram: EMEI Ciclo I Pequeno Pr\u00edncipe; EMEI Ciclo I Crian\u00e7a Feliz; EMEI Ciclo I Cantinho da Crian\u00e7a; EMEI Ciclo I Pequeno Polegar; EMEI Ciclo I Raio de Sol; EMEI Ciclo I Sonho de Crian\u00e7a; EMEI Monteiro Lobato; EMEI Cec\u00edlia Meireles;<\/p>\n<p>&nbsp;<\/p>\n<p>As unidades escolares que pertencem ao ciclo II e que receberam mais 23 aparelhos s\u00e3o:\u00a0EMEI Ciclo II Prof\u00aa Eul\u00e1lia Paschoal Brighenti; EMEI Ciclo II Prof\u00aa Eunice Maris e EMEI Ciclo II Domingos Latine.<\/p>\n<p>&nbsp;<\/p>\n<p><strong>Cadastramento em creches continua<\/strong><\/p>\n<p>At\u00e9 o dia 30 de agosto est\u00e1 sendo realizado o cadastramento dos alunos que completam 4 anos at\u00e9 o dia 30 de junho de 2022 e que n\u00e3o est\u00e3o matriculados em nenhuma unidade escolar do munic\u00edpio.<\/p>\n<p>&nbsp;<\/p>\n<p>Os pais ou respons\u00e1veis dever\u00e3o comparecer na Secretaria de Educa\u00e7\u00e3o com a certid\u00e3o de nascimento e o comprovante de endere\u00e7o para efetuar o cadastramento para o pr\u00f3ximo ano letivo.<\/p>\n<p>&nbsp;<\/p>\n<p>A Secretaria de Educa\u00e7\u00e3o de Adamantina est\u00e1 situada na Pra\u00e7a Tiradentes, 546 \u2013 Centro. O hor\u00e1rio de atendimento \u00e9 das 8h \u00e0s 11h e das 13h \u00e0s 17h. Mais informa\u00e7\u00f5es podem ser obtidas pelos telefones (18) 3521-3302 \/ (18) 3522-1455\/ (18) 3522-3559.<\/p>\n<p>&nbsp;<\/p>\n<p>Fonte: Assessoria de Imprensa<\/p>\n","protected":false},"excerpt":{"rendered":"<p>A Prefeitura de Adamantina, por meio da Secretaria de Educa\u00e7\u00e3o, instalou em todas as escolas municipais 163 aparelhos de ar-condicionado. &nbsp; Contudo, foram necess\u00e1rias adequa\u00e7\u00f5es el\u00e9tricas. Nesta semana, esse processo foi finalizado atrav\u00e9s da liga\u00e7\u00e3o de um novo transformador na EMEF Navarro de Andrade. &nbsp; Conforme explica o secret\u00e1rio de educa\u00e7\u00e3o, Osvaldo Jos\u00e9, al\u00e9m do [&hellip;]<\/p>\n","protected":false},"author":13,"featured_media":41845,"comment_status":"closed","ping_status":"open","sticky":false,"template":"","format":"standard","meta":{"_acf_changed":false,"_exactmetrics_skip_tracking":false,"_exactmetrics_sitenote_active":false,"_exactmetrics_sitenote_note":"","_exactmetrics_sitenote_category":0,"footnotes":""},"categories":[21],"tags":[],"class_list":["post-41844","post","type-post","status-publish","format-standard","has-post-thumbnail","hentry","category-adamantina"],"acf":[],"yoast_head":"<!-- This site is optimized with the Yoast SEO plugin v27.2 - https:\/\/yoast.com\/product\/yoast-seo-wordpress\/ -->\n<title>Prefeitura de Adamantina finaliza adequa\u00e7\u00f5es para funcionamento dos aparelhos de ar-condicionado na EMEF Navarro de Andrade - R\u00e1dio Life FM<\/title>\n<meta name=\"robots\" content=\"index, follow, max-snippet:-1, max-image-preview:large, max-video-preview:-1\" \/>\n<link rel=\"canonical\" href=\"https:\/\/radiolifefm.com.br\/noticias\/prefeitura-de-adamantina-finaliza-adequacoes-para-funcionamento-dos-aparelhos-de-ar-condicionado-na-emef-navarro-de-andrade\/\" \/>\n<meta property=\"og:locale\" content=\"pt_BR\" \/>\n<meta property=\"og:type\" content=\"article\" \/>\n<meta property=\"og:title\" content=\"Prefeitura de Adamantina finaliza adequa\u00e7\u00f5es para funcionamento dos aparelhos de ar-condicionado na EMEF Navarro de Andrade - R\u00e1dio Life FM\" \/>\n<meta property=\"og:description\" content=\"A Prefeitura de Adamantina, por meio da Secretaria de Educa\u00e7\u00e3o, instalou em todas as escolas municipais 163 aparelhos de ar-condicionado. &nbsp; Contudo, foram necess\u00e1rias adequa\u00e7\u00f5es el\u00e9tricas. Nesta semana, esse processo foi finalizado atrav\u00e9s da liga\u00e7\u00e3o de um novo transformador na EMEF Navarro de Andrade. &nbsp; Conforme explica o secret\u00e1rio de educa\u00e7\u00e3o, Osvaldo Jos\u00e9, al\u00e9m do [&hellip;]\" \/>\n<meta property=\"og:url\" content=\"https:\/\/radiolifefm.com.br\/noticias\/prefeitura-de-adamantina-finaliza-adequacoes-para-funcionamento-dos-aparelhos-de-ar-condicionado-na-emef-navarro-de-andrade\/\" \/>\n<meta property=\"og:site_name\" content=\"R\u00e1dio Life FM\" \/>\n<meta property=\"article:publisher\" content=\"https:\/\/www.facebook.com\/radiolifefm\/\" \/>\n<meta property=\"article:published_time\" content=\"2021-08-19T01:33:57+00:00\" \/>\n<meta property=\"article:modified_time\" content=\"2026-04-09T01:42:53+00:00\" \/>\n<meta property=\"og:image\" content=\"https:\/\/radiolifefm.com.br\/noticias\/wp-content\/uploads\/2021\/08\/foto-3.jpg\" \/>\n\t<meta property=\"og:image:width\" content=\"1200\" \/>\n\t<meta property=\"og:image:height\" content=\"1600\" \/>\n\t<meta property=\"og:image:type\" content=\"image\/jpeg\" \/>\n<meta name=\"author\" content=\"ritanery\" \/>\n<meta name=\"twitter:card\" content=\"summary_large_image\" \/>\n<meta name=\"twitter:label1\" content=\"Escrito por\" \/>\n\t<meta name=\"twitter:data1\" content=\"ritanery\" \/>\n\t<meta name=\"twitter:label2\" content=\"Est. tempo de leitura\" \/>\n\t<meta name=\"twitter:data2\" content=\"2 minutos\" \/>\n<script type=\"application\/ld+json\" class=\"yoast-schema-graph\">{\"@context\":\"https:\/\/schema.org\",\"@graph\":[{\"@type\":\"Article\",\"@id\":\"https:\/\/radiolifefm.com.br\/noticias\/prefeitura-de-adamantina-finaliza-adequacoes-para-funcionamento-dos-aparelhos-de-ar-condicionado-na-emef-navarro-de-andrade\/#article\",\"isPartOf\":{\"@id\":\"https:\/\/radiolifefm.com.br\/noticias\/prefeitura-de-adamantina-finaliza-adequacoes-para-funcionamento-dos-aparelhos-de-ar-condicionado-na-emef-navarro-de-andrade\/\"},\"author\":{\"name\":\"ritanery\",\"@id\":\"https:\/\/radiolifefm.com.br\/noticias\/#\/schema\/person\/6339b9fac59d12b071dec680d7375d87\"},\"headline\":\"Prefeitura de Adamantina finaliza adequa\u00e7\u00f5es para funcionamento dos aparelhos de ar-condicionado na EMEF Navarro de Andrade\",\"datePublished\":\"2021-08-19T01:33:57+00:00\",\"dateModified\":\"2026-04-09T01:42:53+00:00\",\"mainEntityOfPage\":{\"@id\":\"https:\/\/radiolifefm.com.br\/noticias\/prefeitura-de-adamantina-finaliza-adequacoes-para-funcionamento-dos-aparelhos-de-ar-condicionado-na-emef-navarro-de-andrade\/\"},\"wordCount\":399,\"publisher\":{\"@id\":\"https:\/\/radiolifefm.com.br\/noticias\/#organization\"},\"image\":{\"@id\":\"https:\/\/radiolifefm.com.br\/noticias\/prefeitura-de-adamantina-finaliza-adequacoes-para-funcionamento-dos-aparelhos-de-ar-condicionado-na-emef-navarro-de-andrade\/#primaryimage\"},\"thumbnailUrl\":\"https:\/\/radiolifefm.com.br\/noticias\/wp-content\/uploads\/2021\/08\/foto-3.jpg\",\"articleSection\":[\"Adamantina\"],\"inLanguage\":\"pt-BR\"},{\"@type\":\"WebPage\",\"@id\":\"https:\/\/radiolifefm.com.br\/noticias\/prefeitura-de-adamantina-finaliza-adequacoes-para-funcionamento-dos-aparelhos-de-ar-condicionado-na-emef-navarro-de-andrade\/\",\"url\":\"https:\/\/radiolifefm.com.br\/noticias\/prefeitura-de-adamantina-finaliza-adequacoes-para-funcionamento-dos-aparelhos-de-ar-condicionado-na-emef-navarro-de-andrade\/\",\"name\":\"Prefeitura de Adamantina finaliza adequa\u00e7\u00f5es para funcionamento dos aparelhos de ar-condicionado na EMEF Navarro de Andrade - R\u00e1dio Life FM\",\"isPartOf\":{\"@id\":\"https:\/\/radiolifefm.com.br\/noticias\/#website\"},\"primaryImageOfPage\":{\"@id\":\"https:\/\/radiolifefm.com.br\/noticias\/prefeitura-de-adamantina-finaliza-adequacoes-para-funcionamento-dos-aparelhos-de-ar-condicionado-na-emef-navarro-de-andrade\/#primaryimage\"},\"image\":{\"@id\":\"https:\/\/radiolifefm.com.br\/noticias\/prefeitura-de-adamantina-finaliza-adequacoes-para-funcionamento-dos-aparelhos-de-ar-condicionado-na-emef-navarro-de-andrade\/#primaryimage\"},\"thumbnailUrl\":\"https:\/\/radiolifefm.com.br\/noticias\/wp-content\/uploads\/2021\/08\/foto-3.jpg\",\"datePublished\":\"2021-08-19T01:33:57+00:00\",\"dateModified\":\"2026-04-09T01:42:53+00:00\",\"breadcrumb\":{\"@id\":\"https:\/\/radiolifefm.com.br\/noticias\/prefeitura-de-adamantina-finaliza-adequacoes-para-funcionamento-dos-aparelhos-de-ar-condicionado-na-emef-navarro-de-andrade\/#breadcrumb\"},\"inLanguage\":\"pt-BR\",\"potentialAction\":[{\"@type\":\"ReadAction\",\"target\":[\"https:\/\/radiolifefm.com.br\/noticias\/prefeitura-de-adamantina-finaliza-adequacoes-para-funcionamento-dos-aparelhos-de-ar-condicionado-na-emef-navarro-de-andrade\/\"]}]},{\"@type\":\"ImageObject\",\"inLanguage\":\"pt-BR\",\"@id\":\"https:\/\/radiolifefm.com.br\/noticias\/prefeitura-de-adamantina-finaliza-adequacoes-para-funcionamento-dos-aparelhos-de-ar-condicionado-na-emef-navarro-de-andrade\/#primaryimage\",\"url\":\"https:\/\/radiolifefm.com.br\/noticias\/wp-content\/uploads\/2021\/08\/foto-3.jpg\",\"contentUrl\":\"https:\/\/radiolifefm.com.br\/noticias\/wp-content\/uploads\/2021\/08\/foto-3.jpg\",\"width\":1200,\"height\":1600},{\"@type\":\"BreadcrumbList\",\"@id\":\"https:\/\/radiolifefm.com.br\/noticias\/prefeitura-de-adamantina-finaliza-adequacoes-para-funcionamento-dos-aparelhos-de-ar-condicionado-na-emef-navarro-de-andrade\/#breadcrumb\",\"itemListElement\":[{\"@type\":\"ListItem\",\"position\":1,\"name\":\"In\u00edcio\",\"item\":\"https:\/\/radiolifefm.com.br\/noticias\/\"},{\"@type\":\"ListItem\",\"position\":2,\"name\":\"Prefeitura de Adamantina finaliza adequa\u00e7\u00f5es para funcionamento dos aparelhos de ar-condicionado na EMEF Navarro de Andrade\"}]},{\"@type\":\"WebSite\",\"@id\":\"https:\/\/radiolifefm.com.br\/noticias\/#website\",\"url\":\"https:\/\/radiolifefm.com.br\/noticias\/\",\"name\":\"R\u00e1dio Life FM\",\"description\":\"O Portal de Not\u00edcias de Adamantina\",\"publisher\":{\"@id\":\"https:\/\/radiolifefm.com.br\/noticias\/#organization\"},\"alternateName\":\"Life FM\",\"potentialAction\":[{\"@type\":\"SearchAction\",\"target\":{\"@type\":\"EntryPoint\",\"urlTemplate\":\"https:\/\/radiolifefm.com.br\/noticias\/?s={search_term_string}\"},\"query-input\":{\"@type\":\"PropertyValueSpecification\",\"valueRequired\":true,\"valueName\":\"search_term_string\"}}],\"inLanguage\":\"pt-BR\"},{\"@type\":\"Organization\",\"@id\":\"https:\/\/radiolifefm.com.br\/noticias\/#organization\",\"name\":\"R\u00e1dio Life FM\",\"alternateName\":\"Life FM\",\"url\":\"https:\/\/radiolifefm.com.br\/noticias\/\",\"logo\":{\"@type\":\"ImageObject\",\"inLanguage\":\"pt-BR\",\"@id\":\"https:\/\/radiolifefm.com.br\/noticias\/#\/schema\/logo\/image\/\",\"url\":\"https:\/\/static.radiolifefm.com.br\/noticias\/wp-content\/uploads\/2019\/10\/logo-lifefm.png\",\"contentUrl\":\"https:\/\/static.radiolifefm.com.br\/noticias\/wp-content\/uploads\/2019\/10\/logo-lifefm.png\",\"width\":196,\"height\":47,\"caption\":\"R\u00e1dio Life FM\"},\"image\":{\"@id\":\"https:\/\/radiolifefm.com.br\/noticias\/#\/schema\/logo\/image\/\"},\"sameAs\":[\"https:\/\/www.facebook.com\/radiolifefm\/\",\"https:\/\/www.instagram.com\/life1079fm\/\"]},{\"@type\":\"Person\",\"@id\":\"https:\/\/radiolifefm.com.br\/noticias\/#\/schema\/person\/6339b9fac59d12b071dec680d7375d87\",\"name\":\"ritanery\",\"image\":{\"@type\":\"ImageObject\",\"inLanguage\":\"pt-BR\",\"@id\":\"https:\/\/secure.gravatar.com\/avatar\/0e37bb19071f47c0b8a23f62a903df117c5a0e75f65a0c2901562f97cd41cf86?s=96&d=mm&r=g\",\"url\":\"https:\/\/secure.gravatar.com\/avatar\/0e37bb19071f47c0b8a23f62a903df117c5a0e75f65a0c2901562f97cd41cf86?s=96&d=mm&r=g\",\"contentUrl\":\"https:\/\/secure.gravatar.com\/avatar\/0e37bb19071f47c0b8a23f62a903df117c5a0e75f65a0c2901562f97cd41cf86?s=96&d=mm&r=g\",\"caption\":\"ritanery\"}}]}<\/script>\n<!-- \/ Yoast SEO plugin. -->","yoast_head_json":{"title":"Prefeitura de Adamantina finaliza adequa\u00e7\u00f5es para funcionamento dos aparelhos de ar-condicionado na EMEF Navarro de Andrade - R\u00e1dio Life FM","robots":{"index":"index","follow":"follow","max-snippet":"max-snippet:-1","max-image-preview":"max-image-preview:large","max-video-preview":"max-video-preview:-1"},"canonical":"https:\/\/radiolifefm.com.br\/noticias\/prefeitura-de-adamantina-finaliza-adequacoes-para-funcionamento-dos-aparelhos-de-ar-condicionado-na-emef-navarro-de-andrade\/","og_locale":"pt_BR","og_type":"article","og_title":"Prefeitura de Adamantina finaliza adequa\u00e7\u00f5es para funcionamento dos aparelhos de ar-condicionado na EMEF Navarro de Andrade - R\u00e1dio Life FM","og_description":"A Prefeitura de Adamantina, por meio da Secretaria de Educa\u00e7\u00e3o, instalou em todas as escolas municipais 163 aparelhos de ar-condicionado. &nbsp; Contudo, foram necess\u00e1rias adequa\u00e7\u00f5es el\u00e9tricas. Nesta semana, esse processo foi finalizado atrav\u00e9s da liga\u00e7\u00e3o de um novo transformador na EMEF Navarro de Andrade. &nbsp; Conforme explica o secret\u00e1rio de educa\u00e7\u00e3o, Osvaldo Jos\u00e9, al\u00e9m do [&hellip;]","og_url":"https:\/\/radiolifefm.com.br\/noticias\/prefeitura-de-adamantina-finaliza-adequacoes-para-funcionamento-dos-aparelhos-de-ar-condicionado-na-emef-navarro-de-andrade\/","og_site_name":"R\u00e1dio Life FM","article_publisher":"https:\/\/www.facebook.com\/radiolifefm\/","article_published_time":"2021-08-19T01:33:57+00:00","article_modified_time":"2026-04-09T01:42:53+00:00","og_image":[{"width":1200,"height":1600,"url":"https:\/\/radiolifefm.com.br\/noticias\/wp-content\/uploads\/2021\/08\/foto-3.jpg","type":"image\/jpeg"}],"author":"ritanery","twitter_card":"summary_large_image","twitter_misc":{"Escrito por":"ritanery","Est. tempo de leitura":"2 minutos"},"schema":{"@context":"https:\/\/schema.org","@graph":[{"@type":"Article","@id":"https:\/\/radiolifefm.com.br\/noticias\/prefeitura-de-adamantina-finaliza-adequacoes-para-funcionamento-dos-aparelhos-de-ar-condicionado-na-emef-navarro-de-andrade\/#article","isPartOf":{"@id":"https:\/\/radiolifefm.com.br\/noticias\/prefeitura-de-adamantina-finaliza-adequacoes-para-funcionamento-dos-aparelhos-de-ar-condicionado-na-emef-navarro-de-andrade\/"},"author":{"name":"ritanery","@id":"https:\/\/radiolifefm.com.br\/noticias\/#\/schema\/person\/6339b9fac59d12b071dec680d7375d87"},"headline":"Prefeitura de Adamantina finaliza adequa\u00e7\u00f5es para funcionamento dos aparelhos de ar-condicionado na EMEF Navarro de Andrade","datePublished":"2021-08-19T01:33:57+00:00","dateModified":"2026-04-09T01:42:53+00:00","mainEntityOfPage":{"@id":"https:\/\/radiolifefm.com.br\/noticias\/prefeitura-de-adamantina-finaliza-adequacoes-para-funcionamento-dos-aparelhos-de-ar-condicionado-na-emef-navarro-de-andrade\/"},"wordCount":399,"publisher":{"@id":"https:\/\/radiolifefm.com.br\/noticias\/#organization"},"image":{"@id":"https:\/\/radiolifefm.com.br\/noticias\/prefeitura-de-adamantina-finaliza-adequacoes-para-funcionamento-dos-aparelhos-de-ar-condicionado-na-emef-navarro-de-andrade\/#primaryimage"},"thumbnailUrl":"https:\/\/radiolifefm.com.br\/noticias\/wp-content\/uploads\/2021\/08\/foto-3.jpg","articleSection":["Adamantina"],"inLanguage":"pt-BR"},{"@type":"WebPage","@id":"https:\/\/radiolifefm.com.br\/noticias\/prefeitura-de-adamantina-finaliza-adequacoes-para-funcionamento-dos-aparelhos-de-ar-condicionado-na-emef-navarro-de-andrade\/","url":"https:\/\/radiolifefm.com.br\/noticias\/prefeitura-de-adamantina-finaliza-adequacoes-para-funcionamento-dos-aparelhos-de-ar-condicionado-na-emef-navarro-de-andrade\/","name":"Prefeitura de Adamantina finaliza adequa\u00e7\u00f5es para funcionamento dos aparelhos de ar-condicionado na EMEF Navarro de Andrade - R\u00e1dio Life FM","isPartOf":{"@id":"https:\/\/radiolifefm.com.br\/noticias\/#website"},"primaryImageOfPage":{"@id":"https:\/\/radiolifefm.com.br\/noticias\/prefeitura-de-adamantina-finaliza-adequacoes-para-funcionamento-dos-aparelhos-de-ar-condicionado-na-emef-navarro-de-andrade\/#primaryimage"},"image":{"@id":"https:\/\/radiolifefm.com.br\/noticias\/prefeitura-de-adamantina-finaliza-adequacoes-para-funcionamento-dos-aparelhos-de-ar-condicionado-na-emef-navarro-de-andrade\/#primaryimage"},"thumbnailUrl":"https:\/\/radiolifefm.com.br\/noticias\/wp-content\/uploads\/2021\/08\/foto-3.jpg","datePublished":"2021-08-19T01:33:57+00:00","dateModified":"2026-04-09T01:42:53+00:00","breadcrumb":{"@id":"https:\/\/radiolifefm.com.br\/noticias\/prefeitura-de-adamantina-finaliza-adequacoes-para-funcionamento-dos-aparelhos-de-ar-condicionado-na-emef-navarro-de-andrade\/#breadcrumb"},"inLanguage":"pt-BR","potentialAction":[{"@type":"ReadAction","target":["https:\/\/radiolifefm.com.br\/noticias\/prefeitura-de-adamantina-finaliza-adequacoes-para-funcionamento-dos-aparelhos-de-ar-condicionado-na-emef-navarro-de-andrade\/"]}]},{"@type":"ImageObject","inLanguage":"pt-BR","@id":"https:\/\/radiolifefm.com.br\/noticias\/prefeitura-de-adamantina-finaliza-adequacoes-para-funcionamento-dos-aparelhos-de-ar-condicionado-na-emef-navarro-de-andrade\/#primaryimage","url":"https:\/\/radiolifefm.com.br\/noticias\/wp-content\/uploads\/2021\/08\/foto-3.jpg","contentUrl":"https:\/\/radiolifefm.com.br\/noticias\/wp-content\/uploads\/2021\/08\/foto-3.jpg","width":1200,"height":1600},{"@type":"BreadcrumbList","@id":"https:\/\/radiolifefm.com.br\/noticias\/prefeitura-de-adamantina-finaliza-adequacoes-para-funcionamento-dos-aparelhos-de-ar-condicionado-na-emef-navarro-de-andrade\/#breadcrumb","itemListElement":[{"@type":"ListItem","position":1,"name":"In\u00edcio","item":"https:\/\/radiolifefm.com.br\/noticias\/"},{"@type":"ListItem","position":2,"name":"Prefeitura de Adamantina finaliza adequa\u00e7\u00f5es para funcionamento dos aparelhos de ar-condicionado na EMEF Navarro de Andrade"}]},{"@type":"WebSite","@id":"https:\/\/radiolifefm.com.br\/noticias\/#website","url":"https:\/\/radiolifefm.com.br\/noticias\/","name":"R\u00e1dio Life FM","description":"O Portal de Not\u00edcias de Adamantina","publisher":{"@id":"https:\/\/radiolifefm.com.br\/noticias\/#organization"},"alternateName":"Life FM","potentialAction":[{"@type":"SearchAction","target":{"@type":"EntryPoint","urlTemplate":"https:\/\/radiolifefm.com.br\/noticias\/?s={search_term_string}"},"query-input":{"@type":"PropertyValueSpecification","valueRequired":true,"valueName":"search_term_string"}}],"inLanguage":"pt-BR"},{"@type":"Organization","@id":"https:\/\/radiolifefm.com.br\/noticias\/#organization","name":"R\u00e1dio Life FM","alternateName":"Life FM","url":"https:\/\/radiolifefm.com.br\/noticias\/","logo":{"@type":"ImageObject","inLanguage":"pt-BR","@id":"https:\/\/radiolifefm.com.br\/noticias\/#\/schema\/logo\/image\/","url":"https:\/\/static.radiolifefm.com.br\/noticias\/wp-content\/uploads\/2019\/10\/logo-lifefm.png","contentUrl":"https:\/\/static.radiolifefm.com.br\/noticias\/wp-content\/uploads\/2019\/10\/logo-lifefm.png","width":196,"height":47,"caption":"R\u00e1dio Life FM"},"image":{"@id":"https:\/\/radiolifefm.com.br\/noticias\/#\/schema\/logo\/image\/"},"sameAs":["https:\/\/www.facebook.com\/radiolifefm\/","https:\/\/www.instagram.com\/life1079fm\/"]},{"@type":"Person","@id":"https:\/\/radiolifefm.com.br\/noticias\/#\/schema\/person\/6339b9fac59d12b071dec680d7375d87","name":"ritanery","image":{"@type":"ImageObject","inLanguage":"pt-BR","@id":"https:\/\/secure.gravatar.com\/avatar\/0e37bb19071f47c0b8a23f62a903df117c5a0e75f65a0c2901562f97cd41cf86?s=96&d=mm&r=g","url":"https:\/\/secure.gravatar.com\/avatar\/0e37bb19071f47c0b8a23f62a903df117c5a0e75f65a0c2901562f97cd41cf86?s=96&d=mm&r=g","contentUrl":"https:\/\/secure.gravatar.com\/avatar\/0e37bb19071f47c0b8a23f62a903df117c5a0e75f65a0c2901562f97cd41cf86?s=96&d=mm&r=g","caption":"ritanery"}}]}},"amp_enabled":true,"_links":{"self":[{"href":"https:\/\/radiolifefm.com.br\/noticias\/wp-json\/wp\/v2\/posts\/41844","targetHints":{"allow":["GET"]}}],"collection":[{"href":"https:\/\/radiolifefm.com.br\/noticias\/wp-json\/wp\/v2\/posts"}],"about":[{"href":"https:\/\/radiolifefm.com.br\/noticias\/wp-json\/wp\/v2\/types\/post"}],"author":[{"embeddable":true,"href":"https:\/\/radiolifefm.com.br\/noticias\/wp-json\/wp\/v2\/users\/13"}],"replies":[{"embeddable":true,"href":"https:\/\/radiolifefm.com.br\/noticias\/wp-json\/wp\/v2\/comments?post=41844"}],"version-history":[{"count":1,"href":"https:\/\/radiolifefm.com.br\/noticias\/wp-json\/wp\/v2\/posts\/41844\/revisions"}],"predecessor-version":[{"id":41846,"href":"https:\/\/radiolifefm.com.br\/noticias\/wp-json\/wp\/v2\/posts\/41844\/revisions\/41846"}],"wp:featuredmedia":[{"embeddable":true,"href":"https:\/\/radiolifefm.com.br\/noticias\/wp-json\/wp\/v2\/media\/41845"}],"wp:attachment":[{"href":"https:\/\/radiolifefm.com.br\/noticias\/wp-json\/wp\/v2\/media?parent=41844"}],"wp:term":[{"taxonomy":"category","embeddable":true,"href":"https:\/\/radiolifefm.com.br\/noticias\/wp-json\/wp\/v2\/categories?post=41844"},{"taxonomy":"post_tag","embeddable":true,"href":"https:\/\/radiolifefm.com.br\/noticias\/wp-json\/wp\/v2\/tags?post=41844"}],"curies":[{"name":"wp","href":"https:\/\/api.w.org\/{rel}","templated":true}]}}