{"id":41796,"date":"2021-08-17T21:35:50","date_gmt":"2021-08-18T00:35:50","guid":{"rendered":"https:\/\/radiolifefm.com.br\/noticias\/?p=41796"},"modified":"2026-04-08T21:44:11","modified_gmt":"2026-04-09T00:44:11","slug":"regiao-e-encoberta-por-nuvem-de-fumaca","status":"publish","type":"post","link":"https:\/\/radiolifefm.com.br\/noticias\/regiao-e-encoberta-por-nuvem-de-fumaca\/","title":{"rendered":"Regi\u00e3o \u00e9 encoberta por nuvem de fuma\u00e7a"},"content":{"rendered":"<div id=\"fb-root\"><\/div>\n<p>Adamantina e regi\u00e3o amanheceram encoberta por fuma\u00e7a. A presen\u00e7a do forte cheiro j\u00e1 come\u00e7ou a ser percebida durante a madrugada e ficou ainda mais evidente durante a manh\u00e3, causando desconforto e reclama\u00e7\u00e3o entre os moradores.<\/p>\n<p>&nbsp;<\/p>\n<p>H\u00e1 relatos de fuma\u00e7a e mau cheiro em diversas cidades da Nova Alta Paulista, como tamb\u00e9m a ocorr\u00eancia de fuma\u00e7as noticiadas em cidades como Presidente Prudente, Ara\u00e7atuba e S\u00e3o Jos\u00e9 do Rio Preto.<\/p>\n<p>&nbsp;<\/p>\n<p>Internautas atribuem a alta incid\u00eancia de fuma\u00e7a a um inc\u00eandio de grandes propor\u00e7\u00f5es ocorrido ontem (16) em uma \u00e1rea de vegeta\u00e7\u00e3o \u00e0s margens da Rodovia Marechal Rondon, em Ara\u00e7atuba.<\/p>\n<p>&nbsp;<\/p>\n<p>A fuma\u00e7a decorrente desse inc\u00eandio pode ter rela\u00e7\u00e3o com o fen\u00f4meno, mas n\u00e3o de maneira isolada, j\u00e1 que tem sido comum e frequente a ocorr\u00eancia de inc\u00eandios em vegeta\u00e7\u00e3o, em diferentes localidades.<\/p>\n<p>&nbsp;<\/p>\n<p>Segundo especialistas, a somat\u00f3ria dessas ocorr\u00eancias, a baixa umidade relativa do ar, o clima seco e com poucos ventos criam as condi\u00e7\u00f5es para essas queimadas, pela a\u00e7\u00e3o humana, de maneira intencional ou acidental.<\/p>\n<p>&nbsp;<\/p>\n<p><strong>Alerta de baixa umidade para a Nova Alta Paulista<\/strong><\/p>\n<p>A regi\u00e3o da Nova Alta Paulista est\u00e1 sob alerta de baixa umidade, segundo o INMET (Instituto Nacional de Meteorologia). O \u00f3rg\u00e3o publicou um\u00a0<a href=\"http:\/\/alertas2.inmet.gov.br\/35980\"><strong>alerta<\/strong><\/a>, com aviso iniciado ao meio dia de hoje, vigente at\u00e9 \u00e0s 20h, com grau de severidade de \u201cperigo potencial\u201d. De acordo com o INMET, a umidade relativa do ar varia entre 30% e 20%.<\/p>\n<p><img decoding=\"async\" src=\"https:\/\/www.sigamais.com\/arquivo\/uploads\/alertapng1629222059611bf4ab080ae.png\" \/><\/p>\n<p>Diante desse quadro, o INEMET recomenda que se fa\u00e7a o consumo de bastante l\u00edquido; seja evitado o desgaste f\u00edsico nas horas mais secas; e evite exposi\u00e7\u00e3o ao sol nas horas mais quentes do dia.<\/p>\n<p>&nbsp;<\/p>\n<p>Fonte: Siga Mais<\/p>\n","protected":false},"excerpt":{"rendered":"<p>Adamantina e regi\u00e3o amanheceram encoberta por fuma\u00e7a. A presen\u00e7a do forte cheiro j\u00e1 come\u00e7ou a ser percebida durante a madrugada e ficou ainda mais evidente durante a manh\u00e3, causando desconforto e reclama\u00e7\u00e3o entre os moradores. &nbsp; H\u00e1 relatos de fuma\u00e7a e mau cheiro em diversas cidades da Nova Alta Paulista, como tamb\u00e9m a ocorr\u00eancia de [&hellip;]<\/p>\n","protected":false},"author":13,"featured_media":41797,"comment_status":"closed","ping_status":"open","sticky":false,"template":"","format":"standard","meta":{"_acf_changed":false,"_exactmetrics_skip_tracking":false,"_exactmetrics_sitenote_active":false,"_exactmetrics_sitenote_note":"","_exactmetrics_sitenote_category":0,"footnotes":""},"categories":[21],"tags":[],"class_list":["post-41796","post","type-post","status-publish","format-standard","has-post-thumbnail","hentry","category-adamantina"],"acf":[],"yoast_head":"<!-- This site is optimized with the Yoast SEO plugin v27.2 - https:\/\/yoast.com\/product\/yoast-seo-wordpress\/ -->\n<title>Regi\u00e3o \u00e9 encoberta por nuvem de fuma\u00e7a - R\u00e1dio Life FM<\/title>\n<meta name=\"robots\" content=\"index, follow, max-snippet:-1, max-image-preview:large, max-video-preview:-1\" \/>\n<link rel=\"canonical\" href=\"https:\/\/radiolifefm.com.br\/noticias\/regiao-e-encoberta-por-nuvem-de-fumaca\/\" \/>\n<meta property=\"og:locale\" content=\"pt_BR\" \/>\n<meta property=\"og:type\" content=\"article\" \/>\n<meta property=\"og:title\" content=\"Regi\u00e3o \u00e9 encoberta por nuvem de fuma\u00e7a - R\u00e1dio Life FM\" \/>\n<meta property=\"og:description\" content=\"Adamantina e regi\u00e3o amanheceram encoberta por fuma\u00e7a. A presen\u00e7a do forte cheiro j\u00e1 come\u00e7ou a ser percebida durante a madrugada e ficou ainda mais evidente durante a manh\u00e3, causando desconforto e reclama\u00e7\u00e3o entre os moradores. &nbsp; H\u00e1 relatos de fuma\u00e7a e mau cheiro em diversas cidades da Nova Alta Paulista, como tamb\u00e9m a ocorr\u00eancia de [&hellip;]\" \/>\n<meta property=\"og:url\" content=\"https:\/\/radiolifefm.com.br\/noticias\/regiao-e-encoberta-por-nuvem-de-fumaca\/\" \/>\n<meta property=\"og:site_name\" content=\"R\u00e1dio Life FM\" \/>\n<meta property=\"article:publisher\" content=\"https:\/\/www.facebook.com\/radiolifefm\/\" \/>\n<meta property=\"article:published_time\" content=\"2021-08-18T00:35:50+00:00\" \/>\n<meta property=\"article:modified_time\" content=\"2026-04-09T00:44:11+00:00\" \/>\n<meta property=\"og:image\" content=\"https:\/\/radiolifefm.com.br\/noticias\/wp-content\/uploads\/2021\/08\/img6770jpg1629222224611bf5506a126-1.jpeg\" \/>\n\t<meta property=\"og:image:width\" content=\"600\" \/>\n\t<meta property=\"og:image:height\" content=\"337\" \/>\n\t<meta property=\"og:image:type\" content=\"image\/jpeg\" \/>\n<meta name=\"author\" content=\"ritanery\" \/>\n<meta name=\"twitter:card\" content=\"summary_large_image\" \/>\n<meta name=\"twitter:label1\" content=\"Escrito por\" \/>\n\t<meta name=\"twitter:data1\" content=\"ritanery\" \/>\n\t<meta name=\"twitter:label2\" content=\"Est. tempo de leitura\" \/>\n\t<meta name=\"twitter:data2\" content=\"2 minutos\" \/>\n<script type=\"application\/ld+json\" class=\"yoast-schema-graph\">{\"@context\":\"https:\/\/schema.org\",\"@graph\":[{\"@type\":\"Article\",\"@id\":\"https:\/\/radiolifefm.com.br\/noticias\/regiao-e-encoberta-por-nuvem-de-fumaca\/#article\",\"isPartOf\":{\"@id\":\"https:\/\/radiolifefm.com.br\/noticias\/regiao-e-encoberta-por-nuvem-de-fumaca\/\"},\"author\":{\"name\":\"ritanery\",\"@id\":\"https:\/\/radiolifefm.com.br\/noticias\/#\/schema\/person\/6339b9fac59d12b071dec680d7375d87\"},\"headline\":\"Regi\u00e3o \u00e9 encoberta por nuvem de fuma\u00e7a\",\"datePublished\":\"2021-08-18T00:35:50+00:00\",\"dateModified\":\"2026-04-09T00:44:11+00:00\",\"mainEntityOfPage\":{\"@id\":\"https:\/\/radiolifefm.com.br\/noticias\/regiao-e-encoberta-por-nuvem-de-fumaca\/\"},\"wordCount\":312,\"publisher\":{\"@id\":\"https:\/\/radiolifefm.com.br\/noticias\/#organization\"},\"image\":{\"@id\":\"https:\/\/radiolifefm.com.br\/noticias\/regiao-e-encoberta-por-nuvem-de-fumaca\/#primaryimage\"},\"thumbnailUrl\":\"https:\/\/radiolifefm.com.br\/noticias\/wp-content\/uploads\/2021\/08\/img6770jpg1629222224611bf5506a126-1.jpeg\",\"articleSection\":[\"Adamantina\"],\"inLanguage\":\"pt-BR\"},{\"@type\":\"WebPage\",\"@id\":\"https:\/\/radiolifefm.com.br\/noticias\/regiao-e-encoberta-por-nuvem-de-fumaca\/\",\"url\":\"https:\/\/radiolifefm.com.br\/noticias\/regiao-e-encoberta-por-nuvem-de-fumaca\/\",\"name\":\"Regi\u00e3o \u00e9 encoberta por nuvem de fuma\u00e7a - R\u00e1dio Life FM\",\"isPartOf\":{\"@id\":\"https:\/\/radiolifefm.com.br\/noticias\/#website\"},\"primaryImageOfPage\":{\"@id\":\"https:\/\/radiolifefm.com.br\/noticias\/regiao-e-encoberta-por-nuvem-de-fumaca\/#primaryimage\"},\"image\":{\"@id\":\"https:\/\/radiolifefm.com.br\/noticias\/regiao-e-encoberta-por-nuvem-de-fumaca\/#primaryimage\"},\"thumbnailUrl\":\"https:\/\/radiolifefm.com.br\/noticias\/wp-content\/uploads\/2021\/08\/img6770jpg1629222224611bf5506a126-1.jpeg\",\"datePublished\":\"2021-08-18T00:35:50+00:00\",\"dateModified\":\"2026-04-09T00:44:11+00:00\",\"breadcrumb\":{\"@id\":\"https:\/\/radiolifefm.com.br\/noticias\/regiao-e-encoberta-por-nuvem-de-fumaca\/#breadcrumb\"},\"inLanguage\":\"pt-BR\",\"potentialAction\":[{\"@type\":\"ReadAction\",\"target\":[\"https:\/\/radiolifefm.com.br\/noticias\/regiao-e-encoberta-por-nuvem-de-fumaca\/\"]}]},{\"@type\":\"ImageObject\",\"inLanguage\":\"pt-BR\",\"@id\":\"https:\/\/radiolifefm.com.br\/noticias\/regiao-e-encoberta-por-nuvem-de-fumaca\/#primaryimage\",\"url\":\"https:\/\/radiolifefm.com.br\/noticias\/wp-content\/uploads\/2021\/08\/img6770jpg1629222224611bf5506a126-1.jpeg\",\"contentUrl\":\"https:\/\/radiolifefm.com.br\/noticias\/wp-content\/uploads\/2021\/08\/img6770jpg1629222224611bf5506a126-1.jpeg\",\"width\":600,\"height\":337,\"caption\":\"Nova Alta Paulista est\u00e1 sob alerta de baixa umidade, avisa o INMET.\"},{\"@type\":\"BreadcrumbList\",\"@id\":\"https:\/\/radiolifefm.com.br\/noticias\/regiao-e-encoberta-por-nuvem-de-fumaca\/#breadcrumb\",\"itemListElement\":[{\"@type\":\"ListItem\",\"position\":1,\"name\":\"In\u00edcio\",\"item\":\"https:\/\/radiolifefm.com.br\/noticias\/\"},{\"@type\":\"ListItem\",\"position\":2,\"name\":\"Regi\u00e3o \u00e9 encoberta por nuvem de fuma\u00e7a\"}]},{\"@type\":\"WebSite\",\"@id\":\"https:\/\/radiolifefm.com.br\/noticias\/#website\",\"url\":\"https:\/\/radiolifefm.com.br\/noticias\/\",\"name\":\"R\u00e1dio Life FM\",\"description\":\"O Portal de Not\u00edcias de Adamantina\",\"publisher\":{\"@id\":\"https:\/\/radiolifefm.com.br\/noticias\/#organization\"},\"alternateName\":\"Life FM\",\"potentialAction\":[{\"@type\":\"SearchAction\",\"target\":{\"@type\":\"EntryPoint\",\"urlTemplate\":\"https:\/\/radiolifefm.com.br\/noticias\/?s={search_term_string}\"},\"query-input\":{\"@type\":\"PropertyValueSpecification\",\"valueRequired\":true,\"valueName\":\"search_term_string\"}}],\"inLanguage\":\"pt-BR\"},{\"@type\":\"Organization\",\"@id\":\"https:\/\/radiolifefm.com.br\/noticias\/#organization\",\"name\":\"R\u00e1dio Life FM\",\"alternateName\":\"Life FM\",\"url\":\"https:\/\/radiolifefm.com.br\/noticias\/\",\"logo\":{\"@type\":\"ImageObject\",\"inLanguage\":\"pt-BR\",\"@id\":\"https:\/\/radiolifefm.com.br\/noticias\/#\/schema\/logo\/image\/\",\"url\":\"https:\/\/static.radiolifefm.com.br\/noticias\/wp-content\/uploads\/2019\/10\/logo-lifefm.png\",\"contentUrl\":\"https:\/\/static.radiolifefm.com.br\/noticias\/wp-content\/uploads\/2019\/10\/logo-lifefm.png\",\"width\":196,\"height\":47,\"caption\":\"R\u00e1dio Life FM\"},\"image\":{\"@id\":\"https:\/\/radiolifefm.com.br\/noticias\/#\/schema\/logo\/image\/\"},\"sameAs\":[\"https:\/\/www.facebook.com\/radiolifefm\/\",\"https:\/\/www.instagram.com\/life1079fm\/\"]},{\"@type\":\"Person\",\"@id\":\"https:\/\/radiolifefm.com.br\/noticias\/#\/schema\/person\/6339b9fac59d12b071dec680d7375d87\",\"name\":\"ritanery\",\"image\":{\"@type\":\"ImageObject\",\"inLanguage\":\"pt-BR\",\"@id\":\"https:\/\/secure.gravatar.com\/avatar\/0e37bb19071f47c0b8a23f62a903df117c5a0e75f65a0c2901562f97cd41cf86?s=96&d=mm&r=g\",\"url\":\"https:\/\/secure.gravatar.com\/avatar\/0e37bb19071f47c0b8a23f62a903df117c5a0e75f65a0c2901562f97cd41cf86?s=96&d=mm&r=g\",\"contentUrl\":\"https:\/\/secure.gravatar.com\/avatar\/0e37bb19071f47c0b8a23f62a903df117c5a0e75f65a0c2901562f97cd41cf86?s=96&d=mm&r=g\",\"caption\":\"ritanery\"}}]}<\/script>\n<!-- \/ Yoast SEO plugin. -->","yoast_head_json":{"title":"Regi\u00e3o \u00e9 encoberta por nuvem de fuma\u00e7a - R\u00e1dio Life FM","robots":{"index":"index","follow":"follow","max-snippet":"max-snippet:-1","max-image-preview":"max-image-preview:large","max-video-preview":"max-video-preview:-1"},"canonical":"https:\/\/radiolifefm.com.br\/noticias\/regiao-e-encoberta-por-nuvem-de-fumaca\/","og_locale":"pt_BR","og_type":"article","og_title":"Regi\u00e3o \u00e9 encoberta por nuvem de fuma\u00e7a - R\u00e1dio Life FM","og_description":"Adamantina e regi\u00e3o amanheceram encoberta por fuma\u00e7a. A presen\u00e7a do forte cheiro j\u00e1 come\u00e7ou a ser percebida durante a madrugada e ficou ainda mais evidente durante a manh\u00e3, causando desconforto e reclama\u00e7\u00e3o entre os moradores. &nbsp; H\u00e1 relatos de fuma\u00e7a e mau cheiro em diversas cidades da Nova Alta Paulista, como tamb\u00e9m a ocorr\u00eancia de [&hellip;]","og_url":"https:\/\/radiolifefm.com.br\/noticias\/regiao-e-encoberta-por-nuvem-de-fumaca\/","og_site_name":"R\u00e1dio Life FM","article_publisher":"https:\/\/www.facebook.com\/radiolifefm\/","article_published_time":"2021-08-18T00:35:50+00:00","article_modified_time":"2026-04-09T00:44:11+00:00","og_image":[{"width":600,"height":337,"url":"https:\/\/radiolifefm.com.br\/noticias\/wp-content\/uploads\/2021\/08\/img6770jpg1629222224611bf5506a126-1.jpeg","type":"image\/jpeg"}],"author":"ritanery","twitter_card":"summary_large_image","twitter_misc":{"Escrito por":"ritanery","Est. tempo de leitura":"2 minutos"},"schema":{"@context":"https:\/\/schema.org","@graph":[{"@type":"Article","@id":"https:\/\/radiolifefm.com.br\/noticias\/regiao-e-encoberta-por-nuvem-de-fumaca\/#article","isPartOf":{"@id":"https:\/\/radiolifefm.com.br\/noticias\/regiao-e-encoberta-por-nuvem-de-fumaca\/"},"author":{"name":"ritanery","@id":"https:\/\/radiolifefm.com.br\/noticias\/#\/schema\/person\/6339b9fac59d12b071dec680d7375d87"},"headline":"Regi\u00e3o \u00e9 encoberta por nuvem de fuma\u00e7a","datePublished":"2021-08-18T00:35:50+00:00","dateModified":"2026-04-09T00:44:11+00:00","mainEntityOfPage":{"@id":"https:\/\/radiolifefm.com.br\/noticias\/regiao-e-encoberta-por-nuvem-de-fumaca\/"},"wordCount":312,"publisher":{"@id":"https:\/\/radiolifefm.com.br\/noticias\/#organization"},"image":{"@id":"https:\/\/radiolifefm.com.br\/noticias\/regiao-e-encoberta-por-nuvem-de-fumaca\/#primaryimage"},"thumbnailUrl":"https:\/\/radiolifefm.com.br\/noticias\/wp-content\/uploads\/2021\/08\/img6770jpg1629222224611bf5506a126-1.jpeg","articleSection":["Adamantina"],"inLanguage":"pt-BR"},{"@type":"WebPage","@id":"https:\/\/radiolifefm.com.br\/noticias\/regiao-e-encoberta-por-nuvem-de-fumaca\/","url":"https:\/\/radiolifefm.com.br\/noticias\/regiao-e-encoberta-por-nuvem-de-fumaca\/","name":"Regi\u00e3o \u00e9 encoberta por nuvem de fuma\u00e7a - R\u00e1dio Life FM","isPartOf":{"@id":"https:\/\/radiolifefm.com.br\/noticias\/#website"},"primaryImageOfPage":{"@id":"https:\/\/radiolifefm.com.br\/noticias\/regiao-e-encoberta-por-nuvem-de-fumaca\/#primaryimage"},"image":{"@id":"https:\/\/radiolifefm.com.br\/noticias\/regiao-e-encoberta-por-nuvem-de-fumaca\/#primaryimage"},"thumbnailUrl":"https:\/\/radiolifefm.com.br\/noticias\/wp-content\/uploads\/2021\/08\/img6770jpg1629222224611bf5506a126-1.jpeg","datePublished":"2021-08-18T00:35:50+00:00","dateModified":"2026-04-09T00:44:11+00:00","breadcrumb":{"@id":"https:\/\/radiolifefm.com.br\/noticias\/regiao-e-encoberta-por-nuvem-de-fumaca\/#breadcrumb"},"inLanguage":"pt-BR","potentialAction":[{"@type":"ReadAction","target":["https:\/\/radiolifefm.com.br\/noticias\/regiao-e-encoberta-por-nuvem-de-fumaca\/"]}]},{"@type":"ImageObject","inLanguage":"pt-BR","@id":"https:\/\/radiolifefm.com.br\/noticias\/regiao-e-encoberta-por-nuvem-de-fumaca\/#primaryimage","url":"https:\/\/radiolifefm.com.br\/noticias\/wp-content\/uploads\/2021\/08\/img6770jpg1629222224611bf5506a126-1.jpeg","contentUrl":"https:\/\/radiolifefm.com.br\/noticias\/wp-content\/uploads\/2021\/08\/img6770jpg1629222224611bf5506a126-1.jpeg","width":600,"height":337,"caption":"Nova Alta Paulista est\u00e1 sob alerta de baixa umidade, avisa o INMET."},{"@type":"BreadcrumbList","@id":"https:\/\/radiolifefm.com.br\/noticias\/regiao-e-encoberta-por-nuvem-de-fumaca\/#breadcrumb","itemListElement":[{"@type":"ListItem","position":1,"name":"In\u00edcio","item":"https:\/\/radiolifefm.com.br\/noticias\/"},{"@type":"ListItem","position":2,"name":"Regi\u00e3o \u00e9 encoberta por nuvem de fuma\u00e7a"}]},{"@type":"WebSite","@id":"https:\/\/radiolifefm.com.br\/noticias\/#website","url":"https:\/\/radiolifefm.com.br\/noticias\/","name":"R\u00e1dio Life FM","description":"O Portal de Not\u00edcias de Adamantina","publisher":{"@id":"https:\/\/radiolifefm.com.br\/noticias\/#organization"},"alternateName":"Life FM","potentialAction":[{"@type":"SearchAction","target":{"@type":"EntryPoint","urlTemplate":"https:\/\/radiolifefm.com.br\/noticias\/?s={search_term_string}"},"query-input":{"@type":"PropertyValueSpecification","valueRequired":true,"valueName":"search_term_string"}}],"inLanguage":"pt-BR"},{"@type":"Organization","@id":"https:\/\/radiolifefm.com.br\/noticias\/#organization","name":"R\u00e1dio Life FM","alternateName":"Life FM","url":"https:\/\/radiolifefm.com.br\/noticias\/","logo":{"@type":"ImageObject","inLanguage":"pt-BR","@id":"https:\/\/radiolifefm.com.br\/noticias\/#\/schema\/logo\/image\/","url":"https:\/\/static.radiolifefm.com.br\/noticias\/wp-content\/uploads\/2019\/10\/logo-lifefm.png","contentUrl":"https:\/\/static.radiolifefm.com.br\/noticias\/wp-content\/uploads\/2019\/10\/logo-lifefm.png","width":196,"height":47,"caption":"R\u00e1dio Life FM"},"image":{"@id":"https:\/\/radiolifefm.com.br\/noticias\/#\/schema\/logo\/image\/"},"sameAs":["https:\/\/www.facebook.com\/radiolifefm\/","https:\/\/www.instagram.com\/life1079fm\/"]},{"@type":"Person","@id":"https:\/\/radiolifefm.com.br\/noticias\/#\/schema\/person\/6339b9fac59d12b071dec680d7375d87","name":"ritanery","image":{"@type":"ImageObject","inLanguage":"pt-BR","@id":"https:\/\/secure.gravatar.com\/avatar\/0e37bb19071f47c0b8a23f62a903df117c5a0e75f65a0c2901562f97cd41cf86?s=96&d=mm&r=g","url":"https:\/\/secure.gravatar.com\/avatar\/0e37bb19071f47c0b8a23f62a903df117c5a0e75f65a0c2901562f97cd41cf86?s=96&d=mm&r=g","contentUrl":"https:\/\/secure.gravatar.com\/avatar\/0e37bb19071f47c0b8a23f62a903df117c5a0e75f65a0c2901562f97cd41cf86?s=96&d=mm&r=g","caption":"ritanery"}}]}},"amp_enabled":true,"_links":{"self":[{"href":"https:\/\/radiolifefm.com.br\/noticias\/wp-json\/wp\/v2\/posts\/41796","targetHints":{"allow":["GET"]}}],"collection":[{"href":"https:\/\/radiolifefm.com.br\/noticias\/wp-json\/wp\/v2\/posts"}],"about":[{"href":"https:\/\/radiolifefm.com.br\/noticias\/wp-json\/wp\/v2\/types\/post"}],"author":[{"embeddable":true,"href":"https:\/\/radiolifefm.com.br\/noticias\/wp-json\/wp\/v2\/users\/13"}],"replies":[{"embeddable":true,"href":"https:\/\/radiolifefm.com.br\/noticias\/wp-json\/wp\/v2\/comments?post=41796"}],"version-history":[{"count":2,"href":"https:\/\/radiolifefm.com.br\/noticias\/wp-json\/wp\/v2\/posts\/41796\/revisions"}],"predecessor-version":[{"id":41799,"href":"https:\/\/radiolifefm.com.br\/noticias\/wp-json\/wp\/v2\/posts\/41796\/revisions\/41799"}],"wp:featuredmedia":[{"embeddable":true,"href":"https:\/\/radiolifefm.com.br\/noticias\/wp-json\/wp\/v2\/media\/41797"}],"wp:attachment":[{"href":"https:\/\/radiolifefm.com.br\/noticias\/wp-json\/wp\/v2\/media?parent=41796"}],"wp:term":[{"taxonomy":"category","embeddable":true,"href":"https:\/\/radiolifefm.com.br\/noticias\/wp-json\/wp\/v2\/categories?post=41796"},{"taxonomy":"post_tag","embeddable":true,"href":"https:\/\/radiolifefm.com.br\/noticias\/wp-json\/wp\/v2\/tags?post=41796"}],"curies":[{"name":"wp","href":"https:\/\/api.w.org\/{rel}","templated":true}]}}