{"id":41779,"date":"2021-08-17T14:13:51","date_gmt":"2021-08-17T17:13:51","guid":{"rendered":"https:\/\/radiolifefm.com.br\/noticias\/?p=41779"},"modified":"2026-07-16T16:52:43","modified_gmt":"2026-07-16T19:52:43","slug":"morre-zemiro-jose-cardim-pai-do-prefeito-marcio-cardim","status":"publish","type":"post","link":"https:\/\/radiolifefm.com.br\/noticias\/morre-zemiro-jose-cardim-pai-do-prefeito-marcio-cardim\/","title":{"rendered":"Morre Zemiro Jos\u00e9 Cardim, pai do prefeito M\u00e1rcio Cardim"},"content":{"rendered":"<div id=\"fb-root\"><\/div>\n<p>Faleceu nesta ter\u00e7a-feira (17) Zemiro Jos\u00e9 Cardim, aos 89 anos, pai do prefeito de Adamantina, M\u00e1rcio Cardim (DEM). Segundo a Haddad Organiza\u00e7\u00e3o Social, as homenagens e despedidas ocorrem no Vel\u00f3rio Municipal de Adamantina, a partir das 13h de hoje, onde o corpo ser\u00e1 velado, com sepultamento previsto para 16h30, no Cemit\u00e9rio local.<\/p>\n<p>&nbsp;<\/p>\n<p>Zemiro Jos\u00e9 Cardim deixa a esposa Izabel Fredi Cardim. O casal teve seis filhos: M\u00e1rcio, D\u00e9lcio, Cl\u00e1udio, Gilberto, Cleusa e Maria Zelinda.<\/p>\n<p>&nbsp;<\/p>\n<p><strong>Nota de pesar<\/strong><\/p>\n<p>No come\u00e7o da tarde, a Prefeitura de Adamantina divulgou nota de pesar. \u201cCom profundo pesar, a Prefeitura de Adamantina lamenta o falecimento do senhor Zemiro Jos\u00e9 Cardim, pai do prefeito M\u00e1rcio Cardim, que ocorreu na manh\u00e3 de hoje (17)\u201d, diz o comunicado.<\/p>\n<p>&nbsp;<\/p>\n<p>Fonte: Siga Mais<\/p>\n","protected":false},"excerpt":{"rendered":"<p>Faleceu nesta ter\u00e7a-feira (17) Zemiro Jos\u00e9 Cardim, aos 89 anos, pai do prefeito de Adamantina, M\u00e1rcio Cardim (DEM). Segundo a Haddad Organiza\u00e7\u00e3o Social, as homenagens e despedidas ocorrem no Vel\u00f3rio Municipal de Adamantina, a partir das 13h de hoje, onde o corpo ser\u00e1 velado, com sepultamento previsto para 16h30, no Cemit\u00e9rio local. &nbsp; Zemiro Jos\u00e9 [&hellip;]<\/p>\n","protected":false},"author":13,"featured_media":41780,"comment_status":"closed","ping_status":"open","sticky":false,"template":"","format":"standard","meta":{"_acf_changed":false,"_exactmetrics_skip_tracking":false,"footnotes":""},"categories":[21],"tags":[],"class_list":["post-41779","post","type-post","status-publish","format-standard","has-post-thumbnail","hentry","category-adamantina"],"acf":[],"yoast_head":"<!-- This site is optimized with the Yoast SEO plugin v28.2 - https:\/\/yoast.com\/product\/yoast-seo-wordpress\/ -->\n<title>Morre Zemiro Jos\u00e9 Cardim, pai do prefeito M\u00e1rcio Cardim - R\u00e1dio Life FM<\/title>\n<meta name=\"robots\" content=\"index, follow, max-snippet:-1, max-image-preview:large, max-video-preview:-1\" \/>\n<link rel=\"canonical\" href=\"https:\/\/radiolifefm.com.br\/noticias\/morre-zemiro-jose-cardim-pai-do-prefeito-marcio-cardim\/\" \/>\n<meta property=\"og:locale\" content=\"pt_BR\" \/>\n<meta property=\"og:type\" content=\"article\" \/>\n<meta property=\"og:title\" content=\"Morre Zemiro Jos\u00e9 Cardim, pai do prefeito M\u00e1rcio Cardim - R\u00e1dio Life FM\" \/>\n<meta property=\"og:description\" content=\"Faleceu nesta ter\u00e7a-feira (17) Zemiro Jos\u00e9 Cardim, aos 89 anos, pai do prefeito de Adamantina, M\u00e1rcio Cardim (DEM). Segundo a Haddad Organiza\u00e7\u00e3o Social, as homenagens e despedidas ocorrem no Vel\u00f3rio Municipal de Adamantina, a partir das 13h de hoje, onde o corpo ser\u00e1 velado, com sepultamento previsto para 16h30, no Cemit\u00e9rio local. &nbsp; Zemiro Jos\u00e9 [&hellip;]\" \/>\n<meta property=\"og:url\" content=\"https:\/\/radiolifefm.com.br\/noticias\/morre-zemiro-jose-cardim-pai-do-prefeito-marcio-cardim\/\" \/>\n<meta property=\"og:site_name\" content=\"R\u00e1dio Life FM\" \/>\n<meta property=\"article:publisher\" content=\"https:\/\/www.facebook.com\/radiolifefm\/\" \/>\n<meta property=\"article:published_time\" content=\"2021-08-17T17:13:51+00:00\" \/>\n<meta property=\"article:modified_time\" content=\"2026-07-16T19:52:43+00:00\" \/>\n<meta property=\"og:image\" content=\"https:\/\/radiolifefm.com.br\/noticias\/wp-content\/uploads\/2021\/08\/lutopng1629218099611be533adea1.jpg\" \/>\n\t<meta property=\"og:image:width\" content=\"600\" \/>\n\t<meta property=\"og:image:height\" content=\"337\" \/>\n\t<meta property=\"og:image:type\" content=\"image\/jpeg\" \/>\n<meta name=\"author\" content=\"ritanery\" \/>\n<meta name=\"twitter:card\" content=\"summary_large_image\" \/>\n<meta name=\"twitter:label1\" content=\"Escrito por\" \/>\n\t<meta name=\"twitter:data1\" content=\"ritanery\" \/>\n\t<meta name=\"twitter:label2\" content=\"Est. tempo de leitura\" \/>\n\t<meta name=\"twitter:data2\" content=\"1 minuto\" \/>\n<script type=\"application\/ld+json\" class=\"yoast-schema-graph\">{\"@context\":\"https:\\\/\\\/schema.org\",\"@graph\":[{\"@type\":\"Article\",\"@id\":\"https:\\\/\\\/radiolifefm.com.br\\\/noticias\\\/morre-zemiro-jose-cardim-pai-do-prefeito-marcio-cardim\\\/#article\",\"isPartOf\":{\"@id\":\"https:\\\/\\\/radiolifefm.com.br\\\/noticias\\\/morre-zemiro-jose-cardim-pai-do-prefeito-marcio-cardim\\\/\"},\"author\":{\"name\":\"ritanery\",\"@id\":\"https:\\\/\\\/radiolifefm.com.br\\\/noticias\\\/#\\\/schema\\\/person\\\/6339b9fac59d12b071dec680d7375d87\"},\"headline\":\"Morre Zemiro Jos\u00e9 Cardim, pai do prefeito M\u00e1rcio Cardim\",\"datePublished\":\"2021-08-17T17:13:51+00:00\",\"dateModified\":\"2026-07-16T19:52:43+00:00\",\"mainEntityOfPage\":{\"@id\":\"https:\\\/\\\/radiolifefm.com.br\\\/noticias\\\/morre-zemiro-jose-cardim-pai-do-prefeito-marcio-cardim\\\/\"},\"wordCount\":142,\"publisher\":{\"@id\":\"https:\\\/\\\/radiolifefm.com.br\\\/noticias\\\/#organization\"},\"image\":{\"@id\":\"https:\\\/\\\/radiolifefm.com.br\\\/noticias\\\/morre-zemiro-jose-cardim-pai-do-prefeito-marcio-cardim\\\/#primaryimage\"},\"thumbnailUrl\":\"https:\\\/\\\/radiolifefm.com.br\\\/noticias\\\/wp-content\\\/uploads\\\/2021\\\/08\\\/lutopng1629218099611be533adea1.jpg\",\"articleSection\":[\"Adamantina\"],\"inLanguage\":\"pt-BR\"},{\"@type\":\"WebPage\",\"@id\":\"https:\\\/\\\/radiolifefm.com.br\\\/noticias\\\/morre-zemiro-jose-cardim-pai-do-prefeito-marcio-cardim\\\/\",\"url\":\"https:\\\/\\\/radiolifefm.com.br\\\/noticias\\\/morre-zemiro-jose-cardim-pai-do-prefeito-marcio-cardim\\\/\",\"name\":\"Morre Zemiro Jos\u00e9 Cardim, pai do prefeito M\u00e1rcio Cardim - R\u00e1dio Life FM\",\"isPartOf\":{\"@id\":\"https:\\\/\\\/radiolifefm.com.br\\\/noticias\\\/#website\"},\"primaryImageOfPage\":{\"@id\":\"https:\\\/\\\/radiolifefm.com.br\\\/noticias\\\/morre-zemiro-jose-cardim-pai-do-prefeito-marcio-cardim\\\/#primaryimage\"},\"image\":{\"@id\":\"https:\\\/\\\/radiolifefm.com.br\\\/noticias\\\/morre-zemiro-jose-cardim-pai-do-prefeito-marcio-cardim\\\/#primaryimage\"},\"thumbnailUrl\":\"https:\\\/\\\/radiolifefm.com.br\\\/noticias\\\/wp-content\\\/uploads\\\/2021\\\/08\\\/lutopng1629218099611be533adea1.jpg\",\"datePublished\":\"2021-08-17T17:13:51+00:00\",\"dateModified\":\"2026-07-16T19:52:43+00:00\",\"breadcrumb\":{\"@id\":\"https:\\\/\\\/radiolifefm.com.br\\\/noticias\\\/morre-zemiro-jose-cardim-pai-do-prefeito-marcio-cardim\\\/#breadcrumb\"},\"inLanguage\":\"pt-BR\",\"potentialAction\":[{\"@type\":\"ReadAction\",\"target\":[\"https:\\\/\\\/radiolifefm.com.br\\\/noticias\\\/morre-zemiro-jose-cardim-pai-do-prefeito-marcio-cardim\\\/\"]}]},{\"@type\":\"ImageObject\",\"inLanguage\":\"pt-BR\",\"@id\":\"https:\\\/\\\/radiolifefm.com.br\\\/noticias\\\/morre-zemiro-jose-cardim-pai-do-prefeito-marcio-cardim\\\/#primaryimage\",\"url\":\"https:\\\/\\\/radiolifefm.com.br\\\/noticias\\\/wp-content\\\/uploads\\\/2021\\\/08\\\/lutopng1629218099611be533adea1.jpg\",\"contentUrl\":\"https:\\\/\\\/radiolifefm.com.br\\\/noticias\\\/wp-content\\\/uploads\\\/2021\\\/08\\\/lutopng1629218099611be533adea1.jpg\",\"width\":600,\"height\":337,\"caption\":\"Zemiro Jos\u00e9 Cardim morreu aos 89 anos. Vel\u00f3rio e sepultamento ocorrem nesta ter\u00e7a-feira (17).\"},{\"@type\":\"BreadcrumbList\",\"@id\":\"https:\\\/\\\/radiolifefm.com.br\\\/noticias\\\/morre-zemiro-jose-cardim-pai-do-prefeito-marcio-cardim\\\/#breadcrumb\",\"itemListElement\":[{\"@type\":\"ListItem\",\"position\":1,\"name\":\"In\u00edcio\",\"item\":\"https:\\\/\\\/radiolifefm.com.br\\\/noticias\\\/\"},{\"@type\":\"ListItem\",\"position\":2,\"name\":\"Morre Zemiro Jos\u00e9 Cardim, pai do prefeito M\u00e1rcio Cardim\"}]},{\"@type\":\"WebSite\",\"@id\":\"https:\\\/\\\/radiolifefm.com.br\\\/noticias\\\/#website\",\"url\":\"https:\\\/\\\/radiolifefm.com.br\\\/noticias\\\/\",\"name\":\"R\u00e1dio Life FM\",\"description\":\"O Portal de Not\u00edcias de Adamantina\",\"publisher\":{\"@id\":\"https:\\\/\\\/radiolifefm.com.br\\\/noticias\\\/#organization\"},\"alternateName\":\"Life FM\",\"potentialAction\":[{\"@type\":\"SearchAction\",\"target\":{\"@type\":\"EntryPoint\",\"urlTemplate\":\"https:\\\/\\\/radiolifefm.com.br\\\/noticias\\\/?s={search_term_string}\"},\"query-input\":{\"@type\":\"PropertyValueSpecification\",\"valueRequired\":true,\"valueName\":\"search_term_string\"}}],\"inLanguage\":\"pt-BR\"},{\"@type\":\"Organization\",\"@id\":\"https:\\\/\\\/radiolifefm.com.br\\\/noticias\\\/#organization\",\"name\":\"R\u00e1dio Life FM\",\"alternateName\":\"Life FM\",\"url\":\"https:\\\/\\\/radiolifefm.com.br\\\/noticias\\\/\",\"logo\":{\"@type\":\"ImageObject\",\"inLanguage\":\"pt-BR\",\"@id\":\"https:\\\/\\\/radiolifefm.com.br\\\/noticias\\\/#\\\/schema\\\/logo\\\/image\\\/\",\"url\":\"https:\\\/\\\/static.radiolifefm.com.br\\\/noticias\\\/wp-content\\\/uploads\\\/2019\\\/10\\\/logo-lifefm.png\",\"contentUrl\":\"https:\\\/\\\/static.radiolifefm.com.br\\\/noticias\\\/wp-content\\\/uploads\\\/2019\\\/10\\\/logo-lifefm.png\",\"width\":196,\"height\":47,\"caption\":\"R\u00e1dio Life FM\"},\"image\":{\"@id\":\"https:\\\/\\\/radiolifefm.com.br\\\/noticias\\\/#\\\/schema\\\/logo\\\/image\\\/\"},\"sameAs\":[\"https:\\\/\\\/www.facebook.com\\\/radiolifefm\\\/\",\"https:\\\/\\\/www.instagram.com\\\/life1079fm\\\/\"]},{\"@type\":\"Person\",\"@id\":\"https:\\\/\\\/radiolifefm.com.br\\\/noticias\\\/#\\\/schema\\\/person\\\/6339b9fac59d12b071dec680d7375d87\",\"name\":\"ritanery\",\"image\":{\"@type\":\"ImageObject\",\"inLanguage\":\"pt-BR\",\"@id\":\"https:\\\/\\\/secure.gravatar.com\\\/avatar\\\/0e37bb19071f47c0b8a23f62a903df117c5a0e75f65a0c2901562f97cd41cf86?s=96&d=mm&r=g\",\"url\":\"https:\\\/\\\/secure.gravatar.com\\\/avatar\\\/0e37bb19071f47c0b8a23f62a903df117c5a0e75f65a0c2901562f97cd41cf86?s=96&d=mm&r=g\",\"contentUrl\":\"https:\\\/\\\/secure.gravatar.com\\\/avatar\\\/0e37bb19071f47c0b8a23f62a903df117c5a0e75f65a0c2901562f97cd41cf86?s=96&d=mm&r=g\",\"caption\":\"ritanery\"}}]}<\/script>\n<!-- \/ Yoast SEO plugin. -->","yoast_head_json":{"title":"Morre Zemiro Jos\u00e9 Cardim, pai do prefeito M\u00e1rcio Cardim - R\u00e1dio Life FM","robots":{"index":"index","follow":"follow","max-snippet":"max-snippet:-1","max-image-preview":"max-image-preview:large","max-video-preview":"max-video-preview:-1"},"canonical":"https:\/\/radiolifefm.com.br\/noticias\/morre-zemiro-jose-cardim-pai-do-prefeito-marcio-cardim\/","og_locale":"pt_BR","og_type":"article","og_title":"Morre Zemiro Jos\u00e9 Cardim, pai do prefeito M\u00e1rcio Cardim - R\u00e1dio Life FM","og_description":"Faleceu nesta ter\u00e7a-feira (17) Zemiro Jos\u00e9 Cardim, aos 89 anos, pai do prefeito de Adamantina, M\u00e1rcio Cardim (DEM). Segundo a Haddad Organiza\u00e7\u00e3o Social, as homenagens e despedidas ocorrem no Vel\u00f3rio Municipal de Adamantina, a partir das 13h de hoje, onde o corpo ser\u00e1 velado, com sepultamento previsto para 16h30, no Cemit\u00e9rio local. &nbsp; Zemiro Jos\u00e9 [&hellip;]","og_url":"https:\/\/radiolifefm.com.br\/noticias\/morre-zemiro-jose-cardim-pai-do-prefeito-marcio-cardim\/","og_site_name":"R\u00e1dio Life FM","article_publisher":"https:\/\/www.facebook.com\/radiolifefm\/","article_published_time":"2021-08-17T17:13:51+00:00","article_modified_time":"2026-07-16T19:52:43+00:00","og_image":[{"width":600,"height":337,"url":"https:\/\/radiolifefm.com.br\/noticias\/wp-content\/uploads\/2021\/08\/lutopng1629218099611be533adea1.jpg","type":"image\/jpeg"}],"author":"ritanery","twitter_card":"summary_large_image","twitter_misc":{"Escrito por":"ritanery","Est. tempo de leitura":"1 minuto"},"schema":{"@context":"https:\/\/schema.org","@graph":[{"@type":"Article","@id":"https:\/\/radiolifefm.com.br\/noticias\/morre-zemiro-jose-cardim-pai-do-prefeito-marcio-cardim\/#article","isPartOf":{"@id":"https:\/\/radiolifefm.com.br\/noticias\/morre-zemiro-jose-cardim-pai-do-prefeito-marcio-cardim\/"},"author":{"name":"ritanery","@id":"https:\/\/radiolifefm.com.br\/noticias\/#\/schema\/person\/6339b9fac59d12b071dec680d7375d87"},"headline":"Morre Zemiro Jos\u00e9 Cardim, pai do prefeito M\u00e1rcio Cardim","datePublished":"2021-08-17T17:13:51+00:00","dateModified":"2026-07-16T19:52:43+00:00","mainEntityOfPage":{"@id":"https:\/\/radiolifefm.com.br\/noticias\/morre-zemiro-jose-cardim-pai-do-prefeito-marcio-cardim\/"},"wordCount":142,"publisher":{"@id":"https:\/\/radiolifefm.com.br\/noticias\/#organization"},"image":{"@id":"https:\/\/radiolifefm.com.br\/noticias\/morre-zemiro-jose-cardim-pai-do-prefeito-marcio-cardim\/#primaryimage"},"thumbnailUrl":"https:\/\/radiolifefm.com.br\/noticias\/wp-content\/uploads\/2021\/08\/lutopng1629218099611be533adea1.jpg","articleSection":["Adamantina"],"inLanguage":"pt-BR"},{"@type":"WebPage","@id":"https:\/\/radiolifefm.com.br\/noticias\/morre-zemiro-jose-cardim-pai-do-prefeito-marcio-cardim\/","url":"https:\/\/radiolifefm.com.br\/noticias\/morre-zemiro-jose-cardim-pai-do-prefeito-marcio-cardim\/","name":"Morre Zemiro Jos\u00e9 Cardim, pai do prefeito M\u00e1rcio Cardim - R\u00e1dio Life FM","isPartOf":{"@id":"https:\/\/radiolifefm.com.br\/noticias\/#website"},"primaryImageOfPage":{"@id":"https:\/\/radiolifefm.com.br\/noticias\/morre-zemiro-jose-cardim-pai-do-prefeito-marcio-cardim\/#primaryimage"},"image":{"@id":"https:\/\/radiolifefm.com.br\/noticias\/morre-zemiro-jose-cardim-pai-do-prefeito-marcio-cardim\/#primaryimage"},"thumbnailUrl":"https:\/\/radiolifefm.com.br\/noticias\/wp-content\/uploads\/2021\/08\/lutopng1629218099611be533adea1.jpg","datePublished":"2021-08-17T17:13:51+00:00","dateModified":"2026-07-16T19:52:43+00:00","breadcrumb":{"@id":"https:\/\/radiolifefm.com.br\/noticias\/morre-zemiro-jose-cardim-pai-do-prefeito-marcio-cardim\/#breadcrumb"},"inLanguage":"pt-BR","potentialAction":[{"@type":"ReadAction","target":["https:\/\/radiolifefm.com.br\/noticias\/morre-zemiro-jose-cardim-pai-do-prefeito-marcio-cardim\/"]}]},{"@type":"ImageObject","inLanguage":"pt-BR","@id":"https:\/\/radiolifefm.com.br\/noticias\/morre-zemiro-jose-cardim-pai-do-prefeito-marcio-cardim\/#primaryimage","url":"https:\/\/radiolifefm.com.br\/noticias\/wp-content\/uploads\/2021\/08\/lutopng1629218099611be533adea1.jpg","contentUrl":"https:\/\/radiolifefm.com.br\/noticias\/wp-content\/uploads\/2021\/08\/lutopng1629218099611be533adea1.jpg","width":600,"height":337,"caption":"Zemiro Jos\u00e9 Cardim morreu aos 89 anos. Vel\u00f3rio e sepultamento ocorrem nesta ter\u00e7a-feira (17)."},{"@type":"BreadcrumbList","@id":"https:\/\/radiolifefm.com.br\/noticias\/morre-zemiro-jose-cardim-pai-do-prefeito-marcio-cardim\/#breadcrumb","itemListElement":[{"@type":"ListItem","position":1,"name":"In\u00edcio","item":"https:\/\/radiolifefm.com.br\/noticias\/"},{"@type":"ListItem","position":2,"name":"Morre Zemiro Jos\u00e9 Cardim, pai do prefeito M\u00e1rcio Cardim"}]},{"@type":"WebSite","@id":"https:\/\/radiolifefm.com.br\/noticias\/#website","url":"https:\/\/radiolifefm.com.br\/noticias\/","name":"R\u00e1dio Life FM","description":"O Portal de Not\u00edcias de Adamantina","publisher":{"@id":"https:\/\/radiolifefm.com.br\/noticias\/#organization"},"alternateName":"Life FM","potentialAction":[{"@type":"SearchAction","target":{"@type":"EntryPoint","urlTemplate":"https:\/\/radiolifefm.com.br\/noticias\/?s={search_term_string}"},"query-input":{"@type":"PropertyValueSpecification","valueRequired":true,"valueName":"search_term_string"}}],"inLanguage":"pt-BR"},{"@type":"Organization","@id":"https:\/\/radiolifefm.com.br\/noticias\/#organization","name":"R\u00e1dio Life FM","alternateName":"Life FM","url":"https:\/\/radiolifefm.com.br\/noticias\/","logo":{"@type":"ImageObject","inLanguage":"pt-BR","@id":"https:\/\/radiolifefm.com.br\/noticias\/#\/schema\/logo\/image\/","url":"https:\/\/static.radiolifefm.com.br\/noticias\/wp-content\/uploads\/2019\/10\/logo-lifefm.png","contentUrl":"https:\/\/static.radiolifefm.com.br\/noticias\/wp-content\/uploads\/2019\/10\/logo-lifefm.png","width":196,"height":47,"caption":"R\u00e1dio Life FM"},"image":{"@id":"https:\/\/radiolifefm.com.br\/noticias\/#\/schema\/logo\/image\/"},"sameAs":["https:\/\/www.facebook.com\/radiolifefm\/","https:\/\/www.instagram.com\/life1079fm\/"]},{"@type":"Person","@id":"https:\/\/radiolifefm.com.br\/noticias\/#\/schema\/person\/6339b9fac59d12b071dec680d7375d87","name":"ritanery","image":{"@type":"ImageObject","inLanguage":"pt-BR","@id":"https:\/\/secure.gravatar.com\/avatar\/0e37bb19071f47c0b8a23f62a903df117c5a0e75f65a0c2901562f97cd41cf86?s=96&d=mm&r=g","url":"https:\/\/secure.gravatar.com\/avatar\/0e37bb19071f47c0b8a23f62a903df117c5a0e75f65a0c2901562f97cd41cf86?s=96&d=mm&r=g","contentUrl":"https:\/\/secure.gravatar.com\/avatar\/0e37bb19071f47c0b8a23f62a903df117c5a0e75f65a0c2901562f97cd41cf86?s=96&d=mm&r=g","caption":"ritanery"}}]}},"amp_enabled":true,"_links":{"self":[{"href":"https:\/\/radiolifefm.com.br\/noticias\/wp-json\/wp\/v2\/posts\/41779","targetHints":{"allow":["GET"]}}],"collection":[{"href":"https:\/\/radiolifefm.com.br\/noticias\/wp-json\/wp\/v2\/posts"}],"about":[{"href":"https:\/\/radiolifefm.com.br\/noticias\/wp-json\/wp\/v2\/types\/post"}],"author":[{"embeddable":true,"href":"https:\/\/radiolifefm.com.br\/noticias\/wp-json\/wp\/v2\/users\/13"}],"replies":[{"embeddable":true,"href":"https:\/\/radiolifefm.com.br\/noticias\/wp-json\/wp\/v2\/comments?post=41779"}],"version-history":[{"count":2,"href":"https:\/\/radiolifefm.com.br\/noticias\/wp-json\/wp\/v2\/posts\/41779\/revisions"}],"predecessor-version":[{"id":41782,"href":"https:\/\/radiolifefm.com.br\/noticias\/wp-json\/wp\/v2\/posts\/41779\/revisions\/41782"}],"wp:featuredmedia":[{"embeddable":true,"href":"https:\/\/radiolifefm.com.br\/noticias\/wp-json\/wp\/v2\/media\/41780"}],"wp:attachment":[{"href":"https:\/\/radiolifefm.com.br\/noticias\/wp-json\/wp\/v2\/media?parent=41779"}],"wp:term":[{"taxonomy":"category","embeddable":true,"href":"https:\/\/radiolifefm.com.br\/noticias\/wp-json\/wp\/v2\/categories?post=41779"},{"taxonomy":"post_tag","embeddable":true,"href":"https:\/\/radiolifefm.com.br\/noticias\/wp-json\/wp\/v2\/tags?post=41779"}],"curies":[{"name":"wp","href":"https:\/\/api.w.org\/{rel}","templated":true}]}}