{"id":41753,"date":"2021-08-16T19:49:14","date_gmt":"2021-08-16T22:49:14","guid":{"rendered":"https:\/\/radiolifefm.com.br\/noticias\/?p=41753"},"modified":"2026-04-23T19:27:06","modified_gmt":"2026-04-23T22:27:06","slug":"historia-de-adamantinense-integra-coletanea-de-46-textos-no-livro-contem-esperanca","status":"publish","type":"post","link":"https:\/\/radiolifefm.com.br\/noticias\/historia-de-adamantinense-integra-coletanea-de-46-textos-no-livro-contem-esperanca\/","title":{"rendered":"Hist\u00f3ria de adamantinense integra colet\u00e2nea de 46 textos no livro Cont\u00e9m Esperan\u00e7a"},"content":{"rendered":"<div id=\"fb-root\"><\/div>\n<p>A experi\u00eancia de vida e o relato pessoal no enfrentamento ao c\u00e2ncer, pela farmac\u00eautica adamantinense Elaine Cristina Valente, \u00e9 um dos 46 textos que integram a colet\u00e2nea Cont\u00e9m Esperan\u00e7a, livro rec\u00e9m publicado pela editora e-gal\u00e1xia, com apoio da Pfizer.<\/p>\n<p>Segundo divulgou o jornal Di\u00e1rio do Oeste, em Adamantina, no \u00faltimo s\u00e1bado (14), nos dias seguintes ao lan\u00e7amento o livro ficou entre os dez mais vendidos na plataforma Amazon, que comercializa as vers\u00f5es e-book e impressa\u00a0<a href=\"https:\/\/www.amazon.com.br\/Cont%C3%A9m-esperan%C3%A7a-Hist%C3%B3rias-conviver-doen%C3%A7a\/dp\/6587639488\/ref=sr_1_1?dchild=1&amp;qid=1629123853&amp;refinements=p_27%3AAna+Michelle+Soares+-+Ana+Claudia+Quintana+Arantes+-+e+outros&amp;s=books&amp;sr=1-1&amp;text=Ana+Michelle+Soares+-+Ana+Claudia+Quintana+Arantes+-+e+outros\"><strong>(compre aqui)<\/strong><\/a>.<\/p>\n<p>&nbsp;<\/p>\n<p>A renda arrecadada com a venda ser\u00e1 destinada para a manuten\u00e7\u00e3o das atividades da Casa Paliativa. Trata-se um espa\u00e7o f\u00edsico, dentro da Casa do Cuidar, em S\u00e3o Paulo, mas que devido \u00e0 pandemia iniciou seu trabalho no ambiente virtual. Por meio de um grupo do Facebook, a Casa Paliativa abrange pacientes com doen\u00e7as graves que ameacem a continuidade da vida, seus familiares e cuidadores.<\/p>\n<figure id=\"attachment_41755\" aria-describedby=\"caption-attachment-41755\" style=\"width: 960px\" class=\"wp-caption alignnone\"><img loading=\"lazy\" decoding=\"async\" class=\"wp-image-41755 size-full\" src=\"https:\/\/static.radiolifefm.com.br\/wp-content\/uploads\/sites\/2\/2021\/08\/23450600422929197641770944241178114002550043n-1jpg1629132797611a97fd68b4d.jpg\" alt=\"\" width=\"960\" height=\"960\" srcset=\"https:\/\/radiolifefm.com.br\/noticias\/wp-content\/uploads\/2021\/08\/23450600422929197641770944241178114002550043n-1jpg1629132797611a97fd68b4d.jpg 960w, https:\/\/radiolifefm.com.br\/noticias\/wp-content\/uploads\/2021\/08\/23450600422929197641770944241178114002550043n-1jpg1629132797611a97fd68b4d-300x300.jpg 300w, https:\/\/radiolifefm.com.br\/noticias\/wp-content\/uploads\/2021\/08\/23450600422929197641770944241178114002550043n-1jpg1629132797611a97fd68b4d-150x150.jpg 150w, https:\/\/radiolifefm.com.br\/noticias\/wp-content\/uploads\/2021\/08\/23450600422929197641770944241178114002550043n-1jpg1629132797611a97fd68b4d-768x768.jpg 768w, https:\/\/radiolifefm.com.br\/noticias\/wp-content\/uploads\/2021\/08\/23450600422929197641770944241178114002550043n-1jpg1629132797611a97fd68b4d-200x200.jpg 200w, https:\/\/radiolifefm.com.br\/noticias\/wp-content\/uploads\/2021\/08\/23450600422929197641770944241178114002550043n-1jpg1629132797611a97fd68b4d-250x250.jpg 250w, https:\/\/radiolifefm.com.br\/noticias\/wp-content\/uploads\/2021\/08\/23450600422929197641770944241178114002550043n-1jpg1629132797611a97fd68b4d-500x500.jpg 500w, https:\/\/radiolifefm.com.br\/noticias\/wp-content\/uploads\/2021\/08\/23450600422929197641770944241178114002550043n-1jpg1629132797611a97fd68b4d-700x700.jpg 700w\" sizes=\"auto, (max-width: 960px) 100vw, 960px\" \/><figcaption id=\"caption-attachment-41755\" class=\"wp-caption-text\">Elaine Cristina Valente, autora de um dos 46 textos de Cont\u00e9m Esperan\u00e7a (Reprodu\u00e7\u00e3o).<\/figcaption><\/figure>\n<p>No ano passado, Elaine participou de uma outra colet\u00e2nea, onde 26 mulheres convidadas assinam relatos emocionantes diante do desafio vivenciado por cada uma delas na luta contra o c\u00e2ncer. A colet\u00e2nea, de reflex\u00e3o e ajuda, est\u00e1 no e-book\u00a0<a href=\"https:\/\/www.sigamais.com\/noticias\/cidades\/adamantinense-tem-texto-em-ebook-que-promove-reflexao-e-ajuda-mulheres-na-luta-contra-o-cancer\/\"><strong>Mulheres Verdadeiras<\/strong><\/a>. A organiza\u00e7\u00e3o da publica\u00e7\u00e3o \u00e9 do SOnHe &#8211; Sasse (Grupo Sasse Oncologia e Hematologia), de Campinas, em comemora\u00e7\u00e3o ao Outubro Rosa.<\/p>\n<p>&nbsp;<\/p>\n<p>Elaine foi diagnosticada com c\u00e2ncer de mama em julho de 2016; Ap\u00f3s o tratamento permaneceu em remiss\u00e3o at\u00e9 outubro de 2019, quando descobriu a met\u00e1stase \u00f3ssea. A partir de ent\u00e3o segue em tratamento paliativo, que controla a evolu\u00e7\u00e3o da doen\u00e7a.<\/p>\n<p>&nbsp;<\/p>\n<p><strong>Cont\u00e9m Esperan\u00e7a<\/strong><\/p>\n<p>Segundo publicou o Di\u00e1rio do Oeste, foi na Casa Paliativa que surgiu a ideia de reunir as hist\u00f3rias em uma publica\u00e7\u00e3o. \u201cNa Casa Paliativa participamos de muitas oficinas e uma delas foi sobre o poder de organizar sentimentos atrav\u00e9s da Escrita Afetuosa, orientada pela jornalista e escritora Ana Holanda. O resultado terap\u00eautico e a explos\u00e3o de conte\u00fado de qualidade que aconteceu na comunidade do Facebook ap\u00f3s essa oficina levantou a possibilidade de construirmos juntos um livro que pudesse, al\u00e9m de registrar momentos, levar mensagens de esperan\u00e7a a quem lesse\u201d, destaca Elaine \u00e0 imprensa local.<\/p>\n<p>&nbsp;<\/p>\n<p>Ao Di\u00e1rio do Oeste, Elaine revela que o livro traz narrativas de \u201c46 vidas, entre pacientes e familiares que, como ponto em comum, vivenciam algum tipo de dor causada por uma doen\u00e7a que amea\u00e7a a continuidade da vida\u201d.<\/p>\n<p>&nbsp;<\/p>\n<p>Ao longo de 6 meses, de acordo com a imprensa local, os participantes da oficina se dedicaram a aprender sobre os processos de escrita com diversos autores consagrados, tais como Tiago Ferro, Ruth Manus, Cris Guerra e Andr\u00e9 Gravat\u00e1. Destes encontros surgiu o livro Cont\u00e9m Esperan\u00e7a. \u201cO conte\u00fado do livro nasceu livremente a partir da experi\u00eancia de cada um.\u00a0\u00a0A minha participa\u00e7\u00e3o est\u00e1 no texto &#8220;Um minuto&#8221; onde abordo as mudan\u00e7as que podem acontecer numa vida inteira, a partir de uma ocorr\u00eancia, descoberta ou revela\u00e7\u00e3o contidas nessa fra\u00e7\u00e3o t\u00e3o pequena do tempo!\u201d, destaca a farmac\u00eautica.<\/p>\n<figure id=\"attachment_41756\" aria-describedby=\"caption-attachment-41756\" style=\"width: 318px\" class=\"wp-caption alignnone\"><img loading=\"lazy\" decoding=\"async\" class=\"size-full wp-image-41756\" src=\"https:\/\/static.radiolifefm.com.br\/wp-content\/uploads\/sites\/2\/2021\/08\/41dwxx7xxqljpg1629132604611a973c77ef6.jpg\" alt=\"\" width=\"318\" height=\"500\" srcset=\"https:\/\/radiolifefm.com.br\/noticias\/wp-content\/uploads\/2021\/08\/41dwxx7xxqljpg1629132604611a973c77ef6.jpg 318w, https:\/\/radiolifefm.com.br\/noticias\/wp-content\/uploads\/2021\/08\/41dwxx7xxqljpg1629132604611a973c77ef6-191x300.jpg 191w\" sizes=\"auto, (max-width: 318px) 100vw, 318px\" \/><figcaption id=\"caption-attachment-41756\" class=\"wp-caption-text\">Capa de Cont\u00e9m Esperan\u00e7a. Publica\u00e7\u00e3o re\u00fane 46 textos e 232 p\u00e1ginas (Divulga\u00e7\u00e3o).<\/figcaption><\/figure>\n<p>Em entrevista ao Di\u00e1rio do Oeste, a adamantinense lembra que a publica\u00e7\u00e3o n\u00e3o traz apenas hist\u00f3rias e n\u00e3o se trata s\u00f3 de mais um livro. \u201cAqui temos relatos, em prosa, cr\u00f4nicas, verso e poesia de pessoas que escolhem viver, que se reconhecem al\u00e9m das dores e dissabores presentes em suas vidas. Alguns coautores j\u00e1 partiram desse plano, mas deixaram suas falas, seu exemplo registrado e isso tem um significado imenso para todos n\u00f3s\u201d, acentua. \u201cO meu desejo \u00e9 que muitas vidas sejam tocadas pelas nossas e que a esperan\u00e7a possa fazer morada em todos esses cora\u00e7\u00f5es\u201d, ressalta Elaine.<\/p>\n<p>&nbsp;<\/p>\n<p>\u00c9 o que tamb\u00e9m destaca a m\u00e9dica, escritora e paliativista Ana Claudia Quintana Arantes, uma das fundadoras da Casa de Cuidar e idealizadora do projeto, conforme informou o Di\u00e1rio do Oeste. \u201cNeste livro, cada um narra a hist\u00f3ria por tr\u00e1s do diagn\u00f3stico, se desnuda por meio das palavras, em prosa e poesia, se mostra a partir de quem \u00e9. Uma doen\u00e7a, afinal, n\u00e3o os define. E \u00e9 isso que se pode perceber ao longo dos textos cheios de delicadeza, presen\u00e7a e profundidade. Uma leitura essencial para profissionais de sa\u00fade, pacientes e familiares que convivem com doen\u00e7as graves, al\u00e9m, \u00e9 claro de gente que respira e at\u00e9 mesmo quem apenas existe. O livro \u00e9 um mergulho onde o leitor pode aprender sobre vida e esperan\u00e7a sob a \u00f3tica de quem n\u00e3o tem tempo a perder\u201d, evidenciou a reportagem do Di\u00e1rio do Oeste.<\/p>\n<p>&nbsp;<\/p>\n<p><strong>Casa do Cuidar e Casa Paliativa<\/strong><\/p>\n<p>A Casa do Cuidar \u00e9 uma organiza\u00e7\u00e3o social sem fins lucrativos, que atua na pr\u00e1tica e no ensino de Cuidados Paliativos, uma assist\u00eancia integral para pacientes e familiares que estejam diante de uma doen\u00e7a grave que ameace a continuidade da vida.<\/p>\n<p>&nbsp;<\/p>\n<p>A comunidade conta com atividades que proporcionam di\u00e1logo, escuta ativa, bem-estar, qualidade de vida, pertencimento, constru\u00e7\u00e3o de legado, informa\u00e7\u00f5es e aconselhamento profissional. Familiares que est\u00e3o na linha de frente do cuidado de pacientes tamb\u00e9m s\u00e3o bem-vindos.<\/p>\n<p>&nbsp;<\/p>\n<p>A Casa Paliativa est\u00e1 situada na sede da Casa do Cuidar, \u00e0 Rua Vitorino Carmilo, 644, Santa Cec\u00edlia, S\u00e3o Paulo (SP), pr\u00f3xima \u00e0 esta\u00e7\u00e3o de metr\u00f4 Marechal Deodoro.<\/p>\n<p>&nbsp;<\/p>\n<p>O projeto conta com a supervis\u00e3o das fundadoras da Casa do Cuidar, a m\u00e9dica Ana Cl\u00e1udia Quintana Arantes e a psic\u00f3loga Cris Ferraz Prade, al\u00e9m de coordena\u00e7\u00e3o de Ana Michelle Soares, jornalista, escritora, paciente de c\u00e2ncer de mama metast\u00e1tico e forma\u00e7\u00e3o em cuidados paliativos pela Casa do Cuidar.<\/p>\n<p>&nbsp;<\/p>\n<p>A Casa Paliativa tamb\u00e9m conta com suporte de todo o staff,\u00a0\u00a0docentes e volunt\u00e1rios da Casa do Cuidar.<\/p>\n<p>&nbsp;<\/p>\n<p>Acesse\u00a0<a href=\"https:\/\/www.casadocuidar.org.br\/\"><strong>aqui<\/strong>\u00a0<\/a>para saber mais.<\/p>\n<p>&nbsp;<\/p>\n<p>Fonte: Siga Mais<\/p>\n","protected":false},"excerpt":{"rendered":"<p>A experi\u00eancia de vida e o relato pessoal no enfrentamento ao c\u00e2ncer, pela farmac\u00eautica adamantinense Elaine Cristina Valente, \u00e9 um dos 46 textos que integram a colet\u00e2nea Cont\u00e9m Esperan\u00e7a, livro rec\u00e9m publicado pela editora e-gal\u00e1xia, com apoio da Pfizer. Segundo divulgou o jornal Di\u00e1rio do Oeste, em Adamantina, no \u00faltimo s\u00e1bado (14), nos dias seguintes [&hellip;]<\/p>\n","protected":false},"author":13,"featured_media":41754,"comment_status":"closed","ping_status":"open","sticky":false,"template":"","format":"standard","meta":{"_acf_changed":false,"_exactmetrics_skip_tracking":false,"_exactmetrics_sitenote_active":false,"_exactmetrics_sitenote_note":"","_exactmetrics_sitenote_category":0,"footnotes":""},"categories":[21],"tags":[],"class_list":["post-41753","post","type-post","status-publish","format-standard","has-post-thumbnail","hentry","category-adamantina"],"acf":[],"yoast_head":"<!-- This site is optimized with the Yoast SEO plugin v27.2 - https:\/\/yoast.com\/product\/yoast-seo-wordpress\/ -->\n<title>Hist\u00f3ria de adamantinense integra colet\u00e2nea de 46 textos no livro Cont\u00e9m Esperan\u00e7a - R\u00e1dio Life FM<\/title>\n<meta name=\"robots\" content=\"index, follow, max-snippet:-1, max-image-preview:large, max-video-preview:-1\" \/>\n<link rel=\"canonical\" href=\"https:\/\/radiolifefm.com.br\/noticias\/historia-de-adamantinense-integra-coletanea-de-46-textos-no-livro-contem-esperanca\/\" \/>\n<meta property=\"og:locale\" content=\"pt_BR\" \/>\n<meta property=\"og:type\" content=\"article\" \/>\n<meta property=\"og:title\" content=\"Hist\u00f3ria de adamantinense integra colet\u00e2nea de 46 textos no livro Cont\u00e9m Esperan\u00e7a - R\u00e1dio Life FM\" \/>\n<meta property=\"og:description\" content=\"A experi\u00eancia de vida e o relato pessoal no enfrentamento ao c\u00e2ncer, pela farmac\u00eautica adamantinense Elaine Cristina Valente, \u00e9 um dos 46 textos que integram a colet\u00e2nea Cont\u00e9m Esperan\u00e7a, livro rec\u00e9m publicado pela editora e-gal\u00e1xia, com apoio da Pfizer. Segundo divulgou o jornal Di\u00e1rio do Oeste, em Adamantina, no \u00faltimo s\u00e1bado (14), nos dias seguintes [&hellip;]\" \/>\n<meta property=\"og:url\" content=\"https:\/\/radiolifefm.com.br\/noticias\/historia-de-adamantinense-integra-coletanea-de-46-textos-no-livro-contem-esperanca\/\" \/>\n<meta property=\"og:site_name\" content=\"R\u00e1dio Life FM\" \/>\n<meta property=\"article:publisher\" content=\"https:\/\/www.facebook.com\/radiolifefm\/\" \/>\n<meta property=\"article:published_time\" content=\"2021-08-16T22:49:14+00:00\" \/>\n<meta property=\"article:modified_time\" content=\"2026-04-23T22:27:06+00:00\" \/>\n<meta property=\"og:image\" content=\"https:\/\/radiolifefm.com.br\/noticias\/wp-content\/uploads\/2021\/08\/11111png1629133037611a98edd9bad.jpg\" \/>\n\t<meta property=\"og:image:width\" content=\"600\" \/>\n\t<meta property=\"og:image:height\" content=\"337\" \/>\n\t<meta property=\"og:image:type\" content=\"image\/jpeg\" \/>\n<meta name=\"author\" content=\"ritanery\" \/>\n<meta name=\"twitter:card\" content=\"summary_large_image\" \/>\n<meta name=\"twitter:label1\" content=\"Escrito por\" \/>\n\t<meta name=\"twitter:data1\" content=\"ritanery\" \/>\n\t<meta name=\"twitter:label2\" content=\"Est. tempo de leitura\" \/>\n\t<meta name=\"twitter:data2\" content=\"5 minutos\" \/>\n<script type=\"application\/ld+json\" class=\"yoast-schema-graph\">{\"@context\":\"https:\/\/schema.org\",\"@graph\":[{\"@type\":\"Article\",\"@id\":\"https:\/\/radiolifefm.com.br\/noticias\/historia-de-adamantinense-integra-coletanea-de-46-textos-no-livro-contem-esperanca\/#article\",\"isPartOf\":{\"@id\":\"https:\/\/radiolifefm.com.br\/noticias\/historia-de-adamantinense-integra-coletanea-de-46-textos-no-livro-contem-esperanca\/\"},\"author\":{\"name\":\"ritanery\",\"@id\":\"https:\/\/radiolifefm.com.br\/noticias\/#\/schema\/person\/6339b9fac59d12b071dec680d7375d87\"},\"headline\":\"Hist\u00f3ria de adamantinense integra colet\u00e2nea de 46 textos no livro Cont\u00e9m Esperan\u00e7a\",\"datePublished\":\"2021-08-16T22:49:14+00:00\",\"dateModified\":\"2026-04-23T22:27:06+00:00\",\"mainEntityOfPage\":{\"@id\":\"https:\/\/radiolifefm.com.br\/noticias\/historia-de-adamantinense-integra-coletanea-de-46-textos-no-livro-contem-esperanca\/\"},\"wordCount\":1054,\"publisher\":{\"@id\":\"https:\/\/radiolifefm.com.br\/noticias\/#organization\"},\"image\":{\"@id\":\"https:\/\/radiolifefm.com.br\/noticias\/historia-de-adamantinense-integra-coletanea-de-46-textos-no-livro-contem-esperanca\/#primaryimage\"},\"thumbnailUrl\":\"https:\/\/radiolifefm.com.br\/noticias\/wp-content\/uploads\/2021\/08\/11111png1629133037611a98edd9bad.jpg\",\"articleSection\":[\"Adamantina\"],\"inLanguage\":\"pt-BR\"},{\"@type\":\"WebPage\",\"@id\":\"https:\/\/radiolifefm.com.br\/noticias\/historia-de-adamantinense-integra-coletanea-de-46-textos-no-livro-contem-esperanca\/\",\"url\":\"https:\/\/radiolifefm.com.br\/noticias\/historia-de-adamantinense-integra-coletanea-de-46-textos-no-livro-contem-esperanca\/\",\"name\":\"Hist\u00f3ria de adamantinense integra colet\u00e2nea de 46 textos no livro Cont\u00e9m Esperan\u00e7a - R\u00e1dio Life FM\",\"isPartOf\":{\"@id\":\"https:\/\/radiolifefm.com.br\/noticias\/#website\"},\"primaryImageOfPage\":{\"@id\":\"https:\/\/radiolifefm.com.br\/noticias\/historia-de-adamantinense-integra-coletanea-de-46-textos-no-livro-contem-esperanca\/#primaryimage\"},\"image\":{\"@id\":\"https:\/\/radiolifefm.com.br\/noticias\/historia-de-adamantinense-integra-coletanea-de-46-textos-no-livro-contem-esperanca\/#primaryimage\"},\"thumbnailUrl\":\"https:\/\/radiolifefm.com.br\/noticias\/wp-content\/uploads\/2021\/08\/11111png1629133037611a98edd9bad.jpg\",\"datePublished\":\"2021-08-16T22:49:14+00:00\",\"dateModified\":\"2026-04-23T22:27:06+00:00\",\"breadcrumb\":{\"@id\":\"https:\/\/radiolifefm.com.br\/noticias\/historia-de-adamantinense-integra-coletanea-de-46-textos-no-livro-contem-esperanca\/#breadcrumb\"},\"inLanguage\":\"pt-BR\",\"potentialAction\":[{\"@type\":\"ReadAction\",\"target\":[\"https:\/\/radiolifefm.com.br\/noticias\/historia-de-adamantinense-integra-coletanea-de-46-textos-no-livro-contem-esperanca\/\"]}]},{\"@type\":\"ImageObject\",\"inLanguage\":\"pt-BR\",\"@id\":\"https:\/\/radiolifefm.com.br\/noticias\/historia-de-adamantinense-integra-coletanea-de-46-textos-no-livro-contem-esperanca\/#primaryimage\",\"url\":\"https:\/\/radiolifefm.com.br\/noticias\/wp-content\/uploads\/2021\/08\/11111png1629133037611a98edd9bad.jpg\",\"contentUrl\":\"https:\/\/radiolifefm.com.br\/noticias\/wp-content\/uploads\/2021\/08\/11111png1629133037611a98edd9bad.jpg\",\"width\":600,\"height\":337,\"caption\":\"Hist\u00f3ria da farmac\u00eautica adamantinense Elaine Cristina Valente \u00e9 tema de um dos 46 textos do livro.\"},{\"@type\":\"BreadcrumbList\",\"@id\":\"https:\/\/radiolifefm.com.br\/noticias\/historia-de-adamantinense-integra-coletanea-de-46-textos-no-livro-contem-esperanca\/#breadcrumb\",\"itemListElement\":[{\"@type\":\"ListItem\",\"position\":1,\"name\":\"In\u00edcio\",\"item\":\"https:\/\/radiolifefm.com.br\/noticias\/\"},{\"@type\":\"ListItem\",\"position\":2,\"name\":\"Hist\u00f3ria de adamantinense integra colet\u00e2nea de 46 textos no livro Cont\u00e9m Esperan\u00e7a\"}]},{\"@type\":\"WebSite\",\"@id\":\"https:\/\/radiolifefm.com.br\/noticias\/#website\",\"url\":\"https:\/\/radiolifefm.com.br\/noticias\/\",\"name\":\"R\u00e1dio Life FM\",\"description\":\"O Portal de Not\u00edcias de Adamantina\",\"publisher\":{\"@id\":\"https:\/\/radiolifefm.com.br\/noticias\/#organization\"},\"alternateName\":\"Life FM\",\"potentialAction\":[{\"@type\":\"SearchAction\",\"target\":{\"@type\":\"EntryPoint\",\"urlTemplate\":\"https:\/\/radiolifefm.com.br\/noticias\/?s={search_term_string}\"},\"query-input\":{\"@type\":\"PropertyValueSpecification\",\"valueRequired\":true,\"valueName\":\"search_term_string\"}}],\"inLanguage\":\"pt-BR\"},{\"@type\":\"Organization\",\"@id\":\"https:\/\/radiolifefm.com.br\/noticias\/#organization\",\"name\":\"R\u00e1dio Life FM\",\"alternateName\":\"Life FM\",\"url\":\"https:\/\/radiolifefm.com.br\/noticias\/\",\"logo\":{\"@type\":\"ImageObject\",\"inLanguage\":\"pt-BR\",\"@id\":\"https:\/\/radiolifefm.com.br\/noticias\/#\/schema\/logo\/image\/\",\"url\":\"https:\/\/static.radiolifefm.com.br\/noticias\/wp-content\/uploads\/2019\/10\/logo-lifefm.png\",\"contentUrl\":\"https:\/\/static.radiolifefm.com.br\/noticias\/wp-content\/uploads\/2019\/10\/logo-lifefm.png\",\"width\":196,\"height\":47,\"caption\":\"R\u00e1dio Life FM\"},\"image\":{\"@id\":\"https:\/\/radiolifefm.com.br\/noticias\/#\/schema\/logo\/image\/\"},\"sameAs\":[\"https:\/\/www.facebook.com\/radiolifefm\/\",\"https:\/\/www.instagram.com\/life1079fm\/\"]},{\"@type\":\"Person\",\"@id\":\"https:\/\/radiolifefm.com.br\/noticias\/#\/schema\/person\/6339b9fac59d12b071dec680d7375d87\",\"name\":\"ritanery\",\"image\":{\"@type\":\"ImageObject\",\"inLanguage\":\"pt-BR\",\"@id\":\"https:\/\/secure.gravatar.com\/avatar\/0e37bb19071f47c0b8a23f62a903df117c5a0e75f65a0c2901562f97cd41cf86?s=96&d=mm&r=g\",\"url\":\"https:\/\/secure.gravatar.com\/avatar\/0e37bb19071f47c0b8a23f62a903df117c5a0e75f65a0c2901562f97cd41cf86?s=96&d=mm&r=g\",\"contentUrl\":\"https:\/\/secure.gravatar.com\/avatar\/0e37bb19071f47c0b8a23f62a903df117c5a0e75f65a0c2901562f97cd41cf86?s=96&d=mm&r=g\",\"caption\":\"ritanery\"}}]}<\/script>\n<!-- \/ Yoast SEO plugin. -->","yoast_head_json":{"title":"Hist\u00f3ria de adamantinense integra colet\u00e2nea de 46 textos no livro Cont\u00e9m Esperan\u00e7a - R\u00e1dio Life FM","robots":{"index":"index","follow":"follow","max-snippet":"max-snippet:-1","max-image-preview":"max-image-preview:large","max-video-preview":"max-video-preview:-1"},"canonical":"https:\/\/radiolifefm.com.br\/noticias\/historia-de-adamantinense-integra-coletanea-de-46-textos-no-livro-contem-esperanca\/","og_locale":"pt_BR","og_type":"article","og_title":"Hist\u00f3ria de adamantinense integra colet\u00e2nea de 46 textos no livro Cont\u00e9m Esperan\u00e7a - R\u00e1dio Life FM","og_description":"A experi\u00eancia de vida e o relato pessoal no enfrentamento ao c\u00e2ncer, pela farmac\u00eautica adamantinense Elaine Cristina Valente, \u00e9 um dos 46 textos que integram a colet\u00e2nea Cont\u00e9m Esperan\u00e7a, livro rec\u00e9m publicado pela editora e-gal\u00e1xia, com apoio da Pfizer. Segundo divulgou o jornal Di\u00e1rio do Oeste, em Adamantina, no \u00faltimo s\u00e1bado (14), nos dias seguintes [&hellip;]","og_url":"https:\/\/radiolifefm.com.br\/noticias\/historia-de-adamantinense-integra-coletanea-de-46-textos-no-livro-contem-esperanca\/","og_site_name":"R\u00e1dio Life FM","article_publisher":"https:\/\/www.facebook.com\/radiolifefm\/","article_published_time":"2021-08-16T22:49:14+00:00","article_modified_time":"2026-04-23T22:27:06+00:00","og_image":[{"width":600,"height":337,"url":"https:\/\/radiolifefm.com.br\/noticias\/wp-content\/uploads\/2021\/08\/11111png1629133037611a98edd9bad.jpg","type":"image\/jpeg"}],"author":"ritanery","twitter_card":"summary_large_image","twitter_misc":{"Escrito por":"ritanery","Est. tempo de leitura":"5 minutos"},"schema":{"@context":"https:\/\/schema.org","@graph":[{"@type":"Article","@id":"https:\/\/radiolifefm.com.br\/noticias\/historia-de-adamantinense-integra-coletanea-de-46-textos-no-livro-contem-esperanca\/#article","isPartOf":{"@id":"https:\/\/radiolifefm.com.br\/noticias\/historia-de-adamantinense-integra-coletanea-de-46-textos-no-livro-contem-esperanca\/"},"author":{"name":"ritanery","@id":"https:\/\/radiolifefm.com.br\/noticias\/#\/schema\/person\/6339b9fac59d12b071dec680d7375d87"},"headline":"Hist\u00f3ria de adamantinense integra colet\u00e2nea de 46 textos no livro Cont\u00e9m Esperan\u00e7a","datePublished":"2021-08-16T22:49:14+00:00","dateModified":"2026-04-23T22:27:06+00:00","mainEntityOfPage":{"@id":"https:\/\/radiolifefm.com.br\/noticias\/historia-de-adamantinense-integra-coletanea-de-46-textos-no-livro-contem-esperanca\/"},"wordCount":1054,"publisher":{"@id":"https:\/\/radiolifefm.com.br\/noticias\/#organization"},"image":{"@id":"https:\/\/radiolifefm.com.br\/noticias\/historia-de-adamantinense-integra-coletanea-de-46-textos-no-livro-contem-esperanca\/#primaryimage"},"thumbnailUrl":"https:\/\/radiolifefm.com.br\/noticias\/wp-content\/uploads\/2021\/08\/11111png1629133037611a98edd9bad.jpg","articleSection":["Adamantina"],"inLanguage":"pt-BR"},{"@type":"WebPage","@id":"https:\/\/radiolifefm.com.br\/noticias\/historia-de-adamantinense-integra-coletanea-de-46-textos-no-livro-contem-esperanca\/","url":"https:\/\/radiolifefm.com.br\/noticias\/historia-de-adamantinense-integra-coletanea-de-46-textos-no-livro-contem-esperanca\/","name":"Hist\u00f3ria de adamantinense integra colet\u00e2nea de 46 textos no livro Cont\u00e9m Esperan\u00e7a - R\u00e1dio Life FM","isPartOf":{"@id":"https:\/\/radiolifefm.com.br\/noticias\/#website"},"primaryImageOfPage":{"@id":"https:\/\/radiolifefm.com.br\/noticias\/historia-de-adamantinense-integra-coletanea-de-46-textos-no-livro-contem-esperanca\/#primaryimage"},"image":{"@id":"https:\/\/radiolifefm.com.br\/noticias\/historia-de-adamantinense-integra-coletanea-de-46-textos-no-livro-contem-esperanca\/#primaryimage"},"thumbnailUrl":"https:\/\/radiolifefm.com.br\/noticias\/wp-content\/uploads\/2021\/08\/11111png1629133037611a98edd9bad.jpg","datePublished":"2021-08-16T22:49:14+00:00","dateModified":"2026-04-23T22:27:06+00:00","breadcrumb":{"@id":"https:\/\/radiolifefm.com.br\/noticias\/historia-de-adamantinense-integra-coletanea-de-46-textos-no-livro-contem-esperanca\/#breadcrumb"},"inLanguage":"pt-BR","potentialAction":[{"@type":"ReadAction","target":["https:\/\/radiolifefm.com.br\/noticias\/historia-de-adamantinense-integra-coletanea-de-46-textos-no-livro-contem-esperanca\/"]}]},{"@type":"ImageObject","inLanguage":"pt-BR","@id":"https:\/\/radiolifefm.com.br\/noticias\/historia-de-adamantinense-integra-coletanea-de-46-textos-no-livro-contem-esperanca\/#primaryimage","url":"https:\/\/radiolifefm.com.br\/noticias\/wp-content\/uploads\/2021\/08\/11111png1629133037611a98edd9bad.jpg","contentUrl":"https:\/\/radiolifefm.com.br\/noticias\/wp-content\/uploads\/2021\/08\/11111png1629133037611a98edd9bad.jpg","width":600,"height":337,"caption":"Hist\u00f3ria da farmac\u00eautica adamantinense Elaine Cristina Valente \u00e9 tema de um dos 46 textos do livro."},{"@type":"BreadcrumbList","@id":"https:\/\/radiolifefm.com.br\/noticias\/historia-de-adamantinense-integra-coletanea-de-46-textos-no-livro-contem-esperanca\/#breadcrumb","itemListElement":[{"@type":"ListItem","position":1,"name":"In\u00edcio","item":"https:\/\/radiolifefm.com.br\/noticias\/"},{"@type":"ListItem","position":2,"name":"Hist\u00f3ria de adamantinense integra colet\u00e2nea de 46 textos no livro Cont\u00e9m Esperan\u00e7a"}]},{"@type":"WebSite","@id":"https:\/\/radiolifefm.com.br\/noticias\/#website","url":"https:\/\/radiolifefm.com.br\/noticias\/","name":"R\u00e1dio Life FM","description":"O Portal de Not\u00edcias de Adamantina","publisher":{"@id":"https:\/\/radiolifefm.com.br\/noticias\/#organization"},"alternateName":"Life FM","potentialAction":[{"@type":"SearchAction","target":{"@type":"EntryPoint","urlTemplate":"https:\/\/radiolifefm.com.br\/noticias\/?s={search_term_string}"},"query-input":{"@type":"PropertyValueSpecification","valueRequired":true,"valueName":"search_term_string"}}],"inLanguage":"pt-BR"},{"@type":"Organization","@id":"https:\/\/radiolifefm.com.br\/noticias\/#organization","name":"R\u00e1dio Life FM","alternateName":"Life FM","url":"https:\/\/radiolifefm.com.br\/noticias\/","logo":{"@type":"ImageObject","inLanguage":"pt-BR","@id":"https:\/\/radiolifefm.com.br\/noticias\/#\/schema\/logo\/image\/","url":"https:\/\/static.radiolifefm.com.br\/noticias\/wp-content\/uploads\/2019\/10\/logo-lifefm.png","contentUrl":"https:\/\/static.radiolifefm.com.br\/noticias\/wp-content\/uploads\/2019\/10\/logo-lifefm.png","width":196,"height":47,"caption":"R\u00e1dio Life FM"},"image":{"@id":"https:\/\/radiolifefm.com.br\/noticias\/#\/schema\/logo\/image\/"},"sameAs":["https:\/\/www.facebook.com\/radiolifefm\/","https:\/\/www.instagram.com\/life1079fm\/"]},{"@type":"Person","@id":"https:\/\/radiolifefm.com.br\/noticias\/#\/schema\/person\/6339b9fac59d12b071dec680d7375d87","name":"ritanery","image":{"@type":"ImageObject","inLanguage":"pt-BR","@id":"https:\/\/secure.gravatar.com\/avatar\/0e37bb19071f47c0b8a23f62a903df117c5a0e75f65a0c2901562f97cd41cf86?s=96&d=mm&r=g","url":"https:\/\/secure.gravatar.com\/avatar\/0e37bb19071f47c0b8a23f62a903df117c5a0e75f65a0c2901562f97cd41cf86?s=96&d=mm&r=g","contentUrl":"https:\/\/secure.gravatar.com\/avatar\/0e37bb19071f47c0b8a23f62a903df117c5a0e75f65a0c2901562f97cd41cf86?s=96&d=mm&r=g","caption":"ritanery"}}]}},"amp_enabled":true,"_links":{"self":[{"href":"https:\/\/radiolifefm.com.br\/noticias\/wp-json\/wp\/v2\/posts\/41753","targetHints":{"allow":["GET"]}}],"collection":[{"href":"https:\/\/radiolifefm.com.br\/noticias\/wp-json\/wp\/v2\/posts"}],"about":[{"href":"https:\/\/radiolifefm.com.br\/noticias\/wp-json\/wp\/v2\/types\/post"}],"author":[{"embeddable":true,"href":"https:\/\/radiolifefm.com.br\/noticias\/wp-json\/wp\/v2\/users\/13"}],"replies":[{"embeddable":true,"href":"https:\/\/radiolifefm.com.br\/noticias\/wp-json\/wp\/v2\/comments?post=41753"}],"version-history":[{"count":2,"href":"https:\/\/radiolifefm.com.br\/noticias\/wp-json\/wp\/v2\/posts\/41753\/revisions"}],"predecessor-version":[{"id":41758,"href":"https:\/\/radiolifefm.com.br\/noticias\/wp-json\/wp\/v2\/posts\/41753\/revisions\/41758"}],"wp:featuredmedia":[{"embeddable":true,"href":"https:\/\/radiolifefm.com.br\/noticias\/wp-json\/wp\/v2\/media\/41754"}],"wp:attachment":[{"href":"https:\/\/radiolifefm.com.br\/noticias\/wp-json\/wp\/v2\/media?parent=41753"}],"wp:term":[{"taxonomy":"category","embeddable":true,"href":"https:\/\/radiolifefm.com.br\/noticias\/wp-json\/wp\/v2\/categories?post=41753"},{"taxonomy":"post_tag","embeddable":true,"href":"https:\/\/radiolifefm.com.br\/noticias\/wp-json\/wp\/v2\/tags?post=41753"}],"curies":[{"name":"wp","href":"https:\/\/api.w.org\/{rel}","templated":true}]}}