{"id":41594,"date":"2021-08-10T19:45:37","date_gmt":"2021-08-10T22:45:37","guid":{"rendered":"https:\/\/radiolifefm.com.br\/noticias\/?p=41594"},"modified":"2025-09-23T01:45:50","modified_gmt":"2025-09-23T04:45:50","slug":"prefeitura-de-adamantina-executa-obra-no-muro-da-emei-cecilia-meireles","status":"publish","type":"post","link":"https:\/\/radiolifefm.com.br\/noticias\/prefeitura-de-adamantina-executa-obra-no-muro-da-emei-cecilia-meireles\/","title":{"rendered":"Prefeitura de Adamantina executa obra no muro da EMEI Cec\u00edlia Meireles"},"content":{"rendered":"<div id=\"fb-root\"><\/div>\n<p>Com o objetivo de oferecer maior seguran\u00e7a aos alunos, funcion\u00e1rios e professores da EMEI Cec\u00edlia Meirelles, foram iniciadas melhorias na unidade escolar.<\/p>\n<p>&nbsp;<\/p>\n<p>A obra em execu\u00e7\u00e3o consiste na demoli\u00e7\u00e3o de uma parte do muro existente que est\u00e1 comprometida estruturalmente. Vencida essa etapa, parte do muro ser\u00e1 reconstru\u00edda e submetida a drenagem de \u00e1guas pluviais.<\/p>\n<p>&nbsp;<\/p>\n<p>O investimento com recursos pr\u00f3prios ser\u00e1 de R$68.470,49. A execu\u00e7\u00e3o da a\u00e7\u00e3o teve in\u00edcio no final do m\u00eas de julho e a expectativa \u00e9 que seja conclu\u00edda em at\u00e9 tr\u00eas meses.<\/p>\n<p>Para o secret\u00e1rio de educa\u00e7\u00e3o, Osvaldo Jos\u00e9, a medida resolve um problema antigo da unidade de ensino.<\/p>\n<p>&nbsp;<\/p>\n<p><strong>Cadastramento em creches<\/strong><\/p>\n<p>At\u00e9 o dia 30 de agosto ser\u00e1 realizado o cadastramento dos alunos que completam 4 anos at\u00e9 o dia 30 de junho de 2022 e que n\u00e3o est\u00e3o matriculados em nenhuma unidade escolar do munic\u00edpio.<\/p>\n<p>&nbsp;<\/p>\n<p>Os pais ou respons\u00e1veis dever\u00e3o comparecer na Secretaria de Educa\u00e7\u00e3o com a certid\u00e3o de nascimento e o comprovante de endere\u00e7o para efetuar o cadastramento para o pr\u00f3ximo ano letivo.<\/p>\n<p>&nbsp;<\/p>\n<p>A Secretaria de Educa\u00e7\u00e3o de Adamantina est\u00e1 situada na Pra\u00e7a Tiradentes, 546 \u2013 Centro. O hor\u00e1rio de atendimento \u00e9 das 8h \u00e0s 11h e das 13h \u00e0s 17h. Mais informa\u00e7\u00f5es podem ser obtidas pelos telefones (18) 3521-3302 \/ (18) 3522-1455\/ (18) 3522-3559.<\/p>\n<p>&nbsp;<\/p>\n<p>Fonte: Assessoria de Imprensa<\/p>\n","protected":false},"excerpt":{"rendered":"<p>Com o objetivo de oferecer maior seguran\u00e7a aos alunos, funcion\u00e1rios e professores da EMEI Cec\u00edlia Meirelles, foram iniciadas melhorias na unidade escolar. &nbsp; A obra em execu\u00e7\u00e3o consiste na demoli\u00e7\u00e3o de uma parte do muro existente que est\u00e1 comprometida estruturalmente. Vencida essa etapa, parte do muro ser\u00e1 reconstru\u00edda e submetida a drenagem de \u00e1guas pluviais. [&hellip;]<\/p>\n","protected":false},"author":13,"featured_media":41595,"comment_status":"closed","ping_status":"open","sticky":false,"template":"","format":"standard","meta":{"_acf_changed":false,"_exactmetrics_skip_tracking":false,"_exactmetrics_sitenote_active":false,"_exactmetrics_sitenote_note":"","_exactmetrics_sitenote_category":0,"footnotes":""},"categories":[21],"tags":[],"class_list":["post-41594","post","type-post","status-publish","format-standard","has-post-thumbnail","hentry","category-adamantina"],"acf":[],"yoast_head":"<!-- This site is optimized with the Yoast SEO plugin v27.2 - https:\/\/yoast.com\/product\/yoast-seo-wordpress\/ -->\n<title>Prefeitura de Adamantina executa obra no muro da EMEI Cec\u00edlia Meireles - R\u00e1dio Life FM<\/title>\n<meta name=\"robots\" content=\"index, follow, max-snippet:-1, max-image-preview:large, max-video-preview:-1\" \/>\n<link rel=\"canonical\" href=\"https:\/\/radiolifefm.com.br\/noticias\/prefeitura-de-adamantina-executa-obra-no-muro-da-emei-cecilia-meireles\/\" \/>\n<meta property=\"og:locale\" content=\"pt_BR\" \/>\n<meta property=\"og:type\" content=\"article\" \/>\n<meta property=\"og:title\" content=\"Prefeitura de Adamantina executa obra no muro da EMEI Cec\u00edlia Meireles - R\u00e1dio Life FM\" \/>\n<meta property=\"og:description\" content=\"Com o objetivo de oferecer maior seguran\u00e7a aos alunos, funcion\u00e1rios e professores da EMEI Cec\u00edlia Meirelles, foram iniciadas melhorias na unidade escolar. &nbsp; A obra em execu\u00e7\u00e3o consiste na demoli\u00e7\u00e3o de uma parte do muro existente que est\u00e1 comprometida estruturalmente. Vencida essa etapa, parte do muro ser\u00e1 reconstru\u00edda e submetida a drenagem de \u00e1guas pluviais. [&hellip;]\" \/>\n<meta property=\"og:url\" content=\"https:\/\/radiolifefm.com.br\/noticias\/prefeitura-de-adamantina-executa-obra-no-muro-da-emei-cecilia-meireles\/\" \/>\n<meta property=\"og:site_name\" content=\"R\u00e1dio Life FM\" \/>\n<meta property=\"article:publisher\" content=\"https:\/\/www.facebook.com\/radiolifefm\/\" \/>\n<meta property=\"article:published_time\" content=\"2021-08-10T22:45:37+00:00\" \/>\n<meta property=\"article:modified_time\" content=\"2025-09-23T04:45:50+00:00\" \/>\n<meta property=\"og:image\" content=\"https:\/\/static.radiolifefm.com.br\/noticias\/wp-content\/uploads\/2021\/08\/muro.jpeg\" \/>\n\t<meta property=\"og:image:width\" content=\"1280\" \/>\n\t<meta property=\"og:image:height\" content=\"960\" \/>\n\t<meta property=\"og:image:type\" content=\"image\/jpeg\" \/>\n<meta name=\"author\" content=\"ritanery\" \/>\n<meta name=\"twitter:card\" content=\"summary_large_image\" \/>\n<meta name=\"twitter:label1\" content=\"Escrito por\" \/>\n\t<meta name=\"twitter:data1\" content=\"ritanery\" \/>\n\t<meta name=\"twitter:label2\" content=\"Est. tempo de leitura\" \/>\n\t<meta name=\"twitter:data2\" content=\"1 minuto\" \/>\n<script type=\"application\/ld+json\" class=\"yoast-schema-graph\">{\"@context\":\"https:\/\/schema.org\",\"@graph\":[{\"@type\":\"Article\",\"@id\":\"https:\/\/radiolifefm.com.br\/noticias\/prefeitura-de-adamantina-executa-obra-no-muro-da-emei-cecilia-meireles\/#article\",\"isPartOf\":{\"@id\":\"https:\/\/radiolifefm.com.br\/noticias\/prefeitura-de-adamantina-executa-obra-no-muro-da-emei-cecilia-meireles\/\"},\"author\":{\"name\":\"ritanery\",\"@id\":\"https:\/\/radiolifefm.com.br\/noticias\/#\/schema\/person\/6339b9fac59d12b071dec680d7375d87\"},\"headline\":\"Prefeitura de Adamantina executa obra no muro da EMEI Cec\u00edlia Meireles\",\"datePublished\":\"2021-08-10T22:45:37+00:00\",\"dateModified\":\"2025-09-23T04:45:50+00:00\",\"mainEntityOfPage\":{\"@id\":\"https:\/\/radiolifefm.com.br\/noticias\/prefeitura-de-adamantina-executa-obra-no-muro-da-emei-cecilia-meireles\/\"},\"wordCount\":249,\"publisher\":{\"@id\":\"https:\/\/radiolifefm.com.br\/noticias\/#organization\"},\"image\":{\"@id\":\"https:\/\/radiolifefm.com.br\/noticias\/prefeitura-de-adamantina-executa-obra-no-muro-da-emei-cecilia-meireles\/#primaryimage\"},\"thumbnailUrl\":\"https:\/\/radiolifefm.com.br\/noticias\/wp-content\/uploads\/2021\/08\/muro.jpeg\",\"articleSection\":[\"Adamantina\"],\"inLanguage\":\"pt-BR\"},{\"@type\":\"WebPage\",\"@id\":\"https:\/\/radiolifefm.com.br\/noticias\/prefeitura-de-adamantina-executa-obra-no-muro-da-emei-cecilia-meireles\/\",\"url\":\"https:\/\/radiolifefm.com.br\/noticias\/prefeitura-de-adamantina-executa-obra-no-muro-da-emei-cecilia-meireles\/\",\"name\":\"Prefeitura de Adamantina executa obra no muro da EMEI Cec\u00edlia Meireles - R\u00e1dio Life FM\",\"isPartOf\":{\"@id\":\"https:\/\/radiolifefm.com.br\/noticias\/#website\"},\"primaryImageOfPage\":{\"@id\":\"https:\/\/radiolifefm.com.br\/noticias\/prefeitura-de-adamantina-executa-obra-no-muro-da-emei-cecilia-meireles\/#primaryimage\"},\"image\":{\"@id\":\"https:\/\/radiolifefm.com.br\/noticias\/prefeitura-de-adamantina-executa-obra-no-muro-da-emei-cecilia-meireles\/#primaryimage\"},\"thumbnailUrl\":\"https:\/\/radiolifefm.com.br\/noticias\/wp-content\/uploads\/2021\/08\/muro.jpeg\",\"datePublished\":\"2021-08-10T22:45:37+00:00\",\"dateModified\":\"2025-09-23T04:45:50+00:00\",\"breadcrumb\":{\"@id\":\"https:\/\/radiolifefm.com.br\/noticias\/prefeitura-de-adamantina-executa-obra-no-muro-da-emei-cecilia-meireles\/#breadcrumb\"},\"inLanguage\":\"pt-BR\",\"potentialAction\":[{\"@type\":\"ReadAction\",\"target\":[\"https:\/\/radiolifefm.com.br\/noticias\/prefeitura-de-adamantina-executa-obra-no-muro-da-emei-cecilia-meireles\/\"]}]},{\"@type\":\"ImageObject\",\"inLanguage\":\"pt-BR\",\"@id\":\"https:\/\/radiolifefm.com.br\/noticias\/prefeitura-de-adamantina-executa-obra-no-muro-da-emei-cecilia-meireles\/#primaryimage\",\"url\":\"https:\/\/radiolifefm.com.br\/noticias\/wp-content\/uploads\/2021\/08\/muro.jpeg\",\"contentUrl\":\"https:\/\/radiolifefm.com.br\/noticias\/wp-content\/uploads\/2021\/08\/muro.jpeg\",\"width\":1280,\"height\":960},{\"@type\":\"BreadcrumbList\",\"@id\":\"https:\/\/radiolifefm.com.br\/noticias\/prefeitura-de-adamantina-executa-obra-no-muro-da-emei-cecilia-meireles\/#breadcrumb\",\"itemListElement\":[{\"@type\":\"ListItem\",\"position\":1,\"name\":\"In\u00edcio\",\"item\":\"https:\/\/radiolifefm.com.br\/noticias\/\"},{\"@type\":\"ListItem\",\"position\":2,\"name\":\"Prefeitura de Adamantina executa obra no muro da EMEI Cec\u00edlia Meireles\"}]},{\"@type\":\"WebSite\",\"@id\":\"https:\/\/radiolifefm.com.br\/noticias\/#website\",\"url\":\"https:\/\/radiolifefm.com.br\/noticias\/\",\"name\":\"R\u00e1dio Life FM\",\"description\":\"O Portal de Not\u00edcias de Adamantina\",\"publisher\":{\"@id\":\"https:\/\/radiolifefm.com.br\/noticias\/#organization\"},\"alternateName\":\"Life FM\",\"potentialAction\":[{\"@type\":\"SearchAction\",\"target\":{\"@type\":\"EntryPoint\",\"urlTemplate\":\"https:\/\/radiolifefm.com.br\/noticias\/?s={search_term_string}\"},\"query-input\":{\"@type\":\"PropertyValueSpecification\",\"valueRequired\":true,\"valueName\":\"search_term_string\"}}],\"inLanguage\":\"pt-BR\"},{\"@type\":\"Organization\",\"@id\":\"https:\/\/radiolifefm.com.br\/noticias\/#organization\",\"name\":\"R\u00e1dio Life FM\",\"alternateName\":\"Life FM\",\"url\":\"https:\/\/radiolifefm.com.br\/noticias\/\",\"logo\":{\"@type\":\"ImageObject\",\"inLanguage\":\"pt-BR\",\"@id\":\"https:\/\/radiolifefm.com.br\/noticias\/#\/schema\/logo\/image\/\",\"url\":\"https:\/\/static.radiolifefm.com.br\/noticias\/wp-content\/uploads\/2019\/10\/logo-lifefm.png\",\"contentUrl\":\"https:\/\/static.radiolifefm.com.br\/noticias\/wp-content\/uploads\/2019\/10\/logo-lifefm.png\",\"width\":196,\"height\":47,\"caption\":\"R\u00e1dio Life FM\"},\"image\":{\"@id\":\"https:\/\/radiolifefm.com.br\/noticias\/#\/schema\/logo\/image\/\"},\"sameAs\":[\"https:\/\/www.facebook.com\/radiolifefm\/\",\"https:\/\/www.instagram.com\/life1079fm\/\"]},{\"@type\":\"Person\",\"@id\":\"https:\/\/radiolifefm.com.br\/noticias\/#\/schema\/person\/6339b9fac59d12b071dec680d7375d87\",\"name\":\"ritanery\",\"image\":{\"@type\":\"ImageObject\",\"inLanguage\":\"pt-BR\",\"@id\":\"https:\/\/secure.gravatar.com\/avatar\/0e37bb19071f47c0b8a23f62a903df117c5a0e75f65a0c2901562f97cd41cf86?s=96&d=mm&r=g\",\"url\":\"https:\/\/secure.gravatar.com\/avatar\/0e37bb19071f47c0b8a23f62a903df117c5a0e75f65a0c2901562f97cd41cf86?s=96&d=mm&r=g\",\"contentUrl\":\"https:\/\/secure.gravatar.com\/avatar\/0e37bb19071f47c0b8a23f62a903df117c5a0e75f65a0c2901562f97cd41cf86?s=96&d=mm&r=g\",\"caption\":\"ritanery\"}}]}<\/script>\n<!-- \/ Yoast SEO plugin. -->","yoast_head_json":{"title":"Prefeitura de Adamantina executa obra no muro da EMEI Cec\u00edlia Meireles - R\u00e1dio Life FM","robots":{"index":"index","follow":"follow","max-snippet":"max-snippet:-1","max-image-preview":"max-image-preview:large","max-video-preview":"max-video-preview:-1"},"canonical":"https:\/\/radiolifefm.com.br\/noticias\/prefeitura-de-adamantina-executa-obra-no-muro-da-emei-cecilia-meireles\/","og_locale":"pt_BR","og_type":"article","og_title":"Prefeitura de Adamantina executa obra no muro da EMEI Cec\u00edlia Meireles - R\u00e1dio Life FM","og_description":"Com o objetivo de oferecer maior seguran\u00e7a aos alunos, funcion\u00e1rios e professores da EMEI Cec\u00edlia Meirelles, foram iniciadas melhorias na unidade escolar. &nbsp; A obra em execu\u00e7\u00e3o consiste na demoli\u00e7\u00e3o de uma parte do muro existente que est\u00e1 comprometida estruturalmente. Vencida essa etapa, parte do muro ser\u00e1 reconstru\u00edda e submetida a drenagem de \u00e1guas pluviais. [&hellip;]","og_url":"https:\/\/radiolifefm.com.br\/noticias\/prefeitura-de-adamantina-executa-obra-no-muro-da-emei-cecilia-meireles\/","og_site_name":"R\u00e1dio Life FM","article_publisher":"https:\/\/www.facebook.com\/radiolifefm\/","article_published_time":"2021-08-10T22:45:37+00:00","article_modified_time":"2025-09-23T04:45:50+00:00","og_image":[{"width":1280,"height":960,"url":"https:\/\/static.radiolifefm.com.br\/noticias\/wp-content\/uploads\/2021\/08\/muro.jpeg","type":"image\/jpeg"}],"author":"ritanery","twitter_card":"summary_large_image","twitter_misc":{"Escrito por":"ritanery","Est. tempo de leitura":"1 minuto"},"schema":{"@context":"https:\/\/schema.org","@graph":[{"@type":"Article","@id":"https:\/\/radiolifefm.com.br\/noticias\/prefeitura-de-adamantina-executa-obra-no-muro-da-emei-cecilia-meireles\/#article","isPartOf":{"@id":"https:\/\/radiolifefm.com.br\/noticias\/prefeitura-de-adamantina-executa-obra-no-muro-da-emei-cecilia-meireles\/"},"author":{"name":"ritanery","@id":"https:\/\/radiolifefm.com.br\/noticias\/#\/schema\/person\/6339b9fac59d12b071dec680d7375d87"},"headline":"Prefeitura de Adamantina executa obra no muro da EMEI Cec\u00edlia Meireles","datePublished":"2021-08-10T22:45:37+00:00","dateModified":"2025-09-23T04:45:50+00:00","mainEntityOfPage":{"@id":"https:\/\/radiolifefm.com.br\/noticias\/prefeitura-de-adamantina-executa-obra-no-muro-da-emei-cecilia-meireles\/"},"wordCount":249,"publisher":{"@id":"https:\/\/radiolifefm.com.br\/noticias\/#organization"},"image":{"@id":"https:\/\/radiolifefm.com.br\/noticias\/prefeitura-de-adamantina-executa-obra-no-muro-da-emei-cecilia-meireles\/#primaryimage"},"thumbnailUrl":"https:\/\/radiolifefm.com.br\/noticias\/wp-content\/uploads\/2021\/08\/muro.jpeg","articleSection":["Adamantina"],"inLanguage":"pt-BR"},{"@type":"WebPage","@id":"https:\/\/radiolifefm.com.br\/noticias\/prefeitura-de-adamantina-executa-obra-no-muro-da-emei-cecilia-meireles\/","url":"https:\/\/radiolifefm.com.br\/noticias\/prefeitura-de-adamantina-executa-obra-no-muro-da-emei-cecilia-meireles\/","name":"Prefeitura de Adamantina executa obra no muro da EMEI Cec\u00edlia Meireles - R\u00e1dio Life FM","isPartOf":{"@id":"https:\/\/radiolifefm.com.br\/noticias\/#website"},"primaryImageOfPage":{"@id":"https:\/\/radiolifefm.com.br\/noticias\/prefeitura-de-adamantina-executa-obra-no-muro-da-emei-cecilia-meireles\/#primaryimage"},"image":{"@id":"https:\/\/radiolifefm.com.br\/noticias\/prefeitura-de-adamantina-executa-obra-no-muro-da-emei-cecilia-meireles\/#primaryimage"},"thumbnailUrl":"https:\/\/radiolifefm.com.br\/noticias\/wp-content\/uploads\/2021\/08\/muro.jpeg","datePublished":"2021-08-10T22:45:37+00:00","dateModified":"2025-09-23T04:45:50+00:00","breadcrumb":{"@id":"https:\/\/radiolifefm.com.br\/noticias\/prefeitura-de-adamantina-executa-obra-no-muro-da-emei-cecilia-meireles\/#breadcrumb"},"inLanguage":"pt-BR","potentialAction":[{"@type":"ReadAction","target":["https:\/\/radiolifefm.com.br\/noticias\/prefeitura-de-adamantina-executa-obra-no-muro-da-emei-cecilia-meireles\/"]}]},{"@type":"ImageObject","inLanguage":"pt-BR","@id":"https:\/\/radiolifefm.com.br\/noticias\/prefeitura-de-adamantina-executa-obra-no-muro-da-emei-cecilia-meireles\/#primaryimage","url":"https:\/\/radiolifefm.com.br\/noticias\/wp-content\/uploads\/2021\/08\/muro.jpeg","contentUrl":"https:\/\/radiolifefm.com.br\/noticias\/wp-content\/uploads\/2021\/08\/muro.jpeg","width":1280,"height":960},{"@type":"BreadcrumbList","@id":"https:\/\/radiolifefm.com.br\/noticias\/prefeitura-de-adamantina-executa-obra-no-muro-da-emei-cecilia-meireles\/#breadcrumb","itemListElement":[{"@type":"ListItem","position":1,"name":"In\u00edcio","item":"https:\/\/radiolifefm.com.br\/noticias\/"},{"@type":"ListItem","position":2,"name":"Prefeitura de Adamantina executa obra no muro da EMEI Cec\u00edlia Meireles"}]},{"@type":"WebSite","@id":"https:\/\/radiolifefm.com.br\/noticias\/#website","url":"https:\/\/radiolifefm.com.br\/noticias\/","name":"R\u00e1dio Life FM","description":"O Portal de Not\u00edcias de Adamantina","publisher":{"@id":"https:\/\/radiolifefm.com.br\/noticias\/#organization"},"alternateName":"Life FM","potentialAction":[{"@type":"SearchAction","target":{"@type":"EntryPoint","urlTemplate":"https:\/\/radiolifefm.com.br\/noticias\/?s={search_term_string}"},"query-input":{"@type":"PropertyValueSpecification","valueRequired":true,"valueName":"search_term_string"}}],"inLanguage":"pt-BR"},{"@type":"Organization","@id":"https:\/\/radiolifefm.com.br\/noticias\/#organization","name":"R\u00e1dio Life FM","alternateName":"Life FM","url":"https:\/\/radiolifefm.com.br\/noticias\/","logo":{"@type":"ImageObject","inLanguage":"pt-BR","@id":"https:\/\/radiolifefm.com.br\/noticias\/#\/schema\/logo\/image\/","url":"https:\/\/static.radiolifefm.com.br\/noticias\/wp-content\/uploads\/2019\/10\/logo-lifefm.png","contentUrl":"https:\/\/static.radiolifefm.com.br\/noticias\/wp-content\/uploads\/2019\/10\/logo-lifefm.png","width":196,"height":47,"caption":"R\u00e1dio Life FM"},"image":{"@id":"https:\/\/radiolifefm.com.br\/noticias\/#\/schema\/logo\/image\/"},"sameAs":["https:\/\/www.facebook.com\/radiolifefm\/","https:\/\/www.instagram.com\/life1079fm\/"]},{"@type":"Person","@id":"https:\/\/radiolifefm.com.br\/noticias\/#\/schema\/person\/6339b9fac59d12b071dec680d7375d87","name":"ritanery","image":{"@type":"ImageObject","inLanguage":"pt-BR","@id":"https:\/\/secure.gravatar.com\/avatar\/0e37bb19071f47c0b8a23f62a903df117c5a0e75f65a0c2901562f97cd41cf86?s=96&d=mm&r=g","url":"https:\/\/secure.gravatar.com\/avatar\/0e37bb19071f47c0b8a23f62a903df117c5a0e75f65a0c2901562f97cd41cf86?s=96&d=mm&r=g","contentUrl":"https:\/\/secure.gravatar.com\/avatar\/0e37bb19071f47c0b8a23f62a903df117c5a0e75f65a0c2901562f97cd41cf86?s=96&d=mm&r=g","caption":"ritanery"}}]}},"amp_enabled":true,"_links":{"self":[{"href":"https:\/\/radiolifefm.com.br\/noticias\/wp-json\/wp\/v2\/posts\/41594","targetHints":{"allow":["GET"]}}],"collection":[{"href":"https:\/\/radiolifefm.com.br\/noticias\/wp-json\/wp\/v2\/posts"}],"about":[{"href":"https:\/\/radiolifefm.com.br\/noticias\/wp-json\/wp\/v2\/types\/post"}],"author":[{"embeddable":true,"href":"https:\/\/radiolifefm.com.br\/noticias\/wp-json\/wp\/v2\/users\/13"}],"replies":[{"embeddable":true,"href":"https:\/\/radiolifefm.com.br\/noticias\/wp-json\/wp\/v2\/comments?post=41594"}],"version-history":[{"count":1,"href":"https:\/\/radiolifefm.com.br\/noticias\/wp-json\/wp\/v2\/posts\/41594\/revisions"}],"predecessor-version":[{"id":41596,"href":"https:\/\/radiolifefm.com.br\/noticias\/wp-json\/wp\/v2\/posts\/41594\/revisions\/41596"}],"wp:featuredmedia":[{"embeddable":true,"href":"https:\/\/radiolifefm.com.br\/noticias\/wp-json\/wp\/v2\/media\/41595"}],"wp:attachment":[{"href":"https:\/\/radiolifefm.com.br\/noticias\/wp-json\/wp\/v2\/media?parent=41594"}],"wp:term":[{"taxonomy":"category","embeddable":true,"href":"https:\/\/radiolifefm.com.br\/noticias\/wp-json\/wp\/v2\/categories?post=41594"},{"taxonomy":"post_tag","embeddable":true,"href":"https:\/\/radiolifefm.com.br\/noticias\/wp-json\/wp\/v2\/tags?post=41594"}],"curies":[{"name":"wp","href":"https:\/\/api.w.org\/{rel}","templated":true}]}}