{"id":41562,"date":"2021-08-10T10:25:59","date_gmt":"2021-08-10T13:25:59","guid":{"rendered":"https:\/\/radiolifefm.com.br\/noticias\/?p=41562"},"modified":"2026-01-24T01:00:52","modified_gmt":"2026-01-24T04:00:52","slug":"administracao-prepara-projeto-para-reinicio-da-construcao-da-ponte-da-usina-de-lixo","status":"publish","type":"post","link":"https:\/\/radiolifefm.com.br\/noticias\/administracao-prepara-projeto-para-reinicio-da-construcao-da-ponte-da-usina-de-lixo\/","title":{"rendered":"Administra\u00e7\u00e3o prepara projeto para rein\u00edcio da constru\u00e7\u00e3o da ponte da Usina de Lixo"},"content":{"rendered":"<div id=\"fb-root\"><\/div>\n<p>Na semana passada foi realizada uma reuni\u00e3o no gabinete da Prefeitura de Adamantina para tratar sobre a constru\u00e7\u00e3o da ponte sobre o c\u00f3rrego Tocantins, pr\u00f3ximo a Usina de Lixo, cuja obra foi iniciada no final de 2011 e meses depois foi interrompida, situa\u00e7\u00e3o na qual permanece at\u00e9 hoje.<\/p>\n<p>&nbsp;<\/p>\n<p>Durante o encontro no 5\u00ba andar com a participa\u00e7\u00e3o do prefeito M\u00e1rcio Cardim e dos respons\u00e1veis pelas Secretarias de Planejamento e de Obras, al\u00e9m da Procuradoria Jur\u00eddica do Munic\u00edpio, ficou definido que a Prefeitura buscar\u00e1 reativar o projeto e executar a obra.<\/p>\n<p>&nbsp;<\/p>\n<p>O secret\u00e1rio Jo\u00e3o Vitor Marega (Planejamento) informou a reportagem do Folha Regional que est\u00e3o sendo verificados os modelos de projetos de pontes existentes para tra\u00e7ar a viabilidade da execu\u00e7\u00e3o. \u201cAntes de qualquer outra iniciativa, vamos marcar uma nova conversa com os respons\u00e1veis pela empresa que deveria ter feito a obra e propor que finalize os servi\u00e7os\u201d, acrescentou.<\/p>\n<p>&nbsp;<\/p>\n<p>Na manh\u00e3 da \u00faltima quinta-feira (5) a reportagem do Jornal Folha Regional esteve no local e verificou que apenas um dos pilares que suportaria a futura ponte ainda se mant\u00e9m em p\u00e9, mas deteriorado e inclinado.<\/p>\n<p>&nbsp;<\/p>\n<p>Em novembro de 2014 a Secretaria Municipal de Planejamento revelou que por indica\u00e7\u00e3o de laudo emitido pela Unesp de Ilha Solteira a passagem deve ser refeita, porque tanto a funda\u00e7\u00e3o quanto a mesoestrutura, j\u00e1 executadas, estavam totalmente comprometidas com rela\u00e7\u00e3o a sua estabilidade global e, consequentemente, a seguran\u00e7a.<\/p>\n<p>Mas o assunto ent\u00e3o foi parar na Justi\u00e7a. Em 2017 a Prefeitura de Adamantina ganhou na Justi\u00e7a, por meio de liminar emitida pelo Tribunal de |Justi\u00e7a do Estado de S\u00e3o Paulo, a determina\u00e7\u00e3o para que a Construtora La\u00eds assumisse a responsabilidade na obra. Logo em seguida, a empreiteira recorreu da decis\u00e3o. Ent\u00e3o, agora, a busca pela melhor solu\u00e7\u00e3o para o impasse ser\u00e1 novamente buscada entre as duas partes.<\/p>\n<p>&nbsp;<\/p>\n<p>Fonte: Adamantina Net<\/p>\n","protected":false},"excerpt":{"rendered":"<p>Na semana passada foi realizada uma reuni\u00e3o no gabinete da Prefeitura de Adamantina para tratar sobre a constru\u00e7\u00e3o da ponte sobre o c\u00f3rrego Tocantins, pr\u00f3ximo a Usina de Lixo, cuja obra foi iniciada no final de 2011 e meses depois foi interrompida, situa\u00e7\u00e3o na qual permanece at\u00e9 hoje. &nbsp; Durante o encontro no 5\u00ba andar [&hellip;]<\/p>\n","protected":false},"author":13,"featured_media":41563,"comment_status":"closed","ping_status":"open","sticky":false,"template":"","format":"standard","meta":{"_acf_changed":false,"_exactmetrics_skip_tracking":false,"_exactmetrics_sitenote_active":false,"_exactmetrics_sitenote_note":"","_exactmetrics_sitenote_category":0,"footnotes":""},"categories":[21],"tags":[],"class_list":["post-41562","post","type-post","status-publish","format-standard","has-post-thumbnail","hentry","category-adamantina"],"acf":[],"yoast_head":"<!-- This site is optimized with the Yoast SEO plugin v27.2 - https:\/\/yoast.com\/product\/yoast-seo-wordpress\/ -->\n<title>Administra\u00e7\u00e3o prepara projeto para rein\u00edcio da constru\u00e7\u00e3o da ponte da Usina de Lixo - R\u00e1dio Life FM<\/title>\n<meta name=\"robots\" content=\"index, follow, max-snippet:-1, max-image-preview:large, max-video-preview:-1\" \/>\n<link rel=\"canonical\" href=\"https:\/\/radiolifefm.com.br\/noticias\/administracao-prepara-projeto-para-reinicio-da-construcao-da-ponte-da-usina-de-lixo\/\" \/>\n<meta property=\"og:locale\" content=\"pt_BR\" \/>\n<meta property=\"og:type\" content=\"article\" \/>\n<meta property=\"og:title\" content=\"Administra\u00e7\u00e3o prepara projeto para rein\u00edcio da constru\u00e7\u00e3o da ponte da Usina de Lixo - R\u00e1dio Life FM\" \/>\n<meta property=\"og:description\" content=\"Na semana passada foi realizada uma reuni\u00e3o no gabinete da Prefeitura de Adamantina para tratar sobre a constru\u00e7\u00e3o da ponte sobre o c\u00f3rrego Tocantins, pr\u00f3ximo a Usina de Lixo, cuja obra foi iniciada no final de 2011 e meses depois foi interrompida, situa\u00e7\u00e3o na qual permanece at\u00e9 hoje. &nbsp; Durante o encontro no 5\u00ba andar [&hellip;]\" \/>\n<meta property=\"og:url\" content=\"https:\/\/radiolifefm.com.br\/noticias\/administracao-prepara-projeto-para-reinicio-da-construcao-da-ponte-da-usina-de-lixo\/\" \/>\n<meta property=\"og:site_name\" content=\"R\u00e1dio Life FM\" \/>\n<meta property=\"article:publisher\" content=\"https:\/\/www.facebook.com\/radiolifefm\/\" \/>\n<meta property=\"article:published_time\" content=\"2021-08-10T13:25:59+00:00\" \/>\n<meta property=\"article:modified_time\" content=\"2026-01-24T04:00:52+00:00\" \/>\n<meta property=\"og:image\" content=\"https:\/\/radiolifefm.com.br\/noticias\/wp-content\/uploads\/2021\/08\/COR-PONTE-ADAMANTINA-21.jpg\" \/>\n\t<meta property=\"og:image:width\" content=\"1200\" \/>\n\t<meta property=\"og:image:height\" content=\"797\" \/>\n\t<meta property=\"og:image:type\" content=\"image\/jpeg\" \/>\n<meta name=\"author\" content=\"ritanery\" \/>\n<meta name=\"twitter:card\" content=\"summary_large_image\" \/>\n<meta name=\"twitter:label1\" content=\"Escrito por\" \/>\n\t<meta name=\"twitter:data1\" content=\"ritanery\" \/>\n\t<meta name=\"twitter:label2\" content=\"Est. tempo de leitura\" \/>\n\t<meta name=\"twitter:data2\" content=\"2 minutos\" \/>\n<script type=\"application\/ld+json\" class=\"yoast-schema-graph\">{\"@context\":\"https:\/\/schema.org\",\"@graph\":[{\"@type\":\"Article\",\"@id\":\"https:\/\/radiolifefm.com.br\/noticias\/administracao-prepara-projeto-para-reinicio-da-construcao-da-ponte-da-usina-de-lixo\/#article\",\"isPartOf\":{\"@id\":\"https:\/\/radiolifefm.com.br\/noticias\/administracao-prepara-projeto-para-reinicio-da-construcao-da-ponte-da-usina-de-lixo\/\"},\"author\":{\"name\":\"ritanery\",\"@id\":\"https:\/\/radiolifefm.com.br\/noticias\/#\/schema\/person\/6339b9fac59d12b071dec680d7375d87\"},\"headline\":\"Administra\u00e7\u00e3o prepara projeto para rein\u00edcio da constru\u00e7\u00e3o da ponte da Usina de Lixo\",\"datePublished\":\"2021-08-10T13:25:59+00:00\",\"dateModified\":\"2026-01-24T04:00:52+00:00\",\"mainEntityOfPage\":{\"@id\":\"https:\/\/radiolifefm.com.br\/noticias\/administracao-prepara-projeto-para-reinicio-da-construcao-da-ponte-da-usina-de-lixo\/\"},\"wordCount\":351,\"publisher\":{\"@id\":\"https:\/\/radiolifefm.com.br\/noticias\/#organization\"},\"image\":{\"@id\":\"https:\/\/radiolifefm.com.br\/noticias\/administracao-prepara-projeto-para-reinicio-da-construcao-da-ponte-da-usina-de-lixo\/#primaryimage\"},\"thumbnailUrl\":\"https:\/\/radiolifefm.com.br\/noticias\/wp-content\/uploads\/2021\/08\/COR-PONTE-ADAMANTINA-21.jpg\",\"articleSection\":[\"Adamantina\"],\"inLanguage\":\"pt-BR\"},{\"@type\":\"WebPage\",\"@id\":\"https:\/\/radiolifefm.com.br\/noticias\/administracao-prepara-projeto-para-reinicio-da-construcao-da-ponte-da-usina-de-lixo\/\",\"url\":\"https:\/\/radiolifefm.com.br\/noticias\/administracao-prepara-projeto-para-reinicio-da-construcao-da-ponte-da-usina-de-lixo\/\",\"name\":\"Administra\u00e7\u00e3o prepara projeto para rein\u00edcio da constru\u00e7\u00e3o da ponte da Usina de Lixo - R\u00e1dio Life FM\",\"isPartOf\":{\"@id\":\"https:\/\/radiolifefm.com.br\/noticias\/#website\"},\"primaryImageOfPage\":{\"@id\":\"https:\/\/radiolifefm.com.br\/noticias\/administracao-prepara-projeto-para-reinicio-da-construcao-da-ponte-da-usina-de-lixo\/#primaryimage\"},\"image\":{\"@id\":\"https:\/\/radiolifefm.com.br\/noticias\/administracao-prepara-projeto-para-reinicio-da-construcao-da-ponte-da-usina-de-lixo\/#primaryimage\"},\"thumbnailUrl\":\"https:\/\/radiolifefm.com.br\/noticias\/wp-content\/uploads\/2021\/08\/COR-PONTE-ADAMANTINA-21.jpg\",\"datePublished\":\"2021-08-10T13:25:59+00:00\",\"dateModified\":\"2026-01-24T04:00:52+00:00\",\"breadcrumb\":{\"@id\":\"https:\/\/radiolifefm.com.br\/noticias\/administracao-prepara-projeto-para-reinicio-da-construcao-da-ponte-da-usina-de-lixo\/#breadcrumb\"},\"inLanguage\":\"pt-BR\",\"potentialAction\":[{\"@type\":\"ReadAction\",\"target\":[\"https:\/\/radiolifefm.com.br\/noticias\/administracao-prepara-projeto-para-reinicio-da-construcao-da-ponte-da-usina-de-lixo\/\"]}]},{\"@type\":\"ImageObject\",\"inLanguage\":\"pt-BR\",\"@id\":\"https:\/\/radiolifefm.com.br\/noticias\/administracao-prepara-projeto-para-reinicio-da-construcao-da-ponte-da-usina-de-lixo\/#primaryimage\",\"url\":\"https:\/\/radiolifefm.com.br\/noticias\/wp-content\/uploads\/2021\/08\/COR-PONTE-ADAMANTINA-21.jpg\",\"contentUrl\":\"https:\/\/radiolifefm.com.br\/noticias\/wp-content\/uploads\/2021\/08\/COR-PONTE-ADAMANTINA-21.jpg\",\"width\":1200,\"height\":797},{\"@type\":\"BreadcrumbList\",\"@id\":\"https:\/\/radiolifefm.com.br\/noticias\/administracao-prepara-projeto-para-reinicio-da-construcao-da-ponte-da-usina-de-lixo\/#breadcrumb\",\"itemListElement\":[{\"@type\":\"ListItem\",\"position\":1,\"name\":\"In\u00edcio\",\"item\":\"https:\/\/radiolifefm.com.br\/noticias\/\"},{\"@type\":\"ListItem\",\"position\":2,\"name\":\"Administra\u00e7\u00e3o prepara projeto para rein\u00edcio da constru\u00e7\u00e3o da ponte da Usina de Lixo\"}]},{\"@type\":\"WebSite\",\"@id\":\"https:\/\/radiolifefm.com.br\/noticias\/#website\",\"url\":\"https:\/\/radiolifefm.com.br\/noticias\/\",\"name\":\"R\u00e1dio Life FM\",\"description\":\"O Portal de Not\u00edcias de Adamantina\",\"publisher\":{\"@id\":\"https:\/\/radiolifefm.com.br\/noticias\/#organization\"},\"alternateName\":\"Life FM\",\"potentialAction\":[{\"@type\":\"SearchAction\",\"target\":{\"@type\":\"EntryPoint\",\"urlTemplate\":\"https:\/\/radiolifefm.com.br\/noticias\/?s={search_term_string}\"},\"query-input\":{\"@type\":\"PropertyValueSpecification\",\"valueRequired\":true,\"valueName\":\"search_term_string\"}}],\"inLanguage\":\"pt-BR\"},{\"@type\":\"Organization\",\"@id\":\"https:\/\/radiolifefm.com.br\/noticias\/#organization\",\"name\":\"R\u00e1dio Life FM\",\"alternateName\":\"Life FM\",\"url\":\"https:\/\/radiolifefm.com.br\/noticias\/\",\"logo\":{\"@type\":\"ImageObject\",\"inLanguage\":\"pt-BR\",\"@id\":\"https:\/\/radiolifefm.com.br\/noticias\/#\/schema\/logo\/image\/\",\"url\":\"https:\/\/static.radiolifefm.com.br\/noticias\/wp-content\/uploads\/2019\/10\/logo-lifefm.png\",\"contentUrl\":\"https:\/\/static.radiolifefm.com.br\/noticias\/wp-content\/uploads\/2019\/10\/logo-lifefm.png\",\"width\":196,\"height\":47,\"caption\":\"R\u00e1dio Life FM\"},\"image\":{\"@id\":\"https:\/\/radiolifefm.com.br\/noticias\/#\/schema\/logo\/image\/\"},\"sameAs\":[\"https:\/\/www.facebook.com\/radiolifefm\/\",\"https:\/\/www.instagram.com\/life1079fm\/\"]},{\"@type\":\"Person\",\"@id\":\"https:\/\/radiolifefm.com.br\/noticias\/#\/schema\/person\/6339b9fac59d12b071dec680d7375d87\",\"name\":\"ritanery\",\"image\":{\"@type\":\"ImageObject\",\"inLanguage\":\"pt-BR\",\"@id\":\"https:\/\/secure.gravatar.com\/avatar\/0e37bb19071f47c0b8a23f62a903df117c5a0e75f65a0c2901562f97cd41cf86?s=96&d=mm&r=g\",\"url\":\"https:\/\/secure.gravatar.com\/avatar\/0e37bb19071f47c0b8a23f62a903df117c5a0e75f65a0c2901562f97cd41cf86?s=96&d=mm&r=g\",\"contentUrl\":\"https:\/\/secure.gravatar.com\/avatar\/0e37bb19071f47c0b8a23f62a903df117c5a0e75f65a0c2901562f97cd41cf86?s=96&d=mm&r=g\",\"caption\":\"ritanery\"}}]}<\/script>\n<!-- \/ Yoast SEO plugin. -->","yoast_head_json":{"title":"Administra\u00e7\u00e3o prepara projeto para rein\u00edcio da constru\u00e7\u00e3o da ponte da Usina de Lixo - R\u00e1dio Life FM","robots":{"index":"index","follow":"follow","max-snippet":"max-snippet:-1","max-image-preview":"max-image-preview:large","max-video-preview":"max-video-preview:-1"},"canonical":"https:\/\/radiolifefm.com.br\/noticias\/administracao-prepara-projeto-para-reinicio-da-construcao-da-ponte-da-usina-de-lixo\/","og_locale":"pt_BR","og_type":"article","og_title":"Administra\u00e7\u00e3o prepara projeto para rein\u00edcio da constru\u00e7\u00e3o da ponte da Usina de Lixo - R\u00e1dio Life FM","og_description":"Na semana passada foi realizada uma reuni\u00e3o no gabinete da Prefeitura de Adamantina para tratar sobre a constru\u00e7\u00e3o da ponte sobre o c\u00f3rrego Tocantins, pr\u00f3ximo a Usina de Lixo, cuja obra foi iniciada no final de 2011 e meses depois foi interrompida, situa\u00e7\u00e3o na qual permanece at\u00e9 hoje. &nbsp; Durante o encontro no 5\u00ba andar [&hellip;]","og_url":"https:\/\/radiolifefm.com.br\/noticias\/administracao-prepara-projeto-para-reinicio-da-construcao-da-ponte-da-usina-de-lixo\/","og_site_name":"R\u00e1dio Life FM","article_publisher":"https:\/\/www.facebook.com\/radiolifefm\/","article_published_time":"2021-08-10T13:25:59+00:00","article_modified_time":"2026-01-24T04:00:52+00:00","og_image":[{"width":1200,"height":797,"url":"https:\/\/radiolifefm.com.br\/noticias\/wp-content\/uploads\/2021\/08\/COR-PONTE-ADAMANTINA-21.jpg","type":"image\/jpeg"}],"author":"ritanery","twitter_card":"summary_large_image","twitter_misc":{"Escrito por":"ritanery","Est. tempo de leitura":"2 minutos"},"schema":{"@context":"https:\/\/schema.org","@graph":[{"@type":"Article","@id":"https:\/\/radiolifefm.com.br\/noticias\/administracao-prepara-projeto-para-reinicio-da-construcao-da-ponte-da-usina-de-lixo\/#article","isPartOf":{"@id":"https:\/\/radiolifefm.com.br\/noticias\/administracao-prepara-projeto-para-reinicio-da-construcao-da-ponte-da-usina-de-lixo\/"},"author":{"name":"ritanery","@id":"https:\/\/radiolifefm.com.br\/noticias\/#\/schema\/person\/6339b9fac59d12b071dec680d7375d87"},"headline":"Administra\u00e7\u00e3o prepara projeto para rein\u00edcio da constru\u00e7\u00e3o da ponte da Usina de Lixo","datePublished":"2021-08-10T13:25:59+00:00","dateModified":"2026-01-24T04:00:52+00:00","mainEntityOfPage":{"@id":"https:\/\/radiolifefm.com.br\/noticias\/administracao-prepara-projeto-para-reinicio-da-construcao-da-ponte-da-usina-de-lixo\/"},"wordCount":351,"publisher":{"@id":"https:\/\/radiolifefm.com.br\/noticias\/#organization"},"image":{"@id":"https:\/\/radiolifefm.com.br\/noticias\/administracao-prepara-projeto-para-reinicio-da-construcao-da-ponte-da-usina-de-lixo\/#primaryimage"},"thumbnailUrl":"https:\/\/radiolifefm.com.br\/noticias\/wp-content\/uploads\/2021\/08\/COR-PONTE-ADAMANTINA-21.jpg","articleSection":["Adamantina"],"inLanguage":"pt-BR"},{"@type":"WebPage","@id":"https:\/\/radiolifefm.com.br\/noticias\/administracao-prepara-projeto-para-reinicio-da-construcao-da-ponte-da-usina-de-lixo\/","url":"https:\/\/radiolifefm.com.br\/noticias\/administracao-prepara-projeto-para-reinicio-da-construcao-da-ponte-da-usina-de-lixo\/","name":"Administra\u00e7\u00e3o prepara projeto para rein\u00edcio da constru\u00e7\u00e3o da ponte da Usina de Lixo - R\u00e1dio Life FM","isPartOf":{"@id":"https:\/\/radiolifefm.com.br\/noticias\/#website"},"primaryImageOfPage":{"@id":"https:\/\/radiolifefm.com.br\/noticias\/administracao-prepara-projeto-para-reinicio-da-construcao-da-ponte-da-usina-de-lixo\/#primaryimage"},"image":{"@id":"https:\/\/radiolifefm.com.br\/noticias\/administracao-prepara-projeto-para-reinicio-da-construcao-da-ponte-da-usina-de-lixo\/#primaryimage"},"thumbnailUrl":"https:\/\/radiolifefm.com.br\/noticias\/wp-content\/uploads\/2021\/08\/COR-PONTE-ADAMANTINA-21.jpg","datePublished":"2021-08-10T13:25:59+00:00","dateModified":"2026-01-24T04:00:52+00:00","breadcrumb":{"@id":"https:\/\/radiolifefm.com.br\/noticias\/administracao-prepara-projeto-para-reinicio-da-construcao-da-ponte-da-usina-de-lixo\/#breadcrumb"},"inLanguage":"pt-BR","potentialAction":[{"@type":"ReadAction","target":["https:\/\/radiolifefm.com.br\/noticias\/administracao-prepara-projeto-para-reinicio-da-construcao-da-ponte-da-usina-de-lixo\/"]}]},{"@type":"ImageObject","inLanguage":"pt-BR","@id":"https:\/\/radiolifefm.com.br\/noticias\/administracao-prepara-projeto-para-reinicio-da-construcao-da-ponte-da-usina-de-lixo\/#primaryimage","url":"https:\/\/radiolifefm.com.br\/noticias\/wp-content\/uploads\/2021\/08\/COR-PONTE-ADAMANTINA-21.jpg","contentUrl":"https:\/\/radiolifefm.com.br\/noticias\/wp-content\/uploads\/2021\/08\/COR-PONTE-ADAMANTINA-21.jpg","width":1200,"height":797},{"@type":"BreadcrumbList","@id":"https:\/\/radiolifefm.com.br\/noticias\/administracao-prepara-projeto-para-reinicio-da-construcao-da-ponte-da-usina-de-lixo\/#breadcrumb","itemListElement":[{"@type":"ListItem","position":1,"name":"In\u00edcio","item":"https:\/\/radiolifefm.com.br\/noticias\/"},{"@type":"ListItem","position":2,"name":"Administra\u00e7\u00e3o prepara projeto para rein\u00edcio da constru\u00e7\u00e3o da ponte da Usina de Lixo"}]},{"@type":"WebSite","@id":"https:\/\/radiolifefm.com.br\/noticias\/#website","url":"https:\/\/radiolifefm.com.br\/noticias\/","name":"R\u00e1dio Life FM","description":"O Portal de Not\u00edcias de Adamantina","publisher":{"@id":"https:\/\/radiolifefm.com.br\/noticias\/#organization"},"alternateName":"Life FM","potentialAction":[{"@type":"SearchAction","target":{"@type":"EntryPoint","urlTemplate":"https:\/\/radiolifefm.com.br\/noticias\/?s={search_term_string}"},"query-input":{"@type":"PropertyValueSpecification","valueRequired":true,"valueName":"search_term_string"}}],"inLanguage":"pt-BR"},{"@type":"Organization","@id":"https:\/\/radiolifefm.com.br\/noticias\/#organization","name":"R\u00e1dio Life FM","alternateName":"Life FM","url":"https:\/\/radiolifefm.com.br\/noticias\/","logo":{"@type":"ImageObject","inLanguage":"pt-BR","@id":"https:\/\/radiolifefm.com.br\/noticias\/#\/schema\/logo\/image\/","url":"https:\/\/static.radiolifefm.com.br\/noticias\/wp-content\/uploads\/2019\/10\/logo-lifefm.png","contentUrl":"https:\/\/static.radiolifefm.com.br\/noticias\/wp-content\/uploads\/2019\/10\/logo-lifefm.png","width":196,"height":47,"caption":"R\u00e1dio Life FM"},"image":{"@id":"https:\/\/radiolifefm.com.br\/noticias\/#\/schema\/logo\/image\/"},"sameAs":["https:\/\/www.facebook.com\/radiolifefm\/","https:\/\/www.instagram.com\/life1079fm\/"]},{"@type":"Person","@id":"https:\/\/radiolifefm.com.br\/noticias\/#\/schema\/person\/6339b9fac59d12b071dec680d7375d87","name":"ritanery","image":{"@type":"ImageObject","inLanguage":"pt-BR","@id":"https:\/\/secure.gravatar.com\/avatar\/0e37bb19071f47c0b8a23f62a903df117c5a0e75f65a0c2901562f97cd41cf86?s=96&d=mm&r=g","url":"https:\/\/secure.gravatar.com\/avatar\/0e37bb19071f47c0b8a23f62a903df117c5a0e75f65a0c2901562f97cd41cf86?s=96&d=mm&r=g","contentUrl":"https:\/\/secure.gravatar.com\/avatar\/0e37bb19071f47c0b8a23f62a903df117c5a0e75f65a0c2901562f97cd41cf86?s=96&d=mm&r=g","caption":"ritanery"}}]}},"amp_enabled":true,"_links":{"self":[{"href":"https:\/\/radiolifefm.com.br\/noticias\/wp-json\/wp\/v2\/posts\/41562","targetHints":{"allow":["GET"]}}],"collection":[{"href":"https:\/\/radiolifefm.com.br\/noticias\/wp-json\/wp\/v2\/posts"}],"about":[{"href":"https:\/\/radiolifefm.com.br\/noticias\/wp-json\/wp\/v2\/types\/post"}],"author":[{"embeddable":true,"href":"https:\/\/radiolifefm.com.br\/noticias\/wp-json\/wp\/v2\/users\/13"}],"replies":[{"embeddable":true,"href":"https:\/\/radiolifefm.com.br\/noticias\/wp-json\/wp\/v2\/comments?post=41562"}],"version-history":[{"count":1,"href":"https:\/\/radiolifefm.com.br\/noticias\/wp-json\/wp\/v2\/posts\/41562\/revisions"}],"predecessor-version":[{"id":41564,"href":"https:\/\/radiolifefm.com.br\/noticias\/wp-json\/wp\/v2\/posts\/41562\/revisions\/41564"}],"wp:featuredmedia":[{"embeddable":true,"href":"https:\/\/radiolifefm.com.br\/noticias\/wp-json\/wp\/v2\/media\/41563"}],"wp:attachment":[{"href":"https:\/\/radiolifefm.com.br\/noticias\/wp-json\/wp\/v2\/media?parent=41562"}],"wp:term":[{"taxonomy":"category","embeddable":true,"href":"https:\/\/radiolifefm.com.br\/noticias\/wp-json\/wp\/v2\/categories?post=41562"},{"taxonomy":"post_tag","embeddable":true,"href":"https:\/\/radiolifefm.com.br\/noticias\/wp-json\/wp\/v2\/tags?post=41562"}],"curies":[{"name":"wp","href":"https:\/\/api.w.org\/{rel}","templated":true}]}}