{"id":41416,"date":"2021-08-06T08:53:43","date_gmt":"2021-08-06T11:53:43","guid":{"rendered":"https:\/\/radiolifefm.com.br\/noticias\/?p=41416"},"modified":"2026-04-14T12:26:23","modified_gmt":"2026-04-14T15:26:23","slug":"siga-mais-visita-casa-onde-bolivianos-moram-e-trabalham-como-autonomosadamantina","status":"publish","type":"post","link":"https:\/\/radiolifefm.com.br\/noticias\/siga-mais-visita-casa-onde-bolivianos-moram-e-trabalham-como-autonomosadamantina\/","title":{"rendered":"SIGA MAIS visita casa onde bolivianos moram e trabalham como aut\u00f4nomos"},"content":{"rendered":"<div id=\"fb-root\"><\/div>\n<p>Um im\u00f3vel na Rua Euclides da Cunha, centro de Adamantina, foi alvo de uma opera\u00e7\u00e3o da Pol\u00edcia Federal, semana passada, ap\u00f3s den\u00fancia, para apura\u00e7\u00e3o das condi\u00e7\u00f5es de trabalho de cinco bolivianos que atuam como aut\u00f4nomos na presta\u00e7\u00e3o de servi\u00e7os na \u00e1rea de costura. Ap\u00f3s a opera\u00e7\u00e3o e a repercuss\u00e3o do caso, o SIGA MAIS esteve nesta ter\u00e7a-feira (3) no local, verificou as condi\u00e7\u00f5es do espa\u00e7o e entrevistou dois deles, o casal Noe Rodriguez Garcia e Severina Massias, ambos com 39 anos.<\/p>\n<p>&nbsp;<\/p>\n<p>A reportagem chegou ao local ap\u00f3s conseguir identificar o endere\u00e7o do im\u00f3vel. O espa\u00e7o est\u00e1 localizado no centro da cidade, a cerca de 50 metros da Pol\u00edcia Cient\u00edfica, pr\u00f3ximo a tr\u00eas renomados escrit\u00f3rios de advocacia e da Igreja Matriz de Santo Ant\u00f4nio, e p\u00f4de constatar as condi\u00e7\u00f5es estruturais do lugar.<\/p>\n<p>&nbsp;<\/p>\n<p>Trata-se de um im\u00f3vel residencial que tamb\u00e9m abriga o espa\u00e7o de trabalho do grupo, cuja oficina de costura ocupa dois c\u00f4modos da casa: uma garagem que recebeu fechamento e uma das salas, onde est\u00e3o os equipamentos de costura. \u201cAs m\u00e1quinas s\u00e3o nossas e foram trazidas por n\u00f3s, quando chegamos a Adamantina. Fomos juntando e comprando\u201d, explica No\u00e9.<\/p>\n<div class='flex flex-wrap items-center -mx-1'>\r\n<a class='thumbnail gallery p-1 w-1\/2 md:w-1\/4' href='https:\/\/radiolifefm.com.br\/noticias\/wp-content\/uploads\/2021\/08\/a-1jpg1628178747610c093b5cffb.jpg'><img class='border border-white' src='https:\/\/radiolifefm.com.br\/noticias\/wp-content\/uploads\/2021\/08\/a-1jpg1628178747610c093b5cffb-200x200.jpg' alt='A 1jpg1628178747610c093b5cffb' \/><\/a><a class='thumbnail gallery p-1 w-1\/2 md:w-1\/4' href='https:\/\/radiolifefm.com.br\/noticias\/wp-content\/uploads\/2021\/08\/a-6jpg1628178705610c09116d011.jpg'><img class='border border-white' src='https:\/\/radiolifefm.com.br\/noticias\/wp-content\/uploads\/2021\/08\/a-6jpg1628178705610c09116d011-200x200.jpg' alt='A 6jpg1628178705610c09116d011' \/><\/a><a class='thumbnail gallery p-1 w-1\/2 md:w-1\/4' href='https:\/\/radiolifefm.com.br\/noticias\/wp-content\/uploads\/2021\/08\/a-7jpg1628178719610c091f3d40b-1.jpg'><img class='border border-white' src='https:\/\/radiolifefm.com.br\/noticias\/wp-content\/uploads\/2021\/08\/a-7jpg1628178719610c091f3d40b-1-200x200.jpg' alt='A 7jpg1628178719610c091f3d40b (1)' \/><\/a><\/div>\n<p>Os demais c\u00f4modos foram visitados pelo SIGA MAIS: a su\u00edte do casal, os quartos dos filhos e dos outros tr\u00eas moradores \u2013 dos quais dois deles deixaram o espa\u00e7o ap\u00f3s a opera\u00e7\u00e3o, semana passada, assustados \u2013 al\u00e9m de banheiros, sala de TV e cozinha. Todos os ambientes estavam com m\u00f3veis e equipamentos de uso dom\u00e9stico, organizados e limpos. No quarto dos filhos do casal h\u00e1 um notebook usado pela fam\u00edlia e para apoio \u00e0s atividades escolares.<\/p>\n<p>&nbsp;<\/p>\n<p>A reportagem constatou que o im\u00f3vel possui sinal de internet para uso do grupo, com as contas do provedor de internet, de \u00e1gua e de luz em nome dos moradores. Ao verificar a conta de \u00e1gua, por exemplo, a mais recente fatura, em torno de R$ 70, apresenta consumo proporcional ao n\u00famero de habitantes da casa.<\/p>\n<div class='flex flex-wrap items-center -mx-1'>\r\n<a class='thumbnail gallery p-1 w-1\/2 md:w-1\/4' href='https:\/\/radiolifefm.com.br\/noticias\/wp-content\/uploads\/2021\/08\/a-3jpg1628178826610c098abae85.jpg'><img class='border border-white' src='https:\/\/radiolifefm.com.br\/noticias\/wp-content\/uploads\/2021\/08\/a-3jpg1628178826610c098abae85-200x200.jpg' alt='A 3jpg1628178826610c098abae85' \/><\/a><a class='thumbnail gallery p-1 w-1\/2 md:w-1\/4' href='https:\/\/radiolifefm.com.br\/noticias\/wp-content\/uploads\/2021\/08\/a-14jpg1628178805610c097520419.jpg'><img class='border border-white' src='https:\/\/radiolifefm.com.br\/noticias\/wp-content\/uploads\/2021\/08\/a-14jpg1628178805610c097520419-200x200.jpg' alt='A 14jpg1628178805610c097520419' \/><\/a><\/div>\n<p>Eles chegaram ao Brasil em 2011 e se instalaram inicialmente em Americana, onde prestavam servi\u00e7os na \u00e1rea de costura. H\u00e1 dois anos est\u00e3o em Adamantina. \u201cViemos ao Brasil para viver melhor\u201d, afirmam os dois moradores da casa. \u201cL\u00e1, as condi\u00e7\u00f5es eram mais dif\u00edceis\u201d, justificam.<\/p>\n<p>&nbsp;<\/p>\n<p><strong>Forma de trabalho<\/strong><\/p>\n<p>Como aut\u00f4nomos, os bolivianos recebem pela produ\u00e7\u00e3o. Eles costuram no im\u00f3vel, em seus equipamentos, e fazem seu pr\u00f3prio hor\u00e1rio. Ao SIGA MAIS afirmaram que n\u00e3o s\u00e3o obrigados a cumprir imposi\u00e7\u00f5es, cotas e metas de costura, nem hor\u00e1rios, mas que se dedicam \u00e0 atividade, o que possibilita maior remunera\u00e7\u00e3o pelo servi\u00e7o prestado. \u201cTudo isso \u00e9 respeitado. Fazemos o nosso hor\u00e1rio e tamb\u00e9m cuidamos da casa e da fam\u00edlia\u201d, afirmam Noe e Severina. \u201cTemos toda liberdade par sair e fazer nossa atividade. N\u00e3o \u00e9 trabalho escravo, nem somos obrigados a trabalhar at\u00e9 tarde\u201d, destacam.<\/p>\n<p>&nbsp;<\/p>\n<p>Agora, ap\u00f3s a opera\u00e7\u00e3o policial, temem que possa cair o volume de costuras e que venham a enfrentar dificuldades. \u201cSem o servi\u00e7o, teremos dificuldades para custear as contas da casa, com \u00e1gua, luz e alimenta\u00e7\u00e3o\u201d, dizem preocupados.<\/p>\n<p>&nbsp;<\/p>\n<p><strong>\u201cN\u00e3o h\u00e1 condi\u00e7\u00e3o degradante\u201d, constatam Auditores-Fiscais do Trabalho<\/strong><\/p>\n<p>Uma publica\u00e7\u00e3o no site do Sindicato Nacional dos Auditores-Fiscais do Trabalho diz que os servidores da Ger\u00eancia Regional do Trabalho em Presidente Prudente participam da opera\u00e7\u00e3o com os policiais, semana passada. Os auditores identificaram a informalidade do grupo de moradores e est\u00e3o analisando o caso. E afirmam que n\u00e3o h\u00e1 ambiente degradante de trabalho onde o grupo mora e realiza suas atividades. \u201cN\u00e3o houve caracteriza\u00e7\u00e3o de condi\u00e7\u00f5es de degrad\u00e2ncia\u201d, afirma a nota.<\/p>\n<p>&nbsp;<\/p>\n<p><strong>Vida familiar<\/strong><\/p>\n<p>Na visita ao im\u00f3vel nesta ter\u00e7a-feira, o SIGA MAIS p\u00f4de apurar que No\u00e9 e Severina convivem juntos h\u00e1 cerca de 20 anos e t\u00eam dois filhos, um menino de 12 anos, boliviano, e uma menina de 6 anos, brasileira. O menino \u00e9 aluno matriculado na Escola Estadual Durvalino Grion, onde estuda no s\u00e9timo ano, e a menina \u00e9 aluna na Emef Navarro de Andrade, no primeiro ano.<\/p>\n<p>&nbsp;<\/p>\n<p>Eles disseram ainda que circulam pela cidade com liberdade, fazem suas compras, frequentam estabelecimentos e espa\u00e7os p\u00fablicos e atividades de lazer. \u201c\u00c9 uma cidade tranquila. N\u00f3s e nossos filhos gostamos daqui, onde fomos bem recebidos e vivemos com dignidade\u201d, afirmam. \u201cEstamos acostumados \u00e0 vida aqui, nossos filhos gostam daqui, e n\u00e3o queremos deixar a cidade\u201d, prosseguem. Agora, convivem com o medo de, eventualmente, precisarem ir embora.<\/p>\n<div class='flex flex-wrap items-center -mx-1'>\r\n<a class='thumbnail gallery p-1 w-1\/2 md:w-1\/4' href='https:\/\/radiolifefm.com.br\/noticias\/wp-content\/uploads\/2021\/08\/a-8jpg1628178867610c09b35f8cf.jpg'><img class='border border-white' src='https:\/\/radiolifefm.com.br\/noticias\/wp-content\/uploads\/2021\/08\/a-8jpg1628178867610c09b35f8cf-200x200.jpg' alt='A 8jpg1628178867610c09b35f8cf' \/><\/a><a class='thumbnail gallery p-1 w-1\/2 md:w-1\/4' href='https:\/\/radiolifefm.com.br\/noticias\/wp-content\/uploads\/2021\/08\/a-10jpg1628178930610c09f25bdde.jpg'><img class='border border-white' src='https:\/\/radiolifefm.com.br\/noticias\/wp-content\/uploads\/2021\/08\/a-10jpg1628178930610c09f25bdde-200x200.jpg' alt='A 10jpg1628178930610c09f25bdde' \/><\/a><a class='thumbnail gallery p-1 w-1\/2 md:w-1\/4' href='https:\/\/radiolifefm.com.br\/noticias\/wp-content\/uploads\/2021\/08\/a-12jpg1628178886610c09c64d423.jpg'><img class='border border-white' src='https:\/\/radiolifefm.com.br\/noticias\/wp-content\/uploads\/2021\/08\/a-12jpg1628178886610c09c64d423-200x200.jpg' alt='A 12jpg1628178886610c09c64d423' \/><\/a><a class='thumbnail gallery p-1 w-1\/2 md:w-1\/4' href='https:\/\/radiolifefm.com.br\/noticias\/wp-content\/uploads\/2021\/08\/a-13jpg1628178953610c0a0983c7f.jpg'><img class='border border-white' src='https:\/\/radiolifefm.com.br\/noticias\/wp-content\/uploads\/2021\/08\/a-13jpg1628178953610c0a0983c7f-200x200.jpg' alt='A 13jpg1628178953610c0a0983c7f' \/><\/a><\/div>\n<p>Na opera\u00e7\u00e3o da pol\u00edcia, os celulares dos moradores da casa foram apreendidos e levados para per\u00edcia. Um dos equipamentos era usado pelo filho do casal, para apoio \u00e0s aulas remotas. Os moradores relatam ainda que os filhos ficaram assustados com a presen\u00e7a dos policias na casa.<\/p>\n<p>&nbsp;<\/p>\n<p>Segundo informaram ao SIGA MAIS, parte do que ganham com a atividade realizada em Adamantina \u00e9 destinada a ajudar parentes na Bol\u00edvia, hist\u00f3ria semelhante aos milhares de bolivianos e estrangeiros de outras nacionalidades que vivem no Brasil. Um dos aux\u00edlios \u00e9 dirigido a uma filha de Severina, que estuda por l\u00e1. Ela explica que faz as remessas de dinheiro de maneira legal, por meio de uma irm\u00e3, que mora em Americana, onde utiliza os servi\u00e7os regulamentados para envio de dinheiro ao exterior.<\/p>\n<p>&nbsp;<\/p>\n<p>Nesse per\u00edodo de dois anos morando em Adamantina, realizaram passeios pela regi\u00e3o. Um deles \u00e0 Panorama, onde ficaram um fim de semana, em atividades de lazer. O casal ouvido pelo SIGA MAIS disse ainda que depois de estarem no Brasil, voltaram \u00e0 Bol\u00edvia tr\u00eas vezes, para visitar familiares.<\/p>\n<p>&nbsp;<\/p>\n<p>Fonte: Siga Mais<\/p>\n","protected":false},"excerpt":{"rendered":"<p>Um im\u00f3vel na Rua Euclides da Cunha, centro de Adamantina, foi alvo de uma opera\u00e7\u00e3o da Pol\u00edcia Federal, semana passada, ap\u00f3s den\u00fancia, para apura\u00e7\u00e3o das condi\u00e7\u00f5es de trabalho de cinco bolivianos que atuam como aut\u00f4nomos na presta\u00e7\u00e3o de servi\u00e7os na \u00e1rea de costura. Ap\u00f3s a opera\u00e7\u00e3o e a repercuss\u00e3o do caso, o SIGA MAIS esteve [&hellip;]<\/p>\n","protected":false},"author":13,"featured_media":41426,"comment_status":"closed","ping_status":"open","sticky":false,"template":"","format":"standard","meta":{"_acf_changed":false,"_exactmetrics_skip_tracking":false,"_exactmetrics_sitenote_active":false,"_exactmetrics_sitenote_note":"","_exactmetrics_sitenote_category":0,"footnotes":""},"categories":[21],"tags":[],"class_list":["post-41416","post","type-post","status-publish","format-standard","has-post-thumbnail","hentry","category-adamantina"],"acf":[],"yoast_head":"<!-- This site is optimized with the Yoast SEO plugin v27.2 - https:\/\/yoast.com\/product\/yoast-seo-wordpress\/ -->\n<title>SIGA MAIS visita casa onde bolivianos moram e trabalham como aut\u00f4nomos - R\u00e1dio Life FM<\/title>\n<meta name=\"robots\" content=\"index, follow, max-snippet:-1, max-image-preview:large, max-video-preview:-1\" \/>\n<link rel=\"canonical\" href=\"https:\/\/radiolifefm.com.br\/noticias\/siga-mais-visita-casa-onde-bolivianos-moram-e-trabalham-como-autonomosadamantina\/\" \/>\n<meta property=\"og:locale\" content=\"pt_BR\" \/>\n<meta property=\"og:type\" content=\"article\" \/>\n<meta property=\"og:title\" content=\"SIGA MAIS visita casa onde bolivianos moram e trabalham como aut\u00f4nomos - R\u00e1dio Life FM\" \/>\n<meta property=\"og:description\" content=\"Um im\u00f3vel na Rua Euclides da Cunha, centro de Adamantina, foi alvo de uma opera\u00e7\u00e3o da Pol\u00edcia Federal, semana passada, ap\u00f3s den\u00fancia, para apura\u00e7\u00e3o das condi\u00e7\u00f5es de trabalho de cinco bolivianos que atuam como aut\u00f4nomos na presta\u00e7\u00e3o de servi\u00e7os na \u00e1rea de costura. Ap\u00f3s a opera\u00e7\u00e3o e a repercuss\u00e3o do caso, o SIGA MAIS esteve [&hellip;]\" \/>\n<meta property=\"og:url\" content=\"https:\/\/radiolifefm.com.br\/noticias\/siga-mais-visita-casa-onde-bolivianos-moram-e-trabalham-como-autonomosadamantina\/\" \/>\n<meta property=\"og:site_name\" content=\"R\u00e1dio Life FM\" \/>\n<meta property=\"article:publisher\" content=\"https:\/\/www.facebook.com\/radiolifefm\/\" \/>\n<meta property=\"article:published_time\" content=\"2021-08-06T11:53:43+00:00\" \/>\n<meta property=\"article:modified_time\" content=\"2026-04-14T15:26:23+00:00\" \/>\n<meta property=\"og:image\" content=\"https:\/\/radiolifefm.com.br\/noticias\/wp-content\/uploads\/2021\/08\/a-14jpg1628178805610c097520419-1.jpg\" \/>\n\t<meta property=\"og:image:width\" content=\"758\" \/>\n\t<meta property=\"og:image:height\" content=\"568\" \/>\n\t<meta property=\"og:image:type\" content=\"image\/jpeg\" \/>\n<meta name=\"author\" content=\"ritanery\" \/>\n<meta name=\"twitter:card\" content=\"summary_large_image\" \/>\n<meta name=\"twitter:label1\" content=\"Escrito por\" \/>\n\t<meta name=\"twitter:data1\" content=\"ritanery\" \/>\n\t<meta name=\"twitter:label2\" content=\"Est. tempo de leitura\" \/>\n\t<meta name=\"twitter:data2\" content=\"4 minutos\" \/>\n<script type=\"application\/ld+json\" class=\"yoast-schema-graph\">{\"@context\":\"https:\/\/schema.org\",\"@graph\":[{\"@type\":\"Article\",\"@id\":\"https:\/\/radiolifefm.com.br\/noticias\/siga-mais-visita-casa-onde-bolivianos-moram-e-trabalham-como-autonomosadamantina\/#article\",\"isPartOf\":{\"@id\":\"https:\/\/radiolifefm.com.br\/noticias\/siga-mais-visita-casa-onde-bolivianos-moram-e-trabalham-como-autonomosadamantina\/\"},\"author\":{\"name\":\"ritanery\",\"@id\":\"https:\/\/radiolifefm.com.br\/noticias\/#\/schema\/person\/6339b9fac59d12b071dec680d7375d87\"},\"headline\":\"SIGA MAIS visita casa onde bolivianos moram e trabalham como aut\u00f4nomos\",\"datePublished\":\"2021-08-06T11:53:43+00:00\",\"dateModified\":\"2026-04-14T15:26:23+00:00\",\"mainEntityOfPage\":{\"@id\":\"https:\/\/radiolifefm.com.br\/noticias\/siga-mais-visita-casa-onde-bolivianos-moram-e-trabalham-como-autonomosadamantina\/\"},\"wordCount\":1008,\"publisher\":{\"@id\":\"https:\/\/radiolifefm.com.br\/noticias\/#organization\"},\"image\":{\"@id\":\"https:\/\/radiolifefm.com.br\/noticias\/siga-mais-visita-casa-onde-bolivianos-moram-e-trabalham-como-autonomosadamantina\/#primaryimage\"},\"thumbnailUrl\":\"https:\/\/radiolifefm.com.br\/noticias\/wp-content\/uploads\/2021\/08\/a-14jpg1628178805610c097520419-1.jpg\",\"articleSection\":[\"Adamantina\"],\"inLanguage\":\"pt-BR\"},{\"@type\":\"WebPage\",\"@id\":\"https:\/\/radiolifefm.com.br\/noticias\/siga-mais-visita-casa-onde-bolivianos-moram-e-trabalham-como-autonomosadamantina\/\",\"url\":\"https:\/\/radiolifefm.com.br\/noticias\/siga-mais-visita-casa-onde-bolivianos-moram-e-trabalham-como-autonomosadamantina\/\",\"name\":\"SIGA MAIS visita casa onde bolivianos moram e trabalham como aut\u00f4nomos - R\u00e1dio Life FM\",\"isPartOf\":{\"@id\":\"https:\/\/radiolifefm.com.br\/noticias\/#website\"},\"primaryImageOfPage\":{\"@id\":\"https:\/\/radiolifefm.com.br\/noticias\/siga-mais-visita-casa-onde-bolivianos-moram-e-trabalham-como-autonomosadamantina\/#primaryimage\"},\"image\":{\"@id\":\"https:\/\/radiolifefm.com.br\/noticias\/siga-mais-visita-casa-onde-bolivianos-moram-e-trabalham-como-autonomosadamantina\/#primaryimage\"},\"thumbnailUrl\":\"https:\/\/radiolifefm.com.br\/noticias\/wp-content\/uploads\/2021\/08\/a-14jpg1628178805610c097520419-1.jpg\",\"datePublished\":\"2021-08-06T11:53:43+00:00\",\"dateModified\":\"2026-04-14T15:26:23+00:00\",\"breadcrumb\":{\"@id\":\"https:\/\/radiolifefm.com.br\/noticias\/siga-mais-visita-casa-onde-bolivianos-moram-e-trabalham-como-autonomosadamantina\/#breadcrumb\"},\"inLanguage\":\"pt-BR\",\"potentialAction\":[{\"@type\":\"ReadAction\",\"target\":[\"https:\/\/radiolifefm.com.br\/noticias\/siga-mais-visita-casa-onde-bolivianos-moram-e-trabalham-como-autonomosadamantina\/\"]}]},{\"@type\":\"ImageObject\",\"inLanguage\":\"pt-BR\",\"@id\":\"https:\/\/radiolifefm.com.br\/noticias\/siga-mais-visita-casa-onde-bolivianos-moram-e-trabalham-como-autonomosadamantina\/#primaryimage\",\"url\":\"https:\/\/radiolifefm.com.br\/noticias\/wp-content\/uploads\/2021\/08\/a-14jpg1628178805610c097520419-1.jpg\",\"contentUrl\":\"https:\/\/radiolifefm.com.br\/noticias\/wp-content\/uploads\/2021\/08\/a-14jpg1628178805610c097520419-1.jpg\",\"width\":758,\"height\":568,\"caption\":\"\u201cN\u00e3o houve caracteriza\u00e7\u00e3o de condi\u00e7\u00f5es de degrad\u00e2ncia\u201d, constatam Auditores-Fiscais do Trabalho.\"},{\"@type\":\"BreadcrumbList\",\"@id\":\"https:\/\/radiolifefm.com.br\/noticias\/siga-mais-visita-casa-onde-bolivianos-moram-e-trabalham-como-autonomosadamantina\/#breadcrumb\",\"itemListElement\":[{\"@type\":\"ListItem\",\"position\":1,\"name\":\"In\u00edcio\",\"item\":\"https:\/\/radiolifefm.com.br\/noticias\/\"},{\"@type\":\"ListItem\",\"position\":2,\"name\":\"SIGA MAIS visita casa onde bolivianos moram e trabalham como aut\u00f4nomos\"}]},{\"@type\":\"WebSite\",\"@id\":\"https:\/\/radiolifefm.com.br\/noticias\/#website\",\"url\":\"https:\/\/radiolifefm.com.br\/noticias\/\",\"name\":\"R\u00e1dio Life FM\",\"description\":\"O Portal de Not\u00edcias de Adamantina\",\"publisher\":{\"@id\":\"https:\/\/radiolifefm.com.br\/noticias\/#organization\"},\"alternateName\":\"Life FM\",\"potentialAction\":[{\"@type\":\"SearchAction\",\"target\":{\"@type\":\"EntryPoint\",\"urlTemplate\":\"https:\/\/radiolifefm.com.br\/noticias\/?s={search_term_string}\"},\"query-input\":{\"@type\":\"PropertyValueSpecification\",\"valueRequired\":true,\"valueName\":\"search_term_string\"}}],\"inLanguage\":\"pt-BR\"},{\"@type\":\"Organization\",\"@id\":\"https:\/\/radiolifefm.com.br\/noticias\/#organization\",\"name\":\"R\u00e1dio Life FM\",\"alternateName\":\"Life FM\",\"url\":\"https:\/\/radiolifefm.com.br\/noticias\/\",\"logo\":{\"@type\":\"ImageObject\",\"inLanguage\":\"pt-BR\",\"@id\":\"https:\/\/radiolifefm.com.br\/noticias\/#\/schema\/logo\/image\/\",\"url\":\"https:\/\/static.radiolifefm.com.br\/noticias\/wp-content\/uploads\/2019\/10\/logo-lifefm.png\",\"contentUrl\":\"https:\/\/static.radiolifefm.com.br\/noticias\/wp-content\/uploads\/2019\/10\/logo-lifefm.png\",\"width\":196,\"height\":47,\"caption\":\"R\u00e1dio Life FM\"},\"image\":{\"@id\":\"https:\/\/radiolifefm.com.br\/noticias\/#\/schema\/logo\/image\/\"},\"sameAs\":[\"https:\/\/www.facebook.com\/radiolifefm\/\",\"https:\/\/www.instagram.com\/life1079fm\/\"]},{\"@type\":\"Person\",\"@id\":\"https:\/\/radiolifefm.com.br\/noticias\/#\/schema\/person\/6339b9fac59d12b071dec680d7375d87\",\"name\":\"ritanery\",\"image\":{\"@type\":\"ImageObject\",\"inLanguage\":\"pt-BR\",\"@id\":\"https:\/\/secure.gravatar.com\/avatar\/0e37bb19071f47c0b8a23f62a903df117c5a0e75f65a0c2901562f97cd41cf86?s=96&d=mm&r=g\",\"url\":\"https:\/\/secure.gravatar.com\/avatar\/0e37bb19071f47c0b8a23f62a903df117c5a0e75f65a0c2901562f97cd41cf86?s=96&d=mm&r=g\",\"contentUrl\":\"https:\/\/secure.gravatar.com\/avatar\/0e37bb19071f47c0b8a23f62a903df117c5a0e75f65a0c2901562f97cd41cf86?s=96&d=mm&r=g\",\"caption\":\"ritanery\"}}]}<\/script>\n<!-- \/ Yoast SEO plugin. -->","yoast_head_json":{"title":"SIGA MAIS visita casa onde bolivianos moram e trabalham como aut\u00f4nomos - R\u00e1dio Life FM","robots":{"index":"index","follow":"follow","max-snippet":"max-snippet:-1","max-image-preview":"max-image-preview:large","max-video-preview":"max-video-preview:-1"},"canonical":"https:\/\/radiolifefm.com.br\/noticias\/siga-mais-visita-casa-onde-bolivianos-moram-e-trabalham-como-autonomosadamantina\/","og_locale":"pt_BR","og_type":"article","og_title":"SIGA MAIS visita casa onde bolivianos moram e trabalham como aut\u00f4nomos - R\u00e1dio Life FM","og_description":"Um im\u00f3vel na Rua Euclides da Cunha, centro de Adamantina, foi alvo de uma opera\u00e7\u00e3o da Pol\u00edcia Federal, semana passada, ap\u00f3s den\u00fancia, para apura\u00e7\u00e3o das condi\u00e7\u00f5es de trabalho de cinco bolivianos que atuam como aut\u00f4nomos na presta\u00e7\u00e3o de servi\u00e7os na \u00e1rea de costura. Ap\u00f3s a opera\u00e7\u00e3o e a repercuss\u00e3o do caso, o SIGA MAIS esteve [&hellip;]","og_url":"https:\/\/radiolifefm.com.br\/noticias\/siga-mais-visita-casa-onde-bolivianos-moram-e-trabalham-como-autonomosadamantina\/","og_site_name":"R\u00e1dio Life FM","article_publisher":"https:\/\/www.facebook.com\/radiolifefm\/","article_published_time":"2021-08-06T11:53:43+00:00","article_modified_time":"2026-04-14T15:26:23+00:00","og_image":[{"width":758,"height":568,"url":"https:\/\/radiolifefm.com.br\/noticias\/wp-content\/uploads\/2021\/08\/a-14jpg1628178805610c097520419-1.jpg","type":"image\/jpeg"}],"author":"ritanery","twitter_card":"summary_large_image","twitter_misc":{"Escrito por":"ritanery","Est. tempo de leitura":"4 minutos"},"schema":{"@context":"https:\/\/schema.org","@graph":[{"@type":"Article","@id":"https:\/\/radiolifefm.com.br\/noticias\/siga-mais-visita-casa-onde-bolivianos-moram-e-trabalham-como-autonomosadamantina\/#article","isPartOf":{"@id":"https:\/\/radiolifefm.com.br\/noticias\/siga-mais-visita-casa-onde-bolivianos-moram-e-trabalham-como-autonomosadamantina\/"},"author":{"name":"ritanery","@id":"https:\/\/radiolifefm.com.br\/noticias\/#\/schema\/person\/6339b9fac59d12b071dec680d7375d87"},"headline":"SIGA MAIS visita casa onde bolivianos moram e trabalham como aut\u00f4nomos","datePublished":"2021-08-06T11:53:43+00:00","dateModified":"2026-04-14T15:26:23+00:00","mainEntityOfPage":{"@id":"https:\/\/radiolifefm.com.br\/noticias\/siga-mais-visita-casa-onde-bolivianos-moram-e-trabalham-como-autonomosadamantina\/"},"wordCount":1008,"publisher":{"@id":"https:\/\/radiolifefm.com.br\/noticias\/#organization"},"image":{"@id":"https:\/\/radiolifefm.com.br\/noticias\/siga-mais-visita-casa-onde-bolivianos-moram-e-trabalham-como-autonomosadamantina\/#primaryimage"},"thumbnailUrl":"https:\/\/radiolifefm.com.br\/noticias\/wp-content\/uploads\/2021\/08\/a-14jpg1628178805610c097520419-1.jpg","articleSection":["Adamantina"],"inLanguage":"pt-BR"},{"@type":"WebPage","@id":"https:\/\/radiolifefm.com.br\/noticias\/siga-mais-visita-casa-onde-bolivianos-moram-e-trabalham-como-autonomosadamantina\/","url":"https:\/\/radiolifefm.com.br\/noticias\/siga-mais-visita-casa-onde-bolivianos-moram-e-trabalham-como-autonomosadamantina\/","name":"SIGA MAIS visita casa onde bolivianos moram e trabalham como aut\u00f4nomos - R\u00e1dio Life FM","isPartOf":{"@id":"https:\/\/radiolifefm.com.br\/noticias\/#website"},"primaryImageOfPage":{"@id":"https:\/\/radiolifefm.com.br\/noticias\/siga-mais-visita-casa-onde-bolivianos-moram-e-trabalham-como-autonomosadamantina\/#primaryimage"},"image":{"@id":"https:\/\/radiolifefm.com.br\/noticias\/siga-mais-visita-casa-onde-bolivianos-moram-e-trabalham-como-autonomosadamantina\/#primaryimage"},"thumbnailUrl":"https:\/\/radiolifefm.com.br\/noticias\/wp-content\/uploads\/2021\/08\/a-14jpg1628178805610c097520419-1.jpg","datePublished":"2021-08-06T11:53:43+00:00","dateModified":"2026-04-14T15:26:23+00:00","breadcrumb":{"@id":"https:\/\/radiolifefm.com.br\/noticias\/siga-mais-visita-casa-onde-bolivianos-moram-e-trabalham-como-autonomosadamantina\/#breadcrumb"},"inLanguage":"pt-BR","potentialAction":[{"@type":"ReadAction","target":["https:\/\/radiolifefm.com.br\/noticias\/siga-mais-visita-casa-onde-bolivianos-moram-e-trabalham-como-autonomosadamantina\/"]}]},{"@type":"ImageObject","inLanguage":"pt-BR","@id":"https:\/\/radiolifefm.com.br\/noticias\/siga-mais-visita-casa-onde-bolivianos-moram-e-trabalham-como-autonomosadamantina\/#primaryimage","url":"https:\/\/radiolifefm.com.br\/noticias\/wp-content\/uploads\/2021\/08\/a-14jpg1628178805610c097520419-1.jpg","contentUrl":"https:\/\/radiolifefm.com.br\/noticias\/wp-content\/uploads\/2021\/08\/a-14jpg1628178805610c097520419-1.jpg","width":758,"height":568,"caption":"\u201cN\u00e3o houve caracteriza\u00e7\u00e3o de condi\u00e7\u00f5es de degrad\u00e2ncia\u201d, constatam Auditores-Fiscais do Trabalho."},{"@type":"BreadcrumbList","@id":"https:\/\/radiolifefm.com.br\/noticias\/siga-mais-visita-casa-onde-bolivianos-moram-e-trabalham-como-autonomosadamantina\/#breadcrumb","itemListElement":[{"@type":"ListItem","position":1,"name":"In\u00edcio","item":"https:\/\/radiolifefm.com.br\/noticias\/"},{"@type":"ListItem","position":2,"name":"SIGA MAIS visita casa onde bolivianos moram e trabalham como aut\u00f4nomos"}]},{"@type":"WebSite","@id":"https:\/\/radiolifefm.com.br\/noticias\/#website","url":"https:\/\/radiolifefm.com.br\/noticias\/","name":"R\u00e1dio Life FM","description":"O Portal de Not\u00edcias de Adamantina","publisher":{"@id":"https:\/\/radiolifefm.com.br\/noticias\/#organization"},"alternateName":"Life FM","potentialAction":[{"@type":"SearchAction","target":{"@type":"EntryPoint","urlTemplate":"https:\/\/radiolifefm.com.br\/noticias\/?s={search_term_string}"},"query-input":{"@type":"PropertyValueSpecification","valueRequired":true,"valueName":"search_term_string"}}],"inLanguage":"pt-BR"},{"@type":"Organization","@id":"https:\/\/radiolifefm.com.br\/noticias\/#organization","name":"R\u00e1dio Life FM","alternateName":"Life FM","url":"https:\/\/radiolifefm.com.br\/noticias\/","logo":{"@type":"ImageObject","inLanguage":"pt-BR","@id":"https:\/\/radiolifefm.com.br\/noticias\/#\/schema\/logo\/image\/","url":"https:\/\/static.radiolifefm.com.br\/noticias\/wp-content\/uploads\/2019\/10\/logo-lifefm.png","contentUrl":"https:\/\/static.radiolifefm.com.br\/noticias\/wp-content\/uploads\/2019\/10\/logo-lifefm.png","width":196,"height":47,"caption":"R\u00e1dio Life FM"},"image":{"@id":"https:\/\/radiolifefm.com.br\/noticias\/#\/schema\/logo\/image\/"},"sameAs":["https:\/\/www.facebook.com\/radiolifefm\/","https:\/\/www.instagram.com\/life1079fm\/"]},{"@type":"Person","@id":"https:\/\/radiolifefm.com.br\/noticias\/#\/schema\/person\/6339b9fac59d12b071dec680d7375d87","name":"ritanery","image":{"@type":"ImageObject","inLanguage":"pt-BR","@id":"https:\/\/secure.gravatar.com\/avatar\/0e37bb19071f47c0b8a23f62a903df117c5a0e75f65a0c2901562f97cd41cf86?s=96&d=mm&r=g","url":"https:\/\/secure.gravatar.com\/avatar\/0e37bb19071f47c0b8a23f62a903df117c5a0e75f65a0c2901562f97cd41cf86?s=96&d=mm&r=g","contentUrl":"https:\/\/secure.gravatar.com\/avatar\/0e37bb19071f47c0b8a23f62a903df117c5a0e75f65a0c2901562f97cd41cf86?s=96&d=mm&r=g","caption":"ritanery"}}]}},"amp_enabled":true,"_links":{"self":[{"href":"https:\/\/radiolifefm.com.br\/noticias\/wp-json\/wp\/v2\/posts\/41416","targetHints":{"allow":["GET"]}}],"collection":[{"href":"https:\/\/radiolifefm.com.br\/noticias\/wp-json\/wp\/v2\/posts"}],"about":[{"href":"https:\/\/radiolifefm.com.br\/noticias\/wp-json\/wp\/v2\/types\/post"}],"author":[{"embeddable":true,"href":"https:\/\/radiolifefm.com.br\/noticias\/wp-json\/wp\/v2\/users\/13"}],"replies":[{"embeddable":true,"href":"https:\/\/radiolifefm.com.br\/noticias\/wp-json\/wp\/v2\/comments?post=41416"}],"version-history":[{"count":1,"href":"https:\/\/radiolifefm.com.br\/noticias\/wp-json\/wp\/v2\/posts\/41416\/revisions"}],"predecessor-version":[{"id":41427,"href":"https:\/\/radiolifefm.com.br\/noticias\/wp-json\/wp\/v2\/posts\/41416\/revisions\/41427"}],"wp:featuredmedia":[{"embeddable":true,"href":"https:\/\/radiolifefm.com.br\/noticias\/wp-json\/wp\/v2\/media\/41426"}],"wp:attachment":[{"href":"https:\/\/radiolifefm.com.br\/noticias\/wp-json\/wp\/v2\/media?parent=41416"}],"wp:term":[{"taxonomy":"category","embeddable":true,"href":"https:\/\/radiolifefm.com.br\/noticias\/wp-json\/wp\/v2\/categories?post=41416"},{"taxonomy":"post_tag","embeddable":true,"href":"https:\/\/radiolifefm.com.br\/noticias\/wp-json\/wp\/v2\/tags?post=41416"}],"curies":[{"name":"wp","href":"https:\/\/api.w.org\/{rel}","templated":true}]}}