{"id":41410,"date":"2021-08-06T08:24:38","date_gmt":"2021-08-06T11:24:38","guid":{"rendered":"https:\/\/radiolifefm.com.br\/noticias\/?p=41410"},"modified":"2026-04-25T16:21:43","modified_gmt":"2026-04-25T19:21:43","slug":"unifai-abre-inscricoes-de-processo-seletivo-de-cadastro-reserva-para-contratacao-temporaria-de-docentes","status":"publish","type":"post","link":"https:\/\/radiolifefm.com.br\/noticias\/unifai-abre-inscricoes-de-processo-seletivo-de-cadastro-reserva-para-contratacao-temporaria-de-docentes\/","title":{"rendered":"UniFAI abre inscri\u00e7\u00f5es de processo seletivo de cadastro  reserva para contrata\u00e7\u00e3o tempor\u00e1ria de docentes"},"content":{"rendered":"<div id=\"fb-root\"><\/div>\n<p>O Centro Universit\u00e1rio de Adamantina (UniFAI) est\u00e1 com inscri\u00e7\u00f5es abertas para o processo seletivo de cadastro reserva para a admiss\u00e3o tempor\u00e1ria de docentes nos cursos de Medicina e Psicologia.<\/p>\n<p>O per\u00edodo de inscri\u00e7\u00f5es se encerra na pr\u00f3xima sexta-feira, 13, e se d\u00e1 exclusivamente pelo hotsite www.unifai.com.br\/concursos. A taxa \u00e9 de R$ 150.<\/p>\n<p>O sorteio do tema e a prova did\u00e1tica ser\u00e3o realizados remotamente com a utiliza\u00e7\u00e3o do aplicativo Google Meet no dia 30 de agosto.<\/p>\n<p>Em Medicina, as vagas s\u00e3o para as disciplinas de Medicina do Trabalho, Semiologia Radiol\u00f3gica e Psiquiatria e, em Psicologia, na disciplina de Teorias e T\u00e9cnicas Psicoter\u00e1picas: Comportamental e Cognitiva.<\/p>\n<p>Para dar aula na disciplina de Medicina do Trabalho, o candidato precisa possuir gradua\u00e7\u00e3o em Medicina, com Resid\u00eancia M\u00e9dica em Medicina do Trabalho ou curso de especializa\u00e7\u00e3o em Medicina do Trabalho em servi\u00e7o credenciado pelo Conselho Nacional de Resid\u00eancia M\u00e9dica (CNRM) e\/ou t\u00edtulo de especialista em Medicina do Trabalho pela Associa\u00e7\u00e3o M\u00e9dica Brasileira (AMB).<\/p>\n<p>Para Semiologia Radiol\u00f3gica, o interessado deve ser graduado em Medicina e especialista em Radiologia no m\u00ednimo de dois anos em servi\u00e7o credenciado pelo CNRM ou possuir t\u00edtulo de especialista em Radiologia reconhecido pela AMB.<\/p>\n<p>No caso de Psiquiatria, o pretendente \u00e0 vaga deve ter gradua\u00e7\u00e3o em Medicina, com Resid\u00eancia M\u00e9dica em Psiquiatria ou curso de especializa\u00e7\u00e3o em Psiquiatria em servi\u00e7o credenciado pelo CNRM e\/ou t\u00edtulo de especialista em Psiquiatria pela AMB.<\/p>\n<p>J\u00e1 para a disciplina de Teorias e T\u00e9cnicas Psicoter\u00e1picas: Comportamental e Cognitiva, o candidato precisa ser graduado Psicologia e possuir titula\u00e7\u00e3o m\u00ednima de mestre.<\/p>\n<p>A contrata\u00e7\u00e3o ser\u00e1 por prazo determinado, pelo per\u00edodo de at\u00e9 um ano (12 meses), podendo ser prorrogado por uma \u00fanica vez, de acordo com a Lei Municipal n\u00ba 3.711, de 25 de abril de 2016.<\/p>\n<p>Segundo o edital, o sal\u00e1rio ser\u00e1 fixado por hora-aula, conforme Plano de Carreira, cujos valores s\u00e3o de R$ 37,92 para professor P-I (certificado de especializa\u00e7\u00e3o Lato sensu), R$ 46,34 para professor P-II (diploma de mestrado) e R$ 69,48 para professor P-III (diploma de doutor). A grade hor\u00e1ria das aulas a serem ministradas ser\u00e3o fixadas pela Pr\u00f3-Reitoria de Ensino, de acordo com as diretrizes curriculares e aprovadas pelo Conselho Estadual de Educa\u00e7\u00e3o de S\u00e3o Paulo (CEE-SP).<\/p>\n<p>Provas e resultados<\/p>\n<p>A prova did\u00e1tica, marcada para os dias 31 de agosto e 1\u00ba de setembro, consistir\u00e1 em aula te\u00f3rica remota (via Google Meet) em n\u00edvel de gradua\u00e7\u00e3o, com dura\u00e7\u00e3o de, no m\u00ednimo, 20 minutos e, no m\u00e1ximo, meia hora e complementada por argui\u00e7\u00e3o oral (m\u00e1ximo de dez minutos) sobre o tema e suas implica\u00e7\u00f5es na disciplina de conhecimento para a qual o candidato se inscreveu.<\/p>\n<p>A Prova de T\u00edtulos, de car\u00e1ter classificat\u00f3rio, ser\u00e1 realizada no dia 2 de setembro pela Pr\u00f3-Reitoria de Ensino, Coordena\u00e7\u00e3o Pedag\u00f3gica e Chefias de Departamentos, suportada pela Procuradoria Jur\u00eddica da UniFAI. Ser\u00e3o avaliados nesta fase apenas os candidatos aprovados na 1\u00aa fase (prova did\u00e1tica) e que tenham anexado os documentos<br \/>\ncomprobat\u00f3rios no ato da inscri\u00e7\u00e3o.<\/p>\n<p>A classifica\u00e7\u00e3o preliminar ser\u00e1 divulgada no dia 4 de setembro por meio de publica\u00e7\u00e3o na imprensa local e no Portal da UniFAI. A classifica\u00e7\u00e3o final e sua homologa\u00e7\u00e3o ser\u00e3o publicadas no dia 15 de setembro nos mesmos canais.<\/p>\n<p>Mais informa\u00e7\u00f5es podem ser obtidas no edital.<\/p>\n<p>Por Daniel Torres<\/p>\n","protected":false},"excerpt":{"rendered":"<p>O Centro Universit\u00e1rio de Adamantina (UniFAI) est\u00e1 com inscri\u00e7\u00f5es abertas para o processo seletivo de cadastro reserva para a admiss\u00e3o tempor\u00e1ria de docentes nos cursos de Medicina e Psicologia. O per\u00edodo de inscri\u00e7\u00f5es se encerra na pr\u00f3xima sexta-feira, 13, e se d\u00e1 exclusivamente pelo hotsite www.unifai.com.br\/concursos. A taxa \u00e9 de R$ 150. O sorteio do [&hellip;]<\/p>\n","protected":false},"author":13,"featured_media":41411,"comment_status":"closed","ping_status":"open","sticky":false,"template":"","format":"standard","meta":{"_acf_changed":false,"_exactmetrics_skip_tracking":false,"_exactmetrics_sitenote_active":false,"_exactmetrics_sitenote_note":"","_exactmetrics_sitenote_category":0,"footnotes":""},"categories":[42],"tags":[],"class_list":["post-41410","post","type-post","status-publish","format-standard","has-post-thumbnail","hentry","category-educacao"],"acf":[],"yoast_head":"<!-- This site is optimized with the Yoast SEO plugin v27.2 - https:\/\/yoast.com\/product\/yoast-seo-wordpress\/ -->\n<title>UniFAI abre inscri\u00e7\u00f5es de processo seletivo de cadastro reserva para contrata\u00e7\u00e3o tempor\u00e1ria de docentes - R\u00e1dio Life FM<\/title>\n<meta name=\"robots\" content=\"index, follow, max-snippet:-1, max-image-preview:large, max-video-preview:-1\" \/>\n<link rel=\"canonical\" href=\"https:\/\/radiolifefm.com.br\/noticias\/unifai-abre-inscricoes-de-processo-seletivo-de-cadastro-reserva-para-contratacao-temporaria-de-docentes\/\" \/>\n<meta property=\"og:locale\" content=\"pt_BR\" \/>\n<meta property=\"og:type\" content=\"article\" \/>\n<meta property=\"og:title\" content=\"UniFAI abre inscri\u00e7\u00f5es de processo seletivo de cadastro reserva para contrata\u00e7\u00e3o tempor\u00e1ria de docentes - R\u00e1dio Life FM\" \/>\n<meta property=\"og:description\" content=\"O Centro Universit\u00e1rio de Adamantina (UniFAI) est\u00e1 com inscri\u00e7\u00f5es abertas para o processo seletivo de cadastro reserva para a admiss\u00e3o tempor\u00e1ria de docentes nos cursos de Medicina e Psicologia. O per\u00edodo de inscri\u00e7\u00f5es se encerra na pr\u00f3xima sexta-feira, 13, e se d\u00e1 exclusivamente pelo hotsite www.unifai.com.br\/concursos. A taxa \u00e9 de R$ 150. O sorteio do [&hellip;]\" \/>\n<meta property=\"og:url\" content=\"https:\/\/radiolifefm.com.br\/noticias\/unifai-abre-inscricoes-de-processo-seletivo-de-cadastro-reserva-para-contratacao-temporaria-de-docentes\/\" \/>\n<meta property=\"og:site_name\" content=\"R\u00e1dio Life FM\" \/>\n<meta property=\"article:publisher\" content=\"https:\/\/www.facebook.com\/radiolifefm\/\" \/>\n<meta property=\"article:published_time\" content=\"2021-08-06T11:24:38+00:00\" \/>\n<meta property=\"article:modified_time\" content=\"2026-04-25T19:21:43+00:00\" \/>\n<meta property=\"og:image\" content=\"https:\/\/radiolifefm.com.br\/noticias\/wp-content\/uploads\/2021\/08\/PROC-SEL-DOC-02-BANNER.jpg\" \/>\n\t<meta property=\"og:image:width\" content=\"800\" \/>\n\t<meta property=\"og:image:height\" content=\"550\" \/>\n\t<meta property=\"og:image:type\" content=\"image\/jpeg\" \/>\n<meta name=\"author\" content=\"ritanery\" \/>\n<meta name=\"twitter:card\" content=\"summary_large_image\" \/>\n<meta name=\"twitter:label1\" content=\"Escrito por\" \/>\n\t<meta name=\"twitter:data1\" content=\"ritanery\" \/>\n\t<meta name=\"twitter:label2\" content=\"Est. tempo de leitura\" \/>\n\t<meta name=\"twitter:data2\" content=\"3 minutos\" \/>\n<script type=\"application\/ld+json\" class=\"yoast-schema-graph\">{\"@context\":\"https:\/\/schema.org\",\"@graph\":[{\"@type\":\"Article\",\"@id\":\"https:\/\/radiolifefm.com.br\/noticias\/unifai-abre-inscricoes-de-processo-seletivo-de-cadastro-reserva-para-contratacao-temporaria-de-docentes\/#article\",\"isPartOf\":{\"@id\":\"https:\/\/radiolifefm.com.br\/noticias\/unifai-abre-inscricoes-de-processo-seletivo-de-cadastro-reserva-para-contratacao-temporaria-de-docentes\/\"},\"author\":{\"name\":\"ritanery\",\"@id\":\"https:\/\/radiolifefm.com.br\/noticias\/#\/schema\/person\/6339b9fac59d12b071dec680d7375d87\"},\"headline\":\"UniFAI abre inscri\u00e7\u00f5es de processo seletivo de cadastro reserva para contrata\u00e7\u00e3o tempor\u00e1ria de docentes\",\"datePublished\":\"2021-08-06T11:24:38+00:00\",\"dateModified\":\"2026-04-25T19:21:43+00:00\",\"mainEntityOfPage\":{\"@id\":\"https:\/\/radiolifefm.com.br\/noticias\/unifai-abre-inscricoes-de-processo-seletivo-de-cadastro-reserva-para-contratacao-temporaria-de-docentes\/\"},\"wordCount\":611,\"publisher\":{\"@id\":\"https:\/\/radiolifefm.com.br\/noticias\/#organization\"},\"image\":{\"@id\":\"https:\/\/radiolifefm.com.br\/noticias\/unifai-abre-inscricoes-de-processo-seletivo-de-cadastro-reserva-para-contratacao-temporaria-de-docentes\/#primaryimage\"},\"thumbnailUrl\":\"https:\/\/radiolifefm.com.br\/noticias\/wp-content\/uploads\/2021\/08\/PROC-SEL-DOC-02-BANNER.jpg\",\"articleSection\":[\"Educa\u00e7\u00e3o\"],\"inLanguage\":\"pt-BR\"},{\"@type\":\"WebPage\",\"@id\":\"https:\/\/radiolifefm.com.br\/noticias\/unifai-abre-inscricoes-de-processo-seletivo-de-cadastro-reserva-para-contratacao-temporaria-de-docentes\/\",\"url\":\"https:\/\/radiolifefm.com.br\/noticias\/unifai-abre-inscricoes-de-processo-seletivo-de-cadastro-reserva-para-contratacao-temporaria-de-docentes\/\",\"name\":\"UniFAI abre inscri\u00e7\u00f5es de processo seletivo de cadastro reserva para contrata\u00e7\u00e3o tempor\u00e1ria de docentes - R\u00e1dio Life FM\",\"isPartOf\":{\"@id\":\"https:\/\/radiolifefm.com.br\/noticias\/#website\"},\"primaryImageOfPage\":{\"@id\":\"https:\/\/radiolifefm.com.br\/noticias\/unifai-abre-inscricoes-de-processo-seletivo-de-cadastro-reserva-para-contratacao-temporaria-de-docentes\/#primaryimage\"},\"image\":{\"@id\":\"https:\/\/radiolifefm.com.br\/noticias\/unifai-abre-inscricoes-de-processo-seletivo-de-cadastro-reserva-para-contratacao-temporaria-de-docentes\/#primaryimage\"},\"thumbnailUrl\":\"https:\/\/radiolifefm.com.br\/noticias\/wp-content\/uploads\/2021\/08\/PROC-SEL-DOC-02-BANNER.jpg\",\"datePublished\":\"2021-08-06T11:24:38+00:00\",\"dateModified\":\"2026-04-25T19:21:43+00:00\",\"breadcrumb\":{\"@id\":\"https:\/\/radiolifefm.com.br\/noticias\/unifai-abre-inscricoes-de-processo-seletivo-de-cadastro-reserva-para-contratacao-temporaria-de-docentes\/#breadcrumb\"},\"inLanguage\":\"pt-BR\",\"potentialAction\":[{\"@type\":\"ReadAction\",\"target\":[\"https:\/\/radiolifefm.com.br\/noticias\/unifai-abre-inscricoes-de-processo-seletivo-de-cadastro-reserva-para-contratacao-temporaria-de-docentes\/\"]}]},{\"@type\":\"ImageObject\",\"inLanguage\":\"pt-BR\",\"@id\":\"https:\/\/radiolifefm.com.br\/noticias\/unifai-abre-inscricoes-de-processo-seletivo-de-cadastro-reserva-para-contratacao-temporaria-de-docentes\/#primaryimage\",\"url\":\"https:\/\/radiolifefm.com.br\/noticias\/wp-content\/uploads\/2021\/08\/PROC-SEL-DOC-02-BANNER.jpg\",\"contentUrl\":\"https:\/\/radiolifefm.com.br\/noticias\/wp-content\/uploads\/2021\/08\/PROC-SEL-DOC-02-BANNER.jpg\",\"width\":800,\"height\":550,\"caption\":\"Vagas s\u00e3o para disciplinas dos cursos de Medicina e Psicologia; contrata\u00e7\u00e3o ser\u00e1 por prazo determinado, pelo per\u00edodo de at\u00e9 um ano\"},{\"@type\":\"BreadcrumbList\",\"@id\":\"https:\/\/radiolifefm.com.br\/noticias\/unifai-abre-inscricoes-de-processo-seletivo-de-cadastro-reserva-para-contratacao-temporaria-de-docentes\/#breadcrumb\",\"itemListElement\":[{\"@type\":\"ListItem\",\"position\":1,\"name\":\"In\u00edcio\",\"item\":\"https:\/\/radiolifefm.com.br\/noticias\/\"},{\"@type\":\"ListItem\",\"position\":2,\"name\":\"UniFAI abre inscri\u00e7\u00f5es de processo seletivo de cadastro reserva para contrata\u00e7\u00e3o tempor\u00e1ria de docentes\"}]},{\"@type\":\"WebSite\",\"@id\":\"https:\/\/radiolifefm.com.br\/noticias\/#website\",\"url\":\"https:\/\/radiolifefm.com.br\/noticias\/\",\"name\":\"R\u00e1dio Life FM\",\"description\":\"O Portal de Not\u00edcias de Adamantina\",\"publisher\":{\"@id\":\"https:\/\/radiolifefm.com.br\/noticias\/#organization\"},\"alternateName\":\"Life FM\",\"potentialAction\":[{\"@type\":\"SearchAction\",\"target\":{\"@type\":\"EntryPoint\",\"urlTemplate\":\"https:\/\/radiolifefm.com.br\/noticias\/?s={search_term_string}\"},\"query-input\":{\"@type\":\"PropertyValueSpecification\",\"valueRequired\":true,\"valueName\":\"search_term_string\"}}],\"inLanguage\":\"pt-BR\"},{\"@type\":\"Organization\",\"@id\":\"https:\/\/radiolifefm.com.br\/noticias\/#organization\",\"name\":\"R\u00e1dio Life FM\",\"alternateName\":\"Life FM\",\"url\":\"https:\/\/radiolifefm.com.br\/noticias\/\",\"logo\":{\"@type\":\"ImageObject\",\"inLanguage\":\"pt-BR\",\"@id\":\"https:\/\/radiolifefm.com.br\/noticias\/#\/schema\/logo\/image\/\",\"url\":\"https:\/\/static.radiolifefm.com.br\/noticias\/wp-content\/uploads\/2019\/10\/logo-lifefm.png\",\"contentUrl\":\"https:\/\/static.radiolifefm.com.br\/noticias\/wp-content\/uploads\/2019\/10\/logo-lifefm.png\",\"width\":196,\"height\":47,\"caption\":\"R\u00e1dio Life FM\"},\"image\":{\"@id\":\"https:\/\/radiolifefm.com.br\/noticias\/#\/schema\/logo\/image\/\"},\"sameAs\":[\"https:\/\/www.facebook.com\/radiolifefm\/\",\"https:\/\/www.instagram.com\/life1079fm\/\"]},{\"@type\":\"Person\",\"@id\":\"https:\/\/radiolifefm.com.br\/noticias\/#\/schema\/person\/6339b9fac59d12b071dec680d7375d87\",\"name\":\"ritanery\",\"image\":{\"@type\":\"ImageObject\",\"inLanguage\":\"pt-BR\",\"@id\":\"https:\/\/secure.gravatar.com\/avatar\/0e37bb19071f47c0b8a23f62a903df117c5a0e75f65a0c2901562f97cd41cf86?s=96&d=mm&r=g\",\"url\":\"https:\/\/secure.gravatar.com\/avatar\/0e37bb19071f47c0b8a23f62a903df117c5a0e75f65a0c2901562f97cd41cf86?s=96&d=mm&r=g\",\"contentUrl\":\"https:\/\/secure.gravatar.com\/avatar\/0e37bb19071f47c0b8a23f62a903df117c5a0e75f65a0c2901562f97cd41cf86?s=96&d=mm&r=g\",\"caption\":\"ritanery\"}}]}<\/script>\n<!-- \/ Yoast SEO plugin. -->","yoast_head_json":{"title":"UniFAI abre inscri\u00e7\u00f5es de processo seletivo de cadastro reserva para contrata\u00e7\u00e3o tempor\u00e1ria de docentes - R\u00e1dio Life FM","robots":{"index":"index","follow":"follow","max-snippet":"max-snippet:-1","max-image-preview":"max-image-preview:large","max-video-preview":"max-video-preview:-1"},"canonical":"https:\/\/radiolifefm.com.br\/noticias\/unifai-abre-inscricoes-de-processo-seletivo-de-cadastro-reserva-para-contratacao-temporaria-de-docentes\/","og_locale":"pt_BR","og_type":"article","og_title":"UniFAI abre inscri\u00e7\u00f5es de processo seletivo de cadastro reserva para contrata\u00e7\u00e3o tempor\u00e1ria de docentes - R\u00e1dio Life FM","og_description":"O Centro Universit\u00e1rio de Adamantina (UniFAI) est\u00e1 com inscri\u00e7\u00f5es abertas para o processo seletivo de cadastro reserva para a admiss\u00e3o tempor\u00e1ria de docentes nos cursos de Medicina e Psicologia. O per\u00edodo de inscri\u00e7\u00f5es se encerra na pr\u00f3xima sexta-feira, 13, e se d\u00e1 exclusivamente pelo hotsite www.unifai.com.br\/concursos. A taxa \u00e9 de R$ 150. O sorteio do [&hellip;]","og_url":"https:\/\/radiolifefm.com.br\/noticias\/unifai-abre-inscricoes-de-processo-seletivo-de-cadastro-reserva-para-contratacao-temporaria-de-docentes\/","og_site_name":"R\u00e1dio Life FM","article_publisher":"https:\/\/www.facebook.com\/radiolifefm\/","article_published_time":"2021-08-06T11:24:38+00:00","article_modified_time":"2026-04-25T19:21:43+00:00","og_image":[{"width":800,"height":550,"url":"https:\/\/radiolifefm.com.br\/noticias\/wp-content\/uploads\/2021\/08\/PROC-SEL-DOC-02-BANNER.jpg","type":"image\/jpeg"}],"author":"ritanery","twitter_card":"summary_large_image","twitter_misc":{"Escrito por":"ritanery","Est. tempo de leitura":"3 minutos"},"schema":{"@context":"https:\/\/schema.org","@graph":[{"@type":"Article","@id":"https:\/\/radiolifefm.com.br\/noticias\/unifai-abre-inscricoes-de-processo-seletivo-de-cadastro-reserva-para-contratacao-temporaria-de-docentes\/#article","isPartOf":{"@id":"https:\/\/radiolifefm.com.br\/noticias\/unifai-abre-inscricoes-de-processo-seletivo-de-cadastro-reserva-para-contratacao-temporaria-de-docentes\/"},"author":{"name":"ritanery","@id":"https:\/\/radiolifefm.com.br\/noticias\/#\/schema\/person\/6339b9fac59d12b071dec680d7375d87"},"headline":"UniFAI abre inscri\u00e7\u00f5es de processo seletivo de cadastro reserva para contrata\u00e7\u00e3o tempor\u00e1ria de docentes","datePublished":"2021-08-06T11:24:38+00:00","dateModified":"2026-04-25T19:21:43+00:00","mainEntityOfPage":{"@id":"https:\/\/radiolifefm.com.br\/noticias\/unifai-abre-inscricoes-de-processo-seletivo-de-cadastro-reserva-para-contratacao-temporaria-de-docentes\/"},"wordCount":611,"publisher":{"@id":"https:\/\/radiolifefm.com.br\/noticias\/#organization"},"image":{"@id":"https:\/\/radiolifefm.com.br\/noticias\/unifai-abre-inscricoes-de-processo-seletivo-de-cadastro-reserva-para-contratacao-temporaria-de-docentes\/#primaryimage"},"thumbnailUrl":"https:\/\/radiolifefm.com.br\/noticias\/wp-content\/uploads\/2021\/08\/PROC-SEL-DOC-02-BANNER.jpg","articleSection":["Educa\u00e7\u00e3o"],"inLanguage":"pt-BR"},{"@type":"WebPage","@id":"https:\/\/radiolifefm.com.br\/noticias\/unifai-abre-inscricoes-de-processo-seletivo-de-cadastro-reserva-para-contratacao-temporaria-de-docentes\/","url":"https:\/\/radiolifefm.com.br\/noticias\/unifai-abre-inscricoes-de-processo-seletivo-de-cadastro-reserva-para-contratacao-temporaria-de-docentes\/","name":"UniFAI abre inscri\u00e7\u00f5es de processo seletivo de cadastro reserva para contrata\u00e7\u00e3o tempor\u00e1ria de docentes - R\u00e1dio Life FM","isPartOf":{"@id":"https:\/\/radiolifefm.com.br\/noticias\/#website"},"primaryImageOfPage":{"@id":"https:\/\/radiolifefm.com.br\/noticias\/unifai-abre-inscricoes-de-processo-seletivo-de-cadastro-reserva-para-contratacao-temporaria-de-docentes\/#primaryimage"},"image":{"@id":"https:\/\/radiolifefm.com.br\/noticias\/unifai-abre-inscricoes-de-processo-seletivo-de-cadastro-reserva-para-contratacao-temporaria-de-docentes\/#primaryimage"},"thumbnailUrl":"https:\/\/radiolifefm.com.br\/noticias\/wp-content\/uploads\/2021\/08\/PROC-SEL-DOC-02-BANNER.jpg","datePublished":"2021-08-06T11:24:38+00:00","dateModified":"2026-04-25T19:21:43+00:00","breadcrumb":{"@id":"https:\/\/radiolifefm.com.br\/noticias\/unifai-abre-inscricoes-de-processo-seletivo-de-cadastro-reserva-para-contratacao-temporaria-de-docentes\/#breadcrumb"},"inLanguage":"pt-BR","potentialAction":[{"@type":"ReadAction","target":["https:\/\/radiolifefm.com.br\/noticias\/unifai-abre-inscricoes-de-processo-seletivo-de-cadastro-reserva-para-contratacao-temporaria-de-docentes\/"]}]},{"@type":"ImageObject","inLanguage":"pt-BR","@id":"https:\/\/radiolifefm.com.br\/noticias\/unifai-abre-inscricoes-de-processo-seletivo-de-cadastro-reserva-para-contratacao-temporaria-de-docentes\/#primaryimage","url":"https:\/\/radiolifefm.com.br\/noticias\/wp-content\/uploads\/2021\/08\/PROC-SEL-DOC-02-BANNER.jpg","contentUrl":"https:\/\/radiolifefm.com.br\/noticias\/wp-content\/uploads\/2021\/08\/PROC-SEL-DOC-02-BANNER.jpg","width":800,"height":550,"caption":"Vagas s\u00e3o para disciplinas dos cursos de Medicina e Psicologia; contrata\u00e7\u00e3o ser\u00e1 por prazo determinado, pelo per\u00edodo de at\u00e9 um ano"},{"@type":"BreadcrumbList","@id":"https:\/\/radiolifefm.com.br\/noticias\/unifai-abre-inscricoes-de-processo-seletivo-de-cadastro-reserva-para-contratacao-temporaria-de-docentes\/#breadcrumb","itemListElement":[{"@type":"ListItem","position":1,"name":"In\u00edcio","item":"https:\/\/radiolifefm.com.br\/noticias\/"},{"@type":"ListItem","position":2,"name":"UniFAI abre inscri\u00e7\u00f5es de processo seletivo de cadastro reserva para contrata\u00e7\u00e3o tempor\u00e1ria de docentes"}]},{"@type":"WebSite","@id":"https:\/\/radiolifefm.com.br\/noticias\/#website","url":"https:\/\/radiolifefm.com.br\/noticias\/","name":"R\u00e1dio Life FM","description":"O Portal de Not\u00edcias de Adamantina","publisher":{"@id":"https:\/\/radiolifefm.com.br\/noticias\/#organization"},"alternateName":"Life FM","potentialAction":[{"@type":"SearchAction","target":{"@type":"EntryPoint","urlTemplate":"https:\/\/radiolifefm.com.br\/noticias\/?s={search_term_string}"},"query-input":{"@type":"PropertyValueSpecification","valueRequired":true,"valueName":"search_term_string"}}],"inLanguage":"pt-BR"},{"@type":"Organization","@id":"https:\/\/radiolifefm.com.br\/noticias\/#organization","name":"R\u00e1dio Life FM","alternateName":"Life FM","url":"https:\/\/radiolifefm.com.br\/noticias\/","logo":{"@type":"ImageObject","inLanguage":"pt-BR","@id":"https:\/\/radiolifefm.com.br\/noticias\/#\/schema\/logo\/image\/","url":"https:\/\/static.radiolifefm.com.br\/noticias\/wp-content\/uploads\/2019\/10\/logo-lifefm.png","contentUrl":"https:\/\/static.radiolifefm.com.br\/noticias\/wp-content\/uploads\/2019\/10\/logo-lifefm.png","width":196,"height":47,"caption":"R\u00e1dio Life FM"},"image":{"@id":"https:\/\/radiolifefm.com.br\/noticias\/#\/schema\/logo\/image\/"},"sameAs":["https:\/\/www.facebook.com\/radiolifefm\/","https:\/\/www.instagram.com\/life1079fm\/"]},{"@type":"Person","@id":"https:\/\/radiolifefm.com.br\/noticias\/#\/schema\/person\/6339b9fac59d12b071dec680d7375d87","name":"ritanery","image":{"@type":"ImageObject","inLanguage":"pt-BR","@id":"https:\/\/secure.gravatar.com\/avatar\/0e37bb19071f47c0b8a23f62a903df117c5a0e75f65a0c2901562f97cd41cf86?s=96&d=mm&r=g","url":"https:\/\/secure.gravatar.com\/avatar\/0e37bb19071f47c0b8a23f62a903df117c5a0e75f65a0c2901562f97cd41cf86?s=96&d=mm&r=g","contentUrl":"https:\/\/secure.gravatar.com\/avatar\/0e37bb19071f47c0b8a23f62a903df117c5a0e75f65a0c2901562f97cd41cf86?s=96&d=mm&r=g","caption":"ritanery"}}]}},"amp_enabled":true,"_links":{"self":[{"href":"https:\/\/radiolifefm.com.br\/noticias\/wp-json\/wp\/v2\/posts\/41410","targetHints":{"allow":["GET"]}}],"collection":[{"href":"https:\/\/radiolifefm.com.br\/noticias\/wp-json\/wp\/v2\/posts"}],"about":[{"href":"https:\/\/radiolifefm.com.br\/noticias\/wp-json\/wp\/v2\/types\/post"}],"author":[{"embeddable":true,"href":"https:\/\/radiolifefm.com.br\/noticias\/wp-json\/wp\/v2\/users\/13"}],"replies":[{"embeddable":true,"href":"https:\/\/radiolifefm.com.br\/noticias\/wp-json\/wp\/v2\/comments?post=41410"}],"version-history":[{"count":1,"href":"https:\/\/radiolifefm.com.br\/noticias\/wp-json\/wp\/v2\/posts\/41410\/revisions"}],"predecessor-version":[{"id":41412,"href":"https:\/\/radiolifefm.com.br\/noticias\/wp-json\/wp\/v2\/posts\/41410\/revisions\/41412"}],"wp:featuredmedia":[{"embeddable":true,"href":"https:\/\/radiolifefm.com.br\/noticias\/wp-json\/wp\/v2\/media\/41411"}],"wp:attachment":[{"href":"https:\/\/radiolifefm.com.br\/noticias\/wp-json\/wp\/v2\/media?parent=41410"}],"wp:term":[{"taxonomy":"category","embeddable":true,"href":"https:\/\/radiolifefm.com.br\/noticias\/wp-json\/wp\/v2\/categories?post=41410"},{"taxonomy":"post_tag","embeddable":true,"href":"https:\/\/radiolifefm.com.br\/noticias\/wp-json\/wp\/v2\/tags?post=41410"}],"curies":[{"name":"wp","href":"https:\/\/api.w.org\/{rel}","templated":true}]}}