{"id":41400,"date":"2021-08-05T16:36:31","date_gmt":"2021-08-05T19:36:31","guid":{"rendered":"https:\/\/radiolifefm.com.br\/noticias\/?p=41400"},"modified":"2026-01-07T11:53:28","modified_gmt":"2026-01-07T14:53:28","slug":"praca-elio-micheloni-recebera-investimentos-com-recursos-do-mit","status":"publish","type":"post","link":"https:\/\/radiolifefm.com.br\/noticias\/praca-elio-micheloni-recebera-investimentos-com-recursos-do-mit\/","title":{"rendered":"Pra\u00e7a \u00c9lio Micheloni receber\u00e1 investimentos com recursos do MIT"},"content":{"rendered":"<div id=\"fb-root\"><\/div>\n<p>Cumprindo agenda na cidade de S\u00e3o Paulo, o prefeito M\u00e1rcio Cardim esteve na Secretaria de Turismo e Viagens do Estado de S\u00e3o Paulo em reuni\u00e3o com o supervisor da equipe da assessoria t\u00e9cnica da Secretaria de Turismo e Viagens,\u00a0Paulo Politano para tratar sobre o novo projeto que ser\u00e1 desenvolvido no munic\u00edpio com recursos provenientes do estado por meio do Munic\u00edpio de Interesse Tur\u00edstico (MIT).<\/p>\n<p>&nbsp;<\/p>\n<p>Por ser MIT, ser\u00e1 repassado a Adamantina o montante de R$ 361 mil. O valor ser\u00e1 aplicado na pra\u00e7a central \u00c9lio Micheloni. A classifica\u00e7\u00e3o de Adamantina como Munic\u00edpio de Interesse Tur\u00edstico se deu por meio da Lei 16.938 de 26 de fevereiro de 2019.<\/p>\n<p>&nbsp;<\/p>\n<p>Com isso, Adamantina pode pleitear recursos do Governo do Estado para investimento em a\u00e7\u00f5es de infraestrutura e melhorias tur\u00edsticas. Para se tornar MIT, a cidade contou com o apoio do deputado estadual Andr\u00e9 do Prado e do vereador, H\u00e9lio Jos\u00e9 dos Santos.<\/p>\n<p>&nbsp;<\/p>\n<p><strong>Obras com recursos do\u00a0MIT\u00a0j\u00e1 executadas<\/strong><\/p>\n<p>O Parque dos Pioneiros recebeu ilumina\u00e7\u00e3o com recursos provenientes do\u00a0MIT\u00a0e os pontos beneficiados foram academia ao ar livre, no parque infantil e na \u00e1rea esportiva.<\/p>\n<p>&nbsp;<\/p>\n<p>Para a execu\u00e7\u00e3o da obra, foram investidos no local R$315.930,91 de repasse e mais R$24.126,44 em contrapartida do munic\u00edpio. A inaugura\u00e7\u00e3o da obra aconteceu em agosto de 2020.<\/p>\n<p>&nbsp;<\/p>\n<p><strong>Pra\u00e7a Euclides Romanini<\/strong><\/p>\n<p>Outro ponto\u00a0j\u00e1 beneficiado na cidade com o repasse desse recurso \u00e9 a\u00a0Lagoa\u00a0dos\u00a0Patos\u00a0que est\u00e1 instalada na Pra\u00e7a Euclides Romanini.<\/p>\n<p>&nbsp;<\/p>\n<p>No local, foram investidos R$80 mil mais o montante de R$13.561,25 em contrapartida para a reforma do alambrado e para adequa\u00e7\u00e3o do sistema de drenagem da\u00a0lagoa.<\/p>\n<p>A inaugura\u00e7\u00e3o da obra ser\u00e1 virtual devido a pandemia e acontecer\u00e1 durante a programa\u00e7\u00e3o de anivers\u00e1rio de Adamantina que ser\u00e1 realizada de 07 a 13 de junho.<\/p>\n<p>&nbsp;<\/p>\n<p>&nbsp;<\/p>\n<p>Fonte: Assessoria de Imprensa<\/p>\n","protected":false},"excerpt":{"rendered":"<p>Cumprindo agenda na cidade de S\u00e3o Paulo, o prefeito M\u00e1rcio Cardim esteve na Secretaria de Turismo e Viagens do Estado de S\u00e3o Paulo em reuni\u00e3o com o supervisor da equipe da assessoria t\u00e9cnica da Secretaria de Turismo e Viagens,\u00a0Paulo Politano para tratar sobre o novo projeto que ser\u00e1 desenvolvido no munic\u00edpio com recursos provenientes do [&hellip;]<\/p>\n","protected":false},"author":13,"featured_media":41401,"comment_status":"closed","ping_status":"open","sticky":false,"template":"","format":"standard","meta":{"_acf_changed":false,"_exactmetrics_skip_tracking":false,"_exactmetrics_sitenote_active":false,"_exactmetrics_sitenote_note":"","_exactmetrics_sitenote_category":0,"footnotes":""},"categories":[21],"tags":[],"class_list":["post-41400","post","type-post","status-publish","format-standard","has-post-thumbnail","hentry","category-adamantina"],"acf":[],"yoast_head":"<!-- This site is optimized with the Yoast SEO plugin v27.2 - https:\/\/yoast.com\/product\/yoast-seo-wordpress\/ -->\n<title>Pra\u00e7a \u00c9lio Micheloni receber\u00e1 investimentos com recursos do MIT - R\u00e1dio Life FM<\/title>\n<meta name=\"robots\" content=\"index, follow, max-snippet:-1, max-image-preview:large, max-video-preview:-1\" \/>\n<link rel=\"canonical\" href=\"https:\/\/radiolifefm.com.br\/noticias\/praca-elio-micheloni-recebera-investimentos-com-recursos-do-mit\/\" \/>\n<meta property=\"og:locale\" content=\"pt_BR\" \/>\n<meta property=\"og:type\" content=\"article\" \/>\n<meta property=\"og:title\" content=\"Pra\u00e7a \u00c9lio Micheloni receber\u00e1 investimentos com recursos do MIT - R\u00e1dio Life FM\" \/>\n<meta property=\"og:description\" content=\"Cumprindo agenda na cidade de S\u00e3o Paulo, o prefeito M\u00e1rcio Cardim esteve na Secretaria de Turismo e Viagens do Estado de S\u00e3o Paulo em reuni\u00e3o com o supervisor da equipe da assessoria t\u00e9cnica da Secretaria de Turismo e Viagens,\u00a0Paulo Politano para tratar sobre o novo projeto que ser\u00e1 desenvolvido no munic\u00edpio com recursos provenientes do [&hellip;]\" \/>\n<meta property=\"og:url\" content=\"https:\/\/radiolifefm.com.br\/noticias\/praca-elio-micheloni-recebera-investimentos-com-recursos-do-mit\/\" \/>\n<meta property=\"og:site_name\" content=\"R\u00e1dio Life FM\" \/>\n<meta property=\"article:publisher\" content=\"https:\/\/www.facebook.com\/radiolifefm\/\" \/>\n<meta property=\"article:published_time\" content=\"2021-08-05T19:36:31+00:00\" \/>\n<meta property=\"article:modified_time\" content=\"2026-01-07T14:53:28+00:00\" \/>\n<meta property=\"og:image\" content=\"https:\/\/radiolifefm.com.br\/noticias\/wp-content\/uploads\/2021\/08\/foto.jpeg\" \/>\n\t<meta property=\"og:image:width\" content=\"1600\" \/>\n\t<meta property=\"og:image:height\" content=\"1057\" \/>\n\t<meta property=\"og:image:type\" content=\"image\/jpeg\" \/>\n<meta name=\"author\" content=\"ritanery\" \/>\n<meta name=\"twitter:card\" content=\"summary_large_image\" \/>\n<meta name=\"twitter:label1\" content=\"Escrito por\" \/>\n\t<meta name=\"twitter:data1\" content=\"ritanery\" \/>\n\t<meta name=\"twitter:label2\" content=\"Est. tempo de leitura\" \/>\n\t<meta name=\"twitter:data2\" content=\"2 minutos\" \/>\n<script type=\"application\/ld+json\" class=\"yoast-schema-graph\">{\"@context\":\"https:\/\/schema.org\",\"@graph\":[{\"@type\":\"Article\",\"@id\":\"https:\/\/radiolifefm.com.br\/noticias\/praca-elio-micheloni-recebera-investimentos-com-recursos-do-mit\/#article\",\"isPartOf\":{\"@id\":\"https:\/\/radiolifefm.com.br\/noticias\/praca-elio-micheloni-recebera-investimentos-com-recursos-do-mit\/\"},\"author\":{\"name\":\"ritanery\",\"@id\":\"https:\/\/radiolifefm.com.br\/noticias\/#\/schema\/person\/6339b9fac59d12b071dec680d7375d87\"},\"headline\":\"Pra\u00e7a \u00c9lio Micheloni receber\u00e1 investimentos com recursos do MIT\",\"datePublished\":\"2021-08-05T19:36:31+00:00\",\"dateModified\":\"2026-01-07T14:53:28+00:00\",\"mainEntityOfPage\":{\"@id\":\"https:\/\/radiolifefm.com.br\/noticias\/praca-elio-micheloni-recebera-investimentos-com-recursos-do-mit\/\"},\"wordCount\":332,\"publisher\":{\"@id\":\"https:\/\/radiolifefm.com.br\/noticias\/#organization\"},\"image\":{\"@id\":\"https:\/\/radiolifefm.com.br\/noticias\/praca-elio-micheloni-recebera-investimentos-com-recursos-do-mit\/#primaryimage\"},\"thumbnailUrl\":\"https:\/\/radiolifefm.com.br\/noticias\/wp-content\/uploads\/2021\/08\/foto.jpeg\",\"articleSection\":[\"Adamantina\"],\"inLanguage\":\"pt-BR\"},{\"@type\":\"WebPage\",\"@id\":\"https:\/\/radiolifefm.com.br\/noticias\/praca-elio-micheloni-recebera-investimentos-com-recursos-do-mit\/\",\"url\":\"https:\/\/radiolifefm.com.br\/noticias\/praca-elio-micheloni-recebera-investimentos-com-recursos-do-mit\/\",\"name\":\"Pra\u00e7a \u00c9lio Micheloni receber\u00e1 investimentos com recursos do MIT - R\u00e1dio Life FM\",\"isPartOf\":{\"@id\":\"https:\/\/radiolifefm.com.br\/noticias\/#website\"},\"primaryImageOfPage\":{\"@id\":\"https:\/\/radiolifefm.com.br\/noticias\/praca-elio-micheloni-recebera-investimentos-com-recursos-do-mit\/#primaryimage\"},\"image\":{\"@id\":\"https:\/\/radiolifefm.com.br\/noticias\/praca-elio-micheloni-recebera-investimentos-com-recursos-do-mit\/#primaryimage\"},\"thumbnailUrl\":\"https:\/\/radiolifefm.com.br\/noticias\/wp-content\/uploads\/2021\/08\/foto.jpeg\",\"datePublished\":\"2021-08-05T19:36:31+00:00\",\"dateModified\":\"2026-01-07T14:53:28+00:00\",\"breadcrumb\":{\"@id\":\"https:\/\/radiolifefm.com.br\/noticias\/praca-elio-micheloni-recebera-investimentos-com-recursos-do-mit\/#breadcrumb\"},\"inLanguage\":\"pt-BR\",\"potentialAction\":[{\"@type\":\"ReadAction\",\"target\":[\"https:\/\/radiolifefm.com.br\/noticias\/praca-elio-micheloni-recebera-investimentos-com-recursos-do-mit\/\"]}]},{\"@type\":\"ImageObject\",\"inLanguage\":\"pt-BR\",\"@id\":\"https:\/\/radiolifefm.com.br\/noticias\/praca-elio-micheloni-recebera-investimentos-com-recursos-do-mit\/#primaryimage\",\"url\":\"https:\/\/radiolifefm.com.br\/noticias\/wp-content\/uploads\/2021\/08\/foto.jpeg\",\"contentUrl\":\"https:\/\/radiolifefm.com.br\/noticias\/wp-content\/uploads\/2021\/08\/foto.jpeg\",\"width\":1600,\"height\":1057},{\"@type\":\"BreadcrumbList\",\"@id\":\"https:\/\/radiolifefm.com.br\/noticias\/praca-elio-micheloni-recebera-investimentos-com-recursos-do-mit\/#breadcrumb\",\"itemListElement\":[{\"@type\":\"ListItem\",\"position\":1,\"name\":\"In\u00edcio\",\"item\":\"https:\/\/radiolifefm.com.br\/noticias\/\"},{\"@type\":\"ListItem\",\"position\":2,\"name\":\"Pra\u00e7a \u00c9lio Micheloni receber\u00e1 investimentos com recursos do MIT\"}]},{\"@type\":\"WebSite\",\"@id\":\"https:\/\/radiolifefm.com.br\/noticias\/#website\",\"url\":\"https:\/\/radiolifefm.com.br\/noticias\/\",\"name\":\"R\u00e1dio Life FM\",\"description\":\"O Portal de Not\u00edcias de Adamantina\",\"publisher\":{\"@id\":\"https:\/\/radiolifefm.com.br\/noticias\/#organization\"},\"alternateName\":\"Life FM\",\"potentialAction\":[{\"@type\":\"SearchAction\",\"target\":{\"@type\":\"EntryPoint\",\"urlTemplate\":\"https:\/\/radiolifefm.com.br\/noticias\/?s={search_term_string}\"},\"query-input\":{\"@type\":\"PropertyValueSpecification\",\"valueRequired\":true,\"valueName\":\"search_term_string\"}}],\"inLanguage\":\"pt-BR\"},{\"@type\":\"Organization\",\"@id\":\"https:\/\/radiolifefm.com.br\/noticias\/#organization\",\"name\":\"R\u00e1dio Life FM\",\"alternateName\":\"Life FM\",\"url\":\"https:\/\/radiolifefm.com.br\/noticias\/\",\"logo\":{\"@type\":\"ImageObject\",\"inLanguage\":\"pt-BR\",\"@id\":\"https:\/\/radiolifefm.com.br\/noticias\/#\/schema\/logo\/image\/\",\"url\":\"https:\/\/static.radiolifefm.com.br\/noticias\/wp-content\/uploads\/2019\/10\/logo-lifefm.png\",\"contentUrl\":\"https:\/\/static.radiolifefm.com.br\/noticias\/wp-content\/uploads\/2019\/10\/logo-lifefm.png\",\"width\":196,\"height\":47,\"caption\":\"R\u00e1dio Life FM\"},\"image\":{\"@id\":\"https:\/\/radiolifefm.com.br\/noticias\/#\/schema\/logo\/image\/\"},\"sameAs\":[\"https:\/\/www.facebook.com\/radiolifefm\/\",\"https:\/\/www.instagram.com\/life1079fm\/\"]},{\"@type\":\"Person\",\"@id\":\"https:\/\/radiolifefm.com.br\/noticias\/#\/schema\/person\/6339b9fac59d12b071dec680d7375d87\",\"name\":\"ritanery\",\"image\":{\"@type\":\"ImageObject\",\"inLanguage\":\"pt-BR\",\"@id\":\"https:\/\/secure.gravatar.com\/avatar\/0e37bb19071f47c0b8a23f62a903df117c5a0e75f65a0c2901562f97cd41cf86?s=96&d=mm&r=g\",\"url\":\"https:\/\/secure.gravatar.com\/avatar\/0e37bb19071f47c0b8a23f62a903df117c5a0e75f65a0c2901562f97cd41cf86?s=96&d=mm&r=g\",\"contentUrl\":\"https:\/\/secure.gravatar.com\/avatar\/0e37bb19071f47c0b8a23f62a903df117c5a0e75f65a0c2901562f97cd41cf86?s=96&d=mm&r=g\",\"caption\":\"ritanery\"}}]}<\/script>\n<!-- \/ Yoast SEO plugin. -->","yoast_head_json":{"title":"Pra\u00e7a \u00c9lio Micheloni receber\u00e1 investimentos com recursos do MIT - R\u00e1dio Life FM","robots":{"index":"index","follow":"follow","max-snippet":"max-snippet:-1","max-image-preview":"max-image-preview:large","max-video-preview":"max-video-preview:-1"},"canonical":"https:\/\/radiolifefm.com.br\/noticias\/praca-elio-micheloni-recebera-investimentos-com-recursos-do-mit\/","og_locale":"pt_BR","og_type":"article","og_title":"Pra\u00e7a \u00c9lio Micheloni receber\u00e1 investimentos com recursos do MIT - R\u00e1dio Life FM","og_description":"Cumprindo agenda na cidade de S\u00e3o Paulo, o prefeito M\u00e1rcio Cardim esteve na Secretaria de Turismo e Viagens do Estado de S\u00e3o Paulo em reuni\u00e3o com o supervisor da equipe da assessoria t\u00e9cnica da Secretaria de Turismo e Viagens,\u00a0Paulo Politano para tratar sobre o novo projeto que ser\u00e1 desenvolvido no munic\u00edpio com recursos provenientes do [&hellip;]","og_url":"https:\/\/radiolifefm.com.br\/noticias\/praca-elio-micheloni-recebera-investimentos-com-recursos-do-mit\/","og_site_name":"R\u00e1dio Life FM","article_publisher":"https:\/\/www.facebook.com\/radiolifefm\/","article_published_time":"2021-08-05T19:36:31+00:00","article_modified_time":"2026-01-07T14:53:28+00:00","og_image":[{"width":1600,"height":1057,"url":"https:\/\/radiolifefm.com.br\/noticias\/wp-content\/uploads\/2021\/08\/foto.jpeg","type":"image\/jpeg"}],"author":"ritanery","twitter_card":"summary_large_image","twitter_misc":{"Escrito por":"ritanery","Est. tempo de leitura":"2 minutos"},"schema":{"@context":"https:\/\/schema.org","@graph":[{"@type":"Article","@id":"https:\/\/radiolifefm.com.br\/noticias\/praca-elio-micheloni-recebera-investimentos-com-recursos-do-mit\/#article","isPartOf":{"@id":"https:\/\/radiolifefm.com.br\/noticias\/praca-elio-micheloni-recebera-investimentos-com-recursos-do-mit\/"},"author":{"name":"ritanery","@id":"https:\/\/radiolifefm.com.br\/noticias\/#\/schema\/person\/6339b9fac59d12b071dec680d7375d87"},"headline":"Pra\u00e7a \u00c9lio Micheloni receber\u00e1 investimentos com recursos do MIT","datePublished":"2021-08-05T19:36:31+00:00","dateModified":"2026-01-07T14:53:28+00:00","mainEntityOfPage":{"@id":"https:\/\/radiolifefm.com.br\/noticias\/praca-elio-micheloni-recebera-investimentos-com-recursos-do-mit\/"},"wordCount":332,"publisher":{"@id":"https:\/\/radiolifefm.com.br\/noticias\/#organization"},"image":{"@id":"https:\/\/radiolifefm.com.br\/noticias\/praca-elio-micheloni-recebera-investimentos-com-recursos-do-mit\/#primaryimage"},"thumbnailUrl":"https:\/\/radiolifefm.com.br\/noticias\/wp-content\/uploads\/2021\/08\/foto.jpeg","articleSection":["Adamantina"],"inLanguage":"pt-BR"},{"@type":"WebPage","@id":"https:\/\/radiolifefm.com.br\/noticias\/praca-elio-micheloni-recebera-investimentos-com-recursos-do-mit\/","url":"https:\/\/radiolifefm.com.br\/noticias\/praca-elio-micheloni-recebera-investimentos-com-recursos-do-mit\/","name":"Pra\u00e7a \u00c9lio Micheloni receber\u00e1 investimentos com recursos do MIT - R\u00e1dio Life FM","isPartOf":{"@id":"https:\/\/radiolifefm.com.br\/noticias\/#website"},"primaryImageOfPage":{"@id":"https:\/\/radiolifefm.com.br\/noticias\/praca-elio-micheloni-recebera-investimentos-com-recursos-do-mit\/#primaryimage"},"image":{"@id":"https:\/\/radiolifefm.com.br\/noticias\/praca-elio-micheloni-recebera-investimentos-com-recursos-do-mit\/#primaryimage"},"thumbnailUrl":"https:\/\/radiolifefm.com.br\/noticias\/wp-content\/uploads\/2021\/08\/foto.jpeg","datePublished":"2021-08-05T19:36:31+00:00","dateModified":"2026-01-07T14:53:28+00:00","breadcrumb":{"@id":"https:\/\/radiolifefm.com.br\/noticias\/praca-elio-micheloni-recebera-investimentos-com-recursos-do-mit\/#breadcrumb"},"inLanguage":"pt-BR","potentialAction":[{"@type":"ReadAction","target":["https:\/\/radiolifefm.com.br\/noticias\/praca-elio-micheloni-recebera-investimentos-com-recursos-do-mit\/"]}]},{"@type":"ImageObject","inLanguage":"pt-BR","@id":"https:\/\/radiolifefm.com.br\/noticias\/praca-elio-micheloni-recebera-investimentos-com-recursos-do-mit\/#primaryimage","url":"https:\/\/radiolifefm.com.br\/noticias\/wp-content\/uploads\/2021\/08\/foto.jpeg","contentUrl":"https:\/\/radiolifefm.com.br\/noticias\/wp-content\/uploads\/2021\/08\/foto.jpeg","width":1600,"height":1057},{"@type":"BreadcrumbList","@id":"https:\/\/radiolifefm.com.br\/noticias\/praca-elio-micheloni-recebera-investimentos-com-recursos-do-mit\/#breadcrumb","itemListElement":[{"@type":"ListItem","position":1,"name":"In\u00edcio","item":"https:\/\/radiolifefm.com.br\/noticias\/"},{"@type":"ListItem","position":2,"name":"Pra\u00e7a \u00c9lio Micheloni receber\u00e1 investimentos com recursos do MIT"}]},{"@type":"WebSite","@id":"https:\/\/radiolifefm.com.br\/noticias\/#website","url":"https:\/\/radiolifefm.com.br\/noticias\/","name":"R\u00e1dio Life FM","description":"O Portal de Not\u00edcias de Adamantina","publisher":{"@id":"https:\/\/radiolifefm.com.br\/noticias\/#organization"},"alternateName":"Life FM","potentialAction":[{"@type":"SearchAction","target":{"@type":"EntryPoint","urlTemplate":"https:\/\/radiolifefm.com.br\/noticias\/?s={search_term_string}"},"query-input":{"@type":"PropertyValueSpecification","valueRequired":true,"valueName":"search_term_string"}}],"inLanguage":"pt-BR"},{"@type":"Organization","@id":"https:\/\/radiolifefm.com.br\/noticias\/#organization","name":"R\u00e1dio Life FM","alternateName":"Life FM","url":"https:\/\/radiolifefm.com.br\/noticias\/","logo":{"@type":"ImageObject","inLanguage":"pt-BR","@id":"https:\/\/radiolifefm.com.br\/noticias\/#\/schema\/logo\/image\/","url":"https:\/\/static.radiolifefm.com.br\/noticias\/wp-content\/uploads\/2019\/10\/logo-lifefm.png","contentUrl":"https:\/\/static.radiolifefm.com.br\/noticias\/wp-content\/uploads\/2019\/10\/logo-lifefm.png","width":196,"height":47,"caption":"R\u00e1dio Life FM"},"image":{"@id":"https:\/\/radiolifefm.com.br\/noticias\/#\/schema\/logo\/image\/"},"sameAs":["https:\/\/www.facebook.com\/radiolifefm\/","https:\/\/www.instagram.com\/life1079fm\/"]},{"@type":"Person","@id":"https:\/\/radiolifefm.com.br\/noticias\/#\/schema\/person\/6339b9fac59d12b071dec680d7375d87","name":"ritanery","image":{"@type":"ImageObject","inLanguage":"pt-BR","@id":"https:\/\/secure.gravatar.com\/avatar\/0e37bb19071f47c0b8a23f62a903df117c5a0e75f65a0c2901562f97cd41cf86?s=96&d=mm&r=g","url":"https:\/\/secure.gravatar.com\/avatar\/0e37bb19071f47c0b8a23f62a903df117c5a0e75f65a0c2901562f97cd41cf86?s=96&d=mm&r=g","contentUrl":"https:\/\/secure.gravatar.com\/avatar\/0e37bb19071f47c0b8a23f62a903df117c5a0e75f65a0c2901562f97cd41cf86?s=96&d=mm&r=g","caption":"ritanery"}}]}},"amp_enabled":true,"_links":{"self":[{"href":"https:\/\/radiolifefm.com.br\/noticias\/wp-json\/wp\/v2\/posts\/41400","targetHints":{"allow":["GET"]}}],"collection":[{"href":"https:\/\/radiolifefm.com.br\/noticias\/wp-json\/wp\/v2\/posts"}],"about":[{"href":"https:\/\/radiolifefm.com.br\/noticias\/wp-json\/wp\/v2\/types\/post"}],"author":[{"embeddable":true,"href":"https:\/\/radiolifefm.com.br\/noticias\/wp-json\/wp\/v2\/users\/13"}],"replies":[{"embeddable":true,"href":"https:\/\/radiolifefm.com.br\/noticias\/wp-json\/wp\/v2\/comments?post=41400"}],"version-history":[{"count":1,"href":"https:\/\/radiolifefm.com.br\/noticias\/wp-json\/wp\/v2\/posts\/41400\/revisions"}],"predecessor-version":[{"id":41402,"href":"https:\/\/radiolifefm.com.br\/noticias\/wp-json\/wp\/v2\/posts\/41400\/revisions\/41402"}],"wp:featuredmedia":[{"embeddable":true,"href":"https:\/\/radiolifefm.com.br\/noticias\/wp-json\/wp\/v2\/media\/41401"}],"wp:attachment":[{"href":"https:\/\/radiolifefm.com.br\/noticias\/wp-json\/wp\/v2\/media?parent=41400"}],"wp:term":[{"taxonomy":"category","embeddable":true,"href":"https:\/\/radiolifefm.com.br\/noticias\/wp-json\/wp\/v2\/categories?post=41400"},{"taxonomy":"post_tag","embeddable":true,"href":"https:\/\/radiolifefm.com.br\/noticias\/wp-json\/wp\/v2\/tags?post=41400"}],"curies":[{"name":"wp","href":"https:\/\/api.w.org\/{rel}","templated":true}]}}