{"id":41329,"date":"2021-08-03T21:19:08","date_gmt":"2021-08-04T00:19:08","guid":{"rendered":"https:\/\/radiolifefm.com.br\/noticias\/?p=41329"},"modified":"2026-03-12T08:55:34","modified_gmt":"2026-03-12T11:55:34","slug":"cultura-promove-semana-literaria","status":"publish","type":"post","link":"https:\/\/radiolifefm.com.br\/noticias\/cultura-promove-semana-literaria\/","title":{"rendered":"Cultura promove Semana Liter\u00e1ria"},"content":{"rendered":"<div id=\"fb-root\"><\/div>\n<p>A Secretaria de Cultura e Turismo de Adamantina promove mais uma a\u00e7\u00e3o presencial na pr\u00f3xima ter\u00e7a-feira (10), na cal\u00e7ada da Biblioteca P\u00fablica Municipal \u201cJurema Citelli\u201d. Ser\u00e1 a Semana Liter\u00e1ria com leituras, conversa com escritores, caricaturas, declama\u00e7\u00f5es, oficina de ilustra\u00e7\u00e3o criativa, exposi\u00e7\u00e3o de Jorge Amado e muita m\u00fasica.<\/p>\n<p>&nbsp;<\/p>\n<p>A exemplo dos dois \u00faltimos eventos (Festa Junina e Dia do Rock), a Semana Liter\u00e1ria usar\u00e1 a cal\u00e7ada para evitar aglomera\u00e7\u00f5es de pessoas, seguindo todos os protocolos de seguran\u00e7a em rela\u00e7\u00e3o a Covid-19.<\/p>\n<p>&nbsp;<\/p>\n<p>Integrantes do movimento \u201cRol\u00ea Liter\u00e1rio\u201d e amantes da poesia far\u00e3o declama\u00e7\u00f5es e recita\u00e7\u00f5es de poemas. Ao mesmo tempo, escritores de renome de Adamantina estar\u00e3o \u00e0 disposi\u00e7\u00e3o dos presentes para um bate-papo informal durante todo o dia.<\/p>\n<p>&nbsp;<\/p>\n<p>As pessoas poder\u00e3o tamb\u00e9m participar de oficina de express\u00e3o visual criativa a partir de an\u00e1lises de poemas, al\u00e9m de conferir uma exposi\u00e7\u00e3o do escritor Jorge Amado.<\/p>\n<p>&nbsp;<\/p>\n<p>E para animar todo o dia muita MPB e Samba Raiz com cantores locais das 9 \u00e0s 17 horas da ter\u00e7a-feira (10). J\u00e1 a exposi\u00e7\u00e3o de Jorge Amado segue at\u00e9 a sexta-feira (13).<\/p>\n<p>&nbsp;<\/p>\n<p>Fonte: Secretaria da Cultura e Turismo<\/p>\n","protected":false},"excerpt":{"rendered":"<p>A Secretaria de Cultura e Turismo de Adamantina promove mais uma a\u00e7\u00e3o presencial na pr\u00f3xima ter\u00e7a-feira (10), na cal\u00e7ada da Biblioteca P\u00fablica Municipal \u201cJurema Citelli\u201d. Ser\u00e1 a Semana Liter\u00e1ria com leituras, conversa com escritores, caricaturas, declama\u00e7\u00f5es, oficina de ilustra\u00e7\u00e3o criativa, exposi\u00e7\u00e3o de Jorge Amado e muita m\u00fasica. &nbsp; A exemplo dos dois \u00faltimos eventos (Festa [&hellip;]<\/p>\n","protected":false},"author":13,"featured_media":41332,"comment_status":"closed","ping_status":"open","sticky":false,"template":"","format":"standard","meta":{"_acf_changed":false,"_exactmetrics_skip_tracking":false,"_exactmetrics_sitenote_active":false,"_exactmetrics_sitenote_note":"","_exactmetrics_sitenote_category":0,"footnotes":""},"categories":[21],"tags":[],"class_list":["post-41329","post","type-post","status-publish","format-standard","has-post-thumbnail","hentry","category-adamantina"],"acf":[],"yoast_head":"<!-- This site is optimized with the Yoast SEO plugin v27.2 - https:\/\/yoast.com\/product\/yoast-seo-wordpress\/ -->\n<title>Cultura promove Semana Liter\u00e1ria - R\u00e1dio Life FM<\/title>\n<meta name=\"robots\" content=\"index, follow, max-snippet:-1, max-image-preview:large, max-video-preview:-1\" \/>\n<link rel=\"canonical\" href=\"https:\/\/radiolifefm.com.br\/noticias\/cultura-promove-semana-literaria\/\" \/>\n<meta property=\"og:locale\" content=\"pt_BR\" \/>\n<meta property=\"og:type\" content=\"article\" \/>\n<meta property=\"og:title\" content=\"Cultura promove Semana Liter\u00e1ria - R\u00e1dio Life FM\" \/>\n<meta property=\"og:description\" content=\"A Secretaria de Cultura e Turismo de Adamantina promove mais uma a\u00e7\u00e3o presencial na pr\u00f3xima ter\u00e7a-feira (10), na cal\u00e7ada da Biblioteca P\u00fablica Municipal \u201cJurema Citelli\u201d. Ser\u00e1 a Semana Liter\u00e1ria com leituras, conversa com escritores, caricaturas, declama\u00e7\u00f5es, oficina de ilustra\u00e7\u00e3o criativa, exposi\u00e7\u00e3o de Jorge Amado e muita m\u00fasica. &nbsp; A exemplo dos dois \u00faltimos eventos (Festa [&hellip;]\" \/>\n<meta property=\"og:url\" content=\"https:\/\/radiolifefm.com.br\/noticias\/cultura-promove-semana-literaria\/\" \/>\n<meta property=\"og:site_name\" content=\"R\u00e1dio Life FM\" \/>\n<meta property=\"article:publisher\" content=\"https:\/\/www.facebook.com\/radiolifefm\/\" \/>\n<meta property=\"article:published_time\" content=\"2021-08-04T00:19:08+00:00\" \/>\n<meta property=\"article:modified_time\" content=\"2026-03-12T11:55:34+00:00\" \/>\n<meta property=\"og:image\" content=\"https:\/\/radiolifefm.com.br\/noticias\/wp-content\/uploads\/2021\/08\/Lamcamento-semana-literaria.jpg\" \/>\n\t<meta property=\"og:image:width\" content=\"400\" \/>\n\t<meta property=\"og:image:height\" content=\"399\" \/>\n\t<meta property=\"og:image:type\" content=\"image\/jpeg\" \/>\n<meta name=\"author\" content=\"ritanery\" \/>\n<meta name=\"twitter:card\" content=\"summary_large_image\" \/>\n<meta name=\"twitter:label1\" content=\"Escrito por\" \/>\n\t<meta name=\"twitter:data1\" content=\"ritanery\" \/>\n\t<meta name=\"twitter:label2\" content=\"Est. tempo de leitura\" \/>\n\t<meta name=\"twitter:data2\" content=\"1 minuto\" \/>\n<script type=\"application\/ld+json\" class=\"yoast-schema-graph\">{\"@context\":\"https:\/\/schema.org\",\"@graph\":[{\"@type\":\"Article\",\"@id\":\"https:\/\/radiolifefm.com.br\/noticias\/cultura-promove-semana-literaria\/#article\",\"isPartOf\":{\"@id\":\"https:\/\/radiolifefm.com.br\/noticias\/cultura-promove-semana-literaria\/\"},\"author\":{\"name\":\"ritanery\",\"@id\":\"https:\/\/radiolifefm.com.br\/noticias\/#\/schema\/person\/6339b9fac59d12b071dec680d7375d87\"},\"headline\":\"Cultura promove Semana Liter\u00e1ria\",\"datePublished\":\"2021-08-04T00:19:08+00:00\",\"dateModified\":\"2026-03-12T11:55:34+00:00\",\"mainEntityOfPage\":{\"@id\":\"https:\/\/radiolifefm.com.br\/noticias\/cultura-promove-semana-literaria\/\"},\"wordCount\":214,\"publisher\":{\"@id\":\"https:\/\/radiolifefm.com.br\/noticias\/#organization\"},\"image\":{\"@id\":\"https:\/\/radiolifefm.com.br\/noticias\/cultura-promove-semana-literaria\/#primaryimage\"},\"thumbnailUrl\":\"https:\/\/radiolifefm.com.br\/noticias\/wp-content\/uploads\/2021\/08\/Lamcamento-semana-literaria.jpg\",\"articleSection\":[\"Adamantina\"],\"inLanguage\":\"pt-BR\"},{\"@type\":\"WebPage\",\"@id\":\"https:\/\/radiolifefm.com.br\/noticias\/cultura-promove-semana-literaria\/\",\"url\":\"https:\/\/radiolifefm.com.br\/noticias\/cultura-promove-semana-literaria\/\",\"name\":\"Cultura promove Semana Liter\u00e1ria - R\u00e1dio Life FM\",\"isPartOf\":{\"@id\":\"https:\/\/radiolifefm.com.br\/noticias\/#website\"},\"primaryImageOfPage\":{\"@id\":\"https:\/\/radiolifefm.com.br\/noticias\/cultura-promove-semana-literaria\/#primaryimage\"},\"image\":{\"@id\":\"https:\/\/radiolifefm.com.br\/noticias\/cultura-promove-semana-literaria\/#primaryimage\"},\"thumbnailUrl\":\"https:\/\/radiolifefm.com.br\/noticias\/wp-content\/uploads\/2021\/08\/Lamcamento-semana-literaria.jpg\",\"datePublished\":\"2021-08-04T00:19:08+00:00\",\"dateModified\":\"2026-03-12T11:55:34+00:00\",\"breadcrumb\":{\"@id\":\"https:\/\/radiolifefm.com.br\/noticias\/cultura-promove-semana-literaria\/#breadcrumb\"},\"inLanguage\":\"pt-BR\",\"potentialAction\":[{\"@type\":\"ReadAction\",\"target\":[\"https:\/\/radiolifefm.com.br\/noticias\/cultura-promove-semana-literaria\/\"]}]},{\"@type\":\"ImageObject\",\"inLanguage\":\"pt-BR\",\"@id\":\"https:\/\/radiolifefm.com.br\/noticias\/cultura-promove-semana-literaria\/#primaryimage\",\"url\":\"https:\/\/radiolifefm.com.br\/noticias\/wp-content\/uploads\/2021\/08\/Lamcamento-semana-literaria.jpg\",\"contentUrl\":\"https:\/\/radiolifefm.com.br\/noticias\/wp-content\/uploads\/2021\/08\/Lamcamento-semana-literaria.jpg\",\"width\":400,\"height\":399},{\"@type\":\"BreadcrumbList\",\"@id\":\"https:\/\/radiolifefm.com.br\/noticias\/cultura-promove-semana-literaria\/#breadcrumb\",\"itemListElement\":[{\"@type\":\"ListItem\",\"position\":1,\"name\":\"In\u00edcio\",\"item\":\"https:\/\/radiolifefm.com.br\/noticias\/\"},{\"@type\":\"ListItem\",\"position\":2,\"name\":\"Cultura promove Semana Liter\u00e1ria\"}]},{\"@type\":\"WebSite\",\"@id\":\"https:\/\/radiolifefm.com.br\/noticias\/#website\",\"url\":\"https:\/\/radiolifefm.com.br\/noticias\/\",\"name\":\"R\u00e1dio Life FM\",\"description\":\"O Portal de Not\u00edcias de Adamantina\",\"publisher\":{\"@id\":\"https:\/\/radiolifefm.com.br\/noticias\/#organization\"},\"alternateName\":\"Life FM\",\"potentialAction\":[{\"@type\":\"SearchAction\",\"target\":{\"@type\":\"EntryPoint\",\"urlTemplate\":\"https:\/\/radiolifefm.com.br\/noticias\/?s={search_term_string}\"},\"query-input\":{\"@type\":\"PropertyValueSpecification\",\"valueRequired\":true,\"valueName\":\"search_term_string\"}}],\"inLanguage\":\"pt-BR\"},{\"@type\":\"Organization\",\"@id\":\"https:\/\/radiolifefm.com.br\/noticias\/#organization\",\"name\":\"R\u00e1dio Life FM\",\"alternateName\":\"Life FM\",\"url\":\"https:\/\/radiolifefm.com.br\/noticias\/\",\"logo\":{\"@type\":\"ImageObject\",\"inLanguage\":\"pt-BR\",\"@id\":\"https:\/\/radiolifefm.com.br\/noticias\/#\/schema\/logo\/image\/\",\"url\":\"https:\/\/static.radiolifefm.com.br\/noticias\/wp-content\/uploads\/2019\/10\/logo-lifefm.png\",\"contentUrl\":\"https:\/\/static.radiolifefm.com.br\/noticias\/wp-content\/uploads\/2019\/10\/logo-lifefm.png\",\"width\":196,\"height\":47,\"caption\":\"R\u00e1dio Life FM\"},\"image\":{\"@id\":\"https:\/\/radiolifefm.com.br\/noticias\/#\/schema\/logo\/image\/\"},\"sameAs\":[\"https:\/\/www.facebook.com\/radiolifefm\/\",\"https:\/\/www.instagram.com\/life1079fm\/\"]},{\"@type\":\"Person\",\"@id\":\"https:\/\/radiolifefm.com.br\/noticias\/#\/schema\/person\/6339b9fac59d12b071dec680d7375d87\",\"name\":\"ritanery\",\"image\":{\"@type\":\"ImageObject\",\"inLanguage\":\"pt-BR\",\"@id\":\"https:\/\/secure.gravatar.com\/avatar\/0e37bb19071f47c0b8a23f62a903df117c5a0e75f65a0c2901562f97cd41cf86?s=96&d=mm&r=g\",\"url\":\"https:\/\/secure.gravatar.com\/avatar\/0e37bb19071f47c0b8a23f62a903df117c5a0e75f65a0c2901562f97cd41cf86?s=96&d=mm&r=g\",\"contentUrl\":\"https:\/\/secure.gravatar.com\/avatar\/0e37bb19071f47c0b8a23f62a903df117c5a0e75f65a0c2901562f97cd41cf86?s=96&d=mm&r=g\",\"caption\":\"ritanery\"}}]}<\/script>\n<!-- \/ Yoast SEO plugin. -->","yoast_head_json":{"title":"Cultura promove Semana Liter\u00e1ria - R\u00e1dio Life FM","robots":{"index":"index","follow":"follow","max-snippet":"max-snippet:-1","max-image-preview":"max-image-preview:large","max-video-preview":"max-video-preview:-1"},"canonical":"https:\/\/radiolifefm.com.br\/noticias\/cultura-promove-semana-literaria\/","og_locale":"pt_BR","og_type":"article","og_title":"Cultura promove Semana Liter\u00e1ria - R\u00e1dio Life FM","og_description":"A Secretaria de Cultura e Turismo de Adamantina promove mais uma a\u00e7\u00e3o presencial na pr\u00f3xima ter\u00e7a-feira (10), na cal\u00e7ada da Biblioteca P\u00fablica Municipal \u201cJurema Citelli\u201d. Ser\u00e1 a Semana Liter\u00e1ria com leituras, conversa com escritores, caricaturas, declama\u00e7\u00f5es, oficina de ilustra\u00e7\u00e3o criativa, exposi\u00e7\u00e3o de Jorge Amado e muita m\u00fasica. &nbsp; A exemplo dos dois \u00faltimos eventos (Festa [&hellip;]","og_url":"https:\/\/radiolifefm.com.br\/noticias\/cultura-promove-semana-literaria\/","og_site_name":"R\u00e1dio Life FM","article_publisher":"https:\/\/www.facebook.com\/radiolifefm\/","article_published_time":"2021-08-04T00:19:08+00:00","article_modified_time":"2026-03-12T11:55:34+00:00","og_image":[{"width":400,"height":399,"url":"https:\/\/radiolifefm.com.br\/noticias\/wp-content\/uploads\/2021\/08\/Lamcamento-semana-literaria.jpg","type":"image\/jpeg"}],"author":"ritanery","twitter_card":"summary_large_image","twitter_misc":{"Escrito por":"ritanery","Est. tempo de leitura":"1 minuto"},"schema":{"@context":"https:\/\/schema.org","@graph":[{"@type":"Article","@id":"https:\/\/radiolifefm.com.br\/noticias\/cultura-promove-semana-literaria\/#article","isPartOf":{"@id":"https:\/\/radiolifefm.com.br\/noticias\/cultura-promove-semana-literaria\/"},"author":{"name":"ritanery","@id":"https:\/\/radiolifefm.com.br\/noticias\/#\/schema\/person\/6339b9fac59d12b071dec680d7375d87"},"headline":"Cultura promove Semana Liter\u00e1ria","datePublished":"2021-08-04T00:19:08+00:00","dateModified":"2026-03-12T11:55:34+00:00","mainEntityOfPage":{"@id":"https:\/\/radiolifefm.com.br\/noticias\/cultura-promove-semana-literaria\/"},"wordCount":214,"publisher":{"@id":"https:\/\/radiolifefm.com.br\/noticias\/#organization"},"image":{"@id":"https:\/\/radiolifefm.com.br\/noticias\/cultura-promove-semana-literaria\/#primaryimage"},"thumbnailUrl":"https:\/\/radiolifefm.com.br\/noticias\/wp-content\/uploads\/2021\/08\/Lamcamento-semana-literaria.jpg","articleSection":["Adamantina"],"inLanguage":"pt-BR"},{"@type":"WebPage","@id":"https:\/\/radiolifefm.com.br\/noticias\/cultura-promove-semana-literaria\/","url":"https:\/\/radiolifefm.com.br\/noticias\/cultura-promove-semana-literaria\/","name":"Cultura promove Semana Liter\u00e1ria - R\u00e1dio Life FM","isPartOf":{"@id":"https:\/\/radiolifefm.com.br\/noticias\/#website"},"primaryImageOfPage":{"@id":"https:\/\/radiolifefm.com.br\/noticias\/cultura-promove-semana-literaria\/#primaryimage"},"image":{"@id":"https:\/\/radiolifefm.com.br\/noticias\/cultura-promove-semana-literaria\/#primaryimage"},"thumbnailUrl":"https:\/\/radiolifefm.com.br\/noticias\/wp-content\/uploads\/2021\/08\/Lamcamento-semana-literaria.jpg","datePublished":"2021-08-04T00:19:08+00:00","dateModified":"2026-03-12T11:55:34+00:00","breadcrumb":{"@id":"https:\/\/radiolifefm.com.br\/noticias\/cultura-promove-semana-literaria\/#breadcrumb"},"inLanguage":"pt-BR","potentialAction":[{"@type":"ReadAction","target":["https:\/\/radiolifefm.com.br\/noticias\/cultura-promove-semana-literaria\/"]}]},{"@type":"ImageObject","inLanguage":"pt-BR","@id":"https:\/\/radiolifefm.com.br\/noticias\/cultura-promove-semana-literaria\/#primaryimage","url":"https:\/\/radiolifefm.com.br\/noticias\/wp-content\/uploads\/2021\/08\/Lamcamento-semana-literaria.jpg","contentUrl":"https:\/\/radiolifefm.com.br\/noticias\/wp-content\/uploads\/2021\/08\/Lamcamento-semana-literaria.jpg","width":400,"height":399},{"@type":"BreadcrumbList","@id":"https:\/\/radiolifefm.com.br\/noticias\/cultura-promove-semana-literaria\/#breadcrumb","itemListElement":[{"@type":"ListItem","position":1,"name":"In\u00edcio","item":"https:\/\/radiolifefm.com.br\/noticias\/"},{"@type":"ListItem","position":2,"name":"Cultura promove Semana Liter\u00e1ria"}]},{"@type":"WebSite","@id":"https:\/\/radiolifefm.com.br\/noticias\/#website","url":"https:\/\/radiolifefm.com.br\/noticias\/","name":"R\u00e1dio Life FM","description":"O Portal de Not\u00edcias de Adamantina","publisher":{"@id":"https:\/\/radiolifefm.com.br\/noticias\/#organization"},"alternateName":"Life FM","potentialAction":[{"@type":"SearchAction","target":{"@type":"EntryPoint","urlTemplate":"https:\/\/radiolifefm.com.br\/noticias\/?s={search_term_string}"},"query-input":{"@type":"PropertyValueSpecification","valueRequired":true,"valueName":"search_term_string"}}],"inLanguage":"pt-BR"},{"@type":"Organization","@id":"https:\/\/radiolifefm.com.br\/noticias\/#organization","name":"R\u00e1dio Life FM","alternateName":"Life FM","url":"https:\/\/radiolifefm.com.br\/noticias\/","logo":{"@type":"ImageObject","inLanguage":"pt-BR","@id":"https:\/\/radiolifefm.com.br\/noticias\/#\/schema\/logo\/image\/","url":"https:\/\/static.radiolifefm.com.br\/noticias\/wp-content\/uploads\/2019\/10\/logo-lifefm.png","contentUrl":"https:\/\/static.radiolifefm.com.br\/noticias\/wp-content\/uploads\/2019\/10\/logo-lifefm.png","width":196,"height":47,"caption":"R\u00e1dio Life FM"},"image":{"@id":"https:\/\/radiolifefm.com.br\/noticias\/#\/schema\/logo\/image\/"},"sameAs":["https:\/\/www.facebook.com\/radiolifefm\/","https:\/\/www.instagram.com\/life1079fm\/"]},{"@type":"Person","@id":"https:\/\/radiolifefm.com.br\/noticias\/#\/schema\/person\/6339b9fac59d12b071dec680d7375d87","name":"ritanery","image":{"@type":"ImageObject","inLanguage":"pt-BR","@id":"https:\/\/secure.gravatar.com\/avatar\/0e37bb19071f47c0b8a23f62a903df117c5a0e75f65a0c2901562f97cd41cf86?s=96&d=mm&r=g","url":"https:\/\/secure.gravatar.com\/avatar\/0e37bb19071f47c0b8a23f62a903df117c5a0e75f65a0c2901562f97cd41cf86?s=96&d=mm&r=g","contentUrl":"https:\/\/secure.gravatar.com\/avatar\/0e37bb19071f47c0b8a23f62a903df117c5a0e75f65a0c2901562f97cd41cf86?s=96&d=mm&r=g","caption":"ritanery"}}]}},"amp_enabled":true,"_links":{"self":[{"href":"https:\/\/radiolifefm.com.br\/noticias\/wp-json\/wp\/v2\/posts\/41329","targetHints":{"allow":["GET"]}}],"collection":[{"href":"https:\/\/radiolifefm.com.br\/noticias\/wp-json\/wp\/v2\/posts"}],"about":[{"href":"https:\/\/radiolifefm.com.br\/noticias\/wp-json\/wp\/v2\/types\/post"}],"author":[{"embeddable":true,"href":"https:\/\/radiolifefm.com.br\/noticias\/wp-json\/wp\/v2\/users\/13"}],"replies":[{"embeddable":true,"href":"https:\/\/radiolifefm.com.br\/noticias\/wp-json\/wp\/v2\/comments?post=41329"}],"version-history":[{"count":1,"href":"https:\/\/radiolifefm.com.br\/noticias\/wp-json\/wp\/v2\/posts\/41329\/revisions"}],"predecessor-version":[{"id":41331,"href":"https:\/\/radiolifefm.com.br\/noticias\/wp-json\/wp\/v2\/posts\/41329\/revisions\/41331"}],"wp:featuredmedia":[{"embeddable":true,"href":"https:\/\/radiolifefm.com.br\/noticias\/wp-json\/wp\/v2\/media\/41332"}],"wp:attachment":[{"href":"https:\/\/radiolifefm.com.br\/noticias\/wp-json\/wp\/v2\/media?parent=41329"}],"wp:term":[{"taxonomy":"category","embeddable":true,"href":"https:\/\/radiolifefm.com.br\/noticias\/wp-json\/wp\/v2\/categories?post=41329"},{"taxonomy":"post_tag","embeddable":true,"href":"https:\/\/radiolifefm.com.br\/noticias\/wp-json\/wp\/v2\/tags?post=41329"}],"curies":[{"name":"wp","href":"https:\/\/api.w.org\/{rel}","templated":true}]}}