{"id":41279,"date":"2021-08-02T10:14:46","date_gmt":"2021-08-02T13:14:46","guid":{"rendered":"https:\/\/radiolifefm.com.br\/noticias\/?p=41279"},"modified":"2026-04-21T06:08:19","modified_gmt":"2026-04-21T09:08:19","slug":"comercio-de-adamantina-estende-funcionamento-para-o-dia-dos-pais","status":"publish","type":"post","link":"https:\/\/radiolifefm.com.br\/noticias\/comercio-de-adamantina-estende-funcionamento-para-o-dia-dos-pais\/","title":{"rendered":"Com\u00e9rcio de Adamantina estende funcionamento para o Dia dos Pais"},"content":{"rendered":"<div id=\"fb-root\"><\/div>\n<p>O com\u00e9rcio de Adamantina funcionar\u00e1 em hor\u00e1rio especial, at\u00e9 as 22h, nesta sexta-feira (6), por conta do Dia dos Pais, comemorado no domingo (8). No s\u00e1bado (7), as lojas v\u00e3o estender o funcionamento at\u00e9 as 16h.<\/p>\n<p>&nbsp;<\/p>\n<p>Segundo o Sincomercio Nova Alta Paulista (Sindicato Patronal do Com\u00e9rcio Varejista), a data \u00e9 a terceira melhor do ano para as vendas. Por isso, o hor\u00e1rio \u00e9 ampliado \u2013 tradicionalmente \u2013 para possibilitar mais tempo para os compradores atrasadinhos.<\/p>\n<p>&nbsp;<\/p>\n<p>\u201cDevido a pandemia de covid-19, o com\u00e9rcio local funcionou no ano passado por apenas quatro horas. Desta vez, o hor\u00e1rio ser\u00e1 ampliado, de acordo com as normas sanit\u00e1rias, uma oportunidade para minimizar as perdas de tantos dias, semanas, de portas fechadas aos consumidores. E, para isso, contamos com apoio dos adamantinenses, que sigam as normas sanit\u00e1rias quando for em um estabelecimento comercial e valorizem as lojas da cidade, geradores de emprego e renda\u201d, enfatiza o presidente do Sincomercio Nova Alta Paulista, S\u00e9rgio Vanderlei.<\/p>\n<p>&nbsp;<\/p>\n<p>De acordo com as normas vigentes do Plano S\u00e3o Paulo, os estabelecimentos podem funcionar com at\u00e9 80% da capacidade. A utiliza\u00e7\u00e3o de m\u00e1scara de prote\u00e7\u00e3o facial continua obrigat\u00f3ria.<\/p>\n<p>&nbsp;<\/p>\n<p>Fonte: Impacto Not\u00edcias<\/p>\n","protected":false},"excerpt":{"rendered":"<p>O com\u00e9rcio de Adamantina funcionar\u00e1 em hor\u00e1rio especial, at\u00e9 as 22h, nesta sexta-feira (6), por conta do Dia dos Pais, comemorado no domingo (8). No s\u00e1bado (7), as lojas v\u00e3o estender o funcionamento at\u00e9 as 16h. &nbsp; Segundo o Sincomercio Nova Alta Paulista (Sindicato Patronal do Com\u00e9rcio Varejista), a data \u00e9 a terceira melhor do [&hellip;]<\/p>\n","protected":false},"author":13,"featured_media":41280,"comment_status":"closed","ping_status":"open","sticky":false,"template":"","format":"standard","meta":{"_acf_changed":false,"_exactmetrics_skip_tracking":false,"_exactmetrics_sitenote_active":false,"_exactmetrics_sitenote_note":"","_exactmetrics_sitenote_category":0,"footnotes":""},"categories":[21],"tags":[],"class_list":["post-41279","post","type-post","status-publish","format-standard","has-post-thumbnail","hentry","category-adamantina"],"acf":[],"yoast_head":"<!-- This site is optimized with the Yoast SEO plugin v27.2 - https:\/\/yoast.com\/product\/yoast-seo-wordpress\/ -->\n<title>Com\u00e9rcio de Adamantina estende funcionamento para o Dia dos Pais - R\u00e1dio Life FM<\/title>\n<meta name=\"robots\" content=\"index, follow, max-snippet:-1, max-image-preview:large, max-video-preview:-1\" \/>\n<link rel=\"canonical\" href=\"https:\/\/radiolifefm.com.br\/noticias\/comercio-de-adamantina-estende-funcionamento-para-o-dia-dos-pais\/\" \/>\n<meta property=\"og:locale\" content=\"pt_BR\" \/>\n<meta property=\"og:type\" content=\"article\" \/>\n<meta property=\"og:title\" content=\"Com\u00e9rcio de Adamantina estende funcionamento para o Dia dos Pais - R\u00e1dio Life FM\" \/>\n<meta property=\"og:description\" content=\"O com\u00e9rcio de Adamantina funcionar\u00e1 em hor\u00e1rio especial, at\u00e9 as 22h, nesta sexta-feira (6), por conta do Dia dos Pais, comemorado no domingo (8). No s\u00e1bado (7), as lojas v\u00e3o estender o funcionamento at\u00e9 as 16h. &nbsp; Segundo o Sincomercio Nova Alta Paulista (Sindicato Patronal do Com\u00e9rcio Varejista), a data \u00e9 a terceira melhor do [&hellip;]\" \/>\n<meta property=\"og:url\" content=\"https:\/\/radiolifefm.com.br\/noticias\/comercio-de-adamantina-estende-funcionamento-para-o-dia-dos-pais\/\" \/>\n<meta property=\"og:site_name\" content=\"R\u00e1dio Life FM\" \/>\n<meta property=\"article:publisher\" content=\"https:\/\/www.facebook.com\/radiolifefm\/\" \/>\n<meta property=\"article:published_time\" content=\"2021-08-02T13:14:46+00:00\" \/>\n<meta property=\"article:modified_time\" content=\"2026-04-21T09:08:19+00:00\" \/>\n<meta property=\"og:image\" content=\"https:\/\/radiolifefm.com.br\/noticias\/wp-content\/uploads\/2021\/08\/29bd9791-fc77-419c-8f2b-83c61f8e7a4f.jpg\" \/>\n\t<meta property=\"og:image:width\" content=\"750\" \/>\n\t<meta property=\"og:image:height\" content=\"375\" \/>\n\t<meta property=\"og:image:type\" content=\"image\/jpeg\" \/>\n<meta name=\"author\" content=\"ritanery\" \/>\n<meta name=\"twitter:card\" content=\"summary_large_image\" \/>\n<meta name=\"twitter:label1\" content=\"Escrito por\" \/>\n\t<meta name=\"twitter:data1\" content=\"ritanery\" \/>\n\t<meta name=\"twitter:label2\" content=\"Est. tempo de leitura\" \/>\n\t<meta name=\"twitter:data2\" content=\"1 minuto\" \/>\n<script type=\"application\/ld+json\" class=\"yoast-schema-graph\">{\"@context\":\"https:\/\/schema.org\",\"@graph\":[{\"@type\":\"Article\",\"@id\":\"https:\/\/radiolifefm.com.br\/noticias\/comercio-de-adamantina-estende-funcionamento-para-o-dia-dos-pais\/#article\",\"isPartOf\":{\"@id\":\"https:\/\/radiolifefm.com.br\/noticias\/comercio-de-adamantina-estende-funcionamento-para-o-dia-dos-pais\/\"},\"author\":{\"name\":\"ritanery\",\"@id\":\"https:\/\/radiolifefm.com.br\/noticias\/#\/schema\/person\/6339b9fac59d12b071dec680d7375d87\"},\"headline\":\"Com\u00e9rcio de Adamantina estende funcionamento para o Dia dos Pais\",\"datePublished\":\"2021-08-02T13:14:46+00:00\",\"dateModified\":\"2026-04-21T09:08:19+00:00\",\"mainEntityOfPage\":{\"@id\":\"https:\/\/radiolifefm.com.br\/noticias\/comercio-de-adamantina-estende-funcionamento-para-o-dia-dos-pais\/\"},\"wordCount\":213,\"publisher\":{\"@id\":\"https:\/\/radiolifefm.com.br\/noticias\/#organization\"},\"image\":{\"@id\":\"https:\/\/radiolifefm.com.br\/noticias\/comercio-de-adamantina-estende-funcionamento-para-o-dia-dos-pais\/#primaryimage\"},\"thumbnailUrl\":\"https:\/\/radiolifefm.com.br\/noticias\/wp-content\/uploads\/2021\/08\/29bd9791-fc77-419c-8f2b-83c61f8e7a4f.jpg\",\"articleSection\":[\"Adamantina\"],\"inLanguage\":\"pt-BR\"},{\"@type\":\"WebPage\",\"@id\":\"https:\/\/radiolifefm.com.br\/noticias\/comercio-de-adamantina-estende-funcionamento-para-o-dia-dos-pais\/\",\"url\":\"https:\/\/radiolifefm.com.br\/noticias\/comercio-de-adamantina-estende-funcionamento-para-o-dia-dos-pais\/\",\"name\":\"Com\u00e9rcio de Adamantina estende funcionamento para o Dia dos Pais - R\u00e1dio Life FM\",\"isPartOf\":{\"@id\":\"https:\/\/radiolifefm.com.br\/noticias\/#website\"},\"primaryImageOfPage\":{\"@id\":\"https:\/\/radiolifefm.com.br\/noticias\/comercio-de-adamantina-estende-funcionamento-para-o-dia-dos-pais\/#primaryimage\"},\"image\":{\"@id\":\"https:\/\/radiolifefm.com.br\/noticias\/comercio-de-adamantina-estende-funcionamento-para-o-dia-dos-pais\/#primaryimage\"},\"thumbnailUrl\":\"https:\/\/radiolifefm.com.br\/noticias\/wp-content\/uploads\/2021\/08\/29bd9791-fc77-419c-8f2b-83c61f8e7a4f.jpg\",\"datePublished\":\"2021-08-02T13:14:46+00:00\",\"dateModified\":\"2026-04-21T09:08:19+00:00\",\"breadcrumb\":{\"@id\":\"https:\/\/radiolifefm.com.br\/noticias\/comercio-de-adamantina-estende-funcionamento-para-o-dia-dos-pais\/#breadcrumb\"},\"inLanguage\":\"pt-BR\",\"potentialAction\":[{\"@type\":\"ReadAction\",\"target\":[\"https:\/\/radiolifefm.com.br\/noticias\/comercio-de-adamantina-estende-funcionamento-para-o-dia-dos-pais\/\"]}]},{\"@type\":\"ImageObject\",\"inLanguage\":\"pt-BR\",\"@id\":\"https:\/\/radiolifefm.com.br\/noticias\/comercio-de-adamantina-estende-funcionamento-para-o-dia-dos-pais\/#primaryimage\",\"url\":\"https:\/\/radiolifefm.com.br\/noticias\/wp-content\/uploads\/2021\/08\/29bd9791-fc77-419c-8f2b-83c61f8e7a4f.jpg\",\"contentUrl\":\"https:\/\/radiolifefm.com.br\/noticias\/wp-content\/uploads\/2021\/08\/29bd9791-fc77-419c-8f2b-83c61f8e7a4f.jpg\",\"width\":750,\"height\":375},{\"@type\":\"BreadcrumbList\",\"@id\":\"https:\/\/radiolifefm.com.br\/noticias\/comercio-de-adamantina-estende-funcionamento-para-o-dia-dos-pais\/#breadcrumb\",\"itemListElement\":[{\"@type\":\"ListItem\",\"position\":1,\"name\":\"In\u00edcio\",\"item\":\"https:\/\/radiolifefm.com.br\/noticias\/\"},{\"@type\":\"ListItem\",\"position\":2,\"name\":\"Com\u00e9rcio de Adamantina estende funcionamento para o Dia dos Pais\"}]},{\"@type\":\"WebSite\",\"@id\":\"https:\/\/radiolifefm.com.br\/noticias\/#website\",\"url\":\"https:\/\/radiolifefm.com.br\/noticias\/\",\"name\":\"R\u00e1dio Life FM\",\"description\":\"O Portal de Not\u00edcias de Adamantina\",\"publisher\":{\"@id\":\"https:\/\/radiolifefm.com.br\/noticias\/#organization\"},\"alternateName\":\"Life FM\",\"potentialAction\":[{\"@type\":\"SearchAction\",\"target\":{\"@type\":\"EntryPoint\",\"urlTemplate\":\"https:\/\/radiolifefm.com.br\/noticias\/?s={search_term_string}\"},\"query-input\":{\"@type\":\"PropertyValueSpecification\",\"valueRequired\":true,\"valueName\":\"search_term_string\"}}],\"inLanguage\":\"pt-BR\"},{\"@type\":\"Organization\",\"@id\":\"https:\/\/radiolifefm.com.br\/noticias\/#organization\",\"name\":\"R\u00e1dio Life FM\",\"alternateName\":\"Life FM\",\"url\":\"https:\/\/radiolifefm.com.br\/noticias\/\",\"logo\":{\"@type\":\"ImageObject\",\"inLanguage\":\"pt-BR\",\"@id\":\"https:\/\/radiolifefm.com.br\/noticias\/#\/schema\/logo\/image\/\",\"url\":\"https:\/\/static.radiolifefm.com.br\/noticias\/wp-content\/uploads\/2019\/10\/logo-lifefm.png\",\"contentUrl\":\"https:\/\/static.radiolifefm.com.br\/noticias\/wp-content\/uploads\/2019\/10\/logo-lifefm.png\",\"width\":196,\"height\":47,\"caption\":\"R\u00e1dio Life FM\"},\"image\":{\"@id\":\"https:\/\/radiolifefm.com.br\/noticias\/#\/schema\/logo\/image\/\"},\"sameAs\":[\"https:\/\/www.facebook.com\/radiolifefm\/\",\"https:\/\/www.instagram.com\/life1079fm\/\"]},{\"@type\":\"Person\",\"@id\":\"https:\/\/radiolifefm.com.br\/noticias\/#\/schema\/person\/6339b9fac59d12b071dec680d7375d87\",\"name\":\"ritanery\",\"image\":{\"@type\":\"ImageObject\",\"inLanguage\":\"pt-BR\",\"@id\":\"https:\/\/secure.gravatar.com\/avatar\/0e37bb19071f47c0b8a23f62a903df117c5a0e75f65a0c2901562f97cd41cf86?s=96&d=mm&r=g\",\"url\":\"https:\/\/secure.gravatar.com\/avatar\/0e37bb19071f47c0b8a23f62a903df117c5a0e75f65a0c2901562f97cd41cf86?s=96&d=mm&r=g\",\"contentUrl\":\"https:\/\/secure.gravatar.com\/avatar\/0e37bb19071f47c0b8a23f62a903df117c5a0e75f65a0c2901562f97cd41cf86?s=96&d=mm&r=g\",\"caption\":\"ritanery\"}}]}<\/script>\n<!-- \/ Yoast SEO plugin. -->","yoast_head_json":{"title":"Com\u00e9rcio de Adamantina estende funcionamento para o Dia dos Pais - R\u00e1dio Life FM","robots":{"index":"index","follow":"follow","max-snippet":"max-snippet:-1","max-image-preview":"max-image-preview:large","max-video-preview":"max-video-preview:-1"},"canonical":"https:\/\/radiolifefm.com.br\/noticias\/comercio-de-adamantina-estende-funcionamento-para-o-dia-dos-pais\/","og_locale":"pt_BR","og_type":"article","og_title":"Com\u00e9rcio de Adamantina estende funcionamento para o Dia dos Pais - R\u00e1dio Life FM","og_description":"O com\u00e9rcio de Adamantina funcionar\u00e1 em hor\u00e1rio especial, at\u00e9 as 22h, nesta sexta-feira (6), por conta do Dia dos Pais, comemorado no domingo (8). No s\u00e1bado (7), as lojas v\u00e3o estender o funcionamento at\u00e9 as 16h. &nbsp; Segundo o Sincomercio Nova Alta Paulista (Sindicato Patronal do Com\u00e9rcio Varejista), a data \u00e9 a terceira melhor do [&hellip;]","og_url":"https:\/\/radiolifefm.com.br\/noticias\/comercio-de-adamantina-estende-funcionamento-para-o-dia-dos-pais\/","og_site_name":"R\u00e1dio Life FM","article_publisher":"https:\/\/www.facebook.com\/radiolifefm\/","article_published_time":"2021-08-02T13:14:46+00:00","article_modified_time":"2026-04-21T09:08:19+00:00","og_image":[{"width":750,"height":375,"url":"https:\/\/radiolifefm.com.br\/noticias\/wp-content\/uploads\/2021\/08\/29bd9791-fc77-419c-8f2b-83c61f8e7a4f.jpg","type":"image\/jpeg"}],"author":"ritanery","twitter_card":"summary_large_image","twitter_misc":{"Escrito por":"ritanery","Est. tempo de leitura":"1 minuto"},"schema":{"@context":"https:\/\/schema.org","@graph":[{"@type":"Article","@id":"https:\/\/radiolifefm.com.br\/noticias\/comercio-de-adamantina-estende-funcionamento-para-o-dia-dos-pais\/#article","isPartOf":{"@id":"https:\/\/radiolifefm.com.br\/noticias\/comercio-de-adamantina-estende-funcionamento-para-o-dia-dos-pais\/"},"author":{"name":"ritanery","@id":"https:\/\/radiolifefm.com.br\/noticias\/#\/schema\/person\/6339b9fac59d12b071dec680d7375d87"},"headline":"Com\u00e9rcio de Adamantina estende funcionamento para o Dia dos Pais","datePublished":"2021-08-02T13:14:46+00:00","dateModified":"2026-04-21T09:08:19+00:00","mainEntityOfPage":{"@id":"https:\/\/radiolifefm.com.br\/noticias\/comercio-de-adamantina-estende-funcionamento-para-o-dia-dos-pais\/"},"wordCount":213,"publisher":{"@id":"https:\/\/radiolifefm.com.br\/noticias\/#organization"},"image":{"@id":"https:\/\/radiolifefm.com.br\/noticias\/comercio-de-adamantina-estende-funcionamento-para-o-dia-dos-pais\/#primaryimage"},"thumbnailUrl":"https:\/\/radiolifefm.com.br\/noticias\/wp-content\/uploads\/2021\/08\/29bd9791-fc77-419c-8f2b-83c61f8e7a4f.jpg","articleSection":["Adamantina"],"inLanguage":"pt-BR"},{"@type":"WebPage","@id":"https:\/\/radiolifefm.com.br\/noticias\/comercio-de-adamantina-estende-funcionamento-para-o-dia-dos-pais\/","url":"https:\/\/radiolifefm.com.br\/noticias\/comercio-de-adamantina-estende-funcionamento-para-o-dia-dos-pais\/","name":"Com\u00e9rcio de Adamantina estende funcionamento para o Dia dos Pais - R\u00e1dio Life FM","isPartOf":{"@id":"https:\/\/radiolifefm.com.br\/noticias\/#website"},"primaryImageOfPage":{"@id":"https:\/\/radiolifefm.com.br\/noticias\/comercio-de-adamantina-estende-funcionamento-para-o-dia-dos-pais\/#primaryimage"},"image":{"@id":"https:\/\/radiolifefm.com.br\/noticias\/comercio-de-adamantina-estende-funcionamento-para-o-dia-dos-pais\/#primaryimage"},"thumbnailUrl":"https:\/\/radiolifefm.com.br\/noticias\/wp-content\/uploads\/2021\/08\/29bd9791-fc77-419c-8f2b-83c61f8e7a4f.jpg","datePublished":"2021-08-02T13:14:46+00:00","dateModified":"2026-04-21T09:08:19+00:00","breadcrumb":{"@id":"https:\/\/radiolifefm.com.br\/noticias\/comercio-de-adamantina-estende-funcionamento-para-o-dia-dos-pais\/#breadcrumb"},"inLanguage":"pt-BR","potentialAction":[{"@type":"ReadAction","target":["https:\/\/radiolifefm.com.br\/noticias\/comercio-de-adamantina-estende-funcionamento-para-o-dia-dos-pais\/"]}]},{"@type":"ImageObject","inLanguage":"pt-BR","@id":"https:\/\/radiolifefm.com.br\/noticias\/comercio-de-adamantina-estende-funcionamento-para-o-dia-dos-pais\/#primaryimage","url":"https:\/\/radiolifefm.com.br\/noticias\/wp-content\/uploads\/2021\/08\/29bd9791-fc77-419c-8f2b-83c61f8e7a4f.jpg","contentUrl":"https:\/\/radiolifefm.com.br\/noticias\/wp-content\/uploads\/2021\/08\/29bd9791-fc77-419c-8f2b-83c61f8e7a4f.jpg","width":750,"height":375},{"@type":"BreadcrumbList","@id":"https:\/\/radiolifefm.com.br\/noticias\/comercio-de-adamantina-estende-funcionamento-para-o-dia-dos-pais\/#breadcrumb","itemListElement":[{"@type":"ListItem","position":1,"name":"In\u00edcio","item":"https:\/\/radiolifefm.com.br\/noticias\/"},{"@type":"ListItem","position":2,"name":"Com\u00e9rcio de Adamantina estende funcionamento para o Dia dos Pais"}]},{"@type":"WebSite","@id":"https:\/\/radiolifefm.com.br\/noticias\/#website","url":"https:\/\/radiolifefm.com.br\/noticias\/","name":"R\u00e1dio Life FM","description":"O Portal de Not\u00edcias de Adamantina","publisher":{"@id":"https:\/\/radiolifefm.com.br\/noticias\/#organization"},"alternateName":"Life FM","potentialAction":[{"@type":"SearchAction","target":{"@type":"EntryPoint","urlTemplate":"https:\/\/radiolifefm.com.br\/noticias\/?s={search_term_string}"},"query-input":{"@type":"PropertyValueSpecification","valueRequired":true,"valueName":"search_term_string"}}],"inLanguage":"pt-BR"},{"@type":"Organization","@id":"https:\/\/radiolifefm.com.br\/noticias\/#organization","name":"R\u00e1dio Life FM","alternateName":"Life FM","url":"https:\/\/radiolifefm.com.br\/noticias\/","logo":{"@type":"ImageObject","inLanguage":"pt-BR","@id":"https:\/\/radiolifefm.com.br\/noticias\/#\/schema\/logo\/image\/","url":"https:\/\/static.radiolifefm.com.br\/noticias\/wp-content\/uploads\/2019\/10\/logo-lifefm.png","contentUrl":"https:\/\/static.radiolifefm.com.br\/noticias\/wp-content\/uploads\/2019\/10\/logo-lifefm.png","width":196,"height":47,"caption":"R\u00e1dio Life FM"},"image":{"@id":"https:\/\/radiolifefm.com.br\/noticias\/#\/schema\/logo\/image\/"},"sameAs":["https:\/\/www.facebook.com\/radiolifefm\/","https:\/\/www.instagram.com\/life1079fm\/"]},{"@type":"Person","@id":"https:\/\/radiolifefm.com.br\/noticias\/#\/schema\/person\/6339b9fac59d12b071dec680d7375d87","name":"ritanery","image":{"@type":"ImageObject","inLanguage":"pt-BR","@id":"https:\/\/secure.gravatar.com\/avatar\/0e37bb19071f47c0b8a23f62a903df117c5a0e75f65a0c2901562f97cd41cf86?s=96&d=mm&r=g","url":"https:\/\/secure.gravatar.com\/avatar\/0e37bb19071f47c0b8a23f62a903df117c5a0e75f65a0c2901562f97cd41cf86?s=96&d=mm&r=g","contentUrl":"https:\/\/secure.gravatar.com\/avatar\/0e37bb19071f47c0b8a23f62a903df117c5a0e75f65a0c2901562f97cd41cf86?s=96&d=mm&r=g","caption":"ritanery"}}]}},"amp_enabled":true,"_links":{"self":[{"href":"https:\/\/radiolifefm.com.br\/noticias\/wp-json\/wp\/v2\/posts\/41279","targetHints":{"allow":["GET"]}}],"collection":[{"href":"https:\/\/radiolifefm.com.br\/noticias\/wp-json\/wp\/v2\/posts"}],"about":[{"href":"https:\/\/radiolifefm.com.br\/noticias\/wp-json\/wp\/v2\/types\/post"}],"author":[{"embeddable":true,"href":"https:\/\/radiolifefm.com.br\/noticias\/wp-json\/wp\/v2\/users\/13"}],"replies":[{"embeddable":true,"href":"https:\/\/radiolifefm.com.br\/noticias\/wp-json\/wp\/v2\/comments?post=41279"}],"version-history":[{"count":1,"href":"https:\/\/radiolifefm.com.br\/noticias\/wp-json\/wp\/v2\/posts\/41279\/revisions"}],"predecessor-version":[{"id":41281,"href":"https:\/\/radiolifefm.com.br\/noticias\/wp-json\/wp\/v2\/posts\/41279\/revisions\/41281"}],"wp:featuredmedia":[{"embeddable":true,"href":"https:\/\/radiolifefm.com.br\/noticias\/wp-json\/wp\/v2\/media\/41280"}],"wp:attachment":[{"href":"https:\/\/radiolifefm.com.br\/noticias\/wp-json\/wp\/v2\/media?parent=41279"}],"wp:term":[{"taxonomy":"category","embeddable":true,"href":"https:\/\/radiolifefm.com.br\/noticias\/wp-json\/wp\/v2\/categories?post=41279"},{"taxonomy":"post_tag","embeddable":true,"href":"https:\/\/radiolifefm.com.br\/noticias\/wp-json\/wp\/v2\/tags?post=41279"}],"curies":[{"name":"wp","href":"https:\/\/api.w.org\/{rel}","templated":true}]}}