{"id":41225,"date":"2021-07-30T16:22:43","date_gmt":"2021-07-30T19:22:43","guid":{"rendered":"https:\/\/radiolifefm.com.br\/noticias\/?p=41225"},"modified":"2026-04-04T19:08:41","modified_gmt":"2026-04-04T22:08:41","slug":"fundo-social-de-solidariedade-de-adamantina-entrega-355-cobertores","status":"publish","type":"post","link":"https:\/\/radiolifefm.com.br\/noticias\/fundo-social-de-solidariedade-de-adamantina-entrega-355-cobertores\/","title":{"rendered":"Fundo Social de Solidariedade de Adamantina entrega 355 cobertores"},"content":{"rendered":"<div id=\"fb-root\"><\/div>\n<p>A Prefeitura de Adamantina, por meio do Fundo Social de Solidariedade entregou 355 cobertores para serem repassados para as fam\u00edlias atendidas por 13 entidades assistenciais do munic\u00edpio. Foram investidos R$10.117,50 para a aquisi\u00e7\u00e3o dos itens.<\/p>\n<p>&nbsp;<\/p>\n<p>As entidades que receberam os cobertores foram: P\u00e3o de Santo Ant\u00f4nio, Roupeiro Santa Rita, APAE, Lar dos Velhos, Lar Crist\u00e3o, Casa do Garoto, Igreja Nossa Senhora de F\u00e1tima, Par\u00f3quia S\u00e3o Francisco de Assis, Vicentinos, Ave Cristo, Casa da Sopa, Rede de Combate ao C\u00e2ncer, Associa\u00e7\u00e3o dos Renais Cr\u00f4nicos de Adamantina (ARCA)e mais a Secretaria de Assist\u00eancia Social<\/p>\n<p>&nbsp;<\/p>\n<p>O Fundo Social de Solidariedade j\u00e1 entregou todos os cobertores arrecadados pela Campanha Inverno Solid\u00e1rio para as fam\u00edlias assistidas pela Secretaria de Assist\u00eancia Social.<\/p>\n<p>&nbsp;<\/p>\n<p>Aqueles que quiserem contribuir, podem deixar a doa\u00e7\u00e3o de cobertores novos ou usados bem embalados no Tiro de Guerra ou no Fundo Social de Solidariedade.<\/p>\n<p>&nbsp;<\/p>\n<p>Fonte: Assessoria de Imprensa<\/p>\n","protected":false},"excerpt":{"rendered":"<p>A Prefeitura de Adamantina, por meio do Fundo Social de Solidariedade entregou 355 cobertores para serem repassados para as fam\u00edlias atendidas por 13 entidades assistenciais do munic\u00edpio. Foram investidos R$10.117,50 para a aquisi\u00e7\u00e3o dos itens. &nbsp; As entidades que receberam os cobertores foram: P\u00e3o de Santo Ant\u00f4nio, Roupeiro Santa Rita, APAE, Lar dos Velhos, Lar [&hellip;]<\/p>\n","protected":false},"author":13,"featured_media":41226,"comment_status":"closed","ping_status":"open","sticky":false,"template":"","format":"standard","meta":{"_acf_changed":false,"_exactmetrics_skip_tracking":false,"_exactmetrics_sitenote_active":false,"_exactmetrics_sitenote_note":"","_exactmetrics_sitenote_category":0,"footnotes":""},"categories":[21],"tags":[],"class_list":["post-41225","post","type-post","status-publish","format-standard","has-post-thumbnail","hentry","category-adamantina"],"acf":[],"yoast_head":"<!-- This site is optimized with the Yoast SEO plugin v27.2 - https:\/\/yoast.com\/product\/yoast-seo-wordpress\/ -->\n<title>Fundo Social de Solidariedade de Adamantina entrega 355 cobertores - R\u00e1dio Life FM<\/title>\n<meta name=\"robots\" content=\"index, follow, max-snippet:-1, max-image-preview:large, max-video-preview:-1\" \/>\n<link rel=\"canonical\" href=\"https:\/\/radiolifefm.com.br\/noticias\/fundo-social-de-solidariedade-de-adamantina-entrega-355-cobertores\/\" \/>\n<meta property=\"og:locale\" content=\"pt_BR\" \/>\n<meta property=\"og:type\" content=\"article\" \/>\n<meta property=\"og:title\" content=\"Fundo Social de Solidariedade de Adamantina entrega 355 cobertores - R\u00e1dio Life FM\" \/>\n<meta property=\"og:description\" content=\"A Prefeitura de Adamantina, por meio do Fundo Social de Solidariedade entregou 355 cobertores para serem repassados para as fam\u00edlias atendidas por 13 entidades assistenciais do munic\u00edpio. Foram investidos R$10.117,50 para a aquisi\u00e7\u00e3o dos itens. &nbsp; As entidades que receberam os cobertores foram: P\u00e3o de Santo Ant\u00f4nio, Roupeiro Santa Rita, APAE, Lar dos Velhos, Lar [&hellip;]\" \/>\n<meta property=\"og:url\" content=\"https:\/\/radiolifefm.com.br\/noticias\/fundo-social-de-solidariedade-de-adamantina-entrega-355-cobertores\/\" \/>\n<meta property=\"og:site_name\" content=\"R\u00e1dio Life FM\" \/>\n<meta property=\"article:publisher\" content=\"https:\/\/www.facebook.com\/radiolifefm\/\" \/>\n<meta property=\"article:published_time\" content=\"2021-07-30T19:22:43+00:00\" \/>\n<meta property=\"article:modified_time\" content=\"2026-04-04T22:08:41+00:00\" \/>\n<meta property=\"og:image\" content=\"https:\/\/radiolifefm.com.br\/noticias\/wp-content\/uploads\/2021\/07\/Foto-10.jpeg\" \/>\n\t<meta property=\"og:image:width\" content=\"1032\" \/>\n\t<meta property=\"og:image:height\" content=\"581\" \/>\n\t<meta property=\"og:image:type\" content=\"image\/jpeg\" \/>\n<meta name=\"author\" content=\"ritanery\" \/>\n<meta name=\"twitter:card\" content=\"summary_large_image\" \/>\n<meta name=\"twitter:label1\" content=\"Escrito por\" \/>\n\t<meta name=\"twitter:data1\" content=\"ritanery\" \/>\n\t<meta name=\"twitter:label2\" content=\"Est. tempo de leitura\" \/>\n\t<meta name=\"twitter:data2\" content=\"1 minuto\" \/>\n<script type=\"application\/ld+json\" class=\"yoast-schema-graph\">{\"@context\":\"https:\/\/schema.org\",\"@graph\":[{\"@type\":\"Article\",\"@id\":\"https:\/\/radiolifefm.com.br\/noticias\/fundo-social-de-solidariedade-de-adamantina-entrega-355-cobertores\/#article\",\"isPartOf\":{\"@id\":\"https:\/\/radiolifefm.com.br\/noticias\/fundo-social-de-solidariedade-de-adamantina-entrega-355-cobertores\/\"},\"author\":{\"name\":\"ritanery\",\"@id\":\"https:\/\/radiolifefm.com.br\/noticias\/#\/schema\/person\/6339b9fac59d12b071dec680d7375d87\"},\"headline\":\"Fundo Social de Solidariedade de Adamantina entrega 355 cobertores\",\"datePublished\":\"2021-07-30T19:22:43+00:00\",\"dateModified\":\"2026-04-04T22:08:41+00:00\",\"mainEntityOfPage\":{\"@id\":\"https:\/\/radiolifefm.com.br\/noticias\/fundo-social-de-solidariedade-de-adamantina-entrega-355-cobertores\/\"},\"wordCount\":173,\"publisher\":{\"@id\":\"https:\/\/radiolifefm.com.br\/noticias\/#organization\"},\"image\":{\"@id\":\"https:\/\/radiolifefm.com.br\/noticias\/fundo-social-de-solidariedade-de-adamantina-entrega-355-cobertores\/#primaryimage\"},\"thumbnailUrl\":\"https:\/\/radiolifefm.com.br\/noticias\/wp-content\/uploads\/2021\/07\/Foto-10.jpeg\",\"articleSection\":[\"Adamantina\"],\"inLanguage\":\"pt-BR\"},{\"@type\":\"WebPage\",\"@id\":\"https:\/\/radiolifefm.com.br\/noticias\/fundo-social-de-solidariedade-de-adamantina-entrega-355-cobertores\/\",\"url\":\"https:\/\/radiolifefm.com.br\/noticias\/fundo-social-de-solidariedade-de-adamantina-entrega-355-cobertores\/\",\"name\":\"Fundo Social de Solidariedade de Adamantina entrega 355 cobertores - R\u00e1dio Life FM\",\"isPartOf\":{\"@id\":\"https:\/\/radiolifefm.com.br\/noticias\/#website\"},\"primaryImageOfPage\":{\"@id\":\"https:\/\/radiolifefm.com.br\/noticias\/fundo-social-de-solidariedade-de-adamantina-entrega-355-cobertores\/#primaryimage\"},\"image\":{\"@id\":\"https:\/\/radiolifefm.com.br\/noticias\/fundo-social-de-solidariedade-de-adamantina-entrega-355-cobertores\/#primaryimage\"},\"thumbnailUrl\":\"https:\/\/radiolifefm.com.br\/noticias\/wp-content\/uploads\/2021\/07\/Foto-10.jpeg\",\"datePublished\":\"2021-07-30T19:22:43+00:00\",\"dateModified\":\"2026-04-04T22:08:41+00:00\",\"breadcrumb\":{\"@id\":\"https:\/\/radiolifefm.com.br\/noticias\/fundo-social-de-solidariedade-de-adamantina-entrega-355-cobertores\/#breadcrumb\"},\"inLanguage\":\"pt-BR\",\"potentialAction\":[{\"@type\":\"ReadAction\",\"target\":[\"https:\/\/radiolifefm.com.br\/noticias\/fundo-social-de-solidariedade-de-adamantina-entrega-355-cobertores\/\"]}]},{\"@type\":\"ImageObject\",\"inLanguage\":\"pt-BR\",\"@id\":\"https:\/\/radiolifefm.com.br\/noticias\/fundo-social-de-solidariedade-de-adamantina-entrega-355-cobertores\/#primaryimage\",\"url\":\"https:\/\/radiolifefm.com.br\/noticias\/wp-content\/uploads\/2021\/07\/Foto-10.jpeg\",\"contentUrl\":\"https:\/\/radiolifefm.com.br\/noticias\/wp-content\/uploads\/2021\/07\/Foto-10.jpeg\",\"width\":1032,\"height\":581},{\"@type\":\"BreadcrumbList\",\"@id\":\"https:\/\/radiolifefm.com.br\/noticias\/fundo-social-de-solidariedade-de-adamantina-entrega-355-cobertores\/#breadcrumb\",\"itemListElement\":[{\"@type\":\"ListItem\",\"position\":1,\"name\":\"In\u00edcio\",\"item\":\"https:\/\/radiolifefm.com.br\/noticias\/\"},{\"@type\":\"ListItem\",\"position\":2,\"name\":\"Fundo Social de Solidariedade de Adamantina entrega 355 cobertores\"}]},{\"@type\":\"WebSite\",\"@id\":\"https:\/\/radiolifefm.com.br\/noticias\/#website\",\"url\":\"https:\/\/radiolifefm.com.br\/noticias\/\",\"name\":\"R\u00e1dio Life FM\",\"description\":\"O Portal de Not\u00edcias de Adamantina\",\"publisher\":{\"@id\":\"https:\/\/radiolifefm.com.br\/noticias\/#organization\"},\"alternateName\":\"Life FM\",\"potentialAction\":[{\"@type\":\"SearchAction\",\"target\":{\"@type\":\"EntryPoint\",\"urlTemplate\":\"https:\/\/radiolifefm.com.br\/noticias\/?s={search_term_string}\"},\"query-input\":{\"@type\":\"PropertyValueSpecification\",\"valueRequired\":true,\"valueName\":\"search_term_string\"}}],\"inLanguage\":\"pt-BR\"},{\"@type\":\"Organization\",\"@id\":\"https:\/\/radiolifefm.com.br\/noticias\/#organization\",\"name\":\"R\u00e1dio Life FM\",\"alternateName\":\"Life FM\",\"url\":\"https:\/\/radiolifefm.com.br\/noticias\/\",\"logo\":{\"@type\":\"ImageObject\",\"inLanguage\":\"pt-BR\",\"@id\":\"https:\/\/radiolifefm.com.br\/noticias\/#\/schema\/logo\/image\/\",\"url\":\"https:\/\/static.radiolifefm.com.br\/noticias\/wp-content\/uploads\/2019\/10\/logo-lifefm.png\",\"contentUrl\":\"https:\/\/static.radiolifefm.com.br\/noticias\/wp-content\/uploads\/2019\/10\/logo-lifefm.png\",\"width\":196,\"height\":47,\"caption\":\"R\u00e1dio Life FM\"},\"image\":{\"@id\":\"https:\/\/radiolifefm.com.br\/noticias\/#\/schema\/logo\/image\/\"},\"sameAs\":[\"https:\/\/www.facebook.com\/radiolifefm\/\",\"https:\/\/www.instagram.com\/life1079fm\/\"]},{\"@type\":\"Person\",\"@id\":\"https:\/\/radiolifefm.com.br\/noticias\/#\/schema\/person\/6339b9fac59d12b071dec680d7375d87\",\"name\":\"ritanery\",\"image\":{\"@type\":\"ImageObject\",\"inLanguage\":\"pt-BR\",\"@id\":\"https:\/\/secure.gravatar.com\/avatar\/0e37bb19071f47c0b8a23f62a903df117c5a0e75f65a0c2901562f97cd41cf86?s=96&d=mm&r=g\",\"url\":\"https:\/\/secure.gravatar.com\/avatar\/0e37bb19071f47c0b8a23f62a903df117c5a0e75f65a0c2901562f97cd41cf86?s=96&d=mm&r=g\",\"contentUrl\":\"https:\/\/secure.gravatar.com\/avatar\/0e37bb19071f47c0b8a23f62a903df117c5a0e75f65a0c2901562f97cd41cf86?s=96&d=mm&r=g\",\"caption\":\"ritanery\"}}]}<\/script>\n<!-- \/ Yoast SEO plugin. -->","yoast_head_json":{"title":"Fundo Social de Solidariedade de Adamantina entrega 355 cobertores - R\u00e1dio Life FM","robots":{"index":"index","follow":"follow","max-snippet":"max-snippet:-1","max-image-preview":"max-image-preview:large","max-video-preview":"max-video-preview:-1"},"canonical":"https:\/\/radiolifefm.com.br\/noticias\/fundo-social-de-solidariedade-de-adamantina-entrega-355-cobertores\/","og_locale":"pt_BR","og_type":"article","og_title":"Fundo Social de Solidariedade de Adamantina entrega 355 cobertores - R\u00e1dio Life FM","og_description":"A Prefeitura de Adamantina, por meio do Fundo Social de Solidariedade entregou 355 cobertores para serem repassados para as fam\u00edlias atendidas por 13 entidades assistenciais do munic\u00edpio. Foram investidos R$10.117,50 para a aquisi\u00e7\u00e3o dos itens. &nbsp; As entidades que receberam os cobertores foram: P\u00e3o de Santo Ant\u00f4nio, Roupeiro Santa Rita, APAE, Lar dos Velhos, Lar [&hellip;]","og_url":"https:\/\/radiolifefm.com.br\/noticias\/fundo-social-de-solidariedade-de-adamantina-entrega-355-cobertores\/","og_site_name":"R\u00e1dio Life FM","article_publisher":"https:\/\/www.facebook.com\/radiolifefm\/","article_published_time":"2021-07-30T19:22:43+00:00","article_modified_time":"2026-04-04T22:08:41+00:00","og_image":[{"width":1032,"height":581,"url":"https:\/\/radiolifefm.com.br\/noticias\/wp-content\/uploads\/2021\/07\/Foto-10.jpeg","type":"image\/jpeg"}],"author":"ritanery","twitter_card":"summary_large_image","twitter_misc":{"Escrito por":"ritanery","Est. tempo de leitura":"1 minuto"},"schema":{"@context":"https:\/\/schema.org","@graph":[{"@type":"Article","@id":"https:\/\/radiolifefm.com.br\/noticias\/fundo-social-de-solidariedade-de-adamantina-entrega-355-cobertores\/#article","isPartOf":{"@id":"https:\/\/radiolifefm.com.br\/noticias\/fundo-social-de-solidariedade-de-adamantina-entrega-355-cobertores\/"},"author":{"name":"ritanery","@id":"https:\/\/radiolifefm.com.br\/noticias\/#\/schema\/person\/6339b9fac59d12b071dec680d7375d87"},"headline":"Fundo Social de Solidariedade de Adamantina entrega 355 cobertores","datePublished":"2021-07-30T19:22:43+00:00","dateModified":"2026-04-04T22:08:41+00:00","mainEntityOfPage":{"@id":"https:\/\/radiolifefm.com.br\/noticias\/fundo-social-de-solidariedade-de-adamantina-entrega-355-cobertores\/"},"wordCount":173,"publisher":{"@id":"https:\/\/radiolifefm.com.br\/noticias\/#organization"},"image":{"@id":"https:\/\/radiolifefm.com.br\/noticias\/fundo-social-de-solidariedade-de-adamantina-entrega-355-cobertores\/#primaryimage"},"thumbnailUrl":"https:\/\/radiolifefm.com.br\/noticias\/wp-content\/uploads\/2021\/07\/Foto-10.jpeg","articleSection":["Adamantina"],"inLanguage":"pt-BR"},{"@type":"WebPage","@id":"https:\/\/radiolifefm.com.br\/noticias\/fundo-social-de-solidariedade-de-adamantina-entrega-355-cobertores\/","url":"https:\/\/radiolifefm.com.br\/noticias\/fundo-social-de-solidariedade-de-adamantina-entrega-355-cobertores\/","name":"Fundo Social de Solidariedade de Adamantina entrega 355 cobertores - R\u00e1dio Life FM","isPartOf":{"@id":"https:\/\/radiolifefm.com.br\/noticias\/#website"},"primaryImageOfPage":{"@id":"https:\/\/radiolifefm.com.br\/noticias\/fundo-social-de-solidariedade-de-adamantina-entrega-355-cobertores\/#primaryimage"},"image":{"@id":"https:\/\/radiolifefm.com.br\/noticias\/fundo-social-de-solidariedade-de-adamantina-entrega-355-cobertores\/#primaryimage"},"thumbnailUrl":"https:\/\/radiolifefm.com.br\/noticias\/wp-content\/uploads\/2021\/07\/Foto-10.jpeg","datePublished":"2021-07-30T19:22:43+00:00","dateModified":"2026-04-04T22:08:41+00:00","breadcrumb":{"@id":"https:\/\/radiolifefm.com.br\/noticias\/fundo-social-de-solidariedade-de-adamantina-entrega-355-cobertores\/#breadcrumb"},"inLanguage":"pt-BR","potentialAction":[{"@type":"ReadAction","target":["https:\/\/radiolifefm.com.br\/noticias\/fundo-social-de-solidariedade-de-adamantina-entrega-355-cobertores\/"]}]},{"@type":"ImageObject","inLanguage":"pt-BR","@id":"https:\/\/radiolifefm.com.br\/noticias\/fundo-social-de-solidariedade-de-adamantina-entrega-355-cobertores\/#primaryimage","url":"https:\/\/radiolifefm.com.br\/noticias\/wp-content\/uploads\/2021\/07\/Foto-10.jpeg","contentUrl":"https:\/\/radiolifefm.com.br\/noticias\/wp-content\/uploads\/2021\/07\/Foto-10.jpeg","width":1032,"height":581},{"@type":"BreadcrumbList","@id":"https:\/\/radiolifefm.com.br\/noticias\/fundo-social-de-solidariedade-de-adamantina-entrega-355-cobertores\/#breadcrumb","itemListElement":[{"@type":"ListItem","position":1,"name":"In\u00edcio","item":"https:\/\/radiolifefm.com.br\/noticias\/"},{"@type":"ListItem","position":2,"name":"Fundo Social de Solidariedade de Adamantina entrega 355 cobertores"}]},{"@type":"WebSite","@id":"https:\/\/radiolifefm.com.br\/noticias\/#website","url":"https:\/\/radiolifefm.com.br\/noticias\/","name":"R\u00e1dio Life FM","description":"O Portal de Not\u00edcias de Adamantina","publisher":{"@id":"https:\/\/radiolifefm.com.br\/noticias\/#organization"},"alternateName":"Life FM","potentialAction":[{"@type":"SearchAction","target":{"@type":"EntryPoint","urlTemplate":"https:\/\/radiolifefm.com.br\/noticias\/?s={search_term_string}"},"query-input":{"@type":"PropertyValueSpecification","valueRequired":true,"valueName":"search_term_string"}}],"inLanguage":"pt-BR"},{"@type":"Organization","@id":"https:\/\/radiolifefm.com.br\/noticias\/#organization","name":"R\u00e1dio Life FM","alternateName":"Life FM","url":"https:\/\/radiolifefm.com.br\/noticias\/","logo":{"@type":"ImageObject","inLanguage":"pt-BR","@id":"https:\/\/radiolifefm.com.br\/noticias\/#\/schema\/logo\/image\/","url":"https:\/\/static.radiolifefm.com.br\/noticias\/wp-content\/uploads\/2019\/10\/logo-lifefm.png","contentUrl":"https:\/\/static.radiolifefm.com.br\/noticias\/wp-content\/uploads\/2019\/10\/logo-lifefm.png","width":196,"height":47,"caption":"R\u00e1dio Life FM"},"image":{"@id":"https:\/\/radiolifefm.com.br\/noticias\/#\/schema\/logo\/image\/"},"sameAs":["https:\/\/www.facebook.com\/radiolifefm\/","https:\/\/www.instagram.com\/life1079fm\/"]},{"@type":"Person","@id":"https:\/\/radiolifefm.com.br\/noticias\/#\/schema\/person\/6339b9fac59d12b071dec680d7375d87","name":"ritanery","image":{"@type":"ImageObject","inLanguage":"pt-BR","@id":"https:\/\/secure.gravatar.com\/avatar\/0e37bb19071f47c0b8a23f62a903df117c5a0e75f65a0c2901562f97cd41cf86?s=96&d=mm&r=g","url":"https:\/\/secure.gravatar.com\/avatar\/0e37bb19071f47c0b8a23f62a903df117c5a0e75f65a0c2901562f97cd41cf86?s=96&d=mm&r=g","contentUrl":"https:\/\/secure.gravatar.com\/avatar\/0e37bb19071f47c0b8a23f62a903df117c5a0e75f65a0c2901562f97cd41cf86?s=96&d=mm&r=g","caption":"ritanery"}}]}},"amp_enabled":true,"_links":{"self":[{"href":"https:\/\/radiolifefm.com.br\/noticias\/wp-json\/wp\/v2\/posts\/41225","targetHints":{"allow":["GET"]}}],"collection":[{"href":"https:\/\/radiolifefm.com.br\/noticias\/wp-json\/wp\/v2\/posts"}],"about":[{"href":"https:\/\/radiolifefm.com.br\/noticias\/wp-json\/wp\/v2\/types\/post"}],"author":[{"embeddable":true,"href":"https:\/\/radiolifefm.com.br\/noticias\/wp-json\/wp\/v2\/users\/13"}],"replies":[{"embeddable":true,"href":"https:\/\/radiolifefm.com.br\/noticias\/wp-json\/wp\/v2\/comments?post=41225"}],"version-history":[{"count":1,"href":"https:\/\/radiolifefm.com.br\/noticias\/wp-json\/wp\/v2\/posts\/41225\/revisions"}],"predecessor-version":[{"id":41227,"href":"https:\/\/radiolifefm.com.br\/noticias\/wp-json\/wp\/v2\/posts\/41225\/revisions\/41227"}],"wp:featuredmedia":[{"embeddable":true,"href":"https:\/\/radiolifefm.com.br\/noticias\/wp-json\/wp\/v2\/media\/41226"}],"wp:attachment":[{"href":"https:\/\/radiolifefm.com.br\/noticias\/wp-json\/wp\/v2\/media?parent=41225"}],"wp:term":[{"taxonomy":"category","embeddable":true,"href":"https:\/\/radiolifefm.com.br\/noticias\/wp-json\/wp\/v2\/categories?post=41225"},{"taxonomy":"post_tag","embeddable":true,"href":"https:\/\/radiolifefm.com.br\/noticias\/wp-json\/wp\/v2\/tags?post=41225"}],"curies":[{"name":"wp","href":"https:\/\/api.w.org\/{rel}","templated":true}]}}