{"id":41133,"date":"2021-07-28T23:14:04","date_gmt":"2021-07-29T02:14:04","guid":{"rendered":"https:\/\/radiolifefm.com.br\/noticias\/?p=41133"},"modified":"2026-04-04T17:02:50","modified_gmt":"2026-04-04T20:02:50","slug":"comitiva-de-adamantina-conhece-museu-e-centro-cultural-na-cidade-de-bastos","status":"publish","type":"post","link":"https:\/\/radiolifefm.com.br\/noticias\/comitiva-de-adamantina-conhece-museu-e-centro-cultural-na-cidade-de-bastos\/","title":{"rendered":"Comitiva de Adamantina conhece museu e centro cultural na cidade de Bastos"},"content":{"rendered":"<div id=\"fb-root\"><\/div>\n<p>Com o objetivo de conhecer o museu e o centro cultural que existe na cidade de Bastos, uma comitiva formada pela vice-prefeita Dinha Gil, pelo presidente da C\u00e2mara Paulo Cervelheira, a vereadora Noriko Saito e o diretor da Acrea Noboru Namba, al\u00e9m de representantes da Secretaria de Cultura e Turismo, S\u00e9rgio Vanderlei, Jo\u00e3o Passarinho, Marcos Rodolfo e Cl\u00f3vis Donizete, foram recebidos pelo prefeito de Bastos, Manoel Rosa e assessores.<\/p>\n<p>&nbsp;<\/p>\n<p>Na oportunidade da visita, os membros da comitiva adamantinense puderam ouvir as experi\u00eancias e os relatos sobre a cria\u00e7\u00e3o e a forma\u00e7\u00e3o do museu bem como do centro cultural que existe na cidade.<\/p>\n<p>&nbsp;<\/p>\n<p>Para o secret\u00e1rio de Cultura e Turismo de Adamantina, a visita foi oportuna, pois trouxe conhecimentos e subs\u00eddios para a forma\u00e7\u00e3o do museu de Adamantina.<\/p>\n<p>&nbsp;<\/p>\n<p>&#8220;Fomos muito bem recebidos e al\u00e9m de conhecer de perto um dos principais museus da regi\u00e3o, estreitamos relacionamento para a discuss\u00e3o da cultura e do turismo em n\u00edvel regional&#8221;, afirma.<\/p>\n<p>&nbsp;<\/p>\n<p><strong>Relembre<\/strong><\/p>\n<p>Em fevereiro,\u00a0a Prefeitura de Adamantina, por meio da Secretaria de Cultura e Turismo, anunciou que a Associa\u00e7\u00e3o de Cultura e Recrea\u00e7\u00e3o de Adamantina (ACREA) passou o im\u00f3vel onde foi a sede da Igreja Budista de Adamantina para o munic\u00edpio. No local, funcionar\u00e1 o Museu Hist\u00f3rico.<\/p>\n<p>&nbsp;<\/p>\n<p>O pr\u00e9dio, em desuso, est\u00e1 localizado na Alameda Ity Endo, 70, Vila Endo, pr\u00f3ximo ao Parque dos Pioneiros.<\/p>\n<p>&nbsp;<\/p>\n<p>As tratativas come\u00e7aram no in\u00edcio de janeiro com o secret\u00e1rio de cultura e turismo de Adamantina, S\u00e9rgio Vanderlei, e a vereadora e presidente da ACREA, Noriko Saito.<\/p>\n<p>&nbsp;<\/p>\n<p>Antiga reivindica\u00e7\u00e3o da comunidade de Adamantina, principalmente dos pioneiros, um museu se faz necess\u00e1rio para a preserva\u00e7\u00e3o da hist\u00f3ria do munic\u00edpio. Na sede da Biblioteca P\u00fablica encontram-se in\u00fameros documentos, fotos, m\u00f3veis, pe\u00e7as hist\u00f3ricas, guardadas em caixas e sem acesso ao p\u00fablico.<\/p>\n<p>&nbsp;<\/p>\n<p>Fonte: Assessoria de Imprensa<\/p>\n","protected":false},"excerpt":{"rendered":"<p>Com o objetivo de conhecer o museu e o centro cultural que existe na cidade de Bastos, uma comitiva formada pela vice-prefeita Dinha Gil, pelo presidente da C\u00e2mara Paulo Cervelheira, a vereadora Noriko Saito e o diretor da Acrea Noboru Namba, al\u00e9m de representantes da Secretaria de Cultura e Turismo, S\u00e9rgio Vanderlei, Jo\u00e3o Passarinho, Marcos [&hellip;]<\/p>\n","protected":false},"author":13,"featured_media":41134,"comment_status":"closed","ping_status":"open","sticky":false,"template":"","format":"standard","meta":{"_acf_changed":false,"_exactmetrics_skip_tracking":false,"_exactmetrics_sitenote_active":false,"_exactmetrics_sitenote_note":"","_exactmetrics_sitenote_category":0,"footnotes":""},"categories":[21],"tags":[],"class_list":["post-41133","post","type-post","status-publish","format-standard","has-post-thumbnail","hentry","category-adamantina"],"acf":[],"yoast_head":"<!-- This site is optimized with the Yoast SEO plugin v27.2 - https:\/\/yoast.com\/product\/yoast-seo-wordpress\/ -->\n<title>Comitiva de Adamantina conhece museu e centro cultural na cidade de Bastos - R\u00e1dio Life FM<\/title>\n<meta name=\"robots\" content=\"index, follow, max-snippet:-1, max-image-preview:large, max-video-preview:-1\" \/>\n<link rel=\"canonical\" href=\"https:\/\/radiolifefm.com.br\/noticias\/comitiva-de-adamantina-conhece-museu-e-centro-cultural-na-cidade-de-bastos\/\" \/>\n<meta property=\"og:locale\" content=\"pt_BR\" \/>\n<meta property=\"og:type\" content=\"article\" \/>\n<meta property=\"og:title\" content=\"Comitiva de Adamantina conhece museu e centro cultural na cidade de Bastos - R\u00e1dio Life FM\" \/>\n<meta property=\"og:description\" content=\"Com o objetivo de conhecer o museu e o centro cultural que existe na cidade de Bastos, uma comitiva formada pela vice-prefeita Dinha Gil, pelo presidente da C\u00e2mara Paulo Cervelheira, a vereadora Noriko Saito e o diretor da Acrea Noboru Namba, al\u00e9m de representantes da Secretaria de Cultura e Turismo, S\u00e9rgio Vanderlei, Jo\u00e3o Passarinho, Marcos [&hellip;]\" \/>\n<meta property=\"og:url\" content=\"https:\/\/radiolifefm.com.br\/noticias\/comitiva-de-adamantina-conhece-museu-e-centro-cultural-na-cidade-de-bastos\/\" \/>\n<meta property=\"og:site_name\" content=\"R\u00e1dio Life FM\" \/>\n<meta property=\"article:publisher\" content=\"https:\/\/www.facebook.com\/radiolifefm\/\" \/>\n<meta property=\"article:published_time\" content=\"2021-07-29T02:14:04+00:00\" \/>\n<meta property=\"article:modified_time\" content=\"2026-04-04T20:02:50+00:00\" \/>\n<meta property=\"og:image\" content=\"https:\/\/radiolifefm.com.br\/noticias\/wp-content\/uploads\/2021\/07\/foto-1-4.jpeg\" \/>\n\t<meta property=\"og:image:width\" content=\"1218\" \/>\n\t<meta property=\"og:image:height\" content=\"697\" \/>\n\t<meta property=\"og:image:type\" content=\"image\/jpeg\" \/>\n<meta name=\"author\" content=\"ritanery\" \/>\n<meta name=\"twitter:card\" content=\"summary_large_image\" \/>\n<meta name=\"twitter:label1\" content=\"Escrito por\" \/>\n\t<meta name=\"twitter:data1\" content=\"ritanery\" \/>\n\t<meta name=\"twitter:label2\" content=\"Est. tempo de leitura\" \/>\n\t<meta name=\"twitter:data2\" content=\"2 minutos\" \/>\n<script type=\"application\/ld+json\" class=\"yoast-schema-graph\">{\"@context\":\"https:\/\/schema.org\",\"@graph\":[{\"@type\":\"Article\",\"@id\":\"https:\/\/radiolifefm.com.br\/noticias\/comitiva-de-adamantina-conhece-museu-e-centro-cultural-na-cidade-de-bastos\/#article\",\"isPartOf\":{\"@id\":\"https:\/\/radiolifefm.com.br\/noticias\/comitiva-de-adamantina-conhece-museu-e-centro-cultural-na-cidade-de-bastos\/\"},\"author\":{\"name\":\"ritanery\",\"@id\":\"https:\/\/radiolifefm.com.br\/noticias\/#\/schema\/person\/6339b9fac59d12b071dec680d7375d87\"},\"headline\":\"Comitiva de Adamantina conhece museu e centro cultural na cidade de Bastos\",\"datePublished\":\"2021-07-29T02:14:04+00:00\",\"dateModified\":\"2026-04-04T20:02:50+00:00\",\"mainEntityOfPage\":{\"@id\":\"https:\/\/radiolifefm.com.br\/noticias\/comitiva-de-adamantina-conhece-museu-e-centro-cultural-na-cidade-de-bastos\/\"},\"wordCount\":350,\"publisher\":{\"@id\":\"https:\/\/radiolifefm.com.br\/noticias\/#organization\"},\"image\":{\"@id\":\"https:\/\/radiolifefm.com.br\/noticias\/comitiva-de-adamantina-conhece-museu-e-centro-cultural-na-cidade-de-bastos\/#primaryimage\"},\"thumbnailUrl\":\"https:\/\/radiolifefm.com.br\/noticias\/wp-content\/uploads\/2021\/07\/foto-1-4.jpeg\",\"articleSection\":[\"Adamantina\"],\"inLanguage\":\"pt-BR\"},{\"@type\":\"WebPage\",\"@id\":\"https:\/\/radiolifefm.com.br\/noticias\/comitiva-de-adamantina-conhece-museu-e-centro-cultural-na-cidade-de-bastos\/\",\"url\":\"https:\/\/radiolifefm.com.br\/noticias\/comitiva-de-adamantina-conhece-museu-e-centro-cultural-na-cidade-de-bastos\/\",\"name\":\"Comitiva de Adamantina conhece museu e centro cultural na cidade de Bastos - R\u00e1dio Life FM\",\"isPartOf\":{\"@id\":\"https:\/\/radiolifefm.com.br\/noticias\/#website\"},\"primaryImageOfPage\":{\"@id\":\"https:\/\/radiolifefm.com.br\/noticias\/comitiva-de-adamantina-conhece-museu-e-centro-cultural-na-cidade-de-bastos\/#primaryimage\"},\"image\":{\"@id\":\"https:\/\/radiolifefm.com.br\/noticias\/comitiva-de-adamantina-conhece-museu-e-centro-cultural-na-cidade-de-bastos\/#primaryimage\"},\"thumbnailUrl\":\"https:\/\/radiolifefm.com.br\/noticias\/wp-content\/uploads\/2021\/07\/foto-1-4.jpeg\",\"datePublished\":\"2021-07-29T02:14:04+00:00\",\"dateModified\":\"2026-04-04T20:02:50+00:00\",\"breadcrumb\":{\"@id\":\"https:\/\/radiolifefm.com.br\/noticias\/comitiva-de-adamantina-conhece-museu-e-centro-cultural-na-cidade-de-bastos\/#breadcrumb\"},\"inLanguage\":\"pt-BR\",\"potentialAction\":[{\"@type\":\"ReadAction\",\"target\":[\"https:\/\/radiolifefm.com.br\/noticias\/comitiva-de-adamantina-conhece-museu-e-centro-cultural-na-cidade-de-bastos\/\"]}]},{\"@type\":\"ImageObject\",\"inLanguage\":\"pt-BR\",\"@id\":\"https:\/\/radiolifefm.com.br\/noticias\/comitiva-de-adamantina-conhece-museu-e-centro-cultural-na-cidade-de-bastos\/#primaryimage\",\"url\":\"https:\/\/radiolifefm.com.br\/noticias\/wp-content\/uploads\/2021\/07\/foto-1-4.jpeg\",\"contentUrl\":\"https:\/\/radiolifefm.com.br\/noticias\/wp-content\/uploads\/2021\/07\/foto-1-4.jpeg\",\"width\":1218,\"height\":697},{\"@type\":\"BreadcrumbList\",\"@id\":\"https:\/\/radiolifefm.com.br\/noticias\/comitiva-de-adamantina-conhece-museu-e-centro-cultural-na-cidade-de-bastos\/#breadcrumb\",\"itemListElement\":[{\"@type\":\"ListItem\",\"position\":1,\"name\":\"In\u00edcio\",\"item\":\"https:\/\/radiolifefm.com.br\/noticias\/\"},{\"@type\":\"ListItem\",\"position\":2,\"name\":\"Comitiva de Adamantina conhece museu e centro cultural na cidade de Bastos\"}]},{\"@type\":\"WebSite\",\"@id\":\"https:\/\/radiolifefm.com.br\/noticias\/#website\",\"url\":\"https:\/\/radiolifefm.com.br\/noticias\/\",\"name\":\"R\u00e1dio Life FM\",\"description\":\"O Portal de Not\u00edcias de Adamantina\",\"publisher\":{\"@id\":\"https:\/\/radiolifefm.com.br\/noticias\/#organization\"},\"alternateName\":\"Life FM\",\"potentialAction\":[{\"@type\":\"SearchAction\",\"target\":{\"@type\":\"EntryPoint\",\"urlTemplate\":\"https:\/\/radiolifefm.com.br\/noticias\/?s={search_term_string}\"},\"query-input\":{\"@type\":\"PropertyValueSpecification\",\"valueRequired\":true,\"valueName\":\"search_term_string\"}}],\"inLanguage\":\"pt-BR\"},{\"@type\":\"Organization\",\"@id\":\"https:\/\/radiolifefm.com.br\/noticias\/#organization\",\"name\":\"R\u00e1dio Life FM\",\"alternateName\":\"Life FM\",\"url\":\"https:\/\/radiolifefm.com.br\/noticias\/\",\"logo\":{\"@type\":\"ImageObject\",\"inLanguage\":\"pt-BR\",\"@id\":\"https:\/\/radiolifefm.com.br\/noticias\/#\/schema\/logo\/image\/\",\"url\":\"https:\/\/static.radiolifefm.com.br\/noticias\/wp-content\/uploads\/2019\/10\/logo-lifefm.png\",\"contentUrl\":\"https:\/\/static.radiolifefm.com.br\/noticias\/wp-content\/uploads\/2019\/10\/logo-lifefm.png\",\"width\":196,\"height\":47,\"caption\":\"R\u00e1dio Life FM\"},\"image\":{\"@id\":\"https:\/\/radiolifefm.com.br\/noticias\/#\/schema\/logo\/image\/\"},\"sameAs\":[\"https:\/\/www.facebook.com\/radiolifefm\/\",\"https:\/\/www.instagram.com\/life1079fm\/\"]},{\"@type\":\"Person\",\"@id\":\"https:\/\/radiolifefm.com.br\/noticias\/#\/schema\/person\/6339b9fac59d12b071dec680d7375d87\",\"name\":\"ritanery\",\"image\":{\"@type\":\"ImageObject\",\"inLanguage\":\"pt-BR\",\"@id\":\"https:\/\/secure.gravatar.com\/avatar\/0e37bb19071f47c0b8a23f62a903df117c5a0e75f65a0c2901562f97cd41cf86?s=96&d=mm&r=g\",\"url\":\"https:\/\/secure.gravatar.com\/avatar\/0e37bb19071f47c0b8a23f62a903df117c5a0e75f65a0c2901562f97cd41cf86?s=96&d=mm&r=g\",\"contentUrl\":\"https:\/\/secure.gravatar.com\/avatar\/0e37bb19071f47c0b8a23f62a903df117c5a0e75f65a0c2901562f97cd41cf86?s=96&d=mm&r=g\",\"caption\":\"ritanery\"}}]}<\/script>\n<!-- \/ Yoast SEO plugin. -->","yoast_head_json":{"title":"Comitiva de Adamantina conhece museu e centro cultural na cidade de Bastos - R\u00e1dio Life FM","robots":{"index":"index","follow":"follow","max-snippet":"max-snippet:-1","max-image-preview":"max-image-preview:large","max-video-preview":"max-video-preview:-1"},"canonical":"https:\/\/radiolifefm.com.br\/noticias\/comitiva-de-adamantina-conhece-museu-e-centro-cultural-na-cidade-de-bastos\/","og_locale":"pt_BR","og_type":"article","og_title":"Comitiva de Adamantina conhece museu e centro cultural na cidade de Bastos - R\u00e1dio Life FM","og_description":"Com o objetivo de conhecer o museu e o centro cultural que existe na cidade de Bastos, uma comitiva formada pela vice-prefeita Dinha Gil, pelo presidente da C\u00e2mara Paulo Cervelheira, a vereadora Noriko Saito e o diretor da Acrea Noboru Namba, al\u00e9m de representantes da Secretaria de Cultura e Turismo, S\u00e9rgio Vanderlei, Jo\u00e3o Passarinho, Marcos [&hellip;]","og_url":"https:\/\/radiolifefm.com.br\/noticias\/comitiva-de-adamantina-conhece-museu-e-centro-cultural-na-cidade-de-bastos\/","og_site_name":"R\u00e1dio Life FM","article_publisher":"https:\/\/www.facebook.com\/radiolifefm\/","article_published_time":"2021-07-29T02:14:04+00:00","article_modified_time":"2026-04-04T20:02:50+00:00","og_image":[{"width":1218,"height":697,"url":"https:\/\/radiolifefm.com.br\/noticias\/wp-content\/uploads\/2021\/07\/foto-1-4.jpeg","type":"image\/jpeg"}],"author":"ritanery","twitter_card":"summary_large_image","twitter_misc":{"Escrito por":"ritanery","Est. tempo de leitura":"2 minutos"},"schema":{"@context":"https:\/\/schema.org","@graph":[{"@type":"Article","@id":"https:\/\/radiolifefm.com.br\/noticias\/comitiva-de-adamantina-conhece-museu-e-centro-cultural-na-cidade-de-bastos\/#article","isPartOf":{"@id":"https:\/\/radiolifefm.com.br\/noticias\/comitiva-de-adamantina-conhece-museu-e-centro-cultural-na-cidade-de-bastos\/"},"author":{"name":"ritanery","@id":"https:\/\/radiolifefm.com.br\/noticias\/#\/schema\/person\/6339b9fac59d12b071dec680d7375d87"},"headline":"Comitiva de Adamantina conhece museu e centro cultural na cidade de Bastos","datePublished":"2021-07-29T02:14:04+00:00","dateModified":"2026-04-04T20:02:50+00:00","mainEntityOfPage":{"@id":"https:\/\/radiolifefm.com.br\/noticias\/comitiva-de-adamantina-conhece-museu-e-centro-cultural-na-cidade-de-bastos\/"},"wordCount":350,"publisher":{"@id":"https:\/\/radiolifefm.com.br\/noticias\/#organization"},"image":{"@id":"https:\/\/radiolifefm.com.br\/noticias\/comitiva-de-adamantina-conhece-museu-e-centro-cultural-na-cidade-de-bastos\/#primaryimage"},"thumbnailUrl":"https:\/\/radiolifefm.com.br\/noticias\/wp-content\/uploads\/2021\/07\/foto-1-4.jpeg","articleSection":["Adamantina"],"inLanguage":"pt-BR"},{"@type":"WebPage","@id":"https:\/\/radiolifefm.com.br\/noticias\/comitiva-de-adamantina-conhece-museu-e-centro-cultural-na-cidade-de-bastos\/","url":"https:\/\/radiolifefm.com.br\/noticias\/comitiva-de-adamantina-conhece-museu-e-centro-cultural-na-cidade-de-bastos\/","name":"Comitiva de Adamantina conhece museu e centro cultural na cidade de Bastos - R\u00e1dio Life FM","isPartOf":{"@id":"https:\/\/radiolifefm.com.br\/noticias\/#website"},"primaryImageOfPage":{"@id":"https:\/\/radiolifefm.com.br\/noticias\/comitiva-de-adamantina-conhece-museu-e-centro-cultural-na-cidade-de-bastos\/#primaryimage"},"image":{"@id":"https:\/\/radiolifefm.com.br\/noticias\/comitiva-de-adamantina-conhece-museu-e-centro-cultural-na-cidade-de-bastos\/#primaryimage"},"thumbnailUrl":"https:\/\/radiolifefm.com.br\/noticias\/wp-content\/uploads\/2021\/07\/foto-1-4.jpeg","datePublished":"2021-07-29T02:14:04+00:00","dateModified":"2026-04-04T20:02:50+00:00","breadcrumb":{"@id":"https:\/\/radiolifefm.com.br\/noticias\/comitiva-de-adamantina-conhece-museu-e-centro-cultural-na-cidade-de-bastos\/#breadcrumb"},"inLanguage":"pt-BR","potentialAction":[{"@type":"ReadAction","target":["https:\/\/radiolifefm.com.br\/noticias\/comitiva-de-adamantina-conhece-museu-e-centro-cultural-na-cidade-de-bastos\/"]}]},{"@type":"ImageObject","inLanguage":"pt-BR","@id":"https:\/\/radiolifefm.com.br\/noticias\/comitiva-de-adamantina-conhece-museu-e-centro-cultural-na-cidade-de-bastos\/#primaryimage","url":"https:\/\/radiolifefm.com.br\/noticias\/wp-content\/uploads\/2021\/07\/foto-1-4.jpeg","contentUrl":"https:\/\/radiolifefm.com.br\/noticias\/wp-content\/uploads\/2021\/07\/foto-1-4.jpeg","width":1218,"height":697},{"@type":"BreadcrumbList","@id":"https:\/\/radiolifefm.com.br\/noticias\/comitiva-de-adamantina-conhece-museu-e-centro-cultural-na-cidade-de-bastos\/#breadcrumb","itemListElement":[{"@type":"ListItem","position":1,"name":"In\u00edcio","item":"https:\/\/radiolifefm.com.br\/noticias\/"},{"@type":"ListItem","position":2,"name":"Comitiva de Adamantina conhece museu e centro cultural na cidade de Bastos"}]},{"@type":"WebSite","@id":"https:\/\/radiolifefm.com.br\/noticias\/#website","url":"https:\/\/radiolifefm.com.br\/noticias\/","name":"R\u00e1dio Life FM","description":"O Portal de Not\u00edcias de Adamantina","publisher":{"@id":"https:\/\/radiolifefm.com.br\/noticias\/#organization"},"alternateName":"Life FM","potentialAction":[{"@type":"SearchAction","target":{"@type":"EntryPoint","urlTemplate":"https:\/\/radiolifefm.com.br\/noticias\/?s={search_term_string}"},"query-input":{"@type":"PropertyValueSpecification","valueRequired":true,"valueName":"search_term_string"}}],"inLanguage":"pt-BR"},{"@type":"Organization","@id":"https:\/\/radiolifefm.com.br\/noticias\/#organization","name":"R\u00e1dio Life FM","alternateName":"Life FM","url":"https:\/\/radiolifefm.com.br\/noticias\/","logo":{"@type":"ImageObject","inLanguage":"pt-BR","@id":"https:\/\/radiolifefm.com.br\/noticias\/#\/schema\/logo\/image\/","url":"https:\/\/static.radiolifefm.com.br\/noticias\/wp-content\/uploads\/2019\/10\/logo-lifefm.png","contentUrl":"https:\/\/static.radiolifefm.com.br\/noticias\/wp-content\/uploads\/2019\/10\/logo-lifefm.png","width":196,"height":47,"caption":"R\u00e1dio Life FM"},"image":{"@id":"https:\/\/radiolifefm.com.br\/noticias\/#\/schema\/logo\/image\/"},"sameAs":["https:\/\/www.facebook.com\/radiolifefm\/","https:\/\/www.instagram.com\/life1079fm\/"]},{"@type":"Person","@id":"https:\/\/radiolifefm.com.br\/noticias\/#\/schema\/person\/6339b9fac59d12b071dec680d7375d87","name":"ritanery","image":{"@type":"ImageObject","inLanguage":"pt-BR","@id":"https:\/\/secure.gravatar.com\/avatar\/0e37bb19071f47c0b8a23f62a903df117c5a0e75f65a0c2901562f97cd41cf86?s=96&d=mm&r=g","url":"https:\/\/secure.gravatar.com\/avatar\/0e37bb19071f47c0b8a23f62a903df117c5a0e75f65a0c2901562f97cd41cf86?s=96&d=mm&r=g","contentUrl":"https:\/\/secure.gravatar.com\/avatar\/0e37bb19071f47c0b8a23f62a903df117c5a0e75f65a0c2901562f97cd41cf86?s=96&d=mm&r=g","caption":"ritanery"}}]}},"amp_enabled":true,"_links":{"self":[{"href":"https:\/\/radiolifefm.com.br\/noticias\/wp-json\/wp\/v2\/posts\/41133","targetHints":{"allow":["GET"]}}],"collection":[{"href":"https:\/\/radiolifefm.com.br\/noticias\/wp-json\/wp\/v2\/posts"}],"about":[{"href":"https:\/\/radiolifefm.com.br\/noticias\/wp-json\/wp\/v2\/types\/post"}],"author":[{"embeddable":true,"href":"https:\/\/radiolifefm.com.br\/noticias\/wp-json\/wp\/v2\/users\/13"}],"replies":[{"embeddable":true,"href":"https:\/\/radiolifefm.com.br\/noticias\/wp-json\/wp\/v2\/comments?post=41133"}],"version-history":[{"count":1,"href":"https:\/\/radiolifefm.com.br\/noticias\/wp-json\/wp\/v2\/posts\/41133\/revisions"}],"predecessor-version":[{"id":41135,"href":"https:\/\/radiolifefm.com.br\/noticias\/wp-json\/wp\/v2\/posts\/41133\/revisions\/41135"}],"wp:featuredmedia":[{"embeddable":true,"href":"https:\/\/radiolifefm.com.br\/noticias\/wp-json\/wp\/v2\/media\/41134"}],"wp:attachment":[{"href":"https:\/\/radiolifefm.com.br\/noticias\/wp-json\/wp\/v2\/media?parent=41133"}],"wp:term":[{"taxonomy":"category","embeddable":true,"href":"https:\/\/radiolifefm.com.br\/noticias\/wp-json\/wp\/v2\/categories?post=41133"},{"taxonomy":"post_tag","embeddable":true,"href":"https:\/\/radiolifefm.com.br\/noticias\/wp-json\/wp\/v2\/tags?post=41133"}],"curies":[{"name":"wp","href":"https:\/\/api.w.org\/{rel}","templated":true}]}}