{"id":41112,"date":"2021-07-28T23:01:47","date_gmt":"2021-07-29T02:01:47","guid":{"rendered":"https:\/\/radiolifefm.com.br\/noticias\/?p=41112"},"modified":"2026-02-14T20:20:45","modified_gmt":"2026-02-14T23:20:45","slug":"lancamento-da-forca-tarefa-de-fiscalizacao-e-realizada-pelo-crea-sp-em-adamantina-e-regiao","status":"publish","type":"post","link":"https:\/\/radiolifefm.com.br\/noticias\/lancamento-da-forca-tarefa-de-fiscalizacao-e-realizada-pelo-crea-sp-em-adamantina-e-regiao\/","title":{"rendered":"Lan\u00e7amento da For\u00e7a Tarefa de fiscaliza\u00e7\u00e3o \u00e9 realizada pelo CREA-SP em Adamantina e Regi\u00e3o"},"content":{"rendered":"<div id=\"fb-root\"><\/div>\n<p>A for\u00e7a-tarefa de fiscaliza\u00e7\u00e3o em Adamantina e regi\u00e3o foi o tema do encontro realizado no audit\u00f3rio do Crea-SP (Conselho Regional de engenheiros e agronomia).<\/p>\n<p>&nbsp;<\/p>\n<p>Com a presen\u00e7a do presidente do Crea \u2013 SP o Engenheiro Vinicius Marchese, v\u00e1rias autoridades de Adamantina, o prefeito M\u00e1rcio Cardim, o presidente da C\u00e2mara dos\u00a0 Vereadores Paulo Cervelheira, Andr\u00e9 Lu\u00eds Borrasca presidente da AEAANAP, Jos\u00e9 Paulo Sales gerente regional, Lucas Tiveron Rodrigues chefe da UGI Adamantina, o advogado H\u00e9lio Malheiros Junior representante da OAB Adamantina.<\/p>\n<p>&nbsp;<\/p>\n<p>O CREA-SP tem apostado em for\u00e7as-tarefas de fiscaliza\u00e7\u00e3o. Esse modelo concentra e direciona os esfor\u00e7os das equipes para uma regi\u00e3o ou atividade espec\u00edfica e isso tem colaborado para aumentar o n\u00famero de a\u00e7\u00f5es.<\/p>\n<p>&nbsp;<\/p>\n<p>Em entrevista \u00e0 Radio Life FM o presidente Vinicius Marchese destaca que a fiscaliza\u00e7\u00e3o tem objetivo de prevenir acidentes e preservar vidas.<\/p>\n<p>&nbsp;<\/p>\n<p>Os agentes fiscalizadores est\u00e3o devidamente preparados para detectar e orientar profissionais nas obras de pequeno, m\u00e9dio e grande porte. A miss\u00e3o \u00e9 desafiadora.<\/p>\n<p>O Crea \u2013 SP cria novos canais de atendimento a partir do dia 26 de julho, ser\u00e1 ampliado para proporcionar mais agilidade e efici\u00eancia para o p\u00fablico.<\/p>\n<p>&nbsp;<\/p>\n<p>O hor\u00e1rio de atendimento passa a ser de segunda a sexta, das 7h \u00e0s 21h, e aos s\u00e1bados, das 7h \u00e0s 13h.<\/p>\n<p>&nbsp;<\/p>\n<p>Al\u00e9m do contato por e-mail, 0800 e chat no site, o atendimento ganhou mais um n\u00famero. Agora, os contatos s\u00e3o: 0800 017 1811 e 0800 770 27 32.<\/p>\n<p>&nbsp;<\/p>\n<p>E-mail: <a href=\"mailto:faleconosco@creasp.org.br\">faleconosco@creasp.org.br<\/a><\/p>\n<p>&nbsp;<\/p>\n<p>Retomada de eventos de forma consciente.<\/p>\n<p>&nbsp;<\/p>\n<p>O evento marcou uma retomada de reuni\u00f5es de forma consciente utilizando todos os protocolos de seguran\u00e7a exigido pela OMS (Organiza\u00e7\u00e3o Mundial da Sa\u00fade).<\/p>\n<p>&nbsp;<\/p>\n<p>O clima de otimismo estava em todo ambiente, pois o avan\u00e7o da vacina\u00e7\u00e3o, imunizando muitas pessoas possibilita a retomada de atividades de forma consciente e gradativa, fazendo a economia voltar a crescer.<\/p>\n<p>&nbsp;<\/p>\n<p>A exemplo essa reuni\u00e3o possibilitou a vinda de S\u00e3o Paulo do presidente Vinicius e sua equipe, foram hospedes nos hot\u00e9is de Adamantina, mais uma forma de movimentar a economia do setor.<\/p>\n<div class='flex flex-wrap items-center -mx-1'>\r\n<a class='thumbnail gallery p-1 w-1\/2 md:w-1\/4' href='https:\/\/radiolifefm.com.br\/noticias\/wp-content\/uploads\/2021\/07\/CREA-SP-ADT-1-of-3-scaled.jpg'><img class='border border-white' src='https:\/\/radiolifefm.com.br\/noticias\/wp-content\/uploads\/2021\/07\/CREA-SP-ADT-1-of-3-200x200.jpg' alt='CREA SP  ADT (1 Of 3)' \/><\/a><a class='thumbnail gallery p-1 w-1\/2 md:w-1\/4' href='https:\/\/radiolifefm.com.br\/noticias\/wp-content\/uploads\/2021\/07\/CREA-SP-ADT-2-of-12-scaled.jpg'><img class='border border-white' src='https:\/\/radiolifefm.com.br\/noticias\/wp-content\/uploads\/2021\/07\/CREA-SP-ADT-2-of-12-200x200.jpg' alt='CREA SP  ADT (2 Of 12)' \/><\/a><a class='thumbnail gallery p-1 w-1\/2 md:w-1\/4' href='https:\/\/radiolifefm.com.br\/noticias\/wp-content\/uploads\/2021\/07\/CREA-SP-ADT-3-of-3-scaled.jpg'><img class='border border-white' src='https:\/\/radiolifefm.com.br\/noticias\/wp-content\/uploads\/2021\/07\/CREA-SP-ADT-3-of-3-200x200.jpg' alt='CREA SP  ADT (3 Of 3)' \/><\/a><a class='thumbnail gallery p-1 w-1\/2 md:w-1\/4' href='https:\/\/radiolifefm.com.br\/noticias\/wp-content\/uploads\/2021\/07\/CREA-SP-ADT-3-of-12-scaled.jpg'><img class='border border-white' src='https:\/\/radiolifefm.com.br\/noticias\/wp-content\/uploads\/2021\/07\/CREA-SP-ADT-3-of-12-200x200.jpg' alt='CREA SP  ADT (3 Of 12)' \/><\/a><a class='thumbnail gallery p-1 w-1\/2 md:w-1\/4' href='https:\/\/radiolifefm.com.br\/noticias\/wp-content\/uploads\/2021\/07\/CREA-SP-ADT-4-of-12-scaled.jpg'><img class='border border-white' src='https:\/\/radiolifefm.com.br\/noticias\/wp-content\/uploads\/2021\/07\/CREA-SP-ADT-4-of-12-200x200.jpg' alt='CREA SP  ADT (4 Of 12)' \/><\/a><a class='thumbnail gallery p-1 w-1\/2 md:w-1\/4' href='https:\/\/radiolifefm.com.br\/noticias\/wp-content\/uploads\/2021\/07\/CREA-SP-ADT-5-of-12-scaled.jpg'><img class='border border-white' src='https:\/\/radiolifefm.com.br\/noticias\/wp-content\/uploads\/2021\/07\/CREA-SP-ADT-5-of-12-200x200.jpg' alt='CREA SP  ADT (5 Of 12)' \/><\/a><a class='thumbnail gallery p-1 w-1\/2 md:w-1\/4' href='https:\/\/radiolifefm.com.br\/noticias\/wp-content\/uploads\/2021\/07\/CREA-SP-ADT-6-of-12-scaled.jpg'><img class='border border-white' src='https:\/\/radiolifefm.com.br\/noticias\/wp-content\/uploads\/2021\/07\/CREA-SP-ADT-6-of-12-200x200.jpg' alt='CREA SP  ADT (6 Of 12)' \/><\/a><a class='thumbnail gallery p-1 w-1\/2 md:w-1\/4' href='https:\/\/radiolifefm.com.br\/noticias\/wp-content\/uploads\/2021\/07\/CREA-SP-ADT-7-of-12-scaled.jpg'><img class='border border-white' src='https:\/\/radiolifefm.com.br\/noticias\/wp-content\/uploads\/2021\/07\/CREA-SP-ADT-7-of-12-200x200.jpg' alt='CREA SP  ADT (7 Of 12)' \/><\/a><a class='thumbnail gallery p-1 w-1\/2 md:w-1\/4' href='https:\/\/radiolifefm.com.br\/noticias\/wp-content\/uploads\/2021\/07\/CREA-SP-ADT-8-of-12-scaled.jpg'><img class='border border-white' src='https:\/\/radiolifefm.com.br\/noticias\/wp-content\/uploads\/2021\/07\/CREA-SP-ADT-8-of-12-200x200.jpg' alt='CREA SP  ADT (8 Of 12)' \/><\/a><a class='thumbnail gallery p-1 w-1\/2 md:w-1\/4' href='https:\/\/radiolifefm.com.br\/noticias\/wp-content\/uploads\/2021\/07\/CREA-SP-ADT-9-of-12-scaled.jpg'><img class='border border-white' src='https:\/\/radiolifefm.com.br\/noticias\/wp-content\/uploads\/2021\/07\/CREA-SP-ADT-9-of-12-200x200.jpg' alt='CREA SP  ADT (9 Of 12)' \/><\/a><a class='thumbnail gallery p-1 w-1\/2 md:w-1\/4' href='https:\/\/radiolifefm.com.br\/noticias\/wp-content\/uploads\/2021\/07\/CREA-SP-ADT-12-of-12-scaled.jpg'><img class='border border-white' src='https:\/\/radiolifefm.com.br\/noticias\/wp-content\/uploads\/2021\/07\/CREA-SP-ADT-12-of-12-200x200.jpg' alt='CREA SP  ADT (12 Of 12)' \/><\/a><\/div>\n<p>Fonte: Reda\u00e7\u00e3o Radio Life Fm<\/p>\n<p>Fotos Maila Alves e Gustavo Castellon<\/p>\n","protected":false},"excerpt":{"rendered":"<p>A for\u00e7a-tarefa de fiscaliza\u00e7\u00e3o em Adamantina e regi\u00e3o foi o tema do encontro realizado no audit\u00f3rio do Crea-SP (Conselho Regional de engenheiros e agronomia). &nbsp; Com a presen\u00e7a do presidente do Crea \u2013 SP o Engenheiro Vinicius Marchese, v\u00e1rias autoridades de Adamantina, o prefeito M\u00e1rcio Cardim, o presidente da C\u00e2mara dos\u00a0 Vereadores Paulo Cervelheira, Andr\u00e9 [&hellip;]<\/p>\n","protected":false},"author":13,"featured_media":41113,"comment_status":"closed","ping_status":"open","sticky":false,"template":"","format":"standard","meta":{"_acf_changed":false,"_exactmetrics_skip_tracking":false,"_exactmetrics_sitenote_active":false,"_exactmetrics_sitenote_note":"","_exactmetrics_sitenote_category":0,"footnotes":""},"categories":[21],"tags":[],"class_list":["post-41112","post","type-post","status-publish","format-standard","has-post-thumbnail","hentry","category-adamantina"],"acf":[],"yoast_head":"<!-- This site is optimized with the Yoast SEO plugin v27.2 - https:\/\/yoast.com\/product\/yoast-seo-wordpress\/ -->\n<title>Lan\u00e7amento da For\u00e7a Tarefa de fiscaliza\u00e7\u00e3o \u00e9 realizada pelo CREA-SP em Adamantina e Regi\u00e3o - R\u00e1dio Life FM<\/title>\n<meta name=\"robots\" content=\"index, follow, max-snippet:-1, max-image-preview:large, max-video-preview:-1\" \/>\n<link rel=\"canonical\" href=\"https:\/\/radiolifefm.com.br\/noticias\/lancamento-da-forca-tarefa-de-fiscalizacao-e-realizada-pelo-crea-sp-em-adamantina-e-regiao\/\" \/>\n<meta property=\"og:locale\" content=\"pt_BR\" \/>\n<meta property=\"og:type\" content=\"article\" \/>\n<meta property=\"og:title\" content=\"Lan\u00e7amento da For\u00e7a Tarefa de fiscaliza\u00e7\u00e3o \u00e9 realizada pelo CREA-SP em Adamantina e Regi\u00e3o - R\u00e1dio Life FM\" \/>\n<meta property=\"og:description\" content=\"A for\u00e7a-tarefa de fiscaliza\u00e7\u00e3o em Adamantina e regi\u00e3o foi o tema do encontro realizado no audit\u00f3rio do Crea-SP (Conselho Regional de engenheiros e agronomia). &nbsp; Com a presen\u00e7a do presidente do Crea \u2013 SP o Engenheiro Vinicius Marchese, v\u00e1rias autoridades de Adamantina, o prefeito M\u00e1rcio Cardim, o presidente da C\u00e2mara dos\u00a0 Vereadores Paulo Cervelheira, Andr\u00e9 [&hellip;]\" \/>\n<meta property=\"og:url\" content=\"https:\/\/radiolifefm.com.br\/noticias\/lancamento-da-forca-tarefa-de-fiscalizacao-e-realizada-pelo-crea-sp-em-adamantina-e-regiao\/\" \/>\n<meta property=\"og:site_name\" content=\"R\u00e1dio Life FM\" \/>\n<meta property=\"article:publisher\" content=\"https:\/\/www.facebook.com\/radiolifefm\/\" \/>\n<meta property=\"article:published_time\" content=\"2021-07-29T02:01:47+00:00\" \/>\n<meta property=\"article:modified_time\" content=\"2026-02-14T23:20:45+00:00\" \/>\n<meta property=\"og:image\" content=\"https:\/\/radiolifefm.com.br\/noticias\/wp-content\/uploads\/2021\/07\/CREA-SP-ADT-1-of-12-scaled.jpg\" \/>\n\t<meta property=\"og:image:width\" content=\"2560\" \/>\n\t<meta property=\"og:image:height\" content=\"1707\" \/>\n\t<meta property=\"og:image:type\" content=\"image\/jpeg\" \/>\n<meta name=\"author\" content=\"ritanery\" \/>\n<meta name=\"twitter:card\" content=\"summary_large_image\" \/>\n<meta name=\"twitter:label1\" content=\"Escrito por\" \/>\n\t<meta name=\"twitter:data1\" content=\"ritanery\" \/>\n\t<meta name=\"twitter:label2\" content=\"Est. tempo de leitura\" \/>\n\t<meta name=\"twitter:data2\" content=\"2 minutos\" \/>\n<script type=\"application\/ld+json\" class=\"yoast-schema-graph\">{\"@context\":\"https:\/\/schema.org\",\"@graph\":[{\"@type\":\"Article\",\"@id\":\"https:\/\/radiolifefm.com.br\/noticias\/lancamento-da-forca-tarefa-de-fiscalizacao-e-realizada-pelo-crea-sp-em-adamantina-e-regiao\/#article\",\"isPartOf\":{\"@id\":\"https:\/\/radiolifefm.com.br\/noticias\/lancamento-da-forca-tarefa-de-fiscalizacao-e-realizada-pelo-crea-sp-em-adamantina-e-regiao\/\"},\"author\":{\"name\":\"ritanery\",\"@id\":\"https:\/\/radiolifefm.com.br\/noticias\/#\/schema\/person\/6339b9fac59d12b071dec680d7375d87\"},\"headline\":\"Lan\u00e7amento da For\u00e7a Tarefa de fiscaliza\u00e7\u00e3o \u00e9 realizada pelo CREA-SP em Adamantina e Regi\u00e3o\",\"datePublished\":\"2021-07-29T02:01:47+00:00\",\"dateModified\":\"2026-02-14T23:20:45+00:00\",\"mainEntityOfPage\":{\"@id\":\"https:\/\/radiolifefm.com.br\/noticias\/lancamento-da-forca-tarefa-de-fiscalizacao-e-realizada-pelo-crea-sp-em-adamantina-e-regiao\/\"},\"wordCount\":400,\"publisher\":{\"@id\":\"https:\/\/radiolifefm.com.br\/noticias\/#organization\"},\"image\":{\"@id\":\"https:\/\/radiolifefm.com.br\/noticias\/lancamento-da-forca-tarefa-de-fiscalizacao-e-realizada-pelo-crea-sp-em-adamantina-e-regiao\/#primaryimage\"},\"thumbnailUrl\":\"https:\/\/radiolifefm.com.br\/noticias\/wp-content\/uploads\/2021\/07\/CREA-SP-ADT-1-of-12-scaled.jpg\",\"articleSection\":[\"Adamantina\"],\"inLanguage\":\"pt-BR\"},{\"@type\":\"WebPage\",\"@id\":\"https:\/\/radiolifefm.com.br\/noticias\/lancamento-da-forca-tarefa-de-fiscalizacao-e-realizada-pelo-crea-sp-em-adamantina-e-regiao\/\",\"url\":\"https:\/\/radiolifefm.com.br\/noticias\/lancamento-da-forca-tarefa-de-fiscalizacao-e-realizada-pelo-crea-sp-em-adamantina-e-regiao\/\",\"name\":\"Lan\u00e7amento da For\u00e7a Tarefa de fiscaliza\u00e7\u00e3o \u00e9 realizada pelo CREA-SP em Adamantina e Regi\u00e3o - R\u00e1dio Life FM\",\"isPartOf\":{\"@id\":\"https:\/\/radiolifefm.com.br\/noticias\/#website\"},\"primaryImageOfPage\":{\"@id\":\"https:\/\/radiolifefm.com.br\/noticias\/lancamento-da-forca-tarefa-de-fiscalizacao-e-realizada-pelo-crea-sp-em-adamantina-e-regiao\/#primaryimage\"},\"image\":{\"@id\":\"https:\/\/radiolifefm.com.br\/noticias\/lancamento-da-forca-tarefa-de-fiscalizacao-e-realizada-pelo-crea-sp-em-adamantina-e-regiao\/#primaryimage\"},\"thumbnailUrl\":\"https:\/\/radiolifefm.com.br\/noticias\/wp-content\/uploads\/2021\/07\/CREA-SP-ADT-1-of-12-scaled.jpg\",\"datePublished\":\"2021-07-29T02:01:47+00:00\",\"dateModified\":\"2026-02-14T23:20:45+00:00\",\"breadcrumb\":{\"@id\":\"https:\/\/radiolifefm.com.br\/noticias\/lancamento-da-forca-tarefa-de-fiscalizacao-e-realizada-pelo-crea-sp-em-adamantina-e-regiao\/#breadcrumb\"},\"inLanguage\":\"pt-BR\",\"potentialAction\":[{\"@type\":\"ReadAction\",\"target\":[\"https:\/\/radiolifefm.com.br\/noticias\/lancamento-da-forca-tarefa-de-fiscalizacao-e-realizada-pelo-crea-sp-em-adamantina-e-regiao\/\"]}]},{\"@type\":\"ImageObject\",\"inLanguage\":\"pt-BR\",\"@id\":\"https:\/\/radiolifefm.com.br\/noticias\/lancamento-da-forca-tarefa-de-fiscalizacao-e-realizada-pelo-crea-sp-em-adamantina-e-regiao\/#primaryimage\",\"url\":\"https:\/\/radiolifefm.com.br\/noticias\/wp-content\/uploads\/2021\/07\/CREA-SP-ADT-1-of-12-scaled.jpg\",\"contentUrl\":\"https:\/\/radiolifefm.com.br\/noticias\/wp-content\/uploads\/2021\/07\/CREA-SP-ADT-1-of-12-scaled.jpg\",\"width\":2560,\"height\":1707},{\"@type\":\"BreadcrumbList\",\"@id\":\"https:\/\/radiolifefm.com.br\/noticias\/lancamento-da-forca-tarefa-de-fiscalizacao-e-realizada-pelo-crea-sp-em-adamantina-e-regiao\/#breadcrumb\",\"itemListElement\":[{\"@type\":\"ListItem\",\"position\":1,\"name\":\"In\u00edcio\",\"item\":\"https:\/\/radiolifefm.com.br\/noticias\/\"},{\"@type\":\"ListItem\",\"position\":2,\"name\":\"Lan\u00e7amento da For\u00e7a Tarefa de fiscaliza\u00e7\u00e3o \u00e9 realizada pelo CREA-SP em Adamantina e Regi\u00e3o\"}]},{\"@type\":\"WebSite\",\"@id\":\"https:\/\/radiolifefm.com.br\/noticias\/#website\",\"url\":\"https:\/\/radiolifefm.com.br\/noticias\/\",\"name\":\"R\u00e1dio Life FM\",\"description\":\"O Portal de Not\u00edcias de Adamantina\",\"publisher\":{\"@id\":\"https:\/\/radiolifefm.com.br\/noticias\/#organization\"},\"alternateName\":\"Life FM\",\"potentialAction\":[{\"@type\":\"SearchAction\",\"target\":{\"@type\":\"EntryPoint\",\"urlTemplate\":\"https:\/\/radiolifefm.com.br\/noticias\/?s={search_term_string}\"},\"query-input\":{\"@type\":\"PropertyValueSpecification\",\"valueRequired\":true,\"valueName\":\"search_term_string\"}}],\"inLanguage\":\"pt-BR\"},{\"@type\":\"Organization\",\"@id\":\"https:\/\/radiolifefm.com.br\/noticias\/#organization\",\"name\":\"R\u00e1dio Life FM\",\"alternateName\":\"Life FM\",\"url\":\"https:\/\/radiolifefm.com.br\/noticias\/\",\"logo\":{\"@type\":\"ImageObject\",\"inLanguage\":\"pt-BR\",\"@id\":\"https:\/\/radiolifefm.com.br\/noticias\/#\/schema\/logo\/image\/\",\"url\":\"https:\/\/static.radiolifefm.com.br\/noticias\/wp-content\/uploads\/2019\/10\/logo-lifefm.png\",\"contentUrl\":\"https:\/\/static.radiolifefm.com.br\/noticias\/wp-content\/uploads\/2019\/10\/logo-lifefm.png\",\"width\":196,\"height\":47,\"caption\":\"R\u00e1dio Life FM\"},\"image\":{\"@id\":\"https:\/\/radiolifefm.com.br\/noticias\/#\/schema\/logo\/image\/\"},\"sameAs\":[\"https:\/\/www.facebook.com\/radiolifefm\/\",\"https:\/\/www.instagram.com\/life1079fm\/\"]},{\"@type\":\"Person\",\"@id\":\"https:\/\/radiolifefm.com.br\/noticias\/#\/schema\/person\/6339b9fac59d12b071dec680d7375d87\",\"name\":\"ritanery\",\"image\":{\"@type\":\"ImageObject\",\"inLanguage\":\"pt-BR\",\"@id\":\"https:\/\/secure.gravatar.com\/avatar\/0e37bb19071f47c0b8a23f62a903df117c5a0e75f65a0c2901562f97cd41cf86?s=96&d=mm&r=g\",\"url\":\"https:\/\/secure.gravatar.com\/avatar\/0e37bb19071f47c0b8a23f62a903df117c5a0e75f65a0c2901562f97cd41cf86?s=96&d=mm&r=g\",\"contentUrl\":\"https:\/\/secure.gravatar.com\/avatar\/0e37bb19071f47c0b8a23f62a903df117c5a0e75f65a0c2901562f97cd41cf86?s=96&d=mm&r=g\",\"caption\":\"ritanery\"}}]}<\/script>\n<!-- \/ Yoast SEO plugin. -->","yoast_head_json":{"title":"Lan\u00e7amento da For\u00e7a Tarefa de fiscaliza\u00e7\u00e3o \u00e9 realizada pelo CREA-SP em Adamantina e Regi\u00e3o - R\u00e1dio Life FM","robots":{"index":"index","follow":"follow","max-snippet":"max-snippet:-1","max-image-preview":"max-image-preview:large","max-video-preview":"max-video-preview:-1"},"canonical":"https:\/\/radiolifefm.com.br\/noticias\/lancamento-da-forca-tarefa-de-fiscalizacao-e-realizada-pelo-crea-sp-em-adamantina-e-regiao\/","og_locale":"pt_BR","og_type":"article","og_title":"Lan\u00e7amento da For\u00e7a Tarefa de fiscaliza\u00e7\u00e3o \u00e9 realizada pelo CREA-SP em Adamantina e Regi\u00e3o - R\u00e1dio Life FM","og_description":"A for\u00e7a-tarefa de fiscaliza\u00e7\u00e3o em Adamantina e regi\u00e3o foi o tema do encontro realizado no audit\u00f3rio do Crea-SP (Conselho Regional de engenheiros e agronomia). &nbsp; Com a presen\u00e7a do presidente do Crea \u2013 SP o Engenheiro Vinicius Marchese, v\u00e1rias autoridades de Adamantina, o prefeito M\u00e1rcio Cardim, o presidente da C\u00e2mara dos\u00a0 Vereadores Paulo Cervelheira, Andr\u00e9 [&hellip;]","og_url":"https:\/\/radiolifefm.com.br\/noticias\/lancamento-da-forca-tarefa-de-fiscalizacao-e-realizada-pelo-crea-sp-em-adamantina-e-regiao\/","og_site_name":"R\u00e1dio Life FM","article_publisher":"https:\/\/www.facebook.com\/radiolifefm\/","article_published_time":"2021-07-29T02:01:47+00:00","article_modified_time":"2026-02-14T23:20:45+00:00","og_image":[{"width":2560,"height":1707,"url":"https:\/\/radiolifefm.com.br\/noticias\/wp-content\/uploads\/2021\/07\/CREA-SP-ADT-1-of-12-scaled.jpg","type":"image\/jpeg"}],"author":"ritanery","twitter_card":"summary_large_image","twitter_misc":{"Escrito por":"ritanery","Est. tempo de leitura":"2 minutos"},"schema":{"@context":"https:\/\/schema.org","@graph":[{"@type":"Article","@id":"https:\/\/radiolifefm.com.br\/noticias\/lancamento-da-forca-tarefa-de-fiscalizacao-e-realizada-pelo-crea-sp-em-adamantina-e-regiao\/#article","isPartOf":{"@id":"https:\/\/radiolifefm.com.br\/noticias\/lancamento-da-forca-tarefa-de-fiscalizacao-e-realizada-pelo-crea-sp-em-adamantina-e-regiao\/"},"author":{"name":"ritanery","@id":"https:\/\/radiolifefm.com.br\/noticias\/#\/schema\/person\/6339b9fac59d12b071dec680d7375d87"},"headline":"Lan\u00e7amento da For\u00e7a Tarefa de fiscaliza\u00e7\u00e3o \u00e9 realizada pelo CREA-SP em Adamantina e Regi\u00e3o","datePublished":"2021-07-29T02:01:47+00:00","dateModified":"2026-02-14T23:20:45+00:00","mainEntityOfPage":{"@id":"https:\/\/radiolifefm.com.br\/noticias\/lancamento-da-forca-tarefa-de-fiscalizacao-e-realizada-pelo-crea-sp-em-adamantina-e-regiao\/"},"wordCount":400,"publisher":{"@id":"https:\/\/radiolifefm.com.br\/noticias\/#organization"},"image":{"@id":"https:\/\/radiolifefm.com.br\/noticias\/lancamento-da-forca-tarefa-de-fiscalizacao-e-realizada-pelo-crea-sp-em-adamantina-e-regiao\/#primaryimage"},"thumbnailUrl":"https:\/\/radiolifefm.com.br\/noticias\/wp-content\/uploads\/2021\/07\/CREA-SP-ADT-1-of-12-scaled.jpg","articleSection":["Adamantina"],"inLanguage":"pt-BR"},{"@type":"WebPage","@id":"https:\/\/radiolifefm.com.br\/noticias\/lancamento-da-forca-tarefa-de-fiscalizacao-e-realizada-pelo-crea-sp-em-adamantina-e-regiao\/","url":"https:\/\/radiolifefm.com.br\/noticias\/lancamento-da-forca-tarefa-de-fiscalizacao-e-realizada-pelo-crea-sp-em-adamantina-e-regiao\/","name":"Lan\u00e7amento da For\u00e7a Tarefa de fiscaliza\u00e7\u00e3o \u00e9 realizada pelo CREA-SP em Adamantina e Regi\u00e3o - R\u00e1dio Life FM","isPartOf":{"@id":"https:\/\/radiolifefm.com.br\/noticias\/#website"},"primaryImageOfPage":{"@id":"https:\/\/radiolifefm.com.br\/noticias\/lancamento-da-forca-tarefa-de-fiscalizacao-e-realizada-pelo-crea-sp-em-adamantina-e-regiao\/#primaryimage"},"image":{"@id":"https:\/\/radiolifefm.com.br\/noticias\/lancamento-da-forca-tarefa-de-fiscalizacao-e-realizada-pelo-crea-sp-em-adamantina-e-regiao\/#primaryimage"},"thumbnailUrl":"https:\/\/radiolifefm.com.br\/noticias\/wp-content\/uploads\/2021\/07\/CREA-SP-ADT-1-of-12-scaled.jpg","datePublished":"2021-07-29T02:01:47+00:00","dateModified":"2026-02-14T23:20:45+00:00","breadcrumb":{"@id":"https:\/\/radiolifefm.com.br\/noticias\/lancamento-da-forca-tarefa-de-fiscalizacao-e-realizada-pelo-crea-sp-em-adamantina-e-regiao\/#breadcrumb"},"inLanguage":"pt-BR","potentialAction":[{"@type":"ReadAction","target":["https:\/\/radiolifefm.com.br\/noticias\/lancamento-da-forca-tarefa-de-fiscalizacao-e-realizada-pelo-crea-sp-em-adamantina-e-regiao\/"]}]},{"@type":"ImageObject","inLanguage":"pt-BR","@id":"https:\/\/radiolifefm.com.br\/noticias\/lancamento-da-forca-tarefa-de-fiscalizacao-e-realizada-pelo-crea-sp-em-adamantina-e-regiao\/#primaryimage","url":"https:\/\/radiolifefm.com.br\/noticias\/wp-content\/uploads\/2021\/07\/CREA-SP-ADT-1-of-12-scaled.jpg","contentUrl":"https:\/\/radiolifefm.com.br\/noticias\/wp-content\/uploads\/2021\/07\/CREA-SP-ADT-1-of-12-scaled.jpg","width":2560,"height":1707},{"@type":"BreadcrumbList","@id":"https:\/\/radiolifefm.com.br\/noticias\/lancamento-da-forca-tarefa-de-fiscalizacao-e-realizada-pelo-crea-sp-em-adamantina-e-regiao\/#breadcrumb","itemListElement":[{"@type":"ListItem","position":1,"name":"In\u00edcio","item":"https:\/\/radiolifefm.com.br\/noticias\/"},{"@type":"ListItem","position":2,"name":"Lan\u00e7amento da For\u00e7a Tarefa de fiscaliza\u00e7\u00e3o \u00e9 realizada pelo CREA-SP em Adamantina e Regi\u00e3o"}]},{"@type":"WebSite","@id":"https:\/\/radiolifefm.com.br\/noticias\/#website","url":"https:\/\/radiolifefm.com.br\/noticias\/","name":"R\u00e1dio Life FM","description":"O Portal de Not\u00edcias de Adamantina","publisher":{"@id":"https:\/\/radiolifefm.com.br\/noticias\/#organization"},"alternateName":"Life FM","potentialAction":[{"@type":"SearchAction","target":{"@type":"EntryPoint","urlTemplate":"https:\/\/radiolifefm.com.br\/noticias\/?s={search_term_string}"},"query-input":{"@type":"PropertyValueSpecification","valueRequired":true,"valueName":"search_term_string"}}],"inLanguage":"pt-BR"},{"@type":"Organization","@id":"https:\/\/radiolifefm.com.br\/noticias\/#organization","name":"R\u00e1dio Life FM","alternateName":"Life FM","url":"https:\/\/radiolifefm.com.br\/noticias\/","logo":{"@type":"ImageObject","inLanguage":"pt-BR","@id":"https:\/\/radiolifefm.com.br\/noticias\/#\/schema\/logo\/image\/","url":"https:\/\/static.radiolifefm.com.br\/noticias\/wp-content\/uploads\/2019\/10\/logo-lifefm.png","contentUrl":"https:\/\/static.radiolifefm.com.br\/noticias\/wp-content\/uploads\/2019\/10\/logo-lifefm.png","width":196,"height":47,"caption":"R\u00e1dio Life FM"},"image":{"@id":"https:\/\/radiolifefm.com.br\/noticias\/#\/schema\/logo\/image\/"},"sameAs":["https:\/\/www.facebook.com\/radiolifefm\/","https:\/\/www.instagram.com\/life1079fm\/"]},{"@type":"Person","@id":"https:\/\/radiolifefm.com.br\/noticias\/#\/schema\/person\/6339b9fac59d12b071dec680d7375d87","name":"ritanery","image":{"@type":"ImageObject","inLanguage":"pt-BR","@id":"https:\/\/secure.gravatar.com\/avatar\/0e37bb19071f47c0b8a23f62a903df117c5a0e75f65a0c2901562f97cd41cf86?s=96&d=mm&r=g","url":"https:\/\/secure.gravatar.com\/avatar\/0e37bb19071f47c0b8a23f62a903df117c5a0e75f65a0c2901562f97cd41cf86?s=96&d=mm&r=g","contentUrl":"https:\/\/secure.gravatar.com\/avatar\/0e37bb19071f47c0b8a23f62a903df117c5a0e75f65a0c2901562f97cd41cf86?s=96&d=mm&r=g","caption":"ritanery"}}]}},"amp_enabled":true,"_links":{"self":[{"href":"https:\/\/radiolifefm.com.br\/noticias\/wp-json\/wp\/v2\/posts\/41112","targetHints":{"allow":["GET"]}}],"collection":[{"href":"https:\/\/radiolifefm.com.br\/noticias\/wp-json\/wp\/v2\/posts"}],"about":[{"href":"https:\/\/radiolifefm.com.br\/noticias\/wp-json\/wp\/v2\/types\/post"}],"author":[{"embeddable":true,"href":"https:\/\/radiolifefm.com.br\/noticias\/wp-json\/wp\/v2\/users\/13"}],"replies":[{"embeddable":true,"href":"https:\/\/radiolifefm.com.br\/noticias\/wp-json\/wp\/v2\/comments?post=41112"}],"version-history":[{"count":2,"href":"https:\/\/radiolifefm.com.br\/noticias\/wp-json\/wp\/v2\/posts\/41112\/revisions"}],"predecessor-version":[{"id":41127,"href":"https:\/\/radiolifefm.com.br\/noticias\/wp-json\/wp\/v2\/posts\/41112\/revisions\/41127"}],"wp:featuredmedia":[{"embeddable":true,"href":"https:\/\/radiolifefm.com.br\/noticias\/wp-json\/wp\/v2\/media\/41113"}],"wp:attachment":[{"href":"https:\/\/radiolifefm.com.br\/noticias\/wp-json\/wp\/v2\/media?parent=41112"}],"wp:term":[{"taxonomy":"category","embeddable":true,"href":"https:\/\/radiolifefm.com.br\/noticias\/wp-json\/wp\/v2\/categories?post=41112"},{"taxonomy":"post_tag","embeddable":true,"href":"https:\/\/radiolifefm.com.br\/noticias\/wp-json\/wp\/v2\/tags?post=41112"}],"curies":[{"name":"wp","href":"https:\/\/api.w.org\/{rel}","templated":true}]}}