{"id":41062,"date":"2021-07-27T13:29:08","date_gmt":"2021-07-27T16:29:08","guid":{"rendered":"https:\/\/radiolifefm.com.br\/noticias\/?p=41062"},"modified":"2026-04-10T15:48:32","modified_gmt":"2026-04-10T18:48:32","slug":"projeto-avenidas-responsaveis-moderniza-o-sistema-viario-das-principais-avenidas-de-adamantina","status":"publish","type":"post","link":"https:\/\/radiolifefm.com.br\/noticias\/projeto-avenidas-responsaveis-moderniza-o-sistema-viario-das-principais-avenidas-de-adamantina\/","title":{"rendered":"\u201cProjeto Avenidas Respons\u00e1veis\u201d moderniza o sistema vi\u00e1rio das principais avenidas de Adamantina"},"content":{"rendered":"<div id=\"fb-root\"><\/div>\n<p>A Prefeitura de Adamantina, por meio da Secretaria de Planejamento e do Departamento Municipal de Tr\u00e2nsito (DEMTRAN), desenvolveu o \u201cProjeto Avenidas Respons\u00e1veis\u201d. A Secretaria de Obras e a Secretaria de Agricultura, Abastecimento e Meio Ambiente (SAAMA) integram as a\u00e7\u00f5es.<\/p>\n<p>&nbsp;<\/p>\n<p>O objetivo do projeto \u00e9 modernizar o sistema vi\u00e1rio das principais avenidas da cidade por meio da implementa\u00e7\u00e3o de sinaliza\u00e7\u00e3o, equipamentos de controle de tr\u00e1fego e altera\u00e7\u00e3o do fluxo de ve\u00edculos e, ainda, realizar campanhas educativas. A iniciativa visa garantir a seguran\u00e7a de todos os usu\u00e1rios das vias.<\/p>\n<p><strong>\u00a0<\/strong><\/p>\n<p><strong>Etapa em execu\u00e7\u00e3o<\/strong><\/p>\n<p>A mobilidade e a seguran\u00e7a ser\u00e3o melhoradas na Avenida Ant\u00f4nio Tiveron por meio de um novo dimensionamento da vida, implanta\u00e7\u00e3o de canteiro central com flores e ilumina\u00e7\u00e3o e, ainda, nova faixa para convers\u00e3o livre \u00e0 direita, no sentido centro, acessibilidade e o tr\u00e2nsito de pedestres.<\/p>\n<p>&nbsp;<\/p>\n<p>As melhorias no tr\u00e2nsito objetivam ainda facilitar o acesso ao memorial que ser\u00e1 constru\u00eddo.<\/p>\n<p>&nbsp;<\/p>\n<p>A \u00e1rea de cinco mil metros, hoje utilizada como acesso dos bairros ao centro pelos pedestres, ser\u00e1 padronizada com cal\u00e7amento acess\u00edvel, receber\u00e1 \u00e1rvores, bancos e espa\u00e7o de homenagem, tanto \u00e0s v\u00edtimas da pandemia do COVID-19 como para os profissionais de sa\u00fade que trabalharam durante a pandemia.<\/p>\n<p>&nbsp;<\/p>\n<p>Com essas modifica\u00e7\u00f5es, os pedestres ter\u00e3o um caminho acess\u00edvel e mais uma \u00e1rea de lazer para os mun\u00edcipes.<\/p>\n<p><strong>\u00a0<\/strong><\/p>\n<p><strong>Locais que ser\u00e3o modernizados conforme cronograma<\/strong><\/p>\n<p>A Avenida Crist\u00f3v\u00e3o Goulart Marmo tamb\u00e9m integra o &#8220;Projeto Avenidas Respons\u00e1veis\u201d. Nela, o objetivo \u00e9 modernizar o local por meio da implanta\u00e7\u00e3o de nova sinaliza\u00e7\u00e3o e estrutura de estacionamento para que os usu\u00e1rios da via tenham mais seguran\u00e7a.<\/p>\n<p>&nbsp;<\/p>\n<p>Est\u00e1 previsto ainda que o sistema vi\u00e1rio passe por uma melhor estrutura\u00e7\u00e3o, visto as melhorias das \u00e1reas de lazer do local, pois Adamantina \u00e9 Munic\u00edpio de Interesse Tur\u00edstico.<\/p>\n<p>&nbsp;<\/p>\n<p>Integrando o Programa Respeito \u00e0 Vida, ser\u00e3o promovidas adequa\u00e7\u00f5es nas rotat\u00f3rias da Avenida Moyses Justino da Silva, acesso \u00e0 Est\u00e2ncia Dorigo e Acesso ao Jardim Bela Vista. Essa a\u00e7\u00e3o tamb\u00e9m est\u00e1 voltada a seguran\u00e7a no local por meio do emprego de nova sinaliza\u00e7\u00e3o.<\/p>\n<p>&nbsp;<\/p>\n<p>Em paralelo ao projeto, os canteiros centrais ser\u00e3o estendidos juntamente com a execu\u00e7\u00e3o da ciclovia, faixa que atender\u00e1 ciclistas e pedestres, garantindo acessibilidade e seguran\u00e7a aos usu\u00e1rios da via.<\/p>\n<p>&nbsp;<\/p>\n<p>&nbsp;<\/p>\n<p>Na Deputado Cunha Bueno tamb\u00e9m ser\u00e3o executados canteiros, padronizando toda a extens\u00e3o da via.<\/p>\n<p>&nbsp;<\/p>\n<p>A Avenida Rio Branco, trecho do cruzamento com a Rua Tetsushi Haga receber\u00e1 a instala\u00e7\u00e3o de um sem\u00e1foro para melhor ordenamento do fluxo no local. A temporiza\u00e7\u00e3o seguir\u00e1 os moldes de &#8220;tempos inteligentes&#8221; conforme a programa\u00e7\u00e3o do Sem\u00e1foro do Parque dos Pioneiros. O equipamento est\u00e1 em fase de licita\u00e7\u00e3o.<\/p>\n<p>&nbsp;<\/p>\n<p><strong>Avenidas onde o projeto j\u00e1 foi desenvolvido<\/strong><\/p>\n<p>Ap\u00f3s a presta\u00e7\u00e3o de contas e do repasse referente \u00e0 execu\u00e7\u00e3o do Conv\u00eanio Respeito \u00e0 Vida, teve in\u00edcio a execu\u00e7\u00e3o da Etapa 2 que contempla a implanta\u00e7\u00e3o de sinaliza\u00e7\u00e3o semaf\u00f3rica na Avenida Adhemar de Barros\/ Avenida da Saudade no cruzamento com a Alameda Padre N\u00f3brega e melhorias nas rotat\u00f3rias da Est\u00e2ncia Dorigo e Jardim Bela Vista.<\/p>\n<p>&nbsp;<\/p>\n<p>O projeto conta com a instala\u00e7\u00e3o do sem\u00e1foro, implanta\u00e7\u00e3o de canteiro central divisor de fluxo, melhorias e adequa\u00e7\u00f5es da rotat\u00f3ria, acessibilidade, nova sinaliza\u00e7\u00e3o e delimita\u00e7\u00e3o de fluxo de ve\u00edculos. O sem\u00e1foro entrou em opera\u00e7\u00e3o na \u00faltima semana.<\/p>\n<p>A Avenida Rio Branco, esquina com a Rua Sirlene Rodrigues de Castro, tamb\u00e9m foi contemplada com o projeto, por meio da execu\u00e7\u00e3o da lombofaixa, instala\u00e7\u00e3o de prismas delimitando o fluxo, nova sinaliza\u00e7\u00e3o com ordenamento do tr\u00e1fego e acessibilidade do local.<\/p>\n<p>&nbsp;<\/p>\n<p>A continua\u00e7\u00e3o da Avenida Capit\u00e3o Jos\u00e9 Ant\u00f4nio de Oliveira, principal acesso da regi\u00e3o central da cidade \u00e0 Rua Santos Dumont.<\/p>\n<p>&nbsp;<\/p>\n<p>O projeto de interven\u00e7\u00e3o na Avenida Deputado Cunha Bueno contemplou nova sinaliza\u00e7\u00e3o, execu\u00e7\u00e3o de redutor de velocidade, implanta\u00e7\u00e3o de canteiros centrais, gera\u00e7\u00e3o de novas vagas de estacionamento para carros e motos, adequa\u00e7\u00e3o da acessibilidade, cria\u00e7\u00e3o de vagas especiais de estacionamento.<\/p>\n<p>&nbsp;<\/p>\n<p><strong>Conv\u00eanio Respeito \u00e0 Vida<\/strong><\/p>\n<p>Adamantina foi contemplada em 2018 com recursos do programa Respeito \u00e0 Vida. O recurso repassado ao munic\u00edpio foi de cerca de 500 mil reais e recursos em contrapartida.<\/p>\n<p>&nbsp;<\/p>\n<p>Na primeira etapa, foi efetuada a troca dos sem\u00e1foros da Avenida Rio Branco, nos cruzamentos com a Avenida Santo Ant\u00f4nio e com a Rua Joaquim Nabuco. Aquisi\u00e7\u00e3o de ve\u00edculo de fiscaliza\u00e7\u00e3o e a realiza\u00e7\u00e3o de campanha de educa\u00e7\u00e3o para o tr\u00e2nsito.<\/p>\n<p>&nbsp;<\/p>\n<p>A segunda etapa contemplou a implanta\u00e7\u00e3o de sem\u00e1foro na Avenida Adhemar de Barros\/Avenida da Saudade com a Alameda Padre N\u00f3brega que entrou em opera\u00e7\u00e3o na \u00faltima semana e mais as adequa\u00e7\u00f5es e melhorias das rotat\u00f3rias da Est\u00e2ncia Dorigo e do Jardim Bela Vista \u2013 Avenida Moys\u00e9s Justino da Silva que ser\u00e3o executadas.<\/p>\n<p><img loading=\"lazy\" decoding=\"async\" class=\"alignnone size-full wp-image-41064\" src=\"https:\/\/static.radiolifefm.com.br\/wp-content\/uploads\/sites\/2\/2021\/07\/Foto-1-3.jpeg\" alt=\"\" width=\"1280\" height=\"960\" srcset=\"https:\/\/radiolifefm.com.br\/noticias\/wp-content\/uploads\/2021\/07\/Foto-1-3.jpeg 1280w, https:\/\/radiolifefm.com.br\/noticias\/wp-content\/uploads\/2021\/07\/Foto-1-3-300x225.jpeg 300w, https:\/\/radiolifefm.com.br\/noticias\/wp-content\/uploads\/2021\/07\/Foto-1-3-1024x768.jpeg 1024w, https:\/\/radiolifefm.com.br\/noticias\/wp-content\/uploads\/2021\/07\/Foto-1-3-768x576.jpeg 768w\" sizes=\"auto, (max-width: 1280px) 100vw, 1280px\" \/><\/p>\n<p>Fonte: Assessoria de Imprensa<\/p>\n","protected":false},"excerpt":{"rendered":"<p>A Prefeitura de Adamantina, por meio da Secretaria de Planejamento e do Departamento Municipal de Tr\u00e2nsito (DEMTRAN), desenvolveu o \u201cProjeto Avenidas Respons\u00e1veis\u201d. A Secretaria de Obras e a Secretaria de Agricultura, Abastecimento e Meio Ambiente (SAAMA) integram as a\u00e7\u00f5es. &nbsp; O objetivo do projeto \u00e9 modernizar o sistema vi\u00e1rio das principais avenidas da cidade por [&hellip;]<\/p>\n","protected":false},"author":13,"featured_media":41063,"comment_status":"closed","ping_status":"open","sticky":false,"template":"","format":"standard","meta":{"_acf_changed":false,"_exactmetrics_skip_tracking":false,"_exactmetrics_sitenote_active":false,"_exactmetrics_sitenote_note":"","_exactmetrics_sitenote_category":0,"footnotes":""},"categories":[21],"tags":[],"class_list":["post-41062","post","type-post","status-publish","format-standard","has-post-thumbnail","hentry","category-adamantina"],"acf":[],"yoast_head":"<!-- This site is optimized with the Yoast SEO plugin v27.2 - https:\/\/yoast.com\/product\/yoast-seo-wordpress\/ -->\n<title>\u201cProjeto Avenidas Respons\u00e1veis\u201d moderniza o sistema vi\u00e1rio das principais avenidas de Adamantina - R\u00e1dio Life FM<\/title>\n<meta name=\"robots\" content=\"index, follow, max-snippet:-1, max-image-preview:large, max-video-preview:-1\" \/>\n<link rel=\"canonical\" href=\"https:\/\/radiolifefm.com.br\/noticias\/projeto-avenidas-responsaveis-moderniza-o-sistema-viario-das-principais-avenidas-de-adamantina\/\" \/>\n<meta property=\"og:locale\" content=\"pt_BR\" \/>\n<meta property=\"og:type\" content=\"article\" \/>\n<meta property=\"og:title\" content=\"\u201cProjeto Avenidas Respons\u00e1veis\u201d moderniza o sistema vi\u00e1rio das principais avenidas de Adamantina - R\u00e1dio Life FM\" \/>\n<meta property=\"og:description\" content=\"A Prefeitura de Adamantina, por meio da Secretaria de Planejamento e do Departamento Municipal de Tr\u00e2nsito (DEMTRAN), desenvolveu o \u201cProjeto Avenidas Respons\u00e1veis\u201d. A Secretaria de Obras e a Secretaria de Agricultura, Abastecimento e Meio Ambiente (SAAMA) integram as a\u00e7\u00f5es. &nbsp; O objetivo do projeto \u00e9 modernizar o sistema vi\u00e1rio das principais avenidas da cidade por [&hellip;]\" \/>\n<meta property=\"og:url\" content=\"https:\/\/radiolifefm.com.br\/noticias\/projeto-avenidas-responsaveis-moderniza-o-sistema-viario-das-principais-avenidas-de-adamantina\/\" \/>\n<meta property=\"og:site_name\" content=\"R\u00e1dio Life FM\" \/>\n<meta property=\"article:publisher\" content=\"https:\/\/www.facebook.com\/radiolifefm\/\" \/>\n<meta property=\"article:published_time\" content=\"2021-07-27T16:29:08+00:00\" \/>\n<meta property=\"article:modified_time\" content=\"2026-04-10T18:48:32+00:00\" \/>\n<meta property=\"og:image\" content=\"https:\/\/radiolifefm.com.br\/noticias\/wp-content\/uploads\/2021\/07\/Foto-2-3.jpeg\" \/>\n\t<meta property=\"og:image:width\" content=\"1280\" \/>\n\t<meta property=\"og:image:height\" content=\"960\" \/>\n\t<meta property=\"og:image:type\" content=\"image\/jpeg\" \/>\n<meta name=\"author\" content=\"ritanery\" \/>\n<meta name=\"twitter:card\" content=\"summary_large_image\" \/>\n<meta name=\"twitter:label1\" content=\"Escrito por\" \/>\n\t<meta name=\"twitter:data1\" content=\"ritanery\" \/>\n\t<meta name=\"twitter:label2\" content=\"Est. tempo de leitura\" \/>\n\t<meta name=\"twitter:data2\" content=\"4 minutos\" \/>\n<script type=\"application\/ld+json\" class=\"yoast-schema-graph\">{\"@context\":\"https:\/\/schema.org\",\"@graph\":[{\"@type\":\"Article\",\"@id\":\"https:\/\/radiolifefm.com.br\/noticias\/projeto-avenidas-responsaveis-moderniza-o-sistema-viario-das-principais-avenidas-de-adamantina\/#article\",\"isPartOf\":{\"@id\":\"https:\/\/radiolifefm.com.br\/noticias\/projeto-avenidas-responsaveis-moderniza-o-sistema-viario-das-principais-avenidas-de-adamantina\/\"},\"author\":{\"name\":\"ritanery\",\"@id\":\"https:\/\/radiolifefm.com.br\/noticias\/#\/schema\/person\/6339b9fac59d12b071dec680d7375d87\"},\"headline\":\"\u201cProjeto Avenidas Respons\u00e1veis\u201d moderniza o sistema vi\u00e1rio das principais avenidas de Adamantina\",\"datePublished\":\"2021-07-27T16:29:08+00:00\",\"dateModified\":\"2026-04-10T18:48:32+00:00\",\"mainEntityOfPage\":{\"@id\":\"https:\/\/radiolifefm.com.br\/noticias\/projeto-avenidas-responsaveis-moderniza-o-sistema-viario-das-principais-avenidas-de-adamantina\/\"},\"wordCount\":887,\"publisher\":{\"@id\":\"https:\/\/radiolifefm.com.br\/noticias\/#organization\"},\"image\":{\"@id\":\"https:\/\/radiolifefm.com.br\/noticias\/projeto-avenidas-responsaveis-moderniza-o-sistema-viario-das-principais-avenidas-de-adamantina\/#primaryimage\"},\"thumbnailUrl\":\"https:\/\/radiolifefm.com.br\/noticias\/wp-content\/uploads\/2021\/07\/Foto-2-3.jpeg\",\"articleSection\":[\"Adamantina\"],\"inLanguage\":\"pt-BR\"},{\"@type\":\"WebPage\",\"@id\":\"https:\/\/radiolifefm.com.br\/noticias\/projeto-avenidas-responsaveis-moderniza-o-sistema-viario-das-principais-avenidas-de-adamantina\/\",\"url\":\"https:\/\/radiolifefm.com.br\/noticias\/projeto-avenidas-responsaveis-moderniza-o-sistema-viario-das-principais-avenidas-de-adamantina\/\",\"name\":\"\u201cProjeto Avenidas Respons\u00e1veis\u201d moderniza o sistema vi\u00e1rio das principais avenidas de Adamantina - R\u00e1dio Life FM\",\"isPartOf\":{\"@id\":\"https:\/\/radiolifefm.com.br\/noticias\/#website\"},\"primaryImageOfPage\":{\"@id\":\"https:\/\/radiolifefm.com.br\/noticias\/projeto-avenidas-responsaveis-moderniza-o-sistema-viario-das-principais-avenidas-de-adamantina\/#primaryimage\"},\"image\":{\"@id\":\"https:\/\/radiolifefm.com.br\/noticias\/projeto-avenidas-responsaveis-moderniza-o-sistema-viario-das-principais-avenidas-de-adamantina\/#primaryimage\"},\"thumbnailUrl\":\"https:\/\/radiolifefm.com.br\/noticias\/wp-content\/uploads\/2021\/07\/Foto-2-3.jpeg\",\"datePublished\":\"2021-07-27T16:29:08+00:00\",\"dateModified\":\"2026-04-10T18:48:32+00:00\",\"breadcrumb\":{\"@id\":\"https:\/\/radiolifefm.com.br\/noticias\/projeto-avenidas-responsaveis-moderniza-o-sistema-viario-das-principais-avenidas-de-adamantina\/#breadcrumb\"},\"inLanguage\":\"pt-BR\",\"potentialAction\":[{\"@type\":\"ReadAction\",\"target\":[\"https:\/\/radiolifefm.com.br\/noticias\/projeto-avenidas-responsaveis-moderniza-o-sistema-viario-das-principais-avenidas-de-adamantina\/\"]}]},{\"@type\":\"ImageObject\",\"inLanguage\":\"pt-BR\",\"@id\":\"https:\/\/radiolifefm.com.br\/noticias\/projeto-avenidas-responsaveis-moderniza-o-sistema-viario-das-principais-avenidas-de-adamantina\/#primaryimage\",\"url\":\"https:\/\/radiolifefm.com.br\/noticias\/wp-content\/uploads\/2021\/07\/Foto-2-3.jpeg\",\"contentUrl\":\"https:\/\/radiolifefm.com.br\/noticias\/wp-content\/uploads\/2021\/07\/Foto-2-3.jpeg\",\"width\":1280,\"height\":960,\"caption\":\"Etapa em execu\u00e7\u00e3o traz novo dimensionamento para trecho da Avenida Ant\u00f4nio Tiveron\"},{\"@type\":\"BreadcrumbList\",\"@id\":\"https:\/\/radiolifefm.com.br\/noticias\/projeto-avenidas-responsaveis-moderniza-o-sistema-viario-das-principais-avenidas-de-adamantina\/#breadcrumb\",\"itemListElement\":[{\"@type\":\"ListItem\",\"position\":1,\"name\":\"In\u00edcio\",\"item\":\"https:\/\/radiolifefm.com.br\/noticias\/\"},{\"@type\":\"ListItem\",\"position\":2,\"name\":\"\u201cProjeto Avenidas Respons\u00e1veis\u201d moderniza o sistema vi\u00e1rio das principais avenidas de Adamantina\"}]},{\"@type\":\"WebSite\",\"@id\":\"https:\/\/radiolifefm.com.br\/noticias\/#website\",\"url\":\"https:\/\/radiolifefm.com.br\/noticias\/\",\"name\":\"R\u00e1dio Life FM\",\"description\":\"O Portal de Not\u00edcias de Adamantina\",\"publisher\":{\"@id\":\"https:\/\/radiolifefm.com.br\/noticias\/#organization\"},\"alternateName\":\"Life FM\",\"potentialAction\":[{\"@type\":\"SearchAction\",\"target\":{\"@type\":\"EntryPoint\",\"urlTemplate\":\"https:\/\/radiolifefm.com.br\/noticias\/?s={search_term_string}\"},\"query-input\":{\"@type\":\"PropertyValueSpecification\",\"valueRequired\":true,\"valueName\":\"search_term_string\"}}],\"inLanguage\":\"pt-BR\"},{\"@type\":\"Organization\",\"@id\":\"https:\/\/radiolifefm.com.br\/noticias\/#organization\",\"name\":\"R\u00e1dio Life FM\",\"alternateName\":\"Life FM\",\"url\":\"https:\/\/radiolifefm.com.br\/noticias\/\",\"logo\":{\"@type\":\"ImageObject\",\"inLanguage\":\"pt-BR\",\"@id\":\"https:\/\/radiolifefm.com.br\/noticias\/#\/schema\/logo\/image\/\",\"url\":\"https:\/\/static.radiolifefm.com.br\/noticias\/wp-content\/uploads\/2019\/10\/logo-lifefm.png\",\"contentUrl\":\"https:\/\/static.radiolifefm.com.br\/noticias\/wp-content\/uploads\/2019\/10\/logo-lifefm.png\",\"width\":196,\"height\":47,\"caption\":\"R\u00e1dio Life FM\"},\"image\":{\"@id\":\"https:\/\/radiolifefm.com.br\/noticias\/#\/schema\/logo\/image\/\"},\"sameAs\":[\"https:\/\/www.facebook.com\/radiolifefm\/\",\"https:\/\/www.instagram.com\/life1079fm\/\"]},{\"@type\":\"Person\",\"@id\":\"https:\/\/radiolifefm.com.br\/noticias\/#\/schema\/person\/6339b9fac59d12b071dec680d7375d87\",\"name\":\"ritanery\",\"image\":{\"@type\":\"ImageObject\",\"inLanguage\":\"pt-BR\",\"@id\":\"https:\/\/secure.gravatar.com\/avatar\/0e37bb19071f47c0b8a23f62a903df117c5a0e75f65a0c2901562f97cd41cf86?s=96&d=mm&r=g\",\"url\":\"https:\/\/secure.gravatar.com\/avatar\/0e37bb19071f47c0b8a23f62a903df117c5a0e75f65a0c2901562f97cd41cf86?s=96&d=mm&r=g\",\"contentUrl\":\"https:\/\/secure.gravatar.com\/avatar\/0e37bb19071f47c0b8a23f62a903df117c5a0e75f65a0c2901562f97cd41cf86?s=96&d=mm&r=g\",\"caption\":\"ritanery\"}}]}<\/script>\n<!-- \/ Yoast SEO plugin. -->","yoast_head_json":{"title":"\u201cProjeto Avenidas Respons\u00e1veis\u201d moderniza o sistema vi\u00e1rio das principais avenidas de Adamantina - R\u00e1dio Life FM","robots":{"index":"index","follow":"follow","max-snippet":"max-snippet:-1","max-image-preview":"max-image-preview:large","max-video-preview":"max-video-preview:-1"},"canonical":"https:\/\/radiolifefm.com.br\/noticias\/projeto-avenidas-responsaveis-moderniza-o-sistema-viario-das-principais-avenidas-de-adamantina\/","og_locale":"pt_BR","og_type":"article","og_title":"\u201cProjeto Avenidas Respons\u00e1veis\u201d moderniza o sistema vi\u00e1rio das principais avenidas de Adamantina - R\u00e1dio Life FM","og_description":"A Prefeitura de Adamantina, por meio da Secretaria de Planejamento e do Departamento Municipal de Tr\u00e2nsito (DEMTRAN), desenvolveu o \u201cProjeto Avenidas Respons\u00e1veis\u201d. A Secretaria de Obras e a Secretaria de Agricultura, Abastecimento e Meio Ambiente (SAAMA) integram as a\u00e7\u00f5es. &nbsp; O objetivo do projeto \u00e9 modernizar o sistema vi\u00e1rio das principais avenidas da cidade por [&hellip;]","og_url":"https:\/\/radiolifefm.com.br\/noticias\/projeto-avenidas-responsaveis-moderniza-o-sistema-viario-das-principais-avenidas-de-adamantina\/","og_site_name":"R\u00e1dio Life FM","article_publisher":"https:\/\/www.facebook.com\/radiolifefm\/","article_published_time":"2021-07-27T16:29:08+00:00","article_modified_time":"2026-04-10T18:48:32+00:00","og_image":[{"width":1280,"height":960,"url":"https:\/\/radiolifefm.com.br\/noticias\/wp-content\/uploads\/2021\/07\/Foto-2-3.jpeg","type":"image\/jpeg"}],"author":"ritanery","twitter_card":"summary_large_image","twitter_misc":{"Escrito por":"ritanery","Est. tempo de leitura":"4 minutos"},"schema":{"@context":"https:\/\/schema.org","@graph":[{"@type":"Article","@id":"https:\/\/radiolifefm.com.br\/noticias\/projeto-avenidas-responsaveis-moderniza-o-sistema-viario-das-principais-avenidas-de-adamantina\/#article","isPartOf":{"@id":"https:\/\/radiolifefm.com.br\/noticias\/projeto-avenidas-responsaveis-moderniza-o-sistema-viario-das-principais-avenidas-de-adamantina\/"},"author":{"name":"ritanery","@id":"https:\/\/radiolifefm.com.br\/noticias\/#\/schema\/person\/6339b9fac59d12b071dec680d7375d87"},"headline":"\u201cProjeto Avenidas Respons\u00e1veis\u201d moderniza o sistema vi\u00e1rio das principais avenidas de Adamantina","datePublished":"2021-07-27T16:29:08+00:00","dateModified":"2026-04-10T18:48:32+00:00","mainEntityOfPage":{"@id":"https:\/\/radiolifefm.com.br\/noticias\/projeto-avenidas-responsaveis-moderniza-o-sistema-viario-das-principais-avenidas-de-adamantina\/"},"wordCount":887,"publisher":{"@id":"https:\/\/radiolifefm.com.br\/noticias\/#organization"},"image":{"@id":"https:\/\/radiolifefm.com.br\/noticias\/projeto-avenidas-responsaveis-moderniza-o-sistema-viario-das-principais-avenidas-de-adamantina\/#primaryimage"},"thumbnailUrl":"https:\/\/radiolifefm.com.br\/noticias\/wp-content\/uploads\/2021\/07\/Foto-2-3.jpeg","articleSection":["Adamantina"],"inLanguage":"pt-BR"},{"@type":"WebPage","@id":"https:\/\/radiolifefm.com.br\/noticias\/projeto-avenidas-responsaveis-moderniza-o-sistema-viario-das-principais-avenidas-de-adamantina\/","url":"https:\/\/radiolifefm.com.br\/noticias\/projeto-avenidas-responsaveis-moderniza-o-sistema-viario-das-principais-avenidas-de-adamantina\/","name":"\u201cProjeto Avenidas Respons\u00e1veis\u201d moderniza o sistema vi\u00e1rio das principais avenidas de Adamantina - R\u00e1dio Life FM","isPartOf":{"@id":"https:\/\/radiolifefm.com.br\/noticias\/#website"},"primaryImageOfPage":{"@id":"https:\/\/radiolifefm.com.br\/noticias\/projeto-avenidas-responsaveis-moderniza-o-sistema-viario-das-principais-avenidas-de-adamantina\/#primaryimage"},"image":{"@id":"https:\/\/radiolifefm.com.br\/noticias\/projeto-avenidas-responsaveis-moderniza-o-sistema-viario-das-principais-avenidas-de-adamantina\/#primaryimage"},"thumbnailUrl":"https:\/\/radiolifefm.com.br\/noticias\/wp-content\/uploads\/2021\/07\/Foto-2-3.jpeg","datePublished":"2021-07-27T16:29:08+00:00","dateModified":"2026-04-10T18:48:32+00:00","breadcrumb":{"@id":"https:\/\/radiolifefm.com.br\/noticias\/projeto-avenidas-responsaveis-moderniza-o-sistema-viario-das-principais-avenidas-de-adamantina\/#breadcrumb"},"inLanguage":"pt-BR","potentialAction":[{"@type":"ReadAction","target":["https:\/\/radiolifefm.com.br\/noticias\/projeto-avenidas-responsaveis-moderniza-o-sistema-viario-das-principais-avenidas-de-adamantina\/"]}]},{"@type":"ImageObject","inLanguage":"pt-BR","@id":"https:\/\/radiolifefm.com.br\/noticias\/projeto-avenidas-responsaveis-moderniza-o-sistema-viario-das-principais-avenidas-de-adamantina\/#primaryimage","url":"https:\/\/radiolifefm.com.br\/noticias\/wp-content\/uploads\/2021\/07\/Foto-2-3.jpeg","contentUrl":"https:\/\/radiolifefm.com.br\/noticias\/wp-content\/uploads\/2021\/07\/Foto-2-3.jpeg","width":1280,"height":960,"caption":"Etapa em execu\u00e7\u00e3o traz novo dimensionamento para trecho da Avenida Ant\u00f4nio Tiveron"},{"@type":"BreadcrumbList","@id":"https:\/\/radiolifefm.com.br\/noticias\/projeto-avenidas-responsaveis-moderniza-o-sistema-viario-das-principais-avenidas-de-adamantina\/#breadcrumb","itemListElement":[{"@type":"ListItem","position":1,"name":"In\u00edcio","item":"https:\/\/radiolifefm.com.br\/noticias\/"},{"@type":"ListItem","position":2,"name":"\u201cProjeto Avenidas Respons\u00e1veis\u201d moderniza o sistema vi\u00e1rio das principais avenidas de Adamantina"}]},{"@type":"WebSite","@id":"https:\/\/radiolifefm.com.br\/noticias\/#website","url":"https:\/\/radiolifefm.com.br\/noticias\/","name":"R\u00e1dio Life FM","description":"O Portal de Not\u00edcias de Adamantina","publisher":{"@id":"https:\/\/radiolifefm.com.br\/noticias\/#organization"},"alternateName":"Life FM","potentialAction":[{"@type":"SearchAction","target":{"@type":"EntryPoint","urlTemplate":"https:\/\/radiolifefm.com.br\/noticias\/?s={search_term_string}"},"query-input":{"@type":"PropertyValueSpecification","valueRequired":true,"valueName":"search_term_string"}}],"inLanguage":"pt-BR"},{"@type":"Organization","@id":"https:\/\/radiolifefm.com.br\/noticias\/#organization","name":"R\u00e1dio Life FM","alternateName":"Life FM","url":"https:\/\/radiolifefm.com.br\/noticias\/","logo":{"@type":"ImageObject","inLanguage":"pt-BR","@id":"https:\/\/radiolifefm.com.br\/noticias\/#\/schema\/logo\/image\/","url":"https:\/\/static.radiolifefm.com.br\/noticias\/wp-content\/uploads\/2019\/10\/logo-lifefm.png","contentUrl":"https:\/\/static.radiolifefm.com.br\/noticias\/wp-content\/uploads\/2019\/10\/logo-lifefm.png","width":196,"height":47,"caption":"R\u00e1dio Life FM"},"image":{"@id":"https:\/\/radiolifefm.com.br\/noticias\/#\/schema\/logo\/image\/"},"sameAs":["https:\/\/www.facebook.com\/radiolifefm\/","https:\/\/www.instagram.com\/life1079fm\/"]},{"@type":"Person","@id":"https:\/\/radiolifefm.com.br\/noticias\/#\/schema\/person\/6339b9fac59d12b071dec680d7375d87","name":"ritanery","image":{"@type":"ImageObject","inLanguage":"pt-BR","@id":"https:\/\/secure.gravatar.com\/avatar\/0e37bb19071f47c0b8a23f62a903df117c5a0e75f65a0c2901562f97cd41cf86?s=96&d=mm&r=g","url":"https:\/\/secure.gravatar.com\/avatar\/0e37bb19071f47c0b8a23f62a903df117c5a0e75f65a0c2901562f97cd41cf86?s=96&d=mm&r=g","contentUrl":"https:\/\/secure.gravatar.com\/avatar\/0e37bb19071f47c0b8a23f62a903df117c5a0e75f65a0c2901562f97cd41cf86?s=96&d=mm&r=g","caption":"ritanery"}}]}},"amp_enabled":true,"_links":{"self":[{"href":"https:\/\/radiolifefm.com.br\/noticias\/wp-json\/wp\/v2\/posts\/41062","targetHints":{"allow":["GET"]}}],"collection":[{"href":"https:\/\/radiolifefm.com.br\/noticias\/wp-json\/wp\/v2\/posts"}],"about":[{"href":"https:\/\/radiolifefm.com.br\/noticias\/wp-json\/wp\/v2\/types\/post"}],"author":[{"embeddable":true,"href":"https:\/\/radiolifefm.com.br\/noticias\/wp-json\/wp\/v2\/users\/13"}],"replies":[{"embeddable":true,"href":"https:\/\/radiolifefm.com.br\/noticias\/wp-json\/wp\/v2\/comments?post=41062"}],"version-history":[{"count":2,"href":"https:\/\/radiolifefm.com.br\/noticias\/wp-json\/wp\/v2\/posts\/41062\/revisions"}],"predecessor-version":[{"id":41066,"href":"https:\/\/radiolifefm.com.br\/noticias\/wp-json\/wp\/v2\/posts\/41062\/revisions\/41066"}],"wp:featuredmedia":[{"embeddable":true,"href":"https:\/\/radiolifefm.com.br\/noticias\/wp-json\/wp\/v2\/media\/41063"}],"wp:attachment":[{"href":"https:\/\/radiolifefm.com.br\/noticias\/wp-json\/wp\/v2\/media?parent=41062"}],"wp:term":[{"taxonomy":"category","embeddable":true,"href":"https:\/\/radiolifefm.com.br\/noticias\/wp-json\/wp\/v2\/categories?post=41062"},{"taxonomy":"post_tag","embeddable":true,"href":"https:\/\/radiolifefm.com.br\/noticias\/wp-json\/wp\/v2\/tags?post=41062"}],"curies":[{"name":"wp","href":"https:\/\/api.w.org\/{rel}","templated":true}]}}