{"id":41040,"date":"2021-07-26T21:35:06","date_gmt":"2021-07-27T00:35:06","guid":{"rendered":"https:\/\/radiolifefm.com.br\/noticias\/?p=41040"},"modified":"2025-09-10T22:42:59","modified_gmt":"2025-09-11T01:42:59","slug":"bombeiros-de-adamantina-salvam-bebe-de-8-meses-que-estava-engasgada-cameras-gravam-a-acao","status":"publish","type":"post","link":"https:\/\/radiolifefm.com.br\/noticias\/bombeiros-de-adamantina-salvam-bebe-de-8-meses-que-estava-engasgada-cameras-gravam-a-acao\/","title":{"rendered":"Bombeiros de Adamantina salvam beb\u00ea de 8 meses que estava engasgada; c\u00e2meras gravam a a\u00e7\u00e3o"},"content":{"rendered":"<div id=\"fb-root\"><\/div>\n<p>O Pelot\u00e3o do Corpo de Bombeiros de Adamantina protagonizou no \u00faltimo s\u00e1bado (24), mais uma experi\u00eancia que vai marcar a vida dos agentes de salvamento e dos familiares de uma menina de 8 meses. Desesperada, a m\u00e3e da crian\u00e7a chegou at\u00e9 o port\u00e3o da Corpora\u00e7\u00e3o com e menina nos bra\u00e7os, desacordada.<\/p>\n<p>&nbsp;<\/p>\n<p>De mediato e com presteza e as habilidades adquiridas durante o treinamento, o primeiro bombeiro que avistou a m\u00e3e se dirigiu ao port\u00e3o e constata que a beb\u00ea est\u00e1 sem respirar, por engasgamento, e inicia ali mesmo os primeiros procedimentos de desobstru\u00e7\u00e3o das vias respirat\u00f3rias da crian\u00e7a. Outros colegas de servi\u00e7o tamb\u00e9m chegam rapidamente para ajudar, e com a devida interven\u00e7\u00e3o, conhecida como manobra de &#8220;Heimlich&#8221;, a crian\u00e7a \u00e9 desengasgada\u00a0<em>(abaixo, mais informa\u00e7oes sobre a t\u00e9cnica).<\/em><\/p>\n<p>&nbsp;<\/p>\n<p>Na sequ\u00eancia, os bombeiros mobilizados correm em dire\u00e7\u00e3o \u00e0 viatura da unidade de resgate, onde acomodam a crian\u00e7a e a m\u00e3e, seguindo depois ao pronto-socorro da Santa Casa de Adamantina, onde a menina ficou sob cuidados da equipe de plant\u00e3o, sendo assistida e submetida a avalia\u00e7\u00f5es complementares acerca do seu estado de sa\u00fade.<\/p>\n<p>Poucas horas depois a equipe de plant\u00e3o do pronto-socorro informou ao Pelot\u00e3o dos Bombeiros de Adamantina que a beb\u00ea teve alta e j\u00e1 havia retornado para casa.<\/p>\n<p>&nbsp;<\/p>\n<p>Toda a movimenta\u00e7\u00e3o foi registrada pelas c\u00e2meras de vigil\u00e2ncia do Posto dos Bombeiros. O material foi editado pelo cabo Ebeling e publicado pelo 14\u00ba Grupamento de Bombeiros. Assista:<\/p>\n<p><!-- Embedded with Magic Embeds - https:\/\/magicembeds.com --><\/p>\n<div class=\"wef-measure\" style=\"max-width: 450px;\"><\/div>\n<div class=\"fb-video\" data-href=\"https:\/\/www.facebook.com\/watch\/?v=526205088591461\" data-allowfullscreen=\"true\" data-autoplay=\"false\" data-width=\"450\" data-show-text=\"false\" data-show-captions=\"true\"><\/div>\n<p>Fonte: Siga Mais<\/p>\n","protected":false},"excerpt":{"rendered":"<p>O Pelot\u00e3o do Corpo de Bombeiros de Adamantina protagonizou no \u00faltimo s\u00e1bado (24), mais uma experi\u00eancia que vai marcar a vida dos agentes de salvamento e dos familiares de uma menina de 8 meses. Desesperada, a m\u00e3e da crian\u00e7a chegou at\u00e9 o port\u00e3o da Corpora\u00e7\u00e3o com e menina nos bra\u00e7os, desacordada. &nbsp; De mediato e [&hellip;]<\/p>\n","protected":false},"author":13,"featured_media":41041,"comment_status":"closed","ping_status":"open","sticky":false,"template":"","format":"standard","meta":{"_acf_changed":false,"_exactmetrics_skip_tracking":false,"_exactmetrics_sitenote_active":false,"_exactmetrics_sitenote_note":"","_exactmetrics_sitenote_category":0,"footnotes":""},"categories":[21],"tags":[],"class_list":["post-41040","post","type-post","status-publish","format-standard","has-post-thumbnail","hentry","category-adamantina"],"acf":[],"yoast_head":"<!-- This site is optimized with the Yoast SEO plugin v27.2 - https:\/\/yoast.com\/product\/yoast-seo-wordpress\/ -->\n<title>Bombeiros de Adamantina salvam beb\u00ea de 8 meses que estava engasgada; c\u00e2meras gravam a a\u00e7\u00e3o - R\u00e1dio Life FM<\/title>\n<meta name=\"robots\" content=\"index, follow, max-snippet:-1, max-image-preview:large, max-video-preview:-1\" \/>\n<link rel=\"canonical\" href=\"https:\/\/radiolifefm.com.br\/noticias\/bombeiros-de-adamantina-salvam-bebe-de-8-meses-que-estava-engasgada-cameras-gravam-a-acao\/\" \/>\n<meta property=\"og:locale\" content=\"pt_BR\" \/>\n<meta property=\"og:type\" content=\"article\" \/>\n<meta property=\"og:title\" content=\"Bombeiros de Adamantina salvam beb\u00ea de 8 meses que estava engasgada; c\u00e2meras gravam a a\u00e7\u00e3o - R\u00e1dio Life FM\" \/>\n<meta property=\"og:description\" content=\"O Pelot\u00e3o do Corpo de Bombeiros de Adamantina protagonizou no \u00faltimo s\u00e1bado (24), mais uma experi\u00eancia que vai marcar a vida dos agentes de salvamento e dos familiares de uma menina de 8 meses. Desesperada, a m\u00e3e da crian\u00e7a chegou at\u00e9 o port\u00e3o da Corpora\u00e7\u00e3o com e menina nos bra\u00e7os, desacordada. &nbsp; De mediato e [&hellip;]\" \/>\n<meta property=\"og:url\" content=\"https:\/\/radiolifefm.com.br\/noticias\/bombeiros-de-adamantina-salvam-bebe-de-8-meses-que-estava-engasgada-cameras-gravam-a-acao\/\" \/>\n<meta property=\"og:site_name\" content=\"R\u00e1dio Life FM\" \/>\n<meta property=\"article:publisher\" content=\"https:\/\/www.facebook.com\/radiolifefm\/\" \/>\n<meta property=\"article:published_time\" content=\"2021-07-27T00:35:06+00:00\" \/>\n<meta property=\"article:modified_time\" content=\"2025-09-11T01:42:59+00:00\" \/>\n<meta property=\"og:image\" content=\"https:\/\/static.radiolifefm.com.br\/noticias\/wp-content\/uploads\/2021\/07\/bomb1jpg162733434060ff26c42f5ee.jpg\" \/>\n\t<meta property=\"og:image:width\" content=\"600\" \/>\n\t<meta property=\"og:image:height\" content=\"337\" \/>\n\t<meta property=\"og:image:type\" content=\"image\/jpeg\" \/>\n<meta name=\"author\" content=\"ritanery\" \/>\n<meta name=\"twitter:card\" content=\"summary_large_image\" \/>\n<meta name=\"twitter:label1\" content=\"Escrito por\" \/>\n\t<meta name=\"twitter:data1\" content=\"ritanery\" \/>\n\t<meta name=\"twitter:label2\" content=\"Est. tempo de leitura\" \/>\n\t<meta name=\"twitter:data2\" content=\"2 minutos\" \/>\n<script type=\"application\/ld+json\" class=\"yoast-schema-graph\">{\"@context\":\"https:\/\/schema.org\",\"@graph\":[{\"@type\":\"Article\",\"@id\":\"https:\/\/radiolifefm.com.br\/noticias\/bombeiros-de-adamantina-salvam-bebe-de-8-meses-que-estava-engasgada-cameras-gravam-a-acao\/#article\",\"isPartOf\":{\"@id\":\"https:\/\/radiolifefm.com.br\/noticias\/bombeiros-de-adamantina-salvam-bebe-de-8-meses-que-estava-engasgada-cameras-gravam-a-acao\/\"},\"author\":{\"name\":\"ritanery\",\"@id\":\"https:\/\/radiolifefm.com.br\/noticias\/#\/schema\/person\/6339b9fac59d12b071dec680d7375d87\"},\"headline\":\"Bombeiros de Adamantina salvam beb\u00ea de 8 meses que estava engasgada; c\u00e2meras gravam a a\u00e7\u00e3o\",\"datePublished\":\"2021-07-27T00:35:06+00:00\",\"dateModified\":\"2025-09-11T01:42:59+00:00\",\"mainEntityOfPage\":{\"@id\":\"https:\/\/radiolifefm.com.br\/noticias\/bombeiros-de-adamantina-salvam-bebe-de-8-meses-que-estava-engasgada-cameras-gravam-a-acao\/\"},\"wordCount\":291,\"publisher\":{\"@id\":\"https:\/\/radiolifefm.com.br\/noticias\/#organization\"},\"image\":{\"@id\":\"https:\/\/radiolifefm.com.br\/noticias\/bombeiros-de-adamantina-salvam-bebe-de-8-meses-que-estava-engasgada-cameras-gravam-a-acao\/#primaryimage\"},\"thumbnailUrl\":\"https:\/\/radiolifefm.com.br\/noticias\/wp-content\/uploads\/2021\/07\/bomb1jpg162733434060ff26c42f5ee.jpg\",\"articleSection\":[\"Adamantina\"],\"inLanguage\":\"pt-BR\"},{\"@type\":\"WebPage\",\"@id\":\"https:\/\/radiolifefm.com.br\/noticias\/bombeiros-de-adamantina-salvam-bebe-de-8-meses-que-estava-engasgada-cameras-gravam-a-acao\/\",\"url\":\"https:\/\/radiolifefm.com.br\/noticias\/bombeiros-de-adamantina-salvam-bebe-de-8-meses-que-estava-engasgada-cameras-gravam-a-acao\/\",\"name\":\"Bombeiros de Adamantina salvam beb\u00ea de 8 meses que estava engasgada; c\u00e2meras gravam a a\u00e7\u00e3o - R\u00e1dio Life FM\",\"isPartOf\":{\"@id\":\"https:\/\/radiolifefm.com.br\/noticias\/#website\"},\"primaryImageOfPage\":{\"@id\":\"https:\/\/radiolifefm.com.br\/noticias\/bombeiros-de-adamantina-salvam-bebe-de-8-meses-que-estava-engasgada-cameras-gravam-a-acao\/#primaryimage\"},\"image\":{\"@id\":\"https:\/\/radiolifefm.com.br\/noticias\/bombeiros-de-adamantina-salvam-bebe-de-8-meses-que-estava-engasgada-cameras-gravam-a-acao\/#primaryimage\"},\"thumbnailUrl\":\"https:\/\/radiolifefm.com.br\/noticias\/wp-content\/uploads\/2021\/07\/bomb1jpg162733434060ff26c42f5ee.jpg\",\"datePublished\":\"2021-07-27T00:35:06+00:00\",\"dateModified\":\"2025-09-11T01:42:59+00:00\",\"breadcrumb\":{\"@id\":\"https:\/\/radiolifefm.com.br\/noticias\/bombeiros-de-adamantina-salvam-bebe-de-8-meses-que-estava-engasgada-cameras-gravam-a-acao\/#breadcrumb\"},\"inLanguage\":\"pt-BR\",\"potentialAction\":[{\"@type\":\"ReadAction\",\"target\":[\"https:\/\/radiolifefm.com.br\/noticias\/bombeiros-de-adamantina-salvam-bebe-de-8-meses-que-estava-engasgada-cameras-gravam-a-acao\/\"]}]},{\"@type\":\"ImageObject\",\"inLanguage\":\"pt-BR\",\"@id\":\"https:\/\/radiolifefm.com.br\/noticias\/bombeiros-de-adamantina-salvam-bebe-de-8-meses-que-estava-engasgada-cameras-gravam-a-acao\/#primaryimage\",\"url\":\"https:\/\/radiolifefm.com.br\/noticias\/wp-content\/uploads\/2021\/07\/bomb1jpg162733434060ff26c42f5ee.jpg\",\"contentUrl\":\"https:\/\/radiolifefm.com.br\/noticias\/wp-content\/uploads\/2021\/07\/bomb1jpg162733434060ff26c42f5ee.jpg\",\"width\":600,\"height\":337,\"caption\":\"M\u00e3e chegou com a beb\u00ea de 8 meses nos bra\u00e7os, no port\u00e3o do Corpo de Bombeiros, onde foi salva.\"},{\"@type\":\"BreadcrumbList\",\"@id\":\"https:\/\/radiolifefm.com.br\/noticias\/bombeiros-de-adamantina-salvam-bebe-de-8-meses-que-estava-engasgada-cameras-gravam-a-acao\/#breadcrumb\",\"itemListElement\":[{\"@type\":\"ListItem\",\"position\":1,\"name\":\"In\u00edcio\",\"item\":\"https:\/\/radiolifefm.com.br\/noticias\/\"},{\"@type\":\"ListItem\",\"position\":2,\"name\":\"Bombeiros de Adamantina salvam beb\u00ea de 8 meses que estava engasgada; c\u00e2meras gravam a a\u00e7\u00e3o\"}]},{\"@type\":\"WebSite\",\"@id\":\"https:\/\/radiolifefm.com.br\/noticias\/#website\",\"url\":\"https:\/\/radiolifefm.com.br\/noticias\/\",\"name\":\"R\u00e1dio Life FM\",\"description\":\"O Portal de Not\u00edcias de Adamantina\",\"publisher\":{\"@id\":\"https:\/\/radiolifefm.com.br\/noticias\/#organization\"},\"alternateName\":\"Life FM\",\"potentialAction\":[{\"@type\":\"SearchAction\",\"target\":{\"@type\":\"EntryPoint\",\"urlTemplate\":\"https:\/\/radiolifefm.com.br\/noticias\/?s={search_term_string}\"},\"query-input\":{\"@type\":\"PropertyValueSpecification\",\"valueRequired\":true,\"valueName\":\"search_term_string\"}}],\"inLanguage\":\"pt-BR\"},{\"@type\":\"Organization\",\"@id\":\"https:\/\/radiolifefm.com.br\/noticias\/#organization\",\"name\":\"R\u00e1dio Life FM\",\"alternateName\":\"Life FM\",\"url\":\"https:\/\/radiolifefm.com.br\/noticias\/\",\"logo\":{\"@type\":\"ImageObject\",\"inLanguage\":\"pt-BR\",\"@id\":\"https:\/\/radiolifefm.com.br\/noticias\/#\/schema\/logo\/image\/\",\"url\":\"https:\/\/static.radiolifefm.com.br\/noticias\/wp-content\/uploads\/2019\/10\/logo-lifefm.png\",\"contentUrl\":\"https:\/\/static.radiolifefm.com.br\/noticias\/wp-content\/uploads\/2019\/10\/logo-lifefm.png\",\"width\":196,\"height\":47,\"caption\":\"R\u00e1dio Life FM\"},\"image\":{\"@id\":\"https:\/\/radiolifefm.com.br\/noticias\/#\/schema\/logo\/image\/\"},\"sameAs\":[\"https:\/\/www.facebook.com\/radiolifefm\/\",\"https:\/\/www.instagram.com\/life1079fm\/\"]},{\"@type\":\"Person\",\"@id\":\"https:\/\/radiolifefm.com.br\/noticias\/#\/schema\/person\/6339b9fac59d12b071dec680d7375d87\",\"name\":\"ritanery\",\"image\":{\"@type\":\"ImageObject\",\"inLanguage\":\"pt-BR\",\"@id\":\"https:\/\/secure.gravatar.com\/avatar\/0e37bb19071f47c0b8a23f62a903df117c5a0e75f65a0c2901562f97cd41cf86?s=96&d=mm&r=g\",\"url\":\"https:\/\/secure.gravatar.com\/avatar\/0e37bb19071f47c0b8a23f62a903df117c5a0e75f65a0c2901562f97cd41cf86?s=96&d=mm&r=g\",\"contentUrl\":\"https:\/\/secure.gravatar.com\/avatar\/0e37bb19071f47c0b8a23f62a903df117c5a0e75f65a0c2901562f97cd41cf86?s=96&d=mm&r=g\",\"caption\":\"ritanery\"}}]}<\/script>\n<!-- \/ Yoast SEO plugin. -->","yoast_head_json":{"title":"Bombeiros de Adamantina salvam beb\u00ea de 8 meses que estava engasgada; c\u00e2meras gravam a a\u00e7\u00e3o - R\u00e1dio Life FM","robots":{"index":"index","follow":"follow","max-snippet":"max-snippet:-1","max-image-preview":"max-image-preview:large","max-video-preview":"max-video-preview:-1"},"canonical":"https:\/\/radiolifefm.com.br\/noticias\/bombeiros-de-adamantina-salvam-bebe-de-8-meses-que-estava-engasgada-cameras-gravam-a-acao\/","og_locale":"pt_BR","og_type":"article","og_title":"Bombeiros de Adamantina salvam beb\u00ea de 8 meses que estava engasgada; c\u00e2meras gravam a a\u00e7\u00e3o - R\u00e1dio Life FM","og_description":"O Pelot\u00e3o do Corpo de Bombeiros de Adamantina protagonizou no \u00faltimo s\u00e1bado (24), mais uma experi\u00eancia que vai marcar a vida dos agentes de salvamento e dos familiares de uma menina de 8 meses. Desesperada, a m\u00e3e da crian\u00e7a chegou at\u00e9 o port\u00e3o da Corpora\u00e7\u00e3o com e menina nos bra\u00e7os, desacordada. &nbsp; De mediato e [&hellip;]","og_url":"https:\/\/radiolifefm.com.br\/noticias\/bombeiros-de-adamantina-salvam-bebe-de-8-meses-que-estava-engasgada-cameras-gravam-a-acao\/","og_site_name":"R\u00e1dio Life FM","article_publisher":"https:\/\/www.facebook.com\/radiolifefm\/","article_published_time":"2021-07-27T00:35:06+00:00","article_modified_time":"2025-09-11T01:42:59+00:00","og_image":[{"width":600,"height":337,"url":"https:\/\/static.radiolifefm.com.br\/noticias\/wp-content\/uploads\/2021\/07\/bomb1jpg162733434060ff26c42f5ee.jpg","type":"image\/jpeg"}],"author":"ritanery","twitter_card":"summary_large_image","twitter_misc":{"Escrito por":"ritanery","Est. tempo de leitura":"2 minutos"},"schema":{"@context":"https:\/\/schema.org","@graph":[{"@type":"Article","@id":"https:\/\/radiolifefm.com.br\/noticias\/bombeiros-de-adamantina-salvam-bebe-de-8-meses-que-estava-engasgada-cameras-gravam-a-acao\/#article","isPartOf":{"@id":"https:\/\/radiolifefm.com.br\/noticias\/bombeiros-de-adamantina-salvam-bebe-de-8-meses-que-estava-engasgada-cameras-gravam-a-acao\/"},"author":{"name":"ritanery","@id":"https:\/\/radiolifefm.com.br\/noticias\/#\/schema\/person\/6339b9fac59d12b071dec680d7375d87"},"headline":"Bombeiros de Adamantina salvam beb\u00ea de 8 meses que estava engasgada; c\u00e2meras gravam a a\u00e7\u00e3o","datePublished":"2021-07-27T00:35:06+00:00","dateModified":"2025-09-11T01:42:59+00:00","mainEntityOfPage":{"@id":"https:\/\/radiolifefm.com.br\/noticias\/bombeiros-de-adamantina-salvam-bebe-de-8-meses-que-estava-engasgada-cameras-gravam-a-acao\/"},"wordCount":291,"publisher":{"@id":"https:\/\/radiolifefm.com.br\/noticias\/#organization"},"image":{"@id":"https:\/\/radiolifefm.com.br\/noticias\/bombeiros-de-adamantina-salvam-bebe-de-8-meses-que-estava-engasgada-cameras-gravam-a-acao\/#primaryimage"},"thumbnailUrl":"https:\/\/radiolifefm.com.br\/noticias\/wp-content\/uploads\/2021\/07\/bomb1jpg162733434060ff26c42f5ee.jpg","articleSection":["Adamantina"],"inLanguage":"pt-BR"},{"@type":"WebPage","@id":"https:\/\/radiolifefm.com.br\/noticias\/bombeiros-de-adamantina-salvam-bebe-de-8-meses-que-estava-engasgada-cameras-gravam-a-acao\/","url":"https:\/\/radiolifefm.com.br\/noticias\/bombeiros-de-adamantina-salvam-bebe-de-8-meses-que-estava-engasgada-cameras-gravam-a-acao\/","name":"Bombeiros de Adamantina salvam beb\u00ea de 8 meses que estava engasgada; c\u00e2meras gravam a a\u00e7\u00e3o - R\u00e1dio Life FM","isPartOf":{"@id":"https:\/\/radiolifefm.com.br\/noticias\/#website"},"primaryImageOfPage":{"@id":"https:\/\/radiolifefm.com.br\/noticias\/bombeiros-de-adamantina-salvam-bebe-de-8-meses-que-estava-engasgada-cameras-gravam-a-acao\/#primaryimage"},"image":{"@id":"https:\/\/radiolifefm.com.br\/noticias\/bombeiros-de-adamantina-salvam-bebe-de-8-meses-que-estava-engasgada-cameras-gravam-a-acao\/#primaryimage"},"thumbnailUrl":"https:\/\/radiolifefm.com.br\/noticias\/wp-content\/uploads\/2021\/07\/bomb1jpg162733434060ff26c42f5ee.jpg","datePublished":"2021-07-27T00:35:06+00:00","dateModified":"2025-09-11T01:42:59+00:00","breadcrumb":{"@id":"https:\/\/radiolifefm.com.br\/noticias\/bombeiros-de-adamantina-salvam-bebe-de-8-meses-que-estava-engasgada-cameras-gravam-a-acao\/#breadcrumb"},"inLanguage":"pt-BR","potentialAction":[{"@type":"ReadAction","target":["https:\/\/radiolifefm.com.br\/noticias\/bombeiros-de-adamantina-salvam-bebe-de-8-meses-que-estava-engasgada-cameras-gravam-a-acao\/"]}]},{"@type":"ImageObject","inLanguage":"pt-BR","@id":"https:\/\/radiolifefm.com.br\/noticias\/bombeiros-de-adamantina-salvam-bebe-de-8-meses-que-estava-engasgada-cameras-gravam-a-acao\/#primaryimage","url":"https:\/\/radiolifefm.com.br\/noticias\/wp-content\/uploads\/2021\/07\/bomb1jpg162733434060ff26c42f5ee.jpg","contentUrl":"https:\/\/radiolifefm.com.br\/noticias\/wp-content\/uploads\/2021\/07\/bomb1jpg162733434060ff26c42f5ee.jpg","width":600,"height":337,"caption":"M\u00e3e chegou com a beb\u00ea de 8 meses nos bra\u00e7os, no port\u00e3o do Corpo de Bombeiros, onde foi salva."},{"@type":"BreadcrumbList","@id":"https:\/\/radiolifefm.com.br\/noticias\/bombeiros-de-adamantina-salvam-bebe-de-8-meses-que-estava-engasgada-cameras-gravam-a-acao\/#breadcrumb","itemListElement":[{"@type":"ListItem","position":1,"name":"In\u00edcio","item":"https:\/\/radiolifefm.com.br\/noticias\/"},{"@type":"ListItem","position":2,"name":"Bombeiros de Adamantina salvam beb\u00ea de 8 meses que estava engasgada; c\u00e2meras gravam a a\u00e7\u00e3o"}]},{"@type":"WebSite","@id":"https:\/\/radiolifefm.com.br\/noticias\/#website","url":"https:\/\/radiolifefm.com.br\/noticias\/","name":"R\u00e1dio Life FM","description":"O Portal de Not\u00edcias de Adamantina","publisher":{"@id":"https:\/\/radiolifefm.com.br\/noticias\/#organization"},"alternateName":"Life FM","potentialAction":[{"@type":"SearchAction","target":{"@type":"EntryPoint","urlTemplate":"https:\/\/radiolifefm.com.br\/noticias\/?s={search_term_string}"},"query-input":{"@type":"PropertyValueSpecification","valueRequired":true,"valueName":"search_term_string"}}],"inLanguage":"pt-BR"},{"@type":"Organization","@id":"https:\/\/radiolifefm.com.br\/noticias\/#organization","name":"R\u00e1dio Life FM","alternateName":"Life FM","url":"https:\/\/radiolifefm.com.br\/noticias\/","logo":{"@type":"ImageObject","inLanguage":"pt-BR","@id":"https:\/\/radiolifefm.com.br\/noticias\/#\/schema\/logo\/image\/","url":"https:\/\/static.radiolifefm.com.br\/noticias\/wp-content\/uploads\/2019\/10\/logo-lifefm.png","contentUrl":"https:\/\/static.radiolifefm.com.br\/noticias\/wp-content\/uploads\/2019\/10\/logo-lifefm.png","width":196,"height":47,"caption":"R\u00e1dio Life FM"},"image":{"@id":"https:\/\/radiolifefm.com.br\/noticias\/#\/schema\/logo\/image\/"},"sameAs":["https:\/\/www.facebook.com\/radiolifefm\/","https:\/\/www.instagram.com\/life1079fm\/"]},{"@type":"Person","@id":"https:\/\/radiolifefm.com.br\/noticias\/#\/schema\/person\/6339b9fac59d12b071dec680d7375d87","name":"ritanery","image":{"@type":"ImageObject","inLanguage":"pt-BR","@id":"https:\/\/secure.gravatar.com\/avatar\/0e37bb19071f47c0b8a23f62a903df117c5a0e75f65a0c2901562f97cd41cf86?s=96&d=mm&r=g","url":"https:\/\/secure.gravatar.com\/avatar\/0e37bb19071f47c0b8a23f62a903df117c5a0e75f65a0c2901562f97cd41cf86?s=96&d=mm&r=g","contentUrl":"https:\/\/secure.gravatar.com\/avatar\/0e37bb19071f47c0b8a23f62a903df117c5a0e75f65a0c2901562f97cd41cf86?s=96&d=mm&r=g","caption":"ritanery"}}]}},"amp_enabled":true,"_links":{"self":[{"href":"https:\/\/radiolifefm.com.br\/noticias\/wp-json\/wp\/v2\/posts\/41040","targetHints":{"allow":["GET"]}}],"collection":[{"href":"https:\/\/radiolifefm.com.br\/noticias\/wp-json\/wp\/v2\/posts"}],"about":[{"href":"https:\/\/radiolifefm.com.br\/noticias\/wp-json\/wp\/v2\/types\/post"}],"author":[{"embeddable":true,"href":"https:\/\/radiolifefm.com.br\/noticias\/wp-json\/wp\/v2\/users\/13"}],"replies":[{"embeddable":true,"href":"https:\/\/radiolifefm.com.br\/noticias\/wp-json\/wp\/v2\/comments?post=41040"}],"version-history":[{"count":2,"href":"https:\/\/radiolifefm.com.br\/noticias\/wp-json\/wp\/v2\/posts\/41040\/revisions"}],"predecessor-version":[{"id":41043,"href":"https:\/\/radiolifefm.com.br\/noticias\/wp-json\/wp\/v2\/posts\/41040\/revisions\/41043"}],"wp:featuredmedia":[{"embeddable":true,"href":"https:\/\/radiolifefm.com.br\/noticias\/wp-json\/wp\/v2\/media\/41041"}],"wp:attachment":[{"href":"https:\/\/radiolifefm.com.br\/noticias\/wp-json\/wp\/v2\/media?parent=41040"}],"wp:term":[{"taxonomy":"category","embeddable":true,"href":"https:\/\/radiolifefm.com.br\/noticias\/wp-json\/wp\/v2\/categories?post=41040"},{"taxonomy":"post_tag","embeddable":true,"href":"https:\/\/radiolifefm.com.br\/noticias\/wp-json\/wp\/v2\/tags?post=41040"}],"curies":[{"name":"wp","href":"https:\/\/api.w.org\/{rel}","templated":true}]}}