{"id":41002,"date":"2021-07-25T18:06:18","date_gmt":"2021-07-25T21:06:18","guid":{"rendered":"https:\/\/radiolifefm.com.br\/noticias\/?p=41002"},"modified":"2026-04-21T09:32:42","modified_gmt":"2026-04-21T12:32:42","slug":"espacos-verdes-de-adamantina-comecam-a-ser-recuperados-em-projeto-de-paisagismo","status":"publish","type":"post","link":"https:\/\/radiolifefm.com.br\/noticias\/espacos-verdes-de-adamantina-comecam-a-ser-recuperados-em-projeto-de-paisagismo\/","title":{"rendered":"Espa\u00e7os verdes de Adamantina come\u00e7am a ser recuperados em projeto de paisagismo"},"content":{"rendered":"<div id=\"fb-root\"><\/div>\n<p>Os \u00faltimos anos, a zeladoria de Adamantina foi um dos principais questionamentos da popula\u00e7\u00e3o ao poder p\u00fablico. Canteiros e pra\u00e7as sem manuten\u00e7\u00e3o podiam \u2013 e ainda podem \u2013 ser vistas em diversos pontos da cidade. Por\u00e9m, a situa\u00e7\u00e3o de abandono d\u00e1 lugar a espa\u00e7os cuidados e com novas caras, proporcionando lugares mais adequados para conviv\u00eancia da popula\u00e7\u00e3o.<\/p>\n<p>&nbsp;<\/p>\n<p>Exemplo deste trabalho \u00e9 a rotat\u00f3ria do Cristo Redentor. O grama seca \u2013 devido ao per\u00edodo de estiagem \u2013 ganhou a companhia de 2 mil mudas de vincas. As plantas, quando enraizadas no local, v\u00e3o trazer um charme especial para um dos pontos de maior circula\u00e7\u00e3o do Munic\u00edpio, com flores de diversas cores.<\/p>\n<p>&nbsp;<\/p>\n<p>A mesma interven\u00e7\u00e3o \u00e9 poss\u00edvel verificar no in\u00edcio da avenida da Saudade, no Parque dos Pioneiros. No local, a Secretaria de Agricultura, Meio Ambiente e Abastecimento plantou, al\u00e9m de vincas, mudas de primavera e cipreste italiano.<\/p>\n<p>&nbsp;<\/p>\n<p>Nesta semana, o trabalho de paisagismo foi iniciado no canteiro central da avenida Rio Branco e contemplar\u00e1, ainda, os espa\u00e7os verdes das avenidas Adhemar de Barros e Jos\u00e9 Ant\u00f4nio de Oliveira, da pra\u00e7a Jos\u00e9 Parrilla (Pra\u00e7a da Estrela), parques dos Pioneiros e Caldeira, al\u00e9m de outras \u00e1reas conforme demanda identificada pela Prefeitura.<\/p>\n<p>&nbsp;<\/p>\n<p>O trabalho \u00e9 coordenado pelo secret\u00e1rio Thiago Benet\u00e3o, que assumiu a pasta em janeiro. \u201cQueremos oferecer um ambiente agrad\u00e1vel para quem deseja relaxar, compartilhar momentos em fam\u00edlia ao ar livre, fazer com que o adamantinense sinta vontade de sair de casa, tenha contato com a natureza, o que n\u00e3o \u00e9 dif\u00edcil de acontecer j\u00e1 que a cidade possui v\u00e1rios lugares bons, como os parques dos Pioneiros e Caldeira\u201d, destaca.<\/p>\n<p>&nbsp;<\/p>\n<p><strong>PAISAGISMO<\/strong><\/p>\n<p>Benet\u00e3o assumiu a Secretaria de Agricultura, Meio Ambiente e Abastecimento, no in\u00edcio do ano, com diversos desafios. Em conjunto com o prefeito M\u00e1rcio Cardim (DEM), o secret\u00e1rio realizou levantamento das principais demandas e estudos sobre as esp\u00e9cies que se adaptariam a realidade dos espa\u00e7os.<\/p>\n<p>&nbsp;<\/p>\n<p>Neste processo identificou a vinca, uma planta ornamental robusta. Com flora\u00e7\u00e3o boa parte do ano, essa esp\u00e9cie \u00e9 resistente a combina\u00e7\u00e3o falta de \u00e1gua e grande incid\u00eancia de sol.<\/p>\n<p>&nbsp;<\/p>\n<p>\u201cCom isso, plantamos cerca de 600 mudas na pra\u00e7a \u00c9lio Micheloni, sendo que as plantas que vingaram estavam mais expostas ao sol. Por isso optamos pela vinca para ornamentar os espa\u00e7os verdes de nossa cidade\u201d, explica.<\/p>\n<p>&nbsp;<\/p>\n<p>O projeto inicial contempla a planta\u00e7\u00e3o de 70 mil mudas, o que daria um custo ao Munic\u00edpio de R$ 196 mil. Devido ao alto valor, Benet\u00e3o optou pela produ\u00e7\u00e3o das plantas no Viveiro Municipal, proporcionando a economia de R$ 194,7 mil.<\/p>\n<p>&nbsp;<\/p>\n<p>\u201cOptamos pela economia e aguardar pouco mais de cinco meses para iniciar o projeto de forma que traga economia ao Munic\u00edpio. Estamos gastando com as mudas cerca de R$1,3 mil. O trabalho \u00e9 todo executado pela equipe da Prefeitura. Estamos cuidando de nossa cidade com uma economia expressiva\u201d, ressalta o secret\u00e1rio de Agricultura.<\/p>\n<p>&nbsp;<\/p>\n<p>O gestor enfatiza que todas as esp\u00e9cies utilizadas nesta a\u00e7\u00e3o foram avaliadas suas caracter\u00edsticas de desenvolvimento, al\u00e9m do espa\u00e7o onde est\u00e3o sendo plantadas.<\/p>\n<p>\u201cNo canteiro da avenida da Saudade plantamos cipreste italiano, que cresce verticalmente sem prejudicar o tr\u00e2nsito, e primaveras, que ser\u00e3o podadas frequentemente para trazer um aspecto mais bonito para o espa\u00e7o\u201d.<\/p>\n<p>&nbsp;<\/p>\n<p>Para o resultado satisfat\u00f3rio do paisagismo, a Secretaria de Agricultura, Meio Ambiente e Abastecimento conta com a colabora\u00e7\u00e3o de toda a popula\u00e7\u00e3o. \u201cPedimos que nos ajudem a cuidar de nossa cidade, das plantas. As mudas est\u00e3o sendo aguadas neste momento com mais frequ\u00eancia at\u00e9 o enraizamento no local. E, durante a planta\u00e7\u00e3o na pra\u00e7a \u00c9lio Micheloni, pelo menos 60 mudas foram retiradas. Por isso \u00e9 necess\u00e1ria a colabora\u00e7\u00e3o de toda a comunidade\u201d, enfatiza Benet\u00e3o.<\/p>\n<p>&nbsp;<\/p>\n<p>Fonte: Impacto Noticias<\/p>\n","protected":false},"excerpt":{"rendered":"<p>Os \u00faltimos anos, a zeladoria de Adamantina foi um dos principais questionamentos da popula\u00e7\u00e3o ao poder p\u00fablico. Canteiros e pra\u00e7as sem manuten\u00e7\u00e3o podiam \u2013 e ainda podem \u2013 ser vistas em diversos pontos da cidade. Por\u00e9m, a situa\u00e7\u00e3o de abandono d\u00e1 lugar a espa\u00e7os cuidados e com novas caras, proporcionando lugares mais adequados para conviv\u00eancia [&hellip;]<\/p>\n","protected":false},"author":13,"featured_media":41003,"comment_status":"closed","ping_status":"open","sticky":false,"template":"","format":"standard","meta":{"_acf_changed":false,"_exactmetrics_skip_tracking":false,"_exactmetrics_sitenote_active":false,"_exactmetrics_sitenote_note":"","_exactmetrics_sitenote_category":0,"footnotes":""},"categories":[21],"tags":[],"class_list":["post-41002","post","type-post","status-publish","format-standard","has-post-thumbnail","hentry","category-adamantina"],"acf":[],"yoast_head":"<!-- This site is optimized with the Yoast SEO plugin v27.2 - https:\/\/yoast.com\/product\/yoast-seo-wordpress\/ -->\n<title>Espa\u00e7os verdes de Adamantina come\u00e7am a ser recuperados em projeto de paisagismo - R\u00e1dio Life FM<\/title>\n<meta name=\"robots\" content=\"index, follow, max-snippet:-1, max-image-preview:large, max-video-preview:-1\" \/>\n<link rel=\"canonical\" href=\"https:\/\/radiolifefm.com.br\/noticias\/espacos-verdes-de-adamantina-comecam-a-ser-recuperados-em-projeto-de-paisagismo\/\" \/>\n<meta property=\"og:locale\" content=\"pt_BR\" \/>\n<meta property=\"og:type\" content=\"article\" \/>\n<meta property=\"og:title\" content=\"Espa\u00e7os verdes de Adamantina come\u00e7am a ser recuperados em projeto de paisagismo - R\u00e1dio Life FM\" \/>\n<meta property=\"og:description\" content=\"Os \u00faltimos anos, a zeladoria de Adamantina foi um dos principais questionamentos da popula\u00e7\u00e3o ao poder p\u00fablico. Canteiros e pra\u00e7as sem manuten\u00e7\u00e3o podiam \u2013 e ainda podem \u2013 ser vistas em diversos pontos da cidade. Por\u00e9m, a situa\u00e7\u00e3o de abandono d\u00e1 lugar a espa\u00e7os cuidados e com novas caras, proporcionando lugares mais adequados para conviv\u00eancia [&hellip;]\" \/>\n<meta property=\"og:url\" content=\"https:\/\/radiolifefm.com.br\/noticias\/espacos-verdes-de-adamantina-comecam-a-ser-recuperados-em-projeto-de-paisagismo\/\" \/>\n<meta property=\"og:site_name\" content=\"R\u00e1dio Life FM\" \/>\n<meta property=\"article:publisher\" content=\"https:\/\/www.facebook.com\/radiolifefm\/\" \/>\n<meta property=\"article:published_time\" content=\"2021-07-25T21:06:18+00:00\" \/>\n<meta property=\"article:modified_time\" content=\"2026-04-21T12:32:42+00:00\" \/>\n<meta property=\"og:image\" content=\"https:\/\/radiolifefm.com.br\/noticias\/wp-content\/uploads\/2021\/07\/IMG_9973-scaled-1.jpg\" \/>\n\t<meta property=\"og:image:width\" content=\"750\" \/>\n\t<meta property=\"og:image:height\" content=\"375\" \/>\n\t<meta property=\"og:image:type\" content=\"image\/jpeg\" \/>\n<meta name=\"author\" content=\"ritanery\" \/>\n<meta name=\"twitter:card\" content=\"summary_large_image\" \/>\n<meta name=\"twitter:label1\" content=\"Escrito por\" \/>\n\t<meta name=\"twitter:data1\" content=\"ritanery\" \/>\n\t<meta name=\"twitter:label2\" content=\"Est. tempo de leitura\" \/>\n\t<meta name=\"twitter:data2\" content=\"3 minutos\" \/>\n<script type=\"application\/ld+json\" class=\"yoast-schema-graph\">{\"@context\":\"https:\/\/schema.org\",\"@graph\":[{\"@type\":\"Article\",\"@id\":\"https:\/\/radiolifefm.com.br\/noticias\/espacos-verdes-de-adamantina-comecam-a-ser-recuperados-em-projeto-de-paisagismo\/#article\",\"isPartOf\":{\"@id\":\"https:\/\/radiolifefm.com.br\/noticias\/espacos-verdes-de-adamantina-comecam-a-ser-recuperados-em-projeto-de-paisagismo\/\"},\"author\":{\"name\":\"ritanery\",\"@id\":\"https:\/\/radiolifefm.com.br\/noticias\/#\/schema\/person\/6339b9fac59d12b071dec680d7375d87\"},\"headline\":\"Espa\u00e7os verdes de Adamantina come\u00e7am a ser recuperados em projeto de paisagismo\",\"datePublished\":\"2021-07-25T21:06:18+00:00\",\"dateModified\":\"2026-04-21T12:32:42+00:00\",\"mainEntityOfPage\":{\"@id\":\"https:\/\/radiolifefm.com.br\/noticias\/espacos-verdes-de-adamantina-comecam-a-ser-recuperados-em-projeto-de-paisagismo\/\"},\"wordCount\":678,\"publisher\":{\"@id\":\"https:\/\/radiolifefm.com.br\/noticias\/#organization\"},\"image\":{\"@id\":\"https:\/\/radiolifefm.com.br\/noticias\/espacos-verdes-de-adamantina-comecam-a-ser-recuperados-em-projeto-de-paisagismo\/#primaryimage\"},\"thumbnailUrl\":\"https:\/\/radiolifefm.com.br\/noticias\/wp-content\/uploads\/2021\/07\/IMG_9973-scaled-1.jpg\",\"articleSection\":[\"Adamantina\"],\"inLanguage\":\"pt-BR\"},{\"@type\":\"WebPage\",\"@id\":\"https:\/\/radiolifefm.com.br\/noticias\/espacos-verdes-de-adamantina-comecam-a-ser-recuperados-em-projeto-de-paisagismo\/\",\"url\":\"https:\/\/radiolifefm.com.br\/noticias\/espacos-verdes-de-adamantina-comecam-a-ser-recuperados-em-projeto-de-paisagismo\/\",\"name\":\"Espa\u00e7os verdes de Adamantina come\u00e7am a ser recuperados em projeto de paisagismo - R\u00e1dio Life FM\",\"isPartOf\":{\"@id\":\"https:\/\/radiolifefm.com.br\/noticias\/#website\"},\"primaryImageOfPage\":{\"@id\":\"https:\/\/radiolifefm.com.br\/noticias\/espacos-verdes-de-adamantina-comecam-a-ser-recuperados-em-projeto-de-paisagismo\/#primaryimage\"},\"image\":{\"@id\":\"https:\/\/radiolifefm.com.br\/noticias\/espacos-verdes-de-adamantina-comecam-a-ser-recuperados-em-projeto-de-paisagismo\/#primaryimage\"},\"thumbnailUrl\":\"https:\/\/radiolifefm.com.br\/noticias\/wp-content\/uploads\/2021\/07\/IMG_9973-scaled-1.jpg\",\"datePublished\":\"2021-07-25T21:06:18+00:00\",\"dateModified\":\"2026-04-21T12:32:42+00:00\",\"breadcrumb\":{\"@id\":\"https:\/\/radiolifefm.com.br\/noticias\/espacos-verdes-de-adamantina-comecam-a-ser-recuperados-em-projeto-de-paisagismo\/#breadcrumb\"},\"inLanguage\":\"pt-BR\",\"potentialAction\":[{\"@type\":\"ReadAction\",\"target\":[\"https:\/\/radiolifefm.com.br\/noticias\/espacos-verdes-de-adamantina-comecam-a-ser-recuperados-em-projeto-de-paisagismo\/\"]}]},{\"@type\":\"ImageObject\",\"inLanguage\":\"pt-BR\",\"@id\":\"https:\/\/radiolifefm.com.br\/noticias\/espacos-verdes-de-adamantina-comecam-a-ser-recuperados-em-projeto-de-paisagismo\/#primaryimage\",\"url\":\"https:\/\/radiolifefm.com.br\/noticias\/wp-content\/uploads\/2021\/07\/IMG_9973-scaled-1.jpg\",\"contentUrl\":\"https:\/\/radiolifefm.com.br\/noticias\/wp-content\/uploads\/2021\/07\/IMG_9973-scaled-1.jpg\",\"width\":750,\"height\":375,\"caption\":\"Pra\u00e7as e canteiros de avenidas receber\u00e3o 70 mil mudas de plantas da Secretaria de Agricultura, Meio Ambiente e Abastecimento\"},{\"@type\":\"BreadcrumbList\",\"@id\":\"https:\/\/radiolifefm.com.br\/noticias\/espacos-verdes-de-adamantina-comecam-a-ser-recuperados-em-projeto-de-paisagismo\/#breadcrumb\",\"itemListElement\":[{\"@type\":\"ListItem\",\"position\":1,\"name\":\"In\u00edcio\",\"item\":\"https:\/\/radiolifefm.com.br\/noticias\/\"},{\"@type\":\"ListItem\",\"position\":2,\"name\":\"Espa\u00e7os verdes de Adamantina come\u00e7am a ser recuperados em projeto de paisagismo\"}]},{\"@type\":\"WebSite\",\"@id\":\"https:\/\/radiolifefm.com.br\/noticias\/#website\",\"url\":\"https:\/\/radiolifefm.com.br\/noticias\/\",\"name\":\"R\u00e1dio Life FM\",\"description\":\"O Portal de Not\u00edcias de Adamantina\",\"publisher\":{\"@id\":\"https:\/\/radiolifefm.com.br\/noticias\/#organization\"},\"alternateName\":\"Life FM\",\"potentialAction\":[{\"@type\":\"SearchAction\",\"target\":{\"@type\":\"EntryPoint\",\"urlTemplate\":\"https:\/\/radiolifefm.com.br\/noticias\/?s={search_term_string}\"},\"query-input\":{\"@type\":\"PropertyValueSpecification\",\"valueRequired\":true,\"valueName\":\"search_term_string\"}}],\"inLanguage\":\"pt-BR\"},{\"@type\":\"Organization\",\"@id\":\"https:\/\/radiolifefm.com.br\/noticias\/#organization\",\"name\":\"R\u00e1dio Life FM\",\"alternateName\":\"Life FM\",\"url\":\"https:\/\/radiolifefm.com.br\/noticias\/\",\"logo\":{\"@type\":\"ImageObject\",\"inLanguage\":\"pt-BR\",\"@id\":\"https:\/\/radiolifefm.com.br\/noticias\/#\/schema\/logo\/image\/\",\"url\":\"https:\/\/static.radiolifefm.com.br\/noticias\/wp-content\/uploads\/2019\/10\/logo-lifefm.png\",\"contentUrl\":\"https:\/\/static.radiolifefm.com.br\/noticias\/wp-content\/uploads\/2019\/10\/logo-lifefm.png\",\"width\":196,\"height\":47,\"caption\":\"R\u00e1dio Life FM\"},\"image\":{\"@id\":\"https:\/\/radiolifefm.com.br\/noticias\/#\/schema\/logo\/image\/\"},\"sameAs\":[\"https:\/\/www.facebook.com\/radiolifefm\/\",\"https:\/\/www.instagram.com\/life1079fm\/\"]},{\"@type\":\"Person\",\"@id\":\"https:\/\/radiolifefm.com.br\/noticias\/#\/schema\/person\/6339b9fac59d12b071dec680d7375d87\",\"name\":\"ritanery\",\"image\":{\"@type\":\"ImageObject\",\"inLanguage\":\"pt-BR\",\"@id\":\"https:\/\/secure.gravatar.com\/avatar\/0e37bb19071f47c0b8a23f62a903df117c5a0e75f65a0c2901562f97cd41cf86?s=96&d=mm&r=g\",\"url\":\"https:\/\/secure.gravatar.com\/avatar\/0e37bb19071f47c0b8a23f62a903df117c5a0e75f65a0c2901562f97cd41cf86?s=96&d=mm&r=g\",\"contentUrl\":\"https:\/\/secure.gravatar.com\/avatar\/0e37bb19071f47c0b8a23f62a903df117c5a0e75f65a0c2901562f97cd41cf86?s=96&d=mm&r=g\",\"caption\":\"ritanery\"}}]}<\/script>\n<!-- \/ Yoast SEO plugin. -->","yoast_head_json":{"title":"Espa\u00e7os verdes de Adamantina come\u00e7am a ser recuperados em projeto de paisagismo - R\u00e1dio Life FM","robots":{"index":"index","follow":"follow","max-snippet":"max-snippet:-1","max-image-preview":"max-image-preview:large","max-video-preview":"max-video-preview:-1"},"canonical":"https:\/\/radiolifefm.com.br\/noticias\/espacos-verdes-de-adamantina-comecam-a-ser-recuperados-em-projeto-de-paisagismo\/","og_locale":"pt_BR","og_type":"article","og_title":"Espa\u00e7os verdes de Adamantina come\u00e7am a ser recuperados em projeto de paisagismo - R\u00e1dio Life FM","og_description":"Os \u00faltimos anos, a zeladoria de Adamantina foi um dos principais questionamentos da popula\u00e7\u00e3o ao poder p\u00fablico. Canteiros e pra\u00e7as sem manuten\u00e7\u00e3o podiam \u2013 e ainda podem \u2013 ser vistas em diversos pontos da cidade. Por\u00e9m, a situa\u00e7\u00e3o de abandono d\u00e1 lugar a espa\u00e7os cuidados e com novas caras, proporcionando lugares mais adequados para conviv\u00eancia [&hellip;]","og_url":"https:\/\/radiolifefm.com.br\/noticias\/espacos-verdes-de-adamantina-comecam-a-ser-recuperados-em-projeto-de-paisagismo\/","og_site_name":"R\u00e1dio Life FM","article_publisher":"https:\/\/www.facebook.com\/radiolifefm\/","article_published_time":"2021-07-25T21:06:18+00:00","article_modified_time":"2026-04-21T12:32:42+00:00","og_image":[{"width":750,"height":375,"url":"https:\/\/radiolifefm.com.br\/noticias\/wp-content\/uploads\/2021\/07\/IMG_9973-scaled-1.jpg","type":"image\/jpeg"}],"author":"ritanery","twitter_card":"summary_large_image","twitter_misc":{"Escrito por":"ritanery","Est. tempo de leitura":"3 minutos"},"schema":{"@context":"https:\/\/schema.org","@graph":[{"@type":"Article","@id":"https:\/\/radiolifefm.com.br\/noticias\/espacos-verdes-de-adamantina-comecam-a-ser-recuperados-em-projeto-de-paisagismo\/#article","isPartOf":{"@id":"https:\/\/radiolifefm.com.br\/noticias\/espacos-verdes-de-adamantina-comecam-a-ser-recuperados-em-projeto-de-paisagismo\/"},"author":{"name":"ritanery","@id":"https:\/\/radiolifefm.com.br\/noticias\/#\/schema\/person\/6339b9fac59d12b071dec680d7375d87"},"headline":"Espa\u00e7os verdes de Adamantina come\u00e7am a ser recuperados em projeto de paisagismo","datePublished":"2021-07-25T21:06:18+00:00","dateModified":"2026-04-21T12:32:42+00:00","mainEntityOfPage":{"@id":"https:\/\/radiolifefm.com.br\/noticias\/espacos-verdes-de-adamantina-comecam-a-ser-recuperados-em-projeto-de-paisagismo\/"},"wordCount":678,"publisher":{"@id":"https:\/\/radiolifefm.com.br\/noticias\/#organization"},"image":{"@id":"https:\/\/radiolifefm.com.br\/noticias\/espacos-verdes-de-adamantina-comecam-a-ser-recuperados-em-projeto-de-paisagismo\/#primaryimage"},"thumbnailUrl":"https:\/\/radiolifefm.com.br\/noticias\/wp-content\/uploads\/2021\/07\/IMG_9973-scaled-1.jpg","articleSection":["Adamantina"],"inLanguage":"pt-BR"},{"@type":"WebPage","@id":"https:\/\/radiolifefm.com.br\/noticias\/espacos-verdes-de-adamantina-comecam-a-ser-recuperados-em-projeto-de-paisagismo\/","url":"https:\/\/radiolifefm.com.br\/noticias\/espacos-verdes-de-adamantina-comecam-a-ser-recuperados-em-projeto-de-paisagismo\/","name":"Espa\u00e7os verdes de Adamantina come\u00e7am a ser recuperados em projeto de paisagismo - R\u00e1dio Life FM","isPartOf":{"@id":"https:\/\/radiolifefm.com.br\/noticias\/#website"},"primaryImageOfPage":{"@id":"https:\/\/radiolifefm.com.br\/noticias\/espacos-verdes-de-adamantina-comecam-a-ser-recuperados-em-projeto-de-paisagismo\/#primaryimage"},"image":{"@id":"https:\/\/radiolifefm.com.br\/noticias\/espacos-verdes-de-adamantina-comecam-a-ser-recuperados-em-projeto-de-paisagismo\/#primaryimage"},"thumbnailUrl":"https:\/\/radiolifefm.com.br\/noticias\/wp-content\/uploads\/2021\/07\/IMG_9973-scaled-1.jpg","datePublished":"2021-07-25T21:06:18+00:00","dateModified":"2026-04-21T12:32:42+00:00","breadcrumb":{"@id":"https:\/\/radiolifefm.com.br\/noticias\/espacos-verdes-de-adamantina-comecam-a-ser-recuperados-em-projeto-de-paisagismo\/#breadcrumb"},"inLanguage":"pt-BR","potentialAction":[{"@type":"ReadAction","target":["https:\/\/radiolifefm.com.br\/noticias\/espacos-verdes-de-adamantina-comecam-a-ser-recuperados-em-projeto-de-paisagismo\/"]}]},{"@type":"ImageObject","inLanguage":"pt-BR","@id":"https:\/\/radiolifefm.com.br\/noticias\/espacos-verdes-de-adamantina-comecam-a-ser-recuperados-em-projeto-de-paisagismo\/#primaryimage","url":"https:\/\/radiolifefm.com.br\/noticias\/wp-content\/uploads\/2021\/07\/IMG_9973-scaled-1.jpg","contentUrl":"https:\/\/radiolifefm.com.br\/noticias\/wp-content\/uploads\/2021\/07\/IMG_9973-scaled-1.jpg","width":750,"height":375,"caption":"Pra\u00e7as e canteiros de avenidas receber\u00e3o 70 mil mudas de plantas da Secretaria de Agricultura, Meio Ambiente e Abastecimento"},{"@type":"BreadcrumbList","@id":"https:\/\/radiolifefm.com.br\/noticias\/espacos-verdes-de-adamantina-comecam-a-ser-recuperados-em-projeto-de-paisagismo\/#breadcrumb","itemListElement":[{"@type":"ListItem","position":1,"name":"In\u00edcio","item":"https:\/\/radiolifefm.com.br\/noticias\/"},{"@type":"ListItem","position":2,"name":"Espa\u00e7os verdes de Adamantina come\u00e7am a ser recuperados em projeto de paisagismo"}]},{"@type":"WebSite","@id":"https:\/\/radiolifefm.com.br\/noticias\/#website","url":"https:\/\/radiolifefm.com.br\/noticias\/","name":"R\u00e1dio Life FM","description":"O Portal de Not\u00edcias de Adamantina","publisher":{"@id":"https:\/\/radiolifefm.com.br\/noticias\/#organization"},"alternateName":"Life FM","potentialAction":[{"@type":"SearchAction","target":{"@type":"EntryPoint","urlTemplate":"https:\/\/radiolifefm.com.br\/noticias\/?s={search_term_string}"},"query-input":{"@type":"PropertyValueSpecification","valueRequired":true,"valueName":"search_term_string"}}],"inLanguage":"pt-BR"},{"@type":"Organization","@id":"https:\/\/radiolifefm.com.br\/noticias\/#organization","name":"R\u00e1dio Life FM","alternateName":"Life FM","url":"https:\/\/radiolifefm.com.br\/noticias\/","logo":{"@type":"ImageObject","inLanguage":"pt-BR","@id":"https:\/\/radiolifefm.com.br\/noticias\/#\/schema\/logo\/image\/","url":"https:\/\/static.radiolifefm.com.br\/noticias\/wp-content\/uploads\/2019\/10\/logo-lifefm.png","contentUrl":"https:\/\/static.radiolifefm.com.br\/noticias\/wp-content\/uploads\/2019\/10\/logo-lifefm.png","width":196,"height":47,"caption":"R\u00e1dio Life FM"},"image":{"@id":"https:\/\/radiolifefm.com.br\/noticias\/#\/schema\/logo\/image\/"},"sameAs":["https:\/\/www.facebook.com\/radiolifefm\/","https:\/\/www.instagram.com\/life1079fm\/"]},{"@type":"Person","@id":"https:\/\/radiolifefm.com.br\/noticias\/#\/schema\/person\/6339b9fac59d12b071dec680d7375d87","name":"ritanery","image":{"@type":"ImageObject","inLanguage":"pt-BR","@id":"https:\/\/secure.gravatar.com\/avatar\/0e37bb19071f47c0b8a23f62a903df117c5a0e75f65a0c2901562f97cd41cf86?s=96&d=mm&r=g","url":"https:\/\/secure.gravatar.com\/avatar\/0e37bb19071f47c0b8a23f62a903df117c5a0e75f65a0c2901562f97cd41cf86?s=96&d=mm&r=g","contentUrl":"https:\/\/secure.gravatar.com\/avatar\/0e37bb19071f47c0b8a23f62a903df117c5a0e75f65a0c2901562f97cd41cf86?s=96&d=mm&r=g","caption":"ritanery"}}]}},"amp_enabled":true,"_links":{"self":[{"href":"https:\/\/radiolifefm.com.br\/noticias\/wp-json\/wp\/v2\/posts\/41002","targetHints":{"allow":["GET"]}}],"collection":[{"href":"https:\/\/radiolifefm.com.br\/noticias\/wp-json\/wp\/v2\/posts"}],"about":[{"href":"https:\/\/radiolifefm.com.br\/noticias\/wp-json\/wp\/v2\/types\/post"}],"author":[{"embeddable":true,"href":"https:\/\/radiolifefm.com.br\/noticias\/wp-json\/wp\/v2\/users\/13"}],"replies":[{"embeddable":true,"href":"https:\/\/radiolifefm.com.br\/noticias\/wp-json\/wp\/v2\/comments?post=41002"}],"version-history":[{"count":1,"href":"https:\/\/radiolifefm.com.br\/noticias\/wp-json\/wp\/v2\/posts\/41002\/revisions"}],"predecessor-version":[{"id":41004,"href":"https:\/\/radiolifefm.com.br\/noticias\/wp-json\/wp\/v2\/posts\/41002\/revisions\/41004"}],"wp:featuredmedia":[{"embeddable":true,"href":"https:\/\/radiolifefm.com.br\/noticias\/wp-json\/wp\/v2\/media\/41003"}],"wp:attachment":[{"href":"https:\/\/radiolifefm.com.br\/noticias\/wp-json\/wp\/v2\/media?parent=41002"}],"wp:term":[{"taxonomy":"category","embeddable":true,"href":"https:\/\/radiolifefm.com.br\/noticias\/wp-json\/wp\/v2\/categories?post=41002"},{"taxonomy":"post_tag","embeddable":true,"href":"https:\/\/radiolifefm.com.br\/noticias\/wp-json\/wp\/v2\/tags?post=41002"}],"curies":[{"name":"wp","href":"https:\/\/api.w.org\/{rel}","templated":true}]}}