{"id":40981,"date":"2021-07-23T20:26:53","date_gmt":"2021-07-23T23:26:53","guid":{"rendered":"https:\/\/radiolifefm.com.br\/noticias\/?p=40981"},"modified":"2026-04-06T09:40:27","modified_gmt":"2026-04-06T12:40:27","slug":"projeto-tempo-inteligente-reduz-45seg-de-espera-em-semaforo-no-parque-dos-pioneiros","status":"publish","type":"post","link":"https:\/\/radiolifefm.com.br\/noticias\/projeto-tempo-inteligente-reduz-45seg-de-espera-em-semaforo-no-parque-dos-pioneiros\/","title":{"rendered":"Projeto \u201cTempo Inteligente\u201d reduz 45seg de espera em sem\u00e1foro no Parque dos Pioneiros"},"content":{"rendered":"<div id=\"fb-root\"><\/div>\n<p>Com o funcionamento do sem\u00e1foro no Parque dos Pioneiros, a Prefeitura de Adamantina, por meio do Departamento Municipal de Tr\u00e2nsito (DEMTRAN), deu in\u00edcio a estudos de tr\u00e1fego para o funcionamento dos sem\u00e1foros existentes na cidade.<\/p>\n<p>Al\u00e9m das proibi\u00e7\u00f5es de convers\u00e3o \u00e0 esquerda, que garantem a operacionaliza\u00e7\u00e3o de apenas 03 tempos no sem\u00e1foro, implantou-se os tempos inteligentes.<\/p>\n<p>&nbsp;<\/p>\n<p>Em hor\u00e1rios de pico de fluxo de ve\u00edculos, os tempos s\u00e3o maiores para atendimento da quantidade expressiva da frota. Fora dos hor\u00e1rios de pico, os tempos s\u00e3o reduzidos, trazendo uma maior agilidade no fluxo de ve\u00edculos pelo local.<\/p>\n<p>&nbsp;<\/p>\n<p>Com a proibi\u00e7\u00e3o de convers\u00e3o \u00e0 esquerda e a inclus\u00e3o de 03 tempos, a espera m\u00e1xima no sem\u00e1foro &#8211; nos hor\u00e1rios de pico &#8211; \u00e9 de 44seg para quem est\u00e1 pela Alameda Padre N\u00f3brega (F2) \/ 37seg para quem est\u00e1 pela Avenida da Saudade-Avenida Adhemar de Barros (F1) \/ 52seg para todos os pedestres.<\/p>\n<p>&nbsp;<\/p>\n<p>Nos hor\u00e1rios de baixo fluxo de ve\u00edculo, a espera m\u00e1xima passa a ser de 36seg para quem est\u00e1 pela Padre N\u00f3brega (F2) \/ 32seg para quem est\u00e1 pela Avenida da Saudade-Avenida Adhemar de Barros (F1) \/ 39seg para todos os pedestres.<\/p>\n<p>&nbsp;<\/p>\n<p>Caso a temporiza\u00e7\u00e3o semaf\u00f3rica permanecesse nos mesmos moldes j\u00e1 existentes, a espera nos hor\u00e1rios de pico chegaria a 94seg (1m34s) para os pedestres \/ 89seg (1m29s) para Alameda Padre N\u00f3brega sentido centro \/ 86seg (1m26s) para Alameda Padre N\u00f3brega sentido bairro \/ 81seg (1m21s) para Av. da Saudade e Av. Adhemar de Barros.<\/p>\n<p>O estudo ser\u00e1 mantido at\u00e9 o fim do m\u00eas de julho e, caso seja positivo, poder\u00e1 ser implantado em outros sem\u00e1foros da cidade, dependendo da viabilidade de cada local.<\/p>\n<p>O DEMTRAN orienta que os motoristas tenham respeito e responsabilidade no tr\u00e2nsito e informa que fazer a convers\u00e3o \u00e0 esquerda em local com proibi\u00e7\u00e3o \u00e9 infra\u00e7\u00e3o grave (Art. 207 do CTB), que rende 5 pontos de infra\u00e7\u00e3o e multa de R$195,23.<\/p>\n<p>&nbsp;<\/p>\n<p>Fonte: Assessoria de Imprensa<\/p>\n","protected":false},"excerpt":{"rendered":"<p>Com o funcionamento do sem\u00e1foro no Parque dos Pioneiros, a Prefeitura de Adamantina, por meio do Departamento Municipal de Tr\u00e2nsito (DEMTRAN), deu in\u00edcio a estudos de tr\u00e1fego para o funcionamento dos sem\u00e1foros existentes na cidade. Al\u00e9m das proibi\u00e7\u00f5es de convers\u00e3o \u00e0 esquerda, que garantem a operacionaliza\u00e7\u00e3o de apenas 03 tempos no sem\u00e1foro, implantou-se os tempos [&hellip;]<\/p>\n","protected":false},"author":13,"featured_media":40982,"comment_status":"closed","ping_status":"open","sticky":false,"template":"","format":"standard","meta":{"_acf_changed":false,"_exactmetrics_skip_tracking":false,"_exactmetrics_sitenote_active":false,"_exactmetrics_sitenote_note":"","_exactmetrics_sitenote_category":0,"footnotes":""},"categories":[21],"tags":[],"class_list":["post-40981","post","type-post","status-publish","format-standard","has-post-thumbnail","hentry","category-adamantina"],"acf":[],"yoast_head":"<!-- This site is optimized with the Yoast SEO plugin v27.2 - https:\/\/yoast.com\/product\/yoast-seo-wordpress\/ -->\n<title>Projeto \u201cTempo Inteligente\u201d reduz 45seg de espera em sem\u00e1foro no Parque dos Pioneiros - R\u00e1dio Life FM<\/title>\n<meta name=\"robots\" content=\"index, follow, max-snippet:-1, max-image-preview:large, max-video-preview:-1\" \/>\n<link rel=\"canonical\" href=\"https:\/\/radiolifefm.com.br\/noticias\/projeto-tempo-inteligente-reduz-45seg-de-espera-em-semaforo-no-parque-dos-pioneiros\/\" \/>\n<meta property=\"og:locale\" content=\"pt_BR\" \/>\n<meta property=\"og:type\" content=\"article\" \/>\n<meta property=\"og:title\" content=\"Projeto \u201cTempo Inteligente\u201d reduz 45seg de espera em sem\u00e1foro no Parque dos Pioneiros - R\u00e1dio Life FM\" \/>\n<meta property=\"og:description\" content=\"Com o funcionamento do sem\u00e1foro no Parque dos Pioneiros, a Prefeitura de Adamantina, por meio do Departamento Municipal de Tr\u00e2nsito (DEMTRAN), deu in\u00edcio a estudos de tr\u00e1fego para o funcionamento dos sem\u00e1foros existentes na cidade. Al\u00e9m das proibi\u00e7\u00f5es de convers\u00e3o \u00e0 esquerda, que garantem a operacionaliza\u00e7\u00e3o de apenas 03 tempos no sem\u00e1foro, implantou-se os tempos [&hellip;]\" \/>\n<meta property=\"og:url\" content=\"https:\/\/radiolifefm.com.br\/noticias\/projeto-tempo-inteligente-reduz-45seg-de-espera-em-semaforo-no-parque-dos-pioneiros\/\" \/>\n<meta property=\"og:site_name\" content=\"R\u00e1dio Life FM\" \/>\n<meta property=\"article:publisher\" content=\"https:\/\/www.facebook.com\/radiolifefm\/\" \/>\n<meta property=\"article:published_time\" content=\"2021-07-23T23:26:53+00:00\" \/>\n<meta property=\"article:modified_time\" content=\"2026-04-06T12:40:27+00:00\" \/>\n<meta property=\"og:image\" content=\"https:\/\/radiolifefm.com.br\/noticias\/wp-content\/uploads\/2021\/07\/SEMAFORO-PARQUE-DOS-PIONEIROS.ok_.jpg\" \/>\n\t<meta property=\"og:image:width\" content=\"1080\" \/>\n\t<meta property=\"og:image:height\" content=\"1080\" \/>\n\t<meta property=\"og:image:type\" content=\"image\/jpeg\" \/>\n<meta name=\"author\" content=\"ritanery\" \/>\n<meta name=\"twitter:card\" content=\"summary_large_image\" \/>\n<meta name=\"twitter:label1\" content=\"Escrito por\" \/>\n\t<meta name=\"twitter:data1\" content=\"ritanery\" \/>\n\t<meta name=\"twitter:label2\" content=\"Est. tempo de leitura\" \/>\n\t<meta name=\"twitter:data2\" content=\"2 minutos\" \/>\n<script type=\"application\/ld+json\" class=\"yoast-schema-graph\">{\"@context\":\"https:\/\/schema.org\",\"@graph\":[{\"@type\":\"Article\",\"@id\":\"https:\/\/radiolifefm.com.br\/noticias\/projeto-tempo-inteligente-reduz-45seg-de-espera-em-semaforo-no-parque-dos-pioneiros\/#article\",\"isPartOf\":{\"@id\":\"https:\/\/radiolifefm.com.br\/noticias\/projeto-tempo-inteligente-reduz-45seg-de-espera-em-semaforo-no-parque-dos-pioneiros\/\"},\"author\":{\"name\":\"ritanery\",\"@id\":\"https:\/\/radiolifefm.com.br\/noticias\/#\/schema\/person\/6339b9fac59d12b071dec680d7375d87\"},\"headline\":\"Projeto \u201cTempo Inteligente\u201d reduz 45seg de espera em sem\u00e1foro no Parque dos Pioneiros\",\"datePublished\":\"2021-07-23T23:26:53+00:00\",\"dateModified\":\"2026-04-06T12:40:27+00:00\",\"mainEntityOfPage\":{\"@id\":\"https:\/\/radiolifefm.com.br\/noticias\/projeto-tempo-inteligente-reduz-45seg-de-espera-em-semaforo-no-parque-dos-pioneiros\/\"},\"wordCount\":362,\"publisher\":{\"@id\":\"https:\/\/radiolifefm.com.br\/noticias\/#organization\"},\"image\":{\"@id\":\"https:\/\/radiolifefm.com.br\/noticias\/projeto-tempo-inteligente-reduz-45seg-de-espera-em-semaforo-no-parque-dos-pioneiros\/#primaryimage\"},\"thumbnailUrl\":\"https:\/\/radiolifefm.com.br\/noticias\/wp-content\/uploads\/2021\/07\/SEMAFORO-PARQUE-DOS-PIONEIROS.ok_.jpg\",\"articleSection\":[\"Adamantina\"],\"inLanguage\":\"pt-BR\"},{\"@type\":\"WebPage\",\"@id\":\"https:\/\/radiolifefm.com.br\/noticias\/projeto-tempo-inteligente-reduz-45seg-de-espera-em-semaforo-no-parque-dos-pioneiros\/\",\"url\":\"https:\/\/radiolifefm.com.br\/noticias\/projeto-tempo-inteligente-reduz-45seg-de-espera-em-semaforo-no-parque-dos-pioneiros\/\",\"name\":\"Projeto \u201cTempo Inteligente\u201d reduz 45seg de espera em sem\u00e1foro no Parque dos Pioneiros - R\u00e1dio Life FM\",\"isPartOf\":{\"@id\":\"https:\/\/radiolifefm.com.br\/noticias\/#website\"},\"primaryImageOfPage\":{\"@id\":\"https:\/\/radiolifefm.com.br\/noticias\/projeto-tempo-inteligente-reduz-45seg-de-espera-em-semaforo-no-parque-dos-pioneiros\/#primaryimage\"},\"image\":{\"@id\":\"https:\/\/radiolifefm.com.br\/noticias\/projeto-tempo-inteligente-reduz-45seg-de-espera-em-semaforo-no-parque-dos-pioneiros\/#primaryimage\"},\"thumbnailUrl\":\"https:\/\/radiolifefm.com.br\/noticias\/wp-content\/uploads\/2021\/07\/SEMAFORO-PARQUE-DOS-PIONEIROS.ok_.jpg\",\"datePublished\":\"2021-07-23T23:26:53+00:00\",\"dateModified\":\"2026-04-06T12:40:27+00:00\",\"breadcrumb\":{\"@id\":\"https:\/\/radiolifefm.com.br\/noticias\/projeto-tempo-inteligente-reduz-45seg-de-espera-em-semaforo-no-parque-dos-pioneiros\/#breadcrumb\"},\"inLanguage\":\"pt-BR\",\"potentialAction\":[{\"@type\":\"ReadAction\",\"target\":[\"https:\/\/radiolifefm.com.br\/noticias\/projeto-tempo-inteligente-reduz-45seg-de-espera-em-semaforo-no-parque-dos-pioneiros\/\"]}]},{\"@type\":\"ImageObject\",\"inLanguage\":\"pt-BR\",\"@id\":\"https:\/\/radiolifefm.com.br\/noticias\/projeto-tempo-inteligente-reduz-45seg-de-espera-em-semaforo-no-parque-dos-pioneiros\/#primaryimage\",\"url\":\"https:\/\/radiolifefm.com.br\/noticias\/wp-content\/uploads\/2021\/07\/SEMAFORO-PARQUE-DOS-PIONEIROS.ok_.jpg\",\"contentUrl\":\"https:\/\/radiolifefm.com.br\/noticias\/wp-content\/uploads\/2021\/07\/SEMAFORO-PARQUE-DOS-PIONEIROS.ok_.jpg\",\"width\":1080,\"height\":1080,\"caption\":\"\u00adEntenda o projeto para melhoria dos sem\u00e1foros em Adamantina\"},{\"@type\":\"BreadcrumbList\",\"@id\":\"https:\/\/radiolifefm.com.br\/noticias\/projeto-tempo-inteligente-reduz-45seg-de-espera-em-semaforo-no-parque-dos-pioneiros\/#breadcrumb\",\"itemListElement\":[{\"@type\":\"ListItem\",\"position\":1,\"name\":\"In\u00edcio\",\"item\":\"https:\/\/radiolifefm.com.br\/noticias\/\"},{\"@type\":\"ListItem\",\"position\":2,\"name\":\"Projeto \u201cTempo Inteligente\u201d reduz 45seg de espera em sem\u00e1foro no Parque dos Pioneiros\"}]},{\"@type\":\"WebSite\",\"@id\":\"https:\/\/radiolifefm.com.br\/noticias\/#website\",\"url\":\"https:\/\/radiolifefm.com.br\/noticias\/\",\"name\":\"R\u00e1dio Life FM\",\"description\":\"O Portal de Not\u00edcias de Adamantina\",\"publisher\":{\"@id\":\"https:\/\/radiolifefm.com.br\/noticias\/#organization\"},\"alternateName\":\"Life FM\",\"potentialAction\":[{\"@type\":\"SearchAction\",\"target\":{\"@type\":\"EntryPoint\",\"urlTemplate\":\"https:\/\/radiolifefm.com.br\/noticias\/?s={search_term_string}\"},\"query-input\":{\"@type\":\"PropertyValueSpecification\",\"valueRequired\":true,\"valueName\":\"search_term_string\"}}],\"inLanguage\":\"pt-BR\"},{\"@type\":\"Organization\",\"@id\":\"https:\/\/radiolifefm.com.br\/noticias\/#organization\",\"name\":\"R\u00e1dio Life FM\",\"alternateName\":\"Life FM\",\"url\":\"https:\/\/radiolifefm.com.br\/noticias\/\",\"logo\":{\"@type\":\"ImageObject\",\"inLanguage\":\"pt-BR\",\"@id\":\"https:\/\/radiolifefm.com.br\/noticias\/#\/schema\/logo\/image\/\",\"url\":\"https:\/\/static.radiolifefm.com.br\/noticias\/wp-content\/uploads\/2019\/10\/logo-lifefm.png\",\"contentUrl\":\"https:\/\/static.radiolifefm.com.br\/noticias\/wp-content\/uploads\/2019\/10\/logo-lifefm.png\",\"width\":196,\"height\":47,\"caption\":\"R\u00e1dio Life FM\"},\"image\":{\"@id\":\"https:\/\/radiolifefm.com.br\/noticias\/#\/schema\/logo\/image\/\"},\"sameAs\":[\"https:\/\/www.facebook.com\/radiolifefm\/\",\"https:\/\/www.instagram.com\/life1079fm\/\"]},{\"@type\":\"Person\",\"@id\":\"https:\/\/radiolifefm.com.br\/noticias\/#\/schema\/person\/6339b9fac59d12b071dec680d7375d87\",\"name\":\"ritanery\",\"image\":{\"@type\":\"ImageObject\",\"inLanguage\":\"pt-BR\",\"@id\":\"https:\/\/secure.gravatar.com\/avatar\/0e37bb19071f47c0b8a23f62a903df117c5a0e75f65a0c2901562f97cd41cf86?s=96&d=mm&r=g\",\"url\":\"https:\/\/secure.gravatar.com\/avatar\/0e37bb19071f47c0b8a23f62a903df117c5a0e75f65a0c2901562f97cd41cf86?s=96&d=mm&r=g\",\"contentUrl\":\"https:\/\/secure.gravatar.com\/avatar\/0e37bb19071f47c0b8a23f62a903df117c5a0e75f65a0c2901562f97cd41cf86?s=96&d=mm&r=g\",\"caption\":\"ritanery\"}}]}<\/script>\n<!-- \/ Yoast SEO plugin. -->","yoast_head_json":{"title":"Projeto \u201cTempo Inteligente\u201d reduz 45seg de espera em sem\u00e1foro no Parque dos Pioneiros - R\u00e1dio Life FM","robots":{"index":"index","follow":"follow","max-snippet":"max-snippet:-1","max-image-preview":"max-image-preview:large","max-video-preview":"max-video-preview:-1"},"canonical":"https:\/\/radiolifefm.com.br\/noticias\/projeto-tempo-inteligente-reduz-45seg-de-espera-em-semaforo-no-parque-dos-pioneiros\/","og_locale":"pt_BR","og_type":"article","og_title":"Projeto \u201cTempo Inteligente\u201d reduz 45seg de espera em sem\u00e1foro no Parque dos Pioneiros - R\u00e1dio Life FM","og_description":"Com o funcionamento do sem\u00e1foro no Parque dos Pioneiros, a Prefeitura de Adamantina, por meio do Departamento Municipal de Tr\u00e2nsito (DEMTRAN), deu in\u00edcio a estudos de tr\u00e1fego para o funcionamento dos sem\u00e1foros existentes na cidade. Al\u00e9m das proibi\u00e7\u00f5es de convers\u00e3o \u00e0 esquerda, que garantem a operacionaliza\u00e7\u00e3o de apenas 03 tempos no sem\u00e1foro, implantou-se os tempos [&hellip;]","og_url":"https:\/\/radiolifefm.com.br\/noticias\/projeto-tempo-inteligente-reduz-45seg-de-espera-em-semaforo-no-parque-dos-pioneiros\/","og_site_name":"R\u00e1dio Life FM","article_publisher":"https:\/\/www.facebook.com\/radiolifefm\/","article_published_time":"2021-07-23T23:26:53+00:00","article_modified_time":"2026-04-06T12:40:27+00:00","og_image":[{"width":1080,"height":1080,"url":"https:\/\/radiolifefm.com.br\/noticias\/wp-content\/uploads\/2021\/07\/SEMAFORO-PARQUE-DOS-PIONEIROS.ok_.jpg","type":"image\/jpeg"}],"author":"ritanery","twitter_card":"summary_large_image","twitter_misc":{"Escrito por":"ritanery","Est. tempo de leitura":"2 minutos"},"schema":{"@context":"https:\/\/schema.org","@graph":[{"@type":"Article","@id":"https:\/\/radiolifefm.com.br\/noticias\/projeto-tempo-inteligente-reduz-45seg-de-espera-em-semaforo-no-parque-dos-pioneiros\/#article","isPartOf":{"@id":"https:\/\/radiolifefm.com.br\/noticias\/projeto-tempo-inteligente-reduz-45seg-de-espera-em-semaforo-no-parque-dos-pioneiros\/"},"author":{"name":"ritanery","@id":"https:\/\/radiolifefm.com.br\/noticias\/#\/schema\/person\/6339b9fac59d12b071dec680d7375d87"},"headline":"Projeto \u201cTempo Inteligente\u201d reduz 45seg de espera em sem\u00e1foro no Parque dos Pioneiros","datePublished":"2021-07-23T23:26:53+00:00","dateModified":"2026-04-06T12:40:27+00:00","mainEntityOfPage":{"@id":"https:\/\/radiolifefm.com.br\/noticias\/projeto-tempo-inteligente-reduz-45seg-de-espera-em-semaforo-no-parque-dos-pioneiros\/"},"wordCount":362,"publisher":{"@id":"https:\/\/radiolifefm.com.br\/noticias\/#organization"},"image":{"@id":"https:\/\/radiolifefm.com.br\/noticias\/projeto-tempo-inteligente-reduz-45seg-de-espera-em-semaforo-no-parque-dos-pioneiros\/#primaryimage"},"thumbnailUrl":"https:\/\/radiolifefm.com.br\/noticias\/wp-content\/uploads\/2021\/07\/SEMAFORO-PARQUE-DOS-PIONEIROS.ok_.jpg","articleSection":["Adamantina"],"inLanguage":"pt-BR"},{"@type":"WebPage","@id":"https:\/\/radiolifefm.com.br\/noticias\/projeto-tempo-inteligente-reduz-45seg-de-espera-em-semaforo-no-parque-dos-pioneiros\/","url":"https:\/\/radiolifefm.com.br\/noticias\/projeto-tempo-inteligente-reduz-45seg-de-espera-em-semaforo-no-parque-dos-pioneiros\/","name":"Projeto \u201cTempo Inteligente\u201d reduz 45seg de espera em sem\u00e1foro no Parque dos Pioneiros - R\u00e1dio Life FM","isPartOf":{"@id":"https:\/\/radiolifefm.com.br\/noticias\/#website"},"primaryImageOfPage":{"@id":"https:\/\/radiolifefm.com.br\/noticias\/projeto-tempo-inteligente-reduz-45seg-de-espera-em-semaforo-no-parque-dos-pioneiros\/#primaryimage"},"image":{"@id":"https:\/\/radiolifefm.com.br\/noticias\/projeto-tempo-inteligente-reduz-45seg-de-espera-em-semaforo-no-parque-dos-pioneiros\/#primaryimage"},"thumbnailUrl":"https:\/\/radiolifefm.com.br\/noticias\/wp-content\/uploads\/2021\/07\/SEMAFORO-PARQUE-DOS-PIONEIROS.ok_.jpg","datePublished":"2021-07-23T23:26:53+00:00","dateModified":"2026-04-06T12:40:27+00:00","breadcrumb":{"@id":"https:\/\/radiolifefm.com.br\/noticias\/projeto-tempo-inteligente-reduz-45seg-de-espera-em-semaforo-no-parque-dos-pioneiros\/#breadcrumb"},"inLanguage":"pt-BR","potentialAction":[{"@type":"ReadAction","target":["https:\/\/radiolifefm.com.br\/noticias\/projeto-tempo-inteligente-reduz-45seg-de-espera-em-semaforo-no-parque-dos-pioneiros\/"]}]},{"@type":"ImageObject","inLanguage":"pt-BR","@id":"https:\/\/radiolifefm.com.br\/noticias\/projeto-tempo-inteligente-reduz-45seg-de-espera-em-semaforo-no-parque-dos-pioneiros\/#primaryimage","url":"https:\/\/radiolifefm.com.br\/noticias\/wp-content\/uploads\/2021\/07\/SEMAFORO-PARQUE-DOS-PIONEIROS.ok_.jpg","contentUrl":"https:\/\/radiolifefm.com.br\/noticias\/wp-content\/uploads\/2021\/07\/SEMAFORO-PARQUE-DOS-PIONEIROS.ok_.jpg","width":1080,"height":1080,"caption":"\u00adEntenda o projeto para melhoria dos sem\u00e1foros em Adamantina"},{"@type":"BreadcrumbList","@id":"https:\/\/radiolifefm.com.br\/noticias\/projeto-tempo-inteligente-reduz-45seg-de-espera-em-semaforo-no-parque-dos-pioneiros\/#breadcrumb","itemListElement":[{"@type":"ListItem","position":1,"name":"In\u00edcio","item":"https:\/\/radiolifefm.com.br\/noticias\/"},{"@type":"ListItem","position":2,"name":"Projeto \u201cTempo Inteligente\u201d reduz 45seg de espera em sem\u00e1foro no Parque dos Pioneiros"}]},{"@type":"WebSite","@id":"https:\/\/radiolifefm.com.br\/noticias\/#website","url":"https:\/\/radiolifefm.com.br\/noticias\/","name":"R\u00e1dio Life FM","description":"O Portal de Not\u00edcias de Adamantina","publisher":{"@id":"https:\/\/radiolifefm.com.br\/noticias\/#organization"},"alternateName":"Life FM","potentialAction":[{"@type":"SearchAction","target":{"@type":"EntryPoint","urlTemplate":"https:\/\/radiolifefm.com.br\/noticias\/?s={search_term_string}"},"query-input":{"@type":"PropertyValueSpecification","valueRequired":true,"valueName":"search_term_string"}}],"inLanguage":"pt-BR"},{"@type":"Organization","@id":"https:\/\/radiolifefm.com.br\/noticias\/#organization","name":"R\u00e1dio Life FM","alternateName":"Life FM","url":"https:\/\/radiolifefm.com.br\/noticias\/","logo":{"@type":"ImageObject","inLanguage":"pt-BR","@id":"https:\/\/radiolifefm.com.br\/noticias\/#\/schema\/logo\/image\/","url":"https:\/\/static.radiolifefm.com.br\/noticias\/wp-content\/uploads\/2019\/10\/logo-lifefm.png","contentUrl":"https:\/\/static.radiolifefm.com.br\/noticias\/wp-content\/uploads\/2019\/10\/logo-lifefm.png","width":196,"height":47,"caption":"R\u00e1dio Life FM"},"image":{"@id":"https:\/\/radiolifefm.com.br\/noticias\/#\/schema\/logo\/image\/"},"sameAs":["https:\/\/www.facebook.com\/radiolifefm\/","https:\/\/www.instagram.com\/life1079fm\/"]},{"@type":"Person","@id":"https:\/\/radiolifefm.com.br\/noticias\/#\/schema\/person\/6339b9fac59d12b071dec680d7375d87","name":"ritanery","image":{"@type":"ImageObject","inLanguage":"pt-BR","@id":"https:\/\/secure.gravatar.com\/avatar\/0e37bb19071f47c0b8a23f62a903df117c5a0e75f65a0c2901562f97cd41cf86?s=96&d=mm&r=g","url":"https:\/\/secure.gravatar.com\/avatar\/0e37bb19071f47c0b8a23f62a903df117c5a0e75f65a0c2901562f97cd41cf86?s=96&d=mm&r=g","contentUrl":"https:\/\/secure.gravatar.com\/avatar\/0e37bb19071f47c0b8a23f62a903df117c5a0e75f65a0c2901562f97cd41cf86?s=96&d=mm&r=g","caption":"ritanery"}}]}},"amp_enabled":true,"_links":{"self":[{"href":"https:\/\/radiolifefm.com.br\/noticias\/wp-json\/wp\/v2\/posts\/40981","targetHints":{"allow":["GET"]}}],"collection":[{"href":"https:\/\/radiolifefm.com.br\/noticias\/wp-json\/wp\/v2\/posts"}],"about":[{"href":"https:\/\/radiolifefm.com.br\/noticias\/wp-json\/wp\/v2\/types\/post"}],"author":[{"embeddable":true,"href":"https:\/\/radiolifefm.com.br\/noticias\/wp-json\/wp\/v2\/users\/13"}],"replies":[{"embeddable":true,"href":"https:\/\/radiolifefm.com.br\/noticias\/wp-json\/wp\/v2\/comments?post=40981"}],"version-history":[{"count":1,"href":"https:\/\/radiolifefm.com.br\/noticias\/wp-json\/wp\/v2\/posts\/40981\/revisions"}],"predecessor-version":[{"id":40983,"href":"https:\/\/radiolifefm.com.br\/noticias\/wp-json\/wp\/v2\/posts\/40981\/revisions\/40983"}],"wp:featuredmedia":[{"embeddable":true,"href":"https:\/\/radiolifefm.com.br\/noticias\/wp-json\/wp\/v2\/media\/40982"}],"wp:attachment":[{"href":"https:\/\/radiolifefm.com.br\/noticias\/wp-json\/wp\/v2\/media?parent=40981"}],"wp:term":[{"taxonomy":"category","embeddable":true,"href":"https:\/\/radiolifefm.com.br\/noticias\/wp-json\/wp\/v2\/categories?post=40981"},{"taxonomy":"post_tag","embeddable":true,"href":"https:\/\/radiolifefm.com.br\/noticias\/wp-json\/wp\/v2\/tags?post=40981"}],"curies":[{"name":"wp","href":"https:\/\/api.w.org\/{rel}","templated":true}]}}