{"id":40977,"date":"2021-07-23T20:19:54","date_gmt":"2021-07-23T23:19:54","guid":{"rendered":"https:\/\/radiolifefm.com.br\/noticias\/?p=40977"},"modified":"2026-04-08T20:57:10","modified_gmt":"2026-04-08T23:57:10","slug":"adamantina-recebe-a-visita-do-deputado-estadual-mauro-bragato-e-do-deputado-federal-vanderlei-macris","status":"publish","type":"post","link":"https:\/\/radiolifefm.com.br\/noticias\/adamantina-recebe-a-visita-do-deputado-estadual-mauro-bragato-e-do-deputado-federal-vanderlei-macris\/","title":{"rendered":"Adamantina recebe a visita do deputado estadual Mauro Bragato e do deputado federal Vanderlei Macris"},"content":{"rendered":"<div id=\"fb-root\"><\/div>\n<p>No in\u00edcio da tarde de ontem (22), Adamantina recebeu a visita do deputado estadual Mauro Bragato e do deputado federal Vanderlei Macris. Na oportunidade, eles foram recepcionados pelo prefeito M\u00e1rcio Cardim, a vice-prefeita Maria de Lourdes Santos Gil, vereadores, autoridades e lideran\u00e7as locais.<\/p>\n<p>&nbsp;<\/p>\n<p>Durante o encontro, o prefeito agradeceu as emendas j\u00e1 destinadas ao munic\u00edpio em diferentes \u00e1reas.<\/p>\n<p>&nbsp;<\/p>\n<p>Al\u00e9m disso, solicitou o apoio dos parlamentares no projeto de integraliza\u00e7\u00e3o e regionaliza\u00e7\u00e3o da sa\u00fade que est\u00e1 em desenvolvimento pelo munic\u00edpio e que conta com o apoio da UniFAI e da Santa Casa de Adamantina. Os vereadores presentes na visita tamb\u00e9m fizeram as suas solicita\u00e7\u00f5es.<\/p>\n<p>&nbsp;<\/p>\n<p>Os dois deputados se comprometeram a apoiar o mun\u00edcipio no pleito que objetiva regionalizar, que consiste em atender os pacientes de todos os munic\u00edpios, e integralizar,\u00a0dar atendimento completo ao paciente,\u00a0tendo como foco a estrutura de sa\u00fade que existe tanto em Adamantina quanto nas cidades da regi\u00e3o.<\/p>\n<p>&nbsp;<\/p>\n<p>Todo o projeto que est\u00e1 em desenvolvimento visa fortalecer a estrutura de sa\u00fade e oferecer uma alternativa com as mesmas caracter\u00edsticas, mas mais pr\u00f3xima dos munic\u00edpios que integram a microrregi\u00e3o.<\/p>\n<p>&nbsp;<\/p>\n<p>Dentro do contexto da sa\u00fade municipal e para o desenvolvimento do projeto, o prefeito M\u00e1rcio Cardim pontuou que a cidade possui um Centro Diagn\u00f3stico por Imagem que est\u00e1 em funcionamento.<\/p>\n<p>&nbsp;<\/p>\n<p>No local, os mun\u00edcipes podem ser submetidos aos exames de ultrassonografia, raio-x, tomografia, colonoscopia e endoscopia. Em breve, ser\u00e1 implantado ainda resson\u00e2ncia magn\u00e9tica e a Santa Casa j\u00e1 deu in\u00edcio \u00e0s reformas do pronto socorro e do centro cir\u00fargico.<\/p>\n<p>&nbsp;<\/p>\n<p>Depois de Adamantina, os deputados continuaram cumprindo a agenda nos munic\u00edpios da regi\u00e3o.<\/p>\n<p>&nbsp;<\/p>\n<p>Fonte: Assessoria de Imprensa<\/p>\n","protected":false},"excerpt":{"rendered":"<p>No in\u00edcio da tarde de ontem (22), Adamantina recebeu a visita do deputado estadual Mauro Bragato e do deputado federal Vanderlei Macris. Na oportunidade, eles foram recepcionados pelo prefeito M\u00e1rcio Cardim, a vice-prefeita Maria de Lourdes Santos Gil, vereadores, autoridades e lideran\u00e7as locais. &nbsp; Durante o encontro, o prefeito agradeceu as emendas j\u00e1 destinadas ao [&hellip;]<\/p>\n","protected":false},"author":13,"featured_media":40978,"comment_status":"closed","ping_status":"open","sticky":false,"template":"","format":"standard","meta":{"_acf_changed":false,"_exactmetrics_skip_tracking":false,"_exactmetrics_sitenote_active":false,"_exactmetrics_sitenote_note":"","_exactmetrics_sitenote_category":0,"footnotes":""},"categories":[21],"tags":[],"class_list":["post-40977","post","type-post","status-publish","format-standard","has-post-thumbnail","hentry","category-adamantina"],"acf":[],"yoast_head":"<!-- This site is optimized with the Yoast SEO plugin v27.2 - https:\/\/yoast.com\/product\/yoast-seo-wordpress\/ -->\n<title>Adamantina recebe a visita do deputado estadual Mauro Bragato e do deputado federal Vanderlei Macris - R\u00e1dio Life FM<\/title>\n<meta name=\"robots\" content=\"index, follow, max-snippet:-1, max-image-preview:large, max-video-preview:-1\" \/>\n<link rel=\"canonical\" href=\"https:\/\/radiolifefm.com.br\/noticias\/adamantina-recebe-a-visita-do-deputado-estadual-mauro-bragato-e-do-deputado-federal-vanderlei-macris\/\" \/>\n<meta property=\"og:locale\" content=\"pt_BR\" \/>\n<meta property=\"og:type\" content=\"article\" \/>\n<meta property=\"og:title\" content=\"Adamantina recebe a visita do deputado estadual Mauro Bragato e do deputado federal Vanderlei Macris - R\u00e1dio Life FM\" \/>\n<meta property=\"og:description\" content=\"No in\u00edcio da tarde de ontem (22), Adamantina recebeu a visita do deputado estadual Mauro Bragato e do deputado federal Vanderlei Macris. Na oportunidade, eles foram recepcionados pelo prefeito M\u00e1rcio Cardim, a vice-prefeita Maria de Lourdes Santos Gil, vereadores, autoridades e lideran\u00e7as locais. &nbsp; Durante o encontro, o prefeito agradeceu as emendas j\u00e1 destinadas ao [&hellip;]\" \/>\n<meta property=\"og:url\" content=\"https:\/\/radiolifefm.com.br\/noticias\/adamantina-recebe-a-visita-do-deputado-estadual-mauro-bragato-e-do-deputado-federal-vanderlei-macris\/\" \/>\n<meta property=\"og:site_name\" content=\"R\u00e1dio Life FM\" \/>\n<meta property=\"article:publisher\" content=\"https:\/\/www.facebook.com\/radiolifefm\/\" \/>\n<meta property=\"article:published_time\" content=\"2021-07-23T23:19:54+00:00\" \/>\n<meta property=\"article:modified_time\" content=\"2026-04-08T23:57:10+00:00\" \/>\n<meta property=\"og:image\" content=\"https:\/\/radiolifefm.com.br\/noticias\/wp-content\/uploads\/2021\/07\/Foto-8.jpeg\" \/>\n\t<meta property=\"og:image:width\" content=\"1280\" \/>\n\t<meta property=\"og:image:height\" content=\"855\" \/>\n\t<meta property=\"og:image:type\" content=\"image\/jpeg\" \/>\n<meta name=\"author\" content=\"ritanery\" \/>\n<meta name=\"twitter:card\" content=\"summary_large_image\" \/>\n<meta name=\"twitter:label1\" content=\"Escrito por\" \/>\n\t<meta name=\"twitter:data1\" content=\"ritanery\" \/>\n\t<meta name=\"twitter:label2\" content=\"Est. tempo de leitura\" \/>\n\t<meta name=\"twitter:data2\" content=\"2 minutos\" \/>\n<script type=\"application\/ld+json\" class=\"yoast-schema-graph\">{\"@context\":\"https:\/\/schema.org\",\"@graph\":[{\"@type\":\"Article\",\"@id\":\"https:\/\/radiolifefm.com.br\/noticias\/adamantina-recebe-a-visita-do-deputado-estadual-mauro-bragato-e-do-deputado-federal-vanderlei-macris\/#article\",\"isPartOf\":{\"@id\":\"https:\/\/radiolifefm.com.br\/noticias\/adamantina-recebe-a-visita-do-deputado-estadual-mauro-bragato-e-do-deputado-federal-vanderlei-macris\/\"},\"author\":{\"name\":\"ritanery\",\"@id\":\"https:\/\/radiolifefm.com.br\/noticias\/#\/schema\/person\/6339b9fac59d12b071dec680d7375d87\"},\"headline\":\"Adamantina recebe a visita do deputado estadual Mauro Bragato e do deputado federal Vanderlei Macris\",\"datePublished\":\"2021-07-23T23:19:54+00:00\",\"dateModified\":\"2026-04-08T23:57:10+00:00\",\"mainEntityOfPage\":{\"@id\":\"https:\/\/radiolifefm.com.br\/noticias\/adamantina-recebe-a-visita-do-deputado-estadual-mauro-bragato-e-do-deputado-federal-vanderlei-macris\/\"},\"wordCount\":319,\"publisher\":{\"@id\":\"https:\/\/radiolifefm.com.br\/noticias\/#organization\"},\"image\":{\"@id\":\"https:\/\/radiolifefm.com.br\/noticias\/adamantina-recebe-a-visita-do-deputado-estadual-mauro-bragato-e-do-deputado-federal-vanderlei-macris\/#primaryimage\"},\"thumbnailUrl\":\"https:\/\/radiolifefm.com.br\/noticias\/wp-content\/uploads\/2021\/07\/Foto-8.jpeg\",\"articleSection\":[\"Adamantina\"],\"inLanguage\":\"pt-BR\"},{\"@type\":\"WebPage\",\"@id\":\"https:\/\/radiolifefm.com.br\/noticias\/adamantina-recebe-a-visita-do-deputado-estadual-mauro-bragato-e-do-deputado-federal-vanderlei-macris\/\",\"url\":\"https:\/\/radiolifefm.com.br\/noticias\/adamantina-recebe-a-visita-do-deputado-estadual-mauro-bragato-e-do-deputado-federal-vanderlei-macris\/\",\"name\":\"Adamantina recebe a visita do deputado estadual Mauro Bragato e do deputado federal Vanderlei Macris - R\u00e1dio Life FM\",\"isPartOf\":{\"@id\":\"https:\/\/radiolifefm.com.br\/noticias\/#website\"},\"primaryImageOfPage\":{\"@id\":\"https:\/\/radiolifefm.com.br\/noticias\/adamantina-recebe-a-visita-do-deputado-estadual-mauro-bragato-e-do-deputado-federal-vanderlei-macris\/#primaryimage\"},\"image\":{\"@id\":\"https:\/\/radiolifefm.com.br\/noticias\/adamantina-recebe-a-visita-do-deputado-estadual-mauro-bragato-e-do-deputado-federal-vanderlei-macris\/#primaryimage\"},\"thumbnailUrl\":\"https:\/\/radiolifefm.com.br\/noticias\/wp-content\/uploads\/2021\/07\/Foto-8.jpeg\",\"datePublished\":\"2021-07-23T23:19:54+00:00\",\"dateModified\":\"2026-04-08T23:57:10+00:00\",\"breadcrumb\":{\"@id\":\"https:\/\/radiolifefm.com.br\/noticias\/adamantina-recebe-a-visita-do-deputado-estadual-mauro-bragato-e-do-deputado-federal-vanderlei-macris\/#breadcrumb\"},\"inLanguage\":\"pt-BR\",\"potentialAction\":[{\"@type\":\"ReadAction\",\"target\":[\"https:\/\/radiolifefm.com.br\/noticias\/adamantina-recebe-a-visita-do-deputado-estadual-mauro-bragato-e-do-deputado-federal-vanderlei-macris\/\"]}]},{\"@type\":\"ImageObject\",\"inLanguage\":\"pt-BR\",\"@id\":\"https:\/\/radiolifefm.com.br\/noticias\/adamantina-recebe-a-visita-do-deputado-estadual-mauro-bragato-e-do-deputado-federal-vanderlei-macris\/#primaryimage\",\"url\":\"https:\/\/radiolifefm.com.br\/noticias\/wp-content\/uploads\/2021\/07\/Foto-8.jpeg\",\"contentUrl\":\"https:\/\/radiolifefm.com.br\/noticias\/wp-content\/uploads\/2021\/07\/Foto-8.jpeg\",\"width\":1280,\"height\":855},{\"@type\":\"BreadcrumbList\",\"@id\":\"https:\/\/radiolifefm.com.br\/noticias\/adamantina-recebe-a-visita-do-deputado-estadual-mauro-bragato-e-do-deputado-federal-vanderlei-macris\/#breadcrumb\",\"itemListElement\":[{\"@type\":\"ListItem\",\"position\":1,\"name\":\"In\u00edcio\",\"item\":\"https:\/\/radiolifefm.com.br\/noticias\/\"},{\"@type\":\"ListItem\",\"position\":2,\"name\":\"Adamantina recebe a visita do deputado estadual Mauro Bragato e do deputado federal Vanderlei Macris\"}]},{\"@type\":\"WebSite\",\"@id\":\"https:\/\/radiolifefm.com.br\/noticias\/#website\",\"url\":\"https:\/\/radiolifefm.com.br\/noticias\/\",\"name\":\"R\u00e1dio Life FM\",\"description\":\"O Portal de Not\u00edcias de Adamantina\",\"publisher\":{\"@id\":\"https:\/\/radiolifefm.com.br\/noticias\/#organization\"},\"alternateName\":\"Life FM\",\"potentialAction\":[{\"@type\":\"SearchAction\",\"target\":{\"@type\":\"EntryPoint\",\"urlTemplate\":\"https:\/\/radiolifefm.com.br\/noticias\/?s={search_term_string}\"},\"query-input\":{\"@type\":\"PropertyValueSpecification\",\"valueRequired\":true,\"valueName\":\"search_term_string\"}}],\"inLanguage\":\"pt-BR\"},{\"@type\":\"Organization\",\"@id\":\"https:\/\/radiolifefm.com.br\/noticias\/#organization\",\"name\":\"R\u00e1dio Life FM\",\"alternateName\":\"Life FM\",\"url\":\"https:\/\/radiolifefm.com.br\/noticias\/\",\"logo\":{\"@type\":\"ImageObject\",\"inLanguage\":\"pt-BR\",\"@id\":\"https:\/\/radiolifefm.com.br\/noticias\/#\/schema\/logo\/image\/\",\"url\":\"https:\/\/static.radiolifefm.com.br\/noticias\/wp-content\/uploads\/2019\/10\/logo-lifefm.png\",\"contentUrl\":\"https:\/\/static.radiolifefm.com.br\/noticias\/wp-content\/uploads\/2019\/10\/logo-lifefm.png\",\"width\":196,\"height\":47,\"caption\":\"R\u00e1dio Life FM\"},\"image\":{\"@id\":\"https:\/\/radiolifefm.com.br\/noticias\/#\/schema\/logo\/image\/\"},\"sameAs\":[\"https:\/\/www.facebook.com\/radiolifefm\/\",\"https:\/\/www.instagram.com\/life1079fm\/\"]},{\"@type\":\"Person\",\"@id\":\"https:\/\/radiolifefm.com.br\/noticias\/#\/schema\/person\/6339b9fac59d12b071dec680d7375d87\",\"name\":\"ritanery\",\"image\":{\"@type\":\"ImageObject\",\"inLanguage\":\"pt-BR\",\"@id\":\"https:\/\/secure.gravatar.com\/avatar\/0e37bb19071f47c0b8a23f62a903df117c5a0e75f65a0c2901562f97cd41cf86?s=96&d=mm&r=g\",\"url\":\"https:\/\/secure.gravatar.com\/avatar\/0e37bb19071f47c0b8a23f62a903df117c5a0e75f65a0c2901562f97cd41cf86?s=96&d=mm&r=g\",\"contentUrl\":\"https:\/\/secure.gravatar.com\/avatar\/0e37bb19071f47c0b8a23f62a903df117c5a0e75f65a0c2901562f97cd41cf86?s=96&d=mm&r=g\",\"caption\":\"ritanery\"}}]}<\/script>\n<!-- \/ Yoast SEO plugin. -->","yoast_head_json":{"title":"Adamantina recebe a visita do deputado estadual Mauro Bragato e do deputado federal Vanderlei Macris - R\u00e1dio Life FM","robots":{"index":"index","follow":"follow","max-snippet":"max-snippet:-1","max-image-preview":"max-image-preview:large","max-video-preview":"max-video-preview:-1"},"canonical":"https:\/\/radiolifefm.com.br\/noticias\/adamantina-recebe-a-visita-do-deputado-estadual-mauro-bragato-e-do-deputado-federal-vanderlei-macris\/","og_locale":"pt_BR","og_type":"article","og_title":"Adamantina recebe a visita do deputado estadual Mauro Bragato e do deputado federal Vanderlei Macris - R\u00e1dio Life FM","og_description":"No in\u00edcio da tarde de ontem (22), Adamantina recebeu a visita do deputado estadual Mauro Bragato e do deputado federal Vanderlei Macris. Na oportunidade, eles foram recepcionados pelo prefeito M\u00e1rcio Cardim, a vice-prefeita Maria de Lourdes Santos Gil, vereadores, autoridades e lideran\u00e7as locais. &nbsp; Durante o encontro, o prefeito agradeceu as emendas j\u00e1 destinadas ao [&hellip;]","og_url":"https:\/\/radiolifefm.com.br\/noticias\/adamantina-recebe-a-visita-do-deputado-estadual-mauro-bragato-e-do-deputado-federal-vanderlei-macris\/","og_site_name":"R\u00e1dio Life FM","article_publisher":"https:\/\/www.facebook.com\/radiolifefm\/","article_published_time":"2021-07-23T23:19:54+00:00","article_modified_time":"2026-04-08T23:57:10+00:00","og_image":[{"width":1280,"height":855,"url":"https:\/\/radiolifefm.com.br\/noticias\/wp-content\/uploads\/2021\/07\/Foto-8.jpeg","type":"image\/jpeg"}],"author":"ritanery","twitter_card":"summary_large_image","twitter_misc":{"Escrito por":"ritanery","Est. tempo de leitura":"2 minutos"},"schema":{"@context":"https:\/\/schema.org","@graph":[{"@type":"Article","@id":"https:\/\/radiolifefm.com.br\/noticias\/adamantina-recebe-a-visita-do-deputado-estadual-mauro-bragato-e-do-deputado-federal-vanderlei-macris\/#article","isPartOf":{"@id":"https:\/\/radiolifefm.com.br\/noticias\/adamantina-recebe-a-visita-do-deputado-estadual-mauro-bragato-e-do-deputado-federal-vanderlei-macris\/"},"author":{"name":"ritanery","@id":"https:\/\/radiolifefm.com.br\/noticias\/#\/schema\/person\/6339b9fac59d12b071dec680d7375d87"},"headline":"Adamantina recebe a visita do deputado estadual Mauro Bragato e do deputado federal Vanderlei Macris","datePublished":"2021-07-23T23:19:54+00:00","dateModified":"2026-04-08T23:57:10+00:00","mainEntityOfPage":{"@id":"https:\/\/radiolifefm.com.br\/noticias\/adamantina-recebe-a-visita-do-deputado-estadual-mauro-bragato-e-do-deputado-federal-vanderlei-macris\/"},"wordCount":319,"publisher":{"@id":"https:\/\/radiolifefm.com.br\/noticias\/#organization"},"image":{"@id":"https:\/\/radiolifefm.com.br\/noticias\/adamantina-recebe-a-visita-do-deputado-estadual-mauro-bragato-e-do-deputado-federal-vanderlei-macris\/#primaryimage"},"thumbnailUrl":"https:\/\/radiolifefm.com.br\/noticias\/wp-content\/uploads\/2021\/07\/Foto-8.jpeg","articleSection":["Adamantina"],"inLanguage":"pt-BR"},{"@type":"WebPage","@id":"https:\/\/radiolifefm.com.br\/noticias\/adamantina-recebe-a-visita-do-deputado-estadual-mauro-bragato-e-do-deputado-federal-vanderlei-macris\/","url":"https:\/\/radiolifefm.com.br\/noticias\/adamantina-recebe-a-visita-do-deputado-estadual-mauro-bragato-e-do-deputado-federal-vanderlei-macris\/","name":"Adamantina recebe a visita do deputado estadual Mauro Bragato e do deputado federal Vanderlei Macris - R\u00e1dio Life FM","isPartOf":{"@id":"https:\/\/radiolifefm.com.br\/noticias\/#website"},"primaryImageOfPage":{"@id":"https:\/\/radiolifefm.com.br\/noticias\/adamantina-recebe-a-visita-do-deputado-estadual-mauro-bragato-e-do-deputado-federal-vanderlei-macris\/#primaryimage"},"image":{"@id":"https:\/\/radiolifefm.com.br\/noticias\/adamantina-recebe-a-visita-do-deputado-estadual-mauro-bragato-e-do-deputado-federal-vanderlei-macris\/#primaryimage"},"thumbnailUrl":"https:\/\/radiolifefm.com.br\/noticias\/wp-content\/uploads\/2021\/07\/Foto-8.jpeg","datePublished":"2021-07-23T23:19:54+00:00","dateModified":"2026-04-08T23:57:10+00:00","breadcrumb":{"@id":"https:\/\/radiolifefm.com.br\/noticias\/adamantina-recebe-a-visita-do-deputado-estadual-mauro-bragato-e-do-deputado-federal-vanderlei-macris\/#breadcrumb"},"inLanguage":"pt-BR","potentialAction":[{"@type":"ReadAction","target":["https:\/\/radiolifefm.com.br\/noticias\/adamantina-recebe-a-visita-do-deputado-estadual-mauro-bragato-e-do-deputado-federal-vanderlei-macris\/"]}]},{"@type":"ImageObject","inLanguage":"pt-BR","@id":"https:\/\/radiolifefm.com.br\/noticias\/adamantina-recebe-a-visita-do-deputado-estadual-mauro-bragato-e-do-deputado-federal-vanderlei-macris\/#primaryimage","url":"https:\/\/radiolifefm.com.br\/noticias\/wp-content\/uploads\/2021\/07\/Foto-8.jpeg","contentUrl":"https:\/\/radiolifefm.com.br\/noticias\/wp-content\/uploads\/2021\/07\/Foto-8.jpeg","width":1280,"height":855},{"@type":"BreadcrumbList","@id":"https:\/\/radiolifefm.com.br\/noticias\/adamantina-recebe-a-visita-do-deputado-estadual-mauro-bragato-e-do-deputado-federal-vanderlei-macris\/#breadcrumb","itemListElement":[{"@type":"ListItem","position":1,"name":"In\u00edcio","item":"https:\/\/radiolifefm.com.br\/noticias\/"},{"@type":"ListItem","position":2,"name":"Adamantina recebe a visita do deputado estadual Mauro Bragato e do deputado federal Vanderlei Macris"}]},{"@type":"WebSite","@id":"https:\/\/radiolifefm.com.br\/noticias\/#website","url":"https:\/\/radiolifefm.com.br\/noticias\/","name":"R\u00e1dio Life FM","description":"O Portal de Not\u00edcias de Adamantina","publisher":{"@id":"https:\/\/radiolifefm.com.br\/noticias\/#organization"},"alternateName":"Life FM","potentialAction":[{"@type":"SearchAction","target":{"@type":"EntryPoint","urlTemplate":"https:\/\/radiolifefm.com.br\/noticias\/?s={search_term_string}"},"query-input":{"@type":"PropertyValueSpecification","valueRequired":true,"valueName":"search_term_string"}}],"inLanguage":"pt-BR"},{"@type":"Organization","@id":"https:\/\/radiolifefm.com.br\/noticias\/#organization","name":"R\u00e1dio Life FM","alternateName":"Life FM","url":"https:\/\/radiolifefm.com.br\/noticias\/","logo":{"@type":"ImageObject","inLanguage":"pt-BR","@id":"https:\/\/radiolifefm.com.br\/noticias\/#\/schema\/logo\/image\/","url":"https:\/\/static.radiolifefm.com.br\/noticias\/wp-content\/uploads\/2019\/10\/logo-lifefm.png","contentUrl":"https:\/\/static.radiolifefm.com.br\/noticias\/wp-content\/uploads\/2019\/10\/logo-lifefm.png","width":196,"height":47,"caption":"R\u00e1dio Life FM"},"image":{"@id":"https:\/\/radiolifefm.com.br\/noticias\/#\/schema\/logo\/image\/"},"sameAs":["https:\/\/www.facebook.com\/radiolifefm\/","https:\/\/www.instagram.com\/life1079fm\/"]},{"@type":"Person","@id":"https:\/\/radiolifefm.com.br\/noticias\/#\/schema\/person\/6339b9fac59d12b071dec680d7375d87","name":"ritanery","image":{"@type":"ImageObject","inLanguage":"pt-BR","@id":"https:\/\/secure.gravatar.com\/avatar\/0e37bb19071f47c0b8a23f62a903df117c5a0e75f65a0c2901562f97cd41cf86?s=96&d=mm&r=g","url":"https:\/\/secure.gravatar.com\/avatar\/0e37bb19071f47c0b8a23f62a903df117c5a0e75f65a0c2901562f97cd41cf86?s=96&d=mm&r=g","contentUrl":"https:\/\/secure.gravatar.com\/avatar\/0e37bb19071f47c0b8a23f62a903df117c5a0e75f65a0c2901562f97cd41cf86?s=96&d=mm&r=g","caption":"ritanery"}}]}},"amp_enabled":true,"_links":{"self":[{"href":"https:\/\/radiolifefm.com.br\/noticias\/wp-json\/wp\/v2\/posts\/40977","targetHints":{"allow":["GET"]}}],"collection":[{"href":"https:\/\/radiolifefm.com.br\/noticias\/wp-json\/wp\/v2\/posts"}],"about":[{"href":"https:\/\/radiolifefm.com.br\/noticias\/wp-json\/wp\/v2\/types\/post"}],"author":[{"embeddable":true,"href":"https:\/\/radiolifefm.com.br\/noticias\/wp-json\/wp\/v2\/users\/13"}],"replies":[{"embeddable":true,"href":"https:\/\/radiolifefm.com.br\/noticias\/wp-json\/wp\/v2\/comments?post=40977"}],"version-history":[{"count":2,"href":"https:\/\/radiolifefm.com.br\/noticias\/wp-json\/wp\/v2\/posts\/40977\/revisions"}],"predecessor-version":[{"id":40980,"href":"https:\/\/radiolifefm.com.br\/noticias\/wp-json\/wp\/v2\/posts\/40977\/revisions\/40980"}],"wp:featuredmedia":[{"embeddable":true,"href":"https:\/\/radiolifefm.com.br\/noticias\/wp-json\/wp\/v2\/media\/40978"}],"wp:attachment":[{"href":"https:\/\/radiolifefm.com.br\/noticias\/wp-json\/wp\/v2\/media?parent=40977"}],"wp:term":[{"taxonomy":"category","embeddable":true,"href":"https:\/\/radiolifefm.com.br\/noticias\/wp-json\/wp\/v2\/categories?post=40977"},{"taxonomy":"post_tag","embeddable":true,"href":"https:\/\/radiolifefm.com.br\/noticias\/wp-json\/wp\/v2\/tags?post=40977"}],"curies":[{"name":"wp","href":"https:\/\/api.w.org\/{rel}","templated":true}]}}