{"id":40935,"date":"2021-07-23T08:00:13","date_gmt":"2021-07-23T11:00:13","guid":{"rendered":"https:\/\/radiolifefm.com.br\/noticias\/?p=40935"},"modified":"2026-04-23T16:26:01","modified_gmt":"2026-04-23T19:26:01","slug":"sentimental-express-inaugura-loja-de-decoracoes-arranjos-florais-e-cestas-para-presentear","status":"publish","type":"post","link":"https:\/\/radiolifefm.com.br\/noticias\/sentimental-express-inaugura-loja-de-decoracoes-arranjos-florais-e-cestas-para-presentear\/","title":{"rendered":"Sentimental Express inaugura loja de decora\u00e7\u00f5es, arranjos florais e  cestas para presentear"},"content":{"rendered":"<div id=\"fb-root\"><\/div>\n<p>A experi\u00eancia adquirida com 28 anos de trabalho em eventos, casamentos, anivers\u00e1rios, formaturas, inaugura\u00e7\u00f5es comemora\u00e7\u00f5es em geral contribuiu para os empres\u00e1rios C\u00e9lia e M\u00e1rio Celso da Sentimental Express, agregarem mais um seguimento para atender os clientes.<\/p>\n<p>&nbsp;<\/p>\n<p>Agora os empres\u00e1rios inauguram a loja de decora\u00e7\u00f5es de arranjos florais, al\u00e9m de objetos de decora\u00e7\u00f5es para casas e escrit\u00f3rios e outros ambientes.<\/p>\n<p>&nbsp;<\/p>\n<p>Cestas para todas as ocasi\u00f5es, anivers\u00e1rio, datas comemorativas, homenagens, com variedade de cestas femininas e masculinas que \u00e9 uma excelente oportunidade para presentear o Papai no dia 8 de Agosto que ser\u00e1 comemorado o dia dos pais, s\u00e3o v\u00e1rias op\u00e7\u00f5es de cestas, as tradicionais de caf\u00e9 da manh\u00e3, chocolates e mimos para presentear quem ama.<\/p>\n<p>&nbsp;<\/p>\n<p>O casal continua atendendo com aluguel de pe\u00e7as para eventos, e aguarda a visita de clientes na loja que fica nas salas 1 e 4 na galeria do Supermercado Ravazi, na Av. da Saudade.<\/p>\n<p>&nbsp;<\/p>\n<p>Telefones de contato para encomendas de cestas<\/p>\n<p>18-996331944 e 18-997035011<\/p>\n<div class='flex flex-wrap items-center -mx-1'>\r\n<a class='thumbnail gallery p-1 w-1\/2 md:w-1\/4' href='https:\/\/radiolifefm.com.br\/noticias\/wp-content\/uploads\/2021\/07\/WhatsApp-Image-2021-07-22-at-21.01.22-2.jpeg'><img class='border border-white' src='https:\/\/radiolifefm.com.br\/noticias\/wp-content\/uploads\/2021\/07\/WhatsApp-Image-2021-07-22-at-21.01.22-2-200x200.jpeg' alt='WhatsApp Image 2021 07 22 At 21.01.22 (2)' \/><\/a><a class='thumbnail gallery p-1 w-1\/2 md:w-1\/4' href='https:\/\/radiolifefm.com.br\/noticias\/wp-content\/uploads\/2021\/07\/WhatsApp-Image-2021-07-22-at-21.01.22-3.jpeg'><img class='border border-white' src='https:\/\/radiolifefm.com.br\/noticias\/wp-content\/uploads\/2021\/07\/WhatsApp-Image-2021-07-22-at-21.01.22-3-200x200.jpeg' alt='WhatsApp Image 2021 07 22 At 21.01.22 (3)' \/><\/a><a class='thumbnail gallery p-1 w-1\/2 md:w-1\/4' href='https:\/\/radiolifefm.com.br\/noticias\/wp-content\/uploads\/2021\/07\/WhatsApp-Image-2021-07-22-at-21.01.22-4.jpeg'><img class='border border-white' src='https:\/\/radiolifefm.com.br\/noticias\/wp-content\/uploads\/2021\/07\/WhatsApp-Image-2021-07-22-at-21.01.22-4-200x200.jpeg' alt='WhatsApp Image 2021 07 22 At 21.01.22 (4)' \/><\/a><a class='thumbnail gallery p-1 w-1\/2 md:w-1\/4' href='https:\/\/radiolifefm.com.br\/noticias\/wp-content\/uploads\/2021\/07\/WhatsApp-Image-2021-07-22-at-21.01.23-1.jpeg'><img class='border border-white' src='https:\/\/radiolifefm.com.br\/noticias\/wp-content\/uploads\/2021\/07\/WhatsApp-Image-2021-07-22-at-21.01.23-1-200x200.jpeg' alt='WhatsApp Image 2021 07 22 At 21.01.23 (1)' \/><\/a><a class='thumbnail gallery p-1 w-1\/2 md:w-1\/4' href='https:\/\/radiolifefm.com.br\/noticias\/wp-content\/uploads\/2021\/07\/WhatsApp-Image-2021-07-22-at-21.01.23-2.jpeg'><img class='border border-white' src='https:\/\/radiolifefm.com.br\/noticias\/wp-content\/uploads\/2021\/07\/WhatsApp-Image-2021-07-22-at-21.01.23-2-200x200.jpeg' alt='WhatsApp Image 2021 07 22 At 21.01.23 (2)' \/><\/a><a class='thumbnail gallery p-1 w-1\/2 md:w-1\/4' href='https:\/\/radiolifefm.com.br\/noticias\/wp-content\/uploads\/2021\/07\/WhatsApp-Image-2021-07-22-at-21.01.23-3.jpeg'><img class='border border-white' src='https:\/\/radiolifefm.com.br\/noticias\/wp-content\/uploads\/2021\/07\/WhatsApp-Image-2021-07-22-at-21.01.23-3-200x200.jpeg' alt='WhatsApp Image 2021 07 22 At 21.01.23 (3)' \/><\/a><a class='thumbnail gallery p-1 w-1\/2 md:w-1\/4' href='https:\/\/radiolifefm.com.br\/noticias\/wp-content\/uploads\/2021\/07\/WhatsApp-Image-2021-07-22-at-21.01.23-4.jpeg'><img class='border border-white' src='https:\/\/radiolifefm.com.br\/noticias\/wp-content\/uploads\/2021\/07\/WhatsApp-Image-2021-07-22-at-21.01.23-4-200x200.jpeg' alt='WhatsApp Image 2021 07 22 At 21.01.23 (4)' \/><\/a><a class='thumbnail gallery p-1 w-1\/2 md:w-1\/4' href='https:\/\/radiolifefm.com.br\/noticias\/wp-content\/uploads\/2021\/07\/WhatsApp-Image-2021-07-22-at-21.01.23.jpeg'><img class='border border-white' src='https:\/\/radiolifefm.com.br\/noticias\/wp-content\/uploads\/2021\/07\/WhatsApp-Image-2021-07-22-at-21.01.23-200x200.jpeg' alt='WhatsApp Image 2021 07 22 At 21.01.23' \/><\/a><a class='thumbnail gallery p-1 w-1\/2 md:w-1\/4' href='https:\/\/radiolifefm.com.br\/noticias\/wp-content\/uploads\/2021\/07\/WhatsApp-Image-2021-07-22-at-21.01.24-1.jpeg'><img class='border border-white' src='https:\/\/radiolifefm.com.br\/noticias\/wp-content\/uploads\/2021\/07\/WhatsApp-Image-2021-07-22-at-21.01.24-1-200x200.jpeg' alt='WhatsApp Image 2021 07 22 At 21.01.24 (1)' \/><\/a><a class='thumbnail gallery p-1 w-1\/2 md:w-1\/4' href='https:\/\/radiolifefm.com.br\/noticias\/wp-content\/uploads\/2021\/07\/WhatsApp-Image-2021-07-22-at-21.01.24-2.jpeg'><img class='border border-white' src='https:\/\/radiolifefm.com.br\/noticias\/wp-content\/uploads\/2021\/07\/WhatsApp-Image-2021-07-22-at-21.01.24-2-200x200.jpeg' alt='WhatsApp Image 2021 07 22 At 21.01.24 (2)' \/><\/a><a class='thumbnail gallery p-1 w-1\/2 md:w-1\/4' href='https:\/\/radiolifefm.com.br\/noticias\/wp-content\/uploads\/2021\/07\/WhatsApp-Image-2021-07-22-at-21.01.24.jpeg'><img class='border border-white' src='https:\/\/radiolifefm.com.br\/noticias\/wp-content\/uploads\/2021\/07\/WhatsApp-Image-2021-07-22-at-21.01.24-200x200.jpeg' alt='WhatsApp Image 2021 07 22 At 21.01.24' \/><\/a><\/div>\n","protected":false},"excerpt":{"rendered":"<p>A experi\u00eancia adquirida com 28 anos de trabalho em eventos, casamentos, anivers\u00e1rios, formaturas, inaugura\u00e7\u00f5es comemora\u00e7\u00f5es em geral contribuiu para os empres\u00e1rios C\u00e9lia e M\u00e1rio Celso da Sentimental Express, agregarem mais um seguimento para atender os clientes. &nbsp; Agora os empres\u00e1rios inauguram a loja de decora\u00e7\u00f5es de arranjos florais, al\u00e9m de objetos de decora\u00e7\u00f5es para casas [&hellip;]<\/p>\n","protected":false},"author":13,"featured_media":40936,"comment_status":"closed","ping_status":"open","sticky":false,"template":"","format":"standard","meta":{"_acf_changed":false,"_exactmetrics_skip_tracking":false,"_exactmetrics_sitenote_active":false,"_exactmetrics_sitenote_note":"","_exactmetrics_sitenote_category":0,"footnotes":""},"categories":[21],"tags":[],"class_list":["post-40935","post","type-post","status-publish","format-standard","has-post-thumbnail","hentry","category-adamantina"],"acf":[],"yoast_head":"<!-- This site is optimized with the Yoast SEO plugin v27.2 - https:\/\/yoast.com\/product\/yoast-seo-wordpress\/ -->\n<title>Sentimental Express inaugura loja de decora\u00e7\u00f5es, arranjos florais e cestas para presentear - R\u00e1dio Life FM<\/title>\n<meta name=\"robots\" content=\"index, follow, max-snippet:-1, max-image-preview:large, max-video-preview:-1\" \/>\n<link rel=\"canonical\" href=\"https:\/\/radiolifefm.com.br\/noticias\/sentimental-express-inaugura-loja-de-decoracoes-arranjos-florais-e-cestas-para-presentear\/\" \/>\n<meta property=\"og:locale\" content=\"pt_BR\" \/>\n<meta property=\"og:type\" content=\"article\" \/>\n<meta property=\"og:title\" content=\"Sentimental Express inaugura loja de decora\u00e7\u00f5es, arranjos florais e cestas para presentear - R\u00e1dio Life FM\" \/>\n<meta property=\"og:description\" content=\"A experi\u00eancia adquirida com 28 anos de trabalho em eventos, casamentos, anivers\u00e1rios, formaturas, inaugura\u00e7\u00f5es comemora\u00e7\u00f5es em geral contribuiu para os empres\u00e1rios C\u00e9lia e M\u00e1rio Celso da Sentimental Express, agregarem mais um seguimento para atender os clientes. &nbsp; Agora os empres\u00e1rios inauguram a loja de decora\u00e7\u00f5es de arranjos florais, al\u00e9m de objetos de decora\u00e7\u00f5es para casas [&hellip;]\" \/>\n<meta property=\"og:url\" content=\"https:\/\/radiolifefm.com.br\/noticias\/sentimental-express-inaugura-loja-de-decoracoes-arranjos-florais-e-cestas-para-presentear\/\" \/>\n<meta property=\"og:site_name\" content=\"R\u00e1dio Life FM\" \/>\n<meta property=\"article:publisher\" content=\"https:\/\/www.facebook.com\/radiolifefm\/\" \/>\n<meta property=\"article:published_time\" content=\"2021-07-23T11:00:13+00:00\" \/>\n<meta property=\"article:modified_time\" content=\"2026-04-23T19:26:01+00:00\" \/>\n<meta property=\"og:image\" content=\"https:\/\/radiolifefm.com.br\/noticias\/wp-content\/uploads\/2021\/07\/WhatsApp-Image-2021-07-22-at-21.01.22.jpeg\" \/>\n\t<meta property=\"og:image:width\" content=\"1024\" \/>\n\t<meta property=\"og:image:height\" content=\"768\" \/>\n\t<meta property=\"og:image:type\" content=\"image\/jpeg\" \/>\n<meta name=\"author\" content=\"ritanery\" \/>\n<meta name=\"twitter:card\" content=\"summary_large_image\" \/>\n<meta name=\"twitter:label1\" content=\"Escrito por\" \/>\n\t<meta name=\"twitter:data1\" content=\"ritanery\" \/>\n\t<meta name=\"twitter:label2\" content=\"Est. tempo de leitura\" \/>\n\t<meta name=\"twitter:data2\" content=\"1 minuto\" \/>\n<script type=\"application\/ld+json\" class=\"yoast-schema-graph\">{\"@context\":\"https:\/\/schema.org\",\"@graph\":[{\"@type\":\"Article\",\"@id\":\"https:\/\/radiolifefm.com.br\/noticias\/sentimental-express-inaugura-loja-de-decoracoes-arranjos-florais-e-cestas-para-presentear\/#article\",\"isPartOf\":{\"@id\":\"https:\/\/radiolifefm.com.br\/noticias\/sentimental-express-inaugura-loja-de-decoracoes-arranjos-florais-e-cestas-para-presentear\/\"},\"author\":{\"name\":\"ritanery\",\"@id\":\"https:\/\/radiolifefm.com.br\/noticias\/#\/schema\/person\/6339b9fac59d12b071dec680d7375d87\"},\"headline\":\"Sentimental Express inaugura loja de decora\u00e7\u00f5es, arranjos florais e cestas para presentear\",\"datePublished\":\"2021-07-23T11:00:13+00:00\",\"dateModified\":\"2026-04-23T19:26:01+00:00\",\"mainEntityOfPage\":{\"@id\":\"https:\/\/radiolifefm.com.br\/noticias\/sentimental-express-inaugura-loja-de-decoracoes-arranjos-florais-e-cestas-para-presentear\/\"},\"wordCount\":193,\"publisher\":{\"@id\":\"https:\/\/radiolifefm.com.br\/noticias\/#organization\"},\"image\":{\"@id\":\"https:\/\/radiolifefm.com.br\/noticias\/sentimental-express-inaugura-loja-de-decoracoes-arranjos-florais-e-cestas-para-presentear\/#primaryimage\"},\"thumbnailUrl\":\"https:\/\/radiolifefm.com.br\/noticias\/wp-content\/uploads\/2021\/07\/WhatsApp-Image-2021-07-22-at-21.01.22.jpeg\",\"articleSection\":[\"Adamantina\"],\"inLanguage\":\"pt-BR\"},{\"@type\":\"WebPage\",\"@id\":\"https:\/\/radiolifefm.com.br\/noticias\/sentimental-express-inaugura-loja-de-decoracoes-arranjos-florais-e-cestas-para-presentear\/\",\"url\":\"https:\/\/radiolifefm.com.br\/noticias\/sentimental-express-inaugura-loja-de-decoracoes-arranjos-florais-e-cestas-para-presentear\/\",\"name\":\"Sentimental Express inaugura loja de decora\u00e7\u00f5es, arranjos florais e cestas para presentear - R\u00e1dio Life FM\",\"isPartOf\":{\"@id\":\"https:\/\/radiolifefm.com.br\/noticias\/#website\"},\"primaryImageOfPage\":{\"@id\":\"https:\/\/radiolifefm.com.br\/noticias\/sentimental-express-inaugura-loja-de-decoracoes-arranjos-florais-e-cestas-para-presentear\/#primaryimage\"},\"image\":{\"@id\":\"https:\/\/radiolifefm.com.br\/noticias\/sentimental-express-inaugura-loja-de-decoracoes-arranjos-florais-e-cestas-para-presentear\/#primaryimage\"},\"thumbnailUrl\":\"https:\/\/radiolifefm.com.br\/noticias\/wp-content\/uploads\/2021\/07\/WhatsApp-Image-2021-07-22-at-21.01.22.jpeg\",\"datePublished\":\"2021-07-23T11:00:13+00:00\",\"dateModified\":\"2026-04-23T19:26:01+00:00\",\"breadcrumb\":{\"@id\":\"https:\/\/radiolifefm.com.br\/noticias\/sentimental-express-inaugura-loja-de-decoracoes-arranjos-florais-e-cestas-para-presentear\/#breadcrumb\"},\"inLanguage\":\"pt-BR\",\"potentialAction\":[{\"@type\":\"ReadAction\",\"target\":[\"https:\/\/radiolifefm.com.br\/noticias\/sentimental-express-inaugura-loja-de-decoracoes-arranjos-florais-e-cestas-para-presentear\/\"]}]},{\"@type\":\"ImageObject\",\"inLanguage\":\"pt-BR\",\"@id\":\"https:\/\/radiolifefm.com.br\/noticias\/sentimental-express-inaugura-loja-de-decoracoes-arranjos-florais-e-cestas-para-presentear\/#primaryimage\",\"url\":\"https:\/\/radiolifefm.com.br\/noticias\/wp-content\/uploads\/2021\/07\/WhatsApp-Image-2021-07-22-at-21.01.22.jpeg\",\"contentUrl\":\"https:\/\/radiolifefm.com.br\/noticias\/wp-content\/uploads\/2021\/07\/WhatsApp-Image-2021-07-22-at-21.01.22.jpeg\",\"width\":1024,\"height\":768},{\"@type\":\"BreadcrumbList\",\"@id\":\"https:\/\/radiolifefm.com.br\/noticias\/sentimental-express-inaugura-loja-de-decoracoes-arranjos-florais-e-cestas-para-presentear\/#breadcrumb\",\"itemListElement\":[{\"@type\":\"ListItem\",\"position\":1,\"name\":\"In\u00edcio\",\"item\":\"https:\/\/radiolifefm.com.br\/noticias\/\"},{\"@type\":\"ListItem\",\"position\":2,\"name\":\"Sentimental Express inaugura loja de decora\u00e7\u00f5es, arranjos florais e cestas para presentear\"}]},{\"@type\":\"WebSite\",\"@id\":\"https:\/\/radiolifefm.com.br\/noticias\/#website\",\"url\":\"https:\/\/radiolifefm.com.br\/noticias\/\",\"name\":\"R\u00e1dio Life FM\",\"description\":\"O Portal de Not\u00edcias de Adamantina\",\"publisher\":{\"@id\":\"https:\/\/radiolifefm.com.br\/noticias\/#organization\"},\"alternateName\":\"Life FM\",\"potentialAction\":[{\"@type\":\"SearchAction\",\"target\":{\"@type\":\"EntryPoint\",\"urlTemplate\":\"https:\/\/radiolifefm.com.br\/noticias\/?s={search_term_string}\"},\"query-input\":{\"@type\":\"PropertyValueSpecification\",\"valueRequired\":true,\"valueName\":\"search_term_string\"}}],\"inLanguage\":\"pt-BR\"},{\"@type\":\"Organization\",\"@id\":\"https:\/\/radiolifefm.com.br\/noticias\/#organization\",\"name\":\"R\u00e1dio Life FM\",\"alternateName\":\"Life FM\",\"url\":\"https:\/\/radiolifefm.com.br\/noticias\/\",\"logo\":{\"@type\":\"ImageObject\",\"inLanguage\":\"pt-BR\",\"@id\":\"https:\/\/radiolifefm.com.br\/noticias\/#\/schema\/logo\/image\/\",\"url\":\"https:\/\/static.radiolifefm.com.br\/noticias\/wp-content\/uploads\/2019\/10\/logo-lifefm.png\",\"contentUrl\":\"https:\/\/static.radiolifefm.com.br\/noticias\/wp-content\/uploads\/2019\/10\/logo-lifefm.png\",\"width\":196,\"height\":47,\"caption\":\"R\u00e1dio Life FM\"},\"image\":{\"@id\":\"https:\/\/radiolifefm.com.br\/noticias\/#\/schema\/logo\/image\/\"},\"sameAs\":[\"https:\/\/www.facebook.com\/radiolifefm\/\",\"https:\/\/www.instagram.com\/life1079fm\/\"]},{\"@type\":\"Person\",\"@id\":\"https:\/\/radiolifefm.com.br\/noticias\/#\/schema\/person\/6339b9fac59d12b071dec680d7375d87\",\"name\":\"ritanery\",\"image\":{\"@type\":\"ImageObject\",\"inLanguage\":\"pt-BR\",\"@id\":\"https:\/\/secure.gravatar.com\/avatar\/0e37bb19071f47c0b8a23f62a903df117c5a0e75f65a0c2901562f97cd41cf86?s=96&d=mm&r=g\",\"url\":\"https:\/\/secure.gravatar.com\/avatar\/0e37bb19071f47c0b8a23f62a903df117c5a0e75f65a0c2901562f97cd41cf86?s=96&d=mm&r=g\",\"contentUrl\":\"https:\/\/secure.gravatar.com\/avatar\/0e37bb19071f47c0b8a23f62a903df117c5a0e75f65a0c2901562f97cd41cf86?s=96&d=mm&r=g\",\"caption\":\"ritanery\"}}]}<\/script>\n<!-- \/ Yoast SEO plugin. -->","yoast_head_json":{"title":"Sentimental Express inaugura loja de decora\u00e7\u00f5es, arranjos florais e cestas para presentear - R\u00e1dio Life FM","robots":{"index":"index","follow":"follow","max-snippet":"max-snippet:-1","max-image-preview":"max-image-preview:large","max-video-preview":"max-video-preview:-1"},"canonical":"https:\/\/radiolifefm.com.br\/noticias\/sentimental-express-inaugura-loja-de-decoracoes-arranjos-florais-e-cestas-para-presentear\/","og_locale":"pt_BR","og_type":"article","og_title":"Sentimental Express inaugura loja de decora\u00e7\u00f5es, arranjos florais e cestas para presentear - R\u00e1dio Life FM","og_description":"A experi\u00eancia adquirida com 28 anos de trabalho em eventos, casamentos, anivers\u00e1rios, formaturas, inaugura\u00e7\u00f5es comemora\u00e7\u00f5es em geral contribuiu para os empres\u00e1rios C\u00e9lia e M\u00e1rio Celso da Sentimental Express, agregarem mais um seguimento para atender os clientes. &nbsp; Agora os empres\u00e1rios inauguram a loja de decora\u00e7\u00f5es de arranjos florais, al\u00e9m de objetos de decora\u00e7\u00f5es para casas [&hellip;]","og_url":"https:\/\/radiolifefm.com.br\/noticias\/sentimental-express-inaugura-loja-de-decoracoes-arranjos-florais-e-cestas-para-presentear\/","og_site_name":"R\u00e1dio Life FM","article_publisher":"https:\/\/www.facebook.com\/radiolifefm\/","article_published_time":"2021-07-23T11:00:13+00:00","article_modified_time":"2026-04-23T19:26:01+00:00","og_image":[{"width":1024,"height":768,"url":"https:\/\/radiolifefm.com.br\/noticias\/wp-content\/uploads\/2021\/07\/WhatsApp-Image-2021-07-22-at-21.01.22.jpeg","type":"image\/jpeg"}],"author":"ritanery","twitter_card":"summary_large_image","twitter_misc":{"Escrito por":"ritanery","Est. tempo de leitura":"1 minuto"},"schema":{"@context":"https:\/\/schema.org","@graph":[{"@type":"Article","@id":"https:\/\/radiolifefm.com.br\/noticias\/sentimental-express-inaugura-loja-de-decoracoes-arranjos-florais-e-cestas-para-presentear\/#article","isPartOf":{"@id":"https:\/\/radiolifefm.com.br\/noticias\/sentimental-express-inaugura-loja-de-decoracoes-arranjos-florais-e-cestas-para-presentear\/"},"author":{"name":"ritanery","@id":"https:\/\/radiolifefm.com.br\/noticias\/#\/schema\/person\/6339b9fac59d12b071dec680d7375d87"},"headline":"Sentimental Express inaugura loja de decora\u00e7\u00f5es, arranjos florais e cestas para presentear","datePublished":"2021-07-23T11:00:13+00:00","dateModified":"2026-04-23T19:26:01+00:00","mainEntityOfPage":{"@id":"https:\/\/radiolifefm.com.br\/noticias\/sentimental-express-inaugura-loja-de-decoracoes-arranjos-florais-e-cestas-para-presentear\/"},"wordCount":193,"publisher":{"@id":"https:\/\/radiolifefm.com.br\/noticias\/#organization"},"image":{"@id":"https:\/\/radiolifefm.com.br\/noticias\/sentimental-express-inaugura-loja-de-decoracoes-arranjos-florais-e-cestas-para-presentear\/#primaryimage"},"thumbnailUrl":"https:\/\/radiolifefm.com.br\/noticias\/wp-content\/uploads\/2021\/07\/WhatsApp-Image-2021-07-22-at-21.01.22.jpeg","articleSection":["Adamantina"],"inLanguage":"pt-BR"},{"@type":"WebPage","@id":"https:\/\/radiolifefm.com.br\/noticias\/sentimental-express-inaugura-loja-de-decoracoes-arranjos-florais-e-cestas-para-presentear\/","url":"https:\/\/radiolifefm.com.br\/noticias\/sentimental-express-inaugura-loja-de-decoracoes-arranjos-florais-e-cestas-para-presentear\/","name":"Sentimental Express inaugura loja de decora\u00e7\u00f5es, arranjos florais e cestas para presentear - R\u00e1dio Life FM","isPartOf":{"@id":"https:\/\/radiolifefm.com.br\/noticias\/#website"},"primaryImageOfPage":{"@id":"https:\/\/radiolifefm.com.br\/noticias\/sentimental-express-inaugura-loja-de-decoracoes-arranjos-florais-e-cestas-para-presentear\/#primaryimage"},"image":{"@id":"https:\/\/radiolifefm.com.br\/noticias\/sentimental-express-inaugura-loja-de-decoracoes-arranjos-florais-e-cestas-para-presentear\/#primaryimage"},"thumbnailUrl":"https:\/\/radiolifefm.com.br\/noticias\/wp-content\/uploads\/2021\/07\/WhatsApp-Image-2021-07-22-at-21.01.22.jpeg","datePublished":"2021-07-23T11:00:13+00:00","dateModified":"2026-04-23T19:26:01+00:00","breadcrumb":{"@id":"https:\/\/radiolifefm.com.br\/noticias\/sentimental-express-inaugura-loja-de-decoracoes-arranjos-florais-e-cestas-para-presentear\/#breadcrumb"},"inLanguage":"pt-BR","potentialAction":[{"@type":"ReadAction","target":["https:\/\/radiolifefm.com.br\/noticias\/sentimental-express-inaugura-loja-de-decoracoes-arranjos-florais-e-cestas-para-presentear\/"]}]},{"@type":"ImageObject","inLanguage":"pt-BR","@id":"https:\/\/radiolifefm.com.br\/noticias\/sentimental-express-inaugura-loja-de-decoracoes-arranjos-florais-e-cestas-para-presentear\/#primaryimage","url":"https:\/\/radiolifefm.com.br\/noticias\/wp-content\/uploads\/2021\/07\/WhatsApp-Image-2021-07-22-at-21.01.22.jpeg","contentUrl":"https:\/\/radiolifefm.com.br\/noticias\/wp-content\/uploads\/2021\/07\/WhatsApp-Image-2021-07-22-at-21.01.22.jpeg","width":1024,"height":768},{"@type":"BreadcrumbList","@id":"https:\/\/radiolifefm.com.br\/noticias\/sentimental-express-inaugura-loja-de-decoracoes-arranjos-florais-e-cestas-para-presentear\/#breadcrumb","itemListElement":[{"@type":"ListItem","position":1,"name":"In\u00edcio","item":"https:\/\/radiolifefm.com.br\/noticias\/"},{"@type":"ListItem","position":2,"name":"Sentimental Express inaugura loja de decora\u00e7\u00f5es, arranjos florais e cestas para presentear"}]},{"@type":"WebSite","@id":"https:\/\/radiolifefm.com.br\/noticias\/#website","url":"https:\/\/radiolifefm.com.br\/noticias\/","name":"R\u00e1dio Life FM","description":"O Portal de Not\u00edcias de Adamantina","publisher":{"@id":"https:\/\/radiolifefm.com.br\/noticias\/#organization"},"alternateName":"Life FM","potentialAction":[{"@type":"SearchAction","target":{"@type":"EntryPoint","urlTemplate":"https:\/\/radiolifefm.com.br\/noticias\/?s={search_term_string}"},"query-input":{"@type":"PropertyValueSpecification","valueRequired":true,"valueName":"search_term_string"}}],"inLanguage":"pt-BR"},{"@type":"Organization","@id":"https:\/\/radiolifefm.com.br\/noticias\/#organization","name":"R\u00e1dio Life FM","alternateName":"Life FM","url":"https:\/\/radiolifefm.com.br\/noticias\/","logo":{"@type":"ImageObject","inLanguage":"pt-BR","@id":"https:\/\/radiolifefm.com.br\/noticias\/#\/schema\/logo\/image\/","url":"https:\/\/static.radiolifefm.com.br\/noticias\/wp-content\/uploads\/2019\/10\/logo-lifefm.png","contentUrl":"https:\/\/static.radiolifefm.com.br\/noticias\/wp-content\/uploads\/2019\/10\/logo-lifefm.png","width":196,"height":47,"caption":"R\u00e1dio Life FM"},"image":{"@id":"https:\/\/radiolifefm.com.br\/noticias\/#\/schema\/logo\/image\/"},"sameAs":["https:\/\/www.facebook.com\/radiolifefm\/","https:\/\/www.instagram.com\/life1079fm\/"]},{"@type":"Person","@id":"https:\/\/radiolifefm.com.br\/noticias\/#\/schema\/person\/6339b9fac59d12b071dec680d7375d87","name":"ritanery","image":{"@type":"ImageObject","inLanguage":"pt-BR","@id":"https:\/\/secure.gravatar.com\/avatar\/0e37bb19071f47c0b8a23f62a903df117c5a0e75f65a0c2901562f97cd41cf86?s=96&d=mm&r=g","url":"https:\/\/secure.gravatar.com\/avatar\/0e37bb19071f47c0b8a23f62a903df117c5a0e75f65a0c2901562f97cd41cf86?s=96&d=mm&r=g","contentUrl":"https:\/\/secure.gravatar.com\/avatar\/0e37bb19071f47c0b8a23f62a903df117c5a0e75f65a0c2901562f97cd41cf86?s=96&d=mm&r=g","caption":"ritanery"}}]}},"amp_enabled":true,"_links":{"self":[{"href":"https:\/\/radiolifefm.com.br\/noticias\/wp-json\/wp\/v2\/posts\/40935","targetHints":{"allow":["GET"]}}],"collection":[{"href":"https:\/\/radiolifefm.com.br\/noticias\/wp-json\/wp\/v2\/posts"}],"about":[{"href":"https:\/\/radiolifefm.com.br\/noticias\/wp-json\/wp\/v2\/types\/post"}],"author":[{"embeddable":true,"href":"https:\/\/radiolifefm.com.br\/noticias\/wp-json\/wp\/v2\/users\/13"}],"replies":[{"embeddable":true,"href":"https:\/\/radiolifefm.com.br\/noticias\/wp-json\/wp\/v2\/comments?post=40935"}],"version-history":[{"count":4,"href":"https:\/\/radiolifefm.com.br\/noticias\/wp-json\/wp\/v2\/posts\/40935\/revisions"}],"predecessor-version":[{"id":40955,"href":"https:\/\/radiolifefm.com.br\/noticias\/wp-json\/wp\/v2\/posts\/40935\/revisions\/40955"}],"wp:featuredmedia":[{"embeddable":true,"href":"https:\/\/radiolifefm.com.br\/noticias\/wp-json\/wp\/v2\/media\/40936"}],"wp:attachment":[{"href":"https:\/\/radiolifefm.com.br\/noticias\/wp-json\/wp\/v2\/media?parent=40935"}],"wp:term":[{"taxonomy":"category","embeddable":true,"href":"https:\/\/radiolifefm.com.br\/noticias\/wp-json\/wp\/v2\/categories?post=40935"},{"taxonomy":"post_tag","embeddable":true,"href":"https:\/\/radiolifefm.com.br\/noticias\/wp-json\/wp\/v2\/tags?post=40935"}],"curies":[{"name":"wp","href":"https:\/\/api.w.org\/{rel}","templated":true}]}}