{"id":40921,"date":"2021-07-22T22:15:43","date_gmt":"2021-07-23T01:15:43","guid":{"rendered":"https:\/\/radiolifefm.com.br\/noticias\/?p=40921"},"modified":"2026-04-17T03:02:47","modified_gmt":"2026-04-17T06:02:47","slug":"moradores-se-unem-e-transformam-area-publica-no-residencial-parque-universitario","status":"publish","type":"post","link":"https:\/\/radiolifefm.com.br\/noticias\/moradores-se-unem-e-transformam-area-publica-no-residencial-parque-universitario\/","title":{"rendered":"Moradores se unem e transformam \u00e1rea p\u00fablica no residencial Parque Universit\u00e1rio"},"content":{"rendered":"<div id=\"fb-root\"><\/div>\n<p><strong>\u00a0<\/strong><\/p>\n<p>Um grupo de moradores do residencial Parque Universit\u00e1rio, em Adamantina, se uniu e conseguiu transformar a realidade de um espa\u00e7o p\u00fablico \u2013 \u00e1rea verde \u2013 em frente \u00e0s suas casas. A iniciativa foi liderada e executada pelos moradores C\u00e9lia Cardoso e o marido Milton,\u00a0Jane Ribeiro e o marido Beto e Luzinete Cordeiro e o marido Ronei.<\/p>\n<p>&nbsp;<\/p>\n<p>Sem danificar qualquer das esp\u00e9cies arb\u00f3reas do local, eles fizeram uma ocupa\u00e7\u00e3o positiva com limpeza e o uso de materiais reciclados e tornaram o lugar um novo espa\u00e7o de conviv\u00eancia comunit\u00e1ria, sobretudo para as crian\u00e7as.<\/p>\n<p>&nbsp;<\/p>\n<p>O local integra o espa\u00e7o urbano de uso comum, e como nas demais \u00e1reas semelhantes, no munic\u00edpio, a manuten\u00e7\u00e3o pelo poder p\u00fablico \u00e9 espor\u00e1dica e muitas vezes precisa ser reclamada para despertar a aten\u00e7\u00e3o dos gestores p\u00fablicos. Com isso, era comum o crescimento de mato e ainda ocorria o despejo de materiais inserv\u00edveis.<\/p>\n<p>&nbsp;<\/p>\n<p>Sem esperar pelo poder p\u00fablico, o grupo se mobilizou, idealizou as interven\u00e7\u00f5es e colocou o projeto em pr\u00e1tica.<\/p>\n<p>&nbsp;<\/p>\n<p>Nesse desafio o primeiro passo foi a limpeza do local, com a remo\u00e7\u00e3o do mato e detritos. Em paralelo, come\u00e7aram a reunir materiais recicl\u00e1veis, como madeiras de paletes, garrafas pet, calotas de rodas de ve\u00edculos e carreteis de madeira, e tudo se transformou. Os moradores tamb\u00e9m receberam algumas doa\u00e7\u00f5es.<\/p>\n<p>&nbsp;<\/p>\n<p>Toda a mobiliza\u00e7\u00e3o fez o grupo de moradores exercitar pr\u00e1ticas como cidadania, sustentabilidade, solidariedade, senso comunit\u00e1rio, pertencimento e responsabilidade coletiva, entre outros valores.<\/p>\n<p>&nbsp;<\/p>\n<p><strong>Transforma\u00e7\u00e3o e cuidados<\/strong><\/p>\n<p>Os objetos reunidos pelos moradores foram transformados pelas pr\u00f3prias m\u00e3os do grupo. Paletes inteiros foram transformados em mesas e outras pe\u00e7as coloridas. O local tem bancos e mesas que estimulam a conviv\u00eancia dos moradores, que podem ocupar esses espa\u00e7os para uma leitura, interagir pelo celular e acompanhar as crian\u00e7as em momentos de lazer.<\/p>\n<p>&nbsp;<\/p>\n<p>As garrafas pet, provenientes de embalagens de refrigerantes, sucos e produtos de limpeza ganharam formas de animais e se tornaram floreiras. Outras pe\u00e7as, tamb\u00e9m com contornos de animais, decoram o espa\u00e7o. As calotas de rodas de ve\u00edculos foram transformadas em flores.<\/p>\n<p>&nbsp;<\/p>\n<p>Tamb\u00e9m foram instaladas casas de passarinhos em galhos secos, e ainda h\u00e1 placas com mensagens positivas espalhadas por todo o lugar, al\u00e9m de informes de orienta\u00e7\u00e3o para que todos cuidem do espa\u00e7o coletivo. Todos os trabalhos manuais s\u00e3o carregados com cores vivas e vibrantes.<\/p>\n<p>&nbsp;<\/p>\n<p>Agora, com boa parte das interven\u00e7\u00f5es conclu\u00eddas \u2013 e outras ideias que ainda poder\u00e3o ser colocadas em pr\u00e1tica \u2013 os moradores tamb\u00e9m se revezam na zeladoria do espa\u00e7o, com cuidados rotineiros de limpeza e manuten\u00e7\u00e3o.<\/p>\n<p>&nbsp;<\/p>\n<p>Assim, mais que a pr\u00f3pria transforma\u00e7\u00e3o dos materiais, a iniciativa muda a realidade do lugar e pode tamb\u00e9m transformar pessoas, da pr\u00f3pria comunidade, e outras que possam se espelhar e multiplicar a iniciativa em outros espa\u00e7os da cidade.<\/p>\n<p>&nbsp;<\/p>\n<p><strong>Lugar de paz<\/strong><\/p>\n<p>Em uma publica\u00e7\u00e3o nas redes sociais, a professora Ana Luiza Cordeiro, irm\u00e3 de uma das mobilizadoras envolvidas na iniciativa do Parque Universit\u00e1rio, comentou sobre a interven\u00e7\u00e3o. \u201cSolidariedade, sustentabilidade, reciclagem, empatia. Tudo isso podemos enxergar nesse espa\u00e7o verde que se tornou um lugar de descanso e lazer para os moradores dessa rua. Mas, para quem tem empatia, amor ao pr\u00f3ximo, consegue ver aqui muito mais que isso. Os moradores se dedicam, zelam, cuidam com carinho e oferecem a natureza de presente para pessoas que passam por aqui. Em cada detalhe tem um pouco do cora\u00e7\u00e3o dessas pessoas. Essa atitude \u00e9 um exemplo para outros moradores que t\u00eam pr\u00f3ximos de suas casas um peda\u00e7o verde como esse. \u00c9 preciso somente um pouco de dedica\u00e7\u00e3o e amor. Todos podem ajudar. Eu amo vir aqui. N\u00e3o h\u00e1 aglomera\u00e7\u00f5es e as crian\u00e7as do bairro amam andar descal\u00e7o, pisar na areia e tudo o mais. Isso \u00e9 poss\u00edvel pois o espa\u00e7o \u00e9 rastelado todos os dias pelos moradores daqui. \u00c9 muito bacana. Se voc\u00ea tem um espa\u00e7o assim, convide seu vizinho e transforme a natureza que j\u00e1 \u00e9 bela, num espa\u00e7o de lazer para seus filhos e netos\u201d, publicou.<\/p>\n<div class='flex flex-wrap items-center -mx-1'>\r\n<a class='thumbnail gallery p-1 w-1\/2 md:w-1\/4' href='https:\/\/radiolifefm.com.br\/noticias\/wp-content\/uploads\/2021\/07\/u1rjpg162696423360f98109c0851.jpg'><img class='border border-white' src='https:\/\/radiolifefm.com.br\/noticias\/wp-content\/uploads\/2021\/07\/u1rjpg162696423360f98109c0851-200x200.jpg' alt='U1rjpg162696423360f98109c0851' \/><\/a><a class='thumbnail gallery p-1 w-1\/2 md:w-1\/4' href='https:\/\/radiolifefm.com.br\/noticias\/wp-content\/uploads\/2021\/07\/u2rjpg162696424560f98115d290d.jpg'><img class='border border-white' src='https:\/\/radiolifefm.com.br\/noticias\/wp-content\/uploads\/2021\/07\/u2rjpg162696424560f98115d290d-200x200.jpg' alt='U2rjpg162696424560f98115d290d' \/><\/a><a class='thumbnail gallery p-1 w-1\/2 md:w-1\/4' href='https:\/\/radiolifefm.com.br\/noticias\/wp-content\/uploads\/2021\/07\/u3rjpg162696428760f9813f8b637.jpg'><img class='border border-white' src='https:\/\/radiolifefm.com.br\/noticias\/wp-content\/uploads\/2021\/07\/u3rjpg162696428760f9813f8b637-200x200.jpg' alt='U3rjpg162696428760f9813f8b637' \/><\/a><a class='thumbnail gallery p-1 w-1\/2 md:w-1\/4' href='https:\/\/radiolifefm.com.br\/noticias\/wp-content\/uploads\/2021\/07\/u4rjpg162696435060f9817ede5f2.jpg'><img class='border border-white' src='https:\/\/radiolifefm.com.br\/noticias\/wp-content\/uploads\/2021\/07\/u4rjpg162696435060f9817ede5f2-200x200.jpg' alt='U4rjpg162696435060f9817ede5f2' \/><\/a><a class='thumbnail gallery p-1 w-1\/2 md:w-1\/4' href='https:\/\/radiolifefm.com.br\/noticias\/wp-content\/uploads\/2021\/07\/univ-4jpg162696530460f985388554a.jpg'><img class='border border-white' src='https:\/\/radiolifefm.com.br\/noticias\/wp-content\/uploads\/2021\/07\/univ-4jpg162696530460f985388554a-200x200.jpg' alt='Univ 4jpg162696530460f985388554a' \/><\/a><a class='thumbnail gallery p-1 w-1\/2 md:w-1\/4' href='https:\/\/radiolifefm.com.br\/noticias\/wp-content\/uploads\/2021\/07\/univ-7jpg162696427560f9813376aa9.jpg'><img class='border border-white' src='https:\/\/radiolifefm.com.br\/noticias\/wp-content\/uploads\/2021\/07\/univ-7jpg162696427560f9813376aa9-200x200.jpg' alt='Univ 7jpg162696427560f9813376aa9' \/><\/a><\/div>\n<p>Fonte: Siga Mais<\/p>\n","protected":false},"excerpt":{"rendered":"<p>\u00a0 Um grupo de moradores do residencial Parque Universit\u00e1rio, em Adamantina, se uniu e conseguiu transformar a realidade de um espa\u00e7o p\u00fablico \u2013 \u00e1rea verde \u2013 em frente \u00e0s suas casas. A iniciativa foi liderada e executada pelos moradores C\u00e9lia Cardoso e o marido Milton,\u00a0Jane Ribeiro e o marido Beto e Luzinete Cordeiro e o [&hellip;]<\/p>\n","protected":false},"author":13,"featured_media":40923,"comment_status":"closed","ping_status":"open","sticky":false,"template":"","format":"standard","meta":{"_acf_changed":false,"_exactmetrics_skip_tracking":false,"_exactmetrics_sitenote_active":false,"_exactmetrics_sitenote_note":"","_exactmetrics_sitenote_category":0,"footnotes":""},"categories":[21],"tags":[],"class_list":["post-40921","post","type-post","status-publish","format-standard","has-post-thumbnail","hentry","category-adamantina"],"acf":[],"yoast_head":"<!-- This site is optimized with the Yoast SEO plugin v27.2 - https:\/\/yoast.com\/product\/yoast-seo-wordpress\/ -->\n<title>Moradores se unem e transformam \u00e1rea p\u00fablica no residencial Parque Universit\u00e1rio - R\u00e1dio Life FM<\/title>\n<meta name=\"robots\" content=\"index, follow, max-snippet:-1, max-image-preview:large, max-video-preview:-1\" \/>\n<link rel=\"canonical\" href=\"https:\/\/radiolifefm.com.br\/noticias\/moradores-se-unem-e-transformam-area-publica-no-residencial-parque-universitario\/\" \/>\n<meta property=\"og:locale\" content=\"pt_BR\" \/>\n<meta property=\"og:type\" content=\"article\" \/>\n<meta property=\"og:title\" content=\"Moradores se unem e transformam \u00e1rea p\u00fablica no residencial Parque Universit\u00e1rio - R\u00e1dio Life FM\" \/>\n<meta property=\"og:description\" content=\"\u00a0 Um grupo de moradores do residencial Parque Universit\u00e1rio, em Adamantina, se uniu e conseguiu transformar a realidade de um espa\u00e7o p\u00fablico \u2013 \u00e1rea verde \u2013 em frente \u00e0s suas casas. A iniciativa foi liderada e executada pelos moradores C\u00e9lia Cardoso e o marido Milton,\u00a0Jane Ribeiro e o marido Beto e Luzinete Cordeiro e o [&hellip;]\" \/>\n<meta property=\"og:url\" content=\"https:\/\/radiolifefm.com.br\/noticias\/moradores-se-unem-e-transformam-area-publica-no-residencial-parque-universitario\/\" \/>\n<meta property=\"og:site_name\" content=\"R\u00e1dio Life FM\" \/>\n<meta property=\"article:publisher\" content=\"https:\/\/www.facebook.com\/radiolifefm\/\" \/>\n<meta property=\"article:published_time\" content=\"2021-07-23T01:15:43+00:00\" \/>\n<meta property=\"article:modified_time\" content=\"2026-04-17T06:02:47+00:00\" \/>\n<meta property=\"og:image\" content=\"https:\/\/radiolifefm.com.br\/noticias\/wp-content\/uploads\/2021\/07\/caparjpg162696411660f980941b9b5.jpg\" \/>\n\t<meta property=\"og:image:width\" content=\"600\" \/>\n\t<meta property=\"og:image:height\" content=\"337\" \/>\n\t<meta property=\"og:image:type\" content=\"image\/jpeg\" \/>\n<meta name=\"author\" content=\"ritanery\" \/>\n<meta name=\"twitter:card\" content=\"summary_large_image\" \/>\n<meta name=\"twitter:label1\" content=\"Escrito por\" \/>\n\t<meta name=\"twitter:data1\" content=\"ritanery\" \/>\n\t<meta name=\"twitter:label2\" content=\"Est. tempo de leitura\" \/>\n\t<meta name=\"twitter:data2\" content=\"3 minutos\" \/>\n<script type=\"application\/ld+json\" class=\"yoast-schema-graph\">{\"@context\":\"https:\/\/schema.org\",\"@graph\":[{\"@type\":\"Article\",\"@id\":\"https:\/\/radiolifefm.com.br\/noticias\/moradores-se-unem-e-transformam-area-publica-no-residencial-parque-universitario\/#article\",\"isPartOf\":{\"@id\":\"https:\/\/radiolifefm.com.br\/noticias\/moradores-se-unem-e-transformam-area-publica-no-residencial-parque-universitario\/\"},\"author\":{\"name\":\"ritanery\",\"@id\":\"https:\/\/radiolifefm.com.br\/noticias\/#\/schema\/person\/6339b9fac59d12b071dec680d7375d87\"},\"headline\":\"Moradores se unem e transformam \u00e1rea p\u00fablica no residencial Parque Universit\u00e1rio\",\"datePublished\":\"2021-07-23T01:15:43+00:00\",\"dateModified\":\"2026-04-17T06:02:47+00:00\",\"mainEntityOfPage\":{\"@id\":\"https:\/\/radiolifefm.com.br\/noticias\/moradores-se-unem-e-transformam-area-publica-no-residencial-parque-universitario\/\"},\"wordCount\":742,\"publisher\":{\"@id\":\"https:\/\/radiolifefm.com.br\/noticias\/#organization\"},\"image\":{\"@id\":\"https:\/\/radiolifefm.com.br\/noticias\/moradores-se-unem-e-transformam-area-publica-no-residencial-parque-universitario\/#primaryimage\"},\"thumbnailUrl\":\"https:\/\/radiolifefm.com.br\/noticias\/wp-content\/uploads\/2021\/07\/caparjpg162696411660f980941b9b5.jpg\",\"articleSection\":[\"Adamantina\"],\"inLanguage\":\"pt-BR\"},{\"@type\":\"WebPage\",\"@id\":\"https:\/\/radiolifefm.com.br\/noticias\/moradores-se-unem-e-transformam-area-publica-no-residencial-parque-universitario\/\",\"url\":\"https:\/\/radiolifefm.com.br\/noticias\/moradores-se-unem-e-transformam-area-publica-no-residencial-parque-universitario\/\",\"name\":\"Moradores se unem e transformam \u00e1rea p\u00fablica no residencial Parque Universit\u00e1rio - R\u00e1dio Life FM\",\"isPartOf\":{\"@id\":\"https:\/\/radiolifefm.com.br\/noticias\/#website\"},\"primaryImageOfPage\":{\"@id\":\"https:\/\/radiolifefm.com.br\/noticias\/moradores-se-unem-e-transformam-area-publica-no-residencial-parque-universitario\/#primaryimage\"},\"image\":{\"@id\":\"https:\/\/radiolifefm.com.br\/noticias\/moradores-se-unem-e-transformam-area-publica-no-residencial-parque-universitario\/#primaryimage\"},\"thumbnailUrl\":\"https:\/\/radiolifefm.com.br\/noticias\/wp-content\/uploads\/2021\/07\/caparjpg162696411660f980941b9b5.jpg\",\"datePublished\":\"2021-07-23T01:15:43+00:00\",\"dateModified\":\"2026-04-17T06:02:47+00:00\",\"breadcrumb\":{\"@id\":\"https:\/\/radiolifefm.com.br\/noticias\/moradores-se-unem-e-transformam-area-publica-no-residencial-parque-universitario\/#breadcrumb\"},\"inLanguage\":\"pt-BR\",\"potentialAction\":[{\"@type\":\"ReadAction\",\"target\":[\"https:\/\/radiolifefm.com.br\/noticias\/moradores-se-unem-e-transformam-area-publica-no-residencial-parque-universitario\/\"]}]},{\"@type\":\"ImageObject\",\"inLanguage\":\"pt-BR\",\"@id\":\"https:\/\/radiolifefm.com.br\/noticias\/moradores-se-unem-e-transformam-area-publica-no-residencial-parque-universitario\/#primaryimage\",\"url\":\"https:\/\/radiolifefm.com.br\/noticias\/wp-content\/uploads\/2021\/07\/caparjpg162696411660f980941b9b5.jpg\",\"contentUrl\":\"https:\/\/radiolifefm.com.br\/noticias\/wp-content\/uploads\/2021\/07\/caparjpg162696411660f980941b9b5.jpg\",\"width\":600,\"height\":337,\"caption\":\"Espa\u00e7o tinha manuten\u00e7\u00e3o espor\u00e1dica e foi ocupado positivamente pela a\u00e7\u00e3o de moradores.\"},{\"@type\":\"BreadcrumbList\",\"@id\":\"https:\/\/radiolifefm.com.br\/noticias\/moradores-se-unem-e-transformam-area-publica-no-residencial-parque-universitario\/#breadcrumb\",\"itemListElement\":[{\"@type\":\"ListItem\",\"position\":1,\"name\":\"In\u00edcio\",\"item\":\"https:\/\/radiolifefm.com.br\/noticias\/\"},{\"@type\":\"ListItem\",\"position\":2,\"name\":\"Moradores se unem e transformam \u00e1rea p\u00fablica no residencial Parque Universit\u00e1rio\"}]},{\"@type\":\"WebSite\",\"@id\":\"https:\/\/radiolifefm.com.br\/noticias\/#website\",\"url\":\"https:\/\/radiolifefm.com.br\/noticias\/\",\"name\":\"R\u00e1dio Life FM\",\"description\":\"O Portal de Not\u00edcias de Adamantina\",\"publisher\":{\"@id\":\"https:\/\/radiolifefm.com.br\/noticias\/#organization\"},\"alternateName\":\"Life FM\",\"potentialAction\":[{\"@type\":\"SearchAction\",\"target\":{\"@type\":\"EntryPoint\",\"urlTemplate\":\"https:\/\/radiolifefm.com.br\/noticias\/?s={search_term_string}\"},\"query-input\":{\"@type\":\"PropertyValueSpecification\",\"valueRequired\":true,\"valueName\":\"search_term_string\"}}],\"inLanguage\":\"pt-BR\"},{\"@type\":\"Organization\",\"@id\":\"https:\/\/radiolifefm.com.br\/noticias\/#organization\",\"name\":\"R\u00e1dio Life FM\",\"alternateName\":\"Life FM\",\"url\":\"https:\/\/radiolifefm.com.br\/noticias\/\",\"logo\":{\"@type\":\"ImageObject\",\"inLanguage\":\"pt-BR\",\"@id\":\"https:\/\/radiolifefm.com.br\/noticias\/#\/schema\/logo\/image\/\",\"url\":\"https:\/\/static.radiolifefm.com.br\/noticias\/wp-content\/uploads\/2019\/10\/logo-lifefm.png\",\"contentUrl\":\"https:\/\/static.radiolifefm.com.br\/noticias\/wp-content\/uploads\/2019\/10\/logo-lifefm.png\",\"width\":196,\"height\":47,\"caption\":\"R\u00e1dio Life FM\"},\"image\":{\"@id\":\"https:\/\/radiolifefm.com.br\/noticias\/#\/schema\/logo\/image\/\"},\"sameAs\":[\"https:\/\/www.facebook.com\/radiolifefm\/\",\"https:\/\/www.instagram.com\/life1079fm\/\"]},{\"@type\":\"Person\",\"@id\":\"https:\/\/radiolifefm.com.br\/noticias\/#\/schema\/person\/6339b9fac59d12b071dec680d7375d87\",\"name\":\"ritanery\",\"image\":{\"@type\":\"ImageObject\",\"inLanguage\":\"pt-BR\",\"@id\":\"https:\/\/secure.gravatar.com\/avatar\/0e37bb19071f47c0b8a23f62a903df117c5a0e75f65a0c2901562f97cd41cf86?s=96&d=mm&r=g\",\"url\":\"https:\/\/secure.gravatar.com\/avatar\/0e37bb19071f47c0b8a23f62a903df117c5a0e75f65a0c2901562f97cd41cf86?s=96&d=mm&r=g\",\"contentUrl\":\"https:\/\/secure.gravatar.com\/avatar\/0e37bb19071f47c0b8a23f62a903df117c5a0e75f65a0c2901562f97cd41cf86?s=96&d=mm&r=g\",\"caption\":\"ritanery\"}}]}<\/script>\n<!-- \/ Yoast SEO plugin. -->","yoast_head_json":{"title":"Moradores se unem e transformam \u00e1rea p\u00fablica no residencial Parque Universit\u00e1rio - R\u00e1dio Life FM","robots":{"index":"index","follow":"follow","max-snippet":"max-snippet:-1","max-image-preview":"max-image-preview:large","max-video-preview":"max-video-preview:-1"},"canonical":"https:\/\/radiolifefm.com.br\/noticias\/moradores-se-unem-e-transformam-area-publica-no-residencial-parque-universitario\/","og_locale":"pt_BR","og_type":"article","og_title":"Moradores se unem e transformam \u00e1rea p\u00fablica no residencial Parque Universit\u00e1rio - R\u00e1dio Life FM","og_description":"\u00a0 Um grupo de moradores do residencial Parque Universit\u00e1rio, em Adamantina, se uniu e conseguiu transformar a realidade de um espa\u00e7o p\u00fablico \u2013 \u00e1rea verde \u2013 em frente \u00e0s suas casas. A iniciativa foi liderada e executada pelos moradores C\u00e9lia Cardoso e o marido Milton,\u00a0Jane Ribeiro e o marido Beto e Luzinete Cordeiro e o [&hellip;]","og_url":"https:\/\/radiolifefm.com.br\/noticias\/moradores-se-unem-e-transformam-area-publica-no-residencial-parque-universitario\/","og_site_name":"R\u00e1dio Life FM","article_publisher":"https:\/\/www.facebook.com\/radiolifefm\/","article_published_time":"2021-07-23T01:15:43+00:00","article_modified_time":"2026-04-17T06:02:47+00:00","og_image":[{"width":600,"height":337,"url":"https:\/\/radiolifefm.com.br\/noticias\/wp-content\/uploads\/2021\/07\/caparjpg162696411660f980941b9b5.jpg","type":"image\/jpeg"}],"author":"ritanery","twitter_card":"summary_large_image","twitter_misc":{"Escrito por":"ritanery","Est. tempo de leitura":"3 minutos"},"schema":{"@context":"https:\/\/schema.org","@graph":[{"@type":"Article","@id":"https:\/\/radiolifefm.com.br\/noticias\/moradores-se-unem-e-transformam-area-publica-no-residencial-parque-universitario\/#article","isPartOf":{"@id":"https:\/\/radiolifefm.com.br\/noticias\/moradores-se-unem-e-transformam-area-publica-no-residencial-parque-universitario\/"},"author":{"name":"ritanery","@id":"https:\/\/radiolifefm.com.br\/noticias\/#\/schema\/person\/6339b9fac59d12b071dec680d7375d87"},"headline":"Moradores se unem e transformam \u00e1rea p\u00fablica no residencial Parque Universit\u00e1rio","datePublished":"2021-07-23T01:15:43+00:00","dateModified":"2026-04-17T06:02:47+00:00","mainEntityOfPage":{"@id":"https:\/\/radiolifefm.com.br\/noticias\/moradores-se-unem-e-transformam-area-publica-no-residencial-parque-universitario\/"},"wordCount":742,"publisher":{"@id":"https:\/\/radiolifefm.com.br\/noticias\/#organization"},"image":{"@id":"https:\/\/radiolifefm.com.br\/noticias\/moradores-se-unem-e-transformam-area-publica-no-residencial-parque-universitario\/#primaryimage"},"thumbnailUrl":"https:\/\/radiolifefm.com.br\/noticias\/wp-content\/uploads\/2021\/07\/caparjpg162696411660f980941b9b5.jpg","articleSection":["Adamantina"],"inLanguage":"pt-BR"},{"@type":"WebPage","@id":"https:\/\/radiolifefm.com.br\/noticias\/moradores-se-unem-e-transformam-area-publica-no-residencial-parque-universitario\/","url":"https:\/\/radiolifefm.com.br\/noticias\/moradores-se-unem-e-transformam-area-publica-no-residencial-parque-universitario\/","name":"Moradores se unem e transformam \u00e1rea p\u00fablica no residencial Parque Universit\u00e1rio - R\u00e1dio Life FM","isPartOf":{"@id":"https:\/\/radiolifefm.com.br\/noticias\/#website"},"primaryImageOfPage":{"@id":"https:\/\/radiolifefm.com.br\/noticias\/moradores-se-unem-e-transformam-area-publica-no-residencial-parque-universitario\/#primaryimage"},"image":{"@id":"https:\/\/radiolifefm.com.br\/noticias\/moradores-se-unem-e-transformam-area-publica-no-residencial-parque-universitario\/#primaryimage"},"thumbnailUrl":"https:\/\/radiolifefm.com.br\/noticias\/wp-content\/uploads\/2021\/07\/caparjpg162696411660f980941b9b5.jpg","datePublished":"2021-07-23T01:15:43+00:00","dateModified":"2026-04-17T06:02:47+00:00","breadcrumb":{"@id":"https:\/\/radiolifefm.com.br\/noticias\/moradores-se-unem-e-transformam-area-publica-no-residencial-parque-universitario\/#breadcrumb"},"inLanguage":"pt-BR","potentialAction":[{"@type":"ReadAction","target":["https:\/\/radiolifefm.com.br\/noticias\/moradores-se-unem-e-transformam-area-publica-no-residencial-parque-universitario\/"]}]},{"@type":"ImageObject","inLanguage":"pt-BR","@id":"https:\/\/radiolifefm.com.br\/noticias\/moradores-se-unem-e-transformam-area-publica-no-residencial-parque-universitario\/#primaryimage","url":"https:\/\/radiolifefm.com.br\/noticias\/wp-content\/uploads\/2021\/07\/caparjpg162696411660f980941b9b5.jpg","contentUrl":"https:\/\/radiolifefm.com.br\/noticias\/wp-content\/uploads\/2021\/07\/caparjpg162696411660f980941b9b5.jpg","width":600,"height":337,"caption":"Espa\u00e7o tinha manuten\u00e7\u00e3o espor\u00e1dica e foi ocupado positivamente pela a\u00e7\u00e3o de moradores."},{"@type":"BreadcrumbList","@id":"https:\/\/radiolifefm.com.br\/noticias\/moradores-se-unem-e-transformam-area-publica-no-residencial-parque-universitario\/#breadcrumb","itemListElement":[{"@type":"ListItem","position":1,"name":"In\u00edcio","item":"https:\/\/radiolifefm.com.br\/noticias\/"},{"@type":"ListItem","position":2,"name":"Moradores se unem e transformam \u00e1rea p\u00fablica no residencial Parque Universit\u00e1rio"}]},{"@type":"WebSite","@id":"https:\/\/radiolifefm.com.br\/noticias\/#website","url":"https:\/\/radiolifefm.com.br\/noticias\/","name":"R\u00e1dio Life FM","description":"O Portal de Not\u00edcias de Adamantina","publisher":{"@id":"https:\/\/radiolifefm.com.br\/noticias\/#organization"},"alternateName":"Life FM","potentialAction":[{"@type":"SearchAction","target":{"@type":"EntryPoint","urlTemplate":"https:\/\/radiolifefm.com.br\/noticias\/?s={search_term_string}"},"query-input":{"@type":"PropertyValueSpecification","valueRequired":true,"valueName":"search_term_string"}}],"inLanguage":"pt-BR"},{"@type":"Organization","@id":"https:\/\/radiolifefm.com.br\/noticias\/#organization","name":"R\u00e1dio Life FM","alternateName":"Life FM","url":"https:\/\/radiolifefm.com.br\/noticias\/","logo":{"@type":"ImageObject","inLanguage":"pt-BR","@id":"https:\/\/radiolifefm.com.br\/noticias\/#\/schema\/logo\/image\/","url":"https:\/\/static.radiolifefm.com.br\/noticias\/wp-content\/uploads\/2019\/10\/logo-lifefm.png","contentUrl":"https:\/\/static.radiolifefm.com.br\/noticias\/wp-content\/uploads\/2019\/10\/logo-lifefm.png","width":196,"height":47,"caption":"R\u00e1dio Life FM"},"image":{"@id":"https:\/\/radiolifefm.com.br\/noticias\/#\/schema\/logo\/image\/"},"sameAs":["https:\/\/www.facebook.com\/radiolifefm\/","https:\/\/www.instagram.com\/life1079fm\/"]},{"@type":"Person","@id":"https:\/\/radiolifefm.com.br\/noticias\/#\/schema\/person\/6339b9fac59d12b071dec680d7375d87","name":"ritanery","image":{"@type":"ImageObject","inLanguage":"pt-BR","@id":"https:\/\/secure.gravatar.com\/avatar\/0e37bb19071f47c0b8a23f62a903df117c5a0e75f65a0c2901562f97cd41cf86?s=96&d=mm&r=g","url":"https:\/\/secure.gravatar.com\/avatar\/0e37bb19071f47c0b8a23f62a903df117c5a0e75f65a0c2901562f97cd41cf86?s=96&d=mm&r=g","contentUrl":"https:\/\/secure.gravatar.com\/avatar\/0e37bb19071f47c0b8a23f62a903df117c5a0e75f65a0c2901562f97cd41cf86?s=96&d=mm&r=g","caption":"ritanery"}}]}},"amp_enabled":true,"_links":{"self":[{"href":"https:\/\/radiolifefm.com.br\/noticias\/wp-json\/wp\/v2\/posts\/40921","targetHints":{"allow":["GET"]}}],"collection":[{"href":"https:\/\/radiolifefm.com.br\/noticias\/wp-json\/wp\/v2\/posts"}],"about":[{"href":"https:\/\/radiolifefm.com.br\/noticias\/wp-json\/wp\/v2\/types\/post"}],"author":[{"embeddable":true,"href":"https:\/\/radiolifefm.com.br\/noticias\/wp-json\/wp\/v2\/users\/13"}],"replies":[{"embeddable":true,"href":"https:\/\/radiolifefm.com.br\/noticias\/wp-json\/wp\/v2\/comments?post=40921"}],"version-history":[{"count":2,"href":"https:\/\/radiolifefm.com.br\/noticias\/wp-json\/wp\/v2\/posts\/40921\/revisions"}],"predecessor-version":[{"id":40931,"href":"https:\/\/radiolifefm.com.br\/noticias\/wp-json\/wp\/v2\/posts\/40921\/revisions\/40931"}],"wp:featuredmedia":[{"embeddable":true,"href":"https:\/\/radiolifefm.com.br\/noticias\/wp-json\/wp\/v2\/media\/40923"}],"wp:attachment":[{"href":"https:\/\/radiolifefm.com.br\/noticias\/wp-json\/wp\/v2\/media?parent=40921"}],"wp:term":[{"taxonomy":"category","embeddable":true,"href":"https:\/\/radiolifefm.com.br\/noticias\/wp-json\/wp\/v2\/categories?post=40921"},{"taxonomy":"post_tag","embeddable":true,"href":"https:\/\/radiolifefm.com.br\/noticias\/wp-json\/wp\/v2\/tags?post=40921"}],"curies":[{"name":"wp","href":"https:\/\/api.w.org\/{rel}","templated":true}]}}