{"id":40867,"date":"2021-07-21T10:34:59","date_gmt":"2021-07-21T13:34:59","guid":{"rendered":"https:\/\/radiolifefm.com.br\/noticias\/?p=40867"},"modified":"2026-04-17T09:05:19","modified_gmt":"2026-04-17T12:05:19","slug":"com-divulgacao-restrita-ao-edital-oficial-e-pouca-publicidade-prefeitura-vai-ceder-areas-a-empresasadamantina","status":"publish","type":"post","link":"https:\/\/radiolifefm.com.br\/noticias\/com-divulgacao-restrita-ao-edital-oficial-e-pouca-publicidade-prefeitura-vai-ceder-areas-a-empresasadamantina\/","title":{"rendered":"Com divulga\u00e7\u00e3o restrita ao edital oficial e pouca publicidade, Prefeitura vai ceder \u00e1reas a empresas"},"content":{"rendered":"<div id=\"fb-root\"><\/div>\n<p>Est\u00e1 em andamento\u00a0\u00a0pela Prefeitura de Adamantina desde o dia 14 de junho a\u00a0<a href=\"https:\/\/www.adamantina.sp.gov.br\/?pag=T0RZPU9EYz1PR009T1RrPU9EWT1PVEE9T1dFPQ==&amp;view=LIST-LICIT&amp;modalidade=4&amp;ano=2021&amp;situacao=&amp;notIn=&amp;id=1700\"><strong>Concorr\u00eancia P\u00fablica N\u00ba 01\/2021<\/strong><\/a>\u00a0(Licita\u00e7\u00e3o P\u00fablica \u2013 Processo N\u00ba 51\/2021), que prev\u00ea a concess\u00e3o de 18 terrenos para fomento \u00e0s empresas, seja instala\u00e7\u00e3o ou amplia\u00e7\u00e3o das atividades. O encerramento da licita\u00e7\u00e3o ser\u00e1 nesta quinta-feira (22).<\/p>\n<p>&nbsp;<\/p>\n<p>As exig\u00eancias formais da Lei de Licita\u00e7\u00f5es, quanto \u00e0 publica\u00e7\u00e3o do resumo do edital ocorreram em conformidade com a legisla\u00e7\u00e3o, no Di\u00e1rio Oficial do Estado de S\u00e3o Paulo e na se\u00e7\u00e3o de editais do jornal Di\u00e1rio do Oeste. Por\u00e9m, cr\u00edticas apontam que faltou ampla publicidade para divulgar a iniciativa, que poderia ampliar seu alcance, na cidade, e tamb\u00e9m atrair empresas e investidores de fora.<\/p>\n<p><img loading=\"lazy\" decoding=\"async\" class=\"alignnone size-full wp-image-40868\" src=\"https:\/\/static.radiolifefm.com.br\/wp-content\/uploads\/sites\/2\/2021\/07\/listajpg162679403060f6e82e1e8f0.jpg\" alt=\"\" width=\"997\" height=\"1418\" srcset=\"https:\/\/radiolifefm.com.br\/noticias\/wp-content\/uploads\/2021\/07\/listajpg162679403060f6e82e1e8f0.jpg 997w, https:\/\/radiolifefm.com.br\/noticias\/wp-content\/uploads\/2021\/07\/listajpg162679403060f6e82e1e8f0-211x300.jpg 211w, https:\/\/radiolifefm.com.br\/noticias\/wp-content\/uploads\/2021\/07\/listajpg162679403060f6e82e1e8f0-720x1024.jpg 720w, https:\/\/radiolifefm.com.br\/noticias\/wp-content\/uploads\/2021\/07\/listajpg162679403060f6e82e1e8f0-768x1092.jpg 768w\" sizes=\"auto, (max-width: 997px) 100vw, 997px\" \/><\/p>\n<p>O tema ganhou amplitude na tarde desta segunda-feira (19) pela a\u00e7\u00e3o fiscalizadora do vereador Alcio Ikeda\u00a0\u00a0(Podemos). Em uma varredura rotineira acerca dos atos oficiais disponibilizados no site oficial da Prefeitura, identificou a concorr\u00eancia p\u00fablica. \u201cAlgu\u00e9m ficou sabendo que a Prefeitura abriu licita\u00e7\u00e3o para a concess\u00e3o de 18 terrenos do munic\u00edpio no distrito industrial, para ind\u00fastria e com\u00e9rcio? Algu\u00e9m chegou a ver alguma publica\u00e7\u00e3o, alguma mat\u00e9ria, algum informativo, ouviu em algum ve\u00edculo de comunica\u00e7\u00e3o local informando amplamente sobre a concess\u00e3o de terrenos?\u201d, publicou Alcio em suas redes sociais. \u201cN\u00e3o estou questionando a conduta e nem o cumprimento estrito de lei, apenas gostaria de saber apenas se a popula\u00e7\u00e3o, os empres\u00e1rios, os comerciantes souberam (ou sabem) dessa licita\u00e7\u00e3o, pois eu entendo que al\u00e9m da mera publica\u00e7\u00e3o no canto de jornal, isso \u00e9 um tema que mereceria ampla publicidade e est\u00edmulo para muitos interessados participarem e a prefeitura ter a melhor proposta poss\u00edvel de gera\u00e7\u00e3o de empregos\u201d, continuou.<\/p>\n<p>&nbsp;<\/p>\n<p>Depois disso, na manh\u00e3 desta ter\u00e7a-feira (20), e h\u00e1 dois dias do t\u00e9rmino do processo de licita\u00e7\u00e3o, a Prefeitura divulgou a primeira\u00a0<a href=\"https:\/\/www.adamantina.sp.gov.br\/?pag=T1RVPU9EZz1PV0k9T1RrPU9UUT1OMlE9T0dNPU9XST1PR1U9T0dNPU9HWT1PV009T1dZPQ==&amp;id=6818\"><strong>nota<\/strong>\u00a0<\/a>sobre o tema, na tentativa de alcan\u00e7ar visibilidade. Por\u00e9m, o prazo \u00e9 curto para que interessados re\u00fanam as informa\u00e7\u00f5es e apresentem os projetos t\u00e9cnicos e documentos para serem avaliados pelo poder p\u00fablico municipal.<\/p>\n<p>&nbsp;<\/p>\n<p><strong>Veja a integra da publica\u00e7\u00e3o da Prefeitura:<\/strong><\/p>\n<p><em>\u201cA Prefeitura de Adamantina informa que acontece na quinta-feira (22), a partir das 9h a licita\u00e7\u00e3o que objetiva conceder o direito real de uso e subsequente doa\u00e7\u00e3o com encargos de im\u00f3veis constantes do patrim\u00f4nio municipal para fins industriais e comerciais do Distrito Industrial Valentim Gatti, no Distrito Industrial Ot\u00e1vio Gavazi e Distrito Industrial Jos\u00e9 Bocardi.<\/em><\/p>\n<p><em>Os interessados dever\u00e3o apresentar um envelope com a Documenta\u00e7\u00e3o e um segundo envelope com a \u201cproposta\u201d.<\/em><\/p>\n<p><em>O licitante vencedor ser\u00e1 notificado pela Prefeitura de Adamantina para que proceda a assinatura do contrato oriundo da presente licita\u00e7\u00e3o no prazo de cinco dias.<\/em><\/p>\n<p><em>O prazo de in\u00edcio de constru\u00e7\u00e3o constante da proposta vencedora ser\u00e1 contado do recebimento da ordem de servi\u00e7o para in\u00edcio da implanta\u00e7\u00e3o da empresa, que se dar\u00e1 ap\u00f3s a aprova\u00e7\u00e3o do projeto pelo Departamento de Engenharia.<\/em><\/p>\n<p><em>Todas as informa\u00e7\u00f5es sobre o edital de concess\u00e3o de im\u00f3veis est\u00e3o dispon\u00edveis em www.adamantina.sp.gov.br. D\u00favidas podem ser sanadas pelo (18) 3522-4310\u201d.<\/em><\/p>\n<p>Na primeira quinzena de junho, \u00e9poca do lan\u00e7amento do edital, o tema prevalente na cidade era a transi\u00e7\u00e3o da reitoria do Centro Universit\u00e1rio de Adamantina (UniFAI).<\/p>\n<p>&nbsp;<\/p>\n<p><strong>Vereadores pedem prorroga\u00e7\u00e3o do prazo da licita\u00e7\u00e3o<\/strong><\/p>\n<p>Em um of\u00edcio protocolado nesta ter\u00e7a-feira endere\u00e7ado ao prefeito de Adamantina, cinco vereadores pedem que o prazo da licita\u00e7\u00e3o seja ampliado. O documento \u00e9 assinado por Paulo Cervelheira (PV), presidente da C\u00e2mara, acompanhado dos colegas Alcio Ikeda (Podemos), Rafael Pacheco (Podemos), Bigode da Capoeira (Podemos) e Cid Santos (DEM).<\/p>\n<p>&nbsp;<\/p>\n<p><strong>Veja a \u00edntegra do pedido endere\u00e7ado ao prefeito:<\/strong><\/p>\n<p><em>\u201cConsiderando, que chegou ao conhecimento destes vereadores a exist\u00eancia de edital de licita\u00e7\u00e3o na modalidade concorr\u00eancia, tratando sobre a concess\u00e3o de terrenos em distritos industriais para fins industriais e comerciais (Concorr\u00eancia P\u00fablica n\u00ba 01\/2021);<\/em><\/p>\n<p><em>Considerando, que diferente de como foi realizado em outras situa\u00e7\u00f5es semelhantes, o munic\u00edpio somente se manifestou oficialmente em seu espa\u00e7o de not\u00edcias no site da Prefeitura, no dia de hoje (20\/07), informando um procedimento que ocorrer\u00e1 depois de amanh\u00e3 (22\/07);<\/em><\/p>\n<p><em>Considerando que, em consulta a popula\u00e7\u00e3o, a grande maioria, incluindo prov\u00e1veis interessados em participar e investir no munic\u00edpio, n\u00e3o tiveram conhecimento da abertura do referido procedimento licitat\u00f3rio;<\/em><\/p>\n<p><em>Considerando, que o processo envolve uma quest\u00e3o grandiosa ao futuro da economia de nosso munic\u00edpio, merecendo publica\u00e7\u00e3o e divulga\u00e7\u00e3o ampla por parte da Prefeitura, bem como da imprensa local, que at\u00e9 o momento n\u00e3o publicou mat\u00e9rias sobre o assunto e s\u00f3 foi informada oficialmente no dia de hoje;<\/em><\/p>\n<p><em>Considerando o Princ\u00edpio da Competitividade, que tem como objetivo alcan\u00e7ar a proposta mais vantajosa para a Administra\u00e7\u00e3o P\u00fablica, princ\u00edpio este, norteador de todo Processo Licitat\u00f3rio;<\/em><\/p>\n<p><em>Considerando, o Princ\u00edpio da Moralidade Administrativa que norteia a Administra\u00e7\u00e3o P\u00fablica a observar padr\u00f5es \u00e9ticos, de boa-f\u00e9, decoro, bom senso e justi\u00e7a, n\u00e3o se limitando somente o cumprimento estrito da lei;<\/em><\/p>\n<p><em>Solicitamos de Vossa Excel\u00eancia, seja realizada prorroga\u00e7\u00e3o do prazo para a apresenta\u00e7\u00e3o de propostas na Concorr\u00eancia P\u00fablica n\u00ba 01\/2021, visando obter o melhor resultado com uma maior competitividade do processo licitat\u00f3rio em quest\u00e3o.<\/em><\/p>\n<p><em>Cumpre ressaltar que n\u00e3o se trata de quest\u00e3o de Legalidade estrita, mas sim de solicita\u00e7\u00e3o baseada em Princ\u00edpios Constitucionais e Princ\u00edpios do Procedimento Licitat\u00f3rio, visando a maior competitividade e o melhor resultado para o Munic\u00edpio\u201d.<\/em><\/p>\n<p>&nbsp;<\/p>\n<p><strong>Concess\u00e3o de \u00e1reas<\/strong><\/p>\n<p>Conforme o edital, cada proponente interessado nas \u00e1reas disponibilizadas pela Prefeitura precisa apresentar projeto sobre o uso das mesmas, e cada proposta \u00e9 avaliada, onde os itens exigidos na legisla\u00e7\u00e3o municipal s\u00e3o pontuados. A soma dos pontos alcan\u00e7ados define os ganhadores.<\/p>\n<p>&nbsp;<\/p>\n<p>Os itens listados no projeto e exigidos pela\u00a0\u00a0Prefeitura s\u00e3o os encargos, como proje\u00e7\u00e3o de faturamento e empregos. Est\u00e3o definidas ainda etapas para in\u00edcio das obras e de funcionamento do empreendimento. Depois de um per\u00edodo, sendo cumpridas todas essas etapas, a concess\u00e3o da \u00e1rea \u00e9 convertida em doa\u00e7\u00e3o ao empres\u00e1rio.<\/p>\n<p>&nbsp;<\/p>\n<p>A concess\u00e3o de \u00e1reas ocorre com base na Lei de Licita\u00e7\u00f5es e em duas leis municipais: a\u00a0<a href=\"https:\/\/www.adamantina.sp.gov.br\/?pag=T0dRPU9EZz1PR009T1RnPQ==&amp;id=1488&amp;idtipolei=2\"><strong>Lei Complementar N\u00ba 259<\/strong><\/a>, de 05 de abril de 2016, alterada pela\u00a0<a href=\"https:\/\/www.adamantina.sp.gov.br\/?pag=T0dRPU9EZz1PR009T1RnPQ==&amp;id=533&amp;idtipolei=2\"><strong>Lei Complementar N.\u00ba 278<\/strong><\/a>, de 07 de junho de 2017, e seus anexos.<\/p>\n<p>&nbsp;<\/p>\n<p><strong>Na semana passada Junqueir\u00f3polis de ordem de servi\u00e7o para 20 empresas iniciarem obras na cidade<\/strong><\/p>\n<p>H\u00e1 uma semana, na ter\u00e7a-feira (13), em processo de concess\u00e3o semelhante, a Prefeitura de Junqueir\u00f3polis entregou as ordens de servi\u00e7os para 20 empresa, autorizando o\u00a0\u00a0in\u00edcio das\u00a0\u00a0constru\u00e7\u00f5es de suas sedes nos Distrito Industriais III e IV.<\/p>\n<p>&nbsp;<\/p>\n<p>\u201cA partir de agora as obras podem come\u00e7ar\u201d, afirmou o prefeito Osmar Pinatto, acrescentando que oito novas empresas tamb\u00e9m ir\u00e3o receber nos pr\u00f3ximos dias as ordens de servi\u00e7os.<\/p>\n<p>&nbsp;<\/p>\n<p>Junto com a autoriza\u00e7\u00e3o das obras as empresas receberam tamb\u00e9m por parte da Prefeitura, os termos de concess\u00f5es de usos e as subsequentes doa\u00e7\u00f5es das \u00e1reas onde os empreendimentos ser\u00e3o instalados.<\/p>\n<p><img loading=\"lazy\" decoding=\"async\" class=\"alignnone size-full wp-image-40869\" src=\"https:\/\/static.radiolifefm.com.br\/wp-content\/uploads\/sites\/2\/2021\/07\/whatsappimage20210713at135257jpeg162628143660ef15dc7a3c9jpg162679373960f6e70b1ea78.jpg\" alt=\"\" width=\"600\" height=\"337\" srcset=\"https:\/\/radiolifefm.com.br\/noticias\/wp-content\/uploads\/2021\/07\/whatsappimage20210713at135257jpeg162628143660ef15dc7a3c9jpg162679373960f6e70b1ea78.jpg 600w, https:\/\/radiolifefm.com.br\/noticias\/wp-content\/uploads\/2021\/07\/whatsappimage20210713at135257jpeg162628143660ef15dc7a3c9jpg162679373960f6e70b1ea78-300x169.jpg 300w\" sizes=\"auto, (max-width: 600px) 100vw, 600px\" \/><\/p>\n<p>A previs\u00e3o, de acordo com Osmar, \u00e9 a gera\u00e7\u00e3o de aproximadamente 100 empregos diretos na constru\u00e7\u00e3o civil durante as obras e cerca de 600 quando as empresas estiverem funcionando. \u201cAcrescenta-se a isso, a movimenta\u00e7\u00e3o de recursos no com\u00e9rcio em geral do munic\u00edpio que j\u00e1 est\u00e1 ocorrendo\u201d, afirma.<\/p>\n<p>&nbsp;<\/p>\n<p>O prefeito de Junqueir\u00f3polis confirmou a conquista para o munic\u00edpio, com apoio do deputado Mauro Bragato, junto ao Governo do Estado, a verba de R$ 2 milh\u00f5es para implanta\u00e7\u00e3o de infraestrutura e esta\u00e7\u00e3o elevat\u00f3ria que faltam nos distritos,\u00a0\u00a0possibilitando o funcionamento de novas empresas, a exemplo da Casul (Cooperativa Agropecu\u00e1ria de Parapu\u00e3) que j\u00e1 est\u00e1 em obras.<\/p>\n<p>&nbsp;<\/p>\n<p>Pinatto concluiu refor\u00e7ando que a conquista de ativar os distritos industriais, \u00e9 um trabalho conjunto da administra\u00e7\u00e3o municipal, C\u00e2mara, em parceria com a iniciativa privada, atrav\u00e9s do setor empresarial e demais setores organizados do munic\u00edpio\u00a0<a href=\"https:\/\/www.sigamais.com\/noticias\/cidades\/prefeitura-de-junqueiropolis-entrega-ordem-de-servico-para-20-empresas-iniciarem-obras-na-cidade\/\"><strong>(leia mais)<\/strong><\/a>.<\/p>\n<p>&nbsp;<\/p>\n<p>Fonte: Siga Mais<\/p>\n","protected":false},"excerpt":{"rendered":"<p>Est\u00e1 em andamento\u00a0\u00a0pela Prefeitura de Adamantina desde o dia 14 de junho a\u00a0Concorr\u00eancia P\u00fablica N\u00ba 01\/2021\u00a0(Licita\u00e7\u00e3o P\u00fablica \u2013 Processo N\u00ba 51\/2021), que prev\u00ea a concess\u00e3o de 18 terrenos para fomento \u00e0s empresas, seja instala\u00e7\u00e3o ou amplia\u00e7\u00e3o das atividades. O encerramento da licita\u00e7\u00e3o ser\u00e1 nesta quinta-feira (22). &nbsp; As exig\u00eancias formais da Lei de Licita\u00e7\u00f5es, quanto [&hellip;]<\/p>\n","protected":false},"author":13,"featured_media":37049,"comment_status":"closed","ping_status":"open","sticky":false,"template":"","format":"standard","meta":{"_acf_changed":false,"_exactmetrics_skip_tracking":false,"_exactmetrics_sitenote_active":false,"_exactmetrics_sitenote_note":"","_exactmetrics_sitenote_category":0,"footnotes":""},"categories":[21],"tags":[],"class_list":["post-40867","post","type-post","status-publish","format-standard","has-post-thumbnail","hentry","category-adamantina"],"acf":[],"yoast_head":"<!-- This site is optimized with the Yoast SEO plugin v27.2 - https:\/\/yoast.com\/product\/yoast-seo-wordpress\/ -->\n<title>Com divulga\u00e7\u00e3o restrita ao edital oficial e pouca publicidade, Prefeitura vai ceder \u00e1reas a empresas - R\u00e1dio Life FM<\/title>\n<meta name=\"robots\" content=\"index, follow, max-snippet:-1, max-image-preview:large, max-video-preview:-1\" \/>\n<link rel=\"canonical\" href=\"https:\/\/radiolifefm.com.br\/noticias\/com-divulgacao-restrita-ao-edital-oficial-e-pouca-publicidade-prefeitura-vai-ceder-areas-a-empresasadamantina\/\" \/>\n<meta property=\"og:locale\" content=\"pt_BR\" \/>\n<meta property=\"og:type\" content=\"article\" \/>\n<meta property=\"og:title\" content=\"Com divulga\u00e7\u00e3o restrita ao edital oficial e pouca publicidade, Prefeitura vai ceder \u00e1reas a empresas - R\u00e1dio Life FM\" \/>\n<meta property=\"og:description\" content=\"Est\u00e1 em andamento\u00a0\u00a0pela Prefeitura de Adamantina desde o dia 14 de junho a\u00a0Concorr\u00eancia P\u00fablica N\u00ba 01\/2021\u00a0(Licita\u00e7\u00e3o P\u00fablica \u2013 Processo N\u00ba 51\/2021), que prev\u00ea a concess\u00e3o de 18 terrenos para fomento \u00e0s empresas, seja instala\u00e7\u00e3o ou amplia\u00e7\u00e3o das atividades. O encerramento da licita\u00e7\u00e3o ser\u00e1 nesta quinta-feira (22). &nbsp; As exig\u00eancias formais da Lei de Licita\u00e7\u00f5es, quanto [&hellip;]\" \/>\n<meta property=\"og:url\" content=\"https:\/\/radiolifefm.com.br\/noticias\/com-divulgacao-restrita-ao-edital-oficial-e-pouca-publicidade-prefeitura-vai-ceder-areas-a-empresasadamantina\/\" \/>\n<meta property=\"og:site_name\" content=\"R\u00e1dio Life FM\" \/>\n<meta property=\"article:publisher\" content=\"https:\/\/www.facebook.com\/radiolifefm\/\" \/>\n<meta property=\"article:published_time\" content=\"2021-07-21T13:34:59+00:00\" \/>\n<meta property=\"article:modified_time\" content=\"2026-04-17T12:05:19+00:00\" \/>\n<meta property=\"og:image\" content=\"https:\/\/radiolifefm.com.br\/noticias\/wp-content\/uploads\/2021\/03\/pna-lupapng161694042360608d8786c6b.jpg\" \/>\n\t<meta property=\"og:image:width\" content=\"540\" \/>\n\t<meta property=\"og:image:height\" content=\"300\" \/>\n\t<meta property=\"og:image:type\" content=\"image\/jpeg\" \/>\n<meta name=\"author\" content=\"ritanery\" \/>\n<meta name=\"twitter:card\" content=\"summary_large_image\" \/>\n<meta name=\"twitter:label1\" content=\"Escrito por\" \/>\n\t<meta name=\"twitter:data1\" content=\"ritanery\" \/>\n\t<meta name=\"twitter:label2\" content=\"Est. tempo de leitura\" \/>\n\t<meta name=\"twitter:data2\" content=\"6 minutos\" \/>\n<script type=\"application\/ld+json\" class=\"yoast-schema-graph\">{\"@context\":\"https:\/\/schema.org\",\"@graph\":[{\"@type\":\"Article\",\"@id\":\"https:\/\/radiolifefm.com.br\/noticias\/com-divulgacao-restrita-ao-edital-oficial-e-pouca-publicidade-prefeitura-vai-ceder-areas-a-empresasadamantina\/#article\",\"isPartOf\":{\"@id\":\"https:\/\/radiolifefm.com.br\/noticias\/com-divulgacao-restrita-ao-edital-oficial-e-pouca-publicidade-prefeitura-vai-ceder-areas-a-empresasadamantina\/\"},\"author\":{\"name\":\"ritanery\",\"@id\":\"https:\/\/radiolifefm.com.br\/noticias\/#\/schema\/person\/6339b9fac59d12b071dec680d7375d87\"},\"headline\":\"Com divulga\u00e7\u00e3o restrita ao edital oficial e pouca publicidade, Prefeitura vai ceder \u00e1reas a empresas\",\"datePublished\":\"2021-07-21T13:34:59+00:00\",\"dateModified\":\"2026-04-17T12:05:19+00:00\",\"mainEntityOfPage\":{\"@id\":\"https:\/\/radiolifefm.com.br\/noticias\/com-divulgacao-restrita-ao-edital-oficial-e-pouca-publicidade-prefeitura-vai-ceder-areas-a-empresasadamantina\/\"},\"wordCount\":1420,\"publisher\":{\"@id\":\"https:\/\/radiolifefm.com.br\/noticias\/#organization\"},\"image\":{\"@id\":\"https:\/\/radiolifefm.com.br\/noticias\/com-divulgacao-restrita-ao-edital-oficial-e-pouca-publicidade-prefeitura-vai-ceder-areas-a-empresasadamantina\/#primaryimage\"},\"thumbnailUrl\":\"https:\/\/radiolifefm.com.br\/noticias\/wp-content\/uploads\/2021\/03\/pna-lupapng161694042360608d8786c6b.jpg\",\"articleSection\":[\"Adamantina\"],\"inLanguage\":\"pt-BR\"},{\"@type\":\"WebPage\",\"@id\":\"https:\/\/radiolifefm.com.br\/noticias\/com-divulgacao-restrita-ao-edital-oficial-e-pouca-publicidade-prefeitura-vai-ceder-areas-a-empresasadamantina\/\",\"url\":\"https:\/\/radiolifefm.com.br\/noticias\/com-divulgacao-restrita-ao-edital-oficial-e-pouca-publicidade-prefeitura-vai-ceder-areas-a-empresasadamantina\/\",\"name\":\"Com divulga\u00e7\u00e3o restrita ao edital oficial e pouca publicidade, Prefeitura vai ceder \u00e1reas a empresas - R\u00e1dio Life FM\",\"isPartOf\":{\"@id\":\"https:\/\/radiolifefm.com.br\/noticias\/#website\"},\"primaryImageOfPage\":{\"@id\":\"https:\/\/radiolifefm.com.br\/noticias\/com-divulgacao-restrita-ao-edital-oficial-e-pouca-publicidade-prefeitura-vai-ceder-areas-a-empresasadamantina\/#primaryimage\"},\"image\":{\"@id\":\"https:\/\/radiolifefm.com.br\/noticias\/com-divulgacao-restrita-ao-edital-oficial-e-pouca-publicidade-prefeitura-vai-ceder-areas-a-empresasadamantina\/#primaryimage\"},\"thumbnailUrl\":\"https:\/\/radiolifefm.com.br\/noticias\/wp-content\/uploads\/2021\/03\/pna-lupapng161694042360608d8786c6b.jpg\",\"datePublished\":\"2021-07-21T13:34:59+00:00\",\"dateModified\":\"2026-04-17T12:05:19+00:00\",\"breadcrumb\":{\"@id\":\"https:\/\/radiolifefm.com.br\/noticias\/com-divulgacao-restrita-ao-edital-oficial-e-pouca-publicidade-prefeitura-vai-ceder-areas-a-empresasadamantina\/#breadcrumb\"},\"inLanguage\":\"pt-BR\",\"potentialAction\":[{\"@type\":\"ReadAction\",\"target\":[\"https:\/\/radiolifefm.com.br\/noticias\/com-divulgacao-restrita-ao-edital-oficial-e-pouca-publicidade-prefeitura-vai-ceder-areas-a-empresasadamantina\/\"]}]},{\"@type\":\"ImageObject\",\"inLanguage\":\"pt-BR\",\"@id\":\"https:\/\/radiolifefm.com.br\/noticias\/com-divulgacao-restrita-ao-edital-oficial-e-pouca-publicidade-prefeitura-vai-ceder-areas-a-empresasadamantina\/#primaryimage\",\"url\":\"https:\/\/radiolifefm.com.br\/noticias\/wp-content\/uploads\/2021\/03\/pna-lupapng161694042360608d8786c6b.jpg\",\"contentUrl\":\"https:\/\/radiolifefm.com.br\/noticias\/wp-content\/uploads\/2021\/03\/pna-lupapng161694042360608d8786c6b.jpg\",\"width\":540,\"height\":300,\"caption\":\"Coleta de lixo funcionar\u00e1 normalmente na segunda-feira (20) e na ter\u00e7a-feira (21)\"},{\"@type\":\"BreadcrumbList\",\"@id\":\"https:\/\/radiolifefm.com.br\/noticias\/com-divulgacao-restrita-ao-edital-oficial-e-pouca-publicidade-prefeitura-vai-ceder-areas-a-empresasadamantina\/#breadcrumb\",\"itemListElement\":[{\"@type\":\"ListItem\",\"position\":1,\"name\":\"In\u00edcio\",\"item\":\"https:\/\/radiolifefm.com.br\/noticias\/\"},{\"@type\":\"ListItem\",\"position\":2,\"name\":\"Com divulga\u00e7\u00e3o restrita ao edital oficial e pouca publicidade, Prefeitura vai ceder \u00e1reas a empresas\"}]},{\"@type\":\"WebSite\",\"@id\":\"https:\/\/radiolifefm.com.br\/noticias\/#website\",\"url\":\"https:\/\/radiolifefm.com.br\/noticias\/\",\"name\":\"R\u00e1dio Life FM\",\"description\":\"O Portal de Not\u00edcias de Adamantina\",\"publisher\":{\"@id\":\"https:\/\/radiolifefm.com.br\/noticias\/#organization\"},\"alternateName\":\"Life FM\",\"potentialAction\":[{\"@type\":\"SearchAction\",\"target\":{\"@type\":\"EntryPoint\",\"urlTemplate\":\"https:\/\/radiolifefm.com.br\/noticias\/?s={search_term_string}\"},\"query-input\":{\"@type\":\"PropertyValueSpecification\",\"valueRequired\":true,\"valueName\":\"search_term_string\"}}],\"inLanguage\":\"pt-BR\"},{\"@type\":\"Organization\",\"@id\":\"https:\/\/radiolifefm.com.br\/noticias\/#organization\",\"name\":\"R\u00e1dio Life FM\",\"alternateName\":\"Life FM\",\"url\":\"https:\/\/radiolifefm.com.br\/noticias\/\",\"logo\":{\"@type\":\"ImageObject\",\"inLanguage\":\"pt-BR\",\"@id\":\"https:\/\/radiolifefm.com.br\/noticias\/#\/schema\/logo\/image\/\",\"url\":\"https:\/\/static.radiolifefm.com.br\/noticias\/wp-content\/uploads\/2019\/10\/logo-lifefm.png\",\"contentUrl\":\"https:\/\/static.radiolifefm.com.br\/noticias\/wp-content\/uploads\/2019\/10\/logo-lifefm.png\",\"width\":196,\"height\":47,\"caption\":\"R\u00e1dio Life FM\"},\"image\":{\"@id\":\"https:\/\/radiolifefm.com.br\/noticias\/#\/schema\/logo\/image\/\"},\"sameAs\":[\"https:\/\/www.facebook.com\/radiolifefm\/\",\"https:\/\/www.instagram.com\/life1079fm\/\"]},{\"@type\":\"Person\",\"@id\":\"https:\/\/radiolifefm.com.br\/noticias\/#\/schema\/person\/6339b9fac59d12b071dec680d7375d87\",\"name\":\"ritanery\",\"image\":{\"@type\":\"ImageObject\",\"inLanguage\":\"pt-BR\",\"@id\":\"https:\/\/secure.gravatar.com\/avatar\/0e37bb19071f47c0b8a23f62a903df117c5a0e75f65a0c2901562f97cd41cf86?s=96&d=mm&r=g\",\"url\":\"https:\/\/secure.gravatar.com\/avatar\/0e37bb19071f47c0b8a23f62a903df117c5a0e75f65a0c2901562f97cd41cf86?s=96&d=mm&r=g\",\"contentUrl\":\"https:\/\/secure.gravatar.com\/avatar\/0e37bb19071f47c0b8a23f62a903df117c5a0e75f65a0c2901562f97cd41cf86?s=96&d=mm&r=g\",\"caption\":\"ritanery\"}}]}<\/script>\n<!-- \/ Yoast SEO plugin. -->","yoast_head_json":{"title":"Com divulga\u00e7\u00e3o restrita ao edital oficial e pouca publicidade, Prefeitura vai ceder \u00e1reas a empresas - R\u00e1dio Life FM","robots":{"index":"index","follow":"follow","max-snippet":"max-snippet:-1","max-image-preview":"max-image-preview:large","max-video-preview":"max-video-preview:-1"},"canonical":"https:\/\/radiolifefm.com.br\/noticias\/com-divulgacao-restrita-ao-edital-oficial-e-pouca-publicidade-prefeitura-vai-ceder-areas-a-empresasadamantina\/","og_locale":"pt_BR","og_type":"article","og_title":"Com divulga\u00e7\u00e3o restrita ao edital oficial e pouca publicidade, Prefeitura vai ceder \u00e1reas a empresas - R\u00e1dio Life FM","og_description":"Est\u00e1 em andamento\u00a0\u00a0pela Prefeitura de Adamantina desde o dia 14 de junho a\u00a0Concorr\u00eancia P\u00fablica N\u00ba 01\/2021\u00a0(Licita\u00e7\u00e3o P\u00fablica \u2013 Processo N\u00ba 51\/2021), que prev\u00ea a concess\u00e3o de 18 terrenos para fomento \u00e0s empresas, seja instala\u00e7\u00e3o ou amplia\u00e7\u00e3o das atividades. O encerramento da licita\u00e7\u00e3o ser\u00e1 nesta quinta-feira (22). &nbsp; As exig\u00eancias formais da Lei de Licita\u00e7\u00f5es, quanto [&hellip;]","og_url":"https:\/\/radiolifefm.com.br\/noticias\/com-divulgacao-restrita-ao-edital-oficial-e-pouca-publicidade-prefeitura-vai-ceder-areas-a-empresasadamantina\/","og_site_name":"R\u00e1dio Life FM","article_publisher":"https:\/\/www.facebook.com\/radiolifefm\/","article_published_time":"2021-07-21T13:34:59+00:00","article_modified_time":"2026-04-17T12:05:19+00:00","og_image":[{"width":540,"height":300,"url":"https:\/\/radiolifefm.com.br\/noticias\/wp-content\/uploads\/2021\/03\/pna-lupapng161694042360608d8786c6b.jpg","type":"image\/jpeg"}],"author":"ritanery","twitter_card":"summary_large_image","twitter_misc":{"Escrito por":"ritanery","Est. tempo de leitura":"6 minutos"},"schema":{"@context":"https:\/\/schema.org","@graph":[{"@type":"Article","@id":"https:\/\/radiolifefm.com.br\/noticias\/com-divulgacao-restrita-ao-edital-oficial-e-pouca-publicidade-prefeitura-vai-ceder-areas-a-empresasadamantina\/#article","isPartOf":{"@id":"https:\/\/radiolifefm.com.br\/noticias\/com-divulgacao-restrita-ao-edital-oficial-e-pouca-publicidade-prefeitura-vai-ceder-areas-a-empresasadamantina\/"},"author":{"name":"ritanery","@id":"https:\/\/radiolifefm.com.br\/noticias\/#\/schema\/person\/6339b9fac59d12b071dec680d7375d87"},"headline":"Com divulga\u00e7\u00e3o restrita ao edital oficial e pouca publicidade, Prefeitura vai ceder \u00e1reas a empresas","datePublished":"2021-07-21T13:34:59+00:00","dateModified":"2026-04-17T12:05:19+00:00","mainEntityOfPage":{"@id":"https:\/\/radiolifefm.com.br\/noticias\/com-divulgacao-restrita-ao-edital-oficial-e-pouca-publicidade-prefeitura-vai-ceder-areas-a-empresasadamantina\/"},"wordCount":1420,"publisher":{"@id":"https:\/\/radiolifefm.com.br\/noticias\/#organization"},"image":{"@id":"https:\/\/radiolifefm.com.br\/noticias\/com-divulgacao-restrita-ao-edital-oficial-e-pouca-publicidade-prefeitura-vai-ceder-areas-a-empresasadamantina\/#primaryimage"},"thumbnailUrl":"https:\/\/radiolifefm.com.br\/noticias\/wp-content\/uploads\/2021\/03\/pna-lupapng161694042360608d8786c6b.jpg","articleSection":["Adamantina"],"inLanguage":"pt-BR"},{"@type":"WebPage","@id":"https:\/\/radiolifefm.com.br\/noticias\/com-divulgacao-restrita-ao-edital-oficial-e-pouca-publicidade-prefeitura-vai-ceder-areas-a-empresasadamantina\/","url":"https:\/\/radiolifefm.com.br\/noticias\/com-divulgacao-restrita-ao-edital-oficial-e-pouca-publicidade-prefeitura-vai-ceder-areas-a-empresasadamantina\/","name":"Com divulga\u00e7\u00e3o restrita ao edital oficial e pouca publicidade, Prefeitura vai ceder \u00e1reas a empresas - R\u00e1dio Life FM","isPartOf":{"@id":"https:\/\/radiolifefm.com.br\/noticias\/#website"},"primaryImageOfPage":{"@id":"https:\/\/radiolifefm.com.br\/noticias\/com-divulgacao-restrita-ao-edital-oficial-e-pouca-publicidade-prefeitura-vai-ceder-areas-a-empresasadamantina\/#primaryimage"},"image":{"@id":"https:\/\/radiolifefm.com.br\/noticias\/com-divulgacao-restrita-ao-edital-oficial-e-pouca-publicidade-prefeitura-vai-ceder-areas-a-empresasadamantina\/#primaryimage"},"thumbnailUrl":"https:\/\/radiolifefm.com.br\/noticias\/wp-content\/uploads\/2021\/03\/pna-lupapng161694042360608d8786c6b.jpg","datePublished":"2021-07-21T13:34:59+00:00","dateModified":"2026-04-17T12:05:19+00:00","breadcrumb":{"@id":"https:\/\/radiolifefm.com.br\/noticias\/com-divulgacao-restrita-ao-edital-oficial-e-pouca-publicidade-prefeitura-vai-ceder-areas-a-empresasadamantina\/#breadcrumb"},"inLanguage":"pt-BR","potentialAction":[{"@type":"ReadAction","target":["https:\/\/radiolifefm.com.br\/noticias\/com-divulgacao-restrita-ao-edital-oficial-e-pouca-publicidade-prefeitura-vai-ceder-areas-a-empresasadamantina\/"]}]},{"@type":"ImageObject","inLanguage":"pt-BR","@id":"https:\/\/radiolifefm.com.br\/noticias\/com-divulgacao-restrita-ao-edital-oficial-e-pouca-publicidade-prefeitura-vai-ceder-areas-a-empresasadamantina\/#primaryimage","url":"https:\/\/radiolifefm.com.br\/noticias\/wp-content\/uploads\/2021\/03\/pna-lupapng161694042360608d8786c6b.jpg","contentUrl":"https:\/\/radiolifefm.com.br\/noticias\/wp-content\/uploads\/2021\/03\/pna-lupapng161694042360608d8786c6b.jpg","width":540,"height":300,"caption":"Coleta de lixo funcionar\u00e1 normalmente na segunda-feira (20) e na ter\u00e7a-feira (21)"},{"@type":"BreadcrumbList","@id":"https:\/\/radiolifefm.com.br\/noticias\/com-divulgacao-restrita-ao-edital-oficial-e-pouca-publicidade-prefeitura-vai-ceder-areas-a-empresasadamantina\/#breadcrumb","itemListElement":[{"@type":"ListItem","position":1,"name":"In\u00edcio","item":"https:\/\/radiolifefm.com.br\/noticias\/"},{"@type":"ListItem","position":2,"name":"Com divulga\u00e7\u00e3o restrita ao edital oficial e pouca publicidade, Prefeitura vai ceder \u00e1reas a empresas"}]},{"@type":"WebSite","@id":"https:\/\/radiolifefm.com.br\/noticias\/#website","url":"https:\/\/radiolifefm.com.br\/noticias\/","name":"R\u00e1dio Life FM","description":"O Portal de Not\u00edcias de Adamantina","publisher":{"@id":"https:\/\/radiolifefm.com.br\/noticias\/#organization"},"alternateName":"Life FM","potentialAction":[{"@type":"SearchAction","target":{"@type":"EntryPoint","urlTemplate":"https:\/\/radiolifefm.com.br\/noticias\/?s={search_term_string}"},"query-input":{"@type":"PropertyValueSpecification","valueRequired":true,"valueName":"search_term_string"}}],"inLanguage":"pt-BR"},{"@type":"Organization","@id":"https:\/\/radiolifefm.com.br\/noticias\/#organization","name":"R\u00e1dio Life FM","alternateName":"Life FM","url":"https:\/\/radiolifefm.com.br\/noticias\/","logo":{"@type":"ImageObject","inLanguage":"pt-BR","@id":"https:\/\/radiolifefm.com.br\/noticias\/#\/schema\/logo\/image\/","url":"https:\/\/static.radiolifefm.com.br\/noticias\/wp-content\/uploads\/2019\/10\/logo-lifefm.png","contentUrl":"https:\/\/static.radiolifefm.com.br\/noticias\/wp-content\/uploads\/2019\/10\/logo-lifefm.png","width":196,"height":47,"caption":"R\u00e1dio Life FM"},"image":{"@id":"https:\/\/radiolifefm.com.br\/noticias\/#\/schema\/logo\/image\/"},"sameAs":["https:\/\/www.facebook.com\/radiolifefm\/","https:\/\/www.instagram.com\/life1079fm\/"]},{"@type":"Person","@id":"https:\/\/radiolifefm.com.br\/noticias\/#\/schema\/person\/6339b9fac59d12b071dec680d7375d87","name":"ritanery","image":{"@type":"ImageObject","inLanguage":"pt-BR","@id":"https:\/\/secure.gravatar.com\/avatar\/0e37bb19071f47c0b8a23f62a903df117c5a0e75f65a0c2901562f97cd41cf86?s=96&d=mm&r=g","url":"https:\/\/secure.gravatar.com\/avatar\/0e37bb19071f47c0b8a23f62a903df117c5a0e75f65a0c2901562f97cd41cf86?s=96&d=mm&r=g","contentUrl":"https:\/\/secure.gravatar.com\/avatar\/0e37bb19071f47c0b8a23f62a903df117c5a0e75f65a0c2901562f97cd41cf86?s=96&d=mm&r=g","caption":"ritanery"}}]}},"amp_enabled":true,"_links":{"self":[{"href":"https:\/\/radiolifefm.com.br\/noticias\/wp-json\/wp\/v2\/posts\/40867","targetHints":{"allow":["GET"]}}],"collection":[{"href":"https:\/\/radiolifefm.com.br\/noticias\/wp-json\/wp\/v2\/posts"}],"about":[{"href":"https:\/\/radiolifefm.com.br\/noticias\/wp-json\/wp\/v2\/types\/post"}],"author":[{"embeddable":true,"href":"https:\/\/radiolifefm.com.br\/noticias\/wp-json\/wp\/v2\/users\/13"}],"replies":[{"embeddable":true,"href":"https:\/\/radiolifefm.com.br\/noticias\/wp-json\/wp\/v2\/comments?post=40867"}],"version-history":[{"count":2,"href":"https:\/\/radiolifefm.com.br\/noticias\/wp-json\/wp\/v2\/posts\/40867\/revisions"}],"predecessor-version":[{"id":40871,"href":"https:\/\/radiolifefm.com.br\/noticias\/wp-json\/wp\/v2\/posts\/40867\/revisions\/40871"}],"wp:featuredmedia":[{"embeddable":true,"href":"https:\/\/radiolifefm.com.br\/noticias\/wp-json\/wp\/v2\/media\/37049"}],"wp:attachment":[{"href":"https:\/\/radiolifefm.com.br\/noticias\/wp-json\/wp\/v2\/media?parent=40867"}],"wp:term":[{"taxonomy":"category","embeddable":true,"href":"https:\/\/radiolifefm.com.br\/noticias\/wp-json\/wp\/v2\/categories?post=40867"},{"taxonomy":"post_tag","embeddable":true,"href":"https:\/\/radiolifefm.com.br\/noticias\/wp-json\/wp\/v2\/tags?post=40867"}],"curies":[{"name":"wp","href":"https:\/\/api.w.org\/{rel}","templated":true}]}}