{"id":40835,"date":"2021-07-20T10:02:48","date_gmt":"2021-07-20T13:02:48","guid":{"rendered":"https:\/\/radiolifefm.com.br\/noticias\/?p=40835"},"modified":"2026-04-10T01:43:28","modified_gmt":"2026-04-10T04:43:28","slug":"assistencia-tecnica-disponibilizada-gratuitamente-pelo-euroclima-aos-produtores-de-adamantina-gera-aumento-de-25-na-producao","status":"publish","type":"post","link":"https:\/\/radiolifefm.com.br\/noticias\/assistencia-tecnica-disponibilizada-gratuitamente-pelo-euroclima-aos-produtores-de-adamantina-gera-aumento-de-25-na-producao\/","title":{"rendered":"Assist\u00eancia t\u00e9cnica disponibilizada gratuitamente pelo Euroclima+ aos produtores de Adamantina gera aumento de 25% na produ\u00e7\u00e3o"},"content":{"rendered":"<div id=\"fb-root\"><\/div>\n<p>Desde 2019 est\u00e1 em execu\u00e7\u00e3o em Adamantina o Projeto\u00a0Euroclima+. A iniciativa \u00e9 uma parceria entre a Prefeitura de Adamantina, UniFAI e Comunidade Trinacional Fronteiri\u00e7a Rio Lempa (Mancomunidad Trinacional Fronteriza R\u00edo Lempa, no nome original em espanhol, composto por nove munic\u00edpios da Guatemala, El Salvador e Honduras, pa\u00edses da Am\u00e9rica Central) integra um programa que tem como foco a produ\u00e7\u00e3o resiliente de alimentos frente \u00e0 mudan\u00e7a clim\u00e1tica.<\/p>\n<p>&nbsp;<\/p>\n<p>Atualmente, 61\u00a0produtores\u00a0tem sido atendidos por uma engenheira agr\u00f4noma e um t\u00e9cnico agropecu\u00e1rio contratados pela Prefeitura de Adamantina com recursos provenientes da a\u00e7\u00e3o.<\/p>\n<p>&nbsp;<\/p>\n<p>Os profissionais atuam dando assist\u00eancia t\u00e9cnica nas culturas de hortali\u00e7as e frutas, oferecendo orienta\u00e7\u00e3o na utiliza\u00e7\u00e3o da compostagem, irriga\u00e7\u00e3o, an\u00e1lise de solo, an\u00e1lise do pH da \u00e1gua, entre outras atividades dentro das propriedades.<\/p>\n<p>&nbsp;<\/p>\n<p>D\u00e9bora Simone Queiroz Cec\u00edlio, engenheira agr\u00f4noma, explica que a assist\u00eancia t\u00e9cnica \u00e9 importante para o pequeno agricultor, porque leva informa\u00e7\u00f5es necess\u00e1rias para um maior desenvolvimento.<\/p>\n<p>&nbsp;<\/p>\n<p>\u201cCom a nossa atua\u00e7\u00e3o, podemos auxiliar na melhoria das pr\u00e1ticas agr\u00edcolas e nos processos que s\u00e3o executados dentro das propriedades como administra\u00e7\u00e3o e comercial\u201d, comenta.<\/p>\n<p>&nbsp;<\/p>\n<p>O coordenador do projeto pela Prefeitura de Adamantina, o engenheiro ambiental William Bachega conta que com o acompanhamento houve um crescimento de aproximadamente 25% na produ\u00e7\u00e3o dos pequenos agricultores.<\/p>\n<p>&nbsp;<\/p>\n<p>\u201cAl\u00e9m disso, eles tamb\u00e9m tiveram redu\u00e7\u00e3o em seus custos, porque recebem de forma gratuita o composto org\u00e2nico produzido no p\u00e1tio de compostagem que temos\u201d, afirma.<\/p>\n<p>Ainda segundo Bachega, o composto org\u00e2nico entregue ainda traz melhoria aos processos qu\u00edmicos e f\u00edsicos do solo, fazendo com o que o solo recupere seus teores de mat\u00e9ria org\u00e2nica.<\/p>\n<p>&nbsp;<\/p>\n<p>O\u00a0EuroClima+\u00a0ainda oferece assist\u00eancia t\u00e9cnica para os criadores bovinos levando orienta\u00e7\u00e3o sobre manejo de pastagem e nutri\u00e7\u00e3o animal.<\/p>\n<p>&nbsp;<\/p>\n<p>\u201cA import\u00e2ncia desse servi\u00e7o \u00e9 orientar os pecuaristas a import\u00e2ncia de um manejo adequado da pastagem para que tenha uma maior quantidade de carne e leite produzido por \u00e1rea\u201d, explica o t\u00e9cnico em agropecu\u00e1ria Guilherme Bento Silva.<\/p>\n<p>&nbsp;<\/p>\n<p>Conforme os\u00a0profissionais, o feedback repassado durante a visita \u00e9 positivo.<\/p>\n<p>&nbsp;<\/p>\n<p>\u201cEles contam com que tem maior facilidade para realizar as an\u00e1lises de solo e tamb\u00e9m est\u00e1 mais f\u00e1cil o acesso a requerimentos ou informa\u00e7\u00f5es a respeito de atividades realizadas na Secretaria de Agricultura, Abastecimento e Meio Ambiente e a procura pelo composto org\u00e2nico tem sido grande devido aos benef\u00edcios que ele traz as \u00e1reas onde o mesmo \u00e9 utilizado\u201d, finaliza Bachega.<\/p>\n<p>&nbsp;<\/p>\n<p>Fonte: Assessoria de Imprensa<\/p>\n","protected":false},"excerpt":{"rendered":"<p>Desde 2019 est\u00e1 em execu\u00e7\u00e3o em Adamantina o Projeto\u00a0Euroclima+. A iniciativa \u00e9 uma parceria entre a Prefeitura de Adamantina, UniFAI e Comunidade Trinacional Fronteiri\u00e7a Rio Lempa (Mancomunidad Trinacional Fronteriza R\u00edo Lempa, no nome original em espanhol, composto por nove munic\u00edpios da Guatemala, El Salvador e Honduras, pa\u00edses da Am\u00e9rica Central) integra um programa que tem [&hellip;]<\/p>\n","protected":false},"author":13,"featured_media":40836,"comment_status":"closed","ping_status":"open","sticky":false,"template":"","format":"standard","meta":{"_acf_changed":false,"_exactmetrics_skip_tracking":false,"_exactmetrics_sitenote_active":false,"_exactmetrics_sitenote_note":"","_exactmetrics_sitenote_category":0,"footnotes":""},"categories":[21],"tags":[],"class_list":["post-40835","post","type-post","status-publish","format-standard","has-post-thumbnail","hentry","category-adamantina"],"acf":[],"yoast_head":"<!-- This site is optimized with the Yoast SEO plugin v27.2 - https:\/\/yoast.com\/product\/yoast-seo-wordpress\/ -->\n<title>Assist\u00eancia t\u00e9cnica disponibilizada gratuitamente pelo Euroclima+ aos produtores de Adamantina gera aumento de 25% na produ\u00e7\u00e3o - R\u00e1dio Life FM<\/title>\n<meta name=\"robots\" content=\"index, follow, max-snippet:-1, max-image-preview:large, max-video-preview:-1\" \/>\n<link rel=\"canonical\" href=\"https:\/\/radiolifefm.com.br\/noticias\/assistencia-tecnica-disponibilizada-gratuitamente-pelo-euroclima-aos-produtores-de-adamantina-gera-aumento-de-25-na-producao\/\" \/>\n<meta property=\"og:locale\" content=\"pt_BR\" \/>\n<meta property=\"og:type\" content=\"article\" \/>\n<meta property=\"og:title\" content=\"Assist\u00eancia t\u00e9cnica disponibilizada gratuitamente pelo Euroclima+ aos produtores de Adamantina gera aumento de 25% na produ\u00e7\u00e3o - R\u00e1dio Life FM\" \/>\n<meta property=\"og:description\" content=\"Desde 2019 est\u00e1 em execu\u00e7\u00e3o em Adamantina o Projeto\u00a0Euroclima+. A iniciativa \u00e9 uma parceria entre a Prefeitura de Adamantina, UniFAI e Comunidade Trinacional Fronteiri\u00e7a Rio Lempa (Mancomunidad Trinacional Fronteriza R\u00edo Lempa, no nome original em espanhol, composto por nove munic\u00edpios da Guatemala, El Salvador e Honduras, pa\u00edses da Am\u00e9rica Central) integra um programa que tem [&hellip;]\" \/>\n<meta property=\"og:url\" content=\"https:\/\/radiolifefm.com.br\/noticias\/assistencia-tecnica-disponibilizada-gratuitamente-pelo-euroclima-aos-produtores-de-adamantina-gera-aumento-de-25-na-producao\/\" \/>\n<meta property=\"og:site_name\" content=\"R\u00e1dio Life FM\" \/>\n<meta property=\"article:publisher\" content=\"https:\/\/www.facebook.com\/radiolifefm\/\" \/>\n<meta property=\"article:published_time\" content=\"2021-07-20T13:02:48+00:00\" \/>\n<meta property=\"article:modified_time\" content=\"2026-04-10T04:43:28+00:00\" \/>\n<meta property=\"og:image\" content=\"https:\/\/radiolifefm.com.br\/noticias\/wp-content\/uploads\/2021\/07\/foto-7.jpeg\" \/>\n\t<meta property=\"og:image:width\" content=\"1600\" \/>\n\t<meta property=\"og:image:height\" content=\"737\" \/>\n\t<meta property=\"og:image:type\" content=\"image\/jpeg\" \/>\n<meta name=\"author\" content=\"ritanery\" \/>\n<meta name=\"twitter:card\" content=\"summary_large_image\" \/>\n<meta name=\"twitter:label1\" content=\"Escrito por\" \/>\n\t<meta name=\"twitter:data1\" content=\"ritanery\" \/>\n\t<meta name=\"twitter:label2\" content=\"Est. tempo de leitura\" \/>\n\t<meta name=\"twitter:data2\" content=\"2 minutos\" \/>\n<script type=\"application\/ld+json\" class=\"yoast-schema-graph\">{\"@context\":\"https:\/\/schema.org\",\"@graph\":[{\"@type\":\"Article\",\"@id\":\"https:\/\/radiolifefm.com.br\/noticias\/assistencia-tecnica-disponibilizada-gratuitamente-pelo-euroclima-aos-produtores-de-adamantina-gera-aumento-de-25-na-producao\/#article\",\"isPartOf\":{\"@id\":\"https:\/\/radiolifefm.com.br\/noticias\/assistencia-tecnica-disponibilizada-gratuitamente-pelo-euroclima-aos-produtores-de-adamantina-gera-aumento-de-25-na-producao\/\"},\"author\":{\"name\":\"ritanery\",\"@id\":\"https:\/\/radiolifefm.com.br\/noticias\/#\/schema\/person\/6339b9fac59d12b071dec680d7375d87\"},\"headline\":\"Assist\u00eancia t\u00e9cnica disponibilizada gratuitamente pelo Euroclima+ aos produtores de Adamantina gera aumento de 25% na produ\u00e7\u00e3o\",\"datePublished\":\"2021-07-20T13:02:48+00:00\",\"dateModified\":\"2026-04-10T04:43:28+00:00\",\"mainEntityOfPage\":{\"@id\":\"https:\/\/radiolifefm.com.br\/noticias\/assistencia-tecnica-disponibilizada-gratuitamente-pelo-euroclima-aos-produtores-de-adamantina-gera-aumento-de-25-na-producao\/\"},\"wordCount\":468,\"publisher\":{\"@id\":\"https:\/\/radiolifefm.com.br\/noticias\/#organization\"},\"image\":{\"@id\":\"https:\/\/radiolifefm.com.br\/noticias\/assistencia-tecnica-disponibilizada-gratuitamente-pelo-euroclima-aos-produtores-de-adamantina-gera-aumento-de-25-na-producao\/#primaryimage\"},\"thumbnailUrl\":\"https:\/\/radiolifefm.com.br\/noticias\/wp-content\/uploads\/2021\/07\/foto-7.jpeg\",\"articleSection\":[\"Adamantina\"],\"inLanguage\":\"pt-BR\"},{\"@type\":\"WebPage\",\"@id\":\"https:\/\/radiolifefm.com.br\/noticias\/assistencia-tecnica-disponibilizada-gratuitamente-pelo-euroclima-aos-produtores-de-adamantina-gera-aumento-de-25-na-producao\/\",\"url\":\"https:\/\/radiolifefm.com.br\/noticias\/assistencia-tecnica-disponibilizada-gratuitamente-pelo-euroclima-aos-produtores-de-adamantina-gera-aumento-de-25-na-producao\/\",\"name\":\"Assist\u00eancia t\u00e9cnica disponibilizada gratuitamente pelo Euroclima+ aos produtores de Adamantina gera aumento de 25% na produ\u00e7\u00e3o - R\u00e1dio Life FM\",\"isPartOf\":{\"@id\":\"https:\/\/radiolifefm.com.br\/noticias\/#website\"},\"primaryImageOfPage\":{\"@id\":\"https:\/\/radiolifefm.com.br\/noticias\/assistencia-tecnica-disponibilizada-gratuitamente-pelo-euroclima-aos-produtores-de-adamantina-gera-aumento-de-25-na-producao\/#primaryimage\"},\"image\":{\"@id\":\"https:\/\/radiolifefm.com.br\/noticias\/assistencia-tecnica-disponibilizada-gratuitamente-pelo-euroclima-aos-produtores-de-adamantina-gera-aumento-de-25-na-producao\/#primaryimage\"},\"thumbnailUrl\":\"https:\/\/radiolifefm.com.br\/noticias\/wp-content\/uploads\/2021\/07\/foto-7.jpeg\",\"datePublished\":\"2021-07-20T13:02:48+00:00\",\"dateModified\":\"2026-04-10T04:43:28+00:00\",\"breadcrumb\":{\"@id\":\"https:\/\/radiolifefm.com.br\/noticias\/assistencia-tecnica-disponibilizada-gratuitamente-pelo-euroclima-aos-produtores-de-adamantina-gera-aumento-de-25-na-producao\/#breadcrumb\"},\"inLanguage\":\"pt-BR\",\"potentialAction\":[{\"@type\":\"ReadAction\",\"target\":[\"https:\/\/radiolifefm.com.br\/noticias\/assistencia-tecnica-disponibilizada-gratuitamente-pelo-euroclima-aos-produtores-de-adamantina-gera-aumento-de-25-na-producao\/\"]}]},{\"@type\":\"ImageObject\",\"inLanguage\":\"pt-BR\",\"@id\":\"https:\/\/radiolifefm.com.br\/noticias\/assistencia-tecnica-disponibilizada-gratuitamente-pelo-euroclima-aos-produtores-de-adamantina-gera-aumento-de-25-na-producao\/#primaryimage\",\"url\":\"https:\/\/radiolifefm.com.br\/noticias\/wp-content\/uploads\/2021\/07\/foto-7.jpeg\",\"contentUrl\":\"https:\/\/radiolifefm.com.br\/noticias\/wp-content\/uploads\/2021\/07\/foto-7.jpeg\",\"width\":1600,\"height\":737},{\"@type\":\"BreadcrumbList\",\"@id\":\"https:\/\/radiolifefm.com.br\/noticias\/assistencia-tecnica-disponibilizada-gratuitamente-pelo-euroclima-aos-produtores-de-adamantina-gera-aumento-de-25-na-producao\/#breadcrumb\",\"itemListElement\":[{\"@type\":\"ListItem\",\"position\":1,\"name\":\"In\u00edcio\",\"item\":\"https:\/\/radiolifefm.com.br\/noticias\/\"},{\"@type\":\"ListItem\",\"position\":2,\"name\":\"Assist\u00eancia t\u00e9cnica disponibilizada gratuitamente pelo Euroclima+ aos produtores de Adamantina gera aumento de 25% na produ\u00e7\u00e3o\"}]},{\"@type\":\"WebSite\",\"@id\":\"https:\/\/radiolifefm.com.br\/noticias\/#website\",\"url\":\"https:\/\/radiolifefm.com.br\/noticias\/\",\"name\":\"R\u00e1dio Life FM\",\"description\":\"O Portal de Not\u00edcias de Adamantina\",\"publisher\":{\"@id\":\"https:\/\/radiolifefm.com.br\/noticias\/#organization\"},\"alternateName\":\"Life FM\",\"potentialAction\":[{\"@type\":\"SearchAction\",\"target\":{\"@type\":\"EntryPoint\",\"urlTemplate\":\"https:\/\/radiolifefm.com.br\/noticias\/?s={search_term_string}\"},\"query-input\":{\"@type\":\"PropertyValueSpecification\",\"valueRequired\":true,\"valueName\":\"search_term_string\"}}],\"inLanguage\":\"pt-BR\"},{\"@type\":\"Organization\",\"@id\":\"https:\/\/radiolifefm.com.br\/noticias\/#organization\",\"name\":\"R\u00e1dio Life FM\",\"alternateName\":\"Life FM\",\"url\":\"https:\/\/radiolifefm.com.br\/noticias\/\",\"logo\":{\"@type\":\"ImageObject\",\"inLanguage\":\"pt-BR\",\"@id\":\"https:\/\/radiolifefm.com.br\/noticias\/#\/schema\/logo\/image\/\",\"url\":\"https:\/\/static.radiolifefm.com.br\/noticias\/wp-content\/uploads\/2019\/10\/logo-lifefm.png\",\"contentUrl\":\"https:\/\/static.radiolifefm.com.br\/noticias\/wp-content\/uploads\/2019\/10\/logo-lifefm.png\",\"width\":196,\"height\":47,\"caption\":\"R\u00e1dio Life FM\"},\"image\":{\"@id\":\"https:\/\/radiolifefm.com.br\/noticias\/#\/schema\/logo\/image\/\"},\"sameAs\":[\"https:\/\/www.facebook.com\/radiolifefm\/\",\"https:\/\/www.instagram.com\/life1079fm\/\"]},{\"@type\":\"Person\",\"@id\":\"https:\/\/radiolifefm.com.br\/noticias\/#\/schema\/person\/6339b9fac59d12b071dec680d7375d87\",\"name\":\"ritanery\",\"image\":{\"@type\":\"ImageObject\",\"inLanguage\":\"pt-BR\",\"@id\":\"https:\/\/secure.gravatar.com\/avatar\/0e37bb19071f47c0b8a23f62a903df117c5a0e75f65a0c2901562f97cd41cf86?s=96&d=mm&r=g\",\"url\":\"https:\/\/secure.gravatar.com\/avatar\/0e37bb19071f47c0b8a23f62a903df117c5a0e75f65a0c2901562f97cd41cf86?s=96&d=mm&r=g\",\"contentUrl\":\"https:\/\/secure.gravatar.com\/avatar\/0e37bb19071f47c0b8a23f62a903df117c5a0e75f65a0c2901562f97cd41cf86?s=96&d=mm&r=g\",\"caption\":\"ritanery\"}}]}<\/script>\n<!-- \/ Yoast SEO plugin. -->","yoast_head_json":{"title":"Assist\u00eancia t\u00e9cnica disponibilizada gratuitamente pelo Euroclima+ aos produtores de Adamantina gera aumento de 25% na produ\u00e7\u00e3o - R\u00e1dio Life FM","robots":{"index":"index","follow":"follow","max-snippet":"max-snippet:-1","max-image-preview":"max-image-preview:large","max-video-preview":"max-video-preview:-1"},"canonical":"https:\/\/radiolifefm.com.br\/noticias\/assistencia-tecnica-disponibilizada-gratuitamente-pelo-euroclima-aos-produtores-de-adamantina-gera-aumento-de-25-na-producao\/","og_locale":"pt_BR","og_type":"article","og_title":"Assist\u00eancia t\u00e9cnica disponibilizada gratuitamente pelo Euroclima+ aos produtores de Adamantina gera aumento de 25% na produ\u00e7\u00e3o - R\u00e1dio Life FM","og_description":"Desde 2019 est\u00e1 em execu\u00e7\u00e3o em Adamantina o Projeto\u00a0Euroclima+. A iniciativa \u00e9 uma parceria entre a Prefeitura de Adamantina, UniFAI e Comunidade Trinacional Fronteiri\u00e7a Rio Lempa (Mancomunidad Trinacional Fronteriza R\u00edo Lempa, no nome original em espanhol, composto por nove munic\u00edpios da Guatemala, El Salvador e Honduras, pa\u00edses da Am\u00e9rica Central) integra um programa que tem [&hellip;]","og_url":"https:\/\/radiolifefm.com.br\/noticias\/assistencia-tecnica-disponibilizada-gratuitamente-pelo-euroclima-aos-produtores-de-adamantina-gera-aumento-de-25-na-producao\/","og_site_name":"R\u00e1dio Life FM","article_publisher":"https:\/\/www.facebook.com\/radiolifefm\/","article_published_time":"2021-07-20T13:02:48+00:00","article_modified_time":"2026-04-10T04:43:28+00:00","og_image":[{"width":1600,"height":737,"url":"https:\/\/radiolifefm.com.br\/noticias\/wp-content\/uploads\/2021\/07\/foto-7.jpeg","type":"image\/jpeg"}],"author":"ritanery","twitter_card":"summary_large_image","twitter_misc":{"Escrito por":"ritanery","Est. tempo de leitura":"2 minutos"},"schema":{"@context":"https:\/\/schema.org","@graph":[{"@type":"Article","@id":"https:\/\/radiolifefm.com.br\/noticias\/assistencia-tecnica-disponibilizada-gratuitamente-pelo-euroclima-aos-produtores-de-adamantina-gera-aumento-de-25-na-producao\/#article","isPartOf":{"@id":"https:\/\/radiolifefm.com.br\/noticias\/assistencia-tecnica-disponibilizada-gratuitamente-pelo-euroclima-aos-produtores-de-adamantina-gera-aumento-de-25-na-producao\/"},"author":{"name":"ritanery","@id":"https:\/\/radiolifefm.com.br\/noticias\/#\/schema\/person\/6339b9fac59d12b071dec680d7375d87"},"headline":"Assist\u00eancia t\u00e9cnica disponibilizada gratuitamente pelo Euroclima+ aos produtores de Adamantina gera aumento de 25% na produ\u00e7\u00e3o","datePublished":"2021-07-20T13:02:48+00:00","dateModified":"2026-04-10T04:43:28+00:00","mainEntityOfPage":{"@id":"https:\/\/radiolifefm.com.br\/noticias\/assistencia-tecnica-disponibilizada-gratuitamente-pelo-euroclima-aos-produtores-de-adamantina-gera-aumento-de-25-na-producao\/"},"wordCount":468,"publisher":{"@id":"https:\/\/radiolifefm.com.br\/noticias\/#organization"},"image":{"@id":"https:\/\/radiolifefm.com.br\/noticias\/assistencia-tecnica-disponibilizada-gratuitamente-pelo-euroclima-aos-produtores-de-adamantina-gera-aumento-de-25-na-producao\/#primaryimage"},"thumbnailUrl":"https:\/\/radiolifefm.com.br\/noticias\/wp-content\/uploads\/2021\/07\/foto-7.jpeg","articleSection":["Adamantina"],"inLanguage":"pt-BR"},{"@type":"WebPage","@id":"https:\/\/radiolifefm.com.br\/noticias\/assistencia-tecnica-disponibilizada-gratuitamente-pelo-euroclima-aos-produtores-de-adamantina-gera-aumento-de-25-na-producao\/","url":"https:\/\/radiolifefm.com.br\/noticias\/assistencia-tecnica-disponibilizada-gratuitamente-pelo-euroclima-aos-produtores-de-adamantina-gera-aumento-de-25-na-producao\/","name":"Assist\u00eancia t\u00e9cnica disponibilizada gratuitamente pelo Euroclima+ aos produtores de Adamantina gera aumento de 25% na produ\u00e7\u00e3o - R\u00e1dio Life FM","isPartOf":{"@id":"https:\/\/radiolifefm.com.br\/noticias\/#website"},"primaryImageOfPage":{"@id":"https:\/\/radiolifefm.com.br\/noticias\/assistencia-tecnica-disponibilizada-gratuitamente-pelo-euroclima-aos-produtores-de-adamantina-gera-aumento-de-25-na-producao\/#primaryimage"},"image":{"@id":"https:\/\/radiolifefm.com.br\/noticias\/assistencia-tecnica-disponibilizada-gratuitamente-pelo-euroclima-aos-produtores-de-adamantina-gera-aumento-de-25-na-producao\/#primaryimage"},"thumbnailUrl":"https:\/\/radiolifefm.com.br\/noticias\/wp-content\/uploads\/2021\/07\/foto-7.jpeg","datePublished":"2021-07-20T13:02:48+00:00","dateModified":"2026-04-10T04:43:28+00:00","breadcrumb":{"@id":"https:\/\/radiolifefm.com.br\/noticias\/assistencia-tecnica-disponibilizada-gratuitamente-pelo-euroclima-aos-produtores-de-adamantina-gera-aumento-de-25-na-producao\/#breadcrumb"},"inLanguage":"pt-BR","potentialAction":[{"@type":"ReadAction","target":["https:\/\/radiolifefm.com.br\/noticias\/assistencia-tecnica-disponibilizada-gratuitamente-pelo-euroclima-aos-produtores-de-adamantina-gera-aumento-de-25-na-producao\/"]}]},{"@type":"ImageObject","inLanguage":"pt-BR","@id":"https:\/\/radiolifefm.com.br\/noticias\/assistencia-tecnica-disponibilizada-gratuitamente-pelo-euroclima-aos-produtores-de-adamantina-gera-aumento-de-25-na-producao\/#primaryimage","url":"https:\/\/radiolifefm.com.br\/noticias\/wp-content\/uploads\/2021\/07\/foto-7.jpeg","contentUrl":"https:\/\/radiolifefm.com.br\/noticias\/wp-content\/uploads\/2021\/07\/foto-7.jpeg","width":1600,"height":737},{"@type":"BreadcrumbList","@id":"https:\/\/radiolifefm.com.br\/noticias\/assistencia-tecnica-disponibilizada-gratuitamente-pelo-euroclima-aos-produtores-de-adamantina-gera-aumento-de-25-na-producao\/#breadcrumb","itemListElement":[{"@type":"ListItem","position":1,"name":"In\u00edcio","item":"https:\/\/radiolifefm.com.br\/noticias\/"},{"@type":"ListItem","position":2,"name":"Assist\u00eancia t\u00e9cnica disponibilizada gratuitamente pelo Euroclima+ aos produtores de Adamantina gera aumento de 25% na produ\u00e7\u00e3o"}]},{"@type":"WebSite","@id":"https:\/\/radiolifefm.com.br\/noticias\/#website","url":"https:\/\/radiolifefm.com.br\/noticias\/","name":"R\u00e1dio Life FM","description":"O Portal de Not\u00edcias de Adamantina","publisher":{"@id":"https:\/\/radiolifefm.com.br\/noticias\/#organization"},"alternateName":"Life FM","potentialAction":[{"@type":"SearchAction","target":{"@type":"EntryPoint","urlTemplate":"https:\/\/radiolifefm.com.br\/noticias\/?s={search_term_string}"},"query-input":{"@type":"PropertyValueSpecification","valueRequired":true,"valueName":"search_term_string"}}],"inLanguage":"pt-BR"},{"@type":"Organization","@id":"https:\/\/radiolifefm.com.br\/noticias\/#organization","name":"R\u00e1dio Life FM","alternateName":"Life FM","url":"https:\/\/radiolifefm.com.br\/noticias\/","logo":{"@type":"ImageObject","inLanguage":"pt-BR","@id":"https:\/\/radiolifefm.com.br\/noticias\/#\/schema\/logo\/image\/","url":"https:\/\/static.radiolifefm.com.br\/noticias\/wp-content\/uploads\/2019\/10\/logo-lifefm.png","contentUrl":"https:\/\/static.radiolifefm.com.br\/noticias\/wp-content\/uploads\/2019\/10\/logo-lifefm.png","width":196,"height":47,"caption":"R\u00e1dio Life FM"},"image":{"@id":"https:\/\/radiolifefm.com.br\/noticias\/#\/schema\/logo\/image\/"},"sameAs":["https:\/\/www.facebook.com\/radiolifefm\/","https:\/\/www.instagram.com\/life1079fm\/"]},{"@type":"Person","@id":"https:\/\/radiolifefm.com.br\/noticias\/#\/schema\/person\/6339b9fac59d12b071dec680d7375d87","name":"ritanery","image":{"@type":"ImageObject","inLanguage":"pt-BR","@id":"https:\/\/secure.gravatar.com\/avatar\/0e37bb19071f47c0b8a23f62a903df117c5a0e75f65a0c2901562f97cd41cf86?s=96&d=mm&r=g","url":"https:\/\/secure.gravatar.com\/avatar\/0e37bb19071f47c0b8a23f62a903df117c5a0e75f65a0c2901562f97cd41cf86?s=96&d=mm&r=g","contentUrl":"https:\/\/secure.gravatar.com\/avatar\/0e37bb19071f47c0b8a23f62a903df117c5a0e75f65a0c2901562f97cd41cf86?s=96&d=mm&r=g","caption":"ritanery"}}]}},"amp_enabled":true,"_links":{"self":[{"href":"https:\/\/radiolifefm.com.br\/noticias\/wp-json\/wp\/v2\/posts\/40835","targetHints":{"allow":["GET"]}}],"collection":[{"href":"https:\/\/radiolifefm.com.br\/noticias\/wp-json\/wp\/v2\/posts"}],"about":[{"href":"https:\/\/radiolifefm.com.br\/noticias\/wp-json\/wp\/v2\/types\/post"}],"author":[{"embeddable":true,"href":"https:\/\/radiolifefm.com.br\/noticias\/wp-json\/wp\/v2\/users\/13"}],"replies":[{"embeddable":true,"href":"https:\/\/radiolifefm.com.br\/noticias\/wp-json\/wp\/v2\/comments?post=40835"}],"version-history":[{"count":1,"href":"https:\/\/radiolifefm.com.br\/noticias\/wp-json\/wp\/v2\/posts\/40835\/revisions"}],"predecessor-version":[{"id":40837,"href":"https:\/\/radiolifefm.com.br\/noticias\/wp-json\/wp\/v2\/posts\/40835\/revisions\/40837"}],"wp:featuredmedia":[{"embeddable":true,"href":"https:\/\/radiolifefm.com.br\/noticias\/wp-json\/wp\/v2\/media\/40836"}],"wp:attachment":[{"href":"https:\/\/radiolifefm.com.br\/noticias\/wp-json\/wp\/v2\/media?parent=40835"}],"wp:term":[{"taxonomy":"category","embeddable":true,"href":"https:\/\/radiolifefm.com.br\/noticias\/wp-json\/wp\/v2\/categories?post=40835"},{"taxonomy":"post_tag","embeddable":true,"href":"https:\/\/radiolifefm.com.br\/noticias\/wp-json\/wp\/v2\/tags?post=40835"}],"curies":[{"name":"wp","href":"https:\/\/api.w.org\/{rel}","templated":true}]}}