{"id":40734,"date":"2021-07-15T21:55:20","date_gmt":"2021-07-16T00:55:20","guid":{"rendered":"https:\/\/radiolifefm.com.br\/noticias\/?p=40734"},"modified":"2026-04-04T17:17:38","modified_gmt":"2026-04-04T20:17:38","slug":"irmandade-da-santa-casa-aprova-dissolucao-e-incorporacao-do-patrimonio-ao-lar-sao-francisco-de-assis","status":"publish","type":"post","link":"https:\/\/radiolifefm.com.br\/noticias\/irmandade-da-santa-casa-aprova-dissolucao-e-incorporacao-do-patrimonio-ao-lar-sao-francisco-de-assis\/","title":{"rendered":"Irmandade da Santa Casa aprova dissolu\u00e7\u00e3o e incorpora\u00e7\u00e3o do patrim\u00f4nio ao Lar S\u00e3o Francisco de Assis"},"content":{"rendered":"<div id=\"fb-root\"><\/div>\n<p>Em Assembleia Geral Extraordin\u00e1ria realizada na manh\u00e3 desta quinta-feira (15) pela Irmandade da Santa Casa de Miseric\u00f3rdia de Adamantina, foram aprovados os itens da Convoca\u00e7\u00e3o realizada semana passada, que permitem agora os demais encaminhamentos t\u00e9cnicos e legais para a dissolu\u00e7\u00e3o e liquida\u00e7\u00e3o da institui\u00e7\u00e3o e a incorpora\u00e7\u00e3o do patrim\u00f4nio da unidade hospitalar \u00e0 Associa\u00e7\u00e3o Lar S\u00e3o Francisco de Asis na Provid\u00eancia de Deus, que ir\u00e1 assumir integralmente a gest\u00e3o do local, entre os quais o patrim\u00f4nio, os \u00f4nus e responsabilidades.<\/p>\n<p>&nbsp;<\/p>\n<p>Toda essa transi\u00e7\u00e3o ocorre no \u00e2mbito da\u00a0<strong><a href=\"https:\/\/esaj.tjsp.jus.br\/cpopg\/show.do?processo.codigo=290000JK90000&amp;processo.foro=81&amp;conversationId=&amp;cbPesquisa=NMPARTE&amp;dadosConsulta.valorConsulta=irmandade+santa+casa&amp;dadosConsulta.localPesquisa.cdLocal=81&amp;uuidCaptcha=sajcaptcha_d769c588fd27468aa2643f82a39fda52&amp;g-recaptcha-response=03AGdBq26GqGdxnxie6z1bRFaSmvbTyRQKSbx5SLH_8H8NlR4SAah_1VSj-sJ1hohr1O0-qloLOFpJ8hg6VmgjMXlZJsqKbih10t1Szkbsy8pdwl32dfV11wLqy2zKHTLXJsiGLnz7We9CqYZWuQQMyOjaSDYFMMPDQW6DxqRQ7CfmyVbwACoznxmI0n1rFFVts9JOmrHNMytw6Ejt96B9PYJmM9LC0ZyLJVAtOs8YC8mHoUh2nEX6Dp_lqfyPRmhPiEFpMJXiEt_1DGksaDW7S3M5RBmb1boJuUxkviGOrvKpuRch2zMuUWpX6nbbfmDr04ZKfC7QHZkLA3R7LWssXZS4l-W3JAOtZ3JMlC61Xgh6FLsx6FzJv04rsnAxgwzukPa2xb7M2nhAkx5gHTpTRv-svFDsdRGzf2NJYQ6XdxuvXvWP6jirJHc8IoO-3zGgpDOPgfmtBCnKhQ995dulFCo6r0akyvUooeWY9QLoIUDHhKRaD9Oq6m-g2Ur_P2WwVtj6u5A81FVYgBg3YfIpn4akwBBrcfhq2Q&amp;paginaConsulta=1\">A\u00e7\u00e3o Civil P\u00fablica n\u00ba 1002842- 28.2016.8.26.0081<\/a><\/strong>, face ao Termo de Ajustamento de Conduta (TAC) e compromissos pactuados entre a Irmandade, a Associa\u00e7\u00e3o, o Poder Executivo Municipal e o Centro Universit\u00e1rio de Adamantina (UniFAI). Todos os passos s\u00e3o acompanhados pelo Minist\u00e9rio P\u00fablico e Poder Judici\u00e1rio da Comarca de Adamantina.<\/p>\n<p>&nbsp;<\/p>\n<p>Os desdobramentos que foram objeto da Assembleia Extraordin\u00e1ria realizada nesta quinta-feira s\u00e3o decorrentes de nova pactua\u00e7\u00e3o assinada em novembro do ano passado na A\u00e7\u00e3o Civil P\u00fablica\u00a0<strong><a href=\"https:\/\/drive.google.com\/file\/d\/1fgI_A7P2rctk0C_IfetG3dYVG_fZp18W\/view?usp=sharing\">(veja \u00edntegra)<\/a><\/strong>, com os compromissos revisados, entre os quais a previs\u00e3o de que os freis assumam o patrim\u00f4nio do hospital e os prossigam os investimentos pelo Centro Universit\u00e1rio de Adamantina (UniFAI), sendo o mais recente deles as obras de\u00a0<strong><a href=\"https:\/\/www.sigamais.com\/noticias\/saude\/instalado-canteiro-de-obras-para-ampliacao-do-prontosocorro-de-adamantina\/\">amplia\u00e7\u00e3o do pronto-socorro<\/a><\/strong>, iniciadas no m\u00eas passado.<\/p>\n<p>&nbsp;<\/p>\n<p>H\u00e1 tr\u00eas anos e meio a Associa\u00e7\u00e3o atua na gest\u00e3o da Santa Casa de Adamantina, por\u00e9m ainda sob responsabilidade da Irmandade. Agora, os irm\u00e3os se retiram, ap\u00f3s d\u00e9cadas de trabalho volunt\u00e1rio e dedica\u00e7\u00e3o ao servi\u00e7o filantr\u00f3pico. A institui\u00e7\u00e3o foi fundada em 1.952, por um pequeno grupo de cidad\u00e3os benem\u00e9ritos e que se auto intitularam de Irm\u00e3os. O atual provedor \u00e9 o empres\u00e1rio Leonardo Munhoz.<\/p>\n<p>&nbsp;<\/p>\n<p>A Assembleia realizada nesta quinta-feira foi convocada com tr\u00eas t\u00f3picos para delibera\u00e7\u00e3o. O principal deles \u00e9 a autoriza\u00e7\u00e3o para que os administradores realizem a dissolu\u00e7\u00e3o e liquida\u00e7\u00e3o da Irmandade com a consequente incorpora\u00e7\u00e3o de todo o seu patrim\u00f4nio para a Associa\u00e7\u00e3o.<\/p>\n<p>&nbsp;<\/p>\n<p>Tamb\u00e9m integrou a ordem do dia o protocolo de inten\u00e7\u00f5es com as justificativas de dissolu\u00e7\u00e3o e liquida\u00e7\u00e3o da entidade e a indica\u00e7\u00e3o da sociedade t\u00e9cnica especializada que dever\u00e1 proceder a avalia\u00e7\u00e3o do patrim\u00f4nio l\u00edquido pelo valor cont\u00e1bil para efeitos da incorpora\u00e7\u00e3o.<\/p>\n<p>&nbsp;<\/p>\n<p>Todos os temas foram aprovados e autorizam o desdobramento para etapas t\u00e9cnicas e legais que agora precisar\u00e3o ser adotadas, o que ter\u00e1 ainda a participa\u00e7\u00e3o da Irmandande, at\u00e9 que a Associa\u00e7\u00e3o assuma toda a estrutura.<\/p>\n<p><strong>Cl\u00e1usula protege patrim\u00f4nio da Santa Casa<\/strong><\/p>\n<p>A nova pactua\u00e7\u00e3o assinada em novembro nos autos da A\u00e7\u00e3o Civil P\u00fablica fixou uma cl\u00e1usula que protege o patrim\u00f4nio a ser assumido pelos freis. A incorpora\u00e7\u00e3o \u00e0 Associa\u00e7\u00e3o ser\u00e1 gravada com cl\u00e1usula de inalienabilidade. E ainda, os bens ser\u00e3o transferidos ao patrim\u00f4nio do Munic\u00edpio de Adamantina caso eventualmente venha a ocorrer a extin\u00e7\u00e3o ou paraliza\u00e7\u00e3o futura das atividades da Santa Casa.<\/p>\n<p>Veja esse tema organizado em cinco t\u00f3picos, no TAC, conforme sua cl\u00e1usula d\u00e9cima primeira:<\/p>\n<p><em>\u201cA Irmandade da Santa Casa de Miseric\u00f3rdia de Adamantina em assembleia geral extraordin\u00e1ria ocorrida em 24 de setembro de 2020, atendendo as formalidades de seu estatuto e possibilitando que seu provedor compare\u00e7a e firme o presente instrumento, j\u00e1 deliberou previamente quanto a incorpora\u00e7\u00e3o e suas condi\u00e7\u00f5es, as quais passam a fazer parte integrante do presente, sendo:<\/em><\/p>\n<ol>\n<li><em>a) A incorpora\u00e7\u00e3o da Irmandade da Santa Casa de Miseric\u00f3rdia de Adamantina pela Associa\u00e7\u00e3o Lar S\u00e3o Francisco de Assis contempla todo o patrim\u00f4nio da Irmandade, inclusive os im\u00f3veis regularizados, bem como, todos os \u00f4nus e responsabilidades da institui\u00e7\u00e3o que ser\u00e3o transmitidos \u00e0 associa\u00e7\u00e3o incorporadora, inclusive os retroativos \u00e0 incorpora\u00e7\u00e3o, isentando a Irmandade (Irm\u00e3os) de toda e qualquer reponsabilidade, seja no \u00e2mbito previdenci\u00e1rio, trabalhista, c\u00edvel, fiscal e acident\u00e1rio, ou seja, isen\u00e7\u00e3o de responsabilidade irrestrita e retroativa aos Irm\u00e3os.<\/em><\/li>\n<li><em>b) A propriedade sobre os im\u00f3veis ser\u00e1 transmitida \u00e0 associa\u00e7\u00e3o incorporadora e gravada com cl\u00e1usula de inalienabilidade. A associa\u00e7\u00e3o incorporadora assume tamb\u00e9m o compromisso de transfer\u00eancia do patrim\u00f4nio ao Munic\u00edpio de Adamantina, caso eventualmente houver a extin\u00e7\u00e3o ou paraliza\u00e7\u00e3o futura das atividades da Santa Casa.<\/em><\/li>\n<li><em>c) A Irmandade permanecer\u00e1 figurado na provedoria da Santa Casa durante o necess\u00e1rio per\u00edodo de transi\u00e7\u00e3o at\u00e9 a formaliza\u00e7\u00e3o efetiva da incorpora\u00e7\u00e3o, no intuito de n\u00e3o prejudicar o andamento de suas atividades, evitando tamb\u00e9m eventual preju\u00edzo financeiro, decorrentes de perda emendas parlamentares, repasses de verbas p\u00fablicas, entre outros, conforme j\u00e1 deliberado na \u00faltima assembleia, supramencionada.<\/em><\/li>\n<li><em>d) Apesar da perman\u00eancia da Irmandade figurando na provedoria da Santa Casa, a sua administra\u00e7\u00e3o geral e irrestrita ser\u00e1 realizada e promovida pela associa\u00e7\u00e3o incorporadora a partir da data da assinatura do presente termo.<\/em><\/li>\n<li><em>e) A Irmandade de compromete a cumprir todas as formalidades e procedimentos indispens\u00e1veis para in\u00edcio e conclus\u00e3o da incorpora\u00e7\u00e3o, promovendo eventualmente novas assembleias gerais extraordin\u00e1rias, se necess\u00e1rio for.\u201d<\/em><\/li>\n<\/ol>\n<p><strong>Prefeitura valida encaminhamentos<\/strong><\/p>\n<p>Sobre a dissolu\u00e7\u00e3o e liquida\u00e7\u00e3o da Irmandade da Santa Casa, uma reportagem publicada no jornal Di\u00e1rio do Oeste, na semana passada, apresentou a posi\u00e7\u00e3o da Prefeitura de Adamantina sobre o tema. \u201cTudo o que est\u00e1 acontecendo vem concretizar todos os investimentos que est\u00e3o em execu\u00e7\u00e3o. A reforma do pronto socorro j\u00e1 come\u00e7ou. Com isso, ser\u00e1 poss\u00edvel aumentar a quantidade dos servi\u00e7os e dar mais qualidade\u201d, informou o poder p\u00fablico ao jornal. \u201cOutro ponto positivo \u00e9 a exist\u00eancia do centro de diagn\u00f3stico de imagens que est\u00e1 oferecendo os servi\u00e7os de tomografia, endoscopia, colonoscopia, raio-x digital. Al\u00e9m disso ser\u00e1 constru\u00eddo um pr\u00e9dio para que seja ofertado a popula\u00e7\u00e3o exames de resson\u00e2ncia magn\u00e9tica. No mesmo local, haver\u00e1 ainda para alunos que atuam nas \u00e1reas da sa\u00fade. Outro fator \u00e9 que a Caixa Econ\u00f4mica Federal j\u00e1 fez a libera\u00e7\u00e3o do recurso para que seja iniciada a reforma do centro cir\u00fargico que tamb\u00e9m ter\u00e1 novos equipamentos. Tudo isso veio para efetivar o complexo de sa\u00fade\u201d, prosseguiu a municipalidade.<\/p>\n<p><strong>Freis est\u00e3o na Santa Casa h\u00e1 3 anos e meio<\/strong><\/p>\n<p>A Associa\u00e7\u00e3o Lar S\u00e3o Francisco de Asis na Provid\u00eancia de Deus, que gerencia servi\u00e7os de sa\u00fade em diversas localidades do pa\u00eds, iniciou a gest\u00e3o do hospital adamantinense em 8 de janeiro de 2018, sendo mantidos at\u00e9 ent\u00e3o os protagonismos da irmandade e da provedoria.<\/p>\n<p>A chegada dos freis a Adamantina se deu no \u00e2mbito do TAC, decorrente da a\u00e7\u00e3o civil p\u00fablica movida pelo Minist\u00e9rio P\u00fablico local que tramitou junto ao Poder Judici\u00e1rio (2\u00aa Vara), em raz\u00e3o de irregularidades estruturais (f\u00edsicas, organizacionais e de presta\u00e7\u00e3o de servi\u00e7os), que na \u00e9poca \u2013 2016 \u2013 poderiam ensejar a interdi\u00e7\u00e3o judicial e at\u00e9 mesmo o fechamento do hospital.<\/p>\n<p>A aproxima\u00e7\u00e3o local, com os freis, se deu a partir do come\u00e7o de 2017. As tratativas evolu\u00edram ao longo de todo o ano. O documento que oficializou a chegada do Lar S\u00e3o Francisco de Assis na Provid\u00eancia de Deus a Adamantina foi assinado no dia\u00a0<strong><a href=\"https:\/\/www.sigamais.com\/noticias\/saude\/freis-referencia-em-servicos-de-saude-no-brasil-assumem-gestao-da-santa-casa-de-adamantina\/\">18 de dezembro de 2017<\/a><\/strong>. Vinte dias depois, em\u00a0<strong><a href=\"https:\/\/www.sigamais.com\/noticias\/saude\/freis-assumem-gestao-da-santa-casa-de-adamantina\/\">8 de janeiro de 2018<\/a><\/strong>, os freis assumem a gest\u00e3o do hospital.<\/p>\n<p><strong>Entenda: den\u00fancias, TAC e a chegada dos freis<\/strong><\/p>\n<p>As den\u00fancias acerca de irregularidades estruturais (f\u00edsicas, organizacionais e de presta\u00e7\u00e3o de servi\u00e7os), que poderiam levar \u00e0 interdi\u00e7\u00e3o judicial e at\u00e9 mesmo o fechamento da Santa Casa tiveram apura\u00e7\u00e3o pelo Minist\u00e9rio P\u00fablico e Poder Judici\u00e1rio da Comarca de Adamantina, e evolu\u00edram para o TAC.<\/p>\n<p>Dentro da compet\u00eancia da Justi\u00e7a e em condi\u00e7\u00f5es previstas na legisla\u00e7\u00e3o, as duas alternativas radicais \u2013 interdi\u00e7\u00e3o judicial ou fechamento \u2013 poderiam ser tomadas, mas causariam reflexos sobretudo \u00e0 gest\u00e3o, conv\u00eanios e recursos \u2013 no caso da interven\u00e7\u00e3o \u2013 e sobretudo \u00e0 comunidade atendida, na eventualidade de fechamento, com o risco de desassistir os usu\u00e1rios dos servi\u00e7os de sa\u00fade prestados pela Santa Casa, o que causaria um transtorno para os pacientes de Adamantina e regi\u00e3o.<\/p>\n<p>A decis\u00e3o por manter a estrutura em opera\u00e7\u00e3o e buscar novos caminhos que garantissem o funcionamento e as melhorias esperadas possibilitou o encontro entre os representantes locais e o Lar S\u00e3o Francisco de Assis na Provid\u00eancia de Deus.<\/p>\n<p>O TAC assinado garantiu aos religiosos a gest\u00e3o administrativa, financeira, patrimonial e t\u00e9cnica do hospital, bem como a gest\u00e3o dos servi\u00e7os m\u00e9dicos, a partir de 8 de janeiro de 2018, com a presen\u00e7a da provedoria e irmandade.<\/p>\n<p>&nbsp;<\/p>\n<p>Fonte: Siga Mais<\/p>\n","protected":false},"excerpt":{"rendered":"<p>Em Assembleia Geral Extraordin\u00e1ria realizada na manh\u00e3 desta quinta-feira (15) pela Irmandade da Santa Casa de Miseric\u00f3rdia de Adamantina, foram aprovados os itens da Convoca\u00e7\u00e3o realizada semana passada, que permitem agora os demais encaminhamentos t\u00e9cnicos e legais para a dissolu\u00e7\u00e3o e liquida\u00e7\u00e3o da institui\u00e7\u00e3o e a incorpora\u00e7\u00e3o do patrim\u00f4nio da unidade hospitalar \u00e0 Associa\u00e7\u00e3o Lar [&hellip;]<\/p>\n","protected":false},"author":13,"featured_media":31471,"comment_status":"closed","ping_status":"open","sticky":false,"template":"","format":"standard","meta":{"_acf_changed":false,"_exactmetrics_skip_tracking":false,"_exactmetrics_sitenote_active":false,"_exactmetrics_sitenote_note":"","_exactmetrics_sitenote_category":0,"footnotes":""},"categories":[21],"tags":[],"class_list":["post-40734","post","type-post","status-publish","format-standard","has-post-thumbnail","hentry","category-adamantina"],"acf":[],"yoast_head":"<!-- This site is optimized with the Yoast SEO plugin v27.2 - https:\/\/yoast.com\/product\/yoast-seo-wordpress\/ -->\n<title>Irmandade da Santa Casa aprova dissolu\u00e7\u00e3o e incorpora\u00e7\u00e3o do patrim\u00f4nio ao Lar S\u00e3o Francisco de Assis - R\u00e1dio Life FM<\/title>\n<meta name=\"robots\" content=\"index, follow, max-snippet:-1, max-image-preview:large, max-video-preview:-1\" \/>\n<link rel=\"canonical\" href=\"https:\/\/radiolifefm.com.br\/noticias\/irmandade-da-santa-casa-aprova-dissolucao-e-incorporacao-do-patrimonio-ao-lar-sao-francisco-de-assis\/\" \/>\n<meta property=\"og:locale\" content=\"pt_BR\" \/>\n<meta property=\"og:type\" content=\"article\" \/>\n<meta property=\"og:title\" content=\"Irmandade da Santa Casa aprova dissolu\u00e7\u00e3o e incorpora\u00e7\u00e3o do patrim\u00f4nio ao Lar S\u00e3o Francisco de Assis - R\u00e1dio Life FM\" \/>\n<meta property=\"og:description\" content=\"Em Assembleia Geral Extraordin\u00e1ria realizada na manh\u00e3 desta quinta-feira (15) pela Irmandade da Santa Casa de Miseric\u00f3rdia de Adamantina, foram aprovados os itens da Convoca\u00e7\u00e3o realizada semana passada, que permitem agora os demais encaminhamentos t\u00e9cnicos e legais para a dissolu\u00e7\u00e3o e liquida\u00e7\u00e3o da institui\u00e7\u00e3o e a incorpora\u00e7\u00e3o do patrim\u00f4nio da unidade hospitalar \u00e0 Associa\u00e7\u00e3o Lar [&hellip;]\" \/>\n<meta property=\"og:url\" content=\"https:\/\/radiolifefm.com.br\/noticias\/irmandade-da-santa-casa-aprova-dissolucao-e-incorporacao-do-patrimonio-ao-lar-sao-francisco-de-assis\/\" \/>\n<meta property=\"og:site_name\" content=\"R\u00e1dio Life FM\" \/>\n<meta property=\"article:publisher\" content=\"https:\/\/www.facebook.com\/radiolifefm\/\" \/>\n<meta property=\"article:published_time\" content=\"2021-07-16T00:55:20+00:00\" \/>\n<meta property=\"article:modified_time\" content=\"2026-04-04T20:17:38+00:00\" \/>\n<meta property=\"og:image\" content=\"https:\/\/radiolifefm.com.br\/noticias\/wp-content\/uploads\/2020\/12\/SANTA-CASA-2020-3.jpg\" \/>\n\t<meta property=\"og:image:width\" content=\"744\" \/>\n\t<meta property=\"og:image:height\" content=\"695\" \/>\n\t<meta property=\"og:image:type\" content=\"image\/jpeg\" \/>\n<meta name=\"author\" content=\"ritanery\" \/>\n<meta name=\"twitter:card\" content=\"summary_large_image\" \/>\n<meta name=\"twitter:label1\" content=\"Escrito por\" \/>\n\t<meta name=\"twitter:data1\" content=\"ritanery\" \/>\n\t<meta name=\"twitter:label2\" content=\"Est. tempo de leitura\" \/>\n\t<meta name=\"twitter:data2\" content=\"6 minutos\" \/>\n<script type=\"application\/ld+json\" class=\"yoast-schema-graph\">{\"@context\":\"https:\/\/schema.org\",\"@graph\":[{\"@type\":\"Article\",\"@id\":\"https:\/\/radiolifefm.com.br\/noticias\/irmandade-da-santa-casa-aprova-dissolucao-e-incorporacao-do-patrimonio-ao-lar-sao-francisco-de-assis\/#article\",\"isPartOf\":{\"@id\":\"https:\/\/radiolifefm.com.br\/noticias\/irmandade-da-santa-casa-aprova-dissolucao-e-incorporacao-do-patrimonio-ao-lar-sao-francisco-de-assis\/\"},\"author\":{\"name\":\"ritanery\",\"@id\":\"https:\/\/radiolifefm.com.br\/noticias\/#\/schema\/person\/6339b9fac59d12b071dec680d7375d87\"},\"headline\":\"Irmandade da Santa Casa aprova dissolu\u00e7\u00e3o e incorpora\u00e7\u00e3o do patrim\u00f4nio ao Lar S\u00e3o Francisco de Assis\",\"datePublished\":\"2021-07-16T00:55:20+00:00\",\"dateModified\":\"2026-04-04T20:17:38+00:00\",\"mainEntityOfPage\":{\"@id\":\"https:\/\/radiolifefm.com.br\/noticias\/irmandade-da-santa-casa-aprova-dissolucao-e-incorporacao-do-patrimonio-ao-lar-sao-francisco-de-assis\/\"},\"wordCount\":1530,\"publisher\":{\"@id\":\"https:\/\/radiolifefm.com.br\/noticias\/#organization\"},\"image\":{\"@id\":\"https:\/\/radiolifefm.com.br\/noticias\/irmandade-da-santa-casa-aprova-dissolucao-e-incorporacao-do-patrimonio-ao-lar-sao-francisco-de-assis\/#primaryimage\"},\"thumbnailUrl\":\"https:\/\/radiolifefm.com.br\/noticias\/wp-content\/uploads\/2020\/12\/SANTA-CASA-2020-3.jpg\",\"articleSection\":[\"Adamantina\"],\"inLanguage\":\"pt-BR\"},{\"@type\":\"WebPage\",\"@id\":\"https:\/\/radiolifefm.com.br\/noticias\/irmandade-da-santa-casa-aprova-dissolucao-e-incorporacao-do-patrimonio-ao-lar-sao-francisco-de-assis\/\",\"url\":\"https:\/\/radiolifefm.com.br\/noticias\/irmandade-da-santa-casa-aprova-dissolucao-e-incorporacao-do-patrimonio-ao-lar-sao-francisco-de-assis\/\",\"name\":\"Irmandade da Santa Casa aprova dissolu\u00e7\u00e3o e incorpora\u00e7\u00e3o do patrim\u00f4nio ao Lar S\u00e3o Francisco de Assis - R\u00e1dio Life FM\",\"isPartOf\":{\"@id\":\"https:\/\/radiolifefm.com.br\/noticias\/#website\"},\"primaryImageOfPage\":{\"@id\":\"https:\/\/radiolifefm.com.br\/noticias\/irmandade-da-santa-casa-aprova-dissolucao-e-incorporacao-do-patrimonio-ao-lar-sao-francisco-de-assis\/#primaryimage\"},\"image\":{\"@id\":\"https:\/\/radiolifefm.com.br\/noticias\/irmandade-da-santa-casa-aprova-dissolucao-e-incorporacao-do-patrimonio-ao-lar-sao-francisco-de-assis\/#primaryimage\"},\"thumbnailUrl\":\"https:\/\/radiolifefm.com.br\/noticias\/wp-content\/uploads\/2020\/12\/SANTA-CASA-2020-3.jpg\",\"datePublished\":\"2021-07-16T00:55:20+00:00\",\"dateModified\":\"2026-04-04T20:17:38+00:00\",\"breadcrumb\":{\"@id\":\"https:\/\/radiolifefm.com.br\/noticias\/irmandade-da-santa-casa-aprova-dissolucao-e-incorporacao-do-patrimonio-ao-lar-sao-francisco-de-assis\/#breadcrumb\"},\"inLanguage\":\"pt-BR\",\"potentialAction\":[{\"@type\":\"ReadAction\",\"target\":[\"https:\/\/radiolifefm.com.br\/noticias\/irmandade-da-santa-casa-aprova-dissolucao-e-incorporacao-do-patrimonio-ao-lar-sao-francisco-de-assis\/\"]}]},{\"@type\":\"ImageObject\",\"inLanguage\":\"pt-BR\",\"@id\":\"https:\/\/radiolifefm.com.br\/noticias\/irmandade-da-santa-casa-aprova-dissolucao-e-incorporacao-do-patrimonio-ao-lar-sao-francisco-de-assis\/#primaryimage\",\"url\":\"https:\/\/radiolifefm.com.br\/noticias\/wp-content\/uploads\/2020\/12\/SANTA-CASA-2020-3.jpg\",\"contentUrl\":\"https:\/\/radiolifefm.com.br\/noticias\/wp-content\/uploads\/2020\/12\/SANTA-CASA-2020-3.jpg\",\"width\":744,\"height\":695},{\"@type\":\"BreadcrumbList\",\"@id\":\"https:\/\/radiolifefm.com.br\/noticias\/irmandade-da-santa-casa-aprova-dissolucao-e-incorporacao-do-patrimonio-ao-lar-sao-francisco-de-assis\/#breadcrumb\",\"itemListElement\":[{\"@type\":\"ListItem\",\"position\":1,\"name\":\"In\u00edcio\",\"item\":\"https:\/\/radiolifefm.com.br\/noticias\/\"},{\"@type\":\"ListItem\",\"position\":2,\"name\":\"Irmandade da Santa Casa aprova dissolu\u00e7\u00e3o e incorpora\u00e7\u00e3o do patrim\u00f4nio ao Lar S\u00e3o Francisco de Assis\"}]},{\"@type\":\"WebSite\",\"@id\":\"https:\/\/radiolifefm.com.br\/noticias\/#website\",\"url\":\"https:\/\/radiolifefm.com.br\/noticias\/\",\"name\":\"R\u00e1dio Life FM\",\"description\":\"O Portal de Not\u00edcias de Adamantina\",\"publisher\":{\"@id\":\"https:\/\/radiolifefm.com.br\/noticias\/#organization\"},\"alternateName\":\"Life FM\",\"potentialAction\":[{\"@type\":\"SearchAction\",\"target\":{\"@type\":\"EntryPoint\",\"urlTemplate\":\"https:\/\/radiolifefm.com.br\/noticias\/?s={search_term_string}\"},\"query-input\":{\"@type\":\"PropertyValueSpecification\",\"valueRequired\":true,\"valueName\":\"search_term_string\"}}],\"inLanguage\":\"pt-BR\"},{\"@type\":\"Organization\",\"@id\":\"https:\/\/radiolifefm.com.br\/noticias\/#organization\",\"name\":\"R\u00e1dio Life FM\",\"alternateName\":\"Life FM\",\"url\":\"https:\/\/radiolifefm.com.br\/noticias\/\",\"logo\":{\"@type\":\"ImageObject\",\"inLanguage\":\"pt-BR\",\"@id\":\"https:\/\/radiolifefm.com.br\/noticias\/#\/schema\/logo\/image\/\",\"url\":\"https:\/\/static.radiolifefm.com.br\/noticias\/wp-content\/uploads\/2019\/10\/logo-lifefm.png\",\"contentUrl\":\"https:\/\/static.radiolifefm.com.br\/noticias\/wp-content\/uploads\/2019\/10\/logo-lifefm.png\",\"width\":196,\"height\":47,\"caption\":\"R\u00e1dio Life FM\"},\"image\":{\"@id\":\"https:\/\/radiolifefm.com.br\/noticias\/#\/schema\/logo\/image\/\"},\"sameAs\":[\"https:\/\/www.facebook.com\/radiolifefm\/\",\"https:\/\/www.instagram.com\/life1079fm\/\"]},{\"@type\":\"Person\",\"@id\":\"https:\/\/radiolifefm.com.br\/noticias\/#\/schema\/person\/6339b9fac59d12b071dec680d7375d87\",\"name\":\"ritanery\",\"image\":{\"@type\":\"ImageObject\",\"inLanguage\":\"pt-BR\",\"@id\":\"https:\/\/secure.gravatar.com\/avatar\/0e37bb19071f47c0b8a23f62a903df117c5a0e75f65a0c2901562f97cd41cf86?s=96&d=mm&r=g\",\"url\":\"https:\/\/secure.gravatar.com\/avatar\/0e37bb19071f47c0b8a23f62a903df117c5a0e75f65a0c2901562f97cd41cf86?s=96&d=mm&r=g\",\"contentUrl\":\"https:\/\/secure.gravatar.com\/avatar\/0e37bb19071f47c0b8a23f62a903df117c5a0e75f65a0c2901562f97cd41cf86?s=96&d=mm&r=g\",\"caption\":\"ritanery\"}}]}<\/script>\n<!-- \/ Yoast SEO plugin. -->","yoast_head_json":{"title":"Irmandade da Santa Casa aprova dissolu\u00e7\u00e3o e incorpora\u00e7\u00e3o do patrim\u00f4nio ao Lar S\u00e3o Francisco de Assis - R\u00e1dio Life FM","robots":{"index":"index","follow":"follow","max-snippet":"max-snippet:-1","max-image-preview":"max-image-preview:large","max-video-preview":"max-video-preview:-1"},"canonical":"https:\/\/radiolifefm.com.br\/noticias\/irmandade-da-santa-casa-aprova-dissolucao-e-incorporacao-do-patrimonio-ao-lar-sao-francisco-de-assis\/","og_locale":"pt_BR","og_type":"article","og_title":"Irmandade da Santa Casa aprova dissolu\u00e7\u00e3o e incorpora\u00e7\u00e3o do patrim\u00f4nio ao Lar S\u00e3o Francisco de Assis - R\u00e1dio Life FM","og_description":"Em Assembleia Geral Extraordin\u00e1ria realizada na manh\u00e3 desta quinta-feira (15) pela Irmandade da Santa Casa de Miseric\u00f3rdia de Adamantina, foram aprovados os itens da Convoca\u00e7\u00e3o realizada semana passada, que permitem agora os demais encaminhamentos t\u00e9cnicos e legais para a dissolu\u00e7\u00e3o e liquida\u00e7\u00e3o da institui\u00e7\u00e3o e a incorpora\u00e7\u00e3o do patrim\u00f4nio da unidade hospitalar \u00e0 Associa\u00e7\u00e3o Lar [&hellip;]","og_url":"https:\/\/radiolifefm.com.br\/noticias\/irmandade-da-santa-casa-aprova-dissolucao-e-incorporacao-do-patrimonio-ao-lar-sao-francisco-de-assis\/","og_site_name":"R\u00e1dio Life FM","article_publisher":"https:\/\/www.facebook.com\/radiolifefm\/","article_published_time":"2021-07-16T00:55:20+00:00","article_modified_time":"2026-04-04T20:17:38+00:00","og_image":[{"width":744,"height":695,"url":"https:\/\/radiolifefm.com.br\/noticias\/wp-content\/uploads\/2020\/12\/SANTA-CASA-2020-3.jpg","type":"image\/jpeg"}],"author":"ritanery","twitter_card":"summary_large_image","twitter_misc":{"Escrito por":"ritanery","Est. tempo de leitura":"6 minutos"},"schema":{"@context":"https:\/\/schema.org","@graph":[{"@type":"Article","@id":"https:\/\/radiolifefm.com.br\/noticias\/irmandade-da-santa-casa-aprova-dissolucao-e-incorporacao-do-patrimonio-ao-lar-sao-francisco-de-assis\/#article","isPartOf":{"@id":"https:\/\/radiolifefm.com.br\/noticias\/irmandade-da-santa-casa-aprova-dissolucao-e-incorporacao-do-patrimonio-ao-lar-sao-francisco-de-assis\/"},"author":{"name":"ritanery","@id":"https:\/\/radiolifefm.com.br\/noticias\/#\/schema\/person\/6339b9fac59d12b071dec680d7375d87"},"headline":"Irmandade da Santa Casa aprova dissolu\u00e7\u00e3o e incorpora\u00e7\u00e3o do patrim\u00f4nio ao Lar S\u00e3o Francisco de Assis","datePublished":"2021-07-16T00:55:20+00:00","dateModified":"2026-04-04T20:17:38+00:00","mainEntityOfPage":{"@id":"https:\/\/radiolifefm.com.br\/noticias\/irmandade-da-santa-casa-aprova-dissolucao-e-incorporacao-do-patrimonio-ao-lar-sao-francisco-de-assis\/"},"wordCount":1530,"publisher":{"@id":"https:\/\/radiolifefm.com.br\/noticias\/#organization"},"image":{"@id":"https:\/\/radiolifefm.com.br\/noticias\/irmandade-da-santa-casa-aprova-dissolucao-e-incorporacao-do-patrimonio-ao-lar-sao-francisco-de-assis\/#primaryimage"},"thumbnailUrl":"https:\/\/radiolifefm.com.br\/noticias\/wp-content\/uploads\/2020\/12\/SANTA-CASA-2020-3.jpg","articleSection":["Adamantina"],"inLanguage":"pt-BR"},{"@type":"WebPage","@id":"https:\/\/radiolifefm.com.br\/noticias\/irmandade-da-santa-casa-aprova-dissolucao-e-incorporacao-do-patrimonio-ao-lar-sao-francisco-de-assis\/","url":"https:\/\/radiolifefm.com.br\/noticias\/irmandade-da-santa-casa-aprova-dissolucao-e-incorporacao-do-patrimonio-ao-lar-sao-francisco-de-assis\/","name":"Irmandade da Santa Casa aprova dissolu\u00e7\u00e3o e incorpora\u00e7\u00e3o do patrim\u00f4nio ao Lar S\u00e3o Francisco de Assis - R\u00e1dio Life FM","isPartOf":{"@id":"https:\/\/radiolifefm.com.br\/noticias\/#website"},"primaryImageOfPage":{"@id":"https:\/\/radiolifefm.com.br\/noticias\/irmandade-da-santa-casa-aprova-dissolucao-e-incorporacao-do-patrimonio-ao-lar-sao-francisco-de-assis\/#primaryimage"},"image":{"@id":"https:\/\/radiolifefm.com.br\/noticias\/irmandade-da-santa-casa-aprova-dissolucao-e-incorporacao-do-patrimonio-ao-lar-sao-francisco-de-assis\/#primaryimage"},"thumbnailUrl":"https:\/\/radiolifefm.com.br\/noticias\/wp-content\/uploads\/2020\/12\/SANTA-CASA-2020-3.jpg","datePublished":"2021-07-16T00:55:20+00:00","dateModified":"2026-04-04T20:17:38+00:00","breadcrumb":{"@id":"https:\/\/radiolifefm.com.br\/noticias\/irmandade-da-santa-casa-aprova-dissolucao-e-incorporacao-do-patrimonio-ao-lar-sao-francisco-de-assis\/#breadcrumb"},"inLanguage":"pt-BR","potentialAction":[{"@type":"ReadAction","target":["https:\/\/radiolifefm.com.br\/noticias\/irmandade-da-santa-casa-aprova-dissolucao-e-incorporacao-do-patrimonio-ao-lar-sao-francisco-de-assis\/"]}]},{"@type":"ImageObject","inLanguage":"pt-BR","@id":"https:\/\/radiolifefm.com.br\/noticias\/irmandade-da-santa-casa-aprova-dissolucao-e-incorporacao-do-patrimonio-ao-lar-sao-francisco-de-assis\/#primaryimage","url":"https:\/\/radiolifefm.com.br\/noticias\/wp-content\/uploads\/2020\/12\/SANTA-CASA-2020-3.jpg","contentUrl":"https:\/\/radiolifefm.com.br\/noticias\/wp-content\/uploads\/2020\/12\/SANTA-CASA-2020-3.jpg","width":744,"height":695},{"@type":"BreadcrumbList","@id":"https:\/\/radiolifefm.com.br\/noticias\/irmandade-da-santa-casa-aprova-dissolucao-e-incorporacao-do-patrimonio-ao-lar-sao-francisco-de-assis\/#breadcrumb","itemListElement":[{"@type":"ListItem","position":1,"name":"In\u00edcio","item":"https:\/\/radiolifefm.com.br\/noticias\/"},{"@type":"ListItem","position":2,"name":"Irmandade da Santa Casa aprova dissolu\u00e7\u00e3o e incorpora\u00e7\u00e3o do patrim\u00f4nio ao Lar S\u00e3o Francisco de Assis"}]},{"@type":"WebSite","@id":"https:\/\/radiolifefm.com.br\/noticias\/#website","url":"https:\/\/radiolifefm.com.br\/noticias\/","name":"R\u00e1dio Life FM","description":"O Portal de Not\u00edcias de Adamantina","publisher":{"@id":"https:\/\/radiolifefm.com.br\/noticias\/#organization"},"alternateName":"Life FM","potentialAction":[{"@type":"SearchAction","target":{"@type":"EntryPoint","urlTemplate":"https:\/\/radiolifefm.com.br\/noticias\/?s={search_term_string}"},"query-input":{"@type":"PropertyValueSpecification","valueRequired":true,"valueName":"search_term_string"}}],"inLanguage":"pt-BR"},{"@type":"Organization","@id":"https:\/\/radiolifefm.com.br\/noticias\/#organization","name":"R\u00e1dio Life FM","alternateName":"Life FM","url":"https:\/\/radiolifefm.com.br\/noticias\/","logo":{"@type":"ImageObject","inLanguage":"pt-BR","@id":"https:\/\/radiolifefm.com.br\/noticias\/#\/schema\/logo\/image\/","url":"https:\/\/static.radiolifefm.com.br\/noticias\/wp-content\/uploads\/2019\/10\/logo-lifefm.png","contentUrl":"https:\/\/static.radiolifefm.com.br\/noticias\/wp-content\/uploads\/2019\/10\/logo-lifefm.png","width":196,"height":47,"caption":"R\u00e1dio Life FM"},"image":{"@id":"https:\/\/radiolifefm.com.br\/noticias\/#\/schema\/logo\/image\/"},"sameAs":["https:\/\/www.facebook.com\/radiolifefm\/","https:\/\/www.instagram.com\/life1079fm\/"]},{"@type":"Person","@id":"https:\/\/radiolifefm.com.br\/noticias\/#\/schema\/person\/6339b9fac59d12b071dec680d7375d87","name":"ritanery","image":{"@type":"ImageObject","inLanguage":"pt-BR","@id":"https:\/\/secure.gravatar.com\/avatar\/0e37bb19071f47c0b8a23f62a903df117c5a0e75f65a0c2901562f97cd41cf86?s=96&d=mm&r=g","url":"https:\/\/secure.gravatar.com\/avatar\/0e37bb19071f47c0b8a23f62a903df117c5a0e75f65a0c2901562f97cd41cf86?s=96&d=mm&r=g","contentUrl":"https:\/\/secure.gravatar.com\/avatar\/0e37bb19071f47c0b8a23f62a903df117c5a0e75f65a0c2901562f97cd41cf86?s=96&d=mm&r=g","caption":"ritanery"}}]}},"amp_enabled":true,"_links":{"self":[{"href":"https:\/\/radiolifefm.com.br\/noticias\/wp-json\/wp\/v2\/posts\/40734","targetHints":{"allow":["GET"]}}],"collection":[{"href":"https:\/\/radiolifefm.com.br\/noticias\/wp-json\/wp\/v2\/posts"}],"about":[{"href":"https:\/\/radiolifefm.com.br\/noticias\/wp-json\/wp\/v2\/types\/post"}],"author":[{"embeddable":true,"href":"https:\/\/radiolifefm.com.br\/noticias\/wp-json\/wp\/v2\/users\/13"}],"replies":[{"embeddable":true,"href":"https:\/\/radiolifefm.com.br\/noticias\/wp-json\/wp\/v2\/comments?post=40734"}],"version-history":[{"count":2,"href":"https:\/\/radiolifefm.com.br\/noticias\/wp-json\/wp\/v2\/posts\/40734\/revisions"}],"predecessor-version":[{"id":40736,"href":"https:\/\/radiolifefm.com.br\/noticias\/wp-json\/wp\/v2\/posts\/40734\/revisions\/40736"}],"wp:featuredmedia":[{"embeddable":true,"href":"https:\/\/radiolifefm.com.br\/noticias\/wp-json\/wp\/v2\/media\/31471"}],"wp:attachment":[{"href":"https:\/\/radiolifefm.com.br\/noticias\/wp-json\/wp\/v2\/media?parent=40734"}],"wp:term":[{"taxonomy":"category","embeddable":true,"href":"https:\/\/radiolifefm.com.br\/noticias\/wp-json\/wp\/v2\/categories?post=40734"},{"taxonomy":"post_tag","embeddable":true,"href":"https:\/\/radiolifefm.com.br\/noticias\/wp-json\/wp\/v2\/tags?post=40734"}],"curies":[{"name":"wp","href":"https:\/\/api.w.org\/{rel}","templated":true}]}}