{"id":40705,"date":"2021-07-15T15:29:49","date_gmt":"2021-07-15T18:29:49","guid":{"rendered":"https:\/\/radiolifefm.com.br\/noticias\/?p=40705"},"modified":"2026-04-11T01:56:26","modified_gmt":"2026-04-11T04:56:26","slug":"vereadoras-de-pacaembu-vem-a-adamantina-para-conhecer-o-patio-de-compostagem","status":"publish","type":"post","link":"https:\/\/radiolifefm.com.br\/noticias\/vereadoras-de-pacaembu-vem-a-adamantina-para-conhecer-o-patio-de-compostagem\/","title":{"rendered":"Vereadoras de Pacaembu vem a Adamantina para conhecer o p\u00e1tio de compostagem"},"content":{"rendered":"<div id=\"fb-root\"><\/div>\n<p>A Prefeitura de Adamantina recebeu na manh\u00e3 de hoje (15) a visita das vereadoras Joice Fonseca e Suzana Kawano da cidade de Pacaembu.<\/p>\n<p>&nbsp;<\/p>\n<p>As duas vieram ao munic\u00edpio para conhecer o p\u00e1tio de compostagem, espa\u00e7o destinado a execu\u00e7\u00e3o dos Projetos de Efici\u00eancia Energ\u00e9tica em parceria com a Energisa e o Euroclima +.<\/p>\n<p>&nbsp;<\/p>\n<p>As vereadoras foram recebidas pelo prefeito M\u00e1rcio Cardim, o secret\u00e1rio de Agricultura, Abastecimento e Meio Ambiente (SAAMA), Thiago Benet\u00e3o, os vereadores Paulo Cervelheira e Noriko Saito e o engenheiro agr\u00f4nomo, Jorge Felipe Soares Pinheiro, engenheiro agr\u00f4nomo, que integra o projeto EuroClima.<\/p>\n<p>&nbsp;<\/p>\n<p>As edis comentaram que vieram at\u00e9 Adamantina com o objetivo de conhecer mais sobre o Projeto de Compostagem. \u201cO p\u00e1tio onde \u00e9 feito a compostagem \u00e9 um exemplo para a regi\u00e3o. Viemos at\u00e9 Adamantina em busca de caminhos com o objetivo de levar e desenvolver a nossa cidade\u201d, afirma Joice.<\/p>\n<p>&nbsp;<\/p>\n<p>O prefeito M\u00e1rcio Cardim explicou como os projetos foram desenvolvidos e os benef\u00edcios que ele vem trazendo ao munic\u00edpio.<\/p>\n<p>&nbsp;<\/p>\n<p>Depois do encontro no gabinete, as vereadoras foram conhecer in loco o p\u00e1tio de compostagem, local onde \u00e9 produzido o composto org\u00e2nico que \u00e9 repassado de forma gratuita aos agricultores cadastrados no projeto.<\/p>\n<p>&nbsp;<\/p>\n<p><strong>Relembre &#8211;<\/strong>\u00a0Segue em execu\u00e7\u00e3o o Programa de Efici\u00eancia Energ\u00e9tica (PEE) que consiste no aproveitamento dos res\u00edduos de poda de \u00e1rvores e os res\u00edduos org\u00e2nicos das cozinhas para serem transformados em adubo e destinados \u00e0 popula\u00e7\u00e3o por meio do programa Agricultura Familiar.<\/p>\n<p>&nbsp;<\/p>\n<p>At\u00e9 o momento, foram doados 725,45 toneladas de adubo para mais de 70 fam\u00edlias. A iniciativa \u00e9 uma parceria entre a Prefeitura de Adamantina, a UniFAI e a Energisa.<\/p>\n<p>&nbsp;<\/p>\n<p>Para a forma\u00e7\u00e3o do composto org\u00e2nico, a Prefeitura de Adamantina, por meio da Secretaria de Agricultura, Abastecimento e Meio Ambiente (SAAMA) executou 801 podas de \u00e1rvores nos bairros Jardim Adamantina, Jardim Brasil, Conjunto Habitacional Governador M\u00e1rio Covas J\u00fanior, Jardim Primavera, Parque do Sol e Parque Itamarati.<\/p>\n<p>&nbsp;<\/p>\n<p>Os res\u00edduos provenientes das podas de \u00e1rvores s\u00e3o levados at\u00e9 o p\u00e1tio de compostagem.<\/p>\n<p>&nbsp;<\/p>\n<p>No local, eles s\u00e3o triturados e enriquecidos com restos de alimentos e em at\u00e9 90 dias, o composto org\u00e2nico \u00e9 transformado e pronto para ser utilizado no solo.<\/p>\n<p>&nbsp;<\/p>\n<p>Fonte: Assessoria de Imprensa<\/p>\n","protected":false},"excerpt":{"rendered":"<p>A Prefeitura de Adamantina recebeu na manh\u00e3 de hoje (15) a visita das vereadoras Joice Fonseca e Suzana Kawano da cidade de Pacaembu. &nbsp; As duas vieram ao munic\u00edpio para conhecer o p\u00e1tio de compostagem, espa\u00e7o destinado a execu\u00e7\u00e3o dos Projetos de Efici\u00eancia Energ\u00e9tica em parceria com a Energisa e o Euroclima +. &nbsp; As [&hellip;]<\/p>\n","protected":false},"author":13,"featured_media":40714,"comment_status":"closed","ping_status":"open","sticky":false,"template":"","format":"standard","meta":{"_acf_changed":false,"_exactmetrics_skip_tracking":false,"_exactmetrics_sitenote_active":false,"_exactmetrics_sitenote_note":"","_exactmetrics_sitenote_category":0,"footnotes":""},"categories":[21],"tags":[],"class_list":["post-40705","post","type-post","status-publish","format-standard","has-post-thumbnail","hentry","category-adamantina"],"acf":[],"yoast_head":"<!-- This site is optimized with the Yoast SEO plugin v27.2 - https:\/\/yoast.com\/product\/yoast-seo-wordpress\/ -->\n<title>Vereadoras de Pacaembu vem a Adamantina para conhecer o p\u00e1tio de compostagem - R\u00e1dio Life FM<\/title>\n<meta name=\"robots\" content=\"index, follow, max-snippet:-1, max-image-preview:large, max-video-preview:-1\" \/>\n<link rel=\"canonical\" href=\"https:\/\/radiolifefm.com.br\/noticias\/vereadoras-de-pacaembu-vem-a-adamantina-para-conhecer-o-patio-de-compostagem\/\" \/>\n<meta property=\"og:locale\" content=\"pt_BR\" \/>\n<meta property=\"og:type\" content=\"article\" \/>\n<meta property=\"og:title\" content=\"Vereadoras de Pacaembu vem a Adamantina para conhecer o p\u00e1tio de compostagem - R\u00e1dio Life FM\" \/>\n<meta property=\"og:description\" content=\"A Prefeitura de Adamantina recebeu na manh\u00e3 de hoje (15) a visita das vereadoras Joice Fonseca e Suzana Kawano da cidade de Pacaembu. &nbsp; As duas vieram ao munic\u00edpio para conhecer o p\u00e1tio de compostagem, espa\u00e7o destinado a execu\u00e7\u00e3o dos Projetos de Efici\u00eancia Energ\u00e9tica em parceria com a Energisa e o Euroclima +. &nbsp; As [&hellip;]\" \/>\n<meta property=\"og:url\" content=\"https:\/\/radiolifefm.com.br\/noticias\/vereadoras-de-pacaembu-vem-a-adamantina-para-conhecer-o-patio-de-compostagem\/\" \/>\n<meta property=\"og:site_name\" content=\"R\u00e1dio Life FM\" \/>\n<meta property=\"article:publisher\" content=\"https:\/\/www.facebook.com\/radiolifefm\/\" \/>\n<meta property=\"article:published_time\" content=\"2021-07-15T18:29:49+00:00\" \/>\n<meta property=\"article:modified_time\" content=\"2026-04-11T04:56:26+00:00\" \/>\n<meta property=\"og:image\" content=\"https:\/\/radiolifefm.com.br\/noticias\/wp-content\/uploads\/2021\/07\/foto-2-1-1.jpeg\" \/>\n\t<meta property=\"og:image:width\" content=\"1024\" \/>\n\t<meta property=\"og:image:height\" content=\"768\" \/>\n\t<meta property=\"og:image:type\" content=\"image\/jpeg\" \/>\n<meta name=\"author\" content=\"ritanery\" \/>\n<meta name=\"twitter:card\" content=\"summary_large_image\" \/>\n<meta name=\"twitter:label1\" content=\"Escrito por\" \/>\n\t<meta name=\"twitter:data1\" content=\"ritanery\" \/>\n\t<meta name=\"twitter:label2\" content=\"Est. tempo de leitura\" \/>\n\t<meta name=\"twitter:data2\" content=\"2 minutos\" \/>\n<script type=\"application\/ld+json\" class=\"yoast-schema-graph\">{\"@context\":\"https:\/\/schema.org\",\"@graph\":[{\"@type\":\"Article\",\"@id\":\"https:\/\/radiolifefm.com.br\/noticias\/vereadoras-de-pacaembu-vem-a-adamantina-para-conhecer-o-patio-de-compostagem\/#article\",\"isPartOf\":{\"@id\":\"https:\/\/radiolifefm.com.br\/noticias\/vereadoras-de-pacaembu-vem-a-adamantina-para-conhecer-o-patio-de-compostagem\/\"},\"author\":{\"name\":\"ritanery\",\"@id\":\"https:\/\/radiolifefm.com.br\/noticias\/#\/schema\/person\/6339b9fac59d12b071dec680d7375d87\"},\"headline\":\"Vereadoras de Pacaembu vem a Adamantina para conhecer o p\u00e1tio de compostagem\",\"datePublished\":\"2021-07-15T18:29:49+00:00\",\"dateModified\":\"2026-04-11T04:56:26+00:00\",\"mainEntityOfPage\":{\"@id\":\"https:\/\/radiolifefm.com.br\/noticias\/vereadoras-de-pacaembu-vem-a-adamantina-para-conhecer-o-patio-de-compostagem\/\"},\"wordCount\":404,\"publisher\":{\"@id\":\"https:\/\/radiolifefm.com.br\/noticias\/#organization\"},\"image\":{\"@id\":\"https:\/\/radiolifefm.com.br\/noticias\/vereadoras-de-pacaembu-vem-a-adamantina-para-conhecer-o-patio-de-compostagem\/#primaryimage\"},\"thumbnailUrl\":\"https:\/\/radiolifefm.com.br\/noticias\/wp-content\/uploads\/2021\/07\/foto-2-1-1.jpeg\",\"articleSection\":[\"Adamantina\"],\"inLanguage\":\"pt-BR\"},{\"@type\":\"WebPage\",\"@id\":\"https:\/\/radiolifefm.com.br\/noticias\/vereadoras-de-pacaembu-vem-a-adamantina-para-conhecer-o-patio-de-compostagem\/\",\"url\":\"https:\/\/radiolifefm.com.br\/noticias\/vereadoras-de-pacaembu-vem-a-adamantina-para-conhecer-o-patio-de-compostagem\/\",\"name\":\"Vereadoras de Pacaembu vem a Adamantina para conhecer o p\u00e1tio de compostagem - R\u00e1dio Life FM\",\"isPartOf\":{\"@id\":\"https:\/\/radiolifefm.com.br\/noticias\/#website\"},\"primaryImageOfPage\":{\"@id\":\"https:\/\/radiolifefm.com.br\/noticias\/vereadoras-de-pacaembu-vem-a-adamantina-para-conhecer-o-patio-de-compostagem\/#primaryimage\"},\"image\":{\"@id\":\"https:\/\/radiolifefm.com.br\/noticias\/vereadoras-de-pacaembu-vem-a-adamantina-para-conhecer-o-patio-de-compostagem\/#primaryimage\"},\"thumbnailUrl\":\"https:\/\/radiolifefm.com.br\/noticias\/wp-content\/uploads\/2021\/07\/foto-2-1-1.jpeg\",\"datePublished\":\"2021-07-15T18:29:49+00:00\",\"dateModified\":\"2026-04-11T04:56:26+00:00\",\"breadcrumb\":{\"@id\":\"https:\/\/radiolifefm.com.br\/noticias\/vereadoras-de-pacaembu-vem-a-adamantina-para-conhecer-o-patio-de-compostagem\/#breadcrumb\"},\"inLanguage\":\"pt-BR\",\"potentialAction\":[{\"@type\":\"ReadAction\",\"target\":[\"https:\/\/radiolifefm.com.br\/noticias\/vereadoras-de-pacaembu-vem-a-adamantina-para-conhecer-o-patio-de-compostagem\/\"]}]},{\"@type\":\"ImageObject\",\"inLanguage\":\"pt-BR\",\"@id\":\"https:\/\/radiolifefm.com.br\/noticias\/vereadoras-de-pacaembu-vem-a-adamantina-para-conhecer-o-patio-de-compostagem\/#primaryimage\",\"url\":\"https:\/\/radiolifefm.com.br\/noticias\/wp-content\/uploads\/2021\/07\/foto-2-1-1.jpeg\",\"contentUrl\":\"https:\/\/radiolifefm.com.br\/noticias\/wp-content\/uploads\/2021\/07\/foto-2-1-1.jpeg\",\"width\":1024,\"height\":768},{\"@type\":\"BreadcrumbList\",\"@id\":\"https:\/\/radiolifefm.com.br\/noticias\/vereadoras-de-pacaembu-vem-a-adamantina-para-conhecer-o-patio-de-compostagem\/#breadcrumb\",\"itemListElement\":[{\"@type\":\"ListItem\",\"position\":1,\"name\":\"In\u00edcio\",\"item\":\"https:\/\/radiolifefm.com.br\/noticias\/\"},{\"@type\":\"ListItem\",\"position\":2,\"name\":\"Vereadoras de Pacaembu vem a Adamantina para conhecer o p\u00e1tio de compostagem\"}]},{\"@type\":\"WebSite\",\"@id\":\"https:\/\/radiolifefm.com.br\/noticias\/#website\",\"url\":\"https:\/\/radiolifefm.com.br\/noticias\/\",\"name\":\"R\u00e1dio Life FM\",\"description\":\"O Portal de Not\u00edcias de Adamantina\",\"publisher\":{\"@id\":\"https:\/\/radiolifefm.com.br\/noticias\/#organization\"},\"alternateName\":\"Life FM\",\"potentialAction\":[{\"@type\":\"SearchAction\",\"target\":{\"@type\":\"EntryPoint\",\"urlTemplate\":\"https:\/\/radiolifefm.com.br\/noticias\/?s={search_term_string}\"},\"query-input\":{\"@type\":\"PropertyValueSpecification\",\"valueRequired\":true,\"valueName\":\"search_term_string\"}}],\"inLanguage\":\"pt-BR\"},{\"@type\":\"Organization\",\"@id\":\"https:\/\/radiolifefm.com.br\/noticias\/#organization\",\"name\":\"R\u00e1dio Life FM\",\"alternateName\":\"Life FM\",\"url\":\"https:\/\/radiolifefm.com.br\/noticias\/\",\"logo\":{\"@type\":\"ImageObject\",\"inLanguage\":\"pt-BR\",\"@id\":\"https:\/\/radiolifefm.com.br\/noticias\/#\/schema\/logo\/image\/\",\"url\":\"https:\/\/static.radiolifefm.com.br\/noticias\/wp-content\/uploads\/2019\/10\/logo-lifefm.png\",\"contentUrl\":\"https:\/\/static.radiolifefm.com.br\/noticias\/wp-content\/uploads\/2019\/10\/logo-lifefm.png\",\"width\":196,\"height\":47,\"caption\":\"R\u00e1dio Life FM\"},\"image\":{\"@id\":\"https:\/\/radiolifefm.com.br\/noticias\/#\/schema\/logo\/image\/\"},\"sameAs\":[\"https:\/\/www.facebook.com\/radiolifefm\/\",\"https:\/\/www.instagram.com\/life1079fm\/\"]},{\"@type\":\"Person\",\"@id\":\"https:\/\/radiolifefm.com.br\/noticias\/#\/schema\/person\/6339b9fac59d12b071dec680d7375d87\",\"name\":\"ritanery\",\"image\":{\"@type\":\"ImageObject\",\"inLanguage\":\"pt-BR\",\"@id\":\"https:\/\/secure.gravatar.com\/avatar\/0e37bb19071f47c0b8a23f62a903df117c5a0e75f65a0c2901562f97cd41cf86?s=96&d=mm&r=g\",\"url\":\"https:\/\/secure.gravatar.com\/avatar\/0e37bb19071f47c0b8a23f62a903df117c5a0e75f65a0c2901562f97cd41cf86?s=96&d=mm&r=g\",\"contentUrl\":\"https:\/\/secure.gravatar.com\/avatar\/0e37bb19071f47c0b8a23f62a903df117c5a0e75f65a0c2901562f97cd41cf86?s=96&d=mm&r=g\",\"caption\":\"ritanery\"}}]}<\/script>\n<!-- \/ Yoast SEO plugin. -->","yoast_head_json":{"title":"Vereadoras de Pacaembu vem a Adamantina para conhecer o p\u00e1tio de compostagem - R\u00e1dio Life FM","robots":{"index":"index","follow":"follow","max-snippet":"max-snippet:-1","max-image-preview":"max-image-preview:large","max-video-preview":"max-video-preview:-1"},"canonical":"https:\/\/radiolifefm.com.br\/noticias\/vereadoras-de-pacaembu-vem-a-adamantina-para-conhecer-o-patio-de-compostagem\/","og_locale":"pt_BR","og_type":"article","og_title":"Vereadoras de Pacaembu vem a Adamantina para conhecer o p\u00e1tio de compostagem - R\u00e1dio Life FM","og_description":"A Prefeitura de Adamantina recebeu na manh\u00e3 de hoje (15) a visita das vereadoras Joice Fonseca e Suzana Kawano da cidade de Pacaembu. &nbsp; As duas vieram ao munic\u00edpio para conhecer o p\u00e1tio de compostagem, espa\u00e7o destinado a execu\u00e7\u00e3o dos Projetos de Efici\u00eancia Energ\u00e9tica em parceria com a Energisa e o Euroclima +. &nbsp; As [&hellip;]","og_url":"https:\/\/radiolifefm.com.br\/noticias\/vereadoras-de-pacaembu-vem-a-adamantina-para-conhecer-o-patio-de-compostagem\/","og_site_name":"R\u00e1dio Life FM","article_publisher":"https:\/\/www.facebook.com\/radiolifefm\/","article_published_time":"2021-07-15T18:29:49+00:00","article_modified_time":"2026-04-11T04:56:26+00:00","og_image":[{"width":1024,"height":768,"url":"https:\/\/radiolifefm.com.br\/noticias\/wp-content\/uploads\/2021\/07\/foto-2-1-1.jpeg","type":"image\/jpeg"}],"author":"ritanery","twitter_card":"summary_large_image","twitter_misc":{"Escrito por":"ritanery","Est. tempo de leitura":"2 minutos"},"schema":{"@context":"https:\/\/schema.org","@graph":[{"@type":"Article","@id":"https:\/\/radiolifefm.com.br\/noticias\/vereadoras-de-pacaembu-vem-a-adamantina-para-conhecer-o-patio-de-compostagem\/#article","isPartOf":{"@id":"https:\/\/radiolifefm.com.br\/noticias\/vereadoras-de-pacaembu-vem-a-adamantina-para-conhecer-o-patio-de-compostagem\/"},"author":{"name":"ritanery","@id":"https:\/\/radiolifefm.com.br\/noticias\/#\/schema\/person\/6339b9fac59d12b071dec680d7375d87"},"headline":"Vereadoras de Pacaembu vem a Adamantina para conhecer o p\u00e1tio de compostagem","datePublished":"2021-07-15T18:29:49+00:00","dateModified":"2026-04-11T04:56:26+00:00","mainEntityOfPage":{"@id":"https:\/\/radiolifefm.com.br\/noticias\/vereadoras-de-pacaembu-vem-a-adamantina-para-conhecer-o-patio-de-compostagem\/"},"wordCount":404,"publisher":{"@id":"https:\/\/radiolifefm.com.br\/noticias\/#organization"},"image":{"@id":"https:\/\/radiolifefm.com.br\/noticias\/vereadoras-de-pacaembu-vem-a-adamantina-para-conhecer-o-patio-de-compostagem\/#primaryimage"},"thumbnailUrl":"https:\/\/radiolifefm.com.br\/noticias\/wp-content\/uploads\/2021\/07\/foto-2-1-1.jpeg","articleSection":["Adamantina"],"inLanguage":"pt-BR"},{"@type":"WebPage","@id":"https:\/\/radiolifefm.com.br\/noticias\/vereadoras-de-pacaembu-vem-a-adamantina-para-conhecer-o-patio-de-compostagem\/","url":"https:\/\/radiolifefm.com.br\/noticias\/vereadoras-de-pacaembu-vem-a-adamantina-para-conhecer-o-patio-de-compostagem\/","name":"Vereadoras de Pacaembu vem a Adamantina para conhecer o p\u00e1tio de compostagem - R\u00e1dio Life FM","isPartOf":{"@id":"https:\/\/radiolifefm.com.br\/noticias\/#website"},"primaryImageOfPage":{"@id":"https:\/\/radiolifefm.com.br\/noticias\/vereadoras-de-pacaembu-vem-a-adamantina-para-conhecer-o-patio-de-compostagem\/#primaryimage"},"image":{"@id":"https:\/\/radiolifefm.com.br\/noticias\/vereadoras-de-pacaembu-vem-a-adamantina-para-conhecer-o-patio-de-compostagem\/#primaryimage"},"thumbnailUrl":"https:\/\/radiolifefm.com.br\/noticias\/wp-content\/uploads\/2021\/07\/foto-2-1-1.jpeg","datePublished":"2021-07-15T18:29:49+00:00","dateModified":"2026-04-11T04:56:26+00:00","breadcrumb":{"@id":"https:\/\/radiolifefm.com.br\/noticias\/vereadoras-de-pacaembu-vem-a-adamantina-para-conhecer-o-patio-de-compostagem\/#breadcrumb"},"inLanguage":"pt-BR","potentialAction":[{"@type":"ReadAction","target":["https:\/\/radiolifefm.com.br\/noticias\/vereadoras-de-pacaembu-vem-a-adamantina-para-conhecer-o-patio-de-compostagem\/"]}]},{"@type":"ImageObject","inLanguage":"pt-BR","@id":"https:\/\/radiolifefm.com.br\/noticias\/vereadoras-de-pacaembu-vem-a-adamantina-para-conhecer-o-patio-de-compostagem\/#primaryimage","url":"https:\/\/radiolifefm.com.br\/noticias\/wp-content\/uploads\/2021\/07\/foto-2-1-1.jpeg","contentUrl":"https:\/\/radiolifefm.com.br\/noticias\/wp-content\/uploads\/2021\/07\/foto-2-1-1.jpeg","width":1024,"height":768},{"@type":"BreadcrumbList","@id":"https:\/\/radiolifefm.com.br\/noticias\/vereadoras-de-pacaembu-vem-a-adamantina-para-conhecer-o-patio-de-compostagem\/#breadcrumb","itemListElement":[{"@type":"ListItem","position":1,"name":"In\u00edcio","item":"https:\/\/radiolifefm.com.br\/noticias\/"},{"@type":"ListItem","position":2,"name":"Vereadoras de Pacaembu vem a Adamantina para conhecer o p\u00e1tio de compostagem"}]},{"@type":"WebSite","@id":"https:\/\/radiolifefm.com.br\/noticias\/#website","url":"https:\/\/radiolifefm.com.br\/noticias\/","name":"R\u00e1dio Life FM","description":"O Portal de Not\u00edcias de Adamantina","publisher":{"@id":"https:\/\/radiolifefm.com.br\/noticias\/#organization"},"alternateName":"Life FM","potentialAction":[{"@type":"SearchAction","target":{"@type":"EntryPoint","urlTemplate":"https:\/\/radiolifefm.com.br\/noticias\/?s={search_term_string}"},"query-input":{"@type":"PropertyValueSpecification","valueRequired":true,"valueName":"search_term_string"}}],"inLanguage":"pt-BR"},{"@type":"Organization","@id":"https:\/\/radiolifefm.com.br\/noticias\/#organization","name":"R\u00e1dio Life FM","alternateName":"Life FM","url":"https:\/\/radiolifefm.com.br\/noticias\/","logo":{"@type":"ImageObject","inLanguage":"pt-BR","@id":"https:\/\/radiolifefm.com.br\/noticias\/#\/schema\/logo\/image\/","url":"https:\/\/static.radiolifefm.com.br\/noticias\/wp-content\/uploads\/2019\/10\/logo-lifefm.png","contentUrl":"https:\/\/static.radiolifefm.com.br\/noticias\/wp-content\/uploads\/2019\/10\/logo-lifefm.png","width":196,"height":47,"caption":"R\u00e1dio Life FM"},"image":{"@id":"https:\/\/radiolifefm.com.br\/noticias\/#\/schema\/logo\/image\/"},"sameAs":["https:\/\/www.facebook.com\/radiolifefm\/","https:\/\/www.instagram.com\/life1079fm\/"]},{"@type":"Person","@id":"https:\/\/radiolifefm.com.br\/noticias\/#\/schema\/person\/6339b9fac59d12b071dec680d7375d87","name":"ritanery","image":{"@type":"ImageObject","inLanguage":"pt-BR","@id":"https:\/\/secure.gravatar.com\/avatar\/0e37bb19071f47c0b8a23f62a903df117c5a0e75f65a0c2901562f97cd41cf86?s=96&d=mm&r=g","url":"https:\/\/secure.gravatar.com\/avatar\/0e37bb19071f47c0b8a23f62a903df117c5a0e75f65a0c2901562f97cd41cf86?s=96&d=mm&r=g","contentUrl":"https:\/\/secure.gravatar.com\/avatar\/0e37bb19071f47c0b8a23f62a903df117c5a0e75f65a0c2901562f97cd41cf86?s=96&d=mm&r=g","caption":"ritanery"}}]}},"amp_enabled":true,"_links":{"self":[{"href":"https:\/\/radiolifefm.com.br\/noticias\/wp-json\/wp\/v2\/posts\/40705","targetHints":{"allow":["GET"]}}],"collection":[{"href":"https:\/\/radiolifefm.com.br\/noticias\/wp-json\/wp\/v2\/posts"}],"about":[{"href":"https:\/\/radiolifefm.com.br\/noticias\/wp-json\/wp\/v2\/types\/post"}],"author":[{"embeddable":true,"href":"https:\/\/radiolifefm.com.br\/noticias\/wp-json\/wp\/v2\/users\/13"}],"replies":[{"embeddable":true,"href":"https:\/\/radiolifefm.com.br\/noticias\/wp-json\/wp\/v2\/comments?post=40705"}],"version-history":[{"count":1,"href":"https:\/\/radiolifefm.com.br\/noticias\/wp-json\/wp\/v2\/posts\/40705\/revisions"}],"predecessor-version":[{"id":40707,"href":"https:\/\/radiolifefm.com.br\/noticias\/wp-json\/wp\/v2\/posts\/40705\/revisions\/40707"}],"wp:featuredmedia":[{"embeddable":true,"href":"https:\/\/radiolifefm.com.br\/noticias\/wp-json\/wp\/v2\/media\/40714"}],"wp:attachment":[{"href":"https:\/\/radiolifefm.com.br\/noticias\/wp-json\/wp\/v2\/media?parent=40705"}],"wp:term":[{"taxonomy":"category","embeddable":true,"href":"https:\/\/radiolifefm.com.br\/noticias\/wp-json\/wp\/v2\/categories?post=40705"},{"taxonomy":"post_tag","embeddable":true,"href":"https:\/\/radiolifefm.com.br\/noticias\/wp-json\/wp\/v2\/tags?post=40705"}],"curies":[{"name":"wp","href":"https:\/\/api.w.org\/{rel}","templated":true}]}}