{"id":40685,"date":"2021-07-14T21:36:45","date_gmt":"2021-07-15T00:36:45","guid":{"rendered":"https:\/\/radiolifefm.com.br\/noticias\/?p=40685"},"modified":"2026-03-02T21:01:31","modified_gmt":"2026-03-03T00:01:31","slug":"dia-do-homem-e-na-via-maso","status":"publish","type":"post","link":"https:\/\/radiolifefm.com.br\/noticias\/dia-do-homem-e-na-via-maso\/","title":{"rendered":"Dia do homem \u00e9 na Via Maso"},"content":{"rendered":"<div id=\"fb-root\"><\/div>\n<p>Presentear \u00e9 um gesto de carinho, o dia do homem, nesta quinta (15) \u00e9 uma \u00f3tima oportunidade para transmitir afeto, admira\u00e7\u00e3o, reconhecimento pelo homem que faz parte da sua vida de uma forma especial.<\/p>\n<p>&nbsp;<\/p>\n<p>O dia da mulher \u00e9 comemorado antes, durante e depois da data, por\u00e9m o dia do homem \u00e9 esquecido, poucos sabem.<\/p>\n<p>&nbsp;<\/p>\n<p>O homem tem a responsabilidade de trazer o sustento para fam\u00edlia, amar a esposa, educar os filhos, muitos s\u00e3o os desafios enfrentados pelo homem para cumprir com a miss\u00e3o que lhes foi dada.<\/p>\n<p>&nbsp;<\/p>\n<p>Fa\u00e7a dessa data uma oportunidade de fazer as pazes, com abra\u00e7o, beijo e passa na loja ViA MASO, Francisco e equipe tem \u00f3timo atendimento e com muito bom gosto vai te auxiliar na escolha certa do presente s\u00e3o muitas op\u00e7\u00f5es, voc\u00ea vai surpreender.<\/p>\n<p>&nbsp;<\/p>\n<p>&#8220;D\u00ea os Parab\u00e9ns com um presente da VIA MASO para aquele que preenche os seus dias com alegria e amizade!&#8221;<\/p>\n<p>&nbsp;<\/p>\n<p>DIA DO HOMEM<\/p>\n<p>15\/07\/21<\/p>\n<p>* Cinto couro<\/p>\n<p>R$ 59,90<\/p>\n<p>&nbsp;<\/p>\n<p>* Carteira couro<\/p>\n<p>R$ 79,90<\/p>\n<p>&nbsp;<\/p>\n<p>* Gravata Fio 1200 JACQUARD<\/p>\n<p>R$ 39,90<\/p>\n<p>&nbsp;<\/p>\n<p>* Camisa Raphy<\/p>\n<p>R$ 159,90<\/p>\n<p>&nbsp;<\/p>\n<p>Confira essas e outras op\u00e7\u00f5es de presente para esse dia especial.<\/p>\n<p>VIA MASO<\/p>\n<p>&nbsp;<\/p>\n<p>Unidade Adamantina:<\/p>\n<p>\ud83d\udccdEnderec\u0327o: Av. Rio Branco, 611 &#8211; Centro &#8211; Adamantina SP<\/p>\n<p>\ud83d\udfe9Whatsapp: (18) 99819-5842<\/p>\n<p>&nbsp;<\/p>\n<p>Unidade Luc\u00e9lia:<\/p>\n<p>\ud83d\udccdEnderec\u0327o: Av. Internacional, 1877 &#8211; Centro &#8211; Luc\u00e9lia SP<\/p>\n<p>\ud83d\udfe9Whatsapp: (18) 92000-8082<\/p>\n<p>&nbsp;<\/p>\n<div class='flex flex-wrap items-center -mx-1'>\r\n<a class='thumbnail gallery p-1 w-1\/2 md:w-1\/4' href='https:\/\/radiolifefm.com.br\/noticias\/wp-content\/uploads\/2021\/07\/WhatsApp-Image-2021-07-14-at-19.31.19.jpeg'><img class='border border-white' src='https:\/\/radiolifefm.com.br\/noticias\/wp-content\/uploads\/2021\/07\/WhatsApp-Image-2021-07-14-at-19.31.19-200x200.jpeg' alt='WhatsApp Image 2021 07 14 At 19.31.19' \/><\/a><a class='thumbnail gallery p-1 w-1\/2 md:w-1\/4' href='https:\/\/radiolifefm.com.br\/noticias\/wp-content\/uploads\/2021\/07\/WhatsApp-Image-2021-07-14-at-19.31.20.jpeg'><img class='border border-white' src='https:\/\/radiolifefm.com.br\/noticias\/wp-content\/uploads\/2021\/07\/WhatsApp-Image-2021-07-14-at-19.31.20-200x200.jpeg' alt='WhatsApp Image 2021 07 14 At 19.31.20' \/><\/a><\/div>\n","protected":false},"excerpt":{"rendered":"<p>Presentear \u00e9 um gesto de carinho, o dia do homem, nesta quinta (15) \u00e9 uma \u00f3tima oportunidade para transmitir afeto, admira\u00e7\u00e3o, reconhecimento pelo homem que faz parte da sua vida de uma forma especial. &nbsp; O dia da mulher \u00e9 comemorado antes, durante e depois da data, por\u00e9m o dia do homem \u00e9 esquecido, poucos [&hellip;]<\/p>\n","protected":false},"author":13,"featured_media":40686,"comment_status":"closed","ping_status":"open","sticky":false,"template":"","format":"standard","meta":{"_acf_changed":false,"_exactmetrics_skip_tracking":false,"_exactmetrics_sitenote_active":false,"_exactmetrics_sitenote_note":"","_exactmetrics_sitenote_category":0,"footnotes":""},"categories":[21],"tags":[],"class_list":["post-40685","post","type-post","status-publish","format-standard","has-post-thumbnail","hentry","category-adamantina"],"acf":[],"yoast_head":"<!-- This site is optimized with the Yoast SEO plugin v27.2 - https:\/\/yoast.com\/product\/yoast-seo-wordpress\/ -->\n<title>Dia do homem \u00e9 na Via Maso - R\u00e1dio Life FM<\/title>\n<meta name=\"robots\" content=\"index, follow, max-snippet:-1, max-image-preview:large, max-video-preview:-1\" \/>\n<link rel=\"canonical\" href=\"https:\/\/radiolifefm.com.br\/noticias\/dia-do-homem-e-na-via-maso\/\" \/>\n<meta property=\"og:locale\" content=\"pt_BR\" \/>\n<meta property=\"og:type\" content=\"article\" \/>\n<meta property=\"og:title\" content=\"Dia do homem \u00e9 na Via Maso - R\u00e1dio Life FM\" \/>\n<meta property=\"og:description\" content=\"Presentear \u00e9 um gesto de carinho, o dia do homem, nesta quinta (15) \u00e9 uma \u00f3tima oportunidade para transmitir afeto, admira\u00e7\u00e3o, reconhecimento pelo homem que faz parte da sua vida de uma forma especial. &nbsp; O dia da mulher \u00e9 comemorado antes, durante e depois da data, por\u00e9m o dia do homem \u00e9 esquecido, poucos [&hellip;]\" \/>\n<meta property=\"og:url\" content=\"https:\/\/radiolifefm.com.br\/noticias\/dia-do-homem-e-na-via-maso\/\" \/>\n<meta property=\"og:site_name\" content=\"R\u00e1dio Life FM\" \/>\n<meta property=\"article:publisher\" content=\"https:\/\/www.facebook.com\/radiolifefm\/\" \/>\n<meta property=\"article:published_time\" content=\"2021-07-15T00:36:45+00:00\" \/>\n<meta property=\"article:modified_time\" content=\"2026-03-03T00:01:31+00:00\" \/>\n<meta property=\"og:image\" content=\"https:\/\/radiolifefm.com.br\/noticias\/wp-content\/uploads\/2021\/07\/211976713_4034903986605628_8485044763061331905_n.jpg\" \/>\n\t<meta property=\"og:image:width\" content=\"849\" \/>\n\t<meta property=\"og:image:height\" content=\"316\" \/>\n\t<meta property=\"og:image:type\" content=\"image\/jpeg\" \/>\n<meta name=\"author\" content=\"ritanery\" \/>\n<meta name=\"twitter:card\" content=\"summary_large_image\" \/>\n<meta name=\"twitter:label1\" content=\"Escrito por\" \/>\n\t<meta name=\"twitter:data1\" content=\"ritanery\" \/>\n\t<meta name=\"twitter:label2\" content=\"Est. tempo de leitura\" \/>\n\t<meta name=\"twitter:data2\" content=\"1 minuto\" \/>\n<script type=\"application\/ld+json\" class=\"yoast-schema-graph\">{\"@context\":\"https:\/\/schema.org\",\"@graph\":[{\"@type\":\"Article\",\"@id\":\"https:\/\/radiolifefm.com.br\/noticias\/dia-do-homem-e-na-via-maso\/#article\",\"isPartOf\":{\"@id\":\"https:\/\/radiolifefm.com.br\/noticias\/dia-do-homem-e-na-via-maso\/\"},\"author\":{\"name\":\"ritanery\",\"@id\":\"https:\/\/radiolifefm.com.br\/noticias\/#\/schema\/person\/6339b9fac59d12b071dec680d7375d87\"},\"headline\":\"Dia do homem \u00e9 na Via Maso\",\"datePublished\":\"2021-07-15T00:36:45+00:00\",\"dateModified\":\"2026-03-03T00:01:31+00:00\",\"mainEntityOfPage\":{\"@id\":\"https:\/\/radiolifefm.com.br\/noticias\/dia-do-homem-e-na-via-maso\/\"},\"wordCount\":238,\"publisher\":{\"@id\":\"https:\/\/radiolifefm.com.br\/noticias\/#organization\"},\"image\":{\"@id\":\"https:\/\/radiolifefm.com.br\/noticias\/dia-do-homem-e-na-via-maso\/#primaryimage\"},\"thumbnailUrl\":\"https:\/\/radiolifefm.com.br\/noticias\/wp-content\/uploads\/2021\/07\/211976713_4034903986605628_8485044763061331905_n.jpg\",\"articleSection\":[\"Adamantina\"],\"inLanguage\":\"pt-BR\"},{\"@type\":\"WebPage\",\"@id\":\"https:\/\/radiolifefm.com.br\/noticias\/dia-do-homem-e-na-via-maso\/\",\"url\":\"https:\/\/radiolifefm.com.br\/noticias\/dia-do-homem-e-na-via-maso\/\",\"name\":\"Dia do homem \u00e9 na Via Maso - R\u00e1dio Life FM\",\"isPartOf\":{\"@id\":\"https:\/\/radiolifefm.com.br\/noticias\/#website\"},\"primaryImageOfPage\":{\"@id\":\"https:\/\/radiolifefm.com.br\/noticias\/dia-do-homem-e-na-via-maso\/#primaryimage\"},\"image\":{\"@id\":\"https:\/\/radiolifefm.com.br\/noticias\/dia-do-homem-e-na-via-maso\/#primaryimage\"},\"thumbnailUrl\":\"https:\/\/radiolifefm.com.br\/noticias\/wp-content\/uploads\/2021\/07\/211976713_4034903986605628_8485044763061331905_n.jpg\",\"datePublished\":\"2021-07-15T00:36:45+00:00\",\"dateModified\":\"2026-03-03T00:01:31+00:00\",\"breadcrumb\":{\"@id\":\"https:\/\/radiolifefm.com.br\/noticias\/dia-do-homem-e-na-via-maso\/#breadcrumb\"},\"inLanguage\":\"pt-BR\",\"potentialAction\":[{\"@type\":\"ReadAction\",\"target\":[\"https:\/\/radiolifefm.com.br\/noticias\/dia-do-homem-e-na-via-maso\/\"]}]},{\"@type\":\"ImageObject\",\"inLanguage\":\"pt-BR\",\"@id\":\"https:\/\/radiolifefm.com.br\/noticias\/dia-do-homem-e-na-via-maso\/#primaryimage\",\"url\":\"https:\/\/radiolifefm.com.br\/noticias\/wp-content\/uploads\/2021\/07\/211976713_4034903986605628_8485044763061331905_n.jpg\",\"contentUrl\":\"https:\/\/radiolifefm.com.br\/noticias\/wp-content\/uploads\/2021\/07\/211976713_4034903986605628_8485044763061331905_n.jpg\",\"width\":849,\"height\":316},{\"@type\":\"BreadcrumbList\",\"@id\":\"https:\/\/radiolifefm.com.br\/noticias\/dia-do-homem-e-na-via-maso\/#breadcrumb\",\"itemListElement\":[{\"@type\":\"ListItem\",\"position\":1,\"name\":\"In\u00edcio\",\"item\":\"https:\/\/radiolifefm.com.br\/noticias\/\"},{\"@type\":\"ListItem\",\"position\":2,\"name\":\"Dia do homem \u00e9 na Via Maso\"}]},{\"@type\":\"WebSite\",\"@id\":\"https:\/\/radiolifefm.com.br\/noticias\/#website\",\"url\":\"https:\/\/radiolifefm.com.br\/noticias\/\",\"name\":\"R\u00e1dio Life FM\",\"description\":\"O Portal de Not\u00edcias de Adamantina\",\"publisher\":{\"@id\":\"https:\/\/radiolifefm.com.br\/noticias\/#organization\"},\"alternateName\":\"Life FM\",\"potentialAction\":[{\"@type\":\"SearchAction\",\"target\":{\"@type\":\"EntryPoint\",\"urlTemplate\":\"https:\/\/radiolifefm.com.br\/noticias\/?s={search_term_string}\"},\"query-input\":{\"@type\":\"PropertyValueSpecification\",\"valueRequired\":true,\"valueName\":\"search_term_string\"}}],\"inLanguage\":\"pt-BR\"},{\"@type\":\"Organization\",\"@id\":\"https:\/\/radiolifefm.com.br\/noticias\/#organization\",\"name\":\"R\u00e1dio Life FM\",\"alternateName\":\"Life FM\",\"url\":\"https:\/\/radiolifefm.com.br\/noticias\/\",\"logo\":{\"@type\":\"ImageObject\",\"inLanguage\":\"pt-BR\",\"@id\":\"https:\/\/radiolifefm.com.br\/noticias\/#\/schema\/logo\/image\/\",\"url\":\"https:\/\/static.radiolifefm.com.br\/noticias\/wp-content\/uploads\/2019\/10\/logo-lifefm.png\",\"contentUrl\":\"https:\/\/static.radiolifefm.com.br\/noticias\/wp-content\/uploads\/2019\/10\/logo-lifefm.png\",\"width\":196,\"height\":47,\"caption\":\"R\u00e1dio Life FM\"},\"image\":{\"@id\":\"https:\/\/radiolifefm.com.br\/noticias\/#\/schema\/logo\/image\/\"},\"sameAs\":[\"https:\/\/www.facebook.com\/radiolifefm\/\",\"https:\/\/www.instagram.com\/life1079fm\/\"]},{\"@type\":\"Person\",\"@id\":\"https:\/\/radiolifefm.com.br\/noticias\/#\/schema\/person\/6339b9fac59d12b071dec680d7375d87\",\"name\":\"ritanery\",\"image\":{\"@type\":\"ImageObject\",\"inLanguage\":\"pt-BR\",\"@id\":\"https:\/\/secure.gravatar.com\/avatar\/0e37bb19071f47c0b8a23f62a903df117c5a0e75f65a0c2901562f97cd41cf86?s=96&d=mm&r=g\",\"url\":\"https:\/\/secure.gravatar.com\/avatar\/0e37bb19071f47c0b8a23f62a903df117c5a0e75f65a0c2901562f97cd41cf86?s=96&d=mm&r=g\",\"contentUrl\":\"https:\/\/secure.gravatar.com\/avatar\/0e37bb19071f47c0b8a23f62a903df117c5a0e75f65a0c2901562f97cd41cf86?s=96&d=mm&r=g\",\"caption\":\"ritanery\"}}]}<\/script>\n<!-- \/ Yoast SEO plugin. -->","yoast_head_json":{"title":"Dia do homem \u00e9 na Via Maso - R\u00e1dio Life FM","robots":{"index":"index","follow":"follow","max-snippet":"max-snippet:-1","max-image-preview":"max-image-preview:large","max-video-preview":"max-video-preview:-1"},"canonical":"https:\/\/radiolifefm.com.br\/noticias\/dia-do-homem-e-na-via-maso\/","og_locale":"pt_BR","og_type":"article","og_title":"Dia do homem \u00e9 na Via Maso - R\u00e1dio Life FM","og_description":"Presentear \u00e9 um gesto de carinho, o dia do homem, nesta quinta (15) \u00e9 uma \u00f3tima oportunidade para transmitir afeto, admira\u00e7\u00e3o, reconhecimento pelo homem que faz parte da sua vida de uma forma especial. &nbsp; O dia da mulher \u00e9 comemorado antes, durante e depois da data, por\u00e9m o dia do homem \u00e9 esquecido, poucos [&hellip;]","og_url":"https:\/\/radiolifefm.com.br\/noticias\/dia-do-homem-e-na-via-maso\/","og_site_name":"R\u00e1dio Life FM","article_publisher":"https:\/\/www.facebook.com\/radiolifefm\/","article_published_time":"2021-07-15T00:36:45+00:00","article_modified_time":"2026-03-03T00:01:31+00:00","og_image":[{"width":849,"height":316,"url":"https:\/\/radiolifefm.com.br\/noticias\/wp-content\/uploads\/2021\/07\/211976713_4034903986605628_8485044763061331905_n.jpg","type":"image\/jpeg"}],"author":"ritanery","twitter_card":"summary_large_image","twitter_misc":{"Escrito por":"ritanery","Est. tempo de leitura":"1 minuto"},"schema":{"@context":"https:\/\/schema.org","@graph":[{"@type":"Article","@id":"https:\/\/radiolifefm.com.br\/noticias\/dia-do-homem-e-na-via-maso\/#article","isPartOf":{"@id":"https:\/\/radiolifefm.com.br\/noticias\/dia-do-homem-e-na-via-maso\/"},"author":{"name":"ritanery","@id":"https:\/\/radiolifefm.com.br\/noticias\/#\/schema\/person\/6339b9fac59d12b071dec680d7375d87"},"headline":"Dia do homem \u00e9 na Via Maso","datePublished":"2021-07-15T00:36:45+00:00","dateModified":"2026-03-03T00:01:31+00:00","mainEntityOfPage":{"@id":"https:\/\/radiolifefm.com.br\/noticias\/dia-do-homem-e-na-via-maso\/"},"wordCount":238,"publisher":{"@id":"https:\/\/radiolifefm.com.br\/noticias\/#organization"},"image":{"@id":"https:\/\/radiolifefm.com.br\/noticias\/dia-do-homem-e-na-via-maso\/#primaryimage"},"thumbnailUrl":"https:\/\/radiolifefm.com.br\/noticias\/wp-content\/uploads\/2021\/07\/211976713_4034903986605628_8485044763061331905_n.jpg","articleSection":["Adamantina"],"inLanguage":"pt-BR"},{"@type":"WebPage","@id":"https:\/\/radiolifefm.com.br\/noticias\/dia-do-homem-e-na-via-maso\/","url":"https:\/\/radiolifefm.com.br\/noticias\/dia-do-homem-e-na-via-maso\/","name":"Dia do homem \u00e9 na Via Maso - R\u00e1dio Life FM","isPartOf":{"@id":"https:\/\/radiolifefm.com.br\/noticias\/#website"},"primaryImageOfPage":{"@id":"https:\/\/radiolifefm.com.br\/noticias\/dia-do-homem-e-na-via-maso\/#primaryimage"},"image":{"@id":"https:\/\/radiolifefm.com.br\/noticias\/dia-do-homem-e-na-via-maso\/#primaryimage"},"thumbnailUrl":"https:\/\/radiolifefm.com.br\/noticias\/wp-content\/uploads\/2021\/07\/211976713_4034903986605628_8485044763061331905_n.jpg","datePublished":"2021-07-15T00:36:45+00:00","dateModified":"2026-03-03T00:01:31+00:00","breadcrumb":{"@id":"https:\/\/radiolifefm.com.br\/noticias\/dia-do-homem-e-na-via-maso\/#breadcrumb"},"inLanguage":"pt-BR","potentialAction":[{"@type":"ReadAction","target":["https:\/\/radiolifefm.com.br\/noticias\/dia-do-homem-e-na-via-maso\/"]}]},{"@type":"ImageObject","inLanguage":"pt-BR","@id":"https:\/\/radiolifefm.com.br\/noticias\/dia-do-homem-e-na-via-maso\/#primaryimage","url":"https:\/\/radiolifefm.com.br\/noticias\/wp-content\/uploads\/2021\/07\/211976713_4034903986605628_8485044763061331905_n.jpg","contentUrl":"https:\/\/radiolifefm.com.br\/noticias\/wp-content\/uploads\/2021\/07\/211976713_4034903986605628_8485044763061331905_n.jpg","width":849,"height":316},{"@type":"BreadcrumbList","@id":"https:\/\/radiolifefm.com.br\/noticias\/dia-do-homem-e-na-via-maso\/#breadcrumb","itemListElement":[{"@type":"ListItem","position":1,"name":"In\u00edcio","item":"https:\/\/radiolifefm.com.br\/noticias\/"},{"@type":"ListItem","position":2,"name":"Dia do homem \u00e9 na Via Maso"}]},{"@type":"WebSite","@id":"https:\/\/radiolifefm.com.br\/noticias\/#website","url":"https:\/\/radiolifefm.com.br\/noticias\/","name":"R\u00e1dio Life FM","description":"O Portal de Not\u00edcias de Adamantina","publisher":{"@id":"https:\/\/radiolifefm.com.br\/noticias\/#organization"},"alternateName":"Life FM","potentialAction":[{"@type":"SearchAction","target":{"@type":"EntryPoint","urlTemplate":"https:\/\/radiolifefm.com.br\/noticias\/?s={search_term_string}"},"query-input":{"@type":"PropertyValueSpecification","valueRequired":true,"valueName":"search_term_string"}}],"inLanguage":"pt-BR"},{"@type":"Organization","@id":"https:\/\/radiolifefm.com.br\/noticias\/#organization","name":"R\u00e1dio Life FM","alternateName":"Life FM","url":"https:\/\/radiolifefm.com.br\/noticias\/","logo":{"@type":"ImageObject","inLanguage":"pt-BR","@id":"https:\/\/radiolifefm.com.br\/noticias\/#\/schema\/logo\/image\/","url":"https:\/\/static.radiolifefm.com.br\/noticias\/wp-content\/uploads\/2019\/10\/logo-lifefm.png","contentUrl":"https:\/\/static.radiolifefm.com.br\/noticias\/wp-content\/uploads\/2019\/10\/logo-lifefm.png","width":196,"height":47,"caption":"R\u00e1dio Life FM"},"image":{"@id":"https:\/\/radiolifefm.com.br\/noticias\/#\/schema\/logo\/image\/"},"sameAs":["https:\/\/www.facebook.com\/radiolifefm\/","https:\/\/www.instagram.com\/life1079fm\/"]},{"@type":"Person","@id":"https:\/\/radiolifefm.com.br\/noticias\/#\/schema\/person\/6339b9fac59d12b071dec680d7375d87","name":"ritanery","image":{"@type":"ImageObject","inLanguage":"pt-BR","@id":"https:\/\/secure.gravatar.com\/avatar\/0e37bb19071f47c0b8a23f62a903df117c5a0e75f65a0c2901562f97cd41cf86?s=96&d=mm&r=g","url":"https:\/\/secure.gravatar.com\/avatar\/0e37bb19071f47c0b8a23f62a903df117c5a0e75f65a0c2901562f97cd41cf86?s=96&d=mm&r=g","contentUrl":"https:\/\/secure.gravatar.com\/avatar\/0e37bb19071f47c0b8a23f62a903df117c5a0e75f65a0c2901562f97cd41cf86?s=96&d=mm&r=g","caption":"ritanery"}}]}},"amp_enabled":true,"_links":{"self":[{"href":"https:\/\/radiolifefm.com.br\/noticias\/wp-json\/wp\/v2\/posts\/40685","targetHints":{"allow":["GET"]}}],"collection":[{"href":"https:\/\/radiolifefm.com.br\/noticias\/wp-json\/wp\/v2\/posts"}],"about":[{"href":"https:\/\/radiolifefm.com.br\/noticias\/wp-json\/wp\/v2\/types\/post"}],"author":[{"embeddable":true,"href":"https:\/\/radiolifefm.com.br\/noticias\/wp-json\/wp\/v2\/users\/13"}],"replies":[{"embeddable":true,"href":"https:\/\/radiolifefm.com.br\/noticias\/wp-json\/wp\/v2\/comments?post=40685"}],"version-history":[{"count":2,"href":"https:\/\/radiolifefm.com.br\/noticias\/wp-json\/wp\/v2\/posts\/40685\/revisions"}],"predecessor-version":[{"id":40690,"href":"https:\/\/radiolifefm.com.br\/noticias\/wp-json\/wp\/v2\/posts\/40685\/revisions\/40690"}],"wp:featuredmedia":[{"embeddable":true,"href":"https:\/\/radiolifefm.com.br\/noticias\/wp-json\/wp\/v2\/media\/40686"}],"wp:attachment":[{"href":"https:\/\/radiolifefm.com.br\/noticias\/wp-json\/wp\/v2\/media?parent=40685"}],"wp:term":[{"taxonomy":"category","embeddable":true,"href":"https:\/\/radiolifefm.com.br\/noticias\/wp-json\/wp\/v2\/categories?post=40685"},{"taxonomy":"post_tag","embeddable":true,"href":"https:\/\/radiolifefm.com.br\/noticias\/wp-json\/wp\/v2\/tags?post=40685"}],"curies":[{"name":"wp","href":"https:\/\/api.w.org\/{rel}","templated":true}]}}