{"id":40666,"date":"2021-07-14T09:16:58","date_gmt":"2021-07-14T12:16:58","guid":{"rendered":"https:\/\/radiolifefm.com.br\/noticias\/?p=40666"},"modified":"2026-04-03T21:31:13","modified_gmt":"2026-04-04T00:31:13","slug":"emendas-ao-ppa-e-ldo-visam-projecao-financeira-para-criacao-da-bolsa-medico-adamantinense","status":"publish","type":"post","link":"https:\/\/radiolifefm.com.br\/noticias\/emendas-ao-ppa-e-ldo-visam-projecao-financeira-para-criacao-da-bolsa-medico-adamantinense\/","title":{"rendered":"Emendas ao PPA e LDO visam proje\u00e7\u00e3o financeira para cria\u00e7\u00e3o da \u2018Bolsa M\u00e9dico Adamantinense\u2019"},"content":{"rendered":"<div id=\"fb-root\"><\/div>\n<p>Os vereadores aprovaram, na sess\u00e3o realizada segunda-feira passada na C\u00e2mara Municipal, emendas ao PA (Plano Plurianual) 2022\/ 2025 e \u00e0 LOMA (Lei de Diretrizes Or\u00e7ament\u00e1rias) 2022 que visam a viabiliza\u00e7\u00e3o da cria\u00e7\u00e3o da \u2018Bolsa M\u00e9dico Adamantinense\u2019 na UNIFAI (Centro Universit\u00e1rio de Adamantina).<\/p>\n<p>&nbsp;<\/p>\n<p>A proposta prev\u00ea que a partir de 2022 a Institui\u00e7\u00e3o passe a oferecer uma vaga gratuita por ano no curso de Medicina.<\/p>\n<p>&nbsp;<\/p>\n<p>Alcio Ikeda J\u00fanior (PODE) explicou que para a concess\u00e3o do benef\u00edcio seriam utilizados os crit\u00e9rios socioecon\u00f4micos somados a uma avalia\u00e7\u00e3o, no estilo de uma prova ou vestibular, para a sele\u00e7\u00e3o.<\/p>\n<p>&nbsp;<\/p>\n<p>A iniciativa foi baseada no projeto j\u00e1 desenvolvido em Franca\/SP, onde h\u00e1 um Centro Universit\u00e1rio igual ao de Adamantina (Autarquia Municipal) e tem tamb\u00e9m o curso de Medicina.<\/p>\n<p>&nbsp;<\/p>\n<p>A proje\u00e7\u00e3o apresentada pelos vereadores \u00e9 que a bolsa totalize um custo em 2022 de R$ 99 mil, j\u00e1 em 2023 com 2 bolsas passe para R$ 206 mil, em 2024 seriam 3 bolsas e iria para R$ 319 mil e at\u00e9 chegar em 2024 com 4 bolsas ao valor m\u00e1ximo de R$ 441 mil.<\/p>\n<p>&nbsp;<\/p>\n<p>Apesar das emendas ao PPA e \u00e0 LDO terem sido aprovadas, para que o benef\u00edcio seja legalizar precisa ainda ser elaborado projeto de lei espec\u00edfico pelo Poder Executivo e passe por posterior aprova\u00e7\u00e3o do Legislativo.<\/p>\n<p>Fonte: Adamantina Net<\/p>\n<p>&nbsp;<\/p>\n","protected":false},"excerpt":{"rendered":"<p>Os vereadores aprovaram, na sess\u00e3o realizada segunda-feira passada na C\u00e2mara Municipal, emendas ao PA (Plano Plurianual) 2022\/ 2025 e \u00e0 LOMA (Lei de Diretrizes Or\u00e7ament\u00e1rias) 2022 que visam a viabiliza\u00e7\u00e3o da cria\u00e7\u00e3o da \u2018Bolsa M\u00e9dico Adamantinense\u2019 na UNIFAI (Centro Universit\u00e1rio de Adamantina). &nbsp; A proposta prev\u00ea que a partir de 2022 a Institui\u00e7\u00e3o passe a [&hellip;]<\/p>\n","protected":false},"author":13,"featured_media":40667,"comment_status":"closed","ping_status":"open","sticky":false,"template":"","format":"standard","meta":{"_acf_changed":false,"_exactmetrics_skip_tracking":false,"_exactmetrics_sitenote_active":false,"_exactmetrics_sitenote_note":"","_exactmetrics_sitenote_category":0,"footnotes":""},"categories":[21],"tags":[],"class_list":["post-40666","post","type-post","status-publish","format-standard","has-post-thumbnail","hentry","category-adamantina"],"acf":[],"yoast_head":"<!-- This site is optimized with the Yoast SEO plugin v27.2 - https:\/\/yoast.com\/product\/yoast-seo-wordpress\/ -->\n<title>Emendas ao PPA e LDO visam proje\u00e7\u00e3o financeira para cria\u00e7\u00e3o da \u2018Bolsa M\u00e9dico Adamantinense\u2019 - R\u00e1dio Life FM<\/title>\n<meta name=\"robots\" content=\"index, follow, max-snippet:-1, max-image-preview:large, max-video-preview:-1\" \/>\n<link rel=\"canonical\" href=\"https:\/\/radiolifefm.com.br\/noticias\/emendas-ao-ppa-e-ldo-visam-projecao-financeira-para-criacao-da-bolsa-medico-adamantinense\/\" \/>\n<meta property=\"og:locale\" content=\"pt_BR\" \/>\n<meta property=\"og:type\" content=\"article\" \/>\n<meta property=\"og:title\" content=\"Emendas ao PPA e LDO visam proje\u00e7\u00e3o financeira para cria\u00e7\u00e3o da \u2018Bolsa M\u00e9dico Adamantinense\u2019 - R\u00e1dio Life FM\" \/>\n<meta property=\"og:description\" content=\"Os vereadores aprovaram, na sess\u00e3o realizada segunda-feira passada na C\u00e2mara Municipal, emendas ao PA (Plano Plurianual) 2022\/ 2025 e \u00e0 LOMA (Lei de Diretrizes Or\u00e7ament\u00e1rias) 2022 que visam a viabiliza\u00e7\u00e3o da cria\u00e7\u00e3o da \u2018Bolsa M\u00e9dico Adamantinense\u2019 na UNIFAI (Centro Universit\u00e1rio de Adamantina). &nbsp; A proposta prev\u00ea que a partir de 2022 a Institui\u00e7\u00e3o passe a [&hellip;]\" \/>\n<meta property=\"og:url\" content=\"https:\/\/radiolifefm.com.br\/noticias\/emendas-ao-ppa-e-ldo-visam-projecao-financeira-para-criacao-da-bolsa-medico-adamantinense\/\" \/>\n<meta property=\"og:site_name\" content=\"R\u00e1dio Life FM\" \/>\n<meta property=\"article:publisher\" content=\"https:\/\/www.facebook.com\/radiolifefm\/\" \/>\n<meta property=\"article:published_time\" content=\"2021-07-14T12:16:58+00:00\" \/>\n<meta property=\"article:modified_time\" content=\"2026-04-04T00:31:13+00:00\" \/>\n<meta property=\"og:image\" content=\"https:\/\/radiolifefm.com.br\/noticias\/wp-content\/uploads\/2021\/07\/F53.jpg\" \/>\n\t<meta property=\"og:image:width\" content=\"1017\" \/>\n\t<meta property=\"og:image:height\" content=\"700\" \/>\n\t<meta property=\"og:image:type\" content=\"image\/jpeg\" \/>\n<meta name=\"author\" content=\"ritanery\" \/>\n<meta name=\"twitter:card\" content=\"summary_large_image\" \/>\n<meta name=\"twitter:label1\" content=\"Escrito por\" \/>\n\t<meta name=\"twitter:data1\" content=\"ritanery\" \/>\n\t<meta name=\"twitter:label2\" content=\"Est. tempo de leitura\" \/>\n\t<meta name=\"twitter:data2\" content=\"1 minuto\" \/>\n<script type=\"application\/ld+json\" class=\"yoast-schema-graph\">{\"@context\":\"https:\/\/schema.org\",\"@graph\":[{\"@type\":\"Article\",\"@id\":\"https:\/\/radiolifefm.com.br\/noticias\/emendas-ao-ppa-e-ldo-visam-projecao-financeira-para-criacao-da-bolsa-medico-adamantinense\/#article\",\"isPartOf\":{\"@id\":\"https:\/\/radiolifefm.com.br\/noticias\/emendas-ao-ppa-e-ldo-visam-projecao-financeira-para-criacao-da-bolsa-medico-adamantinense\/\"},\"author\":{\"name\":\"ritanery\",\"@id\":\"https:\/\/radiolifefm.com.br\/noticias\/#\/schema\/person\/6339b9fac59d12b071dec680d7375d87\"},\"headline\":\"Emendas ao PPA e LDO visam proje\u00e7\u00e3o financeira para cria\u00e7\u00e3o da \u2018Bolsa M\u00e9dico Adamantinense\u2019\",\"datePublished\":\"2021-07-14T12:16:58+00:00\",\"dateModified\":\"2026-04-04T00:31:13+00:00\",\"mainEntityOfPage\":{\"@id\":\"https:\/\/radiolifefm.com.br\/noticias\/emendas-ao-ppa-e-ldo-visam-projecao-financeira-para-criacao-da-bolsa-medico-adamantinense\/\"},\"wordCount\":244,\"publisher\":{\"@id\":\"https:\/\/radiolifefm.com.br\/noticias\/#organization\"},\"image\":{\"@id\":\"https:\/\/radiolifefm.com.br\/noticias\/emendas-ao-ppa-e-ldo-visam-projecao-financeira-para-criacao-da-bolsa-medico-adamantinense\/#primaryimage\"},\"thumbnailUrl\":\"https:\/\/radiolifefm.com.br\/noticias\/wp-content\/uploads\/2021\/07\/F53.jpg\",\"articleSection\":[\"Adamantina\"],\"inLanguage\":\"pt-BR\"},{\"@type\":\"WebPage\",\"@id\":\"https:\/\/radiolifefm.com.br\/noticias\/emendas-ao-ppa-e-ldo-visam-projecao-financeira-para-criacao-da-bolsa-medico-adamantinense\/\",\"url\":\"https:\/\/radiolifefm.com.br\/noticias\/emendas-ao-ppa-e-ldo-visam-projecao-financeira-para-criacao-da-bolsa-medico-adamantinense\/\",\"name\":\"Emendas ao PPA e LDO visam proje\u00e7\u00e3o financeira para cria\u00e7\u00e3o da \u2018Bolsa M\u00e9dico Adamantinense\u2019 - R\u00e1dio Life FM\",\"isPartOf\":{\"@id\":\"https:\/\/radiolifefm.com.br\/noticias\/#website\"},\"primaryImageOfPage\":{\"@id\":\"https:\/\/radiolifefm.com.br\/noticias\/emendas-ao-ppa-e-ldo-visam-projecao-financeira-para-criacao-da-bolsa-medico-adamantinense\/#primaryimage\"},\"image\":{\"@id\":\"https:\/\/radiolifefm.com.br\/noticias\/emendas-ao-ppa-e-ldo-visam-projecao-financeira-para-criacao-da-bolsa-medico-adamantinense\/#primaryimage\"},\"thumbnailUrl\":\"https:\/\/radiolifefm.com.br\/noticias\/wp-content\/uploads\/2021\/07\/F53.jpg\",\"datePublished\":\"2021-07-14T12:16:58+00:00\",\"dateModified\":\"2026-04-04T00:31:13+00:00\",\"breadcrumb\":{\"@id\":\"https:\/\/radiolifefm.com.br\/noticias\/emendas-ao-ppa-e-ldo-visam-projecao-financeira-para-criacao-da-bolsa-medico-adamantinense\/#breadcrumb\"},\"inLanguage\":\"pt-BR\",\"potentialAction\":[{\"@type\":\"ReadAction\",\"target\":[\"https:\/\/radiolifefm.com.br\/noticias\/emendas-ao-ppa-e-ldo-visam-projecao-financeira-para-criacao-da-bolsa-medico-adamantinense\/\"]}]},{\"@type\":\"ImageObject\",\"inLanguage\":\"pt-BR\",\"@id\":\"https:\/\/radiolifefm.com.br\/noticias\/emendas-ao-ppa-e-ldo-visam-projecao-financeira-para-criacao-da-bolsa-medico-adamantinense\/#primaryimage\",\"url\":\"https:\/\/radiolifefm.com.br\/noticias\/wp-content\/uploads\/2021\/07\/F53.jpg\",\"contentUrl\":\"https:\/\/radiolifefm.com.br\/noticias\/wp-content\/uploads\/2021\/07\/F53.jpg\",\"width\":1017,\"height\":700},{\"@type\":\"BreadcrumbList\",\"@id\":\"https:\/\/radiolifefm.com.br\/noticias\/emendas-ao-ppa-e-ldo-visam-projecao-financeira-para-criacao-da-bolsa-medico-adamantinense\/#breadcrumb\",\"itemListElement\":[{\"@type\":\"ListItem\",\"position\":1,\"name\":\"In\u00edcio\",\"item\":\"https:\/\/radiolifefm.com.br\/noticias\/\"},{\"@type\":\"ListItem\",\"position\":2,\"name\":\"Emendas ao PPA e LDO visam proje\u00e7\u00e3o financeira para cria\u00e7\u00e3o da \u2018Bolsa M\u00e9dico Adamantinense\u2019\"}]},{\"@type\":\"WebSite\",\"@id\":\"https:\/\/radiolifefm.com.br\/noticias\/#website\",\"url\":\"https:\/\/radiolifefm.com.br\/noticias\/\",\"name\":\"R\u00e1dio Life FM\",\"description\":\"O Portal de Not\u00edcias de Adamantina\",\"publisher\":{\"@id\":\"https:\/\/radiolifefm.com.br\/noticias\/#organization\"},\"alternateName\":\"Life FM\",\"potentialAction\":[{\"@type\":\"SearchAction\",\"target\":{\"@type\":\"EntryPoint\",\"urlTemplate\":\"https:\/\/radiolifefm.com.br\/noticias\/?s={search_term_string}\"},\"query-input\":{\"@type\":\"PropertyValueSpecification\",\"valueRequired\":true,\"valueName\":\"search_term_string\"}}],\"inLanguage\":\"pt-BR\"},{\"@type\":\"Organization\",\"@id\":\"https:\/\/radiolifefm.com.br\/noticias\/#organization\",\"name\":\"R\u00e1dio Life FM\",\"alternateName\":\"Life FM\",\"url\":\"https:\/\/radiolifefm.com.br\/noticias\/\",\"logo\":{\"@type\":\"ImageObject\",\"inLanguage\":\"pt-BR\",\"@id\":\"https:\/\/radiolifefm.com.br\/noticias\/#\/schema\/logo\/image\/\",\"url\":\"https:\/\/static.radiolifefm.com.br\/noticias\/wp-content\/uploads\/2019\/10\/logo-lifefm.png\",\"contentUrl\":\"https:\/\/static.radiolifefm.com.br\/noticias\/wp-content\/uploads\/2019\/10\/logo-lifefm.png\",\"width\":196,\"height\":47,\"caption\":\"R\u00e1dio Life FM\"},\"image\":{\"@id\":\"https:\/\/radiolifefm.com.br\/noticias\/#\/schema\/logo\/image\/\"},\"sameAs\":[\"https:\/\/www.facebook.com\/radiolifefm\/\",\"https:\/\/www.instagram.com\/life1079fm\/\"]},{\"@type\":\"Person\",\"@id\":\"https:\/\/radiolifefm.com.br\/noticias\/#\/schema\/person\/6339b9fac59d12b071dec680d7375d87\",\"name\":\"ritanery\",\"image\":{\"@type\":\"ImageObject\",\"inLanguage\":\"pt-BR\",\"@id\":\"https:\/\/secure.gravatar.com\/avatar\/0e37bb19071f47c0b8a23f62a903df117c5a0e75f65a0c2901562f97cd41cf86?s=96&d=mm&r=g\",\"url\":\"https:\/\/secure.gravatar.com\/avatar\/0e37bb19071f47c0b8a23f62a903df117c5a0e75f65a0c2901562f97cd41cf86?s=96&d=mm&r=g\",\"contentUrl\":\"https:\/\/secure.gravatar.com\/avatar\/0e37bb19071f47c0b8a23f62a903df117c5a0e75f65a0c2901562f97cd41cf86?s=96&d=mm&r=g\",\"caption\":\"ritanery\"}}]}<\/script>\n<!-- \/ Yoast SEO plugin. -->","yoast_head_json":{"title":"Emendas ao PPA e LDO visam proje\u00e7\u00e3o financeira para cria\u00e7\u00e3o da \u2018Bolsa M\u00e9dico Adamantinense\u2019 - R\u00e1dio Life FM","robots":{"index":"index","follow":"follow","max-snippet":"max-snippet:-1","max-image-preview":"max-image-preview:large","max-video-preview":"max-video-preview:-1"},"canonical":"https:\/\/radiolifefm.com.br\/noticias\/emendas-ao-ppa-e-ldo-visam-projecao-financeira-para-criacao-da-bolsa-medico-adamantinense\/","og_locale":"pt_BR","og_type":"article","og_title":"Emendas ao PPA e LDO visam proje\u00e7\u00e3o financeira para cria\u00e7\u00e3o da \u2018Bolsa M\u00e9dico Adamantinense\u2019 - R\u00e1dio Life FM","og_description":"Os vereadores aprovaram, na sess\u00e3o realizada segunda-feira passada na C\u00e2mara Municipal, emendas ao PA (Plano Plurianual) 2022\/ 2025 e \u00e0 LOMA (Lei de Diretrizes Or\u00e7ament\u00e1rias) 2022 que visam a viabiliza\u00e7\u00e3o da cria\u00e7\u00e3o da \u2018Bolsa M\u00e9dico Adamantinense\u2019 na UNIFAI (Centro Universit\u00e1rio de Adamantina). &nbsp; A proposta prev\u00ea que a partir de 2022 a Institui\u00e7\u00e3o passe a [&hellip;]","og_url":"https:\/\/radiolifefm.com.br\/noticias\/emendas-ao-ppa-e-ldo-visam-projecao-financeira-para-criacao-da-bolsa-medico-adamantinense\/","og_site_name":"R\u00e1dio Life FM","article_publisher":"https:\/\/www.facebook.com\/radiolifefm\/","article_published_time":"2021-07-14T12:16:58+00:00","article_modified_time":"2026-04-04T00:31:13+00:00","og_image":[{"width":1017,"height":700,"url":"https:\/\/radiolifefm.com.br\/noticias\/wp-content\/uploads\/2021\/07\/F53.jpg","type":"image\/jpeg"}],"author":"ritanery","twitter_card":"summary_large_image","twitter_misc":{"Escrito por":"ritanery","Est. tempo de leitura":"1 minuto"},"schema":{"@context":"https:\/\/schema.org","@graph":[{"@type":"Article","@id":"https:\/\/radiolifefm.com.br\/noticias\/emendas-ao-ppa-e-ldo-visam-projecao-financeira-para-criacao-da-bolsa-medico-adamantinense\/#article","isPartOf":{"@id":"https:\/\/radiolifefm.com.br\/noticias\/emendas-ao-ppa-e-ldo-visam-projecao-financeira-para-criacao-da-bolsa-medico-adamantinense\/"},"author":{"name":"ritanery","@id":"https:\/\/radiolifefm.com.br\/noticias\/#\/schema\/person\/6339b9fac59d12b071dec680d7375d87"},"headline":"Emendas ao PPA e LDO visam proje\u00e7\u00e3o financeira para cria\u00e7\u00e3o da \u2018Bolsa M\u00e9dico Adamantinense\u2019","datePublished":"2021-07-14T12:16:58+00:00","dateModified":"2026-04-04T00:31:13+00:00","mainEntityOfPage":{"@id":"https:\/\/radiolifefm.com.br\/noticias\/emendas-ao-ppa-e-ldo-visam-projecao-financeira-para-criacao-da-bolsa-medico-adamantinense\/"},"wordCount":244,"publisher":{"@id":"https:\/\/radiolifefm.com.br\/noticias\/#organization"},"image":{"@id":"https:\/\/radiolifefm.com.br\/noticias\/emendas-ao-ppa-e-ldo-visam-projecao-financeira-para-criacao-da-bolsa-medico-adamantinense\/#primaryimage"},"thumbnailUrl":"https:\/\/radiolifefm.com.br\/noticias\/wp-content\/uploads\/2021\/07\/F53.jpg","articleSection":["Adamantina"],"inLanguage":"pt-BR"},{"@type":"WebPage","@id":"https:\/\/radiolifefm.com.br\/noticias\/emendas-ao-ppa-e-ldo-visam-projecao-financeira-para-criacao-da-bolsa-medico-adamantinense\/","url":"https:\/\/radiolifefm.com.br\/noticias\/emendas-ao-ppa-e-ldo-visam-projecao-financeira-para-criacao-da-bolsa-medico-adamantinense\/","name":"Emendas ao PPA e LDO visam proje\u00e7\u00e3o financeira para cria\u00e7\u00e3o da \u2018Bolsa M\u00e9dico Adamantinense\u2019 - R\u00e1dio Life FM","isPartOf":{"@id":"https:\/\/radiolifefm.com.br\/noticias\/#website"},"primaryImageOfPage":{"@id":"https:\/\/radiolifefm.com.br\/noticias\/emendas-ao-ppa-e-ldo-visam-projecao-financeira-para-criacao-da-bolsa-medico-adamantinense\/#primaryimage"},"image":{"@id":"https:\/\/radiolifefm.com.br\/noticias\/emendas-ao-ppa-e-ldo-visam-projecao-financeira-para-criacao-da-bolsa-medico-adamantinense\/#primaryimage"},"thumbnailUrl":"https:\/\/radiolifefm.com.br\/noticias\/wp-content\/uploads\/2021\/07\/F53.jpg","datePublished":"2021-07-14T12:16:58+00:00","dateModified":"2026-04-04T00:31:13+00:00","breadcrumb":{"@id":"https:\/\/radiolifefm.com.br\/noticias\/emendas-ao-ppa-e-ldo-visam-projecao-financeira-para-criacao-da-bolsa-medico-adamantinense\/#breadcrumb"},"inLanguage":"pt-BR","potentialAction":[{"@type":"ReadAction","target":["https:\/\/radiolifefm.com.br\/noticias\/emendas-ao-ppa-e-ldo-visam-projecao-financeira-para-criacao-da-bolsa-medico-adamantinense\/"]}]},{"@type":"ImageObject","inLanguage":"pt-BR","@id":"https:\/\/radiolifefm.com.br\/noticias\/emendas-ao-ppa-e-ldo-visam-projecao-financeira-para-criacao-da-bolsa-medico-adamantinense\/#primaryimage","url":"https:\/\/radiolifefm.com.br\/noticias\/wp-content\/uploads\/2021\/07\/F53.jpg","contentUrl":"https:\/\/radiolifefm.com.br\/noticias\/wp-content\/uploads\/2021\/07\/F53.jpg","width":1017,"height":700},{"@type":"BreadcrumbList","@id":"https:\/\/radiolifefm.com.br\/noticias\/emendas-ao-ppa-e-ldo-visam-projecao-financeira-para-criacao-da-bolsa-medico-adamantinense\/#breadcrumb","itemListElement":[{"@type":"ListItem","position":1,"name":"In\u00edcio","item":"https:\/\/radiolifefm.com.br\/noticias\/"},{"@type":"ListItem","position":2,"name":"Emendas ao PPA e LDO visam proje\u00e7\u00e3o financeira para cria\u00e7\u00e3o da \u2018Bolsa M\u00e9dico Adamantinense\u2019"}]},{"@type":"WebSite","@id":"https:\/\/radiolifefm.com.br\/noticias\/#website","url":"https:\/\/radiolifefm.com.br\/noticias\/","name":"R\u00e1dio Life FM","description":"O Portal de Not\u00edcias de Adamantina","publisher":{"@id":"https:\/\/radiolifefm.com.br\/noticias\/#organization"},"alternateName":"Life FM","potentialAction":[{"@type":"SearchAction","target":{"@type":"EntryPoint","urlTemplate":"https:\/\/radiolifefm.com.br\/noticias\/?s={search_term_string}"},"query-input":{"@type":"PropertyValueSpecification","valueRequired":true,"valueName":"search_term_string"}}],"inLanguage":"pt-BR"},{"@type":"Organization","@id":"https:\/\/radiolifefm.com.br\/noticias\/#organization","name":"R\u00e1dio Life FM","alternateName":"Life FM","url":"https:\/\/radiolifefm.com.br\/noticias\/","logo":{"@type":"ImageObject","inLanguage":"pt-BR","@id":"https:\/\/radiolifefm.com.br\/noticias\/#\/schema\/logo\/image\/","url":"https:\/\/static.radiolifefm.com.br\/noticias\/wp-content\/uploads\/2019\/10\/logo-lifefm.png","contentUrl":"https:\/\/static.radiolifefm.com.br\/noticias\/wp-content\/uploads\/2019\/10\/logo-lifefm.png","width":196,"height":47,"caption":"R\u00e1dio Life FM"},"image":{"@id":"https:\/\/radiolifefm.com.br\/noticias\/#\/schema\/logo\/image\/"},"sameAs":["https:\/\/www.facebook.com\/radiolifefm\/","https:\/\/www.instagram.com\/life1079fm\/"]},{"@type":"Person","@id":"https:\/\/radiolifefm.com.br\/noticias\/#\/schema\/person\/6339b9fac59d12b071dec680d7375d87","name":"ritanery","image":{"@type":"ImageObject","inLanguage":"pt-BR","@id":"https:\/\/secure.gravatar.com\/avatar\/0e37bb19071f47c0b8a23f62a903df117c5a0e75f65a0c2901562f97cd41cf86?s=96&d=mm&r=g","url":"https:\/\/secure.gravatar.com\/avatar\/0e37bb19071f47c0b8a23f62a903df117c5a0e75f65a0c2901562f97cd41cf86?s=96&d=mm&r=g","contentUrl":"https:\/\/secure.gravatar.com\/avatar\/0e37bb19071f47c0b8a23f62a903df117c5a0e75f65a0c2901562f97cd41cf86?s=96&d=mm&r=g","caption":"ritanery"}}]}},"amp_enabled":true,"_links":{"self":[{"href":"https:\/\/radiolifefm.com.br\/noticias\/wp-json\/wp\/v2\/posts\/40666","targetHints":{"allow":["GET"]}}],"collection":[{"href":"https:\/\/radiolifefm.com.br\/noticias\/wp-json\/wp\/v2\/posts"}],"about":[{"href":"https:\/\/radiolifefm.com.br\/noticias\/wp-json\/wp\/v2\/types\/post"}],"author":[{"embeddable":true,"href":"https:\/\/radiolifefm.com.br\/noticias\/wp-json\/wp\/v2\/users\/13"}],"replies":[{"embeddable":true,"href":"https:\/\/radiolifefm.com.br\/noticias\/wp-json\/wp\/v2\/comments?post=40666"}],"version-history":[{"count":1,"href":"https:\/\/radiolifefm.com.br\/noticias\/wp-json\/wp\/v2\/posts\/40666\/revisions"}],"predecessor-version":[{"id":40668,"href":"https:\/\/radiolifefm.com.br\/noticias\/wp-json\/wp\/v2\/posts\/40666\/revisions\/40668"}],"wp:featuredmedia":[{"embeddable":true,"href":"https:\/\/radiolifefm.com.br\/noticias\/wp-json\/wp\/v2\/media\/40667"}],"wp:attachment":[{"href":"https:\/\/radiolifefm.com.br\/noticias\/wp-json\/wp\/v2\/media?parent=40666"}],"wp:term":[{"taxonomy":"category","embeddable":true,"href":"https:\/\/radiolifefm.com.br\/noticias\/wp-json\/wp\/v2\/categories?post=40666"},{"taxonomy":"post_tag","embeddable":true,"href":"https:\/\/radiolifefm.com.br\/noticias\/wp-json\/wp\/v2\/tags?post=40666"}],"curies":[{"name":"wp","href":"https:\/\/api.w.org\/{rel}","templated":true}]}}