{"id":40551,"date":"2021-07-10T09:29:03","date_gmt":"2021-07-10T12:29:03","guid":{"rendered":"https:\/\/radiolifefm.com.br\/noticias\/?p=40551"},"modified":"2026-04-03T22:11:15","modified_gmt":"2026-04-04T01:11:15","slug":"mulher-tira-a-propria-vida-em-estrada-rural-de-adamantina","status":"publish","type":"post","link":"https:\/\/radiolifefm.com.br\/noticias\/mulher-tira-a-propria-vida-em-estrada-rural-de-adamantina\/","title":{"rendered":"Mulher tira a pr\u00f3pria vida em estrada rural de Adamantina"},"content":{"rendered":"<div id=\"fb-root\"><\/div>\n<p>Uma mulher de 55 anos que ainda n\u00e3o teve a identidade revelada tirou a pr\u00f3pria vida na tarde desta sexta-feira (9) em Adamantina.<\/p>\n<p>&nbsp;<\/p>\n<p>A ocorr\u00eancia foi registrada na \u201cEstrada 14\u201d, na zona rural de Adamantina.<\/p>\n<p>&nbsp;<\/p>\n<p>Segundo as primeiras informa\u00e7\u00f5es obtidas pelo jornalismo do\u00a0<em><strong>Adamantina Net<\/strong><\/em>, a Pol\u00edcia Militar foi acionada e ao chegar ao local dos fatos, deparou-se com a v\u00edtima pendurada em uma \u00e1rvore com uma corda envolta ao pesco\u00e7o.<\/p>\n<p>&nbsp;<\/p>\n<p>Os militares conseguiram retirar a v\u00edtima e tentaram reanima-la, por\u00e9m, sem sucesso naquele local.<\/p>\n<p>&nbsp;<\/p>\n<p>O resgate do Corpo de Bombeiros foi acionado e conduziu a v\u00edtima para o Pronto Socorro, por\u00e9m, o \u00f3bito foi constatado ao dar entrada na unidade de sa\u00fade.<\/p>\n<p>&nbsp;<\/p>\n<p>Atuam nesta ocorr\u00eancia as pol\u00edcias Militar, Civil e Per\u00edcia Cient\u00edfica.<\/p>\n<p>&nbsp;<\/p>\n<p>Um inqu\u00e9rito dever\u00e1 ser aberto para apurar o que teria levado a mulher a tirar a pr\u00f3pria vida.<\/p>\n<p>Fonte: Adamantina Net<\/p>\n","protected":false},"excerpt":{"rendered":"<p>Uma mulher de 55 anos que ainda n\u00e3o teve a identidade revelada tirou a pr\u00f3pria vida na tarde desta sexta-feira (9) em Adamantina. &nbsp; A ocorr\u00eancia foi registrada na \u201cEstrada 14\u201d, na zona rural de Adamantina. &nbsp; Segundo as primeiras informa\u00e7\u00f5es obtidas pelo jornalismo do\u00a0Adamantina Net, a Pol\u00edcia Militar foi acionada e ao chegar ao [&hellip;]<\/p>\n","protected":false},"author":13,"featured_media":40552,"comment_status":"closed","ping_status":"open","sticky":false,"template":"","format":"standard","meta":{"_acf_changed":false,"_exactmetrics_skip_tracking":false,"_exactmetrics_sitenote_active":false,"_exactmetrics_sitenote_note":"","_exactmetrics_sitenote_category":0,"footnotes":""},"categories":[21],"tags":[],"class_list":["post-40551","post","type-post","status-publish","format-standard","has-post-thumbnail","hentry","category-adamantina"],"acf":[],"yoast_head":"<!-- This site is optimized with the Yoast SEO plugin v27.2 - https:\/\/yoast.com\/product\/yoast-seo-wordpress\/ -->\n<title>Mulher tira a pr\u00f3pria vida em estrada rural de Adamantina - R\u00e1dio Life FM<\/title>\n<meta name=\"robots\" content=\"index, follow, max-snippet:-1, max-image-preview:large, max-video-preview:-1\" \/>\n<link rel=\"canonical\" href=\"https:\/\/radiolifefm.com.br\/noticias\/mulher-tira-a-propria-vida-em-estrada-rural-de-adamantina\/\" \/>\n<meta property=\"og:locale\" content=\"pt_BR\" \/>\n<meta property=\"og:type\" content=\"article\" \/>\n<meta property=\"og:title\" content=\"Mulher tira a pr\u00f3pria vida em estrada rural de Adamantina - R\u00e1dio Life FM\" \/>\n<meta property=\"og:description\" content=\"Uma mulher de 55 anos que ainda n\u00e3o teve a identidade revelada tirou a pr\u00f3pria vida na tarde desta sexta-feira (9) em Adamantina. &nbsp; A ocorr\u00eancia foi registrada na \u201cEstrada 14\u201d, na zona rural de Adamantina. &nbsp; Segundo as primeiras informa\u00e7\u00f5es obtidas pelo jornalismo do\u00a0Adamantina Net, a Pol\u00edcia Militar foi acionada e ao chegar ao [&hellip;]\" \/>\n<meta property=\"og:url\" content=\"https:\/\/radiolifefm.com.br\/noticias\/mulher-tira-a-propria-vida-em-estrada-rural-de-adamantina\/\" \/>\n<meta property=\"og:site_name\" content=\"R\u00e1dio Life FM\" \/>\n<meta property=\"article:publisher\" content=\"https:\/\/www.facebook.com\/radiolifefm\/\" \/>\n<meta property=\"article:published_time\" content=\"2021-07-10T12:29:03+00:00\" \/>\n<meta property=\"article:modified_time\" content=\"2026-04-04T01:11:15+00:00\" \/>\n<meta property=\"og:image\" content=\"https:\/\/radiolifefm.com.br\/noticias\/wp-content\/uploads\/2021\/07\/resgate-santacasaadamantina.jpg\" \/>\n\t<meta property=\"og:image:width\" content=\"549\" \/>\n\t<meta property=\"og:image:height\" content=\"500\" \/>\n\t<meta property=\"og:image:type\" content=\"image\/jpeg\" \/>\n<meta name=\"author\" content=\"ritanery\" \/>\n<meta name=\"twitter:card\" content=\"summary_large_image\" \/>\n<meta name=\"twitter:label1\" content=\"Escrito por\" \/>\n\t<meta name=\"twitter:data1\" content=\"ritanery\" \/>\n\t<meta name=\"twitter:label2\" content=\"Est. tempo de leitura\" \/>\n\t<meta name=\"twitter:data2\" content=\"1 minuto\" \/>\n<script type=\"application\/ld+json\" class=\"yoast-schema-graph\">{\"@context\":\"https:\/\/schema.org\",\"@graph\":[{\"@type\":\"Article\",\"@id\":\"https:\/\/radiolifefm.com.br\/noticias\/mulher-tira-a-propria-vida-em-estrada-rural-de-adamantina\/#article\",\"isPartOf\":{\"@id\":\"https:\/\/radiolifefm.com.br\/noticias\/mulher-tira-a-propria-vida-em-estrada-rural-de-adamantina\/\"},\"author\":{\"name\":\"ritanery\",\"@id\":\"https:\/\/radiolifefm.com.br\/noticias\/#\/schema\/person\/6339b9fac59d12b071dec680d7375d87\"},\"headline\":\"Mulher tira a pr\u00f3pria vida em estrada rural de Adamantina\",\"datePublished\":\"2021-07-10T12:29:03+00:00\",\"dateModified\":\"2026-04-04T01:11:15+00:00\",\"mainEntityOfPage\":{\"@id\":\"https:\/\/radiolifefm.com.br\/noticias\/mulher-tira-a-propria-vida-em-estrada-rural-de-adamantina\/\"},\"wordCount\":176,\"publisher\":{\"@id\":\"https:\/\/radiolifefm.com.br\/noticias\/#organization\"},\"image\":{\"@id\":\"https:\/\/radiolifefm.com.br\/noticias\/mulher-tira-a-propria-vida-em-estrada-rural-de-adamantina\/#primaryimage\"},\"thumbnailUrl\":\"https:\/\/radiolifefm.com.br\/noticias\/wp-content\/uploads\/2021\/07\/resgate-santacasaadamantina.jpg\",\"articleSection\":[\"Adamantina\"],\"inLanguage\":\"pt-BR\"},{\"@type\":\"WebPage\",\"@id\":\"https:\/\/radiolifefm.com.br\/noticias\/mulher-tira-a-propria-vida-em-estrada-rural-de-adamantina\/\",\"url\":\"https:\/\/radiolifefm.com.br\/noticias\/mulher-tira-a-propria-vida-em-estrada-rural-de-adamantina\/\",\"name\":\"Mulher tira a pr\u00f3pria vida em estrada rural de Adamantina - R\u00e1dio Life FM\",\"isPartOf\":{\"@id\":\"https:\/\/radiolifefm.com.br\/noticias\/#website\"},\"primaryImageOfPage\":{\"@id\":\"https:\/\/radiolifefm.com.br\/noticias\/mulher-tira-a-propria-vida-em-estrada-rural-de-adamantina\/#primaryimage\"},\"image\":{\"@id\":\"https:\/\/radiolifefm.com.br\/noticias\/mulher-tira-a-propria-vida-em-estrada-rural-de-adamantina\/#primaryimage\"},\"thumbnailUrl\":\"https:\/\/radiolifefm.com.br\/noticias\/wp-content\/uploads\/2021\/07\/resgate-santacasaadamantina.jpg\",\"datePublished\":\"2021-07-10T12:29:03+00:00\",\"dateModified\":\"2026-04-04T01:11:15+00:00\",\"breadcrumb\":{\"@id\":\"https:\/\/radiolifefm.com.br\/noticias\/mulher-tira-a-propria-vida-em-estrada-rural-de-adamantina\/#breadcrumb\"},\"inLanguage\":\"pt-BR\",\"potentialAction\":[{\"@type\":\"ReadAction\",\"target\":[\"https:\/\/radiolifefm.com.br\/noticias\/mulher-tira-a-propria-vida-em-estrada-rural-de-adamantina\/\"]}]},{\"@type\":\"ImageObject\",\"inLanguage\":\"pt-BR\",\"@id\":\"https:\/\/radiolifefm.com.br\/noticias\/mulher-tira-a-propria-vida-em-estrada-rural-de-adamantina\/#primaryimage\",\"url\":\"https:\/\/radiolifefm.com.br\/noticias\/wp-content\/uploads\/2021\/07\/resgate-santacasaadamantina.jpg\",\"contentUrl\":\"https:\/\/radiolifefm.com.br\/noticias\/wp-content\/uploads\/2021\/07\/resgate-santacasaadamantina.jpg\",\"width\":549,\"height\":500},{\"@type\":\"BreadcrumbList\",\"@id\":\"https:\/\/radiolifefm.com.br\/noticias\/mulher-tira-a-propria-vida-em-estrada-rural-de-adamantina\/#breadcrumb\",\"itemListElement\":[{\"@type\":\"ListItem\",\"position\":1,\"name\":\"In\u00edcio\",\"item\":\"https:\/\/radiolifefm.com.br\/noticias\/\"},{\"@type\":\"ListItem\",\"position\":2,\"name\":\"Mulher tira a pr\u00f3pria vida em estrada rural de Adamantina\"}]},{\"@type\":\"WebSite\",\"@id\":\"https:\/\/radiolifefm.com.br\/noticias\/#website\",\"url\":\"https:\/\/radiolifefm.com.br\/noticias\/\",\"name\":\"R\u00e1dio Life FM\",\"description\":\"O Portal de Not\u00edcias de Adamantina\",\"publisher\":{\"@id\":\"https:\/\/radiolifefm.com.br\/noticias\/#organization\"},\"alternateName\":\"Life FM\",\"potentialAction\":[{\"@type\":\"SearchAction\",\"target\":{\"@type\":\"EntryPoint\",\"urlTemplate\":\"https:\/\/radiolifefm.com.br\/noticias\/?s={search_term_string}\"},\"query-input\":{\"@type\":\"PropertyValueSpecification\",\"valueRequired\":true,\"valueName\":\"search_term_string\"}}],\"inLanguage\":\"pt-BR\"},{\"@type\":\"Organization\",\"@id\":\"https:\/\/radiolifefm.com.br\/noticias\/#organization\",\"name\":\"R\u00e1dio Life FM\",\"alternateName\":\"Life FM\",\"url\":\"https:\/\/radiolifefm.com.br\/noticias\/\",\"logo\":{\"@type\":\"ImageObject\",\"inLanguage\":\"pt-BR\",\"@id\":\"https:\/\/radiolifefm.com.br\/noticias\/#\/schema\/logo\/image\/\",\"url\":\"https:\/\/static.radiolifefm.com.br\/noticias\/wp-content\/uploads\/2019\/10\/logo-lifefm.png\",\"contentUrl\":\"https:\/\/static.radiolifefm.com.br\/noticias\/wp-content\/uploads\/2019\/10\/logo-lifefm.png\",\"width\":196,\"height\":47,\"caption\":\"R\u00e1dio Life FM\"},\"image\":{\"@id\":\"https:\/\/radiolifefm.com.br\/noticias\/#\/schema\/logo\/image\/\"},\"sameAs\":[\"https:\/\/www.facebook.com\/radiolifefm\/\",\"https:\/\/www.instagram.com\/life1079fm\/\"]},{\"@type\":\"Person\",\"@id\":\"https:\/\/radiolifefm.com.br\/noticias\/#\/schema\/person\/6339b9fac59d12b071dec680d7375d87\",\"name\":\"ritanery\",\"image\":{\"@type\":\"ImageObject\",\"inLanguage\":\"pt-BR\",\"@id\":\"https:\/\/secure.gravatar.com\/avatar\/0e37bb19071f47c0b8a23f62a903df117c5a0e75f65a0c2901562f97cd41cf86?s=96&d=mm&r=g\",\"url\":\"https:\/\/secure.gravatar.com\/avatar\/0e37bb19071f47c0b8a23f62a903df117c5a0e75f65a0c2901562f97cd41cf86?s=96&d=mm&r=g\",\"contentUrl\":\"https:\/\/secure.gravatar.com\/avatar\/0e37bb19071f47c0b8a23f62a903df117c5a0e75f65a0c2901562f97cd41cf86?s=96&d=mm&r=g\",\"caption\":\"ritanery\"}}]}<\/script>\n<!-- \/ Yoast SEO plugin. -->","yoast_head_json":{"title":"Mulher tira a pr\u00f3pria vida em estrada rural de Adamantina - R\u00e1dio Life FM","robots":{"index":"index","follow":"follow","max-snippet":"max-snippet:-1","max-image-preview":"max-image-preview:large","max-video-preview":"max-video-preview:-1"},"canonical":"https:\/\/radiolifefm.com.br\/noticias\/mulher-tira-a-propria-vida-em-estrada-rural-de-adamantina\/","og_locale":"pt_BR","og_type":"article","og_title":"Mulher tira a pr\u00f3pria vida em estrada rural de Adamantina - R\u00e1dio Life FM","og_description":"Uma mulher de 55 anos que ainda n\u00e3o teve a identidade revelada tirou a pr\u00f3pria vida na tarde desta sexta-feira (9) em Adamantina. &nbsp; A ocorr\u00eancia foi registrada na \u201cEstrada 14\u201d, na zona rural de Adamantina. &nbsp; Segundo as primeiras informa\u00e7\u00f5es obtidas pelo jornalismo do\u00a0Adamantina Net, a Pol\u00edcia Militar foi acionada e ao chegar ao [&hellip;]","og_url":"https:\/\/radiolifefm.com.br\/noticias\/mulher-tira-a-propria-vida-em-estrada-rural-de-adamantina\/","og_site_name":"R\u00e1dio Life FM","article_publisher":"https:\/\/www.facebook.com\/radiolifefm\/","article_published_time":"2021-07-10T12:29:03+00:00","article_modified_time":"2026-04-04T01:11:15+00:00","og_image":[{"width":549,"height":500,"url":"https:\/\/radiolifefm.com.br\/noticias\/wp-content\/uploads\/2021\/07\/resgate-santacasaadamantina.jpg","type":"image\/jpeg"}],"author":"ritanery","twitter_card":"summary_large_image","twitter_misc":{"Escrito por":"ritanery","Est. tempo de leitura":"1 minuto"},"schema":{"@context":"https:\/\/schema.org","@graph":[{"@type":"Article","@id":"https:\/\/radiolifefm.com.br\/noticias\/mulher-tira-a-propria-vida-em-estrada-rural-de-adamantina\/#article","isPartOf":{"@id":"https:\/\/radiolifefm.com.br\/noticias\/mulher-tira-a-propria-vida-em-estrada-rural-de-adamantina\/"},"author":{"name":"ritanery","@id":"https:\/\/radiolifefm.com.br\/noticias\/#\/schema\/person\/6339b9fac59d12b071dec680d7375d87"},"headline":"Mulher tira a pr\u00f3pria vida em estrada rural de Adamantina","datePublished":"2021-07-10T12:29:03+00:00","dateModified":"2026-04-04T01:11:15+00:00","mainEntityOfPage":{"@id":"https:\/\/radiolifefm.com.br\/noticias\/mulher-tira-a-propria-vida-em-estrada-rural-de-adamantina\/"},"wordCount":176,"publisher":{"@id":"https:\/\/radiolifefm.com.br\/noticias\/#organization"},"image":{"@id":"https:\/\/radiolifefm.com.br\/noticias\/mulher-tira-a-propria-vida-em-estrada-rural-de-adamantina\/#primaryimage"},"thumbnailUrl":"https:\/\/radiolifefm.com.br\/noticias\/wp-content\/uploads\/2021\/07\/resgate-santacasaadamantina.jpg","articleSection":["Adamantina"],"inLanguage":"pt-BR"},{"@type":"WebPage","@id":"https:\/\/radiolifefm.com.br\/noticias\/mulher-tira-a-propria-vida-em-estrada-rural-de-adamantina\/","url":"https:\/\/radiolifefm.com.br\/noticias\/mulher-tira-a-propria-vida-em-estrada-rural-de-adamantina\/","name":"Mulher tira a pr\u00f3pria vida em estrada rural de Adamantina - R\u00e1dio Life FM","isPartOf":{"@id":"https:\/\/radiolifefm.com.br\/noticias\/#website"},"primaryImageOfPage":{"@id":"https:\/\/radiolifefm.com.br\/noticias\/mulher-tira-a-propria-vida-em-estrada-rural-de-adamantina\/#primaryimage"},"image":{"@id":"https:\/\/radiolifefm.com.br\/noticias\/mulher-tira-a-propria-vida-em-estrada-rural-de-adamantina\/#primaryimage"},"thumbnailUrl":"https:\/\/radiolifefm.com.br\/noticias\/wp-content\/uploads\/2021\/07\/resgate-santacasaadamantina.jpg","datePublished":"2021-07-10T12:29:03+00:00","dateModified":"2026-04-04T01:11:15+00:00","breadcrumb":{"@id":"https:\/\/radiolifefm.com.br\/noticias\/mulher-tira-a-propria-vida-em-estrada-rural-de-adamantina\/#breadcrumb"},"inLanguage":"pt-BR","potentialAction":[{"@type":"ReadAction","target":["https:\/\/radiolifefm.com.br\/noticias\/mulher-tira-a-propria-vida-em-estrada-rural-de-adamantina\/"]}]},{"@type":"ImageObject","inLanguage":"pt-BR","@id":"https:\/\/radiolifefm.com.br\/noticias\/mulher-tira-a-propria-vida-em-estrada-rural-de-adamantina\/#primaryimage","url":"https:\/\/radiolifefm.com.br\/noticias\/wp-content\/uploads\/2021\/07\/resgate-santacasaadamantina.jpg","contentUrl":"https:\/\/radiolifefm.com.br\/noticias\/wp-content\/uploads\/2021\/07\/resgate-santacasaadamantina.jpg","width":549,"height":500},{"@type":"BreadcrumbList","@id":"https:\/\/radiolifefm.com.br\/noticias\/mulher-tira-a-propria-vida-em-estrada-rural-de-adamantina\/#breadcrumb","itemListElement":[{"@type":"ListItem","position":1,"name":"In\u00edcio","item":"https:\/\/radiolifefm.com.br\/noticias\/"},{"@type":"ListItem","position":2,"name":"Mulher tira a pr\u00f3pria vida em estrada rural de Adamantina"}]},{"@type":"WebSite","@id":"https:\/\/radiolifefm.com.br\/noticias\/#website","url":"https:\/\/radiolifefm.com.br\/noticias\/","name":"R\u00e1dio Life FM","description":"O Portal de Not\u00edcias de Adamantina","publisher":{"@id":"https:\/\/radiolifefm.com.br\/noticias\/#organization"},"alternateName":"Life FM","potentialAction":[{"@type":"SearchAction","target":{"@type":"EntryPoint","urlTemplate":"https:\/\/radiolifefm.com.br\/noticias\/?s={search_term_string}"},"query-input":{"@type":"PropertyValueSpecification","valueRequired":true,"valueName":"search_term_string"}}],"inLanguage":"pt-BR"},{"@type":"Organization","@id":"https:\/\/radiolifefm.com.br\/noticias\/#organization","name":"R\u00e1dio Life FM","alternateName":"Life FM","url":"https:\/\/radiolifefm.com.br\/noticias\/","logo":{"@type":"ImageObject","inLanguage":"pt-BR","@id":"https:\/\/radiolifefm.com.br\/noticias\/#\/schema\/logo\/image\/","url":"https:\/\/static.radiolifefm.com.br\/noticias\/wp-content\/uploads\/2019\/10\/logo-lifefm.png","contentUrl":"https:\/\/static.radiolifefm.com.br\/noticias\/wp-content\/uploads\/2019\/10\/logo-lifefm.png","width":196,"height":47,"caption":"R\u00e1dio Life FM"},"image":{"@id":"https:\/\/radiolifefm.com.br\/noticias\/#\/schema\/logo\/image\/"},"sameAs":["https:\/\/www.facebook.com\/radiolifefm\/","https:\/\/www.instagram.com\/life1079fm\/"]},{"@type":"Person","@id":"https:\/\/radiolifefm.com.br\/noticias\/#\/schema\/person\/6339b9fac59d12b071dec680d7375d87","name":"ritanery","image":{"@type":"ImageObject","inLanguage":"pt-BR","@id":"https:\/\/secure.gravatar.com\/avatar\/0e37bb19071f47c0b8a23f62a903df117c5a0e75f65a0c2901562f97cd41cf86?s=96&d=mm&r=g","url":"https:\/\/secure.gravatar.com\/avatar\/0e37bb19071f47c0b8a23f62a903df117c5a0e75f65a0c2901562f97cd41cf86?s=96&d=mm&r=g","contentUrl":"https:\/\/secure.gravatar.com\/avatar\/0e37bb19071f47c0b8a23f62a903df117c5a0e75f65a0c2901562f97cd41cf86?s=96&d=mm&r=g","caption":"ritanery"}}]}},"amp_enabled":true,"_links":{"self":[{"href":"https:\/\/radiolifefm.com.br\/noticias\/wp-json\/wp\/v2\/posts\/40551","targetHints":{"allow":["GET"]}}],"collection":[{"href":"https:\/\/radiolifefm.com.br\/noticias\/wp-json\/wp\/v2\/posts"}],"about":[{"href":"https:\/\/radiolifefm.com.br\/noticias\/wp-json\/wp\/v2\/types\/post"}],"author":[{"embeddable":true,"href":"https:\/\/radiolifefm.com.br\/noticias\/wp-json\/wp\/v2\/users\/13"}],"replies":[{"embeddable":true,"href":"https:\/\/radiolifefm.com.br\/noticias\/wp-json\/wp\/v2\/comments?post=40551"}],"version-history":[{"count":1,"href":"https:\/\/radiolifefm.com.br\/noticias\/wp-json\/wp\/v2\/posts\/40551\/revisions"}],"predecessor-version":[{"id":40553,"href":"https:\/\/radiolifefm.com.br\/noticias\/wp-json\/wp\/v2\/posts\/40551\/revisions\/40553"}],"wp:featuredmedia":[{"embeddable":true,"href":"https:\/\/radiolifefm.com.br\/noticias\/wp-json\/wp\/v2\/media\/40552"}],"wp:attachment":[{"href":"https:\/\/radiolifefm.com.br\/noticias\/wp-json\/wp\/v2\/media?parent=40551"}],"wp:term":[{"taxonomy":"category","embeddable":true,"href":"https:\/\/radiolifefm.com.br\/noticias\/wp-json\/wp\/v2\/categories?post=40551"},{"taxonomy":"post_tag","embeddable":true,"href":"https:\/\/radiolifefm.com.br\/noticias\/wp-json\/wp\/v2\/tags?post=40551"}],"curies":[{"name":"wp","href":"https:\/\/api.w.org\/{rel}","templated":true}]}}