{"id":40524,"date":"2021-07-08T21:54:26","date_gmt":"2021-07-09T00:54:26","guid":{"rendered":"https:\/\/radiolifefm.com.br\/noticias\/?p=40524"},"modified":"2026-04-09T07:33:42","modified_gmt":"2026-04-09T10:33:42","slug":"programa-de-eficiencia-energetica-doa-mais-de-700-toneladas-de-adubo-em-2021adamantina","status":"publish","type":"post","link":"https:\/\/radiolifefm.com.br\/noticias\/programa-de-eficiencia-energetica-doa-mais-de-700-toneladas-de-adubo-em-2021adamantina\/","title":{"rendered":"Programa de Efici\u00eancia Energ\u00e9tica doa mais de 700 toneladas de adubo em 2021"},"content":{"rendered":"<div id=\"fb-root\"><\/div>\n<p>Segue em execu\u00e7\u00e3o o Programa de Efici\u00eancia\u00a0Energ\u00e9tica (PEE) que consiste no aproveitamento dos res\u00edduos de poda de \u00e1rvores e os res\u00edduos org\u00e2nicos das cozinhas para serem transformados em adubo e destinados \u00e0 popula\u00e7\u00e3o por meio do programa Agricultura Familiar.<\/p>\n<p>&nbsp;<\/p>\n<p>At\u00e9 o momento, foram doados 725,45 toneladas de adubo para mais de 70 fam\u00edlias. A iniciativa \u00e9 uma parceria entre a Prefeitura de Adamantina, a UniFAI e a Energisa.<\/p>\n<p>Para a forma\u00e7\u00e3o do composto org\u00e2nico, a Prefeitura de Adamantina, por meio da Secretaria de Agricultura, Abastecimento e Meio Ambiente (SAAMA) executou 801 podas de \u00e1rvores nos bairros Jardim Adamantina, Jardim Brasil, Conjunto Habitacional Governador M\u00e1rio Covas J\u00fanior, Jardim Primavera, Parque do Sol e Parque Itamarati.<\/p>\n<p>&nbsp;<\/p>\n<p>Os res\u00edduos provenientes das podas de \u00e1rvores s\u00e3o levados at\u00e9 o p\u00e1tio de compostagem. No local, eles s\u00e3o triturados e enriquecidos com restos de alimentos e em at\u00e9 90 dias, o composto org\u00e2nico \u00e9 transformado e pronto para ser utilizado no solo.<\/p>\n<p>&nbsp;<\/p>\n<p>Conforme explica o engenheiro ambiental da Prefeitura de Adamantina e respons\u00e1vel pelo projeto, William Bachega, os res\u00edduos de alimento e os galhos triturados formam leiras.<\/p>\n<p>&nbsp;<\/p>\n<p>\u201cQuando a leira \u00e9 formada, verificamos alguns par\u00e2metros como umidade e temperatura que s\u00e3o fundamentais para que possamos entregar um composto de qualidade para os produtores. Atingindo os par\u00e2metros adequados, entregamos para os agricultores para que eles disponibilizem um produto diferenciado no mercado\u201d, explica.<\/p>\n<p>&nbsp;<\/p>\n<p><strong>Relembre<\/strong><\/p>\n<p>Para a execu\u00e7\u00e3o do projeto em 2019 durante a 29\u00aa Feira do Verde e Exposi\u00e7\u00e3o Agropecu\u00e1ria, Comercial e Industrial de Adamantina foi realizada uma cerim\u00f4nia solene de entrega de um caminh\u00e3o e um revolvedor que integram o Acordo do Programa de Efici\u00eancia\u00a0Energ\u00e9tica (PEE).<\/p>\n<p>&nbsp;<\/p>\n<p>Essa parceria \u00e9 celebrada entre a Prefeitura e a UniFAI com a empresa\u00a0Energisa\u00a0Sul-Sudeste Distribuidora de Energia S.A. Para execu\u00e7\u00e3o do projeto, ser\u00e3o investidos no munic\u00edpio mais de R$600 mil reais destinados \u00e0 aquisi\u00e7\u00e3o dos equipamentos que ser\u00e3o doados a Prefeitura, al\u00e9m de investimentos t\u00e9cnicos e administrativos.<\/p>\n<p>&nbsp;<\/p>\n<p>A iniciativa visa o aproveitamento dos res\u00edduos de poda de \u00e1rvores e os res\u00edduos org\u00e2nicos das cozinhas para serem transformados em adubo e entregues \u00e0 popula\u00e7\u00e3o por meio do programa Agricultura Familiar e para os participantes dos programas sociais da Secretaria de Assist\u00eancia e Desenvolvimento Social.<\/p>\n<p>&nbsp;<\/p>\n<p>Fonte: Assessoria de Imprensa<\/p>\n","protected":false},"excerpt":{"rendered":"<p>Segue em execu\u00e7\u00e3o o Programa de Efici\u00eancia\u00a0Energ\u00e9tica (PEE) que consiste no aproveitamento dos res\u00edduos de poda de \u00e1rvores e os res\u00edduos org\u00e2nicos das cozinhas para serem transformados em adubo e destinados \u00e0 popula\u00e7\u00e3o por meio do programa Agricultura Familiar. &nbsp; At\u00e9 o momento, foram doados 725,45 toneladas de adubo para mais de 70 fam\u00edlias. A [&hellip;]<\/p>\n","protected":false},"author":13,"featured_media":40525,"comment_status":"closed","ping_status":"open","sticky":false,"template":"","format":"standard","meta":{"_acf_changed":false,"_exactmetrics_skip_tracking":false,"_exactmetrics_sitenote_active":false,"_exactmetrics_sitenote_note":"","_exactmetrics_sitenote_category":0,"footnotes":""},"categories":[21],"tags":[],"class_list":["post-40524","post","type-post","status-publish","format-standard","has-post-thumbnail","hentry","category-adamantina"],"acf":[],"yoast_head":"<!-- This site is optimized with the Yoast SEO plugin v27.2 - https:\/\/yoast.com\/product\/yoast-seo-wordpress\/ -->\n<title>Programa de Efici\u00eancia Energ\u00e9tica doa mais de 700 toneladas de adubo em 2021 - R\u00e1dio Life FM<\/title>\n<meta name=\"robots\" content=\"index, follow, max-snippet:-1, max-image-preview:large, max-video-preview:-1\" \/>\n<link rel=\"canonical\" href=\"https:\/\/radiolifefm.com.br\/noticias\/programa-de-eficiencia-energetica-doa-mais-de-700-toneladas-de-adubo-em-2021adamantina\/\" \/>\n<meta property=\"og:locale\" content=\"pt_BR\" \/>\n<meta property=\"og:type\" content=\"article\" \/>\n<meta property=\"og:title\" content=\"Programa de Efici\u00eancia Energ\u00e9tica doa mais de 700 toneladas de adubo em 2021 - R\u00e1dio Life FM\" \/>\n<meta property=\"og:description\" content=\"Segue em execu\u00e7\u00e3o o Programa de Efici\u00eancia\u00a0Energ\u00e9tica (PEE) que consiste no aproveitamento dos res\u00edduos de poda de \u00e1rvores e os res\u00edduos org\u00e2nicos das cozinhas para serem transformados em adubo e destinados \u00e0 popula\u00e7\u00e3o por meio do programa Agricultura Familiar. &nbsp; At\u00e9 o momento, foram doados 725,45 toneladas de adubo para mais de 70 fam\u00edlias. A [&hellip;]\" \/>\n<meta property=\"og:url\" content=\"https:\/\/radiolifefm.com.br\/noticias\/programa-de-eficiencia-energetica-doa-mais-de-700-toneladas-de-adubo-em-2021adamantina\/\" \/>\n<meta property=\"og:site_name\" content=\"R\u00e1dio Life FM\" \/>\n<meta property=\"article:publisher\" content=\"https:\/\/www.facebook.com\/radiolifefm\/\" \/>\n<meta property=\"article:published_time\" content=\"2021-07-09T00:54:26+00:00\" \/>\n<meta property=\"article:modified_time\" content=\"2026-04-09T10:33:42+00:00\" \/>\n<meta property=\"og:image\" content=\"https:\/\/radiolifefm.com.br\/noticias\/wp-content\/uploads\/2021\/07\/Foto-4.jpeg\" \/>\n\t<meta property=\"og:image:width\" content=\"1280\" \/>\n\t<meta property=\"og:image:height\" content=\"831\" \/>\n\t<meta property=\"og:image:type\" content=\"image\/jpeg\" \/>\n<meta name=\"author\" content=\"ritanery\" \/>\n<meta name=\"twitter:card\" content=\"summary_large_image\" \/>\n<meta name=\"twitter:label1\" content=\"Escrito por\" \/>\n\t<meta name=\"twitter:data1\" content=\"ritanery\" \/>\n\t<meta name=\"twitter:label2\" content=\"Est. tempo de leitura\" \/>\n\t<meta name=\"twitter:data2\" content=\"2 minutos\" \/>\n<script type=\"application\/ld+json\" class=\"yoast-schema-graph\">{\"@context\":\"https:\/\/schema.org\",\"@graph\":[{\"@type\":\"Article\",\"@id\":\"https:\/\/radiolifefm.com.br\/noticias\/programa-de-eficiencia-energetica-doa-mais-de-700-toneladas-de-adubo-em-2021adamantina\/#article\",\"isPartOf\":{\"@id\":\"https:\/\/radiolifefm.com.br\/noticias\/programa-de-eficiencia-energetica-doa-mais-de-700-toneladas-de-adubo-em-2021adamantina\/\"},\"author\":{\"name\":\"ritanery\",\"@id\":\"https:\/\/radiolifefm.com.br\/noticias\/#\/schema\/person\/6339b9fac59d12b071dec680d7375d87\"},\"headline\":\"Programa de Efici\u00eancia Energ\u00e9tica doa mais de 700 toneladas de adubo em 2021\",\"datePublished\":\"2021-07-09T00:54:26+00:00\",\"dateModified\":\"2026-04-09T10:33:42+00:00\",\"mainEntityOfPage\":{\"@id\":\"https:\/\/radiolifefm.com.br\/noticias\/programa-de-eficiencia-energetica-doa-mais-de-700-toneladas-de-adubo-em-2021adamantina\/\"},\"wordCount\":419,\"publisher\":{\"@id\":\"https:\/\/radiolifefm.com.br\/noticias\/#organization\"},\"image\":{\"@id\":\"https:\/\/radiolifefm.com.br\/noticias\/programa-de-eficiencia-energetica-doa-mais-de-700-toneladas-de-adubo-em-2021adamantina\/#primaryimage\"},\"thumbnailUrl\":\"https:\/\/radiolifefm.com.br\/noticias\/wp-content\/uploads\/2021\/07\/Foto-4.jpeg\",\"articleSection\":[\"Adamantina\"],\"inLanguage\":\"pt-BR\"},{\"@type\":\"WebPage\",\"@id\":\"https:\/\/radiolifefm.com.br\/noticias\/programa-de-eficiencia-energetica-doa-mais-de-700-toneladas-de-adubo-em-2021adamantina\/\",\"url\":\"https:\/\/radiolifefm.com.br\/noticias\/programa-de-eficiencia-energetica-doa-mais-de-700-toneladas-de-adubo-em-2021adamantina\/\",\"name\":\"Programa de Efici\u00eancia Energ\u00e9tica doa mais de 700 toneladas de adubo em 2021 - R\u00e1dio Life FM\",\"isPartOf\":{\"@id\":\"https:\/\/radiolifefm.com.br\/noticias\/#website\"},\"primaryImageOfPage\":{\"@id\":\"https:\/\/radiolifefm.com.br\/noticias\/programa-de-eficiencia-energetica-doa-mais-de-700-toneladas-de-adubo-em-2021adamantina\/#primaryimage\"},\"image\":{\"@id\":\"https:\/\/radiolifefm.com.br\/noticias\/programa-de-eficiencia-energetica-doa-mais-de-700-toneladas-de-adubo-em-2021adamantina\/#primaryimage\"},\"thumbnailUrl\":\"https:\/\/radiolifefm.com.br\/noticias\/wp-content\/uploads\/2021\/07\/Foto-4.jpeg\",\"datePublished\":\"2021-07-09T00:54:26+00:00\",\"dateModified\":\"2026-04-09T10:33:42+00:00\",\"breadcrumb\":{\"@id\":\"https:\/\/radiolifefm.com.br\/noticias\/programa-de-eficiencia-energetica-doa-mais-de-700-toneladas-de-adubo-em-2021adamantina\/#breadcrumb\"},\"inLanguage\":\"pt-BR\",\"potentialAction\":[{\"@type\":\"ReadAction\",\"target\":[\"https:\/\/radiolifefm.com.br\/noticias\/programa-de-eficiencia-energetica-doa-mais-de-700-toneladas-de-adubo-em-2021adamantina\/\"]}]},{\"@type\":\"ImageObject\",\"inLanguage\":\"pt-BR\",\"@id\":\"https:\/\/radiolifefm.com.br\/noticias\/programa-de-eficiencia-energetica-doa-mais-de-700-toneladas-de-adubo-em-2021adamantina\/#primaryimage\",\"url\":\"https:\/\/radiolifefm.com.br\/noticias\/wp-content\/uploads\/2021\/07\/Foto-4.jpeg\",\"contentUrl\":\"https:\/\/radiolifefm.com.br\/noticias\/wp-content\/uploads\/2021\/07\/Foto-4.jpeg\",\"width\":1280,\"height\":831},{\"@type\":\"BreadcrumbList\",\"@id\":\"https:\/\/radiolifefm.com.br\/noticias\/programa-de-eficiencia-energetica-doa-mais-de-700-toneladas-de-adubo-em-2021adamantina\/#breadcrumb\",\"itemListElement\":[{\"@type\":\"ListItem\",\"position\":1,\"name\":\"In\u00edcio\",\"item\":\"https:\/\/radiolifefm.com.br\/noticias\/\"},{\"@type\":\"ListItem\",\"position\":2,\"name\":\"Programa de Efici\u00eancia Energ\u00e9tica doa mais de 700 toneladas de adubo em 2021\"}]},{\"@type\":\"WebSite\",\"@id\":\"https:\/\/radiolifefm.com.br\/noticias\/#website\",\"url\":\"https:\/\/radiolifefm.com.br\/noticias\/\",\"name\":\"R\u00e1dio Life FM\",\"description\":\"O Portal de Not\u00edcias de Adamantina\",\"publisher\":{\"@id\":\"https:\/\/radiolifefm.com.br\/noticias\/#organization\"},\"alternateName\":\"Life FM\",\"potentialAction\":[{\"@type\":\"SearchAction\",\"target\":{\"@type\":\"EntryPoint\",\"urlTemplate\":\"https:\/\/radiolifefm.com.br\/noticias\/?s={search_term_string}\"},\"query-input\":{\"@type\":\"PropertyValueSpecification\",\"valueRequired\":true,\"valueName\":\"search_term_string\"}}],\"inLanguage\":\"pt-BR\"},{\"@type\":\"Organization\",\"@id\":\"https:\/\/radiolifefm.com.br\/noticias\/#organization\",\"name\":\"R\u00e1dio Life FM\",\"alternateName\":\"Life FM\",\"url\":\"https:\/\/radiolifefm.com.br\/noticias\/\",\"logo\":{\"@type\":\"ImageObject\",\"inLanguage\":\"pt-BR\",\"@id\":\"https:\/\/radiolifefm.com.br\/noticias\/#\/schema\/logo\/image\/\",\"url\":\"https:\/\/static.radiolifefm.com.br\/noticias\/wp-content\/uploads\/2019\/10\/logo-lifefm.png\",\"contentUrl\":\"https:\/\/static.radiolifefm.com.br\/noticias\/wp-content\/uploads\/2019\/10\/logo-lifefm.png\",\"width\":196,\"height\":47,\"caption\":\"R\u00e1dio Life FM\"},\"image\":{\"@id\":\"https:\/\/radiolifefm.com.br\/noticias\/#\/schema\/logo\/image\/\"},\"sameAs\":[\"https:\/\/www.facebook.com\/radiolifefm\/\",\"https:\/\/www.instagram.com\/life1079fm\/\"]},{\"@type\":\"Person\",\"@id\":\"https:\/\/radiolifefm.com.br\/noticias\/#\/schema\/person\/6339b9fac59d12b071dec680d7375d87\",\"name\":\"ritanery\",\"image\":{\"@type\":\"ImageObject\",\"inLanguage\":\"pt-BR\",\"@id\":\"https:\/\/secure.gravatar.com\/avatar\/0e37bb19071f47c0b8a23f62a903df117c5a0e75f65a0c2901562f97cd41cf86?s=96&d=mm&r=g\",\"url\":\"https:\/\/secure.gravatar.com\/avatar\/0e37bb19071f47c0b8a23f62a903df117c5a0e75f65a0c2901562f97cd41cf86?s=96&d=mm&r=g\",\"contentUrl\":\"https:\/\/secure.gravatar.com\/avatar\/0e37bb19071f47c0b8a23f62a903df117c5a0e75f65a0c2901562f97cd41cf86?s=96&d=mm&r=g\",\"caption\":\"ritanery\"}}]}<\/script>\n<!-- \/ Yoast SEO plugin. -->","yoast_head_json":{"title":"Programa de Efici\u00eancia Energ\u00e9tica doa mais de 700 toneladas de adubo em 2021 - R\u00e1dio Life FM","robots":{"index":"index","follow":"follow","max-snippet":"max-snippet:-1","max-image-preview":"max-image-preview:large","max-video-preview":"max-video-preview:-1"},"canonical":"https:\/\/radiolifefm.com.br\/noticias\/programa-de-eficiencia-energetica-doa-mais-de-700-toneladas-de-adubo-em-2021adamantina\/","og_locale":"pt_BR","og_type":"article","og_title":"Programa de Efici\u00eancia Energ\u00e9tica doa mais de 700 toneladas de adubo em 2021 - R\u00e1dio Life FM","og_description":"Segue em execu\u00e7\u00e3o o Programa de Efici\u00eancia\u00a0Energ\u00e9tica (PEE) que consiste no aproveitamento dos res\u00edduos de poda de \u00e1rvores e os res\u00edduos org\u00e2nicos das cozinhas para serem transformados em adubo e destinados \u00e0 popula\u00e7\u00e3o por meio do programa Agricultura Familiar. &nbsp; At\u00e9 o momento, foram doados 725,45 toneladas de adubo para mais de 70 fam\u00edlias. A [&hellip;]","og_url":"https:\/\/radiolifefm.com.br\/noticias\/programa-de-eficiencia-energetica-doa-mais-de-700-toneladas-de-adubo-em-2021adamantina\/","og_site_name":"R\u00e1dio Life FM","article_publisher":"https:\/\/www.facebook.com\/radiolifefm\/","article_published_time":"2021-07-09T00:54:26+00:00","article_modified_time":"2026-04-09T10:33:42+00:00","og_image":[{"width":1280,"height":831,"url":"https:\/\/radiolifefm.com.br\/noticias\/wp-content\/uploads\/2021\/07\/Foto-4.jpeg","type":"image\/jpeg"}],"author":"ritanery","twitter_card":"summary_large_image","twitter_misc":{"Escrito por":"ritanery","Est. tempo de leitura":"2 minutos"},"schema":{"@context":"https:\/\/schema.org","@graph":[{"@type":"Article","@id":"https:\/\/radiolifefm.com.br\/noticias\/programa-de-eficiencia-energetica-doa-mais-de-700-toneladas-de-adubo-em-2021adamantina\/#article","isPartOf":{"@id":"https:\/\/radiolifefm.com.br\/noticias\/programa-de-eficiencia-energetica-doa-mais-de-700-toneladas-de-adubo-em-2021adamantina\/"},"author":{"name":"ritanery","@id":"https:\/\/radiolifefm.com.br\/noticias\/#\/schema\/person\/6339b9fac59d12b071dec680d7375d87"},"headline":"Programa de Efici\u00eancia Energ\u00e9tica doa mais de 700 toneladas de adubo em 2021","datePublished":"2021-07-09T00:54:26+00:00","dateModified":"2026-04-09T10:33:42+00:00","mainEntityOfPage":{"@id":"https:\/\/radiolifefm.com.br\/noticias\/programa-de-eficiencia-energetica-doa-mais-de-700-toneladas-de-adubo-em-2021adamantina\/"},"wordCount":419,"publisher":{"@id":"https:\/\/radiolifefm.com.br\/noticias\/#organization"},"image":{"@id":"https:\/\/radiolifefm.com.br\/noticias\/programa-de-eficiencia-energetica-doa-mais-de-700-toneladas-de-adubo-em-2021adamantina\/#primaryimage"},"thumbnailUrl":"https:\/\/radiolifefm.com.br\/noticias\/wp-content\/uploads\/2021\/07\/Foto-4.jpeg","articleSection":["Adamantina"],"inLanguage":"pt-BR"},{"@type":"WebPage","@id":"https:\/\/radiolifefm.com.br\/noticias\/programa-de-eficiencia-energetica-doa-mais-de-700-toneladas-de-adubo-em-2021adamantina\/","url":"https:\/\/radiolifefm.com.br\/noticias\/programa-de-eficiencia-energetica-doa-mais-de-700-toneladas-de-adubo-em-2021adamantina\/","name":"Programa de Efici\u00eancia Energ\u00e9tica doa mais de 700 toneladas de adubo em 2021 - R\u00e1dio Life FM","isPartOf":{"@id":"https:\/\/radiolifefm.com.br\/noticias\/#website"},"primaryImageOfPage":{"@id":"https:\/\/radiolifefm.com.br\/noticias\/programa-de-eficiencia-energetica-doa-mais-de-700-toneladas-de-adubo-em-2021adamantina\/#primaryimage"},"image":{"@id":"https:\/\/radiolifefm.com.br\/noticias\/programa-de-eficiencia-energetica-doa-mais-de-700-toneladas-de-adubo-em-2021adamantina\/#primaryimage"},"thumbnailUrl":"https:\/\/radiolifefm.com.br\/noticias\/wp-content\/uploads\/2021\/07\/Foto-4.jpeg","datePublished":"2021-07-09T00:54:26+00:00","dateModified":"2026-04-09T10:33:42+00:00","breadcrumb":{"@id":"https:\/\/radiolifefm.com.br\/noticias\/programa-de-eficiencia-energetica-doa-mais-de-700-toneladas-de-adubo-em-2021adamantina\/#breadcrumb"},"inLanguage":"pt-BR","potentialAction":[{"@type":"ReadAction","target":["https:\/\/radiolifefm.com.br\/noticias\/programa-de-eficiencia-energetica-doa-mais-de-700-toneladas-de-adubo-em-2021adamantina\/"]}]},{"@type":"ImageObject","inLanguage":"pt-BR","@id":"https:\/\/radiolifefm.com.br\/noticias\/programa-de-eficiencia-energetica-doa-mais-de-700-toneladas-de-adubo-em-2021adamantina\/#primaryimage","url":"https:\/\/radiolifefm.com.br\/noticias\/wp-content\/uploads\/2021\/07\/Foto-4.jpeg","contentUrl":"https:\/\/radiolifefm.com.br\/noticias\/wp-content\/uploads\/2021\/07\/Foto-4.jpeg","width":1280,"height":831},{"@type":"BreadcrumbList","@id":"https:\/\/radiolifefm.com.br\/noticias\/programa-de-eficiencia-energetica-doa-mais-de-700-toneladas-de-adubo-em-2021adamantina\/#breadcrumb","itemListElement":[{"@type":"ListItem","position":1,"name":"In\u00edcio","item":"https:\/\/radiolifefm.com.br\/noticias\/"},{"@type":"ListItem","position":2,"name":"Programa de Efici\u00eancia Energ\u00e9tica doa mais de 700 toneladas de adubo em 2021"}]},{"@type":"WebSite","@id":"https:\/\/radiolifefm.com.br\/noticias\/#website","url":"https:\/\/radiolifefm.com.br\/noticias\/","name":"R\u00e1dio Life FM","description":"O Portal de Not\u00edcias de Adamantina","publisher":{"@id":"https:\/\/radiolifefm.com.br\/noticias\/#organization"},"alternateName":"Life FM","potentialAction":[{"@type":"SearchAction","target":{"@type":"EntryPoint","urlTemplate":"https:\/\/radiolifefm.com.br\/noticias\/?s={search_term_string}"},"query-input":{"@type":"PropertyValueSpecification","valueRequired":true,"valueName":"search_term_string"}}],"inLanguage":"pt-BR"},{"@type":"Organization","@id":"https:\/\/radiolifefm.com.br\/noticias\/#organization","name":"R\u00e1dio Life FM","alternateName":"Life FM","url":"https:\/\/radiolifefm.com.br\/noticias\/","logo":{"@type":"ImageObject","inLanguage":"pt-BR","@id":"https:\/\/radiolifefm.com.br\/noticias\/#\/schema\/logo\/image\/","url":"https:\/\/static.radiolifefm.com.br\/noticias\/wp-content\/uploads\/2019\/10\/logo-lifefm.png","contentUrl":"https:\/\/static.radiolifefm.com.br\/noticias\/wp-content\/uploads\/2019\/10\/logo-lifefm.png","width":196,"height":47,"caption":"R\u00e1dio Life FM"},"image":{"@id":"https:\/\/radiolifefm.com.br\/noticias\/#\/schema\/logo\/image\/"},"sameAs":["https:\/\/www.facebook.com\/radiolifefm\/","https:\/\/www.instagram.com\/life1079fm\/"]},{"@type":"Person","@id":"https:\/\/radiolifefm.com.br\/noticias\/#\/schema\/person\/6339b9fac59d12b071dec680d7375d87","name":"ritanery","image":{"@type":"ImageObject","inLanguage":"pt-BR","@id":"https:\/\/secure.gravatar.com\/avatar\/0e37bb19071f47c0b8a23f62a903df117c5a0e75f65a0c2901562f97cd41cf86?s=96&d=mm&r=g","url":"https:\/\/secure.gravatar.com\/avatar\/0e37bb19071f47c0b8a23f62a903df117c5a0e75f65a0c2901562f97cd41cf86?s=96&d=mm&r=g","contentUrl":"https:\/\/secure.gravatar.com\/avatar\/0e37bb19071f47c0b8a23f62a903df117c5a0e75f65a0c2901562f97cd41cf86?s=96&d=mm&r=g","caption":"ritanery"}}]}},"amp_enabled":true,"_links":{"self":[{"href":"https:\/\/radiolifefm.com.br\/noticias\/wp-json\/wp\/v2\/posts\/40524","targetHints":{"allow":["GET"]}}],"collection":[{"href":"https:\/\/radiolifefm.com.br\/noticias\/wp-json\/wp\/v2\/posts"}],"about":[{"href":"https:\/\/radiolifefm.com.br\/noticias\/wp-json\/wp\/v2\/types\/post"}],"author":[{"embeddable":true,"href":"https:\/\/radiolifefm.com.br\/noticias\/wp-json\/wp\/v2\/users\/13"}],"replies":[{"embeddable":true,"href":"https:\/\/radiolifefm.com.br\/noticias\/wp-json\/wp\/v2\/comments?post=40524"}],"version-history":[{"count":1,"href":"https:\/\/radiolifefm.com.br\/noticias\/wp-json\/wp\/v2\/posts\/40524\/revisions"}],"predecessor-version":[{"id":40526,"href":"https:\/\/radiolifefm.com.br\/noticias\/wp-json\/wp\/v2\/posts\/40524\/revisions\/40526"}],"wp:featuredmedia":[{"embeddable":true,"href":"https:\/\/radiolifefm.com.br\/noticias\/wp-json\/wp\/v2\/media\/40525"}],"wp:attachment":[{"href":"https:\/\/radiolifefm.com.br\/noticias\/wp-json\/wp\/v2\/media?parent=40524"}],"wp:term":[{"taxonomy":"category","embeddable":true,"href":"https:\/\/radiolifefm.com.br\/noticias\/wp-json\/wp\/v2\/categories?post=40524"},{"taxonomy":"post_tag","embeddable":true,"href":"https:\/\/radiolifefm.com.br\/noticias\/wp-json\/wp\/v2\/tags?post=40524"}],"curies":[{"name":"wp","href":"https:\/\/api.w.org\/{rel}","templated":true}]}}