{"id":40485,"date":"2021-07-07T17:19:34","date_gmt":"2021-07-07T20:19:34","guid":{"rendered":"https:\/\/radiolifefm.com.br\/noticias\/?p=40485"},"modified":"2026-03-20T16:27:44","modified_gmt":"2026-03-20T19:27:44","slug":"prefeitura-de-adamantina-executa-melhorias-em-areas-verdes","status":"publish","type":"post","link":"https:\/\/radiolifefm.com.br\/noticias\/prefeitura-de-adamantina-executa-melhorias-em-areas-verdes\/","title":{"rendered":"Prefeitura de Adamantina executa melhorias em \u00e1reas verdes"},"content":{"rendered":"<div id=\"fb-root\"><\/div>\n<p>A Prefeitura de Adamantina est\u00e1 executando benfeitorias em diversas \u00e1reas verdes do munic\u00edpio atrav\u00e9s da constru\u00e7\u00e3o de cal\u00e7adas.\u00a0A a\u00e7\u00e3o tem como objetivo al\u00e9m da acessibilidade, atender melhor a popula\u00e7\u00e3o que utiliza esses espa\u00e7os para a pr\u00e1tica de atividades, seguran\u00e7a aos pedestres e melhor uso das \u00e1reas p\u00fablicas.<\/p>\n<p>&nbsp;<\/p>\n<p>Conforme explica o secret\u00e1rio de planejamento, Jo\u00e3o Vitor Marega, as cal\u00e7adas est\u00e3o sendo executadas dentro do projeto de melhorias das \u00e1reas verdes do munic\u00edpio.<\/p>\n<p>&nbsp;<\/p>\n<p>Pela legisla\u00e7\u00e3o anterior, os loteamentos entregavam as \u00e1reas verdes sem a necessidade da execu\u00e7\u00e3o de cal\u00e7amento.\u00a0&#8220;Hoje, com as altera\u00e7\u00f5es na legisla\u00e7\u00e3o, os empreendedores entregam as \u00e1reas j\u00e1 com a execu\u00e7\u00e3o do passeio&#8221;, afirma Marega.<\/p>\n<p>&nbsp;<\/p>\n<p>J\u00e1 foram executadas as melhorias no &#8220;tri\u00e2ngulo&#8221; que fica na Rua Birigui, Alameda Francisco Jos\u00e9 de Azevedo e Rua Walter Massaferro, na continua\u00e7\u00e3o do Parque dos Pioneiros, totalizando mais de 270 metros quadrados. Essa melhoria atende uma solicita\u00e7\u00e3o da vice-prefeita Maria de Lourdes Santos Gil &#8220;Dinha&#8221;.<\/p>\n<p>&nbsp;<\/p>\n<p>Na rua Santa Catarina, situada no Sistema de Lazer do Residencial San Miguel, a melhoria est\u00e1 em execu\u00e7\u00e3o e atingir\u00e1 o montante de mais de 780 metros quadrados.<\/p>\n<p>&nbsp;<\/p>\n<p>As cal\u00e7adas tamb\u00e9m ser\u00e3o constru\u00eddas no Residencial Parque Tangar\u00e1 na Avenida Deputado Cunha Bueno com mais de 660 metros quadrados. Para a constru\u00e7\u00e3o de cal\u00e7adas, est\u00e3o sendo investidos\u00a0R$ 37.174,07 em recursos pr\u00f3prios.<\/p>\n<p>Fonte: Assessoria de Imprensa<\/p>\n","protected":false},"excerpt":{"rendered":"<p>A Prefeitura de Adamantina est\u00e1 executando benfeitorias em diversas \u00e1reas verdes do munic\u00edpio atrav\u00e9s da constru\u00e7\u00e3o de cal\u00e7adas.\u00a0A a\u00e7\u00e3o tem como objetivo al\u00e9m da acessibilidade, atender melhor a popula\u00e7\u00e3o que utiliza esses espa\u00e7os para a pr\u00e1tica de atividades, seguran\u00e7a aos pedestres e melhor uso das \u00e1reas p\u00fablicas. &nbsp; Conforme explica o secret\u00e1rio de planejamento, Jo\u00e3o [&hellip;]<\/p>\n","protected":false},"author":13,"featured_media":40486,"comment_status":"closed","ping_status":"open","sticky":false,"template":"","format":"standard","meta":{"_acf_changed":false,"_exactmetrics_skip_tracking":false,"_exactmetrics_sitenote_active":false,"_exactmetrics_sitenote_note":"","_exactmetrics_sitenote_category":0,"footnotes":""},"categories":[21],"tags":[],"class_list":["post-40485","post","type-post","status-publish","format-standard","has-post-thumbnail","hentry","category-adamantina"],"acf":[],"yoast_head":"<!-- This site is optimized with the Yoast SEO plugin v27.2 - https:\/\/yoast.com\/product\/yoast-seo-wordpress\/ -->\n<title>Prefeitura de Adamantina executa melhorias em \u00e1reas verdes - R\u00e1dio Life FM<\/title>\n<meta name=\"robots\" content=\"index, follow, max-snippet:-1, max-image-preview:large, max-video-preview:-1\" \/>\n<link rel=\"canonical\" href=\"https:\/\/radiolifefm.com.br\/noticias\/prefeitura-de-adamantina-executa-melhorias-em-areas-verdes\/\" \/>\n<meta property=\"og:locale\" content=\"pt_BR\" \/>\n<meta property=\"og:type\" content=\"article\" \/>\n<meta property=\"og:title\" content=\"Prefeitura de Adamantina executa melhorias em \u00e1reas verdes - R\u00e1dio Life FM\" \/>\n<meta property=\"og:description\" content=\"A Prefeitura de Adamantina est\u00e1 executando benfeitorias em diversas \u00e1reas verdes do munic\u00edpio atrav\u00e9s da constru\u00e7\u00e3o de cal\u00e7adas.\u00a0A a\u00e7\u00e3o tem como objetivo al\u00e9m da acessibilidade, atender melhor a popula\u00e7\u00e3o que utiliza esses espa\u00e7os para a pr\u00e1tica de atividades, seguran\u00e7a aos pedestres e melhor uso das \u00e1reas p\u00fablicas. &nbsp; Conforme explica o secret\u00e1rio de planejamento, Jo\u00e3o [&hellip;]\" \/>\n<meta property=\"og:url\" content=\"https:\/\/radiolifefm.com.br\/noticias\/prefeitura-de-adamantina-executa-melhorias-em-areas-verdes\/\" \/>\n<meta property=\"og:site_name\" content=\"R\u00e1dio Life FM\" \/>\n<meta property=\"article:publisher\" content=\"https:\/\/www.facebook.com\/radiolifefm\/\" \/>\n<meta property=\"article:published_time\" content=\"2021-07-07T20:19:34+00:00\" \/>\n<meta property=\"article:modified_time\" content=\"2026-03-20T19:27:44+00:00\" \/>\n<meta property=\"og:image\" content=\"https:\/\/radiolifefm.com.br\/noticias\/wp-content\/uploads\/2021\/07\/73b4f1a85e60fd01e528490c9cb4c714.jpg\" \/>\n\t<meta property=\"og:image:width\" content=\"848\" \/>\n\t<meta property=\"og:image:height\" content=\"294\" \/>\n\t<meta property=\"og:image:type\" content=\"image\/jpeg\" \/>\n<meta name=\"author\" content=\"ritanery\" \/>\n<meta name=\"twitter:card\" content=\"summary_large_image\" \/>\n<meta name=\"twitter:label1\" content=\"Escrito por\" \/>\n\t<meta name=\"twitter:data1\" content=\"ritanery\" \/>\n\t<meta name=\"twitter:label2\" content=\"Est. tempo de leitura\" \/>\n\t<meta name=\"twitter:data2\" content=\"1 minuto\" \/>\n<script type=\"application\/ld+json\" class=\"yoast-schema-graph\">{\"@context\":\"https:\/\/schema.org\",\"@graph\":[{\"@type\":\"Article\",\"@id\":\"https:\/\/radiolifefm.com.br\/noticias\/prefeitura-de-adamantina-executa-melhorias-em-areas-verdes\/#article\",\"isPartOf\":{\"@id\":\"https:\/\/radiolifefm.com.br\/noticias\/prefeitura-de-adamantina-executa-melhorias-em-areas-verdes\/\"},\"author\":{\"name\":\"ritanery\",\"@id\":\"https:\/\/radiolifefm.com.br\/noticias\/#\/schema\/person\/6339b9fac59d12b071dec680d7375d87\"},\"headline\":\"Prefeitura de Adamantina executa melhorias em \u00e1reas verdes\",\"datePublished\":\"2021-07-07T20:19:34+00:00\",\"dateModified\":\"2026-03-20T19:27:44+00:00\",\"mainEntityOfPage\":{\"@id\":\"https:\/\/radiolifefm.com.br\/noticias\/prefeitura-de-adamantina-executa-melhorias-em-areas-verdes\/\"},\"wordCount\":261,\"publisher\":{\"@id\":\"https:\/\/radiolifefm.com.br\/noticias\/#organization\"},\"image\":{\"@id\":\"https:\/\/radiolifefm.com.br\/noticias\/prefeitura-de-adamantina-executa-melhorias-em-areas-verdes\/#primaryimage\"},\"thumbnailUrl\":\"https:\/\/radiolifefm.com.br\/noticias\/wp-content\/uploads\/2021\/07\/73b4f1a85e60fd01e528490c9cb4c714.jpg\",\"articleSection\":[\"Adamantina\"],\"inLanguage\":\"pt-BR\"},{\"@type\":\"WebPage\",\"@id\":\"https:\/\/radiolifefm.com.br\/noticias\/prefeitura-de-adamantina-executa-melhorias-em-areas-verdes\/\",\"url\":\"https:\/\/radiolifefm.com.br\/noticias\/prefeitura-de-adamantina-executa-melhorias-em-areas-verdes\/\",\"name\":\"Prefeitura de Adamantina executa melhorias em \u00e1reas verdes - R\u00e1dio Life FM\",\"isPartOf\":{\"@id\":\"https:\/\/radiolifefm.com.br\/noticias\/#website\"},\"primaryImageOfPage\":{\"@id\":\"https:\/\/radiolifefm.com.br\/noticias\/prefeitura-de-adamantina-executa-melhorias-em-areas-verdes\/#primaryimage\"},\"image\":{\"@id\":\"https:\/\/radiolifefm.com.br\/noticias\/prefeitura-de-adamantina-executa-melhorias-em-areas-verdes\/#primaryimage\"},\"thumbnailUrl\":\"https:\/\/radiolifefm.com.br\/noticias\/wp-content\/uploads\/2021\/07\/73b4f1a85e60fd01e528490c9cb4c714.jpg\",\"datePublished\":\"2021-07-07T20:19:34+00:00\",\"dateModified\":\"2026-03-20T19:27:44+00:00\",\"breadcrumb\":{\"@id\":\"https:\/\/radiolifefm.com.br\/noticias\/prefeitura-de-adamantina-executa-melhorias-em-areas-verdes\/#breadcrumb\"},\"inLanguage\":\"pt-BR\",\"potentialAction\":[{\"@type\":\"ReadAction\",\"target\":[\"https:\/\/radiolifefm.com.br\/noticias\/prefeitura-de-adamantina-executa-melhorias-em-areas-verdes\/\"]}]},{\"@type\":\"ImageObject\",\"inLanguage\":\"pt-BR\",\"@id\":\"https:\/\/radiolifefm.com.br\/noticias\/prefeitura-de-adamantina-executa-melhorias-em-areas-verdes\/#primaryimage\",\"url\":\"https:\/\/radiolifefm.com.br\/noticias\/wp-content\/uploads\/2021\/07\/73b4f1a85e60fd01e528490c9cb4c714.jpg\",\"contentUrl\":\"https:\/\/radiolifefm.com.br\/noticias\/wp-content\/uploads\/2021\/07\/73b4f1a85e60fd01e528490c9cb4c714.jpg\",\"width\":848,\"height\":294},{\"@type\":\"BreadcrumbList\",\"@id\":\"https:\/\/radiolifefm.com.br\/noticias\/prefeitura-de-adamantina-executa-melhorias-em-areas-verdes\/#breadcrumb\",\"itemListElement\":[{\"@type\":\"ListItem\",\"position\":1,\"name\":\"In\u00edcio\",\"item\":\"https:\/\/radiolifefm.com.br\/noticias\/\"},{\"@type\":\"ListItem\",\"position\":2,\"name\":\"Prefeitura de Adamantina executa melhorias em \u00e1reas verdes\"}]},{\"@type\":\"WebSite\",\"@id\":\"https:\/\/radiolifefm.com.br\/noticias\/#website\",\"url\":\"https:\/\/radiolifefm.com.br\/noticias\/\",\"name\":\"R\u00e1dio Life FM\",\"description\":\"O Portal de Not\u00edcias de Adamantina\",\"publisher\":{\"@id\":\"https:\/\/radiolifefm.com.br\/noticias\/#organization\"},\"alternateName\":\"Life FM\",\"potentialAction\":[{\"@type\":\"SearchAction\",\"target\":{\"@type\":\"EntryPoint\",\"urlTemplate\":\"https:\/\/radiolifefm.com.br\/noticias\/?s={search_term_string}\"},\"query-input\":{\"@type\":\"PropertyValueSpecification\",\"valueRequired\":true,\"valueName\":\"search_term_string\"}}],\"inLanguage\":\"pt-BR\"},{\"@type\":\"Organization\",\"@id\":\"https:\/\/radiolifefm.com.br\/noticias\/#organization\",\"name\":\"R\u00e1dio Life FM\",\"alternateName\":\"Life FM\",\"url\":\"https:\/\/radiolifefm.com.br\/noticias\/\",\"logo\":{\"@type\":\"ImageObject\",\"inLanguage\":\"pt-BR\",\"@id\":\"https:\/\/radiolifefm.com.br\/noticias\/#\/schema\/logo\/image\/\",\"url\":\"https:\/\/static.radiolifefm.com.br\/noticias\/wp-content\/uploads\/2019\/10\/logo-lifefm.png\",\"contentUrl\":\"https:\/\/static.radiolifefm.com.br\/noticias\/wp-content\/uploads\/2019\/10\/logo-lifefm.png\",\"width\":196,\"height\":47,\"caption\":\"R\u00e1dio Life FM\"},\"image\":{\"@id\":\"https:\/\/radiolifefm.com.br\/noticias\/#\/schema\/logo\/image\/\"},\"sameAs\":[\"https:\/\/www.facebook.com\/radiolifefm\/\",\"https:\/\/www.instagram.com\/life1079fm\/\"]},{\"@type\":\"Person\",\"@id\":\"https:\/\/radiolifefm.com.br\/noticias\/#\/schema\/person\/6339b9fac59d12b071dec680d7375d87\",\"name\":\"ritanery\",\"image\":{\"@type\":\"ImageObject\",\"inLanguage\":\"pt-BR\",\"@id\":\"https:\/\/secure.gravatar.com\/avatar\/0e37bb19071f47c0b8a23f62a903df117c5a0e75f65a0c2901562f97cd41cf86?s=96&d=mm&r=g\",\"url\":\"https:\/\/secure.gravatar.com\/avatar\/0e37bb19071f47c0b8a23f62a903df117c5a0e75f65a0c2901562f97cd41cf86?s=96&d=mm&r=g\",\"contentUrl\":\"https:\/\/secure.gravatar.com\/avatar\/0e37bb19071f47c0b8a23f62a903df117c5a0e75f65a0c2901562f97cd41cf86?s=96&d=mm&r=g\",\"caption\":\"ritanery\"}}]}<\/script>\n<!-- \/ Yoast SEO plugin. -->","yoast_head_json":{"title":"Prefeitura de Adamantina executa melhorias em \u00e1reas verdes - R\u00e1dio Life FM","robots":{"index":"index","follow":"follow","max-snippet":"max-snippet:-1","max-image-preview":"max-image-preview:large","max-video-preview":"max-video-preview:-1"},"canonical":"https:\/\/radiolifefm.com.br\/noticias\/prefeitura-de-adamantina-executa-melhorias-em-areas-verdes\/","og_locale":"pt_BR","og_type":"article","og_title":"Prefeitura de Adamantina executa melhorias em \u00e1reas verdes - R\u00e1dio Life FM","og_description":"A Prefeitura de Adamantina est\u00e1 executando benfeitorias em diversas \u00e1reas verdes do munic\u00edpio atrav\u00e9s da constru\u00e7\u00e3o de cal\u00e7adas.\u00a0A a\u00e7\u00e3o tem como objetivo al\u00e9m da acessibilidade, atender melhor a popula\u00e7\u00e3o que utiliza esses espa\u00e7os para a pr\u00e1tica de atividades, seguran\u00e7a aos pedestres e melhor uso das \u00e1reas p\u00fablicas. &nbsp; Conforme explica o secret\u00e1rio de planejamento, Jo\u00e3o [&hellip;]","og_url":"https:\/\/radiolifefm.com.br\/noticias\/prefeitura-de-adamantina-executa-melhorias-em-areas-verdes\/","og_site_name":"R\u00e1dio Life FM","article_publisher":"https:\/\/www.facebook.com\/radiolifefm\/","article_published_time":"2021-07-07T20:19:34+00:00","article_modified_time":"2026-03-20T19:27:44+00:00","og_image":[{"width":848,"height":294,"url":"https:\/\/radiolifefm.com.br\/noticias\/wp-content\/uploads\/2021\/07\/73b4f1a85e60fd01e528490c9cb4c714.jpg","type":"image\/jpeg"}],"author":"ritanery","twitter_card":"summary_large_image","twitter_misc":{"Escrito por":"ritanery","Est. tempo de leitura":"1 minuto"},"schema":{"@context":"https:\/\/schema.org","@graph":[{"@type":"Article","@id":"https:\/\/radiolifefm.com.br\/noticias\/prefeitura-de-adamantina-executa-melhorias-em-areas-verdes\/#article","isPartOf":{"@id":"https:\/\/radiolifefm.com.br\/noticias\/prefeitura-de-adamantina-executa-melhorias-em-areas-verdes\/"},"author":{"name":"ritanery","@id":"https:\/\/radiolifefm.com.br\/noticias\/#\/schema\/person\/6339b9fac59d12b071dec680d7375d87"},"headline":"Prefeitura de Adamantina executa melhorias em \u00e1reas verdes","datePublished":"2021-07-07T20:19:34+00:00","dateModified":"2026-03-20T19:27:44+00:00","mainEntityOfPage":{"@id":"https:\/\/radiolifefm.com.br\/noticias\/prefeitura-de-adamantina-executa-melhorias-em-areas-verdes\/"},"wordCount":261,"publisher":{"@id":"https:\/\/radiolifefm.com.br\/noticias\/#organization"},"image":{"@id":"https:\/\/radiolifefm.com.br\/noticias\/prefeitura-de-adamantina-executa-melhorias-em-areas-verdes\/#primaryimage"},"thumbnailUrl":"https:\/\/radiolifefm.com.br\/noticias\/wp-content\/uploads\/2021\/07\/73b4f1a85e60fd01e528490c9cb4c714.jpg","articleSection":["Adamantina"],"inLanguage":"pt-BR"},{"@type":"WebPage","@id":"https:\/\/radiolifefm.com.br\/noticias\/prefeitura-de-adamantina-executa-melhorias-em-areas-verdes\/","url":"https:\/\/radiolifefm.com.br\/noticias\/prefeitura-de-adamantina-executa-melhorias-em-areas-verdes\/","name":"Prefeitura de Adamantina executa melhorias em \u00e1reas verdes - R\u00e1dio Life FM","isPartOf":{"@id":"https:\/\/radiolifefm.com.br\/noticias\/#website"},"primaryImageOfPage":{"@id":"https:\/\/radiolifefm.com.br\/noticias\/prefeitura-de-adamantina-executa-melhorias-em-areas-verdes\/#primaryimage"},"image":{"@id":"https:\/\/radiolifefm.com.br\/noticias\/prefeitura-de-adamantina-executa-melhorias-em-areas-verdes\/#primaryimage"},"thumbnailUrl":"https:\/\/radiolifefm.com.br\/noticias\/wp-content\/uploads\/2021\/07\/73b4f1a85e60fd01e528490c9cb4c714.jpg","datePublished":"2021-07-07T20:19:34+00:00","dateModified":"2026-03-20T19:27:44+00:00","breadcrumb":{"@id":"https:\/\/radiolifefm.com.br\/noticias\/prefeitura-de-adamantina-executa-melhorias-em-areas-verdes\/#breadcrumb"},"inLanguage":"pt-BR","potentialAction":[{"@type":"ReadAction","target":["https:\/\/radiolifefm.com.br\/noticias\/prefeitura-de-adamantina-executa-melhorias-em-areas-verdes\/"]}]},{"@type":"ImageObject","inLanguage":"pt-BR","@id":"https:\/\/radiolifefm.com.br\/noticias\/prefeitura-de-adamantina-executa-melhorias-em-areas-verdes\/#primaryimage","url":"https:\/\/radiolifefm.com.br\/noticias\/wp-content\/uploads\/2021\/07\/73b4f1a85e60fd01e528490c9cb4c714.jpg","contentUrl":"https:\/\/radiolifefm.com.br\/noticias\/wp-content\/uploads\/2021\/07\/73b4f1a85e60fd01e528490c9cb4c714.jpg","width":848,"height":294},{"@type":"BreadcrumbList","@id":"https:\/\/radiolifefm.com.br\/noticias\/prefeitura-de-adamantina-executa-melhorias-em-areas-verdes\/#breadcrumb","itemListElement":[{"@type":"ListItem","position":1,"name":"In\u00edcio","item":"https:\/\/radiolifefm.com.br\/noticias\/"},{"@type":"ListItem","position":2,"name":"Prefeitura de Adamantina executa melhorias em \u00e1reas verdes"}]},{"@type":"WebSite","@id":"https:\/\/radiolifefm.com.br\/noticias\/#website","url":"https:\/\/radiolifefm.com.br\/noticias\/","name":"R\u00e1dio Life FM","description":"O Portal de Not\u00edcias de Adamantina","publisher":{"@id":"https:\/\/radiolifefm.com.br\/noticias\/#organization"},"alternateName":"Life FM","potentialAction":[{"@type":"SearchAction","target":{"@type":"EntryPoint","urlTemplate":"https:\/\/radiolifefm.com.br\/noticias\/?s={search_term_string}"},"query-input":{"@type":"PropertyValueSpecification","valueRequired":true,"valueName":"search_term_string"}}],"inLanguage":"pt-BR"},{"@type":"Organization","@id":"https:\/\/radiolifefm.com.br\/noticias\/#organization","name":"R\u00e1dio Life FM","alternateName":"Life FM","url":"https:\/\/radiolifefm.com.br\/noticias\/","logo":{"@type":"ImageObject","inLanguage":"pt-BR","@id":"https:\/\/radiolifefm.com.br\/noticias\/#\/schema\/logo\/image\/","url":"https:\/\/static.radiolifefm.com.br\/noticias\/wp-content\/uploads\/2019\/10\/logo-lifefm.png","contentUrl":"https:\/\/static.radiolifefm.com.br\/noticias\/wp-content\/uploads\/2019\/10\/logo-lifefm.png","width":196,"height":47,"caption":"R\u00e1dio Life FM"},"image":{"@id":"https:\/\/radiolifefm.com.br\/noticias\/#\/schema\/logo\/image\/"},"sameAs":["https:\/\/www.facebook.com\/radiolifefm\/","https:\/\/www.instagram.com\/life1079fm\/"]},{"@type":"Person","@id":"https:\/\/radiolifefm.com.br\/noticias\/#\/schema\/person\/6339b9fac59d12b071dec680d7375d87","name":"ritanery","image":{"@type":"ImageObject","inLanguage":"pt-BR","@id":"https:\/\/secure.gravatar.com\/avatar\/0e37bb19071f47c0b8a23f62a903df117c5a0e75f65a0c2901562f97cd41cf86?s=96&d=mm&r=g","url":"https:\/\/secure.gravatar.com\/avatar\/0e37bb19071f47c0b8a23f62a903df117c5a0e75f65a0c2901562f97cd41cf86?s=96&d=mm&r=g","contentUrl":"https:\/\/secure.gravatar.com\/avatar\/0e37bb19071f47c0b8a23f62a903df117c5a0e75f65a0c2901562f97cd41cf86?s=96&d=mm&r=g","caption":"ritanery"}}]}},"amp_enabled":true,"_links":{"self":[{"href":"https:\/\/radiolifefm.com.br\/noticias\/wp-json\/wp\/v2\/posts\/40485","targetHints":{"allow":["GET"]}}],"collection":[{"href":"https:\/\/radiolifefm.com.br\/noticias\/wp-json\/wp\/v2\/posts"}],"about":[{"href":"https:\/\/radiolifefm.com.br\/noticias\/wp-json\/wp\/v2\/types\/post"}],"author":[{"embeddable":true,"href":"https:\/\/radiolifefm.com.br\/noticias\/wp-json\/wp\/v2\/users\/13"}],"replies":[{"embeddable":true,"href":"https:\/\/radiolifefm.com.br\/noticias\/wp-json\/wp\/v2\/comments?post=40485"}],"version-history":[{"count":1,"href":"https:\/\/radiolifefm.com.br\/noticias\/wp-json\/wp\/v2\/posts\/40485\/revisions"}],"predecessor-version":[{"id":40487,"href":"https:\/\/radiolifefm.com.br\/noticias\/wp-json\/wp\/v2\/posts\/40485\/revisions\/40487"}],"wp:featuredmedia":[{"embeddable":true,"href":"https:\/\/radiolifefm.com.br\/noticias\/wp-json\/wp\/v2\/media\/40486"}],"wp:attachment":[{"href":"https:\/\/radiolifefm.com.br\/noticias\/wp-json\/wp\/v2\/media?parent=40485"}],"wp:term":[{"taxonomy":"category","embeddable":true,"href":"https:\/\/radiolifefm.com.br\/noticias\/wp-json\/wp\/v2\/categories?post=40485"},{"taxonomy":"post_tag","embeddable":true,"href":"https:\/\/radiolifefm.com.br\/noticias\/wp-json\/wp\/v2\/tags?post=40485"}],"curies":[{"name":"wp","href":"https:\/\/api.w.org\/{rel}","templated":true}]}}