{"id":40466,"date":"2021-07-07T11:32:01","date_gmt":"2021-07-07T14:32:01","guid":{"rendered":"https:\/\/radiolifefm.com.br\/noticias\/?p=40466"},"modified":"2026-04-05T18:02:03","modified_gmt":"2026-04-05T21:02:03","slug":"a-sabatina-com-os-atuais-nomes-indicados-pelo-prefeito-marcio-cardin-aos-cargos-da-reitoria-da-unifai-sera-realizada-nesta-quarta-7","status":"publish","type":"post","link":"https:\/\/radiolifefm.com.br\/noticias\/a-sabatina-com-os-atuais-nomes-indicados-pelo-prefeito-marcio-cardin-aos-cargos-da-reitoria-da-unifai-sera-realizada-nesta-quarta-7\/","title":{"rendered":"A sabatina com os atuais nomes indicados pelo prefeito M\u00e1rcio Cardin aos cargos da reitoria da UNIFAI, ser\u00e1 realizada nesta quarta (7)"},"content":{"rendered":"<div id=\"fb-root\"><\/div>\n<p>Os prof.. Dr.. Alexandre Teixeira de Souza e Prof. Dr. Wendel Cl\u00e9ber Soares, responder\u00e3o as perguntas dos vereadores, evidenciando pontos do projeto de gest\u00e3o elaborado para executar na UNIFAI nos pr\u00f3ximos anos \u00e0 frente da reitoria.<\/p>\n<p>Todos os nomes que comp\u00f5em a atual lista tr\u00edplice foram sabatinados pelos vereadores de Adamantina e rejeitados em vota\u00e7\u00e3o na c\u00e2mara municipal.<\/p>\n<p>Os candidatos de hoje obtiveram 12 votos do conselho da UNIFAI, o objetivo da sabatina \u00e9 conhecer o projeto dos candidatos que conquistou a maioria dos votos do conselho universit\u00e1rio<\/p>\n<p>Est\u00e1 marcado para a s 15h desta quarta (7) a sess\u00e3o extraordin\u00e1ria da C\u00e2mara Municipal de adamantina a vota\u00e7\u00e3o e posteriormente dever\u00e3o ser nomeados pelo prefeito Marcio Cardim.<\/p>\n<p>Acompanhe a sess\u00e3o\u00a0 na p\u00e1gina do facebook da C\u00e2mara Municipal de Adamantina.<\/p>\n<p>Fonte: R\u00e1dio Life Fm<\/p>\n","protected":false},"excerpt":{"rendered":"<p>Os prof.. Dr.. Alexandre Teixeira de Souza e Prof. Dr. Wendel Cl\u00e9ber Soares, responder\u00e3o as perguntas dos vereadores, evidenciando pontos do projeto de gest\u00e3o elaborado para executar na UNIFAI nos pr\u00f3ximos anos \u00e0 frente da reitoria. Todos os nomes que comp\u00f5em a atual lista tr\u00edplice foram sabatinados pelos vereadores de Adamantina e rejeitados em vota\u00e7\u00e3o [&hellip;]<\/p>\n","protected":false},"author":13,"featured_media":9863,"comment_status":"closed","ping_status":"open","sticky":false,"template":"","format":"standard","meta":{"_acf_changed":false,"_exactmetrics_skip_tracking":false,"_exactmetrics_sitenote_active":false,"_exactmetrics_sitenote_note":"","_exactmetrics_sitenote_category":0,"footnotes":""},"categories":[21],"tags":[],"class_list":["post-40466","post","type-post","status-publish","format-standard","has-post-thumbnail","hentry","category-adamantina"],"acf":[],"yoast_head":"<!-- This site is optimized with the Yoast SEO plugin v27.2 - https:\/\/yoast.com\/product\/yoast-seo-wordpress\/ -->\n<title>A sabatina com os atuais nomes indicados pelo prefeito M\u00e1rcio Cardin aos cargos da reitoria da UNIFAI, ser\u00e1 realizada nesta quarta (7) - R\u00e1dio Life FM<\/title>\n<meta name=\"robots\" content=\"index, follow, max-snippet:-1, max-image-preview:large, max-video-preview:-1\" \/>\n<link rel=\"canonical\" href=\"https:\/\/radiolifefm.com.br\/noticias\/a-sabatina-com-os-atuais-nomes-indicados-pelo-prefeito-marcio-cardin-aos-cargos-da-reitoria-da-unifai-sera-realizada-nesta-quarta-7\/\" \/>\n<meta property=\"og:locale\" content=\"pt_BR\" \/>\n<meta property=\"og:type\" content=\"article\" \/>\n<meta property=\"og:title\" content=\"A sabatina com os atuais nomes indicados pelo prefeito M\u00e1rcio Cardin aos cargos da reitoria da UNIFAI, ser\u00e1 realizada nesta quarta (7) - R\u00e1dio Life FM\" \/>\n<meta property=\"og:description\" content=\"Os prof.. Dr.. Alexandre Teixeira de Souza e Prof. Dr. Wendel Cl\u00e9ber Soares, responder\u00e3o as perguntas dos vereadores, evidenciando pontos do projeto de gest\u00e3o elaborado para executar na UNIFAI nos pr\u00f3ximos anos \u00e0 frente da reitoria. Todos os nomes que comp\u00f5em a atual lista tr\u00edplice foram sabatinados pelos vereadores de Adamantina e rejeitados em vota\u00e7\u00e3o [&hellip;]\" \/>\n<meta property=\"og:url\" content=\"https:\/\/radiolifefm.com.br\/noticias\/a-sabatina-com-os-atuais-nomes-indicados-pelo-prefeito-marcio-cardin-aos-cargos-da-reitoria-da-unifai-sera-realizada-nesta-quarta-7\/\" \/>\n<meta property=\"og:site_name\" content=\"R\u00e1dio Life FM\" \/>\n<meta property=\"article:publisher\" content=\"https:\/\/www.facebook.com\/radiolifefm\/\" \/>\n<meta property=\"article:published_time\" content=\"2021-07-07T14:32:01+00:00\" \/>\n<meta property=\"article:modified_time\" content=\"2026-04-05T21:02:03+00:00\" \/>\n<meta property=\"og:image\" content=\"https:\/\/radiolifefm.com.br\/noticias\/wp-content\/uploads\/2019\/02\/C\u00e2mara.jpg\" \/>\n\t<meta property=\"og:image:width\" content=\"650\" \/>\n\t<meta property=\"og:image:height\" content=\"395\" \/>\n\t<meta property=\"og:image:type\" content=\"image\/jpeg\" \/>\n<meta name=\"author\" content=\"ritanery\" \/>\n<meta name=\"twitter:card\" content=\"summary_large_image\" \/>\n<meta name=\"twitter:label1\" content=\"Escrito por\" \/>\n\t<meta name=\"twitter:data1\" content=\"ritanery\" \/>\n\t<meta name=\"twitter:label2\" content=\"Est. tempo de leitura\" \/>\n\t<meta name=\"twitter:data2\" content=\"1 minuto\" \/>\n<script type=\"application\/ld+json\" class=\"yoast-schema-graph\">{\"@context\":\"https:\/\/schema.org\",\"@graph\":[{\"@type\":\"Article\",\"@id\":\"https:\/\/radiolifefm.com.br\/noticias\/a-sabatina-com-os-atuais-nomes-indicados-pelo-prefeito-marcio-cardin-aos-cargos-da-reitoria-da-unifai-sera-realizada-nesta-quarta-7\/#article\",\"isPartOf\":{\"@id\":\"https:\/\/radiolifefm.com.br\/noticias\/a-sabatina-com-os-atuais-nomes-indicados-pelo-prefeito-marcio-cardin-aos-cargos-da-reitoria-da-unifai-sera-realizada-nesta-quarta-7\/\"},\"author\":{\"name\":\"ritanery\",\"@id\":\"https:\/\/radiolifefm.com.br\/noticias\/#\/schema\/person\/6339b9fac59d12b071dec680d7375d87\"},\"headline\":\"A sabatina com os atuais nomes indicados pelo prefeito M\u00e1rcio Cardin aos cargos da reitoria da UNIFAI, ser\u00e1 realizada nesta quarta (7)\",\"datePublished\":\"2021-07-07T14:32:01+00:00\",\"dateModified\":\"2026-04-05T21:02:03+00:00\",\"mainEntityOfPage\":{\"@id\":\"https:\/\/radiolifefm.com.br\/noticias\/a-sabatina-com-os-atuais-nomes-indicados-pelo-prefeito-marcio-cardin-aos-cargos-da-reitoria-da-unifai-sera-realizada-nesta-quarta-7\/\"},\"wordCount\":168,\"publisher\":{\"@id\":\"https:\/\/radiolifefm.com.br\/noticias\/#organization\"},\"image\":{\"@id\":\"https:\/\/radiolifefm.com.br\/noticias\/a-sabatina-com-os-atuais-nomes-indicados-pelo-prefeito-marcio-cardin-aos-cargos-da-reitoria-da-unifai-sera-realizada-nesta-quarta-7\/#primaryimage\"},\"thumbnailUrl\":\"https:\/\/radiolifefm.com.br\/noticias\/wp-content\/uploads\/2019\/02\/C\u00e2mara.jpg\",\"articleSection\":[\"Adamantina\"],\"inLanguage\":\"pt-BR\"},{\"@type\":\"WebPage\",\"@id\":\"https:\/\/radiolifefm.com.br\/noticias\/a-sabatina-com-os-atuais-nomes-indicados-pelo-prefeito-marcio-cardin-aos-cargos-da-reitoria-da-unifai-sera-realizada-nesta-quarta-7\/\",\"url\":\"https:\/\/radiolifefm.com.br\/noticias\/a-sabatina-com-os-atuais-nomes-indicados-pelo-prefeito-marcio-cardin-aos-cargos-da-reitoria-da-unifai-sera-realizada-nesta-quarta-7\/\",\"name\":\"A sabatina com os atuais nomes indicados pelo prefeito M\u00e1rcio Cardin aos cargos da reitoria da UNIFAI, ser\u00e1 realizada nesta quarta (7) - R\u00e1dio Life FM\",\"isPartOf\":{\"@id\":\"https:\/\/radiolifefm.com.br\/noticias\/#website\"},\"primaryImageOfPage\":{\"@id\":\"https:\/\/radiolifefm.com.br\/noticias\/a-sabatina-com-os-atuais-nomes-indicados-pelo-prefeito-marcio-cardin-aos-cargos-da-reitoria-da-unifai-sera-realizada-nesta-quarta-7\/#primaryimage\"},\"image\":{\"@id\":\"https:\/\/radiolifefm.com.br\/noticias\/a-sabatina-com-os-atuais-nomes-indicados-pelo-prefeito-marcio-cardin-aos-cargos-da-reitoria-da-unifai-sera-realizada-nesta-quarta-7\/#primaryimage\"},\"thumbnailUrl\":\"https:\/\/radiolifefm.com.br\/noticias\/wp-content\/uploads\/2019\/02\/C\u00e2mara.jpg\",\"datePublished\":\"2021-07-07T14:32:01+00:00\",\"dateModified\":\"2026-04-05T21:02:03+00:00\",\"breadcrumb\":{\"@id\":\"https:\/\/radiolifefm.com.br\/noticias\/a-sabatina-com-os-atuais-nomes-indicados-pelo-prefeito-marcio-cardin-aos-cargos-da-reitoria-da-unifai-sera-realizada-nesta-quarta-7\/#breadcrumb\"},\"inLanguage\":\"pt-BR\",\"potentialAction\":[{\"@type\":\"ReadAction\",\"target\":[\"https:\/\/radiolifefm.com.br\/noticias\/a-sabatina-com-os-atuais-nomes-indicados-pelo-prefeito-marcio-cardin-aos-cargos-da-reitoria-da-unifai-sera-realizada-nesta-quarta-7\/\"]}]},{\"@type\":\"ImageObject\",\"inLanguage\":\"pt-BR\",\"@id\":\"https:\/\/radiolifefm.com.br\/noticias\/a-sabatina-com-os-atuais-nomes-indicados-pelo-prefeito-marcio-cardin-aos-cargos-da-reitoria-da-unifai-sera-realizada-nesta-quarta-7\/#primaryimage\",\"url\":\"https:\/\/radiolifefm.com.br\/noticias\/wp-content\/uploads\/2019\/02\/C\u00e2mara.jpg\",\"contentUrl\":\"https:\/\/radiolifefm.com.br\/noticias\/wp-content\/uploads\/2019\/02\/C\u00e2mara.jpg\",\"width\":650,\"height\":395,\"caption\":\"Atividades de 2019 retomam nesta segunda-feira (4)\"},{\"@type\":\"BreadcrumbList\",\"@id\":\"https:\/\/radiolifefm.com.br\/noticias\/a-sabatina-com-os-atuais-nomes-indicados-pelo-prefeito-marcio-cardin-aos-cargos-da-reitoria-da-unifai-sera-realizada-nesta-quarta-7\/#breadcrumb\",\"itemListElement\":[{\"@type\":\"ListItem\",\"position\":1,\"name\":\"In\u00edcio\",\"item\":\"https:\/\/radiolifefm.com.br\/noticias\/\"},{\"@type\":\"ListItem\",\"position\":2,\"name\":\"A sabatina com os atuais nomes indicados pelo prefeito M\u00e1rcio Cardin aos cargos da reitoria da UNIFAI, ser\u00e1 realizada nesta quarta (7)\"}]},{\"@type\":\"WebSite\",\"@id\":\"https:\/\/radiolifefm.com.br\/noticias\/#website\",\"url\":\"https:\/\/radiolifefm.com.br\/noticias\/\",\"name\":\"R\u00e1dio Life FM\",\"description\":\"O Portal de Not\u00edcias de Adamantina\",\"publisher\":{\"@id\":\"https:\/\/radiolifefm.com.br\/noticias\/#organization\"},\"alternateName\":\"Life FM\",\"potentialAction\":[{\"@type\":\"SearchAction\",\"target\":{\"@type\":\"EntryPoint\",\"urlTemplate\":\"https:\/\/radiolifefm.com.br\/noticias\/?s={search_term_string}\"},\"query-input\":{\"@type\":\"PropertyValueSpecification\",\"valueRequired\":true,\"valueName\":\"search_term_string\"}}],\"inLanguage\":\"pt-BR\"},{\"@type\":\"Organization\",\"@id\":\"https:\/\/radiolifefm.com.br\/noticias\/#organization\",\"name\":\"R\u00e1dio Life FM\",\"alternateName\":\"Life FM\",\"url\":\"https:\/\/radiolifefm.com.br\/noticias\/\",\"logo\":{\"@type\":\"ImageObject\",\"inLanguage\":\"pt-BR\",\"@id\":\"https:\/\/radiolifefm.com.br\/noticias\/#\/schema\/logo\/image\/\",\"url\":\"https:\/\/static.radiolifefm.com.br\/noticias\/wp-content\/uploads\/2019\/10\/logo-lifefm.png\",\"contentUrl\":\"https:\/\/static.radiolifefm.com.br\/noticias\/wp-content\/uploads\/2019\/10\/logo-lifefm.png\",\"width\":196,\"height\":47,\"caption\":\"R\u00e1dio Life FM\"},\"image\":{\"@id\":\"https:\/\/radiolifefm.com.br\/noticias\/#\/schema\/logo\/image\/\"},\"sameAs\":[\"https:\/\/www.facebook.com\/radiolifefm\/\",\"https:\/\/www.instagram.com\/life1079fm\/\"]},{\"@type\":\"Person\",\"@id\":\"https:\/\/radiolifefm.com.br\/noticias\/#\/schema\/person\/6339b9fac59d12b071dec680d7375d87\",\"name\":\"ritanery\",\"image\":{\"@type\":\"ImageObject\",\"inLanguage\":\"pt-BR\",\"@id\":\"https:\/\/secure.gravatar.com\/avatar\/0e37bb19071f47c0b8a23f62a903df117c5a0e75f65a0c2901562f97cd41cf86?s=96&d=mm&r=g\",\"url\":\"https:\/\/secure.gravatar.com\/avatar\/0e37bb19071f47c0b8a23f62a903df117c5a0e75f65a0c2901562f97cd41cf86?s=96&d=mm&r=g\",\"contentUrl\":\"https:\/\/secure.gravatar.com\/avatar\/0e37bb19071f47c0b8a23f62a903df117c5a0e75f65a0c2901562f97cd41cf86?s=96&d=mm&r=g\",\"caption\":\"ritanery\"}}]}<\/script>\n<!-- \/ Yoast SEO plugin. -->","yoast_head_json":{"title":"A sabatina com os atuais nomes indicados pelo prefeito M\u00e1rcio Cardin aos cargos da reitoria da UNIFAI, ser\u00e1 realizada nesta quarta (7) - R\u00e1dio Life FM","robots":{"index":"index","follow":"follow","max-snippet":"max-snippet:-1","max-image-preview":"max-image-preview:large","max-video-preview":"max-video-preview:-1"},"canonical":"https:\/\/radiolifefm.com.br\/noticias\/a-sabatina-com-os-atuais-nomes-indicados-pelo-prefeito-marcio-cardin-aos-cargos-da-reitoria-da-unifai-sera-realizada-nesta-quarta-7\/","og_locale":"pt_BR","og_type":"article","og_title":"A sabatina com os atuais nomes indicados pelo prefeito M\u00e1rcio Cardin aos cargos da reitoria da UNIFAI, ser\u00e1 realizada nesta quarta (7) - R\u00e1dio Life FM","og_description":"Os prof.. Dr.. Alexandre Teixeira de Souza e Prof. Dr. Wendel Cl\u00e9ber Soares, responder\u00e3o as perguntas dos vereadores, evidenciando pontos do projeto de gest\u00e3o elaborado para executar na UNIFAI nos pr\u00f3ximos anos \u00e0 frente da reitoria. Todos os nomes que comp\u00f5em a atual lista tr\u00edplice foram sabatinados pelos vereadores de Adamantina e rejeitados em vota\u00e7\u00e3o [&hellip;]","og_url":"https:\/\/radiolifefm.com.br\/noticias\/a-sabatina-com-os-atuais-nomes-indicados-pelo-prefeito-marcio-cardin-aos-cargos-da-reitoria-da-unifai-sera-realizada-nesta-quarta-7\/","og_site_name":"R\u00e1dio Life FM","article_publisher":"https:\/\/www.facebook.com\/radiolifefm\/","article_published_time":"2021-07-07T14:32:01+00:00","article_modified_time":"2026-04-05T21:02:03+00:00","og_image":[{"width":650,"height":395,"url":"https:\/\/radiolifefm.com.br\/noticias\/wp-content\/uploads\/2019\/02\/C\u00e2mara.jpg","type":"image\/jpeg"}],"author":"ritanery","twitter_card":"summary_large_image","twitter_misc":{"Escrito por":"ritanery","Est. tempo de leitura":"1 minuto"},"schema":{"@context":"https:\/\/schema.org","@graph":[{"@type":"Article","@id":"https:\/\/radiolifefm.com.br\/noticias\/a-sabatina-com-os-atuais-nomes-indicados-pelo-prefeito-marcio-cardin-aos-cargos-da-reitoria-da-unifai-sera-realizada-nesta-quarta-7\/#article","isPartOf":{"@id":"https:\/\/radiolifefm.com.br\/noticias\/a-sabatina-com-os-atuais-nomes-indicados-pelo-prefeito-marcio-cardin-aos-cargos-da-reitoria-da-unifai-sera-realizada-nesta-quarta-7\/"},"author":{"name":"ritanery","@id":"https:\/\/radiolifefm.com.br\/noticias\/#\/schema\/person\/6339b9fac59d12b071dec680d7375d87"},"headline":"A sabatina com os atuais nomes indicados pelo prefeito M\u00e1rcio Cardin aos cargos da reitoria da UNIFAI, ser\u00e1 realizada nesta quarta (7)","datePublished":"2021-07-07T14:32:01+00:00","dateModified":"2026-04-05T21:02:03+00:00","mainEntityOfPage":{"@id":"https:\/\/radiolifefm.com.br\/noticias\/a-sabatina-com-os-atuais-nomes-indicados-pelo-prefeito-marcio-cardin-aos-cargos-da-reitoria-da-unifai-sera-realizada-nesta-quarta-7\/"},"wordCount":168,"publisher":{"@id":"https:\/\/radiolifefm.com.br\/noticias\/#organization"},"image":{"@id":"https:\/\/radiolifefm.com.br\/noticias\/a-sabatina-com-os-atuais-nomes-indicados-pelo-prefeito-marcio-cardin-aos-cargos-da-reitoria-da-unifai-sera-realizada-nesta-quarta-7\/#primaryimage"},"thumbnailUrl":"https:\/\/radiolifefm.com.br\/noticias\/wp-content\/uploads\/2019\/02\/C\u00e2mara.jpg","articleSection":["Adamantina"],"inLanguage":"pt-BR"},{"@type":"WebPage","@id":"https:\/\/radiolifefm.com.br\/noticias\/a-sabatina-com-os-atuais-nomes-indicados-pelo-prefeito-marcio-cardin-aos-cargos-da-reitoria-da-unifai-sera-realizada-nesta-quarta-7\/","url":"https:\/\/radiolifefm.com.br\/noticias\/a-sabatina-com-os-atuais-nomes-indicados-pelo-prefeito-marcio-cardin-aos-cargos-da-reitoria-da-unifai-sera-realizada-nesta-quarta-7\/","name":"A sabatina com os atuais nomes indicados pelo prefeito M\u00e1rcio Cardin aos cargos da reitoria da UNIFAI, ser\u00e1 realizada nesta quarta (7) - R\u00e1dio Life FM","isPartOf":{"@id":"https:\/\/radiolifefm.com.br\/noticias\/#website"},"primaryImageOfPage":{"@id":"https:\/\/radiolifefm.com.br\/noticias\/a-sabatina-com-os-atuais-nomes-indicados-pelo-prefeito-marcio-cardin-aos-cargos-da-reitoria-da-unifai-sera-realizada-nesta-quarta-7\/#primaryimage"},"image":{"@id":"https:\/\/radiolifefm.com.br\/noticias\/a-sabatina-com-os-atuais-nomes-indicados-pelo-prefeito-marcio-cardin-aos-cargos-da-reitoria-da-unifai-sera-realizada-nesta-quarta-7\/#primaryimage"},"thumbnailUrl":"https:\/\/radiolifefm.com.br\/noticias\/wp-content\/uploads\/2019\/02\/C\u00e2mara.jpg","datePublished":"2021-07-07T14:32:01+00:00","dateModified":"2026-04-05T21:02:03+00:00","breadcrumb":{"@id":"https:\/\/radiolifefm.com.br\/noticias\/a-sabatina-com-os-atuais-nomes-indicados-pelo-prefeito-marcio-cardin-aos-cargos-da-reitoria-da-unifai-sera-realizada-nesta-quarta-7\/#breadcrumb"},"inLanguage":"pt-BR","potentialAction":[{"@type":"ReadAction","target":["https:\/\/radiolifefm.com.br\/noticias\/a-sabatina-com-os-atuais-nomes-indicados-pelo-prefeito-marcio-cardin-aos-cargos-da-reitoria-da-unifai-sera-realizada-nesta-quarta-7\/"]}]},{"@type":"ImageObject","inLanguage":"pt-BR","@id":"https:\/\/radiolifefm.com.br\/noticias\/a-sabatina-com-os-atuais-nomes-indicados-pelo-prefeito-marcio-cardin-aos-cargos-da-reitoria-da-unifai-sera-realizada-nesta-quarta-7\/#primaryimage","url":"https:\/\/radiolifefm.com.br\/noticias\/wp-content\/uploads\/2019\/02\/C\u00e2mara.jpg","contentUrl":"https:\/\/radiolifefm.com.br\/noticias\/wp-content\/uploads\/2019\/02\/C\u00e2mara.jpg","width":650,"height":395,"caption":"Atividades de 2019 retomam nesta segunda-feira (4)"},{"@type":"BreadcrumbList","@id":"https:\/\/radiolifefm.com.br\/noticias\/a-sabatina-com-os-atuais-nomes-indicados-pelo-prefeito-marcio-cardin-aos-cargos-da-reitoria-da-unifai-sera-realizada-nesta-quarta-7\/#breadcrumb","itemListElement":[{"@type":"ListItem","position":1,"name":"In\u00edcio","item":"https:\/\/radiolifefm.com.br\/noticias\/"},{"@type":"ListItem","position":2,"name":"A sabatina com os atuais nomes indicados pelo prefeito M\u00e1rcio Cardin aos cargos da reitoria da UNIFAI, ser\u00e1 realizada nesta quarta (7)"}]},{"@type":"WebSite","@id":"https:\/\/radiolifefm.com.br\/noticias\/#website","url":"https:\/\/radiolifefm.com.br\/noticias\/","name":"R\u00e1dio Life FM","description":"O Portal de Not\u00edcias de Adamantina","publisher":{"@id":"https:\/\/radiolifefm.com.br\/noticias\/#organization"},"alternateName":"Life FM","potentialAction":[{"@type":"SearchAction","target":{"@type":"EntryPoint","urlTemplate":"https:\/\/radiolifefm.com.br\/noticias\/?s={search_term_string}"},"query-input":{"@type":"PropertyValueSpecification","valueRequired":true,"valueName":"search_term_string"}}],"inLanguage":"pt-BR"},{"@type":"Organization","@id":"https:\/\/radiolifefm.com.br\/noticias\/#organization","name":"R\u00e1dio Life FM","alternateName":"Life FM","url":"https:\/\/radiolifefm.com.br\/noticias\/","logo":{"@type":"ImageObject","inLanguage":"pt-BR","@id":"https:\/\/radiolifefm.com.br\/noticias\/#\/schema\/logo\/image\/","url":"https:\/\/static.radiolifefm.com.br\/noticias\/wp-content\/uploads\/2019\/10\/logo-lifefm.png","contentUrl":"https:\/\/static.radiolifefm.com.br\/noticias\/wp-content\/uploads\/2019\/10\/logo-lifefm.png","width":196,"height":47,"caption":"R\u00e1dio Life FM"},"image":{"@id":"https:\/\/radiolifefm.com.br\/noticias\/#\/schema\/logo\/image\/"},"sameAs":["https:\/\/www.facebook.com\/radiolifefm\/","https:\/\/www.instagram.com\/life1079fm\/"]},{"@type":"Person","@id":"https:\/\/radiolifefm.com.br\/noticias\/#\/schema\/person\/6339b9fac59d12b071dec680d7375d87","name":"ritanery","image":{"@type":"ImageObject","inLanguage":"pt-BR","@id":"https:\/\/secure.gravatar.com\/avatar\/0e37bb19071f47c0b8a23f62a903df117c5a0e75f65a0c2901562f97cd41cf86?s=96&d=mm&r=g","url":"https:\/\/secure.gravatar.com\/avatar\/0e37bb19071f47c0b8a23f62a903df117c5a0e75f65a0c2901562f97cd41cf86?s=96&d=mm&r=g","contentUrl":"https:\/\/secure.gravatar.com\/avatar\/0e37bb19071f47c0b8a23f62a903df117c5a0e75f65a0c2901562f97cd41cf86?s=96&d=mm&r=g","caption":"ritanery"}}]}},"amp_enabled":true,"_links":{"self":[{"href":"https:\/\/radiolifefm.com.br\/noticias\/wp-json\/wp\/v2\/posts\/40466","targetHints":{"allow":["GET"]}}],"collection":[{"href":"https:\/\/radiolifefm.com.br\/noticias\/wp-json\/wp\/v2\/posts"}],"about":[{"href":"https:\/\/radiolifefm.com.br\/noticias\/wp-json\/wp\/v2\/types\/post"}],"author":[{"embeddable":true,"href":"https:\/\/radiolifefm.com.br\/noticias\/wp-json\/wp\/v2\/users\/13"}],"replies":[{"embeddable":true,"href":"https:\/\/radiolifefm.com.br\/noticias\/wp-json\/wp\/v2\/comments?post=40466"}],"version-history":[{"count":3,"href":"https:\/\/radiolifefm.com.br\/noticias\/wp-json\/wp\/v2\/posts\/40466\/revisions"}],"predecessor-version":[{"id":40469,"href":"https:\/\/radiolifefm.com.br\/noticias\/wp-json\/wp\/v2\/posts\/40466\/revisions\/40469"}],"wp:featuredmedia":[{"embeddable":true,"href":"https:\/\/radiolifefm.com.br\/noticias\/wp-json\/wp\/v2\/media\/9863"}],"wp:attachment":[{"href":"https:\/\/radiolifefm.com.br\/noticias\/wp-json\/wp\/v2\/media?parent=40466"}],"wp:term":[{"taxonomy":"category","embeddable":true,"href":"https:\/\/radiolifefm.com.br\/noticias\/wp-json\/wp\/v2\/categories?post=40466"},{"taxonomy":"post_tag","embeddable":true,"href":"https:\/\/radiolifefm.com.br\/noticias\/wp-json\/wp\/v2\/tags?post=40466"}],"curies":[{"name":"wp","href":"https:\/\/api.w.org\/{rel}","templated":true}]}}