{"id":40456,"date":"2021-07-07T10:27:18","date_gmt":"2021-07-07T13:27:18","guid":{"rendered":"https:\/\/radiolifefm.com.br\/noticias\/?p=40456"},"modified":"2026-03-04T21:46:10","modified_gmt":"2026-03-05T00:46:10","slug":"carreta-de-bitrem-tomba-na-sp-294-rotatoria-da-lagoa-seca","status":"publish","type":"post","link":"https:\/\/radiolifefm.com.br\/noticias\/carreta-de-bitrem-tomba-na-sp-294-rotatoria-da-lagoa-seca\/","title":{"rendered":"Carreta de bitrem tomba na SP-294, rotat\u00f3ria da Lagoa Seca"},"content":{"rendered":"<div id=\"fb-root\"><\/div>\n<p>Uma unidade de um conjunto bitrem, com carga de baga\u00e7o de cana, tombou na manh\u00e3 desta quarta-feira (7) na Rodovia Comandante Jo\u00e3o Ribeiro de Barros (SP-294), altura da rotat\u00f3ria de acesso \u00e0 Rodovia Pl\u00e1cido Rocha\/Bairro Lagoa Seca, em Adamantina.<\/p>\n<p>O ve\u00edculo passou pela rotat\u00f3ria, sentido a Fl\u00f3rida Paulista, quando por motivos a apurar uma das unidades do m\u00f3dulo bitrem tombou \u00e0 direita, \u00e0s margens da via. N\u00e3o houve obstru\u00e7\u00e3o da pista e o tr\u00e2nsito segue normalmente no local, com as restri\u00e7\u00f5es e cuidados em raz\u00e3o do acidente.<\/p>\n<p>O ve\u00edculo que traciona as carretas e a primeira unidade do m\u00f3dulo bitrem permaneceram intactos.<\/p>\n<p>&nbsp;<\/p>\n<p>A Pol\u00edcia Militar Rodovi\u00e1ria e os agentes da Concession\u00e1ria Eixo SP foram acionados para o atendimento \u00e0 ocorr\u00eancia.<\/p>\n<p>&nbsp;<\/p>\n<p><strong>Local cr\u00edtico<\/strong><\/p>\n<p>O local onde foi registrado o tombamento da carreta, na manh\u00e3 de hoje, \u00e9 um ponto cr\u00edtico nesse trecho da SP-294, com frequentes ocorr\u00eancias similares de tombamento e capotamento de ve\u00edculos. A rotat\u00f3ria tem limite de velocidade reduzido.<\/p>\n<div class='flex flex-wrap items-center -mx-1'>\r\n<a class='thumbnail gallery p-1 w-1\/2 md:w-1\/4' href='https:\/\/radiolifefm.com.br\/noticias\/wp-content\/uploads\/2021\/07\/whatsapp-image-20210707-at-084944jpeg162566135560e59fab439db.jpeg'><img class='border border-white' src='https:\/\/radiolifefm.com.br\/noticias\/wp-content\/uploads\/2021\/07\/whatsapp-image-20210707-at-084944jpeg162566135560e59fab439db-200x200.jpeg' alt='Whatsapp Image 20210707 At 084944jpeg162566135560e59fab439db' \/><\/a><a class='thumbnail gallery p-1 w-1\/2 md:w-1\/4' href='https:\/\/radiolifefm.com.br\/noticias\/wp-content\/uploads\/2021\/07\/whatsapp-image-20210707-at-085113jpg162566131360e59f81d3e82.jpg'><img class='border border-white' src='https:\/\/radiolifefm.com.br\/noticias\/wp-content\/uploads\/2021\/07\/whatsapp-image-20210707-at-085113jpg162566131360e59f81d3e82-200x200.jpg' alt='Whatsapp Image 20210707 At 085113jpg162566131360e59f81d3e82' \/><\/a><a class='thumbnail gallery p-1 w-1\/2 md:w-1\/4' href='https:\/\/radiolifefm.com.br\/noticias\/wp-content\/uploads\/2021\/07\/whatsapp-image-20210707-at-085536jpg162566129560e59f6f157c4.jpg'><img class='border border-white' src='https:\/\/radiolifefm.com.br\/noticias\/wp-content\/uploads\/2021\/07\/whatsapp-image-20210707-at-085536jpg162566129560e59f6f157c4-200x200.jpg' alt='Whatsapp Image 20210707 At 085536jpg162566129560e59f6f157c4' \/><\/a><\/div>\n<p>Fonte: Siga Mais<\/p>\n","protected":false},"excerpt":{"rendered":"<p>Uma unidade de um conjunto bitrem, com carga de baga\u00e7o de cana, tombou na manh\u00e3 desta quarta-feira (7) na Rodovia Comandante Jo\u00e3o Ribeiro de Barros (SP-294), altura da rotat\u00f3ria de acesso \u00e0 Rodovia Pl\u00e1cido Rocha\/Bairro Lagoa Seca, em Adamantina. O ve\u00edculo passou pela rotat\u00f3ria, sentido a Fl\u00f3rida Paulista, quando por motivos a apurar uma das [&hellip;]<\/p>\n","protected":false},"author":13,"featured_media":40457,"comment_status":"closed","ping_status":"open","sticky":false,"template":"","format":"standard","meta":{"_acf_changed":false,"_exactmetrics_skip_tracking":false,"_exactmetrics_sitenote_active":false,"_exactmetrics_sitenote_note":"","_exactmetrics_sitenote_category":0,"footnotes":""},"categories":[21],"tags":[],"class_list":["post-40456","post","type-post","status-publish","format-standard","has-post-thumbnail","hentry","category-adamantina"],"acf":[],"yoast_head":"<!-- This site is optimized with the Yoast SEO plugin v27.2 - https:\/\/yoast.com\/product\/yoast-seo-wordpress\/ -->\n<title>Carreta de bitrem tomba na SP-294, rotat\u00f3ria da Lagoa Seca - R\u00e1dio Life FM<\/title>\n<meta name=\"robots\" content=\"index, follow, max-snippet:-1, max-image-preview:large, max-video-preview:-1\" \/>\n<link rel=\"canonical\" href=\"https:\/\/radiolifefm.com.br\/noticias\/carreta-de-bitrem-tomba-na-sp-294-rotatoria-da-lagoa-seca\/\" \/>\n<meta property=\"og:locale\" content=\"pt_BR\" \/>\n<meta property=\"og:type\" content=\"article\" \/>\n<meta property=\"og:title\" content=\"Carreta de bitrem tomba na SP-294, rotat\u00f3ria da Lagoa Seca - R\u00e1dio Life FM\" \/>\n<meta property=\"og:description\" content=\"Uma unidade de um conjunto bitrem, com carga de baga\u00e7o de cana, tombou na manh\u00e3 desta quarta-feira (7) na Rodovia Comandante Jo\u00e3o Ribeiro de Barros (SP-294), altura da rotat\u00f3ria de acesso \u00e0 Rodovia Pl\u00e1cido Rocha\/Bairro Lagoa Seca, em Adamantina. O ve\u00edculo passou pela rotat\u00f3ria, sentido a Fl\u00f3rida Paulista, quando por motivos a apurar uma das [&hellip;]\" \/>\n<meta property=\"og:url\" content=\"https:\/\/radiolifefm.com.br\/noticias\/carreta-de-bitrem-tomba-na-sp-294-rotatoria-da-lagoa-seca\/\" \/>\n<meta property=\"og:site_name\" content=\"R\u00e1dio Life FM\" \/>\n<meta property=\"article:publisher\" content=\"https:\/\/www.facebook.com\/radiolifefm\/\" \/>\n<meta property=\"article:published_time\" content=\"2021-07-07T13:27:18+00:00\" \/>\n<meta property=\"article:modified_time\" content=\"2026-03-05T00:46:10+00:00\" \/>\n<meta property=\"og:image\" content=\"https:\/\/radiolifefm.com.br\/noticias\/wp-content\/uploads\/2021\/07\/whatsapp-image-20210707-at-084925jpg162566128160e59f61e74b7.jpg\" \/>\n\t<meta property=\"og:image:width\" content=\"719\" \/>\n\t<meta property=\"og:image:height\" content=\"405\" \/>\n\t<meta property=\"og:image:type\" content=\"image\/jpeg\" \/>\n<meta name=\"author\" content=\"ritanery\" \/>\n<meta name=\"twitter:card\" content=\"summary_large_image\" \/>\n<meta name=\"twitter:label1\" content=\"Escrito por\" \/>\n\t<meta name=\"twitter:data1\" content=\"ritanery\" \/>\n\t<meta name=\"twitter:label2\" content=\"Est. tempo de leitura\" \/>\n\t<meta name=\"twitter:data2\" content=\"1 minuto\" \/>\n<script type=\"application\/ld+json\" class=\"yoast-schema-graph\">{\"@context\":\"https:\/\/schema.org\",\"@graph\":[{\"@type\":\"Article\",\"@id\":\"https:\/\/radiolifefm.com.br\/noticias\/carreta-de-bitrem-tomba-na-sp-294-rotatoria-da-lagoa-seca\/#article\",\"isPartOf\":{\"@id\":\"https:\/\/radiolifefm.com.br\/noticias\/carreta-de-bitrem-tomba-na-sp-294-rotatoria-da-lagoa-seca\/\"},\"author\":{\"name\":\"ritanery\",\"@id\":\"https:\/\/radiolifefm.com.br\/noticias\/#\/schema\/person\/6339b9fac59d12b071dec680d7375d87\"},\"headline\":\"Carreta de bitrem tomba na SP-294, rotat\u00f3ria da Lagoa Seca\",\"datePublished\":\"2021-07-07T13:27:18+00:00\",\"dateModified\":\"2026-03-05T00:46:10+00:00\",\"mainEntityOfPage\":{\"@id\":\"https:\/\/radiolifefm.com.br\/noticias\/carreta-de-bitrem-tomba-na-sp-294-rotatoria-da-lagoa-seca\/\"},\"wordCount\":200,\"publisher\":{\"@id\":\"https:\/\/radiolifefm.com.br\/noticias\/#organization\"},\"image\":{\"@id\":\"https:\/\/radiolifefm.com.br\/noticias\/carreta-de-bitrem-tomba-na-sp-294-rotatoria-da-lagoa-seca\/#primaryimage\"},\"thumbnailUrl\":\"https:\/\/radiolifefm.com.br\/noticias\/wp-content\/uploads\/2021\/07\/whatsapp-image-20210707-at-084925jpg162566128160e59f61e74b7.jpg\",\"articleSection\":[\"Adamantina\"],\"inLanguage\":\"pt-BR\"},{\"@type\":\"WebPage\",\"@id\":\"https:\/\/radiolifefm.com.br\/noticias\/carreta-de-bitrem-tomba-na-sp-294-rotatoria-da-lagoa-seca\/\",\"url\":\"https:\/\/radiolifefm.com.br\/noticias\/carreta-de-bitrem-tomba-na-sp-294-rotatoria-da-lagoa-seca\/\",\"name\":\"Carreta de bitrem tomba na SP-294, rotat\u00f3ria da Lagoa Seca - R\u00e1dio Life FM\",\"isPartOf\":{\"@id\":\"https:\/\/radiolifefm.com.br\/noticias\/#website\"},\"primaryImageOfPage\":{\"@id\":\"https:\/\/radiolifefm.com.br\/noticias\/carreta-de-bitrem-tomba-na-sp-294-rotatoria-da-lagoa-seca\/#primaryimage\"},\"image\":{\"@id\":\"https:\/\/radiolifefm.com.br\/noticias\/carreta-de-bitrem-tomba-na-sp-294-rotatoria-da-lagoa-seca\/#primaryimage\"},\"thumbnailUrl\":\"https:\/\/radiolifefm.com.br\/noticias\/wp-content\/uploads\/2021\/07\/whatsapp-image-20210707-at-084925jpg162566128160e59f61e74b7.jpg\",\"datePublished\":\"2021-07-07T13:27:18+00:00\",\"dateModified\":\"2026-03-05T00:46:10+00:00\",\"breadcrumb\":{\"@id\":\"https:\/\/radiolifefm.com.br\/noticias\/carreta-de-bitrem-tomba-na-sp-294-rotatoria-da-lagoa-seca\/#breadcrumb\"},\"inLanguage\":\"pt-BR\",\"potentialAction\":[{\"@type\":\"ReadAction\",\"target\":[\"https:\/\/radiolifefm.com.br\/noticias\/carreta-de-bitrem-tomba-na-sp-294-rotatoria-da-lagoa-seca\/\"]}]},{\"@type\":\"ImageObject\",\"inLanguage\":\"pt-BR\",\"@id\":\"https:\/\/radiolifefm.com.br\/noticias\/carreta-de-bitrem-tomba-na-sp-294-rotatoria-da-lagoa-seca\/#primaryimage\",\"url\":\"https:\/\/radiolifefm.com.br\/noticias\/wp-content\/uploads\/2021\/07\/whatsapp-image-20210707-at-084925jpg162566128160e59f61e74b7.jpg\",\"contentUrl\":\"https:\/\/radiolifefm.com.br\/noticias\/wp-content\/uploads\/2021\/07\/whatsapp-image-20210707-at-084925jpg162566128160e59f61e74b7.jpg\",\"width\":719,\"height\":405,\"caption\":\"Local \u00e9 um dos pontos cr\u00edticos na SP-294, com frequentes ocorr\u00eancias da mesma natureza.\"},{\"@type\":\"BreadcrumbList\",\"@id\":\"https:\/\/radiolifefm.com.br\/noticias\/carreta-de-bitrem-tomba-na-sp-294-rotatoria-da-lagoa-seca\/#breadcrumb\",\"itemListElement\":[{\"@type\":\"ListItem\",\"position\":1,\"name\":\"In\u00edcio\",\"item\":\"https:\/\/radiolifefm.com.br\/noticias\/\"},{\"@type\":\"ListItem\",\"position\":2,\"name\":\"Carreta de bitrem tomba na SP-294, rotat\u00f3ria da Lagoa Seca\"}]},{\"@type\":\"WebSite\",\"@id\":\"https:\/\/radiolifefm.com.br\/noticias\/#website\",\"url\":\"https:\/\/radiolifefm.com.br\/noticias\/\",\"name\":\"R\u00e1dio Life FM\",\"description\":\"O Portal de Not\u00edcias de Adamantina\",\"publisher\":{\"@id\":\"https:\/\/radiolifefm.com.br\/noticias\/#organization\"},\"alternateName\":\"Life FM\",\"potentialAction\":[{\"@type\":\"SearchAction\",\"target\":{\"@type\":\"EntryPoint\",\"urlTemplate\":\"https:\/\/radiolifefm.com.br\/noticias\/?s={search_term_string}\"},\"query-input\":{\"@type\":\"PropertyValueSpecification\",\"valueRequired\":true,\"valueName\":\"search_term_string\"}}],\"inLanguage\":\"pt-BR\"},{\"@type\":\"Organization\",\"@id\":\"https:\/\/radiolifefm.com.br\/noticias\/#organization\",\"name\":\"R\u00e1dio Life FM\",\"alternateName\":\"Life FM\",\"url\":\"https:\/\/radiolifefm.com.br\/noticias\/\",\"logo\":{\"@type\":\"ImageObject\",\"inLanguage\":\"pt-BR\",\"@id\":\"https:\/\/radiolifefm.com.br\/noticias\/#\/schema\/logo\/image\/\",\"url\":\"https:\/\/static.radiolifefm.com.br\/noticias\/wp-content\/uploads\/2019\/10\/logo-lifefm.png\",\"contentUrl\":\"https:\/\/static.radiolifefm.com.br\/noticias\/wp-content\/uploads\/2019\/10\/logo-lifefm.png\",\"width\":196,\"height\":47,\"caption\":\"R\u00e1dio Life FM\"},\"image\":{\"@id\":\"https:\/\/radiolifefm.com.br\/noticias\/#\/schema\/logo\/image\/\"},\"sameAs\":[\"https:\/\/www.facebook.com\/radiolifefm\/\",\"https:\/\/www.instagram.com\/life1079fm\/\"]},{\"@type\":\"Person\",\"@id\":\"https:\/\/radiolifefm.com.br\/noticias\/#\/schema\/person\/6339b9fac59d12b071dec680d7375d87\",\"name\":\"ritanery\",\"image\":{\"@type\":\"ImageObject\",\"inLanguage\":\"pt-BR\",\"@id\":\"https:\/\/secure.gravatar.com\/avatar\/0e37bb19071f47c0b8a23f62a903df117c5a0e75f65a0c2901562f97cd41cf86?s=96&d=mm&r=g\",\"url\":\"https:\/\/secure.gravatar.com\/avatar\/0e37bb19071f47c0b8a23f62a903df117c5a0e75f65a0c2901562f97cd41cf86?s=96&d=mm&r=g\",\"contentUrl\":\"https:\/\/secure.gravatar.com\/avatar\/0e37bb19071f47c0b8a23f62a903df117c5a0e75f65a0c2901562f97cd41cf86?s=96&d=mm&r=g\",\"caption\":\"ritanery\"}}]}<\/script>\n<!-- \/ Yoast SEO plugin. -->","yoast_head_json":{"title":"Carreta de bitrem tomba na SP-294, rotat\u00f3ria da Lagoa Seca - R\u00e1dio Life FM","robots":{"index":"index","follow":"follow","max-snippet":"max-snippet:-1","max-image-preview":"max-image-preview:large","max-video-preview":"max-video-preview:-1"},"canonical":"https:\/\/radiolifefm.com.br\/noticias\/carreta-de-bitrem-tomba-na-sp-294-rotatoria-da-lagoa-seca\/","og_locale":"pt_BR","og_type":"article","og_title":"Carreta de bitrem tomba na SP-294, rotat\u00f3ria da Lagoa Seca - R\u00e1dio Life FM","og_description":"Uma unidade de um conjunto bitrem, com carga de baga\u00e7o de cana, tombou na manh\u00e3 desta quarta-feira (7) na Rodovia Comandante Jo\u00e3o Ribeiro de Barros (SP-294), altura da rotat\u00f3ria de acesso \u00e0 Rodovia Pl\u00e1cido Rocha\/Bairro Lagoa Seca, em Adamantina. O ve\u00edculo passou pela rotat\u00f3ria, sentido a Fl\u00f3rida Paulista, quando por motivos a apurar uma das [&hellip;]","og_url":"https:\/\/radiolifefm.com.br\/noticias\/carreta-de-bitrem-tomba-na-sp-294-rotatoria-da-lagoa-seca\/","og_site_name":"R\u00e1dio Life FM","article_publisher":"https:\/\/www.facebook.com\/radiolifefm\/","article_published_time":"2021-07-07T13:27:18+00:00","article_modified_time":"2026-03-05T00:46:10+00:00","og_image":[{"width":719,"height":405,"url":"https:\/\/radiolifefm.com.br\/noticias\/wp-content\/uploads\/2021\/07\/whatsapp-image-20210707-at-084925jpg162566128160e59f61e74b7.jpg","type":"image\/jpeg"}],"author":"ritanery","twitter_card":"summary_large_image","twitter_misc":{"Escrito por":"ritanery","Est. tempo de leitura":"1 minuto"},"schema":{"@context":"https:\/\/schema.org","@graph":[{"@type":"Article","@id":"https:\/\/radiolifefm.com.br\/noticias\/carreta-de-bitrem-tomba-na-sp-294-rotatoria-da-lagoa-seca\/#article","isPartOf":{"@id":"https:\/\/radiolifefm.com.br\/noticias\/carreta-de-bitrem-tomba-na-sp-294-rotatoria-da-lagoa-seca\/"},"author":{"name":"ritanery","@id":"https:\/\/radiolifefm.com.br\/noticias\/#\/schema\/person\/6339b9fac59d12b071dec680d7375d87"},"headline":"Carreta de bitrem tomba na SP-294, rotat\u00f3ria da Lagoa Seca","datePublished":"2021-07-07T13:27:18+00:00","dateModified":"2026-03-05T00:46:10+00:00","mainEntityOfPage":{"@id":"https:\/\/radiolifefm.com.br\/noticias\/carreta-de-bitrem-tomba-na-sp-294-rotatoria-da-lagoa-seca\/"},"wordCount":200,"publisher":{"@id":"https:\/\/radiolifefm.com.br\/noticias\/#organization"},"image":{"@id":"https:\/\/radiolifefm.com.br\/noticias\/carreta-de-bitrem-tomba-na-sp-294-rotatoria-da-lagoa-seca\/#primaryimage"},"thumbnailUrl":"https:\/\/radiolifefm.com.br\/noticias\/wp-content\/uploads\/2021\/07\/whatsapp-image-20210707-at-084925jpg162566128160e59f61e74b7.jpg","articleSection":["Adamantina"],"inLanguage":"pt-BR"},{"@type":"WebPage","@id":"https:\/\/radiolifefm.com.br\/noticias\/carreta-de-bitrem-tomba-na-sp-294-rotatoria-da-lagoa-seca\/","url":"https:\/\/radiolifefm.com.br\/noticias\/carreta-de-bitrem-tomba-na-sp-294-rotatoria-da-lagoa-seca\/","name":"Carreta de bitrem tomba na SP-294, rotat\u00f3ria da Lagoa Seca - R\u00e1dio Life FM","isPartOf":{"@id":"https:\/\/radiolifefm.com.br\/noticias\/#website"},"primaryImageOfPage":{"@id":"https:\/\/radiolifefm.com.br\/noticias\/carreta-de-bitrem-tomba-na-sp-294-rotatoria-da-lagoa-seca\/#primaryimage"},"image":{"@id":"https:\/\/radiolifefm.com.br\/noticias\/carreta-de-bitrem-tomba-na-sp-294-rotatoria-da-lagoa-seca\/#primaryimage"},"thumbnailUrl":"https:\/\/radiolifefm.com.br\/noticias\/wp-content\/uploads\/2021\/07\/whatsapp-image-20210707-at-084925jpg162566128160e59f61e74b7.jpg","datePublished":"2021-07-07T13:27:18+00:00","dateModified":"2026-03-05T00:46:10+00:00","breadcrumb":{"@id":"https:\/\/radiolifefm.com.br\/noticias\/carreta-de-bitrem-tomba-na-sp-294-rotatoria-da-lagoa-seca\/#breadcrumb"},"inLanguage":"pt-BR","potentialAction":[{"@type":"ReadAction","target":["https:\/\/radiolifefm.com.br\/noticias\/carreta-de-bitrem-tomba-na-sp-294-rotatoria-da-lagoa-seca\/"]}]},{"@type":"ImageObject","inLanguage":"pt-BR","@id":"https:\/\/radiolifefm.com.br\/noticias\/carreta-de-bitrem-tomba-na-sp-294-rotatoria-da-lagoa-seca\/#primaryimage","url":"https:\/\/radiolifefm.com.br\/noticias\/wp-content\/uploads\/2021\/07\/whatsapp-image-20210707-at-084925jpg162566128160e59f61e74b7.jpg","contentUrl":"https:\/\/radiolifefm.com.br\/noticias\/wp-content\/uploads\/2021\/07\/whatsapp-image-20210707-at-084925jpg162566128160e59f61e74b7.jpg","width":719,"height":405,"caption":"Local \u00e9 um dos pontos cr\u00edticos na SP-294, com frequentes ocorr\u00eancias da mesma natureza."},{"@type":"BreadcrumbList","@id":"https:\/\/radiolifefm.com.br\/noticias\/carreta-de-bitrem-tomba-na-sp-294-rotatoria-da-lagoa-seca\/#breadcrumb","itemListElement":[{"@type":"ListItem","position":1,"name":"In\u00edcio","item":"https:\/\/radiolifefm.com.br\/noticias\/"},{"@type":"ListItem","position":2,"name":"Carreta de bitrem tomba na SP-294, rotat\u00f3ria da Lagoa Seca"}]},{"@type":"WebSite","@id":"https:\/\/radiolifefm.com.br\/noticias\/#website","url":"https:\/\/radiolifefm.com.br\/noticias\/","name":"R\u00e1dio Life FM","description":"O Portal de Not\u00edcias de Adamantina","publisher":{"@id":"https:\/\/radiolifefm.com.br\/noticias\/#organization"},"alternateName":"Life FM","potentialAction":[{"@type":"SearchAction","target":{"@type":"EntryPoint","urlTemplate":"https:\/\/radiolifefm.com.br\/noticias\/?s={search_term_string}"},"query-input":{"@type":"PropertyValueSpecification","valueRequired":true,"valueName":"search_term_string"}}],"inLanguage":"pt-BR"},{"@type":"Organization","@id":"https:\/\/radiolifefm.com.br\/noticias\/#organization","name":"R\u00e1dio Life FM","alternateName":"Life FM","url":"https:\/\/radiolifefm.com.br\/noticias\/","logo":{"@type":"ImageObject","inLanguage":"pt-BR","@id":"https:\/\/radiolifefm.com.br\/noticias\/#\/schema\/logo\/image\/","url":"https:\/\/static.radiolifefm.com.br\/noticias\/wp-content\/uploads\/2019\/10\/logo-lifefm.png","contentUrl":"https:\/\/static.radiolifefm.com.br\/noticias\/wp-content\/uploads\/2019\/10\/logo-lifefm.png","width":196,"height":47,"caption":"R\u00e1dio Life FM"},"image":{"@id":"https:\/\/radiolifefm.com.br\/noticias\/#\/schema\/logo\/image\/"},"sameAs":["https:\/\/www.facebook.com\/radiolifefm\/","https:\/\/www.instagram.com\/life1079fm\/"]},{"@type":"Person","@id":"https:\/\/radiolifefm.com.br\/noticias\/#\/schema\/person\/6339b9fac59d12b071dec680d7375d87","name":"ritanery","image":{"@type":"ImageObject","inLanguage":"pt-BR","@id":"https:\/\/secure.gravatar.com\/avatar\/0e37bb19071f47c0b8a23f62a903df117c5a0e75f65a0c2901562f97cd41cf86?s=96&d=mm&r=g","url":"https:\/\/secure.gravatar.com\/avatar\/0e37bb19071f47c0b8a23f62a903df117c5a0e75f65a0c2901562f97cd41cf86?s=96&d=mm&r=g","contentUrl":"https:\/\/secure.gravatar.com\/avatar\/0e37bb19071f47c0b8a23f62a903df117c5a0e75f65a0c2901562f97cd41cf86?s=96&d=mm&r=g","caption":"ritanery"}}]}},"amp_enabled":true,"_links":{"self":[{"href":"https:\/\/radiolifefm.com.br\/noticias\/wp-json\/wp\/v2\/posts\/40456","targetHints":{"allow":["GET"]}}],"collection":[{"href":"https:\/\/radiolifefm.com.br\/noticias\/wp-json\/wp\/v2\/posts"}],"about":[{"href":"https:\/\/radiolifefm.com.br\/noticias\/wp-json\/wp\/v2\/types\/post"}],"author":[{"embeddable":true,"href":"https:\/\/radiolifefm.com.br\/noticias\/wp-json\/wp\/v2\/users\/13"}],"replies":[{"embeddable":true,"href":"https:\/\/radiolifefm.com.br\/noticias\/wp-json\/wp\/v2\/comments?post=40456"}],"version-history":[{"count":1,"href":"https:\/\/radiolifefm.com.br\/noticias\/wp-json\/wp\/v2\/posts\/40456\/revisions"}],"predecessor-version":[{"id":40461,"href":"https:\/\/radiolifefm.com.br\/noticias\/wp-json\/wp\/v2\/posts\/40456\/revisions\/40461"}],"wp:featuredmedia":[{"embeddable":true,"href":"https:\/\/radiolifefm.com.br\/noticias\/wp-json\/wp\/v2\/media\/40457"}],"wp:attachment":[{"href":"https:\/\/radiolifefm.com.br\/noticias\/wp-json\/wp\/v2\/media?parent=40456"}],"wp:term":[{"taxonomy":"category","embeddable":true,"href":"https:\/\/radiolifefm.com.br\/noticias\/wp-json\/wp\/v2\/categories?post=40456"},{"taxonomy":"post_tag","embeddable":true,"href":"https:\/\/radiolifefm.com.br\/noticias\/wp-json\/wp\/v2\/tags?post=40456"}],"curies":[{"name":"wp","href":"https:\/\/api.w.org\/{rel}","templated":true}]}}