{"id":40406,"date":"2021-07-05T22:53:27","date_gmt":"2021-07-06T01:53:27","guid":{"rendered":"https:\/\/radiolifefm.com.br\/noticias\/?p=40406"},"modified":"2026-04-03T06:55:52","modified_gmt":"2026-04-03T09:55:52","slug":"prefeito-tem-nova-derrota-na-camara-referendo-para-reitoria-e-rejeitado-por-5-x-4","status":"publish","type":"post","link":"https:\/\/radiolifefm.com.br\/noticias\/prefeito-tem-nova-derrota-na-camara-referendo-para-reitoria-e-rejeitado-por-5-x-4\/","title":{"rendered":"Prefeito tem nova derrota na C\u00e2mara; referendo para reitoria \u00e9 rejeitado por 5 X 4"},"content":{"rendered":"<div id=\"fb-root\"><\/div>\n<p>Em sua segunda tentativa de emplacar nomes indicados \u00e0 reitoria do Centro Universit\u00e1rio de Adamantina (UniFAI), que desde 1\u00ba de julho est\u00e1 sem reitor, sem vice-reitor, sem pro reitores, sem diretores e outras fun\u00e7\u00f5es acad\u00eamicas e administrativas, o prefeito de Adamantina, M\u00e1rcio Cardim (DEM), sofreu uma nova derrota na C\u00e2mara Municipal nesta segunda-feira (5).<\/p>\n<p>&nbsp;<\/p>\n<p>Os nomes indicados por ele na \u00faltima quinta-feira (1), da\u00a0<a href=\"https:\/\/www.sigamais.com\/noticias\/educacao\/prefeito-faz-nova-indicacao-e-apresenta-marceli-moco-a-reitoria-e-fabio-botteon-vicereitor\/\"><strong>\u00a0professora doutora Marceli Mo\u00e7o Silva para reitora e do professor doutor F\u00e1bio Alexandre Guimar\u00e3es Botteon para vice-reitor<\/strong><\/a>,\u00a0n\u00e3o obtiveram o referendo na vota\u00e7\u00e3o desta segunda-feira, como exige a legisla\u00e7\u00e3o municipal que disciplina o processo de vota\u00e7\u00e3o.<\/p>\n<p>&nbsp;<\/p>\n<p>Na C\u00e2mara, nesta segunda, o prefeito perdeu de novo, pelo mesmo placar de 5 x 4. Votaram contra o referendo os vereadores Alcio Ikeda (Podemos), Rafael Pacheco (Podemos), Bigode da Capoeira (Podemos) e Aguinaldo Galv\u00e3o (DEM). J\u00e1 a favor do referendo votaram os vereadores H\u00e9lio Santos (PL), Riquinha do Bar (DEM), Cid Santos (DEM) e Noriko Saito (PV), alcan\u00e7ando o empate. Com esse cen\u00e1rio, o presidente da C\u00e2mara, Paulo Cervelheira (PV), novamente desempatou, com o quinto voto contr\u00e1rio ao referendo.<\/p>\n<p>&nbsp;<\/p>\n<p><strong>Nomes de Alexandre Teixeira de Souza e Wendel Cleber Soares dever\u00e3o ser indicados<\/strong><\/p>\n<p>Agora, sem alternativas, resta ao prefeito M\u00e1rcio Cardim fazer uma terceira indica\u00e7\u00e3o de nomes \u00e0 reitoria da UniFAI e submeter ao Poder Legislativo a indica\u00e7\u00e3o dos professores doutores Alexandre Teixeira de Souza e Wendel Cleber Soares para reitor e vice-reitor, que encabe\u00e7aram a lista tr\u00edplice, em vota\u00e7\u00e3o realizada pelo Conselho Universit\u00e1rio da institui\u00e7\u00e3o, com 12 votos.<\/p>\n<p>&nbsp;<\/p>\n<p><strong>Lei que autoriza prefeito a escolher nomes tamb\u00e9m determina o referendo legislativo<\/strong><\/p>\n<p>&nbsp;<\/p>\n<p>O prefeito de Adamantina tem a autonomia de escolher qualquer das chapas elencadas na lista tr\u00edplice originada do Conselho Universit\u00e1rio da UniFAI, para a nomea\u00e7\u00e3o da reitoria da institui\u00e7\u00e3o municipal de ensino superior.<\/p>\n<p>&nbsp;<\/p>\n<p>Essa possibilidade \u00e9 legal e prevista na\u00a0<a href=\"https:\/\/www.adamantina.sp.gov.br\/?pag=T0dRPU9EZz1PR009T1RnPQ==&amp;id=530&amp;idtipolei=2\"><strong>Lei Complementar N\u00ba 274, de 25 de maio de 2017<\/strong><\/a>, de autoria do pr\u00f3prio prefeito M\u00e1rcio Cardim. Por\u00e9m, o mesmo artigo da legisla\u00e7\u00e3o menciona que a escolha precisa ser referendada pela C\u00e2mara Municipal, e somente ap\u00f3s essa etapa pode haver a nomea\u00e7\u00e3o.<\/p>\n<p>&nbsp;<\/p>\n<p>Na tentativa anterior, tamb\u00e9m rejeitada pela C\u00e2mara, o prefeito indicou a chapa com os nomes dos professores doutores Vagner Amado Belo de Oliveira e Albanir Gabriel Borrasca, para reitor e vice-reitor,\u00a0<a href=\"https:\/\/www.sigamais.com\/noticias\/educacao\/com-votos-do-podemos-pv-e-do-proprio-dem-nomes-indicados-pelo-prefeito-a-reitoria-sao-rejeitados\/\"><strong>que n\u00e3o conseguiram o referendo da C\u00e2mara<\/strong><\/a>\u00a0em vota\u00e7\u00e3o realizada no dia 21 de junho. No Conselho Universit\u00e1rio, Vagner Oliveira e Albanir Borrasca ficaram com a segunda posi\u00e7\u00e3o na lista tr\u00edplice, com 6 votos.<\/p>\n<p>&nbsp;<\/p>\n<p><strong>Prefeito foi ao Judici\u00e1rio para tentar anular decis\u00e3o da C\u00e2mara, e Justi\u00e7a negou<\/strong><\/p>\n<p>Depois de perder na C\u00e2mara, em plen\u00e1rio, o prefeito foi \u00e0 Justi\u00e7a tentar anular a decis\u00e3o do Poder Legislativo. Na \u00faltima quarta-feira (30) o\u00a0<a href=\"https:\/\/www.sigamais.com\/noticias\/educacao\/reitoria-da-unifai-prefeito-vai-ao-judiciario-para-tentar-anular-decisao-da-camara-justica-nega\/\"><strong>Poder Judici\u00e1rio negou o pedido do prefeito<\/strong><\/a>. Sem alternativas, precisou seguir o rito, quando fez as novas indica\u00e7\u00f5es, novamente rejeitadas pela C\u00e2mara.<\/p>\n<p>&nbsp;<\/p>\n<p><strong>Sem comando<\/strong><\/p>\n<p>O tema \u00e9 urgente. Com o fim do mandato da primeira reitoria da UniFAI, encerrando na quarta-feira da semana passada,\u00a0<strong>a\u00a0<\/strong><a href=\"https:\/\/www.sigamais.com\/noticias\/educacao\/em-meio-a-impasse-unifai-esta-sem-reitor-vicereitor-pro-reitores-e-diretores\/\"><strong>institui\u00e7\u00e3o est\u00e1 sem reitor, vice-reitor, pr\u00f3 reitores, coordenadores e diretores nomeados<\/strong>.<\/a>\u00a0Com esse vazio no comando da autarquia, os ritos administrativos, cont\u00e1veis, financeiros, banc\u00e1rios e acad\u00eamicos, em tese, est\u00e3o impedidos de acontecer.<\/p>\n<p>&nbsp;<\/p>\n<p>\u00c9 a primeira vez em 54 anos de hist\u00f3ria da institui\u00e7\u00e3o de ensino adamantinense que esse impasse acontece. O prefeito M\u00e1rcio Cardim j\u00e1 foi diretor da institui\u00e7\u00e3o e conhece o rito. Tradicionalmente, os dirigentes s\u00e3o escolhidos entre os nomes que encabe\u00e7am a lista tr\u00edplice, o que n\u00e3o ocorreu, excepcionalmente, no atual processo de transi\u00e7\u00e3o.<\/p>\n<p>&nbsp;<\/p>\n<p>Em um\u00a0<a href=\"https:\/\/www.sigamais.com\/colunas\/memoria\/observacoes-cotidianas-a-primeira-direcao-da-fafia\/\"><strong>artigo<\/strong><\/a>\u00a0publicado nesta segunda-feira no SIGA MAIS, o professor e historiador Tiago Rafael retoma uma quest\u00e3o hist\u00f3rica. A Fafia (Faculdade de Filosofia, Ci\u00eancias e Letras de Adamantina), antecessora da UniFAI, foi criada em 1967, e desde ent\u00e3o, a nomea\u00e7\u00e3o se d\u00e1 por ato do Poder Executivo, com o referendo da C\u00e2mara Municipal. \u00c9 assim desde a primeira diretoria da autarquia adamantinense.<\/p>\n<p>&nbsp;<\/p>\n<p><strong>Veja a cronologia<\/strong><\/p>\n<ul>\n<li><a href=\"https:\/\/www.sigamais.com\/noticias\/educacao\/unifai-publica-resolucao-e-abre-prazo-para-candidaturas-a-reitoria-20212025\/\"><strong>UniFAI publica resolu\u00e7\u00e3o e abre prazo para candidaturas \u00e0 reitoria 2021\/2025<\/strong><\/a><\/li>\n<li><a href=\"https:\/\/www.sigamais.com\/noticias\/educacao\/eleicao-da-nova-reitoria-da-unifai-reitor-paulo-sergio-da-silva-anuncia-que-nao-vai-concorrer\/\"><strong>Elei\u00e7\u00e3o da nova reitoria da UniFAI: reitor Paulo S\u00e9rgio da Silva anuncia que n\u00e3o vai concorrer<\/strong><\/a><\/li>\n<li><a href=\"https:\/\/www.sigamais.com\/noticias\/educacao\/duas-candidaturas-pleiteiam-a-reitoria-da-unifai-para-o-quadrienio-20212025\/\"><strong>Duas candidaturas pleiteiam a reitoria da UniFAI para o quadri\u00eanio 2021\/2025<\/strong><\/a><\/li>\n<li><a href=\"https:\/\/www.sigamais.com\/noticias\/educacao\/futuro-da-unifai-conheca-os-planos-de-gestao-dos-candidatos-a-reitoria-20212025\/\"><strong>Futuro da UniFAI: conhe\u00e7a os planos de gest\u00e3o dos candidatos \u00e0 reitoria 2021\/2025<\/strong><\/a><\/li>\n<li><a href=\"https:\/\/www.sigamais.com\/noticias\/educacao\/conselho-universitario-da-unifai-define-nesta-sextafeira-nomes-da-lista-triplice-a-nova-reitoria\/\"><strong>Conselho Universit\u00e1rio da UniFAI define nesta sexta-feira nomes da lista tr\u00edplice \u00e0 nova reitoria<\/strong><\/a><\/li>\n<li><a href=\"https:\/\/www.sigamais.com\/noticias\/educacao\/alexandre-teixeira-e-wendel-cleber-soares-encabecam-lista-triplice-para-nova-reitoria-da-unifai\/\"><strong>Alexandre Teixeira e Wendel Cleber Soares encabe\u00e7am lista tr\u00edplice para nova reitoria da UniFAI<\/strong><\/a><\/li>\n<li><a href=\"https:\/\/www.sigamais.com\/noticias\/educacao\/prefeito-ignora-mais-votado-no-conselho-universitario-e-indica-2-colocado-para-reitor-da-unifai\/\"><strong>Prefeito ignora mais votado no Conselho Universit\u00e1rio e indica 2\u00ba colocado para reitor da UniFAI<\/strong><\/a><\/li>\n<li><a href=\"https:\/\/www.sigamais.com\/noticias\/educacao\/um-dia-apos-anuncio-dos-nomes-indicados-pelo-prefeito-a-reitoria-da-unifai-estudantes-protestam\/\"><strong>Um dia ap\u00f3s an\u00fancio dos nomes indicados pelo prefeito \u00e0 reitoria da UniFAI, estudantes protestam<\/strong><\/a><\/li>\n<li><a href=\"https:\/\/www.sigamais.com\/noticias\/educacao\/nomeacao-da-nova-reitoria-da-unifai-centro-academico-publica-carta-aberta-aos-vereadores\/\"><strong>Nomea\u00e7\u00e3o da nova reitoria da UniFAI: Centro Acad\u00eamico publica Carta Aberta aos vereadores<\/strong><\/a><\/li>\n<li><a href=\"https:\/\/www.sigamais.com\/noticias\/educacao\/em-votacao-maioria-da-camara-rejeita-indicacao-do-prefeito-a-reitoria-da-unifai\/\"><strong>Em vota\u00e7\u00e3o, maioria da C\u00e2mara rejeita indica\u00e7\u00e3o do prefeito \u00e0 reitoria da UniFAI<\/strong><\/a><\/li>\n<li><a href=\"https:\/\/www.sigamais.com\/noticias\/educacao\/com-votos-do-podemos-pv-e-do-proprio-dem-nomes-indicados-pelo-prefeito-a-reitoria-sao-rejeitados\/\"><strong>Com votos do Podemos, PV e do pr\u00f3prio DEM, nomes indicados pelo prefeito \u00e0 reitoria s\u00e3o rejeitados<\/strong><\/a><\/li>\n<li><a href=\"https:\/\/www.sigamais.com\/noticias\/educacao\/pv-orientou-vereadores-do-partido-a-rejeitarem-nomes-indicados-pelo-prefeito-a-reitoria-da-unifai\/\"><strong>PV orientou vereadores do Partido a rejeitarem nomes indicados pelo prefeito \u00e0 reitoria da UniFAI<\/strong><\/a><\/li>\n<li><a href=\"https:\/\/www.sigamais.com\/noticias\/educacao\/ha-5-dias-do-fim-do-mandato-da-reitoria-da-unifai-situacao-sobre-futuro-reitor-ainda-e-indefinida\/\"><strong> H\u00e1 5 dias do fim do mandato da reitoria da UniFAI, situa\u00e7\u00e3o sobre futuro reitor ainda \u00e9 indefinida<\/strong><\/a><\/li>\n<li><a href=\"https:\/\/www.sigamais.com\/noticias\/educacao\/ao-resistir-a-decisao-que-nao-referendou-reitores-prefeito-se-poe-contra-lei-criada-por-ele-em-2017\/\"><strong>Ao resistir \u00e0 decis\u00e3o que n\u00e3o referendou reitores, prefeito se p\u00f5e contra lei criada por ele em 2017<\/strong><\/a><\/li>\n<li><a href=\"https:\/\/www.sigamais.com\/noticias\/educacao\/situacao-da-unifai-permanece-indefinida-e-pro-reitor-deve-assumir-temporariamente-a-reitoria\/\"><strong>Situa\u00e7\u00e3o da UniFAI permanece indefinida e pr\u00f3 reitor deve assumir temporariamente a reitoria<\/strong><\/a><\/li>\n<li><a href=\"https:\/\/www.sigamais.com\/noticias\/educacao\/impasse-unifai-reafirma-ao-prefeito-que-nomeacao-de-reitor-exige-referendo-da-camara\/\"><strong>Impasse: UniFAI reafirma ao prefeito que nomea\u00e7\u00e3o de reitor exige referendo da C\u00e2mara<\/strong><\/a><\/li>\n<li><a href=\"https:\/\/www.sigamais.com\/noticias\/educacao\/reitoria-da-unifai-prefeito-vai-ao-judiciario-para-tentar-anular-decisao-da-camara-justica-nega\/\"><strong>Reitoria da UniFAI: prefeito vai ao Judici\u00e1rio para tentar anular decis\u00e3o da C\u00e2mara; Justi\u00e7a nega<\/strong><\/a><\/li>\n<li><a href=\"https:\/\/www.sigamais.com\/noticias\/educacao\/em-meio-a-impasse-unifai-esta-sem-reitor-vicereitor-pro-reitores-e-diretores\/\"><strong> Em meio a impasse, UniFAI est\u00e1 sem reitor, vice-reitor, pr\u00f3 reitores e diretores<\/strong><\/a><\/li>\n<li><a href=\"https:\/\/www.sigamais.com\/noticias\/educacao\/prefeito-faz-nova-indicacao-e-apresenta-marceli-moco-a-reitoria-e-fabio-botteon-vicereitor\/\"><strong> Prefeito faz nova indica\u00e7\u00e3o e apresenta Marceli Mo\u00e7o \u00e0 reitoria e F\u00e1bio Botteon vice-reitor<\/strong><\/a><\/li>\n<li><strong><a href=\"https:\/\/www.sigamais.com\/noticias\/educacao\/camara-vota-nesta-segunda-novo-referendo-para-reitoria-da-unifai-e-mais-quatro-projetos\/\"> C\u00e2mara vota nesta segunda novo referendo para reitoria da UniFAI, e mais quatro projetos<\/a><\/strong><\/li>\n<\/ul>\n<p>&nbsp;<\/p>\n<p>&nbsp;<\/p>\n<p>Fonte:\u00a0 Siga Mais<\/p>\n","protected":false},"excerpt":{"rendered":"<p>Em sua segunda tentativa de emplacar nomes indicados \u00e0 reitoria do Centro Universit\u00e1rio de Adamantina (UniFAI), que desde 1\u00ba de julho est\u00e1 sem reitor, sem vice-reitor, sem pro reitores, sem diretores e outras fun\u00e7\u00f5es acad\u00eamicas e administrativas, o prefeito de Adamantina, M\u00e1rcio Cardim (DEM), sofreu uma nova derrota na C\u00e2mara Municipal nesta segunda-feira (5). &nbsp; [&hellip;]<\/p>\n","protected":false},"author":13,"featured_media":40407,"comment_status":"closed","ping_status":"open","sticky":false,"template":"","format":"standard","meta":{"_acf_changed":false,"_exactmetrics_skip_tracking":false,"_exactmetrics_sitenote_active":false,"_exactmetrics_sitenote_note":"","_exactmetrics_sitenote_category":0,"footnotes":""},"categories":[21],"tags":[],"class_list":["post-40406","post","type-post","status-publish","format-standard","has-post-thumbnail","hentry","category-adamantina"],"acf":[],"yoast_head":"<!-- This site is optimized with the Yoast SEO plugin v27.2 - https:\/\/yoast.com\/product\/yoast-seo-wordpress\/ -->\n<title>Prefeito tem nova derrota na C\u00e2mara; referendo para reitoria \u00e9 rejeitado por 5 X 4 - R\u00e1dio Life FM<\/title>\n<meta name=\"robots\" content=\"index, follow, max-snippet:-1, max-image-preview:large, max-video-preview:-1\" \/>\n<link rel=\"canonical\" href=\"https:\/\/radiolifefm.com.br\/noticias\/prefeito-tem-nova-derrota-na-camara-referendo-para-reitoria-e-rejeitado-por-5-x-4\/\" \/>\n<meta property=\"og:locale\" content=\"pt_BR\" \/>\n<meta property=\"og:type\" content=\"article\" \/>\n<meta property=\"og:title\" content=\"Prefeito tem nova derrota na C\u00e2mara; referendo para reitoria \u00e9 rejeitado por 5 X 4 - R\u00e1dio Life FM\" \/>\n<meta property=\"og:description\" content=\"Em sua segunda tentativa de emplacar nomes indicados \u00e0 reitoria do Centro Universit\u00e1rio de Adamantina (UniFAI), que desde 1\u00ba de julho est\u00e1 sem reitor, sem vice-reitor, sem pro reitores, sem diretores e outras fun\u00e7\u00f5es acad\u00eamicas e administrativas, o prefeito de Adamantina, M\u00e1rcio Cardim (DEM), sofreu uma nova derrota na C\u00e2mara Municipal nesta segunda-feira (5). &nbsp; [&hellip;]\" \/>\n<meta property=\"og:url\" content=\"https:\/\/radiolifefm.com.br\/noticias\/prefeito-tem-nova-derrota-na-camara-referendo-para-reitoria-e-rejeitado-por-5-x-4\/\" \/>\n<meta property=\"og:site_name\" content=\"R\u00e1dio Life FM\" \/>\n<meta property=\"article:publisher\" content=\"https:\/\/www.facebook.com\/radiolifefm\/\" \/>\n<meta property=\"article:published_time\" content=\"2021-07-06T01:53:27+00:00\" \/>\n<meta property=\"article:modified_time\" content=\"2026-04-03T09:55:52+00:00\" \/>\n<meta property=\"og:image\" content=\"https:\/\/radiolifefm.com.br\/noticias\/wp-content\/uploads\/2021\/07\/img5939png162553209960e3a6c347a75.jpg\" \/>\n\t<meta property=\"og:image:width\" content=\"600\" \/>\n\t<meta property=\"og:image:height\" content=\"337\" \/>\n\t<meta property=\"og:image:type\" content=\"image\/jpeg\" \/>\n<meta name=\"author\" content=\"ritanery\" \/>\n<meta name=\"twitter:card\" content=\"summary_large_image\" \/>\n<meta name=\"twitter:label1\" content=\"Escrito por\" \/>\n\t<meta name=\"twitter:data1\" content=\"ritanery\" \/>\n\t<meta name=\"twitter:label2\" content=\"Est. tempo de leitura\" \/>\n\t<meta name=\"twitter:data2\" content=\"5 minutos\" \/>\n<script type=\"application\/ld+json\" class=\"yoast-schema-graph\">{\"@context\":\"https:\/\/schema.org\",\"@graph\":[{\"@type\":\"Article\",\"@id\":\"https:\/\/radiolifefm.com.br\/noticias\/prefeito-tem-nova-derrota-na-camara-referendo-para-reitoria-e-rejeitado-por-5-x-4\/#article\",\"isPartOf\":{\"@id\":\"https:\/\/radiolifefm.com.br\/noticias\/prefeito-tem-nova-derrota-na-camara-referendo-para-reitoria-e-rejeitado-por-5-x-4\/\"},\"author\":{\"name\":\"ritanery\",\"@id\":\"https:\/\/radiolifefm.com.br\/noticias\/#\/schema\/person\/6339b9fac59d12b071dec680d7375d87\"},\"headline\":\"Prefeito tem nova derrota na C\u00e2mara; referendo para reitoria \u00e9 rejeitado por 5 X 4\",\"datePublished\":\"2021-07-06T01:53:27+00:00\",\"dateModified\":\"2026-04-03T09:55:52+00:00\",\"mainEntityOfPage\":{\"@id\":\"https:\/\/radiolifefm.com.br\/noticias\/prefeito-tem-nova-derrota-na-camara-referendo-para-reitoria-e-rejeitado-por-5-x-4\/\"},\"wordCount\":1035,\"publisher\":{\"@id\":\"https:\/\/radiolifefm.com.br\/noticias\/#organization\"},\"image\":{\"@id\":\"https:\/\/radiolifefm.com.br\/noticias\/prefeito-tem-nova-derrota-na-camara-referendo-para-reitoria-e-rejeitado-por-5-x-4\/#primaryimage\"},\"thumbnailUrl\":\"https:\/\/radiolifefm.com.br\/noticias\/wp-content\/uploads\/2021\/07\/img5939png162553209960e3a6c347a75.jpg\",\"articleSection\":[\"Adamantina\"],\"inLanguage\":\"pt-BR\"},{\"@type\":\"WebPage\",\"@id\":\"https:\/\/radiolifefm.com.br\/noticias\/prefeito-tem-nova-derrota-na-camara-referendo-para-reitoria-e-rejeitado-por-5-x-4\/\",\"url\":\"https:\/\/radiolifefm.com.br\/noticias\/prefeito-tem-nova-derrota-na-camara-referendo-para-reitoria-e-rejeitado-por-5-x-4\/\",\"name\":\"Prefeito tem nova derrota na C\u00e2mara; referendo para reitoria \u00e9 rejeitado por 5 X 4 - R\u00e1dio Life FM\",\"isPartOf\":{\"@id\":\"https:\/\/radiolifefm.com.br\/noticias\/#website\"},\"primaryImageOfPage\":{\"@id\":\"https:\/\/radiolifefm.com.br\/noticias\/prefeito-tem-nova-derrota-na-camara-referendo-para-reitoria-e-rejeitado-por-5-x-4\/#primaryimage\"},\"image\":{\"@id\":\"https:\/\/radiolifefm.com.br\/noticias\/prefeito-tem-nova-derrota-na-camara-referendo-para-reitoria-e-rejeitado-por-5-x-4\/#primaryimage\"},\"thumbnailUrl\":\"https:\/\/radiolifefm.com.br\/noticias\/wp-content\/uploads\/2021\/07\/img5939png162553209960e3a6c347a75.jpg\",\"datePublished\":\"2021-07-06T01:53:27+00:00\",\"dateModified\":\"2026-04-03T09:55:52+00:00\",\"breadcrumb\":{\"@id\":\"https:\/\/radiolifefm.com.br\/noticias\/prefeito-tem-nova-derrota-na-camara-referendo-para-reitoria-e-rejeitado-por-5-x-4\/#breadcrumb\"},\"inLanguage\":\"pt-BR\",\"potentialAction\":[{\"@type\":\"ReadAction\",\"target\":[\"https:\/\/radiolifefm.com.br\/noticias\/prefeito-tem-nova-derrota-na-camara-referendo-para-reitoria-e-rejeitado-por-5-x-4\/\"]}]},{\"@type\":\"ImageObject\",\"inLanguage\":\"pt-BR\",\"@id\":\"https:\/\/radiolifefm.com.br\/noticias\/prefeito-tem-nova-derrota-na-camara-referendo-para-reitoria-e-rejeitado-por-5-x-4\/#primaryimage\",\"url\":\"https:\/\/radiolifefm.com.br\/noticias\/wp-content\/uploads\/2021\/07\/img5939png162553209960e3a6c347a75.jpg\",\"contentUrl\":\"https:\/\/radiolifefm.com.br\/noticias\/wp-content\/uploads\/2021\/07\/img5939png162553209960e3a6c347a75.jpg\",\"width\":600,\"height\":337,\"caption\":\"De novo, prefeito M\u00e1rcio Cardim n\u00e3o consegue emplacar nomes para reitoria da UniFAI.\"},{\"@type\":\"BreadcrumbList\",\"@id\":\"https:\/\/radiolifefm.com.br\/noticias\/prefeito-tem-nova-derrota-na-camara-referendo-para-reitoria-e-rejeitado-por-5-x-4\/#breadcrumb\",\"itemListElement\":[{\"@type\":\"ListItem\",\"position\":1,\"name\":\"In\u00edcio\",\"item\":\"https:\/\/radiolifefm.com.br\/noticias\/\"},{\"@type\":\"ListItem\",\"position\":2,\"name\":\"Prefeito tem nova derrota na C\u00e2mara; referendo para reitoria \u00e9 rejeitado por 5 X 4\"}]},{\"@type\":\"WebSite\",\"@id\":\"https:\/\/radiolifefm.com.br\/noticias\/#website\",\"url\":\"https:\/\/radiolifefm.com.br\/noticias\/\",\"name\":\"R\u00e1dio Life FM\",\"description\":\"O Portal de Not\u00edcias de Adamantina\",\"publisher\":{\"@id\":\"https:\/\/radiolifefm.com.br\/noticias\/#organization\"},\"alternateName\":\"Life FM\",\"potentialAction\":[{\"@type\":\"SearchAction\",\"target\":{\"@type\":\"EntryPoint\",\"urlTemplate\":\"https:\/\/radiolifefm.com.br\/noticias\/?s={search_term_string}\"},\"query-input\":{\"@type\":\"PropertyValueSpecification\",\"valueRequired\":true,\"valueName\":\"search_term_string\"}}],\"inLanguage\":\"pt-BR\"},{\"@type\":\"Organization\",\"@id\":\"https:\/\/radiolifefm.com.br\/noticias\/#organization\",\"name\":\"R\u00e1dio Life FM\",\"alternateName\":\"Life FM\",\"url\":\"https:\/\/radiolifefm.com.br\/noticias\/\",\"logo\":{\"@type\":\"ImageObject\",\"inLanguage\":\"pt-BR\",\"@id\":\"https:\/\/radiolifefm.com.br\/noticias\/#\/schema\/logo\/image\/\",\"url\":\"https:\/\/static.radiolifefm.com.br\/noticias\/wp-content\/uploads\/2019\/10\/logo-lifefm.png\",\"contentUrl\":\"https:\/\/static.radiolifefm.com.br\/noticias\/wp-content\/uploads\/2019\/10\/logo-lifefm.png\",\"width\":196,\"height\":47,\"caption\":\"R\u00e1dio Life FM\"},\"image\":{\"@id\":\"https:\/\/radiolifefm.com.br\/noticias\/#\/schema\/logo\/image\/\"},\"sameAs\":[\"https:\/\/www.facebook.com\/radiolifefm\/\",\"https:\/\/www.instagram.com\/life1079fm\/\"]},{\"@type\":\"Person\",\"@id\":\"https:\/\/radiolifefm.com.br\/noticias\/#\/schema\/person\/6339b9fac59d12b071dec680d7375d87\",\"name\":\"ritanery\",\"image\":{\"@type\":\"ImageObject\",\"inLanguage\":\"pt-BR\",\"@id\":\"https:\/\/secure.gravatar.com\/avatar\/0e37bb19071f47c0b8a23f62a903df117c5a0e75f65a0c2901562f97cd41cf86?s=96&d=mm&r=g\",\"url\":\"https:\/\/secure.gravatar.com\/avatar\/0e37bb19071f47c0b8a23f62a903df117c5a0e75f65a0c2901562f97cd41cf86?s=96&d=mm&r=g\",\"contentUrl\":\"https:\/\/secure.gravatar.com\/avatar\/0e37bb19071f47c0b8a23f62a903df117c5a0e75f65a0c2901562f97cd41cf86?s=96&d=mm&r=g\",\"caption\":\"ritanery\"}}]}<\/script>\n<!-- \/ Yoast SEO plugin. -->","yoast_head_json":{"title":"Prefeito tem nova derrota na C\u00e2mara; referendo para reitoria \u00e9 rejeitado por 5 X 4 - R\u00e1dio Life FM","robots":{"index":"index","follow":"follow","max-snippet":"max-snippet:-1","max-image-preview":"max-image-preview:large","max-video-preview":"max-video-preview:-1"},"canonical":"https:\/\/radiolifefm.com.br\/noticias\/prefeito-tem-nova-derrota-na-camara-referendo-para-reitoria-e-rejeitado-por-5-x-4\/","og_locale":"pt_BR","og_type":"article","og_title":"Prefeito tem nova derrota na C\u00e2mara; referendo para reitoria \u00e9 rejeitado por 5 X 4 - R\u00e1dio Life FM","og_description":"Em sua segunda tentativa de emplacar nomes indicados \u00e0 reitoria do Centro Universit\u00e1rio de Adamantina (UniFAI), que desde 1\u00ba de julho est\u00e1 sem reitor, sem vice-reitor, sem pro reitores, sem diretores e outras fun\u00e7\u00f5es acad\u00eamicas e administrativas, o prefeito de Adamantina, M\u00e1rcio Cardim (DEM), sofreu uma nova derrota na C\u00e2mara Municipal nesta segunda-feira (5). &nbsp; [&hellip;]","og_url":"https:\/\/radiolifefm.com.br\/noticias\/prefeito-tem-nova-derrota-na-camara-referendo-para-reitoria-e-rejeitado-por-5-x-4\/","og_site_name":"R\u00e1dio Life FM","article_publisher":"https:\/\/www.facebook.com\/radiolifefm\/","article_published_time":"2021-07-06T01:53:27+00:00","article_modified_time":"2026-04-03T09:55:52+00:00","og_image":[{"width":600,"height":337,"url":"https:\/\/radiolifefm.com.br\/noticias\/wp-content\/uploads\/2021\/07\/img5939png162553209960e3a6c347a75.jpg","type":"image\/jpeg"}],"author":"ritanery","twitter_card":"summary_large_image","twitter_misc":{"Escrito por":"ritanery","Est. tempo de leitura":"5 minutos"},"schema":{"@context":"https:\/\/schema.org","@graph":[{"@type":"Article","@id":"https:\/\/radiolifefm.com.br\/noticias\/prefeito-tem-nova-derrota-na-camara-referendo-para-reitoria-e-rejeitado-por-5-x-4\/#article","isPartOf":{"@id":"https:\/\/radiolifefm.com.br\/noticias\/prefeito-tem-nova-derrota-na-camara-referendo-para-reitoria-e-rejeitado-por-5-x-4\/"},"author":{"name":"ritanery","@id":"https:\/\/radiolifefm.com.br\/noticias\/#\/schema\/person\/6339b9fac59d12b071dec680d7375d87"},"headline":"Prefeito tem nova derrota na C\u00e2mara; referendo para reitoria \u00e9 rejeitado por 5 X 4","datePublished":"2021-07-06T01:53:27+00:00","dateModified":"2026-04-03T09:55:52+00:00","mainEntityOfPage":{"@id":"https:\/\/radiolifefm.com.br\/noticias\/prefeito-tem-nova-derrota-na-camara-referendo-para-reitoria-e-rejeitado-por-5-x-4\/"},"wordCount":1035,"publisher":{"@id":"https:\/\/radiolifefm.com.br\/noticias\/#organization"},"image":{"@id":"https:\/\/radiolifefm.com.br\/noticias\/prefeito-tem-nova-derrota-na-camara-referendo-para-reitoria-e-rejeitado-por-5-x-4\/#primaryimage"},"thumbnailUrl":"https:\/\/radiolifefm.com.br\/noticias\/wp-content\/uploads\/2021\/07\/img5939png162553209960e3a6c347a75.jpg","articleSection":["Adamantina"],"inLanguage":"pt-BR"},{"@type":"WebPage","@id":"https:\/\/radiolifefm.com.br\/noticias\/prefeito-tem-nova-derrota-na-camara-referendo-para-reitoria-e-rejeitado-por-5-x-4\/","url":"https:\/\/radiolifefm.com.br\/noticias\/prefeito-tem-nova-derrota-na-camara-referendo-para-reitoria-e-rejeitado-por-5-x-4\/","name":"Prefeito tem nova derrota na C\u00e2mara; referendo para reitoria \u00e9 rejeitado por 5 X 4 - R\u00e1dio Life FM","isPartOf":{"@id":"https:\/\/radiolifefm.com.br\/noticias\/#website"},"primaryImageOfPage":{"@id":"https:\/\/radiolifefm.com.br\/noticias\/prefeito-tem-nova-derrota-na-camara-referendo-para-reitoria-e-rejeitado-por-5-x-4\/#primaryimage"},"image":{"@id":"https:\/\/radiolifefm.com.br\/noticias\/prefeito-tem-nova-derrota-na-camara-referendo-para-reitoria-e-rejeitado-por-5-x-4\/#primaryimage"},"thumbnailUrl":"https:\/\/radiolifefm.com.br\/noticias\/wp-content\/uploads\/2021\/07\/img5939png162553209960e3a6c347a75.jpg","datePublished":"2021-07-06T01:53:27+00:00","dateModified":"2026-04-03T09:55:52+00:00","breadcrumb":{"@id":"https:\/\/radiolifefm.com.br\/noticias\/prefeito-tem-nova-derrota-na-camara-referendo-para-reitoria-e-rejeitado-por-5-x-4\/#breadcrumb"},"inLanguage":"pt-BR","potentialAction":[{"@type":"ReadAction","target":["https:\/\/radiolifefm.com.br\/noticias\/prefeito-tem-nova-derrota-na-camara-referendo-para-reitoria-e-rejeitado-por-5-x-4\/"]}]},{"@type":"ImageObject","inLanguage":"pt-BR","@id":"https:\/\/radiolifefm.com.br\/noticias\/prefeito-tem-nova-derrota-na-camara-referendo-para-reitoria-e-rejeitado-por-5-x-4\/#primaryimage","url":"https:\/\/radiolifefm.com.br\/noticias\/wp-content\/uploads\/2021\/07\/img5939png162553209960e3a6c347a75.jpg","contentUrl":"https:\/\/radiolifefm.com.br\/noticias\/wp-content\/uploads\/2021\/07\/img5939png162553209960e3a6c347a75.jpg","width":600,"height":337,"caption":"De novo, prefeito M\u00e1rcio Cardim n\u00e3o consegue emplacar nomes para reitoria da UniFAI."},{"@type":"BreadcrumbList","@id":"https:\/\/radiolifefm.com.br\/noticias\/prefeito-tem-nova-derrota-na-camara-referendo-para-reitoria-e-rejeitado-por-5-x-4\/#breadcrumb","itemListElement":[{"@type":"ListItem","position":1,"name":"In\u00edcio","item":"https:\/\/radiolifefm.com.br\/noticias\/"},{"@type":"ListItem","position":2,"name":"Prefeito tem nova derrota na C\u00e2mara; referendo para reitoria \u00e9 rejeitado por 5 X 4"}]},{"@type":"WebSite","@id":"https:\/\/radiolifefm.com.br\/noticias\/#website","url":"https:\/\/radiolifefm.com.br\/noticias\/","name":"R\u00e1dio Life FM","description":"O Portal de Not\u00edcias de Adamantina","publisher":{"@id":"https:\/\/radiolifefm.com.br\/noticias\/#organization"},"alternateName":"Life FM","potentialAction":[{"@type":"SearchAction","target":{"@type":"EntryPoint","urlTemplate":"https:\/\/radiolifefm.com.br\/noticias\/?s={search_term_string}"},"query-input":{"@type":"PropertyValueSpecification","valueRequired":true,"valueName":"search_term_string"}}],"inLanguage":"pt-BR"},{"@type":"Organization","@id":"https:\/\/radiolifefm.com.br\/noticias\/#organization","name":"R\u00e1dio Life FM","alternateName":"Life FM","url":"https:\/\/radiolifefm.com.br\/noticias\/","logo":{"@type":"ImageObject","inLanguage":"pt-BR","@id":"https:\/\/radiolifefm.com.br\/noticias\/#\/schema\/logo\/image\/","url":"https:\/\/static.radiolifefm.com.br\/noticias\/wp-content\/uploads\/2019\/10\/logo-lifefm.png","contentUrl":"https:\/\/static.radiolifefm.com.br\/noticias\/wp-content\/uploads\/2019\/10\/logo-lifefm.png","width":196,"height":47,"caption":"R\u00e1dio Life FM"},"image":{"@id":"https:\/\/radiolifefm.com.br\/noticias\/#\/schema\/logo\/image\/"},"sameAs":["https:\/\/www.facebook.com\/radiolifefm\/","https:\/\/www.instagram.com\/life1079fm\/"]},{"@type":"Person","@id":"https:\/\/radiolifefm.com.br\/noticias\/#\/schema\/person\/6339b9fac59d12b071dec680d7375d87","name":"ritanery","image":{"@type":"ImageObject","inLanguage":"pt-BR","@id":"https:\/\/secure.gravatar.com\/avatar\/0e37bb19071f47c0b8a23f62a903df117c5a0e75f65a0c2901562f97cd41cf86?s=96&d=mm&r=g","url":"https:\/\/secure.gravatar.com\/avatar\/0e37bb19071f47c0b8a23f62a903df117c5a0e75f65a0c2901562f97cd41cf86?s=96&d=mm&r=g","contentUrl":"https:\/\/secure.gravatar.com\/avatar\/0e37bb19071f47c0b8a23f62a903df117c5a0e75f65a0c2901562f97cd41cf86?s=96&d=mm&r=g","caption":"ritanery"}}]}},"amp_enabled":true,"_links":{"self":[{"href":"https:\/\/radiolifefm.com.br\/noticias\/wp-json\/wp\/v2\/posts\/40406","targetHints":{"allow":["GET"]}}],"collection":[{"href":"https:\/\/radiolifefm.com.br\/noticias\/wp-json\/wp\/v2\/posts"}],"about":[{"href":"https:\/\/radiolifefm.com.br\/noticias\/wp-json\/wp\/v2\/types\/post"}],"author":[{"embeddable":true,"href":"https:\/\/radiolifefm.com.br\/noticias\/wp-json\/wp\/v2\/users\/13"}],"replies":[{"embeddable":true,"href":"https:\/\/radiolifefm.com.br\/noticias\/wp-json\/wp\/v2\/comments?post=40406"}],"version-history":[{"count":2,"href":"https:\/\/radiolifefm.com.br\/noticias\/wp-json\/wp\/v2\/posts\/40406\/revisions"}],"predecessor-version":[{"id":40409,"href":"https:\/\/radiolifefm.com.br\/noticias\/wp-json\/wp\/v2\/posts\/40406\/revisions\/40409"}],"wp:featuredmedia":[{"embeddable":true,"href":"https:\/\/radiolifefm.com.br\/noticias\/wp-json\/wp\/v2\/media\/40407"}],"wp:attachment":[{"href":"https:\/\/radiolifefm.com.br\/noticias\/wp-json\/wp\/v2\/media?parent=40406"}],"wp:term":[{"taxonomy":"category","embeddable":true,"href":"https:\/\/radiolifefm.com.br\/noticias\/wp-json\/wp\/v2\/categories?post=40406"},{"taxonomy":"post_tag","embeddable":true,"href":"https:\/\/radiolifefm.com.br\/noticias\/wp-json\/wp\/v2\/tags?post=40406"}],"curies":[{"name":"wp","href":"https:\/\/api.w.org\/{rel}","templated":true}]}}