{"id":40275,"date":"2021-07-01T20:14:15","date_gmt":"2021-07-01T23:14:15","guid":{"rendered":"https:\/\/radiolifefm.com.br\/noticias\/?p=40275"},"modified":"2026-04-19T18:17:49","modified_gmt":"2026-04-19T21:17:49","slug":"cirurgica-adamantina-sera-inaugurada-nesta-sexta-feira-02-07","status":"publish","type":"post","link":"https:\/\/radiolifefm.com.br\/noticias\/cirurgica-adamantina-sera-inaugurada-nesta-sexta-feira-02-07\/","title":{"rendered":"Cir\u00fargica Adamantina, ser\u00e1 inaugurada nesta sexta-feira (02\/07)"},"content":{"rendered":"<div id=\"fb-root\"><\/div>\n<p>A inaugura\u00e7\u00e3o da Cir\u00fargica Adamantina, acontecer\u00e1\u00a0 nesta sexta \u2013 feira (02\/07) as 9h na Av. Capit\u00e3o Jos\u00e9 Ant\u00f4nio de Oliveira 240, Centro \u00a0de Adamantina um \u00a0local privilegiado e de f\u00e1cil acesso.<\/p>\n<p>&nbsp;<\/p>\n<p>A loja ter\u00e1 \u00a0grande variedade de aparelhos m\u00e9dicos, hospitalares, e ortop\u00e9dicos em geral.<\/p>\n<p>&nbsp;<\/p>\n<p>Os empres\u00e1rios Fabio Dias do Nascimento e Andreliza Vasque, estudando o mercado perceberam\u00a0 que Adamantina merece e precisa de \u00a0uma loja completa e \u00a0com muitas op\u00e7\u00f5es de produtos, e com atendimento especializado que os clientes merecem.<\/p>\n<p>&nbsp;<\/p>\n<p>\u201cQuando o cliente necessita dos nossos produtos, \u00e9 porque eles apresentam algum problema de sa\u00fade \u00a0que acarreta da necessidade de mais aten\u00e7\u00e3o, uma das nossas miss\u00f5es \u00e9 \u00a0atender com excel\u00eancia, destaca, Fabio Dias\u201d.<\/p>\n<p>&nbsp;<\/p>\n<p>O hor\u00e1rio de atendimento ser\u00e1 de segunda \u00e0 sexta-feira \u00a0das 8h \u00e0s 18h e aos s\u00e1bados das 8h as 13h.<\/p>\n<p>&nbsp;<\/p>\n<p>Fones:(18):3880-0155 ou (18):99772-7271<\/p>\n<p>&nbsp;<\/p>\n<p>O sonho agora \u00e9 realidade.<\/p>\n<p>&nbsp;<\/p>\n<p>Fonte: Cir\u00fargica Adamantina<\/p>\n<p>&nbsp;<\/p>\n<div class='flex flex-wrap items-center -mx-1'>\r\n<a class='thumbnail gallery p-1 w-1\/2 md:w-1\/4' href='https:\/\/radiolifefm.com.br\/noticias\/wp-content\/uploads\/2021\/07\/d14f825c-843e-4566-ad41-b10d3ef49c6d.jpeg'><img class='border border-white' src='https:\/\/radiolifefm.com.br\/noticias\/wp-content\/uploads\/2021\/07\/d14f825c-843e-4566-ad41-b10d3ef49c6d-200x200.jpeg' alt='D14f825c 843e 4566 Ad41 B10d3ef49c6d' \/><\/a><a class='thumbnail gallery p-1 w-1\/2 md:w-1\/4' href='https:\/\/radiolifefm.com.br\/noticias\/wp-content\/uploads\/2021\/07\/0df42f6f-ebb9-4ae7-a038-010a54694666.jpeg'><img class='border border-white' src='https:\/\/radiolifefm.com.br\/noticias\/wp-content\/uploads\/2021\/07\/0df42f6f-ebb9-4ae7-a038-010a54694666-200x200.jpeg' alt='0df42f6f Ebb9 4ae7 A038 010a54694666' \/><\/a><a class='thumbnail gallery p-1 w-1\/2 md:w-1\/4' href='https:\/\/radiolifefm.com.br\/noticias\/wp-content\/uploads\/2021\/07\/5e2ef23d-cbc2-4519-a147-c540c9b1c1d1.jpeg'><img class='border border-white' src='https:\/\/radiolifefm.com.br\/noticias\/wp-content\/uploads\/2021\/07\/5e2ef23d-cbc2-4519-a147-c540c9b1c1d1-200x200.jpeg' alt='5e2ef23d Cbc2 4519 A147 C540c9b1c1d1' \/><\/a><a class='thumbnail gallery p-1 w-1\/2 md:w-1\/4' href='https:\/\/radiolifefm.com.br\/noticias\/wp-content\/uploads\/2021\/07\/198819005_112682104379314_7980808663219710512_n.jpg'><img class='border border-white' src='https:\/\/radiolifefm.com.br\/noticias\/wp-content\/uploads\/2021\/07\/198819005_112682104379314_7980808663219710512_n-200x200.jpg' alt='198819005_112682104379314_7980808663219710512_n' \/><\/a><a class='thumbnail gallery p-1 w-1\/2 md:w-1\/4' href='https:\/\/radiolifefm.com.br\/noticias\/wp-content\/uploads\/2021\/07\/199703051_112677687713089_5559614556616465117_n.jpg'><img class='border border-white' src='https:\/\/radiolifefm.com.br\/noticias\/wp-content\/uploads\/2021\/07\/199703051_112677687713089_5559614556616465117_n-200x200.jpg' alt='199703051_112677687713089_5559614556616465117_n' \/><\/a><a class='thumbnail gallery p-1 w-1\/2 md:w-1\/4' href='https:\/\/radiolifefm.com.br\/noticias\/wp-content\/uploads\/2021\/07\/201826323_112682144379310_4919721790696128216_n.jpg'><img class='border border-white' src='https:\/\/radiolifefm.com.br\/noticias\/wp-content\/uploads\/2021\/07\/201826323_112682144379310_4919721790696128216_n-200x200.jpg' alt='201826323_112682144379310_4919721790696128216_n' \/><\/a><a class='thumbnail gallery p-1 w-1\/2 md:w-1\/4' href='https:\/\/radiolifefm.com.br\/noticias\/wp-content\/uploads\/2021\/07\/201927835_112683707712487_1337701087647570931_n.jpg'><img class='border border-white' src='https:\/\/radiolifefm.com.br\/noticias\/wp-content\/uploads\/2021\/07\/201927835_112683707712487_1337701087647570931_n-200x200.jpg' alt='201927835_112683707712487_1337701087647570931_n' \/><\/a><a class='thumbnail gallery p-1 w-1\/2 md:w-1\/4' href='https:\/\/radiolifefm.com.br\/noticias\/wp-content\/uploads\/2021\/07\/201944123_112682087712649_7763783397761527572_n.jpg'><img class='border border-white' src='https:\/\/radiolifefm.com.br\/noticias\/wp-content\/uploads\/2021\/07\/201944123_112682087712649_7763783397761527572_n-200x200.jpg' alt='201944123_112682087712649_7763783397761527572_n' \/><\/a><a class='thumbnail gallery p-1 w-1\/2 md:w-1\/4' href='https:\/\/radiolifefm.com.br\/noticias\/wp-content\/uploads\/2021\/07\/201973420_112682127712645_1006612392644303537_n.jpg'><img class='border border-white' src='https:\/\/radiolifefm.com.br\/noticias\/wp-content\/uploads\/2021\/07\/201973420_112682127712645_1006612392644303537_n-200x200.jpg' alt='201973420_112682127712645_1006612392644303537_n' \/><\/a><\/div>\n","protected":false},"excerpt":{"rendered":"<p>A inaugura\u00e7\u00e3o da Cir\u00fargica Adamantina, acontecer\u00e1\u00a0 nesta sexta \u2013 feira (02\/07) as 9h na Av. Capit\u00e3o Jos\u00e9 Ant\u00f4nio de Oliveira 240, Centro \u00a0de Adamantina um \u00a0local privilegiado e de f\u00e1cil acesso. &nbsp; A loja ter\u00e1 \u00a0grande variedade de aparelhos m\u00e9dicos, hospitalares, e ortop\u00e9dicos em geral. &nbsp; Os empres\u00e1rios Fabio Dias do Nascimento e Andreliza Vasque, [&hellip;]<\/p>\n","protected":false},"author":13,"featured_media":40276,"comment_status":"closed","ping_status":"open","sticky":false,"template":"","format":"standard","meta":{"_acf_changed":false,"_exactmetrics_skip_tracking":false,"_exactmetrics_sitenote_active":false,"_exactmetrics_sitenote_note":"","_exactmetrics_sitenote_category":0,"footnotes":""},"categories":[21],"tags":[],"class_list":["post-40275","post","type-post","status-publish","format-standard","has-post-thumbnail","hentry","category-adamantina"],"acf":[],"yoast_head":"<!-- This site is optimized with the Yoast SEO plugin v27.2 - https:\/\/yoast.com\/product\/yoast-seo-wordpress\/ -->\n<title>Cir\u00fargica Adamantina, ser\u00e1 inaugurada nesta sexta-feira (02\/07) - R\u00e1dio Life FM<\/title>\n<meta name=\"robots\" content=\"index, follow, max-snippet:-1, max-image-preview:large, max-video-preview:-1\" \/>\n<link rel=\"canonical\" href=\"https:\/\/radiolifefm.com.br\/noticias\/cirurgica-adamantina-sera-inaugurada-nesta-sexta-feira-02-07\/\" \/>\n<meta property=\"og:locale\" content=\"pt_BR\" \/>\n<meta property=\"og:type\" content=\"article\" \/>\n<meta property=\"og:title\" content=\"Cir\u00fargica Adamantina, ser\u00e1 inaugurada nesta sexta-feira (02\/07) - R\u00e1dio Life FM\" \/>\n<meta property=\"og:description\" content=\"A inaugura\u00e7\u00e3o da Cir\u00fargica Adamantina, acontecer\u00e1\u00a0 nesta sexta \u2013 feira (02\/07) as 9h na Av. Capit\u00e3o Jos\u00e9 Ant\u00f4nio de Oliveira 240, Centro \u00a0de Adamantina um \u00a0local privilegiado e de f\u00e1cil acesso. &nbsp; A loja ter\u00e1 \u00a0grande variedade de aparelhos m\u00e9dicos, hospitalares, e ortop\u00e9dicos em geral. &nbsp; Os empres\u00e1rios Fabio Dias do Nascimento e Andreliza Vasque, [&hellip;]\" \/>\n<meta property=\"og:url\" content=\"https:\/\/radiolifefm.com.br\/noticias\/cirurgica-adamantina-sera-inaugurada-nesta-sexta-feira-02-07\/\" \/>\n<meta property=\"og:site_name\" content=\"R\u00e1dio Life FM\" \/>\n<meta property=\"article:publisher\" content=\"https:\/\/www.facebook.com\/radiolifefm\/\" \/>\n<meta property=\"article:published_time\" content=\"2021-07-01T23:14:15+00:00\" \/>\n<meta property=\"article:modified_time\" content=\"2026-04-19T21:17:49+00:00\" \/>\n<meta property=\"og:image\" content=\"https:\/\/radiolifefm.com.br\/noticias\/wp-content\/uploads\/2021\/07\/198486231_106294011684790_7895834008622626517_n.jpg\" \/>\n\t<meta property=\"og:image:width\" content=\"960\" \/>\n\t<meta property=\"og:image:height\" content=\"960\" \/>\n\t<meta property=\"og:image:type\" content=\"image\/jpeg\" \/>\n<meta name=\"author\" content=\"ritanery\" \/>\n<meta name=\"twitter:card\" content=\"summary_large_image\" \/>\n<meta name=\"twitter:label1\" content=\"Escrito por\" \/>\n\t<meta name=\"twitter:data1\" content=\"ritanery\" \/>\n\t<meta name=\"twitter:label2\" content=\"Est. tempo de leitura\" \/>\n\t<meta name=\"twitter:data2\" content=\"1 minuto\" \/>\n<script type=\"application\/ld+json\" class=\"yoast-schema-graph\">{\"@context\":\"https:\/\/schema.org\",\"@graph\":[{\"@type\":\"Article\",\"@id\":\"https:\/\/radiolifefm.com.br\/noticias\/cirurgica-adamantina-sera-inaugurada-nesta-sexta-feira-02-07\/#article\",\"isPartOf\":{\"@id\":\"https:\/\/radiolifefm.com.br\/noticias\/cirurgica-adamantina-sera-inaugurada-nesta-sexta-feira-02-07\/\"},\"author\":{\"name\":\"ritanery\",\"@id\":\"https:\/\/radiolifefm.com.br\/noticias\/#\/schema\/person\/6339b9fac59d12b071dec680d7375d87\"},\"headline\":\"Cir\u00fargica Adamantina, ser\u00e1 inaugurada nesta sexta-feira (02\/07)\",\"datePublished\":\"2021-07-01T23:14:15+00:00\",\"dateModified\":\"2026-04-19T21:17:49+00:00\",\"mainEntityOfPage\":{\"@id\":\"https:\/\/radiolifefm.com.br\/noticias\/cirurgica-adamantina-sera-inaugurada-nesta-sexta-feira-02-07\/\"},\"wordCount\":173,\"publisher\":{\"@id\":\"https:\/\/radiolifefm.com.br\/noticias\/#organization\"},\"image\":{\"@id\":\"https:\/\/radiolifefm.com.br\/noticias\/cirurgica-adamantina-sera-inaugurada-nesta-sexta-feira-02-07\/#primaryimage\"},\"thumbnailUrl\":\"https:\/\/radiolifefm.com.br\/noticias\/wp-content\/uploads\/2021\/07\/198486231_106294011684790_7895834008622626517_n.jpg\",\"articleSection\":[\"Adamantina\"],\"inLanguage\":\"pt-BR\"},{\"@type\":\"WebPage\",\"@id\":\"https:\/\/radiolifefm.com.br\/noticias\/cirurgica-adamantina-sera-inaugurada-nesta-sexta-feira-02-07\/\",\"url\":\"https:\/\/radiolifefm.com.br\/noticias\/cirurgica-adamantina-sera-inaugurada-nesta-sexta-feira-02-07\/\",\"name\":\"Cir\u00fargica Adamantina, ser\u00e1 inaugurada nesta sexta-feira (02\/07) - R\u00e1dio Life FM\",\"isPartOf\":{\"@id\":\"https:\/\/radiolifefm.com.br\/noticias\/#website\"},\"primaryImageOfPage\":{\"@id\":\"https:\/\/radiolifefm.com.br\/noticias\/cirurgica-adamantina-sera-inaugurada-nesta-sexta-feira-02-07\/#primaryimage\"},\"image\":{\"@id\":\"https:\/\/radiolifefm.com.br\/noticias\/cirurgica-adamantina-sera-inaugurada-nesta-sexta-feira-02-07\/#primaryimage\"},\"thumbnailUrl\":\"https:\/\/radiolifefm.com.br\/noticias\/wp-content\/uploads\/2021\/07\/198486231_106294011684790_7895834008622626517_n.jpg\",\"datePublished\":\"2021-07-01T23:14:15+00:00\",\"dateModified\":\"2026-04-19T21:17:49+00:00\",\"breadcrumb\":{\"@id\":\"https:\/\/radiolifefm.com.br\/noticias\/cirurgica-adamantina-sera-inaugurada-nesta-sexta-feira-02-07\/#breadcrumb\"},\"inLanguage\":\"pt-BR\",\"potentialAction\":[{\"@type\":\"ReadAction\",\"target\":[\"https:\/\/radiolifefm.com.br\/noticias\/cirurgica-adamantina-sera-inaugurada-nesta-sexta-feira-02-07\/\"]}]},{\"@type\":\"ImageObject\",\"inLanguage\":\"pt-BR\",\"@id\":\"https:\/\/radiolifefm.com.br\/noticias\/cirurgica-adamantina-sera-inaugurada-nesta-sexta-feira-02-07\/#primaryimage\",\"url\":\"https:\/\/radiolifefm.com.br\/noticias\/wp-content\/uploads\/2021\/07\/198486231_106294011684790_7895834008622626517_n.jpg\",\"contentUrl\":\"https:\/\/radiolifefm.com.br\/noticias\/wp-content\/uploads\/2021\/07\/198486231_106294011684790_7895834008622626517_n.jpg\",\"width\":960,\"height\":960,\"caption\":\"Av. Capit\u00e3o Jos\u00e9 Ant\u00f4nio de Oliveira 240, Centro de Adamantina\"},{\"@type\":\"BreadcrumbList\",\"@id\":\"https:\/\/radiolifefm.com.br\/noticias\/cirurgica-adamantina-sera-inaugurada-nesta-sexta-feira-02-07\/#breadcrumb\",\"itemListElement\":[{\"@type\":\"ListItem\",\"position\":1,\"name\":\"In\u00edcio\",\"item\":\"https:\/\/radiolifefm.com.br\/noticias\/\"},{\"@type\":\"ListItem\",\"position\":2,\"name\":\"Cir\u00fargica Adamantina, ser\u00e1 inaugurada nesta sexta-feira (02\/07)\"}]},{\"@type\":\"WebSite\",\"@id\":\"https:\/\/radiolifefm.com.br\/noticias\/#website\",\"url\":\"https:\/\/radiolifefm.com.br\/noticias\/\",\"name\":\"R\u00e1dio Life FM\",\"description\":\"O Portal de Not\u00edcias de Adamantina\",\"publisher\":{\"@id\":\"https:\/\/radiolifefm.com.br\/noticias\/#organization\"},\"alternateName\":\"Life FM\",\"potentialAction\":[{\"@type\":\"SearchAction\",\"target\":{\"@type\":\"EntryPoint\",\"urlTemplate\":\"https:\/\/radiolifefm.com.br\/noticias\/?s={search_term_string}\"},\"query-input\":{\"@type\":\"PropertyValueSpecification\",\"valueRequired\":true,\"valueName\":\"search_term_string\"}}],\"inLanguage\":\"pt-BR\"},{\"@type\":\"Organization\",\"@id\":\"https:\/\/radiolifefm.com.br\/noticias\/#organization\",\"name\":\"R\u00e1dio Life FM\",\"alternateName\":\"Life FM\",\"url\":\"https:\/\/radiolifefm.com.br\/noticias\/\",\"logo\":{\"@type\":\"ImageObject\",\"inLanguage\":\"pt-BR\",\"@id\":\"https:\/\/radiolifefm.com.br\/noticias\/#\/schema\/logo\/image\/\",\"url\":\"https:\/\/static.radiolifefm.com.br\/noticias\/wp-content\/uploads\/2019\/10\/logo-lifefm.png\",\"contentUrl\":\"https:\/\/static.radiolifefm.com.br\/noticias\/wp-content\/uploads\/2019\/10\/logo-lifefm.png\",\"width\":196,\"height\":47,\"caption\":\"R\u00e1dio Life FM\"},\"image\":{\"@id\":\"https:\/\/radiolifefm.com.br\/noticias\/#\/schema\/logo\/image\/\"},\"sameAs\":[\"https:\/\/www.facebook.com\/radiolifefm\/\",\"https:\/\/www.instagram.com\/life1079fm\/\"]},{\"@type\":\"Person\",\"@id\":\"https:\/\/radiolifefm.com.br\/noticias\/#\/schema\/person\/6339b9fac59d12b071dec680d7375d87\",\"name\":\"ritanery\",\"image\":{\"@type\":\"ImageObject\",\"inLanguage\":\"pt-BR\",\"@id\":\"https:\/\/secure.gravatar.com\/avatar\/0e37bb19071f47c0b8a23f62a903df117c5a0e75f65a0c2901562f97cd41cf86?s=96&d=mm&r=g\",\"url\":\"https:\/\/secure.gravatar.com\/avatar\/0e37bb19071f47c0b8a23f62a903df117c5a0e75f65a0c2901562f97cd41cf86?s=96&d=mm&r=g\",\"contentUrl\":\"https:\/\/secure.gravatar.com\/avatar\/0e37bb19071f47c0b8a23f62a903df117c5a0e75f65a0c2901562f97cd41cf86?s=96&d=mm&r=g\",\"caption\":\"ritanery\"}}]}<\/script>\n<!-- \/ Yoast SEO plugin. -->","yoast_head_json":{"title":"Cir\u00fargica Adamantina, ser\u00e1 inaugurada nesta sexta-feira (02\/07) - R\u00e1dio Life FM","robots":{"index":"index","follow":"follow","max-snippet":"max-snippet:-1","max-image-preview":"max-image-preview:large","max-video-preview":"max-video-preview:-1"},"canonical":"https:\/\/radiolifefm.com.br\/noticias\/cirurgica-adamantina-sera-inaugurada-nesta-sexta-feira-02-07\/","og_locale":"pt_BR","og_type":"article","og_title":"Cir\u00fargica Adamantina, ser\u00e1 inaugurada nesta sexta-feira (02\/07) - R\u00e1dio Life FM","og_description":"A inaugura\u00e7\u00e3o da Cir\u00fargica Adamantina, acontecer\u00e1\u00a0 nesta sexta \u2013 feira (02\/07) as 9h na Av. Capit\u00e3o Jos\u00e9 Ant\u00f4nio de Oliveira 240, Centro \u00a0de Adamantina um \u00a0local privilegiado e de f\u00e1cil acesso. &nbsp; A loja ter\u00e1 \u00a0grande variedade de aparelhos m\u00e9dicos, hospitalares, e ortop\u00e9dicos em geral. &nbsp; Os empres\u00e1rios Fabio Dias do Nascimento e Andreliza Vasque, [&hellip;]","og_url":"https:\/\/radiolifefm.com.br\/noticias\/cirurgica-adamantina-sera-inaugurada-nesta-sexta-feira-02-07\/","og_site_name":"R\u00e1dio Life FM","article_publisher":"https:\/\/www.facebook.com\/radiolifefm\/","article_published_time":"2021-07-01T23:14:15+00:00","article_modified_time":"2026-04-19T21:17:49+00:00","og_image":[{"width":960,"height":960,"url":"https:\/\/radiolifefm.com.br\/noticias\/wp-content\/uploads\/2021\/07\/198486231_106294011684790_7895834008622626517_n.jpg","type":"image\/jpeg"}],"author":"ritanery","twitter_card":"summary_large_image","twitter_misc":{"Escrito por":"ritanery","Est. tempo de leitura":"1 minuto"},"schema":{"@context":"https:\/\/schema.org","@graph":[{"@type":"Article","@id":"https:\/\/radiolifefm.com.br\/noticias\/cirurgica-adamantina-sera-inaugurada-nesta-sexta-feira-02-07\/#article","isPartOf":{"@id":"https:\/\/radiolifefm.com.br\/noticias\/cirurgica-adamantina-sera-inaugurada-nesta-sexta-feira-02-07\/"},"author":{"name":"ritanery","@id":"https:\/\/radiolifefm.com.br\/noticias\/#\/schema\/person\/6339b9fac59d12b071dec680d7375d87"},"headline":"Cir\u00fargica Adamantina, ser\u00e1 inaugurada nesta sexta-feira (02\/07)","datePublished":"2021-07-01T23:14:15+00:00","dateModified":"2026-04-19T21:17:49+00:00","mainEntityOfPage":{"@id":"https:\/\/radiolifefm.com.br\/noticias\/cirurgica-adamantina-sera-inaugurada-nesta-sexta-feira-02-07\/"},"wordCount":173,"publisher":{"@id":"https:\/\/radiolifefm.com.br\/noticias\/#organization"},"image":{"@id":"https:\/\/radiolifefm.com.br\/noticias\/cirurgica-adamantina-sera-inaugurada-nesta-sexta-feira-02-07\/#primaryimage"},"thumbnailUrl":"https:\/\/radiolifefm.com.br\/noticias\/wp-content\/uploads\/2021\/07\/198486231_106294011684790_7895834008622626517_n.jpg","articleSection":["Adamantina"],"inLanguage":"pt-BR"},{"@type":"WebPage","@id":"https:\/\/radiolifefm.com.br\/noticias\/cirurgica-adamantina-sera-inaugurada-nesta-sexta-feira-02-07\/","url":"https:\/\/radiolifefm.com.br\/noticias\/cirurgica-adamantina-sera-inaugurada-nesta-sexta-feira-02-07\/","name":"Cir\u00fargica Adamantina, ser\u00e1 inaugurada nesta sexta-feira (02\/07) - R\u00e1dio Life FM","isPartOf":{"@id":"https:\/\/radiolifefm.com.br\/noticias\/#website"},"primaryImageOfPage":{"@id":"https:\/\/radiolifefm.com.br\/noticias\/cirurgica-adamantina-sera-inaugurada-nesta-sexta-feira-02-07\/#primaryimage"},"image":{"@id":"https:\/\/radiolifefm.com.br\/noticias\/cirurgica-adamantina-sera-inaugurada-nesta-sexta-feira-02-07\/#primaryimage"},"thumbnailUrl":"https:\/\/radiolifefm.com.br\/noticias\/wp-content\/uploads\/2021\/07\/198486231_106294011684790_7895834008622626517_n.jpg","datePublished":"2021-07-01T23:14:15+00:00","dateModified":"2026-04-19T21:17:49+00:00","breadcrumb":{"@id":"https:\/\/radiolifefm.com.br\/noticias\/cirurgica-adamantina-sera-inaugurada-nesta-sexta-feira-02-07\/#breadcrumb"},"inLanguage":"pt-BR","potentialAction":[{"@type":"ReadAction","target":["https:\/\/radiolifefm.com.br\/noticias\/cirurgica-adamantina-sera-inaugurada-nesta-sexta-feira-02-07\/"]}]},{"@type":"ImageObject","inLanguage":"pt-BR","@id":"https:\/\/radiolifefm.com.br\/noticias\/cirurgica-adamantina-sera-inaugurada-nesta-sexta-feira-02-07\/#primaryimage","url":"https:\/\/radiolifefm.com.br\/noticias\/wp-content\/uploads\/2021\/07\/198486231_106294011684790_7895834008622626517_n.jpg","contentUrl":"https:\/\/radiolifefm.com.br\/noticias\/wp-content\/uploads\/2021\/07\/198486231_106294011684790_7895834008622626517_n.jpg","width":960,"height":960,"caption":"Av. Capit\u00e3o Jos\u00e9 Ant\u00f4nio de Oliveira 240, Centro de Adamantina"},{"@type":"BreadcrumbList","@id":"https:\/\/radiolifefm.com.br\/noticias\/cirurgica-adamantina-sera-inaugurada-nesta-sexta-feira-02-07\/#breadcrumb","itemListElement":[{"@type":"ListItem","position":1,"name":"In\u00edcio","item":"https:\/\/radiolifefm.com.br\/noticias\/"},{"@type":"ListItem","position":2,"name":"Cir\u00fargica Adamantina, ser\u00e1 inaugurada nesta sexta-feira (02\/07)"}]},{"@type":"WebSite","@id":"https:\/\/radiolifefm.com.br\/noticias\/#website","url":"https:\/\/radiolifefm.com.br\/noticias\/","name":"R\u00e1dio Life FM","description":"O Portal de Not\u00edcias de Adamantina","publisher":{"@id":"https:\/\/radiolifefm.com.br\/noticias\/#organization"},"alternateName":"Life FM","potentialAction":[{"@type":"SearchAction","target":{"@type":"EntryPoint","urlTemplate":"https:\/\/radiolifefm.com.br\/noticias\/?s={search_term_string}"},"query-input":{"@type":"PropertyValueSpecification","valueRequired":true,"valueName":"search_term_string"}}],"inLanguage":"pt-BR"},{"@type":"Organization","@id":"https:\/\/radiolifefm.com.br\/noticias\/#organization","name":"R\u00e1dio Life FM","alternateName":"Life FM","url":"https:\/\/radiolifefm.com.br\/noticias\/","logo":{"@type":"ImageObject","inLanguage":"pt-BR","@id":"https:\/\/radiolifefm.com.br\/noticias\/#\/schema\/logo\/image\/","url":"https:\/\/static.radiolifefm.com.br\/noticias\/wp-content\/uploads\/2019\/10\/logo-lifefm.png","contentUrl":"https:\/\/static.radiolifefm.com.br\/noticias\/wp-content\/uploads\/2019\/10\/logo-lifefm.png","width":196,"height":47,"caption":"R\u00e1dio Life FM"},"image":{"@id":"https:\/\/radiolifefm.com.br\/noticias\/#\/schema\/logo\/image\/"},"sameAs":["https:\/\/www.facebook.com\/radiolifefm\/","https:\/\/www.instagram.com\/life1079fm\/"]},{"@type":"Person","@id":"https:\/\/radiolifefm.com.br\/noticias\/#\/schema\/person\/6339b9fac59d12b071dec680d7375d87","name":"ritanery","image":{"@type":"ImageObject","inLanguage":"pt-BR","@id":"https:\/\/secure.gravatar.com\/avatar\/0e37bb19071f47c0b8a23f62a903df117c5a0e75f65a0c2901562f97cd41cf86?s=96&d=mm&r=g","url":"https:\/\/secure.gravatar.com\/avatar\/0e37bb19071f47c0b8a23f62a903df117c5a0e75f65a0c2901562f97cd41cf86?s=96&d=mm&r=g","contentUrl":"https:\/\/secure.gravatar.com\/avatar\/0e37bb19071f47c0b8a23f62a903df117c5a0e75f65a0c2901562f97cd41cf86?s=96&d=mm&r=g","caption":"ritanery"}}]}},"amp_enabled":true,"_links":{"self":[{"href":"https:\/\/radiolifefm.com.br\/noticias\/wp-json\/wp\/v2\/posts\/40275","targetHints":{"allow":["GET"]}}],"collection":[{"href":"https:\/\/radiolifefm.com.br\/noticias\/wp-json\/wp\/v2\/posts"}],"about":[{"href":"https:\/\/radiolifefm.com.br\/noticias\/wp-json\/wp\/v2\/types\/post"}],"author":[{"embeddable":true,"href":"https:\/\/radiolifefm.com.br\/noticias\/wp-json\/wp\/v2\/users\/13"}],"replies":[{"embeddable":true,"href":"https:\/\/radiolifefm.com.br\/noticias\/wp-json\/wp\/v2\/comments?post=40275"}],"version-history":[{"count":2,"href":"https:\/\/radiolifefm.com.br\/noticias\/wp-json\/wp\/v2\/posts\/40275\/revisions"}],"predecessor-version":[{"id":40287,"href":"https:\/\/radiolifefm.com.br\/noticias\/wp-json\/wp\/v2\/posts\/40275\/revisions\/40287"}],"wp:featuredmedia":[{"embeddable":true,"href":"https:\/\/radiolifefm.com.br\/noticias\/wp-json\/wp\/v2\/media\/40276"}],"wp:attachment":[{"href":"https:\/\/radiolifefm.com.br\/noticias\/wp-json\/wp\/v2\/media?parent=40275"}],"wp:term":[{"taxonomy":"category","embeddable":true,"href":"https:\/\/radiolifefm.com.br\/noticias\/wp-json\/wp\/v2\/categories?post=40275"},{"taxonomy":"post_tag","embeddable":true,"href":"https:\/\/radiolifefm.com.br\/noticias\/wp-json\/wp\/v2\/tags?post=40275"}],"curies":[{"name":"wp","href":"https:\/\/api.w.org\/{rel}","templated":true}]}}