{"id":40216,"date":"2021-06-30T10:07:08","date_gmt":"2021-06-30T13:07:08","guid":{"rendered":"https:\/\/radiolifefm.com.br\/noticias\/?p=40216"},"modified":"2026-04-24T16:22:12","modified_gmt":"2026-04-24T19:22:12","slug":"baixas-temperaturas-provocam-geada-em-adamantina-termometros-marcaram-1c","status":"publish","type":"post","link":"https:\/\/radiolifefm.com.br\/noticias\/baixas-temperaturas-provocam-geada-em-adamantina-termometros-marcaram-1c\/","title":{"rendered":"Baixas temperaturas provocam geada em Adamantina; term\u00f4metros marcaram 1\u00b0C"},"content":{"rendered":"<div id=\"fb-root\"><\/div>\n<p>A onda de frio em Adamantina e regi\u00e3o provocou geada na madrugada desta quarta-feira (30). H\u00e1 registros que mostram a forma\u00e7\u00e3o de uma fina camada de gelo em \u00e1reas de vegeta\u00e7\u00e3o, sobretudo as localidades mais baixas.<\/p>\n<p>&nbsp;<\/p>\n<p>Segundo apurou o SIGA MAIS ao amanhecer desta quarta-feira, esse fen\u00f4meno ocorreu tanto na \u00e1rea urbana quanto rural de Adamantina. \u00c0s 6h30 da manh\u00e3, o term\u00f4metro localizado no Parque dos Pioneiros informava 1\u00b0C.<\/p>\n<p>&nbsp;<\/p>\n<p>Em rela\u00e7\u00e3o \u00e0 zona rural, h\u00e1 relatos de geada em localidades como do Bairro Lambari, onde agricultores que cultivam hortas em \u00e1reas abertas promoveram fogo controlado, com pneus e outros materiais, como recurso para dispersar ou minimizar os efeitos na \u00e1rea de plantio. H\u00e1, nessa regi\u00e3o, registro de geada, como em outras \u00e1reas rurais.<\/p>\n<p>Na \u00e1rea urbana, regi\u00f5es de baixada, como no final da Rua Santa Catarina e in\u00edcio da Estrada 6, onde foi vista uma fina camada de gelo em \u00e1rea de vegeta\u00e7\u00e3o.<\/p>\n<p>O frio intenso que chegou \u00e0 regi\u00e3o e grande parte do\u00a0\u00a0pa\u00eds, nesta semana, \u00e9 provocado por uma massa de ar polar que avan\u00e7a a partir do Sul do Brasil. No Rio Grande do Sul e Santa Catarina houve registros de neve.<\/p>\n<div class='flex flex-wrap items-center -mx-1'>\r\n<a class='thumbnail gallery p-1 w-1\/2 md:w-1\/4' href='https:\/\/radiolifefm.com.br\/noticias\/wp-content\/uploads\/2021\/06\/f2jpg162505123860dc50665c2a5.jpg'><img class='border border-white' src='https:\/\/radiolifefm.com.br\/noticias\/wp-content\/uploads\/2021\/06\/f2jpg162505123860dc50665c2a5-200x200.jpg' alt='F2jpg162505123860dc50665c2a5' \/><\/a><a class='thumbnail gallery p-1 w-1\/2 md:w-1\/4' href='https:\/\/radiolifefm.com.br\/noticias\/wp-content\/uploads\/2021\/06\/f3jpg162505121960dc5053045ef.jpg'><img class='border border-white' src='https:\/\/radiolifefm.com.br\/noticias\/wp-content\/uploads\/2021\/06\/f3jpg162505121960dc5053045ef-200x200.jpg' alt='F3jpg162505121960dc5053045ef' \/><\/a><a class='thumbnail gallery p-1 w-1\/2 md:w-1\/4' href='https:\/\/radiolifefm.com.br\/noticias\/wp-content\/uploads\/2021\/06\/f5jpg162505120360dc50439014f.jpg'><img class='border border-white' src='https:\/\/radiolifefm.com.br\/noticias\/wp-content\/uploads\/2021\/06\/f5jpg162505120360dc50439014f-200x200.jpg' alt='F5jpg162505120360dc50439014f' \/><\/a><\/div>\n<p>Fonte: Siga Mais<\/p>\n","protected":false},"excerpt":{"rendered":"<p>A onda de frio em Adamantina e regi\u00e3o provocou geada na madrugada desta quarta-feira (30). H\u00e1 registros que mostram a forma\u00e7\u00e3o de uma fina camada de gelo em \u00e1reas de vegeta\u00e7\u00e3o, sobretudo as localidades mais baixas. &nbsp; Segundo apurou o SIGA MAIS ao amanhecer desta quarta-feira, esse fen\u00f4meno ocorreu tanto na \u00e1rea urbana quanto rural [&hellip;]<\/p>\n","protected":false},"author":13,"featured_media":40217,"comment_status":"closed","ping_status":"open","sticky":false,"template":"","format":"standard","meta":{"_acf_changed":false,"_exactmetrics_skip_tracking":false,"_exactmetrics_sitenote_active":false,"_exactmetrics_sitenote_note":"","_exactmetrics_sitenote_category":0,"footnotes":""},"categories":[21],"tags":[],"class_list":["post-40216","post","type-post","status-publish","format-standard","has-post-thumbnail","hentry","category-adamantina"],"acf":[],"yoast_head":"<!-- This site is optimized with the Yoast SEO plugin v27.2 - https:\/\/yoast.com\/product\/yoast-seo-wordpress\/ -->\n<title>Baixas temperaturas provocam geada em Adamantina; term\u00f4metros marcaram 1\u00b0C - R\u00e1dio Life FM<\/title>\n<meta name=\"robots\" content=\"index, follow, max-snippet:-1, max-image-preview:large, max-video-preview:-1\" \/>\n<link rel=\"canonical\" href=\"https:\/\/radiolifefm.com.br\/noticias\/baixas-temperaturas-provocam-geada-em-adamantina-termometros-marcaram-1c\/\" \/>\n<meta property=\"og:locale\" content=\"pt_BR\" \/>\n<meta property=\"og:type\" content=\"article\" \/>\n<meta property=\"og:title\" content=\"Baixas temperaturas provocam geada em Adamantina; term\u00f4metros marcaram 1\u00b0C - R\u00e1dio Life FM\" \/>\n<meta property=\"og:description\" content=\"A onda de frio em Adamantina e regi\u00e3o provocou geada na madrugada desta quarta-feira (30). H\u00e1 registros que mostram a forma\u00e7\u00e3o de uma fina camada de gelo em \u00e1reas de vegeta\u00e7\u00e3o, sobretudo as localidades mais baixas. &nbsp; Segundo apurou o SIGA MAIS ao amanhecer desta quarta-feira, esse fen\u00f4meno ocorreu tanto na \u00e1rea urbana quanto rural [&hellip;]\" \/>\n<meta property=\"og:url\" content=\"https:\/\/radiolifefm.com.br\/noticias\/baixas-temperaturas-provocam-geada-em-adamantina-termometros-marcaram-1c\/\" \/>\n<meta property=\"og:site_name\" content=\"R\u00e1dio Life FM\" \/>\n<meta property=\"article:publisher\" content=\"https:\/\/www.facebook.com\/radiolifefm\/\" \/>\n<meta property=\"article:published_time\" content=\"2021-06-30T13:07:08+00:00\" \/>\n<meta property=\"article:modified_time\" content=\"2026-04-24T19:22:12+00:00\" \/>\n<meta property=\"og:image\" content=\"https:\/\/radiolifefm.com.br\/noticias\/wp-content\/uploads\/2021\/06\/capajpg162505179760dc529501a6a.jpg\" \/>\n\t<meta property=\"og:image:width\" content=\"600\" \/>\n\t<meta property=\"og:image:height\" content=\"337\" \/>\n\t<meta property=\"og:image:type\" content=\"image\/jpeg\" \/>\n<meta name=\"author\" content=\"ritanery\" \/>\n<meta name=\"twitter:card\" content=\"summary_large_image\" \/>\n<meta name=\"twitter:label1\" content=\"Escrito por\" \/>\n\t<meta name=\"twitter:data1\" content=\"ritanery\" \/>\n\t<meta name=\"twitter:label2\" content=\"Est. tempo de leitura\" \/>\n\t<meta name=\"twitter:data2\" content=\"1 minuto\" \/>\n<script type=\"application\/ld+json\" class=\"yoast-schema-graph\">{\"@context\":\"https:\/\/schema.org\",\"@graph\":[{\"@type\":\"Article\",\"@id\":\"https:\/\/radiolifefm.com.br\/noticias\/baixas-temperaturas-provocam-geada-em-adamantina-termometros-marcaram-1c\/#article\",\"isPartOf\":{\"@id\":\"https:\/\/radiolifefm.com.br\/noticias\/baixas-temperaturas-provocam-geada-em-adamantina-termometros-marcaram-1c\/\"},\"author\":{\"name\":\"ritanery\",\"@id\":\"https:\/\/radiolifefm.com.br\/noticias\/#\/schema\/person\/6339b9fac59d12b071dec680d7375d87\"},\"headline\":\"Baixas temperaturas provocam geada em Adamantina; term\u00f4metros marcaram 1\u00b0C\",\"datePublished\":\"2021-06-30T13:07:08+00:00\",\"dateModified\":\"2026-04-24T19:22:12+00:00\",\"mainEntityOfPage\":{\"@id\":\"https:\/\/radiolifefm.com.br\/noticias\/baixas-temperaturas-provocam-geada-em-adamantina-termometros-marcaram-1c\/\"},\"wordCount\":222,\"publisher\":{\"@id\":\"https:\/\/radiolifefm.com.br\/noticias\/#organization\"},\"image\":{\"@id\":\"https:\/\/radiolifefm.com.br\/noticias\/baixas-temperaturas-provocam-geada-em-adamantina-termometros-marcaram-1c\/#primaryimage\"},\"thumbnailUrl\":\"https:\/\/radiolifefm.com.br\/noticias\/wp-content\/uploads\/2021\/06\/capajpg162505179760dc529501a6a.jpg\",\"articleSection\":[\"Adamantina\"],\"inLanguage\":\"pt-BR\"},{\"@type\":\"WebPage\",\"@id\":\"https:\/\/radiolifefm.com.br\/noticias\/baixas-temperaturas-provocam-geada-em-adamantina-termometros-marcaram-1c\/\",\"url\":\"https:\/\/radiolifefm.com.br\/noticias\/baixas-temperaturas-provocam-geada-em-adamantina-termometros-marcaram-1c\/\",\"name\":\"Baixas temperaturas provocam geada em Adamantina; term\u00f4metros marcaram 1\u00b0C - R\u00e1dio Life FM\",\"isPartOf\":{\"@id\":\"https:\/\/radiolifefm.com.br\/noticias\/#website\"},\"primaryImageOfPage\":{\"@id\":\"https:\/\/radiolifefm.com.br\/noticias\/baixas-temperaturas-provocam-geada-em-adamantina-termometros-marcaram-1c\/#primaryimage\"},\"image\":{\"@id\":\"https:\/\/radiolifefm.com.br\/noticias\/baixas-temperaturas-provocam-geada-em-adamantina-termometros-marcaram-1c\/#primaryimage\"},\"thumbnailUrl\":\"https:\/\/radiolifefm.com.br\/noticias\/wp-content\/uploads\/2021\/06\/capajpg162505179760dc529501a6a.jpg\",\"datePublished\":\"2021-06-30T13:07:08+00:00\",\"dateModified\":\"2026-04-24T19:22:12+00:00\",\"breadcrumb\":{\"@id\":\"https:\/\/radiolifefm.com.br\/noticias\/baixas-temperaturas-provocam-geada-em-adamantina-termometros-marcaram-1c\/#breadcrumb\"},\"inLanguage\":\"pt-BR\",\"potentialAction\":[{\"@type\":\"ReadAction\",\"target\":[\"https:\/\/radiolifefm.com.br\/noticias\/baixas-temperaturas-provocam-geada-em-adamantina-termometros-marcaram-1c\/\"]}]},{\"@type\":\"ImageObject\",\"inLanguage\":\"pt-BR\",\"@id\":\"https:\/\/radiolifefm.com.br\/noticias\/baixas-temperaturas-provocam-geada-em-adamantina-termometros-marcaram-1c\/#primaryimage\",\"url\":\"https:\/\/radiolifefm.com.br\/noticias\/wp-content\/uploads\/2021\/06\/capajpg162505179760dc529501a6a.jpg\",\"contentUrl\":\"https:\/\/radiolifefm.com.br\/noticias\/wp-content\/uploads\/2021\/06\/capajpg162505179760dc529501a6a.jpg\",\"width\":600,\"height\":337,\"caption\":\"Fina camada de gelo se formou em \u00e1reas de vegeta\u00e7\u00e3o, pastagens e de cultivo, em Adamantina e regi\u00e3o.\"},{\"@type\":\"BreadcrumbList\",\"@id\":\"https:\/\/radiolifefm.com.br\/noticias\/baixas-temperaturas-provocam-geada-em-adamantina-termometros-marcaram-1c\/#breadcrumb\",\"itemListElement\":[{\"@type\":\"ListItem\",\"position\":1,\"name\":\"In\u00edcio\",\"item\":\"https:\/\/radiolifefm.com.br\/noticias\/\"},{\"@type\":\"ListItem\",\"position\":2,\"name\":\"Baixas temperaturas provocam geada em Adamantina; term\u00f4metros marcaram 1\u00b0C\"}]},{\"@type\":\"WebSite\",\"@id\":\"https:\/\/radiolifefm.com.br\/noticias\/#website\",\"url\":\"https:\/\/radiolifefm.com.br\/noticias\/\",\"name\":\"R\u00e1dio Life FM\",\"description\":\"O Portal de Not\u00edcias de Adamantina\",\"publisher\":{\"@id\":\"https:\/\/radiolifefm.com.br\/noticias\/#organization\"},\"alternateName\":\"Life FM\",\"potentialAction\":[{\"@type\":\"SearchAction\",\"target\":{\"@type\":\"EntryPoint\",\"urlTemplate\":\"https:\/\/radiolifefm.com.br\/noticias\/?s={search_term_string}\"},\"query-input\":{\"@type\":\"PropertyValueSpecification\",\"valueRequired\":true,\"valueName\":\"search_term_string\"}}],\"inLanguage\":\"pt-BR\"},{\"@type\":\"Organization\",\"@id\":\"https:\/\/radiolifefm.com.br\/noticias\/#organization\",\"name\":\"R\u00e1dio Life FM\",\"alternateName\":\"Life FM\",\"url\":\"https:\/\/radiolifefm.com.br\/noticias\/\",\"logo\":{\"@type\":\"ImageObject\",\"inLanguage\":\"pt-BR\",\"@id\":\"https:\/\/radiolifefm.com.br\/noticias\/#\/schema\/logo\/image\/\",\"url\":\"https:\/\/static.radiolifefm.com.br\/noticias\/wp-content\/uploads\/2019\/10\/logo-lifefm.png\",\"contentUrl\":\"https:\/\/static.radiolifefm.com.br\/noticias\/wp-content\/uploads\/2019\/10\/logo-lifefm.png\",\"width\":196,\"height\":47,\"caption\":\"R\u00e1dio Life FM\"},\"image\":{\"@id\":\"https:\/\/radiolifefm.com.br\/noticias\/#\/schema\/logo\/image\/\"},\"sameAs\":[\"https:\/\/www.facebook.com\/radiolifefm\/\",\"https:\/\/www.instagram.com\/life1079fm\/\"]},{\"@type\":\"Person\",\"@id\":\"https:\/\/radiolifefm.com.br\/noticias\/#\/schema\/person\/6339b9fac59d12b071dec680d7375d87\",\"name\":\"ritanery\",\"image\":{\"@type\":\"ImageObject\",\"inLanguage\":\"pt-BR\",\"@id\":\"https:\/\/secure.gravatar.com\/avatar\/0e37bb19071f47c0b8a23f62a903df117c5a0e75f65a0c2901562f97cd41cf86?s=96&d=mm&r=g\",\"url\":\"https:\/\/secure.gravatar.com\/avatar\/0e37bb19071f47c0b8a23f62a903df117c5a0e75f65a0c2901562f97cd41cf86?s=96&d=mm&r=g\",\"contentUrl\":\"https:\/\/secure.gravatar.com\/avatar\/0e37bb19071f47c0b8a23f62a903df117c5a0e75f65a0c2901562f97cd41cf86?s=96&d=mm&r=g\",\"caption\":\"ritanery\"}}]}<\/script>\n<!-- \/ Yoast SEO plugin. -->","yoast_head_json":{"title":"Baixas temperaturas provocam geada em Adamantina; term\u00f4metros marcaram 1\u00b0C - R\u00e1dio Life FM","robots":{"index":"index","follow":"follow","max-snippet":"max-snippet:-1","max-image-preview":"max-image-preview:large","max-video-preview":"max-video-preview:-1"},"canonical":"https:\/\/radiolifefm.com.br\/noticias\/baixas-temperaturas-provocam-geada-em-adamantina-termometros-marcaram-1c\/","og_locale":"pt_BR","og_type":"article","og_title":"Baixas temperaturas provocam geada em Adamantina; term\u00f4metros marcaram 1\u00b0C - R\u00e1dio Life FM","og_description":"A onda de frio em Adamantina e regi\u00e3o provocou geada na madrugada desta quarta-feira (30). H\u00e1 registros que mostram a forma\u00e7\u00e3o de uma fina camada de gelo em \u00e1reas de vegeta\u00e7\u00e3o, sobretudo as localidades mais baixas. &nbsp; Segundo apurou o SIGA MAIS ao amanhecer desta quarta-feira, esse fen\u00f4meno ocorreu tanto na \u00e1rea urbana quanto rural [&hellip;]","og_url":"https:\/\/radiolifefm.com.br\/noticias\/baixas-temperaturas-provocam-geada-em-adamantina-termometros-marcaram-1c\/","og_site_name":"R\u00e1dio Life FM","article_publisher":"https:\/\/www.facebook.com\/radiolifefm\/","article_published_time":"2021-06-30T13:07:08+00:00","article_modified_time":"2026-04-24T19:22:12+00:00","og_image":[{"width":600,"height":337,"url":"https:\/\/radiolifefm.com.br\/noticias\/wp-content\/uploads\/2021\/06\/capajpg162505179760dc529501a6a.jpg","type":"image\/jpeg"}],"author":"ritanery","twitter_card":"summary_large_image","twitter_misc":{"Escrito por":"ritanery","Est. tempo de leitura":"1 minuto"},"schema":{"@context":"https:\/\/schema.org","@graph":[{"@type":"Article","@id":"https:\/\/radiolifefm.com.br\/noticias\/baixas-temperaturas-provocam-geada-em-adamantina-termometros-marcaram-1c\/#article","isPartOf":{"@id":"https:\/\/radiolifefm.com.br\/noticias\/baixas-temperaturas-provocam-geada-em-adamantina-termometros-marcaram-1c\/"},"author":{"name":"ritanery","@id":"https:\/\/radiolifefm.com.br\/noticias\/#\/schema\/person\/6339b9fac59d12b071dec680d7375d87"},"headline":"Baixas temperaturas provocam geada em Adamantina; term\u00f4metros marcaram 1\u00b0C","datePublished":"2021-06-30T13:07:08+00:00","dateModified":"2026-04-24T19:22:12+00:00","mainEntityOfPage":{"@id":"https:\/\/radiolifefm.com.br\/noticias\/baixas-temperaturas-provocam-geada-em-adamantina-termometros-marcaram-1c\/"},"wordCount":222,"publisher":{"@id":"https:\/\/radiolifefm.com.br\/noticias\/#organization"},"image":{"@id":"https:\/\/radiolifefm.com.br\/noticias\/baixas-temperaturas-provocam-geada-em-adamantina-termometros-marcaram-1c\/#primaryimage"},"thumbnailUrl":"https:\/\/radiolifefm.com.br\/noticias\/wp-content\/uploads\/2021\/06\/capajpg162505179760dc529501a6a.jpg","articleSection":["Adamantina"],"inLanguage":"pt-BR"},{"@type":"WebPage","@id":"https:\/\/radiolifefm.com.br\/noticias\/baixas-temperaturas-provocam-geada-em-adamantina-termometros-marcaram-1c\/","url":"https:\/\/radiolifefm.com.br\/noticias\/baixas-temperaturas-provocam-geada-em-adamantina-termometros-marcaram-1c\/","name":"Baixas temperaturas provocam geada em Adamantina; term\u00f4metros marcaram 1\u00b0C - R\u00e1dio Life FM","isPartOf":{"@id":"https:\/\/radiolifefm.com.br\/noticias\/#website"},"primaryImageOfPage":{"@id":"https:\/\/radiolifefm.com.br\/noticias\/baixas-temperaturas-provocam-geada-em-adamantina-termometros-marcaram-1c\/#primaryimage"},"image":{"@id":"https:\/\/radiolifefm.com.br\/noticias\/baixas-temperaturas-provocam-geada-em-adamantina-termometros-marcaram-1c\/#primaryimage"},"thumbnailUrl":"https:\/\/radiolifefm.com.br\/noticias\/wp-content\/uploads\/2021\/06\/capajpg162505179760dc529501a6a.jpg","datePublished":"2021-06-30T13:07:08+00:00","dateModified":"2026-04-24T19:22:12+00:00","breadcrumb":{"@id":"https:\/\/radiolifefm.com.br\/noticias\/baixas-temperaturas-provocam-geada-em-adamantina-termometros-marcaram-1c\/#breadcrumb"},"inLanguage":"pt-BR","potentialAction":[{"@type":"ReadAction","target":["https:\/\/radiolifefm.com.br\/noticias\/baixas-temperaturas-provocam-geada-em-adamantina-termometros-marcaram-1c\/"]}]},{"@type":"ImageObject","inLanguage":"pt-BR","@id":"https:\/\/radiolifefm.com.br\/noticias\/baixas-temperaturas-provocam-geada-em-adamantina-termometros-marcaram-1c\/#primaryimage","url":"https:\/\/radiolifefm.com.br\/noticias\/wp-content\/uploads\/2021\/06\/capajpg162505179760dc529501a6a.jpg","contentUrl":"https:\/\/radiolifefm.com.br\/noticias\/wp-content\/uploads\/2021\/06\/capajpg162505179760dc529501a6a.jpg","width":600,"height":337,"caption":"Fina camada de gelo se formou em \u00e1reas de vegeta\u00e7\u00e3o, pastagens e de cultivo, em Adamantina e regi\u00e3o."},{"@type":"BreadcrumbList","@id":"https:\/\/radiolifefm.com.br\/noticias\/baixas-temperaturas-provocam-geada-em-adamantina-termometros-marcaram-1c\/#breadcrumb","itemListElement":[{"@type":"ListItem","position":1,"name":"In\u00edcio","item":"https:\/\/radiolifefm.com.br\/noticias\/"},{"@type":"ListItem","position":2,"name":"Baixas temperaturas provocam geada em Adamantina; term\u00f4metros marcaram 1\u00b0C"}]},{"@type":"WebSite","@id":"https:\/\/radiolifefm.com.br\/noticias\/#website","url":"https:\/\/radiolifefm.com.br\/noticias\/","name":"R\u00e1dio Life FM","description":"O Portal de Not\u00edcias de Adamantina","publisher":{"@id":"https:\/\/radiolifefm.com.br\/noticias\/#organization"},"alternateName":"Life FM","potentialAction":[{"@type":"SearchAction","target":{"@type":"EntryPoint","urlTemplate":"https:\/\/radiolifefm.com.br\/noticias\/?s={search_term_string}"},"query-input":{"@type":"PropertyValueSpecification","valueRequired":true,"valueName":"search_term_string"}}],"inLanguage":"pt-BR"},{"@type":"Organization","@id":"https:\/\/radiolifefm.com.br\/noticias\/#organization","name":"R\u00e1dio Life FM","alternateName":"Life FM","url":"https:\/\/radiolifefm.com.br\/noticias\/","logo":{"@type":"ImageObject","inLanguage":"pt-BR","@id":"https:\/\/radiolifefm.com.br\/noticias\/#\/schema\/logo\/image\/","url":"https:\/\/static.radiolifefm.com.br\/noticias\/wp-content\/uploads\/2019\/10\/logo-lifefm.png","contentUrl":"https:\/\/static.radiolifefm.com.br\/noticias\/wp-content\/uploads\/2019\/10\/logo-lifefm.png","width":196,"height":47,"caption":"R\u00e1dio Life FM"},"image":{"@id":"https:\/\/radiolifefm.com.br\/noticias\/#\/schema\/logo\/image\/"},"sameAs":["https:\/\/www.facebook.com\/radiolifefm\/","https:\/\/www.instagram.com\/life1079fm\/"]},{"@type":"Person","@id":"https:\/\/radiolifefm.com.br\/noticias\/#\/schema\/person\/6339b9fac59d12b071dec680d7375d87","name":"ritanery","image":{"@type":"ImageObject","inLanguage":"pt-BR","@id":"https:\/\/secure.gravatar.com\/avatar\/0e37bb19071f47c0b8a23f62a903df117c5a0e75f65a0c2901562f97cd41cf86?s=96&d=mm&r=g","url":"https:\/\/secure.gravatar.com\/avatar\/0e37bb19071f47c0b8a23f62a903df117c5a0e75f65a0c2901562f97cd41cf86?s=96&d=mm&r=g","contentUrl":"https:\/\/secure.gravatar.com\/avatar\/0e37bb19071f47c0b8a23f62a903df117c5a0e75f65a0c2901562f97cd41cf86?s=96&d=mm&r=g","caption":"ritanery"}}]}},"amp_enabled":true,"_links":{"self":[{"href":"https:\/\/radiolifefm.com.br\/noticias\/wp-json\/wp\/v2\/posts\/40216","targetHints":{"allow":["GET"]}}],"collection":[{"href":"https:\/\/radiolifefm.com.br\/noticias\/wp-json\/wp\/v2\/posts"}],"about":[{"href":"https:\/\/radiolifefm.com.br\/noticias\/wp-json\/wp\/v2\/types\/post"}],"author":[{"embeddable":true,"href":"https:\/\/radiolifefm.com.br\/noticias\/wp-json\/wp\/v2\/users\/13"}],"replies":[{"embeddable":true,"href":"https:\/\/radiolifefm.com.br\/noticias\/wp-json\/wp\/v2\/comments?post=40216"}],"version-history":[{"count":1,"href":"https:\/\/radiolifefm.com.br\/noticias\/wp-json\/wp\/v2\/posts\/40216\/revisions"}],"predecessor-version":[{"id":40221,"href":"https:\/\/radiolifefm.com.br\/noticias\/wp-json\/wp\/v2\/posts\/40216\/revisions\/40221"}],"wp:featuredmedia":[{"embeddable":true,"href":"https:\/\/radiolifefm.com.br\/noticias\/wp-json\/wp\/v2\/media\/40217"}],"wp:attachment":[{"href":"https:\/\/radiolifefm.com.br\/noticias\/wp-json\/wp\/v2\/media?parent=40216"}],"wp:term":[{"taxonomy":"category","embeddable":true,"href":"https:\/\/radiolifefm.com.br\/noticias\/wp-json\/wp\/v2\/categories?post=40216"},{"taxonomy":"post_tag","embeddable":true,"href":"https:\/\/radiolifefm.com.br\/noticias\/wp-json\/wp\/v2\/tags?post=40216"}],"curies":[{"name":"wp","href":"https:\/\/api.w.org\/{rel}","templated":true}]}}