{"id":40149,"date":"2021-06-28T10:46:18","date_gmt":"2021-06-28T13:46:18","guid":{"rendered":"https:\/\/radiolifefm.com.br\/noticias\/?p=40149"},"modified":"2026-04-07T01:48:38","modified_gmt":"2026-04-07T04:48:38","slug":"semana-tem-queda-acentuada-na-temperatura-e-risco-de-geada-minima-pode-ser-de-6c","status":"publish","type":"post","link":"https:\/\/radiolifefm.com.br\/noticias\/semana-tem-queda-acentuada-na-temperatura-e-risco-de-geada-minima-pode-ser-de-6c\/","title":{"rendered":"Semana tem queda acentuada na temperatura e risco de geada: m\u00ednima pode ser de 6\u00b0C"},"content":{"rendered":"<div id=\"fb-root\"><\/div>\n<p>Os servi\u00e7os de meteorologia como Climatempo, Somar, do INMET (Instituto Nacional de Meteorologia) e da Defesa Civil do Estado de S\u00e3o Paulo mostram que o tempo na regi\u00e3o da Nova Alta Paulista, nesta semana, deve ser marcado pela queda acentuada na temperatura.<\/p>\n<p>&nbsp;<\/p>\n<p>A previs\u00e3o verificada na manh\u00e3 desta segunda-feira (28) pelo SIGA MAIS junto ao\u00a0<a href=\"http:\/\/www.defesacivil.sp.gov.br\/previsao-do-tempo\/\"><strong>site<\/strong>\u00a0<\/a>da Defesa Civil aponta inclusive risco de geada na madrugada de quarta-feira (30), para Adamantina (por ser previs\u00e3o, os dados podem sofrer altera\u00e7\u00f5es).<\/p>\n<p><img loading=\"lazy\" decoding=\"async\" class=\"alignnone size-full wp-image-40151\" src=\"https:\/\/static.radiolifefm.com.br\/wp-content\/uploads\/sites\/2\/2021\/06\/captura-de-tela-20210628-083550png162488104560d9b795d1d48.png\" alt=\"\" width=\"506\" height=\"690\" srcset=\"https:\/\/radiolifefm.com.br\/noticias\/wp-content\/uploads\/2021\/06\/captura-de-tela-20210628-083550png162488104560d9b795d1d48.png 506w, https:\/\/radiolifefm.com.br\/noticias\/wp-content\/uploads\/2021\/06\/captura-de-tela-20210628-083550png162488104560d9b795d1d48-220x300.png 220w\" sizes=\"auto, (max-width: 506px) 100vw, 506px\" \/><\/p>\n<p>Segundo o Climatempo, uma grande frente fria chegou ao sul do Brasil no primeiro fim de semana do inverno (e o \u00faltimo de junho), onde provocou temporais especialmente sobre o Rio Grande do Sul, mas fortes pancadas de chuva tamb\u00e9m ocorreram em locais de Santa Catarina e do Paran\u00e1. Nos pr\u00f3ximos\u00a0 dias, esta frente fria avan\u00e7a sobre o sudeste e o centro-oeste, causando mudan\u00e7as no tempo tamb\u00e9m em parte do norte e do nordeste.<\/p>\n<p>&nbsp;<\/p>\n<p><strong>Frente fria especial<\/strong><\/p>\n<p>O Climatempo destaca que esta frente fria est\u00e1 chamando muito a aten\u00e7\u00e3o dos meteorologistas porque \u00e9 um sistema forte e que vai avan\u00e7ar pelo interior do Brasil, o que se chama de frente fria continental, causando muito frio na virada de junho para julho. O centro da massa de frio que vem com esta frente fria \u00e9 forte e vai passar exatamente sobre o sul do Brasil, antes de ir para o mar. O centro de uma massa de frio \u00e9 a regi\u00e3o onde o frio \u00e9 mais intenso.<\/p>\n<p>&nbsp;<\/p>\n<p>Ainda de acordo com o Climatempo, a massa de ar frio de origem polar que vem com esta frente fria \u00e9 mais forte em 2021, at\u00e9 agora e se desloca pelo interior da Am\u00e9rica do Sul,\u00a0 tendo pouco contato com o oceano nos primeiros dias de sua atua\u00e7\u00e3o. Isto aumenta o poder de frio e secagem do ar, tornando esta massa de ar frio potencialmente mais perigosa para provocar temperaturas muito baixas no Brasil, neve e geada, ampla e forte.<\/p>\n<p>&nbsp;<\/p>\n<p>Veja aqui\u00a0<a href=\"https:\/\/www.climatempo.com.br\/noticia\/2021\/06\/28\/brasil-tem-frio-intenso-nos-proximos-dias-0581\"><strong>mais informa\u00e7\u00f5es<\/strong><\/a>\u00a0do Climatempo.<\/p>\n<p>&nbsp;<\/p>\n<p>Fonte: Siga Mais<\/p>\n","protected":false},"excerpt":{"rendered":"<p>Os servi\u00e7os de meteorologia como Climatempo, Somar, do INMET (Instituto Nacional de Meteorologia) e da Defesa Civil do Estado de S\u00e3o Paulo mostram que o tempo na regi\u00e3o da Nova Alta Paulista, nesta semana, deve ser marcado pela queda acentuada na temperatura. &nbsp; A previs\u00e3o verificada na manh\u00e3 desta segunda-feira (28) pelo SIGA MAIS junto [&hellip;]<\/p>\n","protected":false},"author":13,"featured_media":40150,"comment_status":"closed","ping_status":"open","sticky":false,"template":"","format":"standard","meta":{"_acf_changed":false,"_exactmetrics_skip_tracking":false,"_exactmetrics_sitenote_active":false,"_exactmetrics_sitenote_note":"","_exactmetrics_sitenote_category":0,"footnotes":""},"categories":[21],"tags":[],"class_list":["post-40149","post","type-post","status-publish","format-standard","has-post-thumbnail","hentry","category-adamantina"],"acf":[],"yoast_head":"<!-- This site is optimized with the Yoast SEO plugin v27.2 - https:\/\/yoast.com\/product\/yoast-seo-wordpress\/ -->\n<title>Semana tem queda acentuada na temperatura e risco de geada: m\u00ednima pode ser de 6\u00b0C - R\u00e1dio Life FM<\/title>\n<meta name=\"robots\" content=\"index, follow, max-snippet:-1, max-image-preview:large, max-video-preview:-1\" \/>\n<link rel=\"canonical\" href=\"https:\/\/radiolifefm.com.br\/noticias\/semana-tem-queda-acentuada-na-temperatura-e-risco-de-geada-minima-pode-ser-de-6c\/\" \/>\n<meta property=\"og:locale\" content=\"pt_BR\" \/>\n<meta property=\"og:type\" content=\"article\" \/>\n<meta property=\"og:title\" content=\"Semana tem queda acentuada na temperatura e risco de geada: m\u00ednima pode ser de 6\u00b0C - R\u00e1dio Life FM\" \/>\n<meta property=\"og:description\" content=\"Os servi\u00e7os de meteorologia como Climatempo, Somar, do INMET (Instituto Nacional de Meteorologia) e da Defesa Civil do Estado de S\u00e3o Paulo mostram que o tempo na regi\u00e3o da Nova Alta Paulista, nesta semana, deve ser marcado pela queda acentuada na temperatura. &nbsp; A previs\u00e3o verificada na manh\u00e3 desta segunda-feira (28) pelo SIGA MAIS junto [&hellip;]\" \/>\n<meta property=\"og:url\" content=\"https:\/\/radiolifefm.com.br\/noticias\/semana-tem-queda-acentuada-na-temperatura-e-risco-de-geada-minima-pode-ser-de-6c\/\" \/>\n<meta property=\"og:site_name\" content=\"R\u00e1dio Life FM\" \/>\n<meta property=\"article:publisher\" content=\"https:\/\/www.facebook.com\/radiolifefm\/\" \/>\n<meta property=\"article:published_time\" content=\"2021-06-28T13:46:18+00:00\" \/>\n<meta property=\"article:modified_time\" content=\"2026-04-07T04:48:38+00:00\" \/>\n<meta property=\"og:image\" content=\"https:\/\/radiolifefm.com.br\/noticias\/wp-content\/uploads\/2021\/06\/552d4f3b2d51b571e44f573bd480d043jpg162488116860d9b81070eb9.jpg\" \/>\n\t<meta property=\"og:image:width\" content=\"600\" \/>\n\t<meta property=\"og:image:height\" content=\"338\" \/>\n\t<meta property=\"og:image:type\" content=\"image\/jpeg\" \/>\n<meta name=\"author\" content=\"ritanery\" \/>\n<meta name=\"twitter:card\" content=\"summary_large_image\" \/>\n<meta name=\"twitter:label1\" content=\"Escrito por\" \/>\n\t<meta name=\"twitter:data1\" content=\"ritanery\" \/>\n\t<meta name=\"twitter:label2\" content=\"Est. tempo de leitura\" \/>\n\t<meta name=\"twitter:data2\" content=\"2 minutos\" \/>\n<script type=\"application\/ld+json\" class=\"yoast-schema-graph\">{\"@context\":\"https:\/\/schema.org\",\"@graph\":[{\"@type\":\"Article\",\"@id\":\"https:\/\/radiolifefm.com.br\/noticias\/semana-tem-queda-acentuada-na-temperatura-e-risco-de-geada-minima-pode-ser-de-6c\/#article\",\"isPartOf\":{\"@id\":\"https:\/\/radiolifefm.com.br\/noticias\/semana-tem-queda-acentuada-na-temperatura-e-risco-de-geada-minima-pode-ser-de-6c\/\"},\"author\":{\"name\":\"ritanery\",\"@id\":\"https:\/\/radiolifefm.com.br\/noticias\/#\/schema\/person\/6339b9fac59d12b071dec680d7375d87\"},\"headline\":\"Semana tem queda acentuada na temperatura e risco de geada: m\u00ednima pode ser de 6\u00b0C\",\"datePublished\":\"2021-06-28T13:46:18+00:00\",\"dateModified\":\"2026-04-07T04:48:38+00:00\",\"mainEntityOfPage\":{\"@id\":\"https:\/\/radiolifefm.com.br\/noticias\/semana-tem-queda-acentuada-na-temperatura-e-risco-de-geada-minima-pode-ser-de-6c\/\"},\"wordCount\":364,\"publisher\":{\"@id\":\"https:\/\/radiolifefm.com.br\/noticias\/#organization\"},\"image\":{\"@id\":\"https:\/\/radiolifefm.com.br\/noticias\/semana-tem-queda-acentuada-na-temperatura-e-risco-de-geada-minima-pode-ser-de-6c\/#primaryimage\"},\"thumbnailUrl\":\"https:\/\/radiolifefm.com.br\/noticias\/wp-content\/uploads\/2021\/06\/552d4f3b2d51b571e44f573bd480d043jpg162488116860d9b81070eb9.jpg\",\"articleSection\":[\"Adamantina\"],\"inLanguage\":\"pt-BR\"},{\"@type\":\"WebPage\",\"@id\":\"https:\/\/radiolifefm.com.br\/noticias\/semana-tem-queda-acentuada-na-temperatura-e-risco-de-geada-minima-pode-ser-de-6c\/\",\"url\":\"https:\/\/radiolifefm.com.br\/noticias\/semana-tem-queda-acentuada-na-temperatura-e-risco-de-geada-minima-pode-ser-de-6c\/\",\"name\":\"Semana tem queda acentuada na temperatura e risco de geada: m\u00ednima pode ser de 6\u00b0C - R\u00e1dio Life FM\",\"isPartOf\":{\"@id\":\"https:\/\/radiolifefm.com.br\/noticias\/#website\"},\"primaryImageOfPage\":{\"@id\":\"https:\/\/radiolifefm.com.br\/noticias\/semana-tem-queda-acentuada-na-temperatura-e-risco-de-geada-minima-pode-ser-de-6c\/#primaryimage\"},\"image\":{\"@id\":\"https:\/\/radiolifefm.com.br\/noticias\/semana-tem-queda-acentuada-na-temperatura-e-risco-de-geada-minima-pode-ser-de-6c\/#primaryimage\"},\"thumbnailUrl\":\"https:\/\/radiolifefm.com.br\/noticias\/wp-content\/uploads\/2021\/06\/552d4f3b2d51b571e44f573bd480d043jpg162488116860d9b81070eb9.jpg\",\"datePublished\":\"2021-06-28T13:46:18+00:00\",\"dateModified\":\"2026-04-07T04:48:38+00:00\",\"breadcrumb\":{\"@id\":\"https:\/\/radiolifefm.com.br\/noticias\/semana-tem-queda-acentuada-na-temperatura-e-risco-de-geada-minima-pode-ser-de-6c\/#breadcrumb\"},\"inLanguage\":\"pt-BR\",\"potentialAction\":[{\"@type\":\"ReadAction\",\"target\":[\"https:\/\/radiolifefm.com.br\/noticias\/semana-tem-queda-acentuada-na-temperatura-e-risco-de-geada-minima-pode-ser-de-6c\/\"]}]},{\"@type\":\"ImageObject\",\"inLanguage\":\"pt-BR\",\"@id\":\"https:\/\/radiolifefm.com.br\/noticias\/semana-tem-queda-acentuada-na-temperatura-e-risco-de-geada-minima-pode-ser-de-6c\/#primaryimage\",\"url\":\"https:\/\/radiolifefm.com.br\/noticias\/wp-content\/uploads\/2021\/06\/552d4f3b2d51b571e44f573bd480d043jpg162488116860d9b81070eb9.jpg\",\"contentUrl\":\"https:\/\/radiolifefm.com.br\/noticias\/wp-content\/uploads\/2021\/06\/552d4f3b2d51b571e44f573bd480d043jpg162488116860d9b81070eb9.jpg\",\"width\":600,\"height\":338,\"caption\":\"Forte frente fria avan\u00e7a sobre o pa\u00eds e traz onda de frio intenso. H\u00e1 risco de geada na 4\u00aa feira.\"},{\"@type\":\"BreadcrumbList\",\"@id\":\"https:\/\/radiolifefm.com.br\/noticias\/semana-tem-queda-acentuada-na-temperatura-e-risco-de-geada-minima-pode-ser-de-6c\/#breadcrumb\",\"itemListElement\":[{\"@type\":\"ListItem\",\"position\":1,\"name\":\"In\u00edcio\",\"item\":\"https:\/\/radiolifefm.com.br\/noticias\/\"},{\"@type\":\"ListItem\",\"position\":2,\"name\":\"Semana tem queda acentuada na temperatura e risco de geada: m\u00ednima pode ser de 6\u00b0C\"}]},{\"@type\":\"WebSite\",\"@id\":\"https:\/\/radiolifefm.com.br\/noticias\/#website\",\"url\":\"https:\/\/radiolifefm.com.br\/noticias\/\",\"name\":\"R\u00e1dio Life FM\",\"description\":\"O Portal de Not\u00edcias de Adamantina\",\"publisher\":{\"@id\":\"https:\/\/radiolifefm.com.br\/noticias\/#organization\"},\"alternateName\":\"Life FM\",\"potentialAction\":[{\"@type\":\"SearchAction\",\"target\":{\"@type\":\"EntryPoint\",\"urlTemplate\":\"https:\/\/radiolifefm.com.br\/noticias\/?s={search_term_string}\"},\"query-input\":{\"@type\":\"PropertyValueSpecification\",\"valueRequired\":true,\"valueName\":\"search_term_string\"}}],\"inLanguage\":\"pt-BR\"},{\"@type\":\"Organization\",\"@id\":\"https:\/\/radiolifefm.com.br\/noticias\/#organization\",\"name\":\"R\u00e1dio Life FM\",\"alternateName\":\"Life FM\",\"url\":\"https:\/\/radiolifefm.com.br\/noticias\/\",\"logo\":{\"@type\":\"ImageObject\",\"inLanguage\":\"pt-BR\",\"@id\":\"https:\/\/radiolifefm.com.br\/noticias\/#\/schema\/logo\/image\/\",\"url\":\"https:\/\/static.radiolifefm.com.br\/noticias\/wp-content\/uploads\/2019\/10\/logo-lifefm.png\",\"contentUrl\":\"https:\/\/static.radiolifefm.com.br\/noticias\/wp-content\/uploads\/2019\/10\/logo-lifefm.png\",\"width\":196,\"height\":47,\"caption\":\"R\u00e1dio Life FM\"},\"image\":{\"@id\":\"https:\/\/radiolifefm.com.br\/noticias\/#\/schema\/logo\/image\/\"},\"sameAs\":[\"https:\/\/www.facebook.com\/radiolifefm\/\",\"https:\/\/www.instagram.com\/life1079fm\/\"]},{\"@type\":\"Person\",\"@id\":\"https:\/\/radiolifefm.com.br\/noticias\/#\/schema\/person\/6339b9fac59d12b071dec680d7375d87\",\"name\":\"ritanery\",\"image\":{\"@type\":\"ImageObject\",\"inLanguage\":\"pt-BR\",\"@id\":\"https:\/\/secure.gravatar.com\/avatar\/0e37bb19071f47c0b8a23f62a903df117c5a0e75f65a0c2901562f97cd41cf86?s=96&d=mm&r=g\",\"url\":\"https:\/\/secure.gravatar.com\/avatar\/0e37bb19071f47c0b8a23f62a903df117c5a0e75f65a0c2901562f97cd41cf86?s=96&d=mm&r=g\",\"contentUrl\":\"https:\/\/secure.gravatar.com\/avatar\/0e37bb19071f47c0b8a23f62a903df117c5a0e75f65a0c2901562f97cd41cf86?s=96&d=mm&r=g\",\"caption\":\"ritanery\"}}]}<\/script>\n<!-- \/ Yoast SEO plugin. -->","yoast_head_json":{"title":"Semana tem queda acentuada na temperatura e risco de geada: m\u00ednima pode ser de 6\u00b0C - R\u00e1dio Life FM","robots":{"index":"index","follow":"follow","max-snippet":"max-snippet:-1","max-image-preview":"max-image-preview:large","max-video-preview":"max-video-preview:-1"},"canonical":"https:\/\/radiolifefm.com.br\/noticias\/semana-tem-queda-acentuada-na-temperatura-e-risco-de-geada-minima-pode-ser-de-6c\/","og_locale":"pt_BR","og_type":"article","og_title":"Semana tem queda acentuada na temperatura e risco de geada: m\u00ednima pode ser de 6\u00b0C - R\u00e1dio Life FM","og_description":"Os servi\u00e7os de meteorologia como Climatempo, Somar, do INMET (Instituto Nacional de Meteorologia) e da Defesa Civil do Estado de S\u00e3o Paulo mostram que o tempo na regi\u00e3o da Nova Alta Paulista, nesta semana, deve ser marcado pela queda acentuada na temperatura. &nbsp; A previs\u00e3o verificada na manh\u00e3 desta segunda-feira (28) pelo SIGA MAIS junto [&hellip;]","og_url":"https:\/\/radiolifefm.com.br\/noticias\/semana-tem-queda-acentuada-na-temperatura-e-risco-de-geada-minima-pode-ser-de-6c\/","og_site_name":"R\u00e1dio Life FM","article_publisher":"https:\/\/www.facebook.com\/radiolifefm\/","article_published_time":"2021-06-28T13:46:18+00:00","article_modified_time":"2026-04-07T04:48:38+00:00","og_image":[{"width":600,"height":338,"url":"https:\/\/radiolifefm.com.br\/noticias\/wp-content\/uploads\/2021\/06\/552d4f3b2d51b571e44f573bd480d043jpg162488116860d9b81070eb9.jpg","type":"image\/jpeg"}],"author":"ritanery","twitter_card":"summary_large_image","twitter_misc":{"Escrito por":"ritanery","Est. tempo de leitura":"2 minutos"},"schema":{"@context":"https:\/\/schema.org","@graph":[{"@type":"Article","@id":"https:\/\/radiolifefm.com.br\/noticias\/semana-tem-queda-acentuada-na-temperatura-e-risco-de-geada-minima-pode-ser-de-6c\/#article","isPartOf":{"@id":"https:\/\/radiolifefm.com.br\/noticias\/semana-tem-queda-acentuada-na-temperatura-e-risco-de-geada-minima-pode-ser-de-6c\/"},"author":{"name":"ritanery","@id":"https:\/\/radiolifefm.com.br\/noticias\/#\/schema\/person\/6339b9fac59d12b071dec680d7375d87"},"headline":"Semana tem queda acentuada na temperatura e risco de geada: m\u00ednima pode ser de 6\u00b0C","datePublished":"2021-06-28T13:46:18+00:00","dateModified":"2026-04-07T04:48:38+00:00","mainEntityOfPage":{"@id":"https:\/\/radiolifefm.com.br\/noticias\/semana-tem-queda-acentuada-na-temperatura-e-risco-de-geada-minima-pode-ser-de-6c\/"},"wordCount":364,"publisher":{"@id":"https:\/\/radiolifefm.com.br\/noticias\/#organization"},"image":{"@id":"https:\/\/radiolifefm.com.br\/noticias\/semana-tem-queda-acentuada-na-temperatura-e-risco-de-geada-minima-pode-ser-de-6c\/#primaryimage"},"thumbnailUrl":"https:\/\/radiolifefm.com.br\/noticias\/wp-content\/uploads\/2021\/06\/552d4f3b2d51b571e44f573bd480d043jpg162488116860d9b81070eb9.jpg","articleSection":["Adamantina"],"inLanguage":"pt-BR"},{"@type":"WebPage","@id":"https:\/\/radiolifefm.com.br\/noticias\/semana-tem-queda-acentuada-na-temperatura-e-risco-de-geada-minima-pode-ser-de-6c\/","url":"https:\/\/radiolifefm.com.br\/noticias\/semana-tem-queda-acentuada-na-temperatura-e-risco-de-geada-minima-pode-ser-de-6c\/","name":"Semana tem queda acentuada na temperatura e risco de geada: m\u00ednima pode ser de 6\u00b0C - R\u00e1dio Life FM","isPartOf":{"@id":"https:\/\/radiolifefm.com.br\/noticias\/#website"},"primaryImageOfPage":{"@id":"https:\/\/radiolifefm.com.br\/noticias\/semana-tem-queda-acentuada-na-temperatura-e-risco-de-geada-minima-pode-ser-de-6c\/#primaryimage"},"image":{"@id":"https:\/\/radiolifefm.com.br\/noticias\/semana-tem-queda-acentuada-na-temperatura-e-risco-de-geada-minima-pode-ser-de-6c\/#primaryimage"},"thumbnailUrl":"https:\/\/radiolifefm.com.br\/noticias\/wp-content\/uploads\/2021\/06\/552d4f3b2d51b571e44f573bd480d043jpg162488116860d9b81070eb9.jpg","datePublished":"2021-06-28T13:46:18+00:00","dateModified":"2026-04-07T04:48:38+00:00","breadcrumb":{"@id":"https:\/\/radiolifefm.com.br\/noticias\/semana-tem-queda-acentuada-na-temperatura-e-risco-de-geada-minima-pode-ser-de-6c\/#breadcrumb"},"inLanguage":"pt-BR","potentialAction":[{"@type":"ReadAction","target":["https:\/\/radiolifefm.com.br\/noticias\/semana-tem-queda-acentuada-na-temperatura-e-risco-de-geada-minima-pode-ser-de-6c\/"]}]},{"@type":"ImageObject","inLanguage":"pt-BR","@id":"https:\/\/radiolifefm.com.br\/noticias\/semana-tem-queda-acentuada-na-temperatura-e-risco-de-geada-minima-pode-ser-de-6c\/#primaryimage","url":"https:\/\/radiolifefm.com.br\/noticias\/wp-content\/uploads\/2021\/06\/552d4f3b2d51b571e44f573bd480d043jpg162488116860d9b81070eb9.jpg","contentUrl":"https:\/\/radiolifefm.com.br\/noticias\/wp-content\/uploads\/2021\/06\/552d4f3b2d51b571e44f573bd480d043jpg162488116860d9b81070eb9.jpg","width":600,"height":338,"caption":"Forte frente fria avan\u00e7a sobre o pa\u00eds e traz onda de frio intenso. H\u00e1 risco de geada na 4\u00aa feira."},{"@type":"BreadcrumbList","@id":"https:\/\/radiolifefm.com.br\/noticias\/semana-tem-queda-acentuada-na-temperatura-e-risco-de-geada-minima-pode-ser-de-6c\/#breadcrumb","itemListElement":[{"@type":"ListItem","position":1,"name":"In\u00edcio","item":"https:\/\/radiolifefm.com.br\/noticias\/"},{"@type":"ListItem","position":2,"name":"Semana tem queda acentuada na temperatura e risco de geada: m\u00ednima pode ser de 6\u00b0C"}]},{"@type":"WebSite","@id":"https:\/\/radiolifefm.com.br\/noticias\/#website","url":"https:\/\/radiolifefm.com.br\/noticias\/","name":"R\u00e1dio Life FM","description":"O Portal de Not\u00edcias de Adamantina","publisher":{"@id":"https:\/\/radiolifefm.com.br\/noticias\/#organization"},"alternateName":"Life FM","potentialAction":[{"@type":"SearchAction","target":{"@type":"EntryPoint","urlTemplate":"https:\/\/radiolifefm.com.br\/noticias\/?s={search_term_string}"},"query-input":{"@type":"PropertyValueSpecification","valueRequired":true,"valueName":"search_term_string"}}],"inLanguage":"pt-BR"},{"@type":"Organization","@id":"https:\/\/radiolifefm.com.br\/noticias\/#organization","name":"R\u00e1dio Life FM","alternateName":"Life FM","url":"https:\/\/radiolifefm.com.br\/noticias\/","logo":{"@type":"ImageObject","inLanguage":"pt-BR","@id":"https:\/\/radiolifefm.com.br\/noticias\/#\/schema\/logo\/image\/","url":"https:\/\/static.radiolifefm.com.br\/noticias\/wp-content\/uploads\/2019\/10\/logo-lifefm.png","contentUrl":"https:\/\/static.radiolifefm.com.br\/noticias\/wp-content\/uploads\/2019\/10\/logo-lifefm.png","width":196,"height":47,"caption":"R\u00e1dio Life FM"},"image":{"@id":"https:\/\/radiolifefm.com.br\/noticias\/#\/schema\/logo\/image\/"},"sameAs":["https:\/\/www.facebook.com\/radiolifefm\/","https:\/\/www.instagram.com\/life1079fm\/"]},{"@type":"Person","@id":"https:\/\/radiolifefm.com.br\/noticias\/#\/schema\/person\/6339b9fac59d12b071dec680d7375d87","name":"ritanery","image":{"@type":"ImageObject","inLanguage":"pt-BR","@id":"https:\/\/secure.gravatar.com\/avatar\/0e37bb19071f47c0b8a23f62a903df117c5a0e75f65a0c2901562f97cd41cf86?s=96&d=mm&r=g","url":"https:\/\/secure.gravatar.com\/avatar\/0e37bb19071f47c0b8a23f62a903df117c5a0e75f65a0c2901562f97cd41cf86?s=96&d=mm&r=g","contentUrl":"https:\/\/secure.gravatar.com\/avatar\/0e37bb19071f47c0b8a23f62a903df117c5a0e75f65a0c2901562f97cd41cf86?s=96&d=mm&r=g","caption":"ritanery"}}]}},"amp_enabled":true,"_links":{"self":[{"href":"https:\/\/radiolifefm.com.br\/noticias\/wp-json\/wp\/v2\/posts\/40149","targetHints":{"allow":["GET"]}}],"collection":[{"href":"https:\/\/radiolifefm.com.br\/noticias\/wp-json\/wp\/v2\/posts"}],"about":[{"href":"https:\/\/radiolifefm.com.br\/noticias\/wp-json\/wp\/v2\/types\/post"}],"author":[{"embeddable":true,"href":"https:\/\/radiolifefm.com.br\/noticias\/wp-json\/wp\/v2\/users\/13"}],"replies":[{"embeddable":true,"href":"https:\/\/radiolifefm.com.br\/noticias\/wp-json\/wp\/v2\/comments?post=40149"}],"version-history":[{"count":2,"href":"https:\/\/radiolifefm.com.br\/noticias\/wp-json\/wp\/v2\/posts\/40149\/revisions"}],"predecessor-version":[{"id":40153,"href":"https:\/\/radiolifefm.com.br\/noticias\/wp-json\/wp\/v2\/posts\/40149\/revisions\/40153"}],"wp:featuredmedia":[{"embeddable":true,"href":"https:\/\/radiolifefm.com.br\/noticias\/wp-json\/wp\/v2\/media\/40150"}],"wp:attachment":[{"href":"https:\/\/radiolifefm.com.br\/noticias\/wp-json\/wp\/v2\/media?parent=40149"}],"wp:term":[{"taxonomy":"category","embeddable":true,"href":"https:\/\/radiolifefm.com.br\/noticias\/wp-json\/wp\/v2\/categories?post=40149"},{"taxonomy":"post_tag","embeddable":true,"href":"https:\/\/radiolifefm.com.br\/noticias\/wp-json\/wp\/v2\/tags?post=40149"}],"curies":[{"name":"wp","href":"https:\/\/api.w.org\/{rel}","templated":true}]}}