{"id":40139,"date":"2021-06-27T10:20:47","date_gmt":"2021-06-27T13:20:47","guid":{"rendered":"https:\/\/radiolifefm.com.br\/noticias\/?p=40139"},"modified":"2026-04-17T21:47:20","modified_gmt":"2026-04-18T00:47:20","slug":"ao-resistir-a-decisao-que-nao-referendou-reitores-prefeito-se-poe-contra-lei-criada-por-ele-em-2017","status":"publish","type":"post","link":"https:\/\/radiolifefm.com.br\/noticias\/ao-resistir-a-decisao-que-nao-referendou-reitores-prefeito-se-poe-contra-lei-criada-por-ele-em-2017\/","title":{"rendered":"Ao resistir \u00e0 decis\u00e3o que n\u00e3o referendou reitores, prefeito se p\u00f5e contra lei criada por ele em 2017"},"content":{"rendered":"<div id=\"fb-root\"><\/div>\n<p>A posi\u00e7\u00e3o do prefeito de Adamantina em resistir \u00e0 decis\u00e3o em plen\u00e1rio, na C\u00e2mara Municipal, que na \u00faltima segunda-feira (21) rejeitou os nomes para reitor e vice-reitor indicados por ele, para assumirem a reitoria do Centro Universit\u00e1rio de Adamantina (UniFAI) no quadri\u00eanio 2021\/2025, mostra contradi\u00e7\u00e3o do chefe do poder executivo municipal.<\/p>\n<p>&nbsp;<\/p>\n<p>A postura de M\u00e1rcio Cardim se op\u00f5e \u00e0\u00a0<strong><a href=\"https:\/\/www.adamantina.sp.gov.br\/?pag=T0dRPU9EZz1PR009T1RnPQ==&amp;id=530&amp;idtipolei=2\">Lei Complementar Municipal N\u00ba 274<\/a><\/strong>, de 25 de maio de 2017, de sua autoria, aprovada pela C\u00e2mara Municipal e depois sancionada e promulgada tamb\u00e9m por ele, que\u00a0\u00a0disp\u00f5e sobre o estatuto, a estrutura administrativa e acad\u00eamica e organiza o quadro de pessoal das Faculdades Adamantinenses Integradas, transformadas pela mesma lei em Centro universit\u00e1rio.<\/p>\n<p>&nbsp;<\/p>\n<p>No Cap\u00edtulo III da Lei Complementar N\u00ba 274, o Artigo 5\u00ba trata objetivamente da forma de elei\u00e7\u00e3o do reitor e vice-reitor da autarquia. O mesmo artigo tamb\u00e9m trata da autonomia do Centro Universit\u00e1rio:<\/p>\n<p>&nbsp;<\/p>\n<p><strong><em>\u201cArt. 5\u00ba &#8211; Os empregos em comiss\u00e3o de Reitor e de Vice-Reitor, do Anexo I, s\u00e3o de nomea\u00e7\u00e3o do Prefeito do Munic\u00edpio, escolhidos em lista tr\u00edplice elaborada pelo Conselho Universit\u00e1rio, ad referendum da C\u00e2mara Municipal, para um mandato de 04 (quatro) anos, permitida uma \u00fanica recondu\u00e7\u00e3o, respeitadas a autonomia do Centro Universit\u00e1rio e as normas estabelecidas pelo seu Regimento Interno aprovado pelo Conselho Estadual de Educa\u00e7\u00e3o\u201d.<\/em><\/strong><\/p>\n<p><img loading=\"lazy\" decoding=\"async\" class=\"alignnone size-full wp-image-40141\" src=\"https:\/\/static.radiolifefm.com.br\/wp-content\/uploads\/sites\/2\/2021\/06\/artigo-5jpg162474254960d79a9520ebc.jpg\" alt=\"\" width=\"1485\" height=\"608\" srcset=\"https:\/\/radiolifefm.com.br\/noticias\/wp-content\/uploads\/2021\/06\/artigo-5jpg162474254960d79a9520ebc.jpg 1485w, https:\/\/radiolifefm.com.br\/noticias\/wp-content\/uploads\/2021\/06\/artigo-5jpg162474254960d79a9520ebc-300x123.jpg 300w, https:\/\/radiolifefm.com.br\/noticias\/wp-content\/uploads\/2021\/06\/artigo-5jpg162474254960d79a9520ebc-1024x419.jpg 1024w, https:\/\/radiolifefm.com.br\/noticias\/wp-content\/uploads\/2021\/06\/artigo-5jpg162474254960d79a9520ebc-768x314.jpg 768w\" sizes=\"auto, (max-width: 1485px) 100vw, 1485px\" \/><\/p>\n<p><strong>Ponto cr\u00edtico<\/strong><\/p>\n<p>O processo de elei\u00e7\u00e3o para a reitoria da UniFAI foi aberto no dia 28 de abril com o prazo de inscri\u00e7\u00e3o das chapas em 21 de maio. Duas chapas se inscreveram.<\/p>\n<p>&nbsp;<\/p>\n<p>A chapa com os nomes dos indicados foi definida no dia 28 de maio, em vota\u00e7\u00e3o pela comunidade acad\u00eamica da institui\u00e7\u00e3o de ensino, representada pelo Conselho Universit\u00e1rio. Ao final da elei\u00e7\u00e3o interna, lista tr\u00edplice foi encabe\u00e7ada pelos professores doutores Alexandre Teixeira de Souza para reitor e Wendel Cleber Soares vice-reitor, que obtiveram a primeira coloca\u00e7\u00e3o, com 12 votos.<\/p>\n<p>&nbsp;<\/p>\n<p>Depois, a lista tr\u00edplice foi encaminhada ao prefeito, que n\u00e3o acolheu os nomes mais votados pelo Conselho Universit\u00e1rio e decidiu indicar a chapa que ficou em segundo lugar, com 6 votos, formada pelos professores doutores Vagner Amado Belo de Oliveira para reitor e Albanir Gabriel Borrasca para vice-reitor.<\/p>\n<p>&nbsp;<\/p>\n<p>A escolha do prefeito n\u00e3o ilegal e est\u00e1 amparada em lei, j\u00e1 que fez a indica\u00e7\u00e3o a partir dos nomes que constam da lista tr\u00edplice. Por\u00e9m, rompeu com uma tradi\u00e7\u00e3o onde o Poder Executivo Municipal \u2013 mantenedor da UniFAI \u2013\u00a0\u00a0sempre reconheceu os nomes com maior vota\u00e7\u00e3o no colegiado para dirigir a institui\u00e7\u00e3o. O prefeito j\u00e1 foi diretor da mesma institui\u00e7\u00e3o de ensino e conhece o rito.<\/p>\n<p>&nbsp;<\/p>\n<p>Em paralelo, a mesma legisla\u00e7\u00e3o que ampara a prerrogativa do prefeito em escolher os nomes que constam da lista tr\u00edplice, e n\u00e3o necessariamente o mais votado, tamb\u00e9m exige que a indica\u00e7\u00e3o seja submetida ao plen\u00e1rio do Poder Legislativo, para referendo. A nomea\u00e7\u00e3o do reitor e vice-reitor s\u00f3 pode ocorrer\u00a0<em>ad referendum<\/em>, o que foi votado na noite desta da \u00faltima segunda-feira (21), e rejeitado.<\/p>\n<p>&nbsp;<\/p>\n<p>O cen\u00e1rio se mostra cr\u00edtico, delicado e ainda incerto. O atual mandato da reitoria da UniFAI termina na pr\u00f3xima quarta-feira (30).<\/p>\n<p>&nbsp;<\/p>\n<p><strong>Como fica?<\/strong><\/p>\n<p>Com a rejei\u00e7\u00e3o dos nomes indicados pelo prefeito na C\u00e2mara, a situa\u00e7\u00e3o in\u00e9dita na hist\u00f3ria da autarquia passou a exigir novos desdobramentos, \u00e0s pressas, j\u00e1 que o atual mandato termina na pr\u00f3xima quarta-feira. Com a rejei\u00e7\u00e3o da primeira indica\u00e7\u00e3o do prefeito, o mesmo precisaria fazer nova indica\u00e7\u00e3o ao legislativo, considerando os nomes que fazem parte da lista tr\u00edplice elaborada por meio de vota\u00e7\u00e3o no Conselho Universit\u00e1rio, e novamente submeter os nomes \u00e0 C\u00e2mara Municipal.<\/p>\n<p>&nbsp;<\/p>\n<p><strong>Judicializa\u00e7\u00e3o<\/strong><\/p>\n<p>Desde a \u00faltima segunda-feira, ap\u00f3s a sess\u00e3o, um dos caminhos que o prefeito poderia seguir \u00e9 a judicializa\u00e7\u00e3o, como abordou o SIGA MAIS logo ap\u00f3s a vota\u00e7\u00e3o do referendo. Essa possibilidade tamb\u00e9m foi abordada neste s\u00e1bado (26) em uma reportagem do jornal Folha Regional.<\/p>\n<p>&nbsp;<\/p>\n<p>Resistente \u00e0 decis\u00e3o que rejeitou os nomes da chapa que escolheu, o prefeito n\u00e3o procedeu uma segunda indica\u00e7\u00e3o \u00e0 C\u00e2mara. E tamb\u00e9m, formalmente, n\u00e3o divulgou qualquer mobiliza\u00e7\u00e3o jur\u00eddica para tentar decidir esse tema no Poder Judici\u00e1rio, seja por mandado de seguran\u00e7a, embargos ou outros instrumentos jur\u00eddicos, onde precisar\u00e1 argumentar para convencer a Justi\u00e7a.<\/p>\n<p>&nbsp;<\/p>\n<p><strong>Pr\u00f3 reitor poder\u00e1 assumir reitoria<\/strong><\/p>\n<p>Se n\u00e3o houver pelo prefeito a indica\u00e7\u00e3o dos novos nomes que comp\u00f5em a lista tr\u00edplice, \u00e0 C\u00e2mara \u2013 que ainda precisar\u00e1 votar um novo referendo \u2013 e se o mesmo tentar buscar alguma medida judicial que eventualmente n\u00e3o tenha decis\u00e3o liminar ou outro aval do Judici\u00e1rio at\u00e9 30 de junho, uma das possibilidades \u00e9 invocar o \u00a7 6\u00ba do Artigo 15 do\u00a0<strong><a href=\"http:\/\/www.unifai.com.br\/portal\/_arquivos\/regimento_geral2021.pdf\">Regimento Geral da UniFAI<\/a><\/strong>, conforme vers\u00e3o reformulada definida pela Resolu\u00e7\u00e3o n\u00ba 08 de 16 de dezembro de 2019:<\/p>\n<p>&nbsp;<\/p>\n<p><strong><em>\u201c\u00a7 6\u00ba &#8211; No caso de vac\u00e2ncia simult\u00e2nea das fun\u00e7\u00f5es de Reitor e de Vice-Reitor, at\u00e9 que haja a nomea\u00e7\u00e3o dos novos Reitores, responder\u00e1 pela dire\u00e7\u00e3o do Centro Universit\u00e1rio, o Pr\u00f3-Reitor com mais tempo de exerc\u00edcio nesta Autarquia ou seu subsequente, nos casos de recusa ou impedimento, respeitados os requisitos legais do cargo\u201d.<\/em><\/strong><\/p>\n<p>&nbsp;<\/p>\n<p>Com essa previs\u00e3o, especialistas da \u00e1rea jur\u00eddica ouvidos neste s\u00e1bado pelo SIGA MAIS apontam que vencidos os mandatos do atual reitor e vice-reitor, poder\u00e1 eventualmente ser reconhecida a vac\u00e2ncia e o pr\u00f3-reitor com mais tempo de casa assume temporariamente a dire\u00e7\u00e3o da UniFAI.<\/p>\n<p>&nbsp;<\/p>\n<p>Atualmente, segundo informa a pr\u00f3pria autarquia, h\u00e1 dois pr\u00f3 reitores nomeados. Um deles \u00e9 o candidato que lidera a chapa indicada pelo prefeito, professor doutor Vagner Amado Belo de Oliveira, pr\u00f3 reitor de extens\u00e3o. O segundo \u00e9 o professor doutor Delcio Cardim, pr\u00f3 reitor de ensino. Vagner ingressou na UniFAI em 8 de agosto de 2011 e Delcio em 16 de abril de 2001. Portanto, nessa hip\u00f3tese, Delcio poderia assumir, bem como recusar-se ou ser considerado impedido, o que abriria caminho para a nomea\u00e7\u00e3o tempor\u00e1ria de Vagner Oliveira.<\/p>\n<p>&nbsp;<\/p>\n<p><strong>Juridiqu\u00eas:\u00a0\u00a0defini\u00e7\u00e3o t\u00e9cnica de ad referendum<\/strong><\/p>\n<p>Um dos pontos cr\u00edticos na queda de bra\u00e7o entre C\u00e2mara Municipal e prefeito est\u00e1 a conceitua\u00e7\u00e3o da express\u00e3o\u00a0<em>ad referendum<\/em>, mencionada objetivamente na Lei Complementar Municipal que trata do processo de elei\u00e7\u00e3o dos novos reitor e vice-reitor da UniFAI. A Lei diz que o prefeito tem a prerrogativa de nome\u00e1-los, a partir da lista tr\u00edplice, \u201c<em>ad referendum<\/em>\u00a0da C\u00e2mara Municipal\u201d.<\/p>\n<p>&nbsp;<\/p>\n<p>A express\u00e3o em latim significa \u201cpara aprecia\u00e7\u00e3o\u201d ou \u201cpara aprova\u00e7\u00e3o\u201d, sendo utilizada para atos que s\u00e3o dependentes de uma ratifica\u00e7\u00e3o de autoridade ou poder competente para que sejam v\u00e1lidos. A Lei Complementar Municipal \u00e9 objetiva ao mencionar a C\u00e2mara Municipal como poder competente para referendar a escolha dos novos reitores.<\/p>\n<p>&nbsp;<\/p>\n<p>O SIGA MAIS pesquisou sobre o termo jur\u00eddico e encontrou duas refer\u00eancias seguras sobre o terma. A primeira delas \u00e9 mencionada no gloss\u00e1rio jur\u00eddico do\u00a0<strong><a href=\"http:\/\/www.stf.jus.br\/portal\/jurisprudencia\/listarTesauro.asp?txtPesquisaLivre=AD%20REFERENDUM\">Supremo Tribunal Federal (STF)<\/a><\/strong>: \u201cDiz que a decis\u00e3o foi tomada ad referendum, quando ela depende de ser referendada pelo \u00f3rg\u00e3o que possui compet\u00eancia para tanto\u201d.<\/p>\n<p><img loading=\"lazy\" decoding=\"async\" class=\"alignnone size-full wp-image-40142\" src=\"https:\/\/static.radiolifefm.com.br\/wp-content\/uploads\/sites\/2\/2021\/06\/stf-referendujpg162474287560d79bdb52eac.jpg\" alt=\"\" width=\"2324\" height=\"1613\" srcset=\"https:\/\/radiolifefm.com.br\/noticias\/wp-content\/uploads\/2021\/06\/stf-referendujpg162474287560d79bdb52eac.jpg 2324w, https:\/\/radiolifefm.com.br\/noticias\/wp-content\/uploads\/2021\/06\/stf-referendujpg162474287560d79bdb52eac-300x208.jpg 300w, https:\/\/radiolifefm.com.br\/noticias\/wp-content\/uploads\/2021\/06\/stf-referendujpg162474287560d79bdb52eac-1024x711.jpg 1024w, https:\/\/radiolifefm.com.br\/noticias\/wp-content\/uploads\/2021\/06\/stf-referendujpg162474287560d79bdb52eac-768x533.jpg 768w, https:\/\/radiolifefm.com.br\/noticias\/wp-content\/uploads\/2021\/06\/stf-referendujpg162474287560d79bdb52eac-1536x1066.jpg 1536w, https:\/\/radiolifefm.com.br\/noticias\/wp-content\/uploads\/2021\/06\/stf-referendujpg162474287560d79bdb52eac-2048x1421.jpg 2048w\" sizes=\"auto, (max-width: 2324px) 100vw, 2324px\" \/><\/p>\n<p>No\u00a0<strong><a href=\"http:\/\/www.mpf.mp.br\/es\/sala-de-imprensa\/glossario-de-termos-juridicos\">Minist\u00e9rio P\u00fablico Federal (MPF)<\/a><\/strong>\u00a0do Esp\u00edrito Santo, a express\u00e3o tamb\u00e9m tem tradu\u00e7\u00e3o objetiva: \u201cpara aprova\u00e7\u00e3o\u201d.<\/p>\n<p>&nbsp;<\/p>\n<p><strong>Processo eleitoral pol\u00eamico<\/strong><\/p>\n<p>Os nomes para a reitoria da UniFAI &#8211; professores doutores Vagner Amado Belo de Oliveira para reitor e Albanir Gabriel Borrasca para vice-reitor\u00a0\u00a0&#8211; foram\u00a0<strong><a href=\"https:\/\/www.sigamais.com\/noticias\/educacao\/prefeito-ignora-mais-votado-no-conselho-universitario-e-indica-2-colocado-para-reitor-da-unifai\/\">indicados na \u00faltima quarta-feira (16) pelo prefeito M\u00e1rcio Cardim.<\/a><\/strong>\u00a0A chapa ficou em segundo lugar, em vota\u00e7\u00e3o no Conselho Universit\u00e1rio da institui\u00e7\u00e3o, com 6 votos. J\u00e1 a chapa que encabe\u00e7ou a vota\u00e7\u00e3o no Conselho, e abre a lista tr\u00edplice, \u00e9 formada pelos professores doutores Alexandre Teixeira de Souza e Wendel Cleber Soares.<\/p>\n<p>&nbsp;<\/p>\n<p>M\u00e1rcio Cardim foi diretor da mesma institui\u00e7\u00e3o de ensino e j\u00e1 vivenciou o rito de nomea\u00e7\u00e3o. Sua decis\u00e3o em n\u00e3o indicar \u00e0 reitoria a chapa que encabe\u00e7ou a lista tr\u00edplice causou rea\u00e7\u00f5es na cidade. Na quinta-feira (17) pela manh\u00e3, um dia ap\u00f3s o an\u00fancio, uma\u00a0<strong><a href=\"https:\/\/www.sigamais.com\/noticias\/educacao\/um-dia-apos-anuncio-dos-nomes-indicados-pelo-prefeito-a-reitoria-da-unifai-estudantes-protestam\/\">carreata\u00a0<\/a><\/strong>organizada por estudantes da UniFAI percorreu as ruas da cidade, em protesto. Sem seguida, na sexta-feira, uma\u00a0<strong><a href=\"https:\/\/www.sigamais.com\/noticias\/educacao\/nomeacao-da-nova-reitoria-da-unifai-centro-academico-publica-carta-aberta-aos-vereadores\/\">Carta Aberta<\/a><\/strong>\u00a0aos vereadores foi publicada pelo Centro Acad\u00eamico da institui\u00e7\u00e3o, com cr\u00edticas \u00e0 decis\u00e3o do prefeito.<\/p>\n<p>&nbsp;<\/p>\n<p>E na noite da vota\u00e7\u00e3o, nesta segunda-feira, um\u00a0<a href=\"https:\/\/www.sigamais.com\/noticias\/cidades\/em-noite-de-votacao-para-nova-reitoria-estudantes-da-unifai-protestam-nas-proximidades-da-camara\/\"><strong>ato p\u00fablico<\/strong><\/a>\u00a0tamb\u00e9m movimentou as proximidades da C\u00e2mara Municipal. Um grupo de estudantes da UniFAI se concentrou na esquina da Pra\u00e7a \u00c9lio Micheloni. Os estudantes seguram as orienta\u00e7\u00f5es pelo distanciamento social. Eles faziam barulho e gritavam palavras dirigidas aos vereadores.<\/p>\n<p>&nbsp;<\/p>\n<p><strong>Veja a cronologia<\/strong><\/p>\n<ul>\n<li><strong><a href=\"https:\/\/www.sigamais.com\/noticias\/educacao\/unifai-publica-resolucao-e-abre-prazo-para-candidaturas-a-reitoria-20212025\/\">UniFAI publica resolu\u00e7\u00e3o e abre prazo para candidaturas \u00e0 reitoria 2021\/2025<\/a><\/strong><\/li>\n<\/ul>\n<p><strong>\u00a0<\/strong><\/p>\n<ul>\n<li><strong><a href=\"https:\/\/www.sigamais.com\/noticias\/educacao\/eleicao-da-nova-reitoria-da-unifai-reitor-paulo-sergio-da-silva-anuncia-que-nao-vai-concorrer\/\">Elei\u00e7\u00e3o da nova reitoria da UniFAI: reitor Paulo S\u00e9rgio da Silva anuncia que n\u00e3o vai concorrer<\/a><\/strong><\/li>\n<\/ul>\n<p><strong>\u00a0<\/strong><\/p>\n<ul>\n<li><strong><a href=\"https:\/\/www.sigamais.com\/noticias\/educacao\/duas-candidaturas-pleiteiam-a-reitoria-da-unifai-para-o-quadrienio-20212025\/\">Duas candidaturas pleiteiam a reitoria da UniFAI para o quadri\u00eanio 2021\/2025<\/a><\/strong><\/li>\n<\/ul>\n<p><strong>\u00a0<\/strong><\/p>\n<ul>\n<li><strong><a href=\"https:\/\/www.sigamais.com\/noticias\/educacao\/futuro-da-unifai-conheca-os-planos-de-gestao-dos-candidatos-a-reitoria-20212025\/\">Futuro da UniFAI: conhe\u00e7a os planos de gest\u00e3o dos candidatos \u00e0 reitoria 2021\/2025<\/a><\/strong><\/li>\n<\/ul>\n<p><strong>\u00a0<\/strong><\/p>\n<ul>\n<li><strong><a href=\"https:\/\/www.sigamais.com\/noticias\/educacao\/conselho-universitario-da-unifai-define-nesta-sextafeira-nomes-da-lista-triplice-a-nova-reitoria\/\">Conselho Universit\u00e1rio da UniFAI define nesta sexta-feira nomes da lista tr\u00edplice \u00e0 nova reitoria<\/a><\/strong><\/li>\n<\/ul>\n<p><strong>\u00a0<\/strong><\/p>\n<ul>\n<li><strong><a href=\"https:\/\/www.sigamais.com\/noticias\/educacao\/alexandre-teixeira-e-wendel-cleber-soares-encabecam-lista-triplice-para-nova-reitoria-da-unifai\/\">Alexandre Teixeira e Wendel Cleber Soares encabe\u00e7am lista tr\u00edplice para nova reitoria da UniFAI<\/a><\/strong><\/li>\n<\/ul>\n<p><strong>\u00a0<\/strong><\/p>\n<ul>\n<li><strong><a href=\"https:\/\/www.sigamais.com\/noticias\/educacao\/prefeito-ignora-mais-votado-no-conselho-universitario-e-indica-2-colocado-para-reitor-da-unifai\/\">Prefeito ignora mais votado no Conselho Universit\u00e1rio e indica 2\u00ba colocado para reitor da UniFAI<\/a><\/strong><\/li>\n<\/ul>\n<p><strong>\u00a0<\/strong><\/p>\n<ul>\n<li><strong><a href=\"https:\/\/www.sigamais.com\/noticias\/educacao\/um-dia-apos-anuncio-dos-nomes-indicados-pelo-prefeito-a-reitoria-da-unifai-estudantes-protestam\/\">Um dia ap\u00f3s an\u00fancio dos nomes indicados pelo prefeito \u00e0 reitoria da UniFAI, estudantes protestam<\/a><\/strong><\/li>\n<\/ul>\n<p><strong>\u00a0<\/strong><\/p>\n<ul>\n<li><strong><a href=\"https:\/\/www.sigamais.com\/noticias\/educacao\/nomeacao-da-nova-reitoria-da-unifai-centro-academico-publica-carta-aberta-aos-vereadores\/\">Nomea\u00e7\u00e3o da nova reitoria da UniFAI: Centro Acad\u00eamico publica Carta Aberta aos vereadores<\/a><\/strong><\/li>\n<\/ul>\n<p><strong>\u00a0<\/strong><\/p>\n<ul>\n<li><strong><a href=\"https:\/\/www.sigamais.com\/noticias\/educacao\/em-votacao-maioria-da-camara-rejeita-indicacao-do-prefeito-a-reitoria-da-unifai\/\">Em vota\u00e7\u00e3o, maioria da C\u00e2mara rejeita indica\u00e7\u00e3o do prefeito \u00e0 reitoria da UniFAI<\/a><\/strong><\/li>\n<\/ul>\n<p><strong>\u00a0<\/strong><\/p>\n<ul>\n<li><strong><a href=\"https:\/\/www.sigamais.com\/noticias\/educacao\/com-votos-do-podemos-pv-e-do-proprio-dem-nomes-indicados-pelo-prefeito-a-reitoria-sao-rejeitados\/\">Com votos do Podemos, PV e do pr\u00f3prio DEM, nomes indicados pelo prefeito \u00e0 reitoria s\u00e3o rejeitados<\/a><\/strong><\/li>\n<\/ul>\n<p><strong>\u00a0<\/strong><\/p>\n<ul>\n<li><strong><a href=\"https:\/\/www.sigamais.com\/noticias\/educacao\/pv-orientou-vereadores-do-partido-a-rejeitarem-nomes-indicados-pelo-prefeito-a-reitoria-da-unifai\/\">PV orientou vereadores do Partido a rejeitarem nomes indicados pelo prefeito \u00e0 reitoria da UniFAI<\/a><\/strong><\/li>\n<\/ul>\n<p><strong>\u00a0<\/strong><\/p>\n<ul>\n<li><strong><a href=\"https:\/\/www.sigamais.com\/noticias\/educacao\/ha-5-dias-do-fim-do-mandato-da-reitoria-da-unifai-situacao-sobre-futuro-reitor-ainda-e-indefinida\/\"> H\u00e1 5 dias do fim do mandato da reitoria da UniFAI, situa\u00e7\u00e3o sobre futuro reitor ainda \u00e9 indefinida<\/a><\/strong><\/li>\n<\/ul>\n<p>&nbsp;<\/p>\n<p>&nbsp;<\/p>\n<p>Fonte: Siga Mais<\/p>\n<div class='flex flex-wrap items-center -mx-1'>\r\n<a class='thumbnail gallery p-1 w-1\/2 md:w-1\/4' href='https:\/\/radiolifefm.com.br\/noticias\/wp-content\/uploads\/2021\/06\/artigo-5jpg162474254960d79a9520ebc.jpg'><img class='border border-white' src='https:\/\/radiolifefm.com.br\/noticias\/wp-content\/uploads\/2021\/06\/artigo-5jpg162474254960d79a9520ebc-200x200.jpg' alt='Artigo 5jpg162474254960d79a9520ebc' \/><\/a><\/div>\n","protected":false},"excerpt":{"rendered":"<p>A posi\u00e7\u00e3o do prefeito de Adamantina em resistir \u00e0 decis\u00e3o em plen\u00e1rio, na C\u00e2mara Municipal, que na \u00faltima segunda-feira (21) rejeitou os nomes para reitor e vice-reitor indicados por ele, para assumirem a reitoria do Centro Universit\u00e1rio de Adamantina (UniFAI) no quadri\u00eanio 2021\/2025, mostra contradi\u00e7\u00e3o do chefe do poder executivo municipal. &nbsp; A postura de [&hellip;]<\/p>\n","protected":false},"author":13,"featured_media":40140,"comment_status":"closed","ping_status":"open","sticky":false,"template":"","format":"standard","meta":{"_acf_changed":false,"_exactmetrics_skip_tracking":false,"_exactmetrics_sitenote_active":false,"_exactmetrics_sitenote_note":"","_exactmetrics_sitenote_category":0,"footnotes":""},"categories":[21],"tags":[],"class_list":["post-40139","post","type-post","status-publish","format-standard","has-post-thumbnail","hentry","category-adamantina"],"acf":[],"yoast_head":"<!-- This site is optimized with the Yoast SEO plugin v27.2 - https:\/\/yoast.com\/product\/yoast-seo-wordpress\/ -->\n<title>Ao resistir \u00e0 decis\u00e3o que n\u00e3o referendou reitores, prefeito se p\u00f5e contra lei criada por ele em 2017 - R\u00e1dio Life FM<\/title>\n<meta name=\"robots\" content=\"index, follow, max-snippet:-1, max-image-preview:large, max-video-preview:-1\" \/>\n<link rel=\"canonical\" href=\"https:\/\/radiolifefm.com.br\/noticias\/ao-resistir-a-decisao-que-nao-referendou-reitores-prefeito-se-poe-contra-lei-criada-por-ele-em-2017\/\" \/>\n<meta property=\"og:locale\" content=\"pt_BR\" \/>\n<meta property=\"og:type\" content=\"article\" \/>\n<meta property=\"og:title\" content=\"Ao resistir \u00e0 decis\u00e3o que n\u00e3o referendou reitores, prefeito se p\u00f5e contra lei criada por ele em 2017 - R\u00e1dio Life FM\" \/>\n<meta property=\"og:description\" content=\"A posi\u00e7\u00e3o do prefeito de Adamantina em resistir \u00e0 decis\u00e3o em plen\u00e1rio, na C\u00e2mara Municipal, que na \u00faltima segunda-feira (21) rejeitou os nomes para reitor e vice-reitor indicados por ele, para assumirem a reitoria do Centro Universit\u00e1rio de Adamantina (UniFAI) no quadri\u00eanio 2021\/2025, mostra contradi\u00e7\u00e3o do chefe do poder executivo municipal. &nbsp; A postura de [&hellip;]\" \/>\n<meta property=\"og:url\" content=\"https:\/\/radiolifefm.com.br\/noticias\/ao-resistir-a-decisao-que-nao-referendou-reitores-prefeito-se-poe-contra-lei-criada-por-ele-em-2017\/\" \/>\n<meta property=\"og:site_name\" content=\"R\u00e1dio Life FM\" \/>\n<meta property=\"article:publisher\" content=\"https:\/\/www.facebook.com\/radiolifefm\/\" \/>\n<meta property=\"article:published_time\" content=\"2021-06-27T13:20:47+00:00\" \/>\n<meta property=\"article:modified_time\" content=\"2026-04-18T00:47:20+00:00\" \/>\n<meta property=\"og:image\" content=\"https:\/\/radiolifefm.com.br\/noticias\/wp-content\/uploads\/2021\/06\/referendum1jpg162474297960d79c43ca8a4.jpg\" \/>\n\t<meta property=\"og:image:width\" content=\"600\" \/>\n\t<meta property=\"og:image:height\" content=\"337\" \/>\n\t<meta property=\"og:image:type\" content=\"image\/jpeg\" \/>\n<meta name=\"author\" content=\"ritanery\" \/>\n<meta name=\"twitter:card\" content=\"summary_large_image\" \/>\n<meta name=\"twitter:label1\" content=\"Escrito por\" \/>\n\t<meta name=\"twitter:data1\" content=\"ritanery\" \/>\n\t<meta name=\"twitter:label2\" content=\"Est. tempo de leitura\" \/>\n\t<meta name=\"twitter:data2\" content=\"8 minutos\" \/>\n<script type=\"application\/ld+json\" class=\"yoast-schema-graph\">{\"@context\":\"https:\/\/schema.org\",\"@graph\":[{\"@type\":\"Article\",\"@id\":\"https:\/\/radiolifefm.com.br\/noticias\/ao-resistir-a-decisao-que-nao-referendou-reitores-prefeito-se-poe-contra-lei-criada-por-ele-em-2017\/#article\",\"isPartOf\":{\"@id\":\"https:\/\/radiolifefm.com.br\/noticias\/ao-resistir-a-decisao-que-nao-referendou-reitores-prefeito-se-poe-contra-lei-criada-por-ele-em-2017\/\"},\"author\":{\"name\":\"ritanery\",\"@id\":\"https:\/\/radiolifefm.com.br\/noticias\/#\/schema\/person\/6339b9fac59d12b071dec680d7375d87\"},\"headline\":\"Ao resistir \u00e0 decis\u00e3o que n\u00e3o referendou reitores, prefeito se p\u00f5e contra lei criada por ele em 2017\",\"datePublished\":\"2021-06-27T13:20:47+00:00\",\"dateModified\":\"2026-04-18T00:47:20+00:00\",\"mainEntityOfPage\":{\"@id\":\"https:\/\/radiolifefm.com.br\/noticias\/ao-resistir-a-decisao-que-nao-referendou-reitores-prefeito-se-poe-contra-lei-criada-por-ele-em-2017\/\"},\"wordCount\":1714,\"publisher\":{\"@id\":\"https:\/\/radiolifefm.com.br\/noticias\/#organization\"},\"image\":{\"@id\":\"https:\/\/radiolifefm.com.br\/noticias\/ao-resistir-a-decisao-que-nao-referendou-reitores-prefeito-se-poe-contra-lei-criada-por-ele-em-2017\/#primaryimage\"},\"thumbnailUrl\":\"https:\/\/radiolifefm.com.br\/noticias\/wp-content\/uploads\/2021\/06\/referendum1jpg162474297960d79c43ca8a4.jpg\",\"articleSection\":[\"Adamantina\"],\"inLanguage\":\"pt-BR\"},{\"@type\":\"WebPage\",\"@id\":\"https:\/\/radiolifefm.com.br\/noticias\/ao-resistir-a-decisao-que-nao-referendou-reitores-prefeito-se-poe-contra-lei-criada-por-ele-em-2017\/\",\"url\":\"https:\/\/radiolifefm.com.br\/noticias\/ao-resistir-a-decisao-que-nao-referendou-reitores-prefeito-se-poe-contra-lei-criada-por-ele-em-2017\/\",\"name\":\"Ao resistir \u00e0 decis\u00e3o que n\u00e3o referendou reitores, prefeito se p\u00f5e contra lei criada por ele em 2017 - R\u00e1dio Life FM\",\"isPartOf\":{\"@id\":\"https:\/\/radiolifefm.com.br\/noticias\/#website\"},\"primaryImageOfPage\":{\"@id\":\"https:\/\/radiolifefm.com.br\/noticias\/ao-resistir-a-decisao-que-nao-referendou-reitores-prefeito-se-poe-contra-lei-criada-por-ele-em-2017\/#primaryimage\"},\"image\":{\"@id\":\"https:\/\/radiolifefm.com.br\/noticias\/ao-resistir-a-decisao-que-nao-referendou-reitores-prefeito-se-poe-contra-lei-criada-por-ele-em-2017\/#primaryimage\"},\"thumbnailUrl\":\"https:\/\/radiolifefm.com.br\/noticias\/wp-content\/uploads\/2021\/06\/referendum1jpg162474297960d79c43ca8a4.jpg\",\"datePublished\":\"2021-06-27T13:20:47+00:00\",\"dateModified\":\"2026-04-18T00:47:20+00:00\",\"breadcrumb\":{\"@id\":\"https:\/\/radiolifefm.com.br\/noticias\/ao-resistir-a-decisao-que-nao-referendou-reitores-prefeito-se-poe-contra-lei-criada-por-ele-em-2017\/#breadcrumb\"},\"inLanguage\":\"pt-BR\",\"potentialAction\":[{\"@type\":\"ReadAction\",\"target\":[\"https:\/\/radiolifefm.com.br\/noticias\/ao-resistir-a-decisao-que-nao-referendou-reitores-prefeito-se-poe-contra-lei-criada-por-ele-em-2017\/\"]}]},{\"@type\":\"ImageObject\",\"inLanguage\":\"pt-BR\",\"@id\":\"https:\/\/radiolifefm.com.br\/noticias\/ao-resistir-a-decisao-que-nao-referendou-reitores-prefeito-se-poe-contra-lei-criada-por-ele-em-2017\/#primaryimage\",\"url\":\"https:\/\/radiolifefm.com.br\/noticias\/wp-content\/uploads\/2021\/06\/referendum1jpg162474297960d79c43ca8a4.jpg\",\"contentUrl\":\"https:\/\/radiolifefm.com.br\/noticias\/wp-content\/uploads\/2021\/06\/referendum1jpg162474297960d79c43ca8a4.jpg\",\"width\":600,\"height\":337,\"caption\":\"Atual mandato da reitoria termina na pr\u00f3xima quarta-feira e cen\u00e1rio ainda \u00e9 incerto.\"},{\"@type\":\"BreadcrumbList\",\"@id\":\"https:\/\/radiolifefm.com.br\/noticias\/ao-resistir-a-decisao-que-nao-referendou-reitores-prefeito-se-poe-contra-lei-criada-por-ele-em-2017\/#breadcrumb\",\"itemListElement\":[{\"@type\":\"ListItem\",\"position\":1,\"name\":\"In\u00edcio\",\"item\":\"https:\/\/radiolifefm.com.br\/noticias\/\"},{\"@type\":\"ListItem\",\"position\":2,\"name\":\"Ao resistir \u00e0 decis\u00e3o que n\u00e3o referendou reitores, prefeito se p\u00f5e contra lei criada por ele em 2017\"}]},{\"@type\":\"WebSite\",\"@id\":\"https:\/\/radiolifefm.com.br\/noticias\/#website\",\"url\":\"https:\/\/radiolifefm.com.br\/noticias\/\",\"name\":\"R\u00e1dio Life FM\",\"description\":\"O Portal de Not\u00edcias de Adamantina\",\"publisher\":{\"@id\":\"https:\/\/radiolifefm.com.br\/noticias\/#organization\"},\"alternateName\":\"Life FM\",\"potentialAction\":[{\"@type\":\"SearchAction\",\"target\":{\"@type\":\"EntryPoint\",\"urlTemplate\":\"https:\/\/radiolifefm.com.br\/noticias\/?s={search_term_string}\"},\"query-input\":{\"@type\":\"PropertyValueSpecification\",\"valueRequired\":true,\"valueName\":\"search_term_string\"}}],\"inLanguage\":\"pt-BR\"},{\"@type\":\"Organization\",\"@id\":\"https:\/\/radiolifefm.com.br\/noticias\/#organization\",\"name\":\"R\u00e1dio Life FM\",\"alternateName\":\"Life FM\",\"url\":\"https:\/\/radiolifefm.com.br\/noticias\/\",\"logo\":{\"@type\":\"ImageObject\",\"inLanguage\":\"pt-BR\",\"@id\":\"https:\/\/radiolifefm.com.br\/noticias\/#\/schema\/logo\/image\/\",\"url\":\"https:\/\/static.radiolifefm.com.br\/noticias\/wp-content\/uploads\/2019\/10\/logo-lifefm.png\",\"contentUrl\":\"https:\/\/static.radiolifefm.com.br\/noticias\/wp-content\/uploads\/2019\/10\/logo-lifefm.png\",\"width\":196,\"height\":47,\"caption\":\"R\u00e1dio Life FM\"},\"image\":{\"@id\":\"https:\/\/radiolifefm.com.br\/noticias\/#\/schema\/logo\/image\/\"},\"sameAs\":[\"https:\/\/www.facebook.com\/radiolifefm\/\",\"https:\/\/www.instagram.com\/life1079fm\/\"]},{\"@type\":\"Person\",\"@id\":\"https:\/\/radiolifefm.com.br\/noticias\/#\/schema\/person\/6339b9fac59d12b071dec680d7375d87\",\"name\":\"ritanery\",\"image\":{\"@type\":\"ImageObject\",\"inLanguage\":\"pt-BR\",\"@id\":\"https:\/\/secure.gravatar.com\/avatar\/0e37bb19071f47c0b8a23f62a903df117c5a0e75f65a0c2901562f97cd41cf86?s=96&d=mm&r=g\",\"url\":\"https:\/\/secure.gravatar.com\/avatar\/0e37bb19071f47c0b8a23f62a903df117c5a0e75f65a0c2901562f97cd41cf86?s=96&d=mm&r=g\",\"contentUrl\":\"https:\/\/secure.gravatar.com\/avatar\/0e37bb19071f47c0b8a23f62a903df117c5a0e75f65a0c2901562f97cd41cf86?s=96&d=mm&r=g\",\"caption\":\"ritanery\"}}]}<\/script>\n<!-- \/ Yoast SEO plugin. -->","yoast_head_json":{"title":"Ao resistir \u00e0 decis\u00e3o que n\u00e3o referendou reitores, prefeito se p\u00f5e contra lei criada por ele em 2017 - R\u00e1dio Life FM","robots":{"index":"index","follow":"follow","max-snippet":"max-snippet:-1","max-image-preview":"max-image-preview:large","max-video-preview":"max-video-preview:-1"},"canonical":"https:\/\/radiolifefm.com.br\/noticias\/ao-resistir-a-decisao-que-nao-referendou-reitores-prefeito-se-poe-contra-lei-criada-por-ele-em-2017\/","og_locale":"pt_BR","og_type":"article","og_title":"Ao resistir \u00e0 decis\u00e3o que n\u00e3o referendou reitores, prefeito se p\u00f5e contra lei criada por ele em 2017 - R\u00e1dio Life FM","og_description":"A posi\u00e7\u00e3o do prefeito de Adamantina em resistir \u00e0 decis\u00e3o em plen\u00e1rio, na C\u00e2mara Municipal, que na \u00faltima segunda-feira (21) rejeitou os nomes para reitor e vice-reitor indicados por ele, para assumirem a reitoria do Centro Universit\u00e1rio de Adamantina (UniFAI) no quadri\u00eanio 2021\/2025, mostra contradi\u00e7\u00e3o do chefe do poder executivo municipal. &nbsp; A postura de [&hellip;]","og_url":"https:\/\/radiolifefm.com.br\/noticias\/ao-resistir-a-decisao-que-nao-referendou-reitores-prefeito-se-poe-contra-lei-criada-por-ele-em-2017\/","og_site_name":"R\u00e1dio Life FM","article_publisher":"https:\/\/www.facebook.com\/radiolifefm\/","article_published_time":"2021-06-27T13:20:47+00:00","article_modified_time":"2026-04-18T00:47:20+00:00","og_image":[{"width":600,"height":337,"url":"https:\/\/radiolifefm.com.br\/noticias\/wp-content\/uploads\/2021\/06\/referendum1jpg162474297960d79c43ca8a4.jpg","type":"image\/jpeg"}],"author":"ritanery","twitter_card":"summary_large_image","twitter_misc":{"Escrito por":"ritanery","Est. tempo de leitura":"8 minutos"},"schema":{"@context":"https:\/\/schema.org","@graph":[{"@type":"Article","@id":"https:\/\/radiolifefm.com.br\/noticias\/ao-resistir-a-decisao-que-nao-referendou-reitores-prefeito-se-poe-contra-lei-criada-por-ele-em-2017\/#article","isPartOf":{"@id":"https:\/\/radiolifefm.com.br\/noticias\/ao-resistir-a-decisao-que-nao-referendou-reitores-prefeito-se-poe-contra-lei-criada-por-ele-em-2017\/"},"author":{"name":"ritanery","@id":"https:\/\/radiolifefm.com.br\/noticias\/#\/schema\/person\/6339b9fac59d12b071dec680d7375d87"},"headline":"Ao resistir \u00e0 decis\u00e3o que n\u00e3o referendou reitores, prefeito se p\u00f5e contra lei criada por ele em 2017","datePublished":"2021-06-27T13:20:47+00:00","dateModified":"2026-04-18T00:47:20+00:00","mainEntityOfPage":{"@id":"https:\/\/radiolifefm.com.br\/noticias\/ao-resistir-a-decisao-que-nao-referendou-reitores-prefeito-se-poe-contra-lei-criada-por-ele-em-2017\/"},"wordCount":1714,"publisher":{"@id":"https:\/\/radiolifefm.com.br\/noticias\/#organization"},"image":{"@id":"https:\/\/radiolifefm.com.br\/noticias\/ao-resistir-a-decisao-que-nao-referendou-reitores-prefeito-se-poe-contra-lei-criada-por-ele-em-2017\/#primaryimage"},"thumbnailUrl":"https:\/\/radiolifefm.com.br\/noticias\/wp-content\/uploads\/2021\/06\/referendum1jpg162474297960d79c43ca8a4.jpg","articleSection":["Adamantina"],"inLanguage":"pt-BR"},{"@type":"WebPage","@id":"https:\/\/radiolifefm.com.br\/noticias\/ao-resistir-a-decisao-que-nao-referendou-reitores-prefeito-se-poe-contra-lei-criada-por-ele-em-2017\/","url":"https:\/\/radiolifefm.com.br\/noticias\/ao-resistir-a-decisao-que-nao-referendou-reitores-prefeito-se-poe-contra-lei-criada-por-ele-em-2017\/","name":"Ao resistir \u00e0 decis\u00e3o que n\u00e3o referendou reitores, prefeito se p\u00f5e contra lei criada por ele em 2017 - R\u00e1dio Life FM","isPartOf":{"@id":"https:\/\/radiolifefm.com.br\/noticias\/#website"},"primaryImageOfPage":{"@id":"https:\/\/radiolifefm.com.br\/noticias\/ao-resistir-a-decisao-que-nao-referendou-reitores-prefeito-se-poe-contra-lei-criada-por-ele-em-2017\/#primaryimage"},"image":{"@id":"https:\/\/radiolifefm.com.br\/noticias\/ao-resistir-a-decisao-que-nao-referendou-reitores-prefeito-se-poe-contra-lei-criada-por-ele-em-2017\/#primaryimage"},"thumbnailUrl":"https:\/\/radiolifefm.com.br\/noticias\/wp-content\/uploads\/2021\/06\/referendum1jpg162474297960d79c43ca8a4.jpg","datePublished":"2021-06-27T13:20:47+00:00","dateModified":"2026-04-18T00:47:20+00:00","breadcrumb":{"@id":"https:\/\/radiolifefm.com.br\/noticias\/ao-resistir-a-decisao-que-nao-referendou-reitores-prefeito-se-poe-contra-lei-criada-por-ele-em-2017\/#breadcrumb"},"inLanguage":"pt-BR","potentialAction":[{"@type":"ReadAction","target":["https:\/\/radiolifefm.com.br\/noticias\/ao-resistir-a-decisao-que-nao-referendou-reitores-prefeito-se-poe-contra-lei-criada-por-ele-em-2017\/"]}]},{"@type":"ImageObject","inLanguage":"pt-BR","@id":"https:\/\/radiolifefm.com.br\/noticias\/ao-resistir-a-decisao-que-nao-referendou-reitores-prefeito-se-poe-contra-lei-criada-por-ele-em-2017\/#primaryimage","url":"https:\/\/radiolifefm.com.br\/noticias\/wp-content\/uploads\/2021\/06\/referendum1jpg162474297960d79c43ca8a4.jpg","contentUrl":"https:\/\/radiolifefm.com.br\/noticias\/wp-content\/uploads\/2021\/06\/referendum1jpg162474297960d79c43ca8a4.jpg","width":600,"height":337,"caption":"Atual mandato da reitoria termina na pr\u00f3xima quarta-feira e cen\u00e1rio ainda \u00e9 incerto."},{"@type":"BreadcrumbList","@id":"https:\/\/radiolifefm.com.br\/noticias\/ao-resistir-a-decisao-que-nao-referendou-reitores-prefeito-se-poe-contra-lei-criada-por-ele-em-2017\/#breadcrumb","itemListElement":[{"@type":"ListItem","position":1,"name":"In\u00edcio","item":"https:\/\/radiolifefm.com.br\/noticias\/"},{"@type":"ListItem","position":2,"name":"Ao resistir \u00e0 decis\u00e3o que n\u00e3o referendou reitores, prefeito se p\u00f5e contra lei criada por ele em 2017"}]},{"@type":"WebSite","@id":"https:\/\/radiolifefm.com.br\/noticias\/#website","url":"https:\/\/radiolifefm.com.br\/noticias\/","name":"R\u00e1dio Life FM","description":"O Portal de Not\u00edcias de Adamantina","publisher":{"@id":"https:\/\/radiolifefm.com.br\/noticias\/#organization"},"alternateName":"Life FM","potentialAction":[{"@type":"SearchAction","target":{"@type":"EntryPoint","urlTemplate":"https:\/\/radiolifefm.com.br\/noticias\/?s={search_term_string}"},"query-input":{"@type":"PropertyValueSpecification","valueRequired":true,"valueName":"search_term_string"}}],"inLanguage":"pt-BR"},{"@type":"Organization","@id":"https:\/\/radiolifefm.com.br\/noticias\/#organization","name":"R\u00e1dio Life FM","alternateName":"Life FM","url":"https:\/\/radiolifefm.com.br\/noticias\/","logo":{"@type":"ImageObject","inLanguage":"pt-BR","@id":"https:\/\/radiolifefm.com.br\/noticias\/#\/schema\/logo\/image\/","url":"https:\/\/static.radiolifefm.com.br\/noticias\/wp-content\/uploads\/2019\/10\/logo-lifefm.png","contentUrl":"https:\/\/static.radiolifefm.com.br\/noticias\/wp-content\/uploads\/2019\/10\/logo-lifefm.png","width":196,"height":47,"caption":"R\u00e1dio Life FM"},"image":{"@id":"https:\/\/radiolifefm.com.br\/noticias\/#\/schema\/logo\/image\/"},"sameAs":["https:\/\/www.facebook.com\/radiolifefm\/","https:\/\/www.instagram.com\/life1079fm\/"]},{"@type":"Person","@id":"https:\/\/radiolifefm.com.br\/noticias\/#\/schema\/person\/6339b9fac59d12b071dec680d7375d87","name":"ritanery","image":{"@type":"ImageObject","inLanguage":"pt-BR","@id":"https:\/\/secure.gravatar.com\/avatar\/0e37bb19071f47c0b8a23f62a903df117c5a0e75f65a0c2901562f97cd41cf86?s=96&d=mm&r=g","url":"https:\/\/secure.gravatar.com\/avatar\/0e37bb19071f47c0b8a23f62a903df117c5a0e75f65a0c2901562f97cd41cf86?s=96&d=mm&r=g","contentUrl":"https:\/\/secure.gravatar.com\/avatar\/0e37bb19071f47c0b8a23f62a903df117c5a0e75f65a0c2901562f97cd41cf86?s=96&d=mm&r=g","caption":"ritanery"}}]}},"amp_enabled":true,"_links":{"self":[{"href":"https:\/\/radiolifefm.com.br\/noticias\/wp-json\/wp\/v2\/posts\/40139","targetHints":{"allow":["GET"]}}],"collection":[{"href":"https:\/\/radiolifefm.com.br\/noticias\/wp-json\/wp\/v2\/posts"}],"about":[{"href":"https:\/\/radiolifefm.com.br\/noticias\/wp-json\/wp\/v2\/types\/post"}],"author":[{"embeddable":true,"href":"https:\/\/radiolifefm.com.br\/noticias\/wp-json\/wp\/v2\/users\/13"}],"replies":[{"embeddable":true,"href":"https:\/\/radiolifefm.com.br\/noticias\/wp-json\/wp\/v2\/comments?post=40139"}],"version-history":[{"count":2,"href":"https:\/\/radiolifefm.com.br\/noticias\/wp-json\/wp\/v2\/posts\/40139\/revisions"}],"predecessor-version":[{"id":40144,"href":"https:\/\/radiolifefm.com.br\/noticias\/wp-json\/wp\/v2\/posts\/40139\/revisions\/40144"}],"wp:featuredmedia":[{"embeddable":true,"href":"https:\/\/radiolifefm.com.br\/noticias\/wp-json\/wp\/v2\/media\/40140"}],"wp:attachment":[{"href":"https:\/\/radiolifefm.com.br\/noticias\/wp-json\/wp\/v2\/media?parent=40139"}],"wp:term":[{"taxonomy":"category","embeddable":true,"href":"https:\/\/radiolifefm.com.br\/noticias\/wp-json\/wp\/v2\/categories?post=40139"},{"taxonomy":"post_tag","embeddable":true,"href":"https:\/\/radiolifefm.com.br\/noticias\/wp-json\/wp\/v2\/tags?post=40139"}],"curies":[{"name":"wp","href":"https:\/\/api.w.org\/{rel}","templated":true}]}}