{"id":40126,"date":"2021-06-26T08:58:44","date_gmt":"2021-06-26T11:58:44","guid":{"rendered":"https:\/\/radiolifefm.com.br\/noticias\/?p=40126"},"modified":"2026-04-19T02:30:10","modified_gmt":"2026-04-19T05:30:10","slug":"instalado-canteiro-de-obras-para-ampliacao-do-pronto-socorro-de-adamantina","status":"publish","type":"post","link":"https:\/\/radiolifefm.com.br\/noticias\/instalado-canteiro-de-obras-para-ampliacao-do-pronto-socorro-de-adamantina\/","title":{"rendered":"Instalado canteiro de obras para amplia\u00e7\u00e3o do pronto-socorro de Adamantina"},"content":{"rendered":"<div id=\"fb-root\"><\/div>\n<p>Depois da\u00a0<a href=\"https:\/\/www.sigamais.com\/noticias\/saude\/solenidade-de-bencao-marca-inicio-das-obras-de-ampliacao-do-prontosocorro-da-santa-casa\/\"><strong>b\u00ean\u00e7\u00e3o para in\u00edcio das obras<\/strong><\/a>\u00a0de amplia\u00e7\u00e3o do pronto-socorro (PS) da Santa Casa de Adamantina, no dia 14 de junho, a estrutura j\u00e1 come\u00e7ou a sofrer interven\u00e7\u00f5es por homens e m\u00e1quinas, que instalaram o canteiro de obras do novo espa\u00e7o.<\/p>\n<p>&nbsp;<\/p>\n<p>As obras de amplia\u00e7\u00e3o s\u00e3o executadas com recursos do Centro Universit\u00e1rio de Adamantina (UniFAI), no valor de R$ 1.335.162,73, j\u00e1 que a estrutura ser\u00e1 usada como campo de est\u00e1gio e internato aos alunos da institui\u00e7\u00e3o, dos cursos da \u00e1rea de sa\u00fade.<\/p>\n<p>&nbsp;<\/p>\n<p>Esses investimentos foram autorizados pela Lei Municipal N\u00ba 4.029, de 1 de mar\u00e7o de 2021.<\/p>\n<p>&nbsp;<\/p>\n<p>A atual \u00e1rea do PS tamb\u00e9m vai ser reformada, por\u00e9m, por meio de uma emenda parlamentar do deputado federal Enrico Misasi (PV), no valor de R$ 800 mil, anunciada \u00e0 institui\u00e7\u00e3o hospitalar em 2019\u00a0<strong><a href=\"https:\/\/www.sigamais.com\/noticias\/saude\/deputado-enrico-misasi-pv-anuncia-r-800-mil-para-reforma-do-pronto-socorro-da-santa-casa\/\">(relembre)<\/a><\/strong>.<\/p>\n<p>&nbsp;<\/p>\n<p>Segundo o frei Mateus Alves, gestor da Santa Casa, atualmente o PS conta com 451,26 m2 de \u00e1rea constru\u00edda. A amplia\u00e7\u00e3o contempla uma \u00e1rea de 547 m2. Ap\u00f3s a execu\u00e7\u00e3o de todas as obras de reforma e amplia\u00e7\u00f5es previstas, o pronto socorro passar\u00e1 a contar com aproximadamente 1.152 m2 de \u00e1rea total constru\u00edda. Ele detalha que o novo espa\u00e7o de amplia\u00e7\u00e3o abrigar\u00e1 seis consult\u00f3rios, sala de medica\u00e7\u00e3o, sala de coleta de exames, recep\u00e7\u00e3o, triagem, sala de assist\u00eancia social, sala de inala\u00e7\u00e3o e banheiros.<\/p>\n<p><img loading=\"lazy\" decoding=\"async\" class=\"alignnone size-full wp-image-40127\" src=\"https:\/\/static.radiolifefm.com.br\/wp-content\/uploads\/sites\/2\/2021\/06\/pspng1613426549602aef757dd55png162368656060c77da0d39fdpng162463343760d5f05dda43f.jpg\" alt=\"\" width=\"981\" height=\"492\" srcset=\"https:\/\/radiolifefm.com.br\/noticias\/wp-content\/uploads\/2021\/06\/pspng1613426549602aef757dd55png162368656060c77da0d39fdpng162463343760d5f05dda43f.jpg 981w, https:\/\/radiolifefm.com.br\/noticias\/wp-content\/uploads\/2021\/06\/pspng1613426549602aef757dd55png162368656060c77da0d39fdpng162463343760d5f05dda43f-300x150.jpg 300w, https:\/\/radiolifefm.com.br\/noticias\/wp-content\/uploads\/2021\/06\/pspng1613426549602aef757dd55png162368656060c77da0d39fdpng162463343760d5f05dda43f-768x385.jpg 768w\" sizes=\"auto, (max-width: 981px) 100vw, 981px\" \/><\/p>\n<p>Ao final, a nova \u00e1rea ampliada pela UniFAI, integrada \u00e0 \u00e1rea a ser reformada com recursos federais, vai permitir oferecer uma nova estrutura de atendimento e servi\u00e7os no PS.<\/p>\n<p><strong>PS faz 4,5 mil atendimentos por m\u00eas<\/strong><\/p>\n<p>Frei Mateus explica que o PS \u00e9 uma das portas de entrada dos pacientes na Santa Casa, onde s\u00e3o atendidos casos de urg\u00eancia e emerg\u00eancia de pacientes com risco eminente de vida. \u201cDessa forma, a amplia\u00e7\u00e3o e regulariza\u00e7\u00e3o do espa\u00e7o conforme as normas t\u00e9cnicas vigentes ir\u00e3o proporcionar melhor efici\u00eancia e qualidade no atendimento aos usu\u00e1rios\u201d, diz.\u00a0\u00a0\u201cIsso s\u00f3 foi poss\u00edvel gra\u00e7as \u00e0s parcerias que se desenharam ao longo desses anos entre A Santa Casa de Adamantina, Prefeitura Municipal, C\u00e2mara dos Vereadores, UniFAI e a Comunidade, cada um, \u00e0 sua maneira, n\u00e3o mediu esfor\u00e7os para que este projeto sa\u00edsse do papel e se concretizasse\u201d, comemora.<\/p>\n<p>&nbsp;<\/p>\n<p>Em m\u00e9dia, o PS realiza cerca de 4,5 mil atendimentos por m\u00eas. A unidade de pronto atendimento \u00e9 refer\u00eancia em atendimento de urg\u00eancia e emerg\u00eancia para 10 munic\u00edpios da Nova Alta Paulista, compreendendo aproximadamente 150 mil habitantes.<\/p>\n<p>&nbsp;<\/p>\n<p><strong>Obras de amplia\u00e7\u00e3o foram pactuadas em TAC<\/strong><\/p>\n<p>A amplia\u00e7\u00e3o do PS por parte da institui\u00e7\u00e3o de ensino foi objeto de Termo de Ajustamento de Conduta (TAC) assumido nos autos da A\u00e7\u00e3o Civil P\u00fablica n\u00ba 1002842- 28.2016.8.26.0081 com o Minist\u00e9rio P\u00fablico do Estado de S\u00e3o Paulo e demais compromiss\u00e1rios que figuram no processo.<\/p>\n<p>&nbsp;<\/p>\n<p>Quando da tramita\u00e7\u00e3o do Projeto de Lei na C\u00e2mara Municipal, a mensagem que acompanhou a pauta legislativa justificou o investimento. \u201c\u00c9 not\u00f3rio que o Centro Universit\u00e1rio de Adamantina &#8211; UNIFAI necessita de local adequado para a oferta do internado aos alunos do Curso de Medicina e que as reformas e adequa\u00e7\u00f5es constantes dos projetos de engenharia foram planejadas para viabilizar grande parte das atividades disciplinares previstas no projeto pedag\u00f3gico do Curso de Medicina, notadamente no que diz respeito \u00e0 migra\u00e7\u00e3o de 100% do internato para o Munic\u00edpio de Adamantina, o que n\u00e3o est\u00e1 sendo poss\u00edvel em raz\u00e3o da falta de estrutura adequada. No mais, o repasse ser\u00e1 objeto de aditamento do Termo de Colabora\u00e7\u00e3o, celebrado em conformidade com a Lei Municipal n\u00ba 3.825, de 25 de maio de 2018\u201d, descreveu o documento.<\/p>\n<p>&nbsp;<\/p>\n<p><strong>Banco de Sangue atende em novo espa\u00e7o<\/strong><\/p>\n<p>Em raz\u00e3o das obras de amplia\u00e7\u00e3o em andamento, o Banco de Sangue da Santa Casa, que funcionava em uma \u00e1rea aos fundos do PS\u00a0<a href=\"https:\/\/www.sigamais.com\/noticias\/saude\/banco-de-sangue-da-santa-casa-atende-em-novo-espaco\/\"><strong>ganhou um novo espa\u00e7o<\/strong><\/a>, com acesso pela Avenida Rio Branco (portaria da antiga fisioterapia), proximidades da esquina com a Rua M\u00e1rio Olivero.<\/p>\n<p>&nbsp;<\/p>\n<p>A medida permitiu maior funcionalidade ao espa\u00e7o e uma localiza\u00e7\u00e3o mais pr\u00f3xima do centro cir\u00fargico, UTI e os leitos de interna\u00e7\u00e3o, al\u00e9m de proporcionar mais conforto aos doadores. As doa\u00e7\u00f5es de sangue j\u00e1 podem ser feitas no novo local, de segunda a sexta, das 7h15 \u00e0s 11h.<\/p>\n<p>Fonte: Siga Mais<\/p>\n","protected":false},"excerpt":{"rendered":"<p>Depois da\u00a0b\u00ean\u00e7\u00e3o para in\u00edcio das obras\u00a0de amplia\u00e7\u00e3o do pronto-socorro (PS) da Santa Casa de Adamantina, no dia 14 de junho, a estrutura j\u00e1 come\u00e7ou a sofrer interven\u00e7\u00f5es por homens e m\u00e1quinas, que instalaram o canteiro de obras do novo espa\u00e7o. &nbsp; As obras de amplia\u00e7\u00e3o s\u00e3o executadas com recursos do Centro Universit\u00e1rio de Adamantina (UniFAI), [&hellip;]<\/p>\n","protected":false},"author":13,"featured_media":40128,"comment_status":"closed","ping_status":"open","sticky":false,"template":"","format":"standard","meta":{"_acf_changed":false,"_exactmetrics_skip_tracking":false,"_exactmetrics_sitenote_active":false,"_exactmetrics_sitenote_note":"","_exactmetrics_sitenote_category":0,"footnotes":""},"categories":[21],"tags":[],"class_list":["post-40126","post","type-post","status-publish","format-standard","has-post-thumbnail","hentry","category-adamantina"],"acf":[],"yoast_head":"<!-- This site is optimized with the Yoast SEO plugin v27.2 - https:\/\/yoast.com\/product\/yoast-seo-wordpress\/ -->\n<title>Instalado canteiro de obras para amplia\u00e7\u00e3o do pronto-socorro de Adamantina - R\u00e1dio Life FM<\/title>\n<meta name=\"robots\" content=\"index, follow, max-snippet:-1, max-image-preview:large, max-video-preview:-1\" \/>\n<link rel=\"canonical\" href=\"https:\/\/radiolifefm.com.br\/noticias\/instalado-canteiro-de-obras-para-ampliacao-do-pronto-socorro-de-adamantina\/\" \/>\n<meta property=\"og:locale\" content=\"pt_BR\" \/>\n<meta property=\"og:type\" content=\"article\" \/>\n<meta property=\"og:title\" content=\"Instalado canteiro de obras para amplia\u00e7\u00e3o do pronto-socorro de Adamantina - R\u00e1dio Life FM\" \/>\n<meta property=\"og:description\" content=\"Depois da\u00a0b\u00ean\u00e7\u00e3o para in\u00edcio das obras\u00a0de amplia\u00e7\u00e3o do pronto-socorro (PS) da Santa Casa de Adamantina, no dia 14 de junho, a estrutura j\u00e1 come\u00e7ou a sofrer interven\u00e7\u00f5es por homens e m\u00e1quinas, que instalaram o canteiro de obras do novo espa\u00e7o. &nbsp; As obras de amplia\u00e7\u00e3o s\u00e3o executadas com recursos do Centro Universit\u00e1rio de Adamantina (UniFAI), [&hellip;]\" \/>\n<meta property=\"og:url\" content=\"https:\/\/radiolifefm.com.br\/noticias\/instalado-canteiro-de-obras-para-ampliacao-do-pronto-socorro-de-adamantina\/\" \/>\n<meta property=\"og:site_name\" content=\"R\u00e1dio Life FM\" \/>\n<meta property=\"article:publisher\" content=\"https:\/\/www.facebook.com\/radiolifefm\/\" \/>\n<meta property=\"article:published_time\" content=\"2021-06-26T11:58:44+00:00\" \/>\n<meta property=\"article:modified_time\" content=\"2026-04-19T05:30:10+00:00\" \/>\n<meta property=\"og:image\" content=\"https:\/\/radiolifefm.com.br\/noticias\/wp-content\/uploads\/2021\/06\/pronto-socorro-santa-casa-obras-junho-2021jpg162463375260d5f1989688e.jpg\" \/>\n\t<meta property=\"og:image:width\" content=\"600\" \/>\n\t<meta property=\"og:image:height\" content=\"337\" \/>\n\t<meta property=\"og:image:type\" content=\"image\/jpeg\" \/>\n<meta name=\"author\" content=\"ritanery\" \/>\n<meta name=\"twitter:card\" content=\"summary_large_image\" \/>\n<meta name=\"twitter:label1\" content=\"Escrito por\" \/>\n\t<meta name=\"twitter:data1\" content=\"ritanery\" \/>\n\t<meta name=\"twitter:label2\" content=\"Est. tempo de leitura\" \/>\n\t<meta name=\"twitter:data2\" content=\"4 minutos\" \/>\n<script type=\"application\/ld+json\" class=\"yoast-schema-graph\">{\"@context\":\"https:\/\/schema.org\",\"@graph\":[{\"@type\":\"Article\",\"@id\":\"https:\/\/radiolifefm.com.br\/noticias\/instalado-canteiro-de-obras-para-ampliacao-do-pronto-socorro-de-adamantina\/#article\",\"isPartOf\":{\"@id\":\"https:\/\/radiolifefm.com.br\/noticias\/instalado-canteiro-de-obras-para-ampliacao-do-pronto-socorro-de-adamantina\/\"},\"author\":{\"name\":\"ritanery\",\"@id\":\"https:\/\/radiolifefm.com.br\/noticias\/#\/schema\/person\/6339b9fac59d12b071dec680d7375d87\"},\"headline\":\"Instalado canteiro de obras para amplia\u00e7\u00e3o do pronto-socorro de Adamantina\",\"datePublished\":\"2021-06-26T11:58:44+00:00\",\"dateModified\":\"2026-04-19T05:30:10+00:00\",\"mainEntityOfPage\":{\"@id\":\"https:\/\/radiolifefm.com.br\/noticias\/instalado-canteiro-de-obras-para-ampliacao-do-pronto-socorro-de-adamantina\/\"},\"wordCount\":762,\"publisher\":{\"@id\":\"https:\/\/radiolifefm.com.br\/noticias\/#organization\"},\"image\":{\"@id\":\"https:\/\/radiolifefm.com.br\/noticias\/instalado-canteiro-de-obras-para-ampliacao-do-pronto-socorro-de-adamantina\/#primaryimage\"},\"thumbnailUrl\":\"https:\/\/radiolifefm.com.br\/noticias\/wp-content\/uploads\/2021\/06\/pronto-socorro-santa-casa-obras-junho-2021jpg162463375260d5f1989688e.jpg\",\"articleSection\":[\"Adamantina\"],\"inLanguage\":\"pt-BR\"},{\"@type\":\"WebPage\",\"@id\":\"https:\/\/radiolifefm.com.br\/noticias\/instalado-canteiro-de-obras-para-ampliacao-do-pronto-socorro-de-adamantina\/\",\"url\":\"https:\/\/radiolifefm.com.br\/noticias\/instalado-canteiro-de-obras-para-ampliacao-do-pronto-socorro-de-adamantina\/\",\"name\":\"Instalado canteiro de obras para amplia\u00e7\u00e3o do pronto-socorro de Adamantina - R\u00e1dio Life FM\",\"isPartOf\":{\"@id\":\"https:\/\/radiolifefm.com.br\/noticias\/#website\"},\"primaryImageOfPage\":{\"@id\":\"https:\/\/radiolifefm.com.br\/noticias\/instalado-canteiro-de-obras-para-ampliacao-do-pronto-socorro-de-adamantina\/#primaryimage\"},\"image\":{\"@id\":\"https:\/\/radiolifefm.com.br\/noticias\/instalado-canteiro-de-obras-para-ampliacao-do-pronto-socorro-de-adamantina\/#primaryimage\"},\"thumbnailUrl\":\"https:\/\/radiolifefm.com.br\/noticias\/wp-content\/uploads\/2021\/06\/pronto-socorro-santa-casa-obras-junho-2021jpg162463375260d5f1989688e.jpg\",\"datePublished\":\"2021-06-26T11:58:44+00:00\",\"dateModified\":\"2026-04-19T05:30:10+00:00\",\"breadcrumb\":{\"@id\":\"https:\/\/radiolifefm.com.br\/noticias\/instalado-canteiro-de-obras-para-ampliacao-do-pronto-socorro-de-adamantina\/#breadcrumb\"},\"inLanguage\":\"pt-BR\",\"potentialAction\":[{\"@type\":\"ReadAction\",\"target\":[\"https:\/\/radiolifefm.com.br\/noticias\/instalado-canteiro-de-obras-para-ampliacao-do-pronto-socorro-de-adamantina\/\"]}]},{\"@type\":\"ImageObject\",\"inLanguage\":\"pt-BR\",\"@id\":\"https:\/\/radiolifefm.com.br\/noticias\/instalado-canteiro-de-obras-para-ampliacao-do-pronto-socorro-de-adamantina\/#primaryimage\",\"url\":\"https:\/\/radiolifefm.com.br\/noticias\/wp-content\/uploads\/2021\/06\/pronto-socorro-santa-casa-obras-junho-2021jpg162463375260d5f1989688e.jpg\",\"contentUrl\":\"https:\/\/radiolifefm.com.br\/noticias\/wp-content\/uploads\/2021\/06\/pronto-socorro-santa-casa-obras-junho-2021jpg162463375260d5f1989688e.jpg\",\"width\":600,\"height\":337,\"caption\":\"Obras de amplia\u00e7\u00e3o do pronto-socorro s\u00e3o executadas a partir de conv\u00eanio com a UniFAI.\"},{\"@type\":\"BreadcrumbList\",\"@id\":\"https:\/\/radiolifefm.com.br\/noticias\/instalado-canteiro-de-obras-para-ampliacao-do-pronto-socorro-de-adamantina\/#breadcrumb\",\"itemListElement\":[{\"@type\":\"ListItem\",\"position\":1,\"name\":\"In\u00edcio\",\"item\":\"https:\/\/radiolifefm.com.br\/noticias\/\"},{\"@type\":\"ListItem\",\"position\":2,\"name\":\"Instalado canteiro de obras para amplia\u00e7\u00e3o do pronto-socorro de Adamantina\"}]},{\"@type\":\"WebSite\",\"@id\":\"https:\/\/radiolifefm.com.br\/noticias\/#website\",\"url\":\"https:\/\/radiolifefm.com.br\/noticias\/\",\"name\":\"R\u00e1dio Life FM\",\"description\":\"O Portal de Not\u00edcias de Adamantina\",\"publisher\":{\"@id\":\"https:\/\/radiolifefm.com.br\/noticias\/#organization\"},\"alternateName\":\"Life FM\",\"potentialAction\":[{\"@type\":\"SearchAction\",\"target\":{\"@type\":\"EntryPoint\",\"urlTemplate\":\"https:\/\/radiolifefm.com.br\/noticias\/?s={search_term_string}\"},\"query-input\":{\"@type\":\"PropertyValueSpecification\",\"valueRequired\":true,\"valueName\":\"search_term_string\"}}],\"inLanguage\":\"pt-BR\"},{\"@type\":\"Organization\",\"@id\":\"https:\/\/radiolifefm.com.br\/noticias\/#organization\",\"name\":\"R\u00e1dio Life FM\",\"alternateName\":\"Life FM\",\"url\":\"https:\/\/radiolifefm.com.br\/noticias\/\",\"logo\":{\"@type\":\"ImageObject\",\"inLanguage\":\"pt-BR\",\"@id\":\"https:\/\/radiolifefm.com.br\/noticias\/#\/schema\/logo\/image\/\",\"url\":\"https:\/\/static.radiolifefm.com.br\/noticias\/wp-content\/uploads\/2019\/10\/logo-lifefm.png\",\"contentUrl\":\"https:\/\/static.radiolifefm.com.br\/noticias\/wp-content\/uploads\/2019\/10\/logo-lifefm.png\",\"width\":196,\"height\":47,\"caption\":\"R\u00e1dio Life FM\"},\"image\":{\"@id\":\"https:\/\/radiolifefm.com.br\/noticias\/#\/schema\/logo\/image\/\"},\"sameAs\":[\"https:\/\/www.facebook.com\/radiolifefm\/\",\"https:\/\/www.instagram.com\/life1079fm\/\"]},{\"@type\":\"Person\",\"@id\":\"https:\/\/radiolifefm.com.br\/noticias\/#\/schema\/person\/6339b9fac59d12b071dec680d7375d87\",\"name\":\"ritanery\",\"image\":{\"@type\":\"ImageObject\",\"inLanguage\":\"pt-BR\",\"@id\":\"https:\/\/secure.gravatar.com\/avatar\/0e37bb19071f47c0b8a23f62a903df117c5a0e75f65a0c2901562f97cd41cf86?s=96&d=mm&r=g\",\"url\":\"https:\/\/secure.gravatar.com\/avatar\/0e37bb19071f47c0b8a23f62a903df117c5a0e75f65a0c2901562f97cd41cf86?s=96&d=mm&r=g\",\"contentUrl\":\"https:\/\/secure.gravatar.com\/avatar\/0e37bb19071f47c0b8a23f62a903df117c5a0e75f65a0c2901562f97cd41cf86?s=96&d=mm&r=g\",\"caption\":\"ritanery\"}}]}<\/script>\n<!-- \/ Yoast SEO plugin. -->","yoast_head_json":{"title":"Instalado canteiro de obras para amplia\u00e7\u00e3o do pronto-socorro de Adamantina - R\u00e1dio Life FM","robots":{"index":"index","follow":"follow","max-snippet":"max-snippet:-1","max-image-preview":"max-image-preview:large","max-video-preview":"max-video-preview:-1"},"canonical":"https:\/\/radiolifefm.com.br\/noticias\/instalado-canteiro-de-obras-para-ampliacao-do-pronto-socorro-de-adamantina\/","og_locale":"pt_BR","og_type":"article","og_title":"Instalado canteiro de obras para amplia\u00e7\u00e3o do pronto-socorro de Adamantina - R\u00e1dio Life FM","og_description":"Depois da\u00a0b\u00ean\u00e7\u00e3o para in\u00edcio das obras\u00a0de amplia\u00e7\u00e3o do pronto-socorro (PS) da Santa Casa de Adamantina, no dia 14 de junho, a estrutura j\u00e1 come\u00e7ou a sofrer interven\u00e7\u00f5es por homens e m\u00e1quinas, que instalaram o canteiro de obras do novo espa\u00e7o. &nbsp; As obras de amplia\u00e7\u00e3o s\u00e3o executadas com recursos do Centro Universit\u00e1rio de Adamantina (UniFAI), [&hellip;]","og_url":"https:\/\/radiolifefm.com.br\/noticias\/instalado-canteiro-de-obras-para-ampliacao-do-pronto-socorro-de-adamantina\/","og_site_name":"R\u00e1dio Life FM","article_publisher":"https:\/\/www.facebook.com\/radiolifefm\/","article_published_time":"2021-06-26T11:58:44+00:00","article_modified_time":"2026-04-19T05:30:10+00:00","og_image":[{"width":600,"height":337,"url":"https:\/\/radiolifefm.com.br\/noticias\/wp-content\/uploads\/2021\/06\/pronto-socorro-santa-casa-obras-junho-2021jpg162463375260d5f1989688e.jpg","type":"image\/jpeg"}],"author":"ritanery","twitter_card":"summary_large_image","twitter_misc":{"Escrito por":"ritanery","Est. tempo de leitura":"4 minutos"},"schema":{"@context":"https:\/\/schema.org","@graph":[{"@type":"Article","@id":"https:\/\/radiolifefm.com.br\/noticias\/instalado-canteiro-de-obras-para-ampliacao-do-pronto-socorro-de-adamantina\/#article","isPartOf":{"@id":"https:\/\/radiolifefm.com.br\/noticias\/instalado-canteiro-de-obras-para-ampliacao-do-pronto-socorro-de-adamantina\/"},"author":{"name":"ritanery","@id":"https:\/\/radiolifefm.com.br\/noticias\/#\/schema\/person\/6339b9fac59d12b071dec680d7375d87"},"headline":"Instalado canteiro de obras para amplia\u00e7\u00e3o do pronto-socorro de Adamantina","datePublished":"2021-06-26T11:58:44+00:00","dateModified":"2026-04-19T05:30:10+00:00","mainEntityOfPage":{"@id":"https:\/\/radiolifefm.com.br\/noticias\/instalado-canteiro-de-obras-para-ampliacao-do-pronto-socorro-de-adamantina\/"},"wordCount":762,"publisher":{"@id":"https:\/\/radiolifefm.com.br\/noticias\/#organization"},"image":{"@id":"https:\/\/radiolifefm.com.br\/noticias\/instalado-canteiro-de-obras-para-ampliacao-do-pronto-socorro-de-adamantina\/#primaryimage"},"thumbnailUrl":"https:\/\/radiolifefm.com.br\/noticias\/wp-content\/uploads\/2021\/06\/pronto-socorro-santa-casa-obras-junho-2021jpg162463375260d5f1989688e.jpg","articleSection":["Adamantina"],"inLanguage":"pt-BR"},{"@type":"WebPage","@id":"https:\/\/radiolifefm.com.br\/noticias\/instalado-canteiro-de-obras-para-ampliacao-do-pronto-socorro-de-adamantina\/","url":"https:\/\/radiolifefm.com.br\/noticias\/instalado-canteiro-de-obras-para-ampliacao-do-pronto-socorro-de-adamantina\/","name":"Instalado canteiro de obras para amplia\u00e7\u00e3o do pronto-socorro de Adamantina - R\u00e1dio Life FM","isPartOf":{"@id":"https:\/\/radiolifefm.com.br\/noticias\/#website"},"primaryImageOfPage":{"@id":"https:\/\/radiolifefm.com.br\/noticias\/instalado-canteiro-de-obras-para-ampliacao-do-pronto-socorro-de-adamantina\/#primaryimage"},"image":{"@id":"https:\/\/radiolifefm.com.br\/noticias\/instalado-canteiro-de-obras-para-ampliacao-do-pronto-socorro-de-adamantina\/#primaryimage"},"thumbnailUrl":"https:\/\/radiolifefm.com.br\/noticias\/wp-content\/uploads\/2021\/06\/pronto-socorro-santa-casa-obras-junho-2021jpg162463375260d5f1989688e.jpg","datePublished":"2021-06-26T11:58:44+00:00","dateModified":"2026-04-19T05:30:10+00:00","breadcrumb":{"@id":"https:\/\/radiolifefm.com.br\/noticias\/instalado-canteiro-de-obras-para-ampliacao-do-pronto-socorro-de-adamantina\/#breadcrumb"},"inLanguage":"pt-BR","potentialAction":[{"@type":"ReadAction","target":["https:\/\/radiolifefm.com.br\/noticias\/instalado-canteiro-de-obras-para-ampliacao-do-pronto-socorro-de-adamantina\/"]}]},{"@type":"ImageObject","inLanguage":"pt-BR","@id":"https:\/\/radiolifefm.com.br\/noticias\/instalado-canteiro-de-obras-para-ampliacao-do-pronto-socorro-de-adamantina\/#primaryimage","url":"https:\/\/radiolifefm.com.br\/noticias\/wp-content\/uploads\/2021\/06\/pronto-socorro-santa-casa-obras-junho-2021jpg162463375260d5f1989688e.jpg","contentUrl":"https:\/\/radiolifefm.com.br\/noticias\/wp-content\/uploads\/2021\/06\/pronto-socorro-santa-casa-obras-junho-2021jpg162463375260d5f1989688e.jpg","width":600,"height":337,"caption":"Obras de amplia\u00e7\u00e3o do pronto-socorro s\u00e3o executadas a partir de conv\u00eanio com a UniFAI."},{"@type":"BreadcrumbList","@id":"https:\/\/radiolifefm.com.br\/noticias\/instalado-canteiro-de-obras-para-ampliacao-do-pronto-socorro-de-adamantina\/#breadcrumb","itemListElement":[{"@type":"ListItem","position":1,"name":"In\u00edcio","item":"https:\/\/radiolifefm.com.br\/noticias\/"},{"@type":"ListItem","position":2,"name":"Instalado canteiro de obras para amplia\u00e7\u00e3o do pronto-socorro de Adamantina"}]},{"@type":"WebSite","@id":"https:\/\/radiolifefm.com.br\/noticias\/#website","url":"https:\/\/radiolifefm.com.br\/noticias\/","name":"R\u00e1dio Life FM","description":"O Portal de Not\u00edcias de Adamantina","publisher":{"@id":"https:\/\/radiolifefm.com.br\/noticias\/#organization"},"alternateName":"Life FM","potentialAction":[{"@type":"SearchAction","target":{"@type":"EntryPoint","urlTemplate":"https:\/\/radiolifefm.com.br\/noticias\/?s={search_term_string}"},"query-input":{"@type":"PropertyValueSpecification","valueRequired":true,"valueName":"search_term_string"}}],"inLanguage":"pt-BR"},{"@type":"Organization","@id":"https:\/\/radiolifefm.com.br\/noticias\/#organization","name":"R\u00e1dio Life FM","alternateName":"Life FM","url":"https:\/\/radiolifefm.com.br\/noticias\/","logo":{"@type":"ImageObject","inLanguage":"pt-BR","@id":"https:\/\/radiolifefm.com.br\/noticias\/#\/schema\/logo\/image\/","url":"https:\/\/static.radiolifefm.com.br\/noticias\/wp-content\/uploads\/2019\/10\/logo-lifefm.png","contentUrl":"https:\/\/static.radiolifefm.com.br\/noticias\/wp-content\/uploads\/2019\/10\/logo-lifefm.png","width":196,"height":47,"caption":"R\u00e1dio Life FM"},"image":{"@id":"https:\/\/radiolifefm.com.br\/noticias\/#\/schema\/logo\/image\/"},"sameAs":["https:\/\/www.facebook.com\/radiolifefm\/","https:\/\/www.instagram.com\/life1079fm\/"]},{"@type":"Person","@id":"https:\/\/radiolifefm.com.br\/noticias\/#\/schema\/person\/6339b9fac59d12b071dec680d7375d87","name":"ritanery","image":{"@type":"ImageObject","inLanguage":"pt-BR","@id":"https:\/\/secure.gravatar.com\/avatar\/0e37bb19071f47c0b8a23f62a903df117c5a0e75f65a0c2901562f97cd41cf86?s=96&d=mm&r=g","url":"https:\/\/secure.gravatar.com\/avatar\/0e37bb19071f47c0b8a23f62a903df117c5a0e75f65a0c2901562f97cd41cf86?s=96&d=mm&r=g","contentUrl":"https:\/\/secure.gravatar.com\/avatar\/0e37bb19071f47c0b8a23f62a903df117c5a0e75f65a0c2901562f97cd41cf86?s=96&d=mm&r=g","caption":"ritanery"}}]}},"amp_enabled":true,"_links":{"self":[{"href":"https:\/\/radiolifefm.com.br\/noticias\/wp-json\/wp\/v2\/posts\/40126","targetHints":{"allow":["GET"]}}],"collection":[{"href":"https:\/\/radiolifefm.com.br\/noticias\/wp-json\/wp\/v2\/posts"}],"about":[{"href":"https:\/\/radiolifefm.com.br\/noticias\/wp-json\/wp\/v2\/types\/post"}],"author":[{"embeddable":true,"href":"https:\/\/radiolifefm.com.br\/noticias\/wp-json\/wp\/v2\/users\/13"}],"replies":[{"embeddable":true,"href":"https:\/\/radiolifefm.com.br\/noticias\/wp-json\/wp\/v2\/comments?post=40126"}],"version-history":[{"count":2,"href":"https:\/\/radiolifefm.com.br\/noticias\/wp-json\/wp\/v2\/posts\/40126\/revisions"}],"predecessor-version":[{"id":40130,"href":"https:\/\/radiolifefm.com.br\/noticias\/wp-json\/wp\/v2\/posts\/40126\/revisions\/40130"}],"wp:featuredmedia":[{"embeddable":true,"href":"https:\/\/radiolifefm.com.br\/noticias\/wp-json\/wp\/v2\/media\/40128"}],"wp:attachment":[{"href":"https:\/\/radiolifefm.com.br\/noticias\/wp-json\/wp\/v2\/media?parent=40126"}],"wp:term":[{"taxonomy":"category","embeddable":true,"href":"https:\/\/radiolifefm.com.br\/noticias\/wp-json\/wp\/v2\/categories?post=40126"},{"taxonomy":"post_tag","embeddable":true,"href":"https:\/\/radiolifefm.com.br\/noticias\/wp-json\/wp\/v2\/tags?post=40126"}],"curies":[{"name":"wp","href":"https:\/\/api.w.org\/{rel}","templated":true}]}}