{"id":40100,"date":"2021-06-24T22:26:55","date_gmt":"2021-06-25T01:26:55","guid":{"rendered":"https:\/\/radiolifefm.com.br\/noticias\/?p=40100"},"modified":"2026-04-16T20:59:43","modified_gmt":"2026-04-16T23:59:43","slug":"adamantina-abre-iniciativa-da-drads-focada-em-melhorar-os-servicos-na-area-da-assistencia-social","status":"publish","type":"post","link":"https:\/\/radiolifefm.com.br\/noticias\/adamantina-abre-iniciativa-da-drads-focada-em-melhorar-os-servicos-na-area-da-assistencia-social\/","title":{"rendered":"Adamantina abre iniciativa da DRADS focada em melhorar os servi\u00e7os na \u00e1rea da assist\u00eancia social"},"content":{"rendered":"<div id=\"fb-root\"><\/div>\n<p>Com o objetivo de possibilitar a troca de experi\u00eancias, a aquisi\u00e7\u00e3o de conhecimento dos munic\u00edpios, o empoderamento bem como a melhoria e\/ou implementa\u00e7\u00e3o dos trabalhos j\u00e1 realizados pelas secretarias de assist\u00eancia social dos munic\u00edpios que integram a Diretoria Regional de Assist\u00eancia e Desenvolvimento (DRADS) da Alta Paulista, o \u00f3rg\u00e3o est\u00e1 realizando encontros tem\u00e1ticos com assuntos que foram escolhidos pelos gestores de cada um dos munic\u00edpios.<\/p>\n<p>&nbsp;<\/p>\n<p>O primeiro encontro tem\u00e1tico da regi\u00e3o tratou sobre a \u201cArticula\u00e7\u00e3o e Trabalho em Rede\u201d e contou com a participa\u00e7\u00e3o da secretaria de assist\u00eancia social de Adamantina, Andreia Regina Ribeiro.<\/p>\n<p>&nbsp;<\/p>\n<p>Em sua apresenta\u00e7\u00e3o, a gestora da pasta explicou que o trabalho em rede teve in\u00edcio em 2018 com as reuni\u00f5es da rede de prote\u00e7\u00e3o \u00e0 crian\u00e7a e ao adolescente.<\/p>\n<p>&nbsp;<\/p>\n<p>\u201cCome\u00e7amos a fazer um planejamento priorizando todas nossas a\u00e7\u00f5es atrav\u00e9s das organiza\u00e7\u00f5es dos servi\u00e7os, programas e projetos das unidades vinculadas a secretaria\u201d, relembra.<\/p>\n<p>&nbsp;<\/p>\n<p>Ainda conforme Andreia, para que tudo acontecesse foi necess\u00e1rio organizar os fluxos internos e externos de cada servi\u00e7o, conforme o segmento apresentado.<\/p>\n<p>&nbsp;<\/p>\n<p>Foi criado o fluxograma de atendimento da rede de prote\u00e7\u00e3o social de m\u00e9dia e alta complexidade para crian\u00e7as e adolescentes, o fluxograma do servi\u00e7o de fortalecimento de v\u00ednculos, vinculado ao CRAS, fluxograma de atendimento da b\u00e1sica, m\u00e9dia e alta complexidade dos adultos, idosos e seus familiares.<\/p>\n<p>&nbsp;<\/p>\n<p>\u201cO trabalho articulado em rede n\u00e3o \u00e9 f\u00e1cil, pois envolve tanto a rede direta que s\u00e3o as Unidades Governamentais como a Rede Indireta que s\u00e3o as Entidades e os conselhos de pol\u00edticas p\u00fablicas, por\u00e9m a partir do momento que ele come\u00e7a a ser executado, todos os envolvidos e aqueles que necessitam passam a ser beneficiados\u201d, assegura.<\/p>\n<p>&nbsp;<\/p>\n<p>A secret\u00e1ria afirma que \u00e9 fundamental exercitar a interdepend\u00eancia e reciprocidade. \u00a0\u201cSomente assim constru\u00edmos nossas a\u00e7\u00f5es de forma integrada atrav\u00e9s de protocolos criados e formalizados\u201d, finaliza.<\/p>\n<div class='flex flex-wrap items-center -mx-1'>\r\n<a class='thumbnail gallery p-1 w-1\/2 md:w-1\/4' href='https:\/\/radiolifefm.com.br\/noticias\/wp-content\/uploads\/2021\/06\/Foto-2-1.jpeg'><img class='border border-white' src='https:\/\/radiolifefm.com.br\/noticias\/wp-content\/uploads\/2021\/06\/Foto-2-1-200x200.jpeg' alt='Foto 2' \/><\/a><\/div>\n<p>Fonte: Assessoria de Imprensa<\/p>\n","protected":false},"excerpt":{"rendered":"<p>Com o objetivo de possibilitar a troca de experi\u00eancias, a aquisi\u00e7\u00e3o de conhecimento dos munic\u00edpios, o empoderamento bem como a melhoria e\/ou implementa\u00e7\u00e3o dos trabalhos j\u00e1 realizados pelas secretarias de assist\u00eancia social dos munic\u00edpios que integram a Diretoria Regional de Assist\u00eancia e Desenvolvimento (DRADS) da Alta Paulista, o \u00f3rg\u00e3o est\u00e1 realizando encontros tem\u00e1ticos com assuntos [&hellip;]<\/p>\n","protected":false},"author":13,"featured_media":40101,"comment_status":"closed","ping_status":"open","sticky":false,"template":"","format":"standard","meta":{"_acf_changed":false,"_exactmetrics_skip_tracking":false,"_exactmetrics_sitenote_active":false,"_exactmetrics_sitenote_note":"","_exactmetrics_sitenote_category":0,"footnotes":""},"categories":[21],"tags":[],"class_list":["post-40100","post","type-post","status-publish","format-standard","has-post-thumbnail","hentry","category-adamantina"],"acf":[],"yoast_head":"<!-- This site is optimized with the Yoast SEO plugin v27.2 - https:\/\/yoast.com\/product\/yoast-seo-wordpress\/ -->\n<title>Adamantina abre iniciativa da DRADS focada em melhorar os servi\u00e7os na \u00e1rea da assist\u00eancia social - R\u00e1dio Life FM<\/title>\n<meta name=\"robots\" content=\"index, follow, max-snippet:-1, max-image-preview:large, max-video-preview:-1\" \/>\n<link rel=\"canonical\" href=\"https:\/\/radiolifefm.com.br\/noticias\/adamantina-abre-iniciativa-da-drads-focada-em-melhorar-os-servicos-na-area-da-assistencia-social\/\" \/>\n<meta property=\"og:locale\" content=\"pt_BR\" \/>\n<meta property=\"og:type\" content=\"article\" \/>\n<meta property=\"og:title\" content=\"Adamantina abre iniciativa da DRADS focada em melhorar os servi\u00e7os na \u00e1rea da assist\u00eancia social - R\u00e1dio Life FM\" \/>\n<meta property=\"og:description\" content=\"Com o objetivo de possibilitar a troca de experi\u00eancias, a aquisi\u00e7\u00e3o de conhecimento dos munic\u00edpios, o empoderamento bem como a melhoria e\/ou implementa\u00e7\u00e3o dos trabalhos j\u00e1 realizados pelas secretarias de assist\u00eancia social dos munic\u00edpios que integram a Diretoria Regional de Assist\u00eancia e Desenvolvimento (DRADS) da Alta Paulista, o \u00f3rg\u00e3o est\u00e1 realizando encontros tem\u00e1ticos com assuntos [&hellip;]\" \/>\n<meta property=\"og:url\" content=\"https:\/\/radiolifefm.com.br\/noticias\/adamantina-abre-iniciativa-da-drads-focada-em-melhorar-os-servicos-na-area-da-assistencia-social\/\" \/>\n<meta property=\"og:site_name\" content=\"R\u00e1dio Life FM\" \/>\n<meta property=\"article:publisher\" content=\"https:\/\/www.facebook.com\/radiolifefm\/\" \/>\n<meta property=\"article:published_time\" content=\"2021-06-25T01:26:55+00:00\" \/>\n<meta property=\"article:modified_time\" content=\"2026-04-16T23:59:43+00:00\" \/>\n<meta property=\"og:image\" content=\"https:\/\/radiolifefm.com.br\/noticias\/wp-content\/uploads\/2021\/06\/Foto-1-1.jpeg\" \/>\n\t<meta property=\"og:image:width\" content=\"1261\" \/>\n\t<meta property=\"og:image:height\" content=\"1280\" \/>\n\t<meta property=\"og:image:type\" content=\"image\/jpeg\" \/>\n<meta name=\"author\" content=\"ritanery\" \/>\n<meta name=\"twitter:card\" content=\"summary_large_image\" \/>\n<meta name=\"twitter:label1\" content=\"Escrito por\" \/>\n\t<meta name=\"twitter:data1\" content=\"ritanery\" \/>\n\t<meta name=\"twitter:label2\" content=\"Est. tempo de leitura\" \/>\n\t<meta name=\"twitter:data2\" content=\"2 minutos\" \/>\n<script type=\"application\/ld+json\" class=\"yoast-schema-graph\">{\"@context\":\"https:\/\/schema.org\",\"@graph\":[{\"@type\":\"Article\",\"@id\":\"https:\/\/radiolifefm.com.br\/noticias\/adamantina-abre-iniciativa-da-drads-focada-em-melhorar-os-servicos-na-area-da-assistencia-social\/#article\",\"isPartOf\":{\"@id\":\"https:\/\/radiolifefm.com.br\/noticias\/adamantina-abre-iniciativa-da-drads-focada-em-melhorar-os-servicos-na-area-da-assistencia-social\/\"},\"author\":{\"name\":\"ritanery\",\"@id\":\"https:\/\/radiolifefm.com.br\/noticias\/#\/schema\/person\/6339b9fac59d12b071dec680d7375d87\"},\"headline\":\"Adamantina abre iniciativa da DRADS focada em melhorar os servi\u00e7os na \u00e1rea da assist\u00eancia social\",\"datePublished\":\"2021-06-25T01:26:55+00:00\",\"dateModified\":\"2026-04-16T23:59:43+00:00\",\"mainEntityOfPage\":{\"@id\":\"https:\/\/radiolifefm.com.br\/noticias\/adamantina-abre-iniciativa-da-drads-focada-em-melhorar-os-servicos-na-area-da-assistencia-social\/\"},\"wordCount\":373,\"publisher\":{\"@id\":\"https:\/\/radiolifefm.com.br\/noticias\/#organization\"},\"image\":{\"@id\":\"https:\/\/radiolifefm.com.br\/noticias\/adamantina-abre-iniciativa-da-drads-focada-em-melhorar-os-servicos-na-area-da-assistencia-social\/#primaryimage\"},\"thumbnailUrl\":\"https:\/\/radiolifefm.com.br\/noticias\/wp-content\/uploads\/2021\/06\/Foto-1-1.jpeg\",\"articleSection\":[\"Adamantina\"],\"inLanguage\":\"pt-BR\"},{\"@type\":\"WebPage\",\"@id\":\"https:\/\/radiolifefm.com.br\/noticias\/adamantina-abre-iniciativa-da-drads-focada-em-melhorar-os-servicos-na-area-da-assistencia-social\/\",\"url\":\"https:\/\/radiolifefm.com.br\/noticias\/adamantina-abre-iniciativa-da-drads-focada-em-melhorar-os-servicos-na-area-da-assistencia-social\/\",\"name\":\"Adamantina abre iniciativa da DRADS focada em melhorar os servi\u00e7os na \u00e1rea da assist\u00eancia social - R\u00e1dio Life FM\",\"isPartOf\":{\"@id\":\"https:\/\/radiolifefm.com.br\/noticias\/#website\"},\"primaryImageOfPage\":{\"@id\":\"https:\/\/radiolifefm.com.br\/noticias\/adamantina-abre-iniciativa-da-drads-focada-em-melhorar-os-servicos-na-area-da-assistencia-social\/#primaryimage\"},\"image\":{\"@id\":\"https:\/\/radiolifefm.com.br\/noticias\/adamantina-abre-iniciativa-da-drads-focada-em-melhorar-os-servicos-na-area-da-assistencia-social\/#primaryimage\"},\"thumbnailUrl\":\"https:\/\/radiolifefm.com.br\/noticias\/wp-content\/uploads\/2021\/06\/Foto-1-1.jpeg\",\"datePublished\":\"2021-06-25T01:26:55+00:00\",\"dateModified\":\"2026-04-16T23:59:43+00:00\",\"breadcrumb\":{\"@id\":\"https:\/\/radiolifefm.com.br\/noticias\/adamantina-abre-iniciativa-da-drads-focada-em-melhorar-os-servicos-na-area-da-assistencia-social\/#breadcrumb\"},\"inLanguage\":\"pt-BR\",\"potentialAction\":[{\"@type\":\"ReadAction\",\"target\":[\"https:\/\/radiolifefm.com.br\/noticias\/adamantina-abre-iniciativa-da-drads-focada-em-melhorar-os-servicos-na-area-da-assistencia-social\/\"]}]},{\"@type\":\"ImageObject\",\"inLanguage\":\"pt-BR\",\"@id\":\"https:\/\/radiolifefm.com.br\/noticias\/adamantina-abre-iniciativa-da-drads-focada-em-melhorar-os-servicos-na-area-da-assistencia-social\/#primaryimage\",\"url\":\"https:\/\/radiolifefm.com.br\/noticias\/wp-content\/uploads\/2021\/06\/Foto-1-1.jpeg\",\"contentUrl\":\"https:\/\/radiolifefm.com.br\/noticias\/wp-content\/uploads\/2021\/06\/Foto-1-1.jpeg\",\"width\":1261,\"height\":1280},{\"@type\":\"BreadcrumbList\",\"@id\":\"https:\/\/radiolifefm.com.br\/noticias\/adamantina-abre-iniciativa-da-drads-focada-em-melhorar-os-servicos-na-area-da-assistencia-social\/#breadcrumb\",\"itemListElement\":[{\"@type\":\"ListItem\",\"position\":1,\"name\":\"In\u00edcio\",\"item\":\"https:\/\/radiolifefm.com.br\/noticias\/\"},{\"@type\":\"ListItem\",\"position\":2,\"name\":\"Adamantina abre iniciativa da DRADS focada em melhorar os servi\u00e7os na \u00e1rea da assist\u00eancia social\"}]},{\"@type\":\"WebSite\",\"@id\":\"https:\/\/radiolifefm.com.br\/noticias\/#website\",\"url\":\"https:\/\/radiolifefm.com.br\/noticias\/\",\"name\":\"R\u00e1dio Life FM\",\"description\":\"O Portal de Not\u00edcias de Adamantina\",\"publisher\":{\"@id\":\"https:\/\/radiolifefm.com.br\/noticias\/#organization\"},\"alternateName\":\"Life FM\",\"potentialAction\":[{\"@type\":\"SearchAction\",\"target\":{\"@type\":\"EntryPoint\",\"urlTemplate\":\"https:\/\/radiolifefm.com.br\/noticias\/?s={search_term_string}\"},\"query-input\":{\"@type\":\"PropertyValueSpecification\",\"valueRequired\":true,\"valueName\":\"search_term_string\"}}],\"inLanguage\":\"pt-BR\"},{\"@type\":\"Organization\",\"@id\":\"https:\/\/radiolifefm.com.br\/noticias\/#organization\",\"name\":\"R\u00e1dio Life FM\",\"alternateName\":\"Life FM\",\"url\":\"https:\/\/radiolifefm.com.br\/noticias\/\",\"logo\":{\"@type\":\"ImageObject\",\"inLanguage\":\"pt-BR\",\"@id\":\"https:\/\/radiolifefm.com.br\/noticias\/#\/schema\/logo\/image\/\",\"url\":\"https:\/\/static.radiolifefm.com.br\/noticias\/wp-content\/uploads\/2019\/10\/logo-lifefm.png\",\"contentUrl\":\"https:\/\/static.radiolifefm.com.br\/noticias\/wp-content\/uploads\/2019\/10\/logo-lifefm.png\",\"width\":196,\"height\":47,\"caption\":\"R\u00e1dio Life FM\"},\"image\":{\"@id\":\"https:\/\/radiolifefm.com.br\/noticias\/#\/schema\/logo\/image\/\"},\"sameAs\":[\"https:\/\/www.facebook.com\/radiolifefm\/\",\"https:\/\/www.instagram.com\/life1079fm\/\"]},{\"@type\":\"Person\",\"@id\":\"https:\/\/radiolifefm.com.br\/noticias\/#\/schema\/person\/6339b9fac59d12b071dec680d7375d87\",\"name\":\"ritanery\",\"image\":{\"@type\":\"ImageObject\",\"inLanguage\":\"pt-BR\",\"@id\":\"https:\/\/secure.gravatar.com\/avatar\/0e37bb19071f47c0b8a23f62a903df117c5a0e75f65a0c2901562f97cd41cf86?s=96&d=mm&r=g\",\"url\":\"https:\/\/secure.gravatar.com\/avatar\/0e37bb19071f47c0b8a23f62a903df117c5a0e75f65a0c2901562f97cd41cf86?s=96&d=mm&r=g\",\"contentUrl\":\"https:\/\/secure.gravatar.com\/avatar\/0e37bb19071f47c0b8a23f62a903df117c5a0e75f65a0c2901562f97cd41cf86?s=96&d=mm&r=g\",\"caption\":\"ritanery\"}}]}<\/script>\n<!-- \/ Yoast SEO plugin. -->","yoast_head_json":{"title":"Adamantina abre iniciativa da DRADS focada em melhorar os servi\u00e7os na \u00e1rea da assist\u00eancia social - R\u00e1dio Life FM","robots":{"index":"index","follow":"follow","max-snippet":"max-snippet:-1","max-image-preview":"max-image-preview:large","max-video-preview":"max-video-preview:-1"},"canonical":"https:\/\/radiolifefm.com.br\/noticias\/adamantina-abre-iniciativa-da-drads-focada-em-melhorar-os-servicos-na-area-da-assistencia-social\/","og_locale":"pt_BR","og_type":"article","og_title":"Adamantina abre iniciativa da DRADS focada em melhorar os servi\u00e7os na \u00e1rea da assist\u00eancia social - R\u00e1dio Life FM","og_description":"Com o objetivo de possibilitar a troca de experi\u00eancias, a aquisi\u00e7\u00e3o de conhecimento dos munic\u00edpios, o empoderamento bem como a melhoria e\/ou implementa\u00e7\u00e3o dos trabalhos j\u00e1 realizados pelas secretarias de assist\u00eancia social dos munic\u00edpios que integram a Diretoria Regional de Assist\u00eancia e Desenvolvimento (DRADS) da Alta Paulista, o \u00f3rg\u00e3o est\u00e1 realizando encontros tem\u00e1ticos com assuntos [&hellip;]","og_url":"https:\/\/radiolifefm.com.br\/noticias\/adamantina-abre-iniciativa-da-drads-focada-em-melhorar-os-servicos-na-area-da-assistencia-social\/","og_site_name":"R\u00e1dio Life FM","article_publisher":"https:\/\/www.facebook.com\/radiolifefm\/","article_published_time":"2021-06-25T01:26:55+00:00","article_modified_time":"2026-04-16T23:59:43+00:00","og_image":[{"width":1261,"height":1280,"url":"https:\/\/radiolifefm.com.br\/noticias\/wp-content\/uploads\/2021\/06\/Foto-1-1.jpeg","type":"image\/jpeg"}],"author":"ritanery","twitter_card":"summary_large_image","twitter_misc":{"Escrito por":"ritanery","Est. tempo de leitura":"2 minutos"},"schema":{"@context":"https:\/\/schema.org","@graph":[{"@type":"Article","@id":"https:\/\/radiolifefm.com.br\/noticias\/adamantina-abre-iniciativa-da-drads-focada-em-melhorar-os-servicos-na-area-da-assistencia-social\/#article","isPartOf":{"@id":"https:\/\/radiolifefm.com.br\/noticias\/adamantina-abre-iniciativa-da-drads-focada-em-melhorar-os-servicos-na-area-da-assistencia-social\/"},"author":{"name":"ritanery","@id":"https:\/\/radiolifefm.com.br\/noticias\/#\/schema\/person\/6339b9fac59d12b071dec680d7375d87"},"headline":"Adamantina abre iniciativa da DRADS focada em melhorar os servi\u00e7os na \u00e1rea da assist\u00eancia social","datePublished":"2021-06-25T01:26:55+00:00","dateModified":"2026-04-16T23:59:43+00:00","mainEntityOfPage":{"@id":"https:\/\/radiolifefm.com.br\/noticias\/adamantina-abre-iniciativa-da-drads-focada-em-melhorar-os-servicos-na-area-da-assistencia-social\/"},"wordCount":373,"publisher":{"@id":"https:\/\/radiolifefm.com.br\/noticias\/#organization"},"image":{"@id":"https:\/\/radiolifefm.com.br\/noticias\/adamantina-abre-iniciativa-da-drads-focada-em-melhorar-os-servicos-na-area-da-assistencia-social\/#primaryimage"},"thumbnailUrl":"https:\/\/radiolifefm.com.br\/noticias\/wp-content\/uploads\/2021\/06\/Foto-1-1.jpeg","articleSection":["Adamantina"],"inLanguage":"pt-BR"},{"@type":"WebPage","@id":"https:\/\/radiolifefm.com.br\/noticias\/adamantina-abre-iniciativa-da-drads-focada-em-melhorar-os-servicos-na-area-da-assistencia-social\/","url":"https:\/\/radiolifefm.com.br\/noticias\/adamantina-abre-iniciativa-da-drads-focada-em-melhorar-os-servicos-na-area-da-assistencia-social\/","name":"Adamantina abre iniciativa da DRADS focada em melhorar os servi\u00e7os na \u00e1rea da assist\u00eancia social - R\u00e1dio Life FM","isPartOf":{"@id":"https:\/\/radiolifefm.com.br\/noticias\/#website"},"primaryImageOfPage":{"@id":"https:\/\/radiolifefm.com.br\/noticias\/adamantina-abre-iniciativa-da-drads-focada-em-melhorar-os-servicos-na-area-da-assistencia-social\/#primaryimage"},"image":{"@id":"https:\/\/radiolifefm.com.br\/noticias\/adamantina-abre-iniciativa-da-drads-focada-em-melhorar-os-servicos-na-area-da-assistencia-social\/#primaryimage"},"thumbnailUrl":"https:\/\/radiolifefm.com.br\/noticias\/wp-content\/uploads\/2021\/06\/Foto-1-1.jpeg","datePublished":"2021-06-25T01:26:55+00:00","dateModified":"2026-04-16T23:59:43+00:00","breadcrumb":{"@id":"https:\/\/radiolifefm.com.br\/noticias\/adamantina-abre-iniciativa-da-drads-focada-em-melhorar-os-servicos-na-area-da-assistencia-social\/#breadcrumb"},"inLanguage":"pt-BR","potentialAction":[{"@type":"ReadAction","target":["https:\/\/radiolifefm.com.br\/noticias\/adamantina-abre-iniciativa-da-drads-focada-em-melhorar-os-servicos-na-area-da-assistencia-social\/"]}]},{"@type":"ImageObject","inLanguage":"pt-BR","@id":"https:\/\/radiolifefm.com.br\/noticias\/adamantina-abre-iniciativa-da-drads-focada-em-melhorar-os-servicos-na-area-da-assistencia-social\/#primaryimage","url":"https:\/\/radiolifefm.com.br\/noticias\/wp-content\/uploads\/2021\/06\/Foto-1-1.jpeg","contentUrl":"https:\/\/radiolifefm.com.br\/noticias\/wp-content\/uploads\/2021\/06\/Foto-1-1.jpeg","width":1261,"height":1280},{"@type":"BreadcrumbList","@id":"https:\/\/radiolifefm.com.br\/noticias\/adamantina-abre-iniciativa-da-drads-focada-em-melhorar-os-servicos-na-area-da-assistencia-social\/#breadcrumb","itemListElement":[{"@type":"ListItem","position":1,"name":"In\u00edcio","item":"https:\/\/radiolifefm.com.br\/noticias\/"},{"@type":"ListItem","position":2,"name":"Adamantina abre iniciativa da DRADS focada em melhorar os servi\u00e7os na \u00e1rea da assist\u00eancia social"}]},{"@type":"WebSite","@id":"https:\/\/radiolifefm.com.br\/noticias\/#website","url":"https:\/\/radiolifefm.com.br\/noticias\/","name":"R\u00e1dio Life FM","description":"O Portal de Not\u00edcias de Adamantina","publisher":{"@id":"https:\/\/radiolifefm.com.br\/noticias\/#organization"},"alternateName":"Life FM","potentialAction":[{"@type":"SearchAction","target":{"@type":"EntryPoint","urlTemplate":"https:\/\/radiolifefm.com.br\/noticias\/?s={search_term_string}"},"query-input":{"@type":"PropertyValueSpecification","valueRequired":true,"valueName":"search_term_string"}}],"inLanguage":"pt-BR"},{"@type":"Organization","@id":"https:\/\/radiolifefm.com.br\/noticias\/#organization","name":"R\u00e1dio Life FM","alternateName":"Life FM","url":"https:\/\/radiolifefm.com.br\/noticias\/","logo":{"@type":"ImageObject","inLanguage":"pt-BR","@id":"https:\/\/radiolifefm.com.br\/noticias\/#\/schema\/logo\/image\/","url":"https:\/\/static.radiolifefm.com.br\/noticias\/wp-content\/uploads\/2019\/10\/logo-lifefm.png","contentUrl":"https:\/\/static.radiolifefm.com.br\/noticias\/wp-content\/uploads\/2019\/10\/logo-lifefm.png","width":196,"height":47,"caption":"R\u00e1dio Life FM"},"image":{"@id":"https:\/\/radiolifefm.com.br\/noticias\/#\/schema\/logo\/image\/"},"sameAs":["https:\/\/www.facebook.com\/radiolifefm\/","https:\/\/www.instagram.com\/life1079fm\/"]},{"@type":"Person","@id":"https:\/\/radiolifefm.com.br\/noticias\/#\/schema\/person\/6339b9fac59d12b071dec680d7375d87","name":"ritanery","image":{"@type":"ImageObject","inLanguage":"pt-BR","@id":"https:\/\/secure.gravatar.com\/avatar\/0e37bb19071f47c0b8a23f62a903df117c5a0e75f65a0c2901562f97cd41cf86?s=96&d=mm&r=g","url":"https:\/\/secure.gravatar.com\/avatar\/0e37bb19071f47c0b8a23f62a903df117c5a0e75f65a0c2901562f97cd41cf86?s=96&d=mm&r=g","contentUrl":"https:\/\/secure.gravatar.com\/avatar\/0e37bb19071f47c0b8a23f62a903df117c5a0e75f65a0c2901562f97cd41cf86?s=96&d=mm&r=g","caption":"ritanery"}}]}},"amp_enabled":true,"_links":{"self":[{"href":"https:\/\/radiolifefm.com.br\/noticias\/wp-json\/wp\/v2\/posts\/40100","targetHints":{"allow":["GET"]}}],"collection":[{"href":"https:\/\/radiolifefm.com.br\/noticias\/wp-json\/wp\/v2\/posts"}],"about":[{"href":"https:\/\/radiolifefm.com.br\/noticias\/wp-json\/wp\/v2\/types\/post"}],"author":[{"embeddable":true,"href":"https:\/\/radiolifefm.com.br\/noticias\/wp-json\/wp\/v2\/users\/13"}],"replies":[{"embeddable":true,"href":"https:\/\/radiolifefm.com.br\/noticias\/wp-json\/wp\/v2\/comments?post=40100"}],"version-history":[{"count":1,"href":"https:\/\/radiolifefm.com.br\/noticias\/wp-json\/wp\/v2\/posts\/40100\/revisions"}],"predecessor-version":[{"id":40103,"href":"https:\/\/radiolifefm.com.br\/noticias\/wp-json\/wp\/v2\/posts\/40100\/revisions\/40103"}],"wp:featuredmedia":[{"embeddable":true,"href":"https:\/\/radiolifefm.com.br\/noticias\/wp-json\/wp\/v2\/media\/40101"}],"wp:attachment":[{"href":"https:\/\/radiolifefm.com.br\/noticias\/wp-json\/wp\/v2\/media?parent=40100"}],"wp:term":[{"taxonomy":"category","embeddable":true,"href":"https:\/\/radiolifefm.com.br\/noticias\/wp-json\/wp\/v2\/categories?post=40100"},{"taxonomy":"post_tag","embeddable":true,"href":"https:\/\/radiolifefm.com.br\/noticias\/wp-json\/wp\/v2\/tags?post=40100"}],"curies":[{"name":"wp","href":"https:\/\/api.w.org\/{rel}","templated":true}]}}