{"id":40080,"date":"2021-06-24T10:14:10","date_gmt":"2021-06-24T13:14:10","guid":{"rendered":"https:\/\/radiolifefm.com.br\/noticias\/?p=40080"},"modified":"2026-03-29T14:47:43","modified_gmt":"2026-03-29T17:47:43","slug":"vereadores-pedem-providencias-e-investimento-de-recurso-do-mit-para-solucionar-pontos-de-alagamentos","status":"publish","type":"post","link":"https:\/\/radiolifefm.com.br\/noticias\/vereadores-pedem-providencias-e-investimento-de-recurso-do-mit-para-solucionar-pontos-de-alagamentos\/","title":{"rendered":"Vereadores pedem provid\u00eancias e investimento de recurso do MIT para solucionar pontos de alagamentos"},"content":{"rendered":"<div id=\"fb-root\"><\/div>\n<p>Na \u00faltima sess\u00e3o da C\u00e2mara Municipal os vereadores apresentaram dois pedidos de provid\u00eancias com rela\u00e7\u00e3o aos pontos de alagamentos de \u00e1guas pluviais na regi\u00e3o central de Adamantina, que causam estragos e preju\u00edzos n\u00e3o apenas para os moradores pr\u00f3ximos, como tamb\u00e9m aos motoristas que estacionam ou transitam nos locais inundados.<\/p>\n<p>&nbsp;<\/p>\n<p>Na Indica\u00e7\u00e3o n\u00ba 412, os autores solicitam a elabora\u00e7\u00e3o de projeto para a realiza\u00e7\u00e3o de melhorias na drenagem pluvial nas \u00e1reas, inicialmente nas proximidades do ACREA (Associa\u00e7\u00e3o Cultural, Esportiva e Recreativa de Adamantina) \u2013 na esquina da Avenida Deputado Cunha Bueno, entre as ruas Joaquim Nabuco e Nove de Julho \u2013, bem como na Alameda dos Expedicion\u00e1rios, entre a Avenida Santo Ant\u00f4nio e a Rua Euclides da Cunha.<\/p>\n<p>&nbsp;<\/p>\n<p>J\u00e1 com a Indica\u00e7\u00e3o n\u00ba 413\/21 \u00e9 pleiteado que os recursos destinados pelo projeto MIT (Munic\u00edpio de Interesse Tur\u00edstico) sejam utilizados, prioritariamente, nas obras que solucionem ou ao menos amenizem os pontos de alagamentos. Al\u00e9m dos locais citados, a propositura inclui tamb\u00e9m as proximidades do Supermercado Godoy \u2013 no cruzamento da Rua General Isidoro com a Avenida Capit\u00e3o Jos\u00e9 Ant\u00f4nio de Oliveira \u2013 e ainda no final da Avenida Ant\u00f4nio Tiveron.<\/p>\n<p>&nbsp;<\/p>\n<p>O \u00faltimo epis\u00f3dio relacionado ao assunto ocorreu na semana passada, dia 10 de junho, quando a intensa chuva que caiu em Adamantina mais uma vez gerou alagamentos e causou preju\u00edzos, justamente nos tr\u00eas pontos citados acima.<\/p>\n<p>&nbsp;<\/p>\n<p>As indica\u00e7\u00f5es passaram pelo plen\u00e1rio do Legislativo e foram enviadas ao Executivo para que analise quais provid\u00eancias devem ser tomadas neste caso.<\/p>\n<p>Fonte: Adamantina Net<\/p>\n","protected":false},"excerpt":{"rendered":"<p>Na \u00faltima sess\u00e3o da C\u00e2mara Municipal os vereadores apresentaram dois pedidos de provid\u00eancias com rela\u00e7\u00e3o aos pontos de alagamentos de \u00e1guas pluviais na regi\u00e3o central de Adamantina, que causam estragos e preju\u00edzos n\u00e3o apenas para os moradores pr\u00f3ximos, como tamb\u00e9m aos motoristas que estacionam ou transitam nos locais inundados. &nbsp; Na Indica\u00e7\u00e3o n\u00ba 412, os [&hellip;]<\/p>\n","protected":false},"author":13,"featured_media":40081,"comment_status":"closed","ping_status":"open","sticky":false,"template":"","format":"standard","meta":{"_acf_changed":false,"_exactmetrics_skip_tracking":false,"_exactmetrics_sitenote_active":false,"_exactmetrics_sitenote_note":"","_exactmetrics_sitenote_category":0,"footnotes":""},"categories":[21],"tags":[],"class_list":["post-40080","post","type-post","status-publish","format-standard","has-post-thumbnail","hentry","category-adamantina"],"acf":[],"yoast_head":"<!-- This site is optimized with the Yoast SEO plugin v27.2 - https:\/\/yoast.com\/product\/yoast-seo-wordpress\/ -->\n<title>Vereadores pedem provid\u00eancias e investimento de recurso do MIT para solucionar pontos de alagamentos - R\u00e1dio Life FM<\/title>\n<meta name=\"robots\" content=\"index, follow, max-snippet:-1, max-image-preview:large, max-video-preview:-1\" \/>\n<link rel=\"canonical\" href=\"https:\/\/radiolifefm.com.br\/noticias\/vereadores-pedem-providencias-e-investimento-de-recurso-do-mit-para-solucionar-pontos-de-alagamentos\/\" \/>\n<meta property=\"og:locale\" content=\"pt_BR\" \/>\n<meta property=\"og:type\" content=\"article\" \/>\n<meta property=\"og:title\" content=\"Vereadores pedem provid\u00eancias e investimento de recurso do MIT para solucionar pontos de alagamentos - R\u00e1dio Life FM\" \/>\n<meta property=\"og:description\" content=\"Na \u00faltima sess\u00e3o da C\u00e2mara Municipal os vereadores apresentaram dois pedidos de provid\u00eancias com rela\u00e7\u00e3o aos pontos de alagamentos de \u00e1guas pluviais na regi\u00e3o central de Adamantina, que causam estragos e preju\u00edzos n\u00e3o apenas para os moradores pr\u00f3ximos, como tamb\u00e9m aos motoristas que estacionam ou transitam nos locais inundados. &nbsp; Na Indica\u00e7\u00e3o n\u00ba 412, os [&hellip;]\" \/>\n<meta property=\"og:url\" content=\"https:\/\/radiolifefm.com.br\/noticias\/vereadores-pedem-providencias-e-investimento-de-recurso-do-mit-para-solucionar-pontos-de-alagamentos\/\" \/>\n<meta property=\"og:site_name\" content=\"R\u00e1dio Life FM\" \/>\n<meta property=\"article:publisher\" content=\"https:\/\/www.facebook.com\/radiolifefm\/\" \/>\n<meta property=\"article:published_time\" content=\"2021-06-24T13:14:10+00:00\" \/>\n<meta property=\"article:modified_time\" content=\"2026-03-29T17:47:43+00:00\" \/>\n<meta property=\"og:image\" content=\"https:\/\/radiolifefm.com.br\/noticias\/wp-content\/uploads\/2021\/06\/F54-1.jpg\" \/>\n\t<meta property=\"og:image:width\" content=\"1280\" \/>\n\t<meta property=\"og:image:height\" content=\"720\" \/>\n\t<meta property=\"og:image:type\" content=\"image\/jpeg\" \/>\n<meta name=\"author\" content=\"ritanery\" \/>\n<meta name=\"twitter:card\" content=\"summary_large_image\" \/>\n<meta name=\"twitter:label1\" content=\"Escrito por\" \/>\n\t<meta name=\"twitter:data1\" content=\"ritanery\" \/>\n\t<meta name=\"twitter:label2\" content=\"Est. tempo de leitura\" \/>\n\t<meta name=\"twitter:data2\" content=\"2 minutos\" \/>\n<script type=\"application\/ld+json\" class=\"yoast-schema-graph\">{\"@context\":\"https:\/\/schema.org\",\"@graph\":[{\"@type\":\"Article\",\"@id\":\"https:\/\/radiolifefm.com.br\/noticias\/vereadores-pedem-providencias-e-investimento-de-recurso-do-mit-para-solucionar-pontos-de-alagamentos\/#article\",\"isPartOf\":{\"@id\":\"https:\/\/radiolifefm.com.br\/noticias\/vereadores-pedem-providencias-e-investimento-de-recurso-do-mit-para-solucionar-pontos-de-alagamentos\/\"},\"author\":{\"name\":\"ritanery\",\"@id\":\"https:\/\/radiolifefm.com.br\/noticias\/#\/schema\/person\/6339b9fac59d12b071dec680d7375d87\"},\"headline\":\"Vereadores pedem provid\u00eancias e investimento de recurso do MIT para solucionar pontos de alagamentos\",\"datePublished\":\"2021-06-24T13:14:10+00:00\",\"dateModified\":\"2026-03-29T17:47:43+00:00\",\"mainEntityOfPage\":{\"@id\":\"https:\/\/radiolifefm.com.br\/noticias\/vereadores-pedem-providencias-e-investimento-de-recurso-do-mit-para-solucionar-pontos-de-alagamentos\/\"},\"wordCount\":289,\"publisher\":{\"@id\":\"https:\/\/radiolifefm.com.br\/noticias\/#organization\"},\"image\":{\"@id\":\"https:\/\/radiolifefm.com.br\/noticias\/vereadores-pedem-providencias-e-investimento-de-recurso-do-mit-para-solucionar-pontos-de-alagamentos\/#primaryimage\"},\"thumbnailUrl\":\"https:\/\/radiolifefm.com.br\/noticias\/wp-content\/uploads\/2021\/06\/F54-1.jpg\",\"articleSection\":[\"Adamantina\"],\"inLanguage\":\"pt-BR\"},{\"@type\":\"WebPage\",\"@id\":\"https:\/\/radiolifefm.com.br\/noticias\/vereadores-pedem-providencias-e-investimento-de-recurso-do-mit-para-solucionar-pontos-de-alagamentos\/\",\"url\":\"https:\/\/radiolifefm.com.br\/noticias\/vereadores-pedem-providencias-e-investimento-de-recurso-do-mit-para-solucionar-pontos-de-alagamentos\/\",\"name\":\"Vereadores pedem provid\u00eancias e investimento de recurso do MIT para solucionar pontos de alagamentos - R\u00e1dio Life FM\",\"isPartOf\":{\"@id\":\"https:\/\/radiolifefm.com.br\/noticias\/#website\"},\"primaryImageOfPage\":{\"@id\":\"https:\/\/radiolifefm.com.br\/noticias\/vereadores-pedem-providencias-e-investimento-de-recurso-do-mit-para-solucionar-pontos-de-alagamentos\/#primaryimage\"},\"image\":{\"@id\":\"https:\/\/radiolifefm.com.br\/noticias\/vereadores-pedem-providencias-e-investimento-de-recurso-do-mit-para-solucionar-pontos-de-alagamentos\/#primaryimage\"},\"thumbnailUrl\":\"https:\/\/radiolifefm.com.br\/noticias\/wp-content\/uploads\/2021\/06\/F54-1.jpg\",\"datePublished\":\"2021-06-24T13:14:10+00:00\",\"dateModified\":\"2026-03-29T17:47:43+00:00\",\"breadcrumb\":{\"@id\":\"https:\/\/radiolifefm.com.br\/noticias\/vereadores-pedem-providencias-e-investimento-de-recurso-do-mit-para-solucionar-pontos-de-alagamentos\/#breadcrumb\"},\"inLanguage\":\"pt-BR\",\"potentialAction\":[{\"@type\":\"ReadAction\",\"target\":[\"https:\/\/radiolifefm.com.br\/noticias\/vereadores-pedem-providencias-e-investimento-de-recurso-do-mit-para-solucionar-pontos-de-alagamentos\/\"]}]},{\"@type\":\"ImageObject\",\"inLanguage\":\"pt-BR\",\"@id\":\"https:\/\/radiolifefm.com.br\/noticias\/vereadores-pedem-providencias-e-investimento-de-recurso-do-mit-para-solucionar-pontos-de-alagamentos\/#primaryimage\",\"url\":\"https:\/\/radiolifefm.com.br\/noticias\/wp-content\/uploads\/2021\/06\/F54-1.jpg\",\"contentUrl\":\"https:\/\/radiolifefm.com.br\/noticias\/wp-content\/uploads\/2021\/06\/F54-1.jpg\",\"width\":1280,\"height\":720},{\"@type\":\"BreadcrumbList\",\"@id\":\"https:\/\/radiolifefm.com.br\/noticias\/vereadores-pedem-providencias-e-investimento-de-recurso-do-mit-para-solucionar-pontos-de-alagamentos\/#breadcrumb\",\"itemListElement\":[{\"@type\":\"ListItem\",\"position\":1,\"name\":\"In\u00edcio\",\"item\":\"https:\/\/radiolifefm.com.br\/noticias\/\"},{\"@type\":\"ListItem\",\"position\":2,\"name\":\"Vereadores pedem provid\u00eancias e investimento de recurso do MIT para solucionar pontos de alagamentos\"}]},{\"@type\":\"WebSite\",\"@id\":\"https:\/\/radiolifefm.com.br\/noticias\/#website\",\"url\":\"https:\/\/radiolifefm.com.br\/noticias\/\",\"name\":\"R\u00e1dio Life FM\",\"description\":\"O Portal de Not\u00edcias de Adamantina\",\"publisher\":{\"@id\":\"https:\/\/radiolifefm.com.br\/noticias\/#organization\"},\"alternateName\":\"Life FM\",\"potentialAction\":[{\"@type\":\"SearchAction\",\"target\":{\"@type\":\"EntryPoint\",\"urlTemplate\":\"https:\/\/radiolifefm.com.br\/noticias\/?s={search_term_string}\"},\"query-input\":{\"@type\":\"PropertyValueSpecification\",\"valueRequired\":true,\"valueName\":\"search_term_string\"}}],\"inLanguage\":\"pt-BR\"},{\"@type\":\"Organization\",\"@id\":\"https:\/\/radiolifefm.com.br\/noticias\/#organization\",\"name\":\"R\u00e1dio Life FM\",\"alternateName\":\"Life FM\",\"url\":\"https:\/\/radiolifefm.com.br\/noticias\/\",\"logo\":{\"@type\":\"ImageObject\",\"inLanguage\":\"pt-BR\",\"@id\":\"https:\/\/radiolifefm.com.br\/noticias\/#\/schema\/logo\/image\/\",\"url\":\"https:\/\/static.radiolifefm.com.br\/noticias\/wp-content\/uploads\/2019\/10\/logo-lifefm.png\",\"contentUrl\":\"https:\/\/static.radiolifefm.com.br\/noticias\/wp-content\/uploads\/2019\/10\/logo-lifefm.png\",\"width\":196,\"height\":47,\"caption\":\"R\u00e1dio Life FM\"},\"image\":{\"@id\":\"https:\/\/radiolifefm.com.br\/noticias\/#\/schema\/logo\/image\/\"},\"sameAs\":[\"https:\/\/www.facebook.com\/radiolifefm\/\",\"https:\/\/www.instagram.com\/life1079fm\/\"]},{\"@type\":\"Person\",\"@id\":\"https:\/\/radiolifefm.com.br\/noticias\/#\/schema\/person\/6339b9fac59d12b071dec680d7375d87\",\"name\":\"ritanery\",\"image\":{\"@type\":\"ImageObject\",\"inLanguage\":\"pt-BR\",\"@id\":\"https:\/\/secure.gravatar.com\/avatar\/0e37bb19071f47c0b8a23f62a903df117c5a0e75f65a0c2901562f97cd41cf86?s=96&d=mm&r=g\",\"url\":\"https:\/\/secure.gravatar.com\/avatar\/0e37bb19071f47c0b8a23f62a903df117c5a0e75f65a0c2901562f97cd41cf86?s=96&d=mm&r=g\",\"contentUrl\":\"https:\/\/secure.gravatar.com\/avatar\/0e37bb19071f47c0b8a23f62a903df117c5a0e75f65a0c2901562f97cd41cf86?s=96&d=mm&r=g\",\"caption\":\"ritanery\"}}]}<\/script>\n<!-- \/ Yoast SEO plugin. -->","yoast_head_json":{"title":"Vereadores pedem provid\u00eancias e investimento de recurso do MIT para solucionar pontos de alagamentos - R\u00e1dio Life FM","robots":{"index":"index","follow":"follow","max-snippet":"max-snippet:-1","max-image-preview":"max-image-preview:large","max-video-preview":"max-video-preview:-1"},"canonical":"https:\/\/radiolifefm.com.br\/noticias\/vereadores-pedem-providencias-e-investimento-de-recurso-do-mit-para-solucionar-pontos-de-alagamentos\/","og_locale":"pt_BR","og_type":"article","og_title":"Vereadores pedem provid\u00eancias e investimento de recurso do MIT para solucionar pontos de alagamentos - R\u00e1dio Life FM","og_description":"Na \u00faltima sess\u00e3o da C\u00e2mara Municipal os vereadores apresentaram dois pedidos de provid\u00eancias com rela\u00e7\u00e3o aos pontos de alagamentos de \u00e1guas pluviais na regi\u00e3o central de Adamantina, que causam estragos e preju\u00edzos n\u00e3o apenas para os moradores pr\u00f3ximos, como tamb\u00e9m aos motoristas que estacionam ou transitam nos locais inundados. &nbsp; Na Indica\u00e7\u00e3o n\u00ba 412, os [&hellip;]","og_url":"https:\/\/radiolifefm.com.br\/noticias\/vereadores-pedem-providencias-e-investimento-de-recurso-do-mit-para-solucionar-pontos-de-alagamentos\/","og_site_name":"R\u00e1dio Life FM","article_publisher":"https:\/\/www.facebook.com\/radiolifefm\/","article_published_time":"2021-06-24T13:14:10+00:00","article_modified_time":"2026-03-29T17:47:43+00:00","og_image":[{"width":1280,"height":720,"url":"https:\/\/radiolifefm.com.br\/noticias\/wp-content\/uploads\/2021\/06\/F54-1.jpg","type":"image\/jpeg"}],"author":"ritanery","twitter_card":"summary_large_image","twitter_misc":{"Escrito por":"ritanery","Est. tempo de leitura":"2 minutos"},"schema":{"@context":"https:\/\/schema.org","@graph":[{"@type":"Article","@id":"https:\/\/radiolifefm.com.br\/noticias\/vereadores-pedem-providencias-e-investimento-de-recurso-do-mit-para-solucionar-pontos-de-alagamentos\/#article","isPartOf":{"@id":"https:\/\/radiolifefm.com.br\/noticias\/vereadores-pedem-providencias-e-investimento-de-recurso-do-mit-para-solucionar-pontos-de-alagamentos\/"},"author":{"name":"ritanery","@id":"https:\/\/radiolifefm.com.br\/noticias\/#\/schema\/person\/6339b9fac59d12b071dec680d7375d87"},"headline":"Vereadores pedem provid\u00eancias e investimento de recurso do MIT para solucionar pontos de alagamentos","datePublished":"2021-06-24T13:14:10+00:00","dateModified":"2026-03-29T17:47:43+00:00","mainEntityOfPage":{"@id":"https:\/\/radiolifefm.com.br\/noticias\/vereadores-pedem-providencias-e-investimento-de-recurso-do-mit-para-solucionar-pontos-de-alagamentos\/"},"wordCount":289,"publisher":{"@id":"https:\/\/radiolifefm.com.br\/noticias\/#organization"},"image":{"@id":"https:\/\/radiolifefm.com.br\/noticias\/vereadores-pedem-providencias-e-investimento-de-recurso-do-mit-para-solucionar-pontos-de-alagamentos\/#primaryimage"},"thumbnailUrl":"https:\/\/radiolifefm.com.br\/noticias\/wp-content\/uploads\/2021\/06\/F54-1.jpg","articleSection":["Adamantina"],"inLanguage":"pt-BR"},{"@type":"WebPage","@id":"https:\/\/radiolifefm.com.br\/noticias\/vereadores-pedem-providencias-e-investimento-de-recurso-do-mit-para-solucionar-pontos-de-alagamentos\/","url":"https:\/\/radiolifefm.com.br\/noticias\/vereadores-pedem-providencias-e-investimento-de-recurso-do-mit-para-solucionar-pontos-de-alagamentos\/","name":"Vereadores pedem provid\u00eancias e investimento de recurso do MIT para solucionar pontos de alagamentos - R\u00e1dio Life FM","isPartOf":{"@id":"https:\/\/radiolifefm.com.br\/noticias\/#website"},"primaryImageOfPage":{"@id":"https:\/\/radiolifefm.com.br\/noticias\/vereadores-pedem-providencias-e-investimento-de-recurso-do-mit-para-solucionar-pontos-de-alagamentos\/#primaryimage"},"image":{"@id":"https:\/\/radiolifefm.com.br\/noticias\/vereadores-pedem-providencias-e-investimento-de-recurso-do-mit-para-solucionar-pontos-de-alagamentos\/#primaryimage"},"thumbnailUrl":"https:\/\/radiolifefm.com.br\/noticias\/wp-content\/uploads\/2021\/06\/F54-1.jpg","datePublished":"2021-06-24T13:14:10+00:00","dateModified":"2026-03-29T17:47:43+00:00","breadcrumb":{"@id":"https:\/\/radiolifefm.com.br\/noticias\/vereadores-pedem-providencias-e-investimento-de-recurso-do-mit-para-solucionar-pontos-de-alagamentos\/#breadcrumb"},"inLanguage":"pt-BR","potentialAction":[{"@type":"ReadAction","target":["https:\/\/radiolifefm.com.br\/noticias\/vereadores-pedem-providencias-e-investimento-de-recurso-do-mit-para-solucionar-pontos-de-alagamentos\/"]}]},{"@type":"ImageObject","inLanguage":"pt-BR","@id":"https:\/\/radiolifefm.com.br\/noticias\/vereadores-pedem-providencias-e-investimento-de-recurso-do-mit-para-solucionar-pontos-de-alagamentos\/#primaryimage","url":"https:\/\/radiolifefm.com.br\/noticias\/wp-content\/uploads\/2021\/06\/F54-1.jpg","contentUrl":"https:\/\/radiolifefm.com.br\/noticias\/wp-content\/uploads\/2021\/06\/F54-1.jpg","width":1280,"height":720},{"@type":"BreadcrumbList","@id":"https:\/\/radiolifefm.com.br\/noticias\/vereadores-pedem-providencias-e-investimento-de-recurso-do-mit-para-solucionar-pontos-de-alagamentos\/#breadcrumb","itemListElement":[{"@type":"ListItem","position":1,"name":"In\u00edcio","item":"https:\/\/radiolifefm.com.br\/noticias\/"},{"@type":"ListItem","position":2,"name":"Vereadores pedem provid\u00eancias e investimento de recurso do MIT para solucionar pontos de alagamentos"}]},{"@type":"WebSite","@id":"https:\/\/radiolifefm.com.br\/noticias\/#website","url":"https:\/\/radiolifefm.com.br\/noticias\/","name":"R\u00e1dio Life FM","description":"O Portal de Not\u00edcias de Adamantina","publisher":{"@id":"https:\/\/radiolifefm.com.br\/noticias\/#organization"},"alternateName":"Life FM","potentialAction":[{"@type":"SearchAction","target":{"@type":"EntryPoint","urlTemplate":"https:\/\/radiolifefm.com.br\/noticias\/?s={search_term_string}"},"query-input":{"@type":"PropertyValueSpecification","valueRequired":true,"valueName":"search_term_string"}}],"inLanguage":"pt-BR"},{"@type":"Organization","@id":"https:\/\/radiolifefm.com.br\/noticias\/#organization","name":"R\u00e1dio Life FM","alternateName":"Life FM","url":"https:\/\/radiolifefm.com.br\/noticias\/","logo":{"@type":"ImageObject","inLanguage":"pt-BR","@id":"https:\/\/radiolifefm.com.br\/noticias\/#\/schema\/logo\/image\/","url":"https:\/\/static.radiolifefm.com.br\/noticias\/wp-content\/uploads\/2019\/10\/logo-lifefm.png","contentUrl":"https:\/\/static.radiolifefm.com.br\/noticias\/wp-content\/uploads\/2019\/10\/logo-lifefm.png","width":196,"height":47,"caption":"R\u00e1dio Life FM"},"image":{"@id":"https:\/\/radiolifefm.com.br\/noticias\/#\/schema\/logo\/image\/"},"sameAs":["https:\/\/www.facebook.com\/radiolifefm\/","https:\/\/www.instagram.com\/life1079fm\/"]},{"@type":"Person","@id":"https:\/\/radiolifefm.com.br\/noticias\/#\/schema\/person\/6339b9fac59d12b071dec680d7375d87","name":"ritanery","image":{"@type":"ImageObject","inLanguage":"pt-BR","@id":"https:\/\/secure.gravatar.com\/avatar\/0e37bb19071f47c0b8a23f62a903df117c5a0e75f65a0c2901562f97cd41cf86?s=96&d=mm&r=g","url":"https:\/\/secure.gravatar.com\/avatar\/0e37bb19071f47c0b8a23f62a903df117c5a0e75f65a0c2901562f97cd41cf86?s=96&d=mm&r=g","contentUrl":"https:\/\/secure.gravatar.com\/avatar\/0e37bb19071f47c0b8a23f62a903df117c5a0e75f65a0c2901562f97cd41cf86?s=96&d=mm&r=g","caption":"ritanery"}}]}},"amp_enabled":true,"_links":{"self":[{"href":"https:\/\/radiolifefm.com.br\/noticias\/wp-json\/wp\/v2\/posts\/40080","targetHints":{"allow":["GET"]}}],"collection":[{"href":"https:\/\/radiolifefm.com.br\/noticias\/wp-json\/wp\/v2\/posts"}],"about":[{"href":"https:\/\/radiolifefm.com.br\/noticias\/wp-json\/wp\/v2\/types\/post"}],"author":[{"embeddable":true,"href":"https:\/\/radiolifefm.com.br\/noticias\/wp-json\/wp\/v2\/users\/13"}],"replies":[{"embeddable":true,"href":"https:\/\/radiolifefm.com.br\/noticias\/wp-json\/wp\/v2\/comments?post=40080"}],"version-history":[{"count":1,"href":"https:\/\/radiolifefm.com.br\/noticias\/wp-json\/wp\/v2\/posts\/40080\/revisions"}],"predecessor-version":[{"id":40082,"href":"https:\/\/radiolifefm.com.br\/noticias\/wp-json\/wp\/v2\/posts\/40080\/revisions\/40082"}],"wp:featuredmedia":[{"embeddable":true,"href":"https:\/\/radiolifefm.com.br\/noticias\/wp-json\/wp\/v2\/media\/40081"}],"wp:attachment":[{"href":"https:\/\/radiolifefm.com.br\/noticias\/wp-json\/wp\/v2\/media?parent=40080"}],"wp:term":[{"taxonomy":"category","embeddable":true,"href":"https:\/\/radiolifefm.com.br\/noticias\/wp-json\/wp\/v2\/categories?post=40080"},{"taxonomy":"post_tag","embeddable":true,"href":"https:\/\/radiolifefm.com.br\/noticias\/wp-json\/wp\/v2\/tags?post=40080"}],"curies":[{"name":"wp","href":"https:\/\/api.w.org\/{rel}","templated":true}]}}