{"id":40054,"date":"2021-06-23T10:19:19","date_gmt":"2021-06-23T13:19:19","guid":{"rendered":"https:\/\/radiolifefm.com.br\/noticias\/?p=40054"},"modified":"2026-04-03T21:02:51","modified_gmt":"2026-04-04T00:02:51","slug":"pv-orientou-vereadores-do-partido-a-rejeitarem-nomes-indicados-pelo-prefeito-a-reitoria-da-unifai","status":"publish","type":"post","link":"https:\/\/radiolifefm.com.br\/noticias\/pv-orientou-vereadores-do-partido-a-rejeitarem-nomes-indicados-pelo-prefeito-a-reitoria-da-unifai\/","title":{"rendered":"PV orientou vereadores do Partido a rejeitarem nomes indicados pelo prefeito \u00e0 reitoria da UniFAI"},"content":{"rendered":"<div id=\"fb-root\"><\/div>\n<p>O diret\u00f3rio municipal do Partido Verde (PV) de Adamantina, por meio de sua executiva local, publicou na tarde desta ter\u00e7a-feira (22) em sua fanpage uma\u00a0<a href=\"https:\/\/www.facebook.com\/PartidoVerdeAdamantina\/posts\/1194177654369054\"><strong>nota<\/strong>\u00a0<\/a>onde esclarece os votos dos dois vereadores do Partido na noite de ontem (21), na C\u00e2mara Municipal, quando da aprecia\u00e7\u00e3o do referendo aos nomes indicados pelo prefeito M\u00e1rcio Cardim (DEM) \u00e0 reitoria do Centro Universit\u00e1rio de Adamantina (UniFAI), para o mandado 2021\/2025.<\/p>\n<p>&nbsp;<\/p>\n<p>Na vota\u00e7\u00e3o de ontem, por 5&#215;4,\u00a0<a href=\"https:\/\/www.sigamais.com\/noticias\/educacao\/com-votos-do-podemos-pv-e-do-proprio-dem-nomes-indicados-pelo-prefeito-a-reitoria-sao-rejeitados\/\"><strong>os vereadores rejeitaram as indica\u00e7\u00f5es<\/strong><\/a>\u00a0de reitor e vice-reitor do prefeito. Dentro de suas atribui\u00e7\u00f5es e compet\u00eancias, e assegurado por lei, ele escolheu a chapa que ficou em segundo lugar na vota\u00e7\u00e3o realizada pelo Conselho Universit\u00e1rio da autarquia, rompendo com uma tradi\u00e7\u00e3o onde o Poder Executivo Municipal \u2013 mantenedor da UniFAI \u2013\u00a0\u00a0sempre reconheceu os nomes com maior vota\u00e7\u00e3o no colegiado para dirigir a institui\u00e7\u00e3o. A chapa indicada pelo prefeito recebeu 6 votos no Conselho Universit\u00e1rio. J\u00e1 a chapa que encabe\u00e7ou a lista tr\u00edplice, 12.<\/p>\n<p>&nbsp;<\/p>\n<p>A mesma legisla\u00e7\u00e3o que ampara a prerrogativa do prefeito em escolher os nomes que constam da lista tr\u00edplice, e n\u00e3o necessariamente o mais votado, tamb\u00e9m exige que a indica\u00e7\u00e3o seja submetida ao plen\u00e1rio do Poder Legislativo. A nomea\u00e7\u00e3o do reitor e vice-reitor s\u00f3 pode ocorrer\u00a0<em>ad referendum<\/em>, o que foi votado na noite desta segunda-feira, e rejeitado.<\/p>\n<p>&nbsp;<\/p>\n<p>A sess\u00e3o empatou em 4&#215;4 e o presidente da C\u00e2mara Municipal, vereador Paulo Cesar Cervelheira (PV), desempatou posicionando-se contr\u00e1rio \u00e0 escolha do prefeito, que n\u00e3o acolheu os nomes que lideraram a lista tr\u00edplice, e ficou com os nomes relacionados em segundo lugar.<\/p>\n<p>&nbsp;<\/p>\n<p>Diferente do vereador Paulo Cervelheira, a colega de partido na C\u00e2mara, Noriko Saito, votou favoravelmente \u00e0 indica\u00e7\u00e3o do prefeito.\u00a0O Partido sugeriu aos dois vereadores que, nas atuais circunst\u00e2ncias, rejeitassem os nomes indicados por Cardim, por\u00e9m o resultado foi outro.<\/p>\n<p>&nbsp;<\/p>\n<p>As duas posi\u00e7\u00f5es foram pontuadas pela nota do PV adamantinense. O Partido destaca, tamb\u00e9m, que respeita as decis\u00f5es, mesmo que divergentes, dos vereadores Paulo Cervelheira e Noriko Saito.\u00a0Veja a nota, na \u00edntegra:<\/p>\n<p>&nbsp;<\/p>\n<p><strong><em>\u201cNOTA DE ESCLARECIMENTO DA EXECUTIVA DO PARTIDO VERDE DE ADAMANTINA ACERCA DOS VOTOS DOS SEUS VEREADORES NA NOITE DESTA SEGUNDA-FEIRA, DIA 21 DE JUNHO.<\/em><\/strong><\/p>\n<p>&nbsp;<\/p>\n<p><em>O Diret\u00f3rio Executivo do Partido Verde de Adamantina vem, por meio deste comunicado, esclarecer que, internamente, sugeriu pela REJEI\u00c7\u00c3O dos nomes indicados pelo Prefeito M\u00e1rcio Cardim para assumirem a reitoria e vice reitoria do Centro Universit\u00e1rio de Adamantina \u2013 UnIFAI.\u00a0<\/em><\/p>\n<p><em>H\u00e1 semanas os membros do Diret\u00f3rio, colabores t\u00e9cnicos e os dois vereadores da legenda (Paulo Cervelheira e Noriko Saito), vinham debatendo assuntos relacionados ao tema para chegarem a uma conclus\u00e3o singular.\u00a0<\/em><\/p>\n<p><em>Neste processo ouviram professores, estudantes e funcion\u00e1rios da UnIFAI, tamb\u00e9m pol\u00edticos, t\u00e9cnicos, membros do Conselho Universit\u00e1rio e principalmente os componentes das chapas eleitas pelo Conselho.<\/em><\/p>\n<p><em>Diante dos debates internos, o Diret\u00f3rio SUGERIU aos dois vereadores pela REJEI\u00c7\u00c3O aos nomes, isso porque o Partido Verde de Adamantina sempre prezou pela independ\u00eancia, liberdade e autonomia das institui\u00e7\u00f5es.<\/em><\/p>\n<p><em>Entendeu o Partido Verde de Adamantina que o Conselho Universit\u00e1rio, atrav\u00e9s da vota\u00e7\u00e3o expressiva confiada \u00e0 chapa vencedora, manifestou a sua plena e cristalina vontade, e esta atitude deve ser respeitada acima de qualquer vontade individual.<\/em><\/p>\n<p><em>Todavia, o Diret\u00f3rio do Partido Verde concede aos seus vereadores total autonomia e liberdade quanto as suas escolhas.<\/em><\/p>\n<p><em>No tocante a qualquer projeto e tema a ser debatido e votado na C\u00e2mara Municipal de Adamantina, a Executiva deste Partido, internamente, discute, orienta e sugere, entretanto, n\u00e3o faz imposi\u00e7\u00f5es aos vereadores de sua legenda, uma vez que vivemos num Estado Democr\u00e1tico de Direito. Importante destacar que os eleitos pela popula\u00e7\u00e3o, atrav\u00e9s do voto, s\u00e3o os vereadores e n\u00e3o os membros do Diret\u00f3rio Executivo.<\/em><\/p>\n<p><em>Muitos se assustaram com os votos divergentes dos dois vereadores do PV, no entanto, ambos possuem suas pr\u00f3prias raz\u00f5es e convic\u00e7\u00f5es.<\/em><\/p>\n<p><em>Por todo o exposto, o Partido Verde de Adamantina deixa acenado que respeita as decis\u00f5es, mesmo que divergentes, dos vereadores Paulo Cervelheira e Noriko Saito.<\/em><\/p>\n<p><strong><em>Diret\u00f3rio Executivo do Partido Verde<\/em><\/strong><em>\u201d<\/em><\/p>\n<p><em>Fonte: Siga Mais<\/em><\/p>\n","protected":false},"excerpt":{"rendered":"<p>O diret\u00f3rio municipal do Partido Verde (PV) de Adamantina, por meio de sua executiva local, publicou na tarde desta ter\u00e7a-feira (22) em sua fanpage uma\u00a0nota\u00a0onde esclarece os votos dos dois vereadores do Partido na noite de ontem (21), na C\u00e2mara Municipal, quando da aprecia\u00e7\u00e3o do referendo aos nomes indicados pelo prefeito M\u00e1rcio Cardim (DEM) \u00e0 [&hellip;]<\/p>\n","protected":false},"author":13,"featured_media":40055,"comment_status":"closed","ping_status":"open","sticky":false,"template":"","format":"standard","meta":{"_acf_changed":false,"_exactmetrics_skip_tracking":false,"_exactmetrics_sitenote_active":false,"_exactmetrics_sitenote_note":"","_exactmetrics_sitenote_category":0,"footnotes":""},"categories":[21],"tags":[],"class_list":["post-40054","post","type-post","status-publish","format-standard","has-post-thumbnail","hentry","category-adamantina"],"acf":[],"yoast_head":"<!-- This site is optimized with the Yoast SEO plugin v27.2 - https:\/\/yoast.com\/product\/yoast-seo-wordpress\/ -->\n<title>PV orientou vereadores do Partido a rejeitarem nomes indicados pelo prefeito \u00e0 reitoria da UniFAI - R\u00e1dio Life FM<\/title>\n<meta name=\"robots\" content=\"index, follow, max-snippet:-1, max-image-preview:large, max-video-preview:-1\" \/>\n<link rel=\"canonical\" href=\"https:\/\/radiolifefm.com.br\/noticias\/pv-orientou-vereadores-do-partido-a-rejeitarem-nomes-indicados-pelo-prefeito-a-reitoria-da-unifai\/\" \/>\n<meta property=\"og:locale\" content=\"pt_BR\" \/>\n<meta property=\"og:type\" content=\"article\" \/>\n<meta property=\"og:title\" content=\"PV orientou vereadores do Partido a rejeitarem nomes indicados pelo prefeito \u00e0 reitoria da UniFAI - R\u00e1dio Life FM\" \/>\n<meta property=\"og:description\" content=\"O diret\u00f3rio municipal do Partido Verde (PV) de Adamantina, por meio de sua executiva local, publicou na tarde desta ter\u00e7a-feira (22) em sua fanpage uma\u00a0nota\u00a0onde esclarece os votos dos dois vereadores do Partido na noite de ontem (21), na C\u00e2mara Municipal, quando da aprecia\u00e7\u00e3o do referendo aos nomes indicados pelo prefeito M\u00e1rcio Cardim (DEM) \u00e0 [&hellip;]\" \/>\n<meta property=\"og:url\" content=\"https:\/\/radiolifefm.com.br\/noticias\/pv-orientou-vereadores-do-partido-a-rejeitarem-nomes-indicados-pelo-prefeito-a-reitoria-da-unifai\/\" \/>\n<meta property=\"og:site_name\" content=\"R\u00e1dio Life FM\" \/>\n<meta property=\"article:publisher\" content=\"https:\/\/www.facebook.com\/radiolifefm\/\" \/>\n<meta property=\"article:published_time\" content=\"2021-06-23T13:19:19+00:00\" \/>\n<meta property=\"article:modified_time\" content=\"2026-04-04T00:02:51+00:00\" \/>\n<meta property=\"og:image\" content=\"https:\/\/radiolifefm.com.br\/noticias\/wp-content\/uploads\/2021\/06\/sem-tatulo1jpg162440120460d2653427ec0.jpg\" \/>\n\t<meta property=\"og:image:width\" content=\"600\" \/>\n\t<meta property=\"og:image:height\" content=\"337\" \/>\n\t<meta property=\"og:image:type\" content=\"image\/jpeg\" \/>\n<meta name=\"author\" content=\"ritanery\" \/>\n<meta name=\"twitter:card\" content=\"summary_large_image\" \/>\n<meta name=\"twitter:label1\" content=\"Escrito por\" \/>\n\t<meta name=\"twitter:data1\" content=\"ritanery\" \/>\n\t<meta name=\"twitter:label2\" content=\"Est. tempo de leitura\" \/>\n\t<meta name=\"twitter:data2\" content=\"3 minutos\" \/>\n<script type=\"application\/ld+json\" class=\"yoast-schema-graph\">{\"@context\":\"https:\/\/schema.org\",\"@graph\":[{\"@type\":\"Article\",\"@id\":\"https:\/\/radiolifefm.com.br\/noticias\/pv-orientou-vereadores-do-partido-a-rejeitarem-nomes-indicados-pelo-prefeito-a-reitoria-da-unifai\/#article\",\"isPartOf\":{\"@id\":\"https:\/\/radiolifefm.com.br\/noticias\/pv-orientou-vereadores-do-partido-a-rejeitarem-nomes-indicados-pelo-prefeito-a-reitoria-da-unifai\/\"},\"author\":{\"name\":\"ritanery\",\"@id\":\"https:\/\/radiolifefm.com.br\/noticias\/#\/schema\/person\/6339b9fac59d12b071dec680d7375d87\"},\"headline\":\"PV orientou vereadores do Partido a rejeitarem nomes indicados pelo prefeito \u00e0 reitoria da UniFAI\",\"datePublished\":\"2021-06-23T13:19:19+00:00\",\"dateModified\":\"2026-04-04T00:02:51+00:00\",\"mainEntityOfPage\":{\"@id\":\"https:\/\/radiolifefm.com.br\/noticias\/pv-orientou-vereadores-do-partido-a-rejeitarem-nomes-indicados-pelo-prefeito-a-reitoria-da-unifai\/\"},\"wordCount\":732,\"publisher\":{\"@id\":\"https:\/\/radiolifefm.com.br\/noticias\/#organization\"},\"image\":{\"@id\":\"https:\/\/radiolifefm.com.br\/noticias\/pv-orientou-vereadores-do-partido-a-rejeitarem-nomes-indicados-pelo-prefeito-a-reitoria-da-unifai\/#primaryimage\"},\"thumbnailUrl\":\"https:\/\/radiolifefm.com.br\/noticias\/wp-content\/uploads\/2021\/06\/sem-tatulo1jpg162440120460d2653427ec0.jpg\",\"articleSection\":[\"Adamantina\"],\"inLanguage\":\"pt-BR\"},{\"@type\":\"WebPage\",\"@id\":\"https:\/\/radiolifefm.com.br\/noticias\/pv-orientou-vereadores-do-partido-a-rejeitarem-nomes-indicados-pelo-prefeito-a-reitoria-da-unifai\/\",\"url\":\"https:\/\/radiolifefm.com.br\/noticias\/pv-orientou-vereadores-do-partido-a-rejeitarem-nomes-indicados-pelo-prefeito-a-reitoria-da-unifai\/\",\"name\":\"PV orientou vereadores do Partido a rejeitarem nomes indicados pelo prefeito \u00e0 reitoria da UniFAI - R\u00e1dio Life FM\",\"isPartOf\":{\"@id\":\"https:\/\/radiolifefm.com.br\/noticias\/#website\"},\"primaryImageOfPage\":{\"@id\":\"https:\/\/radiolifefm.com.br\/noticias\/pv-orientou-vereadores-do-partido-a-rejeitarem-nomes-indicados-pelo-prefeito-a-reitoria-da-unifai\/#primaryimage\"},\"image\":{\"@id\":\"https:\/\/radiolifefm.com.br\/noticias\/pv-orientou-vereadores-do-partido-a-rejeitarem-nomes-indicados-pelo-prefeito-a-reitoria-da-unifai\/#primaryimage\"},\"thumbnailUrl\":\"https:\/\/radiolifefm.com.br\/noticias\/wp-content\/uploads\/2021\/06\/sem-tatulo1jpg162440120460d2653427ec0.jpg\",\"datePublished\":\"2021-06-23T13:19:19+00:00\",\"dateModified\":\"2026-04-04T00:02:51+00:00\",\"breadcrumb\":{\"@id\":\"https:\/\/radiolifefm.com.br\/noticias\/pv-orientou-vereadores-do-partido-a-rejeitarem-nomes-indicados-pelo-prefeito-a-reitoria-da-unifai\/#breadcrumb\"},\"inLanguage\":\"pt-BR\",\"potentialAction\":[{\"@type\":\"ReadAction\",\"target\":[\"https:\/\/radiolifefm.com.br\/noticias\/pv-orientou-vereadores-do-partido-a-rejeitarem-nomes-indicados-pelo-prefeito-a-reitoria-da-unifai\/\"]}]},{\"@type\":\"ImageObject\",\"inLanguage\":\"pt-BR\",\"@id\":\"https:\/\/radiolifefm.com.br\/noticias\/pv-orientou-vereadores-do-partido-a-rejeitarem-nomes-indicados-pelo-prefeito-a-reitoria-da-unifai\/#primaryimage\",\"url\":\"https:\/\/radiolifefm.com.br\/noticias\/wp-content\/uploads\/2021\/06\/sem-tatulo1jpg162440120460d2653427ec0.jpg\",\"contentUrl\":\"https:\/\/radiolifefm.com.br\/noticias\/wp-content\/uploads\/2021\/06\/sem-tatulo1jpg162440120460d2653427ec0.jpg\",\"width\":600,\"height\":337,\"caption\":\"Mesmo com a orienta\u00e7\u00e3o do partido, os dois vereadores do PV votaram diferentes.\"},{\"@type\":\"BreadcrumbList\",\"@id\":\"https:\/\/radiolifefm.com.br\/noticias\/pv-orientou-vereadores-do-partido-a-rejeitarem-nomes-indicados-pelo-prefeito-a-reitoria-da-unifai\/#breadcrumb\",\"itemListElement\":[{\"@type\":\"ListItem\",\"position\":1,\"name\":\"In\u00edcio\",\"item\":\"https:\/\/radiolifefm.com.br\/noticias\/\"},{\"@type\":\"ListItem\",\"position\":2,\"name\":\"PV orientou vereadores do Partido a rejeitarem nomes indicados pelo prefeito \u00e0 reitoria da UniFAI\"}]},{\"@type\":\"WebSite\",\"@id\":\"https:\/\/radiolifefm.com.br\/noticias\/#website\",\"url\":\"https:\/\/radiolifefm.com.br\/noticias\/\",\"name\":\"R\u00e1dio Life FM\",\"description\":\"O Portal de Not\u00edcias de Adamantina\",\"publisher\":{\"@id\":\"https:\/\/radiolifefm.com.br\/noticias\/#organization\"},\"alternateName\":\"Life FM\",\"potentialAction\":[{\"@type\":\"SearchAction\",\"target\":{\"@type\":\"EntryPoint\",\"urlTemplate\":\"https:\/\/radiolifefm.com.br\/noticias\/?s={search_term_string}\"},\"query-input\":{\"@type\":\"PropertyValueSpecification\",\"valueRequired\":true,\"valueName\":\"search_term_string\"}}],\"inLanguage\":\"pt-BR\"},{\"@type\":\"Organization\",\"@id\":\"https:\/\/radiolifefm.com.br\/noticias\/#organization\",\"name\":\"R\u00e1dio Life FM\",\"alternateName\":\"Life FM\",\"url\":\"https:\/\/radiolifefm.com.br\/noticias\/\",\"logo\":{\"@type\":\"ImageObject\",\"inLanguage\":\"pt-BR\",\"@id\":\"https:\/\/radiolifefm.com.br\/noticias\/#\/schema\/logo\/image\/\",\"url\":\"https:\/\/static.radiolifefm.com.br\/noticias\/wp-content\/uploads\/2019\/10\/logo-lifefm.png\",\"contentUrl\":\"https:\/\/static.radiolifefm.com.br\/noticias\/wp-content\/uploads\/2019\/10\/logo-lifefm.png\",\"width\":196,\"height\":47,\"caption\":\"R\u00e1dio Life FM\"},\"image\":{\"@id\":\"https:\/\/radiolifefm.com.br\/noticias\/#\/schema\/logo\/image\/\"},\"sameAs\":[\"https:\/\/www.facebook.com\/radiolifefm\/\",\"https:\/\/www.instagram.com\/life1079fm\/\"]},{\"@type\":\"Person\",\"@id\":\"https:\/\/radiolifefm.com.br\/noticias\/#\/schema\/person\/6339b9fac59d12b071dec680d7375d87\",\"name\":\"ritanery\",\"image\":{\"@type\":\"ImageObject\",\"inLanguage\":\"pt-BR\",\"@id\":\"https:\/\/secure.gravatar.com\/avatar\/0e37bb19071f47c0b8a23f62a903df117c5a0e75f65a0c2901562f97cd41cf86?s=96&d=mm&r=g\",\"url\":\"https:\/\/secure.gravatar.com\/avatar\/0e37bb19071f47c0b8a23f62a903df117c5a0e75f65a0c2901562f97cd41cf86?s=96&d=mm&r=g\",\"contentUrl\":\"https:\/\/secure.gravatar.com\/avatar\/0e37bb19071f47c0b8a23f62a903df117c5a0e75f65a0c2901562f97cd41cf86?s=96&d=mm&r=g\",\"caption\":\"ritanery\"}}]}<\/script>\n<!-- \/ Yoast SEO plugin. -->","yoast_head_json":{"title":"PV orientou vereadores do Partido a rejeitarem nomes indicados pelo prefeito \u00e0 reitoria da UniFAI - R\u00e1dio Life FM","robots":{"index":"index","follow":"follow","max-snippet":"max-snippet:-1","max-image-preview":"max-image-preview:large","max-video-preview":"max-video-preview:-1"},"canonical":"https:\/\/radiolifefm.com.br\/noticias\/pv-orientou-vereadores-do-partido-a-rejeitarem-nomes-indicados-pelo-prefeito-a-reitoria-da-unifai\/","og_locale":"pt_BR","og_type":"article","og_title":"PV orientou vereadores do Partido a rejeitarem nomes indicados pelo prefeito \u00e0 reitoria da UniFAI - R\u00e1dio Life FM","og_description":"O diret\u00f3rio municipal do Partido Verde (PV) de Adamantina, por meio de sua executiva local, publicou na tarde desta ter\u00e7a-feira (22) em sua fanpage uma\u00a0nota\u00a0onde esclarece os votos dos dois vereadores do Partido na noite de ontem (21), na C\u00e2mara Municipal, quando da aprecia\u00e7\u00e3o do referendo aos nomes indicados pelo prefeito M\u00e1rcio Cardim (DEM) \u00e0 [&hellip;]","og_url":"https:\/\/radiolifefm.com.br\/noticias\/pv-orientou-vereadores-do-partido-a-rejeitarem-nomes-indicados-pelo-prefeito-a-reitoria-da-unifai\/","og_site_name":"R\u00e1dio Life FM","article_publisher":"https:\/\/www.facebook.com\/radiolifefm\/","article_published_time":"2021-06-23T13:19:19+00:00","article_modified_time":"2026-04-04T00:02:51+00:00","og_image":[{"width":600,"height":337,"url":"https:\/\/radiolifefm.com.br\/noticias\/wp-content\/uploads\/2021\/06\/sem-tatulo1jpg162440120460d2653427ec0.jpg","type":"image\/jpeg"}],"author":"ritanery","twitter_card":"summary_large_image","twitter_misc":{"Escrito por":"ritanery","Est. tempo de leitura":"3 minutos"},"schema":{"@context":"https:\/\/schema.org","@graph":[{"@type":"Article","@id":"https:\/\/radiolifefm.com.br\/noticias\/pv-orientou-vereadores-do-partido-a-rejeitarem-nomes-indicados-pelo-prefeito-a-reitoria-da-unifai\/#article","isPartOf":{"@id":"https:\/\/radiolifefm.com.br\/noticias\/pv-orientou-vereadores-do-partido-a-rejeitarem-nomes-indicados-pelo-prefeito-a-reitoria-da-unifai\/"},"author":{"name":"ritanery","@id":"https:\/\/radiolifefm.com.br\/noticias\/#\/schema\/person\/6339b9fac59d12b071dec680d7375d87"},"headline":"PV orientou vereadores do Partido a rejeitarem nomes indicados pelo prefeito \u00e0 reitoria da UniFAI","datePublished":"2021-06-23T13:19:19+00:00","dateModified":"2026-04-04T00:02:51+00:00","mainEntityOfPage":{"@id":"https:\/\/radiolifefm.com.br\/noticias\/pv-orientou-vereadores-do-partido-a-rejeitarem-nomes-indicados-pelo-prefeito-a-reitoria-da-unifai\/"},"wordCount":732,"publisher":{"@id":"https:\/\/radiolifefm.com.br\/noticias\/#organization"},"image":{"@id":"https:\/\/radiolifefm.com.br\/noticias\/pv-orientou-vereadores-do-partido-a-rejeitarem-nomes-indicados-pelo-prefeito-a-reitoria-da-unifai\/#primaryimage"},"thumbnailUrl":"https:\/\/radiolifefm.com.br\/noticias\/wp-content\/uploads\/2021\/06\/sem-tatulo1jpg162440120460d2653427ec0.jpg","articleSection":["Adamantina"],"inLanguage":"pt-BR"},{"@type":"WebPage","@id":"https:\/\/radiolifefm.com.br\/noticias\/pv-orientou-vereadores-do-partido-a-rejeitarem-nomes-indicados-pelo-prefeito-a-reitoria-da-unifai\/","url":"https:\/\/radiolifefm.com.br\/noticias\/pv-orientou-vereadores-do-partido-a-rejeitarem-nomes-indicados-pelo-prefeito-a-reitoria-da-unifai\/","name":"PV orientou vereadores do Partido a rejeitarem nomes indicados pelo prefeito \u00e0 reitoria da UniFAI - R\u00e1dio Life FM","isPartOf":{"@id":"https:\/\/radiolifefm.com.br\/noticias\/#website"},"primaryImageOfPage":{"@id":"https:\/\/radiolifefm.com.br\/noticias\/pv-orientou-vereadores-do-partido-a-rejeitarem-nomes-indicados-pelo-prefeito-a-reitoria-da-unifai\/#primaryimage"},"image":{"@id":"https:\/\/radiolifefm.com.br\/noticias\/pv-orientou-vereadores-do-partido-a-rejeitarem-nomes-indicados-pelo-prefeito-a-reitoria-da-unifai\/#primaryimage"},"thumbnailUrl":"https:\/\/radiolifefm.com.br\/noticias\/wp-content\/uploads\/2021\/06\/sem-tatulo1jpg162440120460d2653427ec0.jpg","datePublished":"2021-06-23T13:19:19+00:00","dateModified":"2026-04-04T00:02:51+00:00","breadcrumb":{"@id":"https:\/\/radiolifefm.com.br\/noticias\/pv-orientou-vereadores-do-partido-a-rejeitarem-nomes-indicados-pelo-prefeito-a-reitoria-da-unifai\/#breadcrumb"},"inLanguage":"pt-BR","potentialAction":[{"@type":"ReadAction","target":["https:\/\/radiolifefm.com.br\/noticias\/pv-orientou-vereadores-do-partido-a-rejeitarem-nomes-indicados-pelo-prefeito-a-reitoria-da-unifai\/"]}]},{"@type":"ImageObject","inLanguage":"pt-BR","@id":"https:\/\/radiolifefm.com.br\/noticias\/pv-orientou-vereadores-do-partido-a-rejeitarem-nomes-indicados-pelo-prefeito-a-reitoria-da-unifai\/#primaryimage","url":"https:\/\/radiolifefm.com.br\/noticias\/wp-content\/uploads\/2021\/06\/sem-tatulo1jpg162440120460d2653427ec0.jpg","contentUrl":"https:\/\/radiolifefm.com.br\/noticias\/wp-content\/uploads\/2021\/06\/sem-tatulo1jpg162440120460d2653427ec0.jpg","width":600,"height":337,"caption":"Mesmo com a orienta\u00e7\u00e3o do partido, os dois vereadores do PV votaram diferentes."},{"@type":"BreadcrumbList","@id":"https:\/\/radiolifefm.com.br\/noticias\/pv-orientou-vereadores-do-partido-a-rejeitarem-nomes-indicados-pelo-prefeito-a-reitoria-da-unifai\/#breadcrumb","itemListElement":[{"@type":"ListItem","position":1,"name":"In\u00edcio","item":"https:\/\/radiolifefm.com.br\/noticias\/"},{"@type":"ListItem","position":2,"name":"PV orientou vereadores do Partido a rejeitarem nomes indicados pelo prefeito \u00e0 reitoria da UniFAI"}]},{"@type":"WebSite","@id":"https:\/\/radiolifefm.com.br\/noticias\/#website","url":"https:\/\/radiolifefm.com.br\/noticias\/","name":"R\u00e1dio Life FM","description":"O Portal de Not\u00edcias de Adamantina","publisher":{"@id":"https:\/\/radiolifefm.com.br\/noticias\/#organization"},"alternateName":"Life FM","potentialAction":[{"@type":"SearchAction","target":{"@type":"EntryPoint","urlTemplate":"https:\/\/radiolifefm.com.br\/noticias\/?s={search_term_string}"},"query-input":{"@type":"PropertyValueSpecification","valueRequired":true,"valueName":"search_term_string"}}],"inLanguage":"pt-BR"},{"@type":"Organization","@id":"https:\/\/radiolifefm.com.br\/noticias\/#organization","name":"R\u00e1dio Life FM","alternateName":"Life FM","url":"https:\/\/radiolifefm.com.br\/noticias\/","logo":{"@type":"ImageObject","inLanguage":"pt-BR","@id":"https:\/\/radiolifefm.com.br\/noticias\/#\/schema\/logo\/image\/","url":"https:\/\/static.radiolifefm.com.br\/noticias\/wp-content\/uploads\/2019\/10\/logo-lifefm.png","contentUrl":"https:\/\/static.radiolifefm.com.br\/noticias\/wp-content\/uploads\/2019\/10\/logo-lifefm.png","width":196,"height":47,"caption":"R\u00e1dio Life FM"},"image":{"@id":"https:\/\/radiolifefm.com.br\/noticias\/#\/schema\/logo\/image\/"},"sameAs":["https:\/\/www.facebook.com\/radiolifefm\/","https:\/\/www.instagram.com\/life1079fm\/"]},{"@type":"Person","@id":"https:\/\/radiolifefm.com.br\/noticias\/#\/schema\/person\/6339b9fac59d12b071dec680d7375d87","name":"ritanery","image":{"@type":"ImageObject","inLanguage":"pt-BR","@id":"https:\/\/secure.gravatar.com\/avatar\/0e37bb19071f47c0b8a23f62a903df117c5a0e75f65a0c2901562f97cd41cf86?s=96&d=mm&r=g","url":"https:\/\/secure.gravatar.com\/avatar\/0e37bb19071f47c0b8a23f62a903df117c5a0e75f65a0c2901562f97cd41cf86?s=96&d=mm&r=g","contentUrl":"https:\/\/secure.gravatar.com\/avatar\/0e37bb19071f47c0b8a23f62a903df117c5a0e75f65a0c2901562f97cd41cf86?s=96&d=mm&r=g","caption":"ritanery"}}]}},"amp_enabled":true,"_links":{"self":[{"href":"https:\/\/radiolifefm.com.br\/noticias\/wp-json\/wp\/v2\/posts\/40054","targetHints":{"allow":["GET"]}}],"collection":[{"href":"https:\/\/radiolifefm.com.br\/noticias\/wp-json\/wp\/v2\/posts"}],"about":[{"href":"https:\/\/radiolifefm.com.br\/noticias\/wp-json\/wp\/v2\/types\/post"}],"author":[{"embeddable":true,"href":"https:\/\/radiolifefm.com.br\/noticias\/wp-json\/wp\/v2\/users\/13"}],"replies":[{"embeddable":true,"href":"https:\/\/radiolifefm.com.br\/noticias\/wp-json\/wp\/v2\/comments?post=40054"}],"version-history":[{"count":2,"href":"https:\/\/radiolifefm.com.br\/noticias\/wp-json\/wp\/v2\/posts\/40054\/revisions"}],"predecessor-version":[{"id":40057,"href":"https:\/\/radiolifefm.com.br\/noticias\/wp-json\/wp\/v2\/posts\/40054\/revisions\/40057"}],"wp:featuredmedia":[{"embeddable":true,"href":"https:\/\/radiolifefm.com.br\/noticias\/wp-json\/wp\/v2\/media\/40055"}],"wp:attachment":[{"href":"https:\/\/radiolifefm.com.br\/noticias\/wp-json\/wp\/v2\/media?parent=40054"}],"wp:term":[{"taxonomy":"category","embeddable":true,"href":"https:\/\/radiolifefm.com.br\/noticias\/wp-json\/wp\/v2\/categories?post=40054"},{"taxonomy":"post_tag","embeddable":true,"href":"https:\/\/radiolifefm.com.br\/noticias\/wp-json\/wp\/v2\/tags?post=40054"}],"curies":[{"name":"wp","href":"https:\/\/api.w.org\/{rel}","templated":true}]}}