{"id":40027,"date":"2021-06-21T21:55:11","date_gmt":"2021-06-22T00:55:11","guid":{"rendered":"https:\/\/radiolifefm.com.br\/noticias\/?p=40027"},"modified":"2026-04-18T15:41:11","modified_gmt":"2026-04-18T18:41:11","slug":"casa-da-amizade-entrega-brinquedoteca-ao-conselho-tutelar-de-adamantina","status":"publish","type":"post","link":"https:\/\/radiolifefm.com.br\/noticias\/casa-da-amizade-entrega-brinquedoteca-ao-conselho-tutelar-de-adamantina\/","title":{"rendered":"Casa da Amizade entrega brinquedoteca ao Conselho Tutelar de Adamantina"},"content":{"rendered":"<div id=\"fb-root\"><\/div>\n<p>O Conselho Tutelar de Adamantina recebeu da Casa da Amizade de Adamantina uma brinquedoteca que \u00e9 composta por tatame, lego com 400 pe\u00e7as, bonecas e bonecos, carrinhos, 50 livros para colorir, livros de leitura, l\u00e1pis de cor, banco tipo poof, caixa organizadora e poltrona.<\/p>\n<p>&nbsp;<\/p>\n<p>A entrega oficial contou com a presen\u00e7a do prefeito M\u00e1rcio Cardim, da vice-prefeita Maria de Lourdes Santos Gil, secretaria de assist\u00eancia social, Andreia Regina Ribeiro, do presidente da C\u00e2mara, Paulo Cervelheira, a presidente da Casa da Amizade,\u00a0M\u00e1rcia Aparecida Soares Coelva\u00a0Lupo e a futura presidente, Lucia\u00a0de Oliveira, os integrantes do Conselho Tutelar e a presidente do Conselho Municipal da Crian\u00e7as e do Adolescente, Franciele Guarino Peron.<\/p>\n<p>&nbsp;<\/p>\n<p>A presidente da Casa da Amizade, M\u00e1rcia Lupo, comenta que a brinquedoeca foi adquirida com recursos da Casa da Amizade. \u201cN\u00f3s recebemos diversos of\u00edcios pedindo ajuda e optamos pelo do Conselho Tutelar. O nosso desejo \u00e9 oferecer conforto para as crian\u00e7as que s\u00e3o atendidas no espa\u00e7o\u201d, comenta.<\/p>\n<p>&nbsp;<\/p>\n<p>Vagner Ant\u00f4nio Mantovani, presidente do Conselho Tutelar, agradece a doa\u00e7\u00e3o feita pela Casa da Amizade de Adamantina. \u201cA brinquedoteca ser\u00e1 usada pelas crian\u00e7as tanto para recrea\u00e7\u00e3o l\u00fadica e tamb\u00e9m como uma sala de escuta para que os nossos trabalhos sejam efetuados\u201d, afirma.<\/p>\n<p>&nbsp;<\/p>\n<p>Em Adamantina, a\u00a0Casa\u00a0da\u00a0Amizade\u00a0est\u00e1 presente desde novembro de 1966 atuando h\u00e1 mais de 50 anos com obras destinadas a todos os que legitimamente necessitam de apoio.<\/p>\n<p>&nbsp;<\/p>\n<p><strong>O que \u00e9 a\u00a0Casa\u00a0da\u00a0Amizade\u00a0&#8211;<\/strong>\u00a0A\u00a0Casa\u00a0da\u00a0Amizade\u00a0de Adamantina \u00e9 uma associa\u00e7\u00e3o composta por senhoras de rotarianos, cuja a\u00e7\u00e3o principal \u00e9 a benemer\u00eancia e a filantropia, com a finalidade de atender atrav\u00e9s de suas obras a todos que legitimamente necessitem de apoio.<\/p>\n<p>Desenvolve atividades de aux\u00edlio e coopera\u00e7\u00e3o junto a v\u00e1rias institui\u00e7\u00f5es filantr\u00f3picas do munic\u00edpio.<\/p>\n<p>&nbsp;<\/p>\n<p>Fonte: Assessoria de Imprensa<\/p>\n","protected":false},"excerpt":{"rendered":"<p>O Conselho Tutelar de Adamantina recebeu da Casa da Amizade de Adamantina uma brinquedoteca que \u00e9 composta por tatame, lego com 400 pe\u00e7as, bonecas e bonecos, carrinhos, 50 livros para colorir, livros de leitura, l\u00e1pis de cor, banco tipo poof, caixa organizadora e poltrona. &nbsp; A entrega oficial contou com a presen\u00e7a do prefeito M\u00e1rcio [&hellip;]<\/p>\n","protected":false},"author":13,"featured_media":40028,"comment_status":"closed","ping_status":"open","sticky":false,"template":"","format":"standard","meta":{"_acf_changed":false,"_exactmetrics_skip_tracking":false,"_exactmetrics_sitenote_active":false,"_exactmetrics_sitenote_note":"","_exactmetrics_sitenote_category":0,"footnotes":""},"categories":[21],"tags":[],"class_list":["post-40027","post","type-post","status-publish","format-standard","has-post-thumbnail","hentry","category-adamantina"],"acf":[],"yoast_head":"<!-- This site is optimized with the Yoast SEO plugin v27.2 - https:\/\/yoast.com\/product\/yoast-seo-wordpress\/ -->\n<title>Casa da Amizade entrega brinquedoteca ao Conselho Tutelar de Adamantina - R\u00e1dio Life FM<\/title>\n<meta name=\"robots\" content=\"index, follow, max-snippet:-1, max-image-preview:large, max-video-preview:-1\" \/>\n<link rel=\"canonical\" href=\"https:\/\/radiolifefm.com.br\/noticias\/casa-da-amizade-entrega-brinquedoteca-ao-conselho-tutelar-de-adamantina\/\" \/>\n<meta property=\"og:locale\" content=\"pt_BR\" \/>\n<meta property=\"og:type\" content=\"article\" \/>\n<meta property=\"og:title\" content=\"Casa da Amizade entrega brinquedoteca ao Conselho Tutelar de Adamantina - R\u00e1dio Life FM\" \/>\n<meta property=\"og:description\" content=\"O Conselho Tutelar de Adamantina recebeu da Casa da Amizade de Adamantina uma brinquedoteca que \u00e9 composta por tatame, lego com 400 pe\u00e7as, bonecas e bonecos, carrinhos, 50 livros para colorir, livros de leitura, l\u00e1pis de cor, banco tipo poof, caixa organizadora e poltrona. &nbsp; A entrega oficial contou com a presen\u00e7a do prefeito M\u00e1rcio [&hellip;]\" \/>\n<meta property=\"og:url\" content=\"https:\/\/radiolifefm.com.br\/noticias\/casa-da-amizade-entrega-brinquedoteca-ao-conselho-tutelar-de-adamantina\/\" \/>\n<meta property=\"og:site_name\" content=\"R\u00e1dio Life FM\" \/>\n<meta property=\"article:publisher\" content=\"https:\/\/www.facebook.com\/radiolifefm\/\" \/>\n<meta property=\"article:published_time\" content=\"2021-06-22T00:55:11+00:00\" \/>\n<meta property=\"article:modified_time\" content=\"2026-04-18T18:41:11+00:00\" \/>\n<meta property=\"og:image\" content=\"https:\/\/radiolifefm.com.br\/noticias\/wp-content\/uploads\/2021\/06\/foto-1-2-scaled.jpg\" \/>\n\t<meta property=\"og:image:width\" content=\"2560\" \/>\n\t<meta property=\"og:image:height\" content=\"1711\" \/>\n\t<meta property=\"og:image:type\" content=\"image\/jpeg\" \/>\n<meta name=\"author\" content=\"ritanery\" \/>\n<meta name=\"twitter:card\" content=\"summary_large_image\" \/>\n<meta name=\"twitter:label1\" content=\"Escrito por\" \/>\n\t<meta name=\"twitter:data1\" content=\"ritanery\" \/>\n\t<meta name=\"twitter:label2\" content=\"Est. tempo de leitura\" \/>\n\t<meta name=\"twitter:data2\" content=\"2 minutos\" \/>\n<script type=\"application\/ld+json\" class=\"yoast-schema-graph\">{\"@context\":\"https:\/\/schema.org\",\"@graph\":[{\"@type\":\"Article\",\"@id\":\"https:\/\/radiolifefm.com.br\/noticias\/casa-da-amizade-entrega-brinquedoteca-ao-conselho-tutelar-de-adamantina\/#article\",\"isPartOf\":{\"@id\":\"https:\/\/radiolifefm.com.br\/noticias\/casa-da-amizade-entrega-brinquedoteca-ao-conselho-tutelar-de-adamantina\/\"},\"author\":{\"name\":\"ritanery\",\"@id\":\"https:\/\/radiolifefm.com.br\/noticias\/#\/schema\/person\/6339b9fac59d12b071dec680d7375d87\"},\"headline\":\"Casa da Amizade entrega brinquedoteca ao Conselho Tutelar de Adamantina\",\"datePublished\":\"2021-06-22T00:55:11+00:00\",\"dateModified\":\"2026-04-18T18:41:11+00:00\",\"mainEntityOfPage\":{\"@id\":\"https:\/\/radiolifefm.com.br\/noticias\/casa-da-amizade-entrega-brinquedoteca-ao-conselho-tutelar-de-adamantina\/\"},\"wordCount\":331,\"publisher\":{\"@id\":\"https:\/\/radiolifefm.com.br\/noticias\/#organization\"},\"image\":{\"@id\":\"https:\/\/radiolifefm.com.br\/noticias\/casa-da-amizade-entrega-brinquedoteca-ao-conselho-tutelar-de-adamantina\/#primaryimage\"},\"thumbnailUrl\":\"https:\/\/radiolifefm.com.br\/noticias\/wp-content\/uploads\/2021\/06\/foto-1-2-scaled.jpg\",\"articleSection\":[\"Adamantina\"],\"inLanguage\":\"pt-BR\"},{\"@type\":\"WebPage\",\"@id\":\"https:\/\/radiolifefm.com.br\/noticias\/casa-da-amizade-entrega-brinquedoteca-ao-conselho-tutelar-de-adamantina\/\",\"url\":\"https:\/\/radiolifefm.com.br\/noticias\/casa-da-amizade-entrega-brinquedoteca-ao-conselho-tutelar-de-adamantina\/\",\"name\":\"Casa da Amizade entrega brinquedoteca ao Conselho Tutelar de Adamantina - R\u00e1dio Life FM\",\"isPartOf\":{\"@id\":\"https:\/\/radiolifefm.com.br\/noticias\/#website\"},\"primaryImageOfPage\":{\"@id\":\"https:\/\/radiolifefm.com.br\/noticias\/casa-da-amizade-entrega-brinquedoteca-ao-conselho-tutelar-de-adamantina\/#primaryimage\"},\"image\":{\"@id\":\"https:\/\/radiolifefm.com.br\/noticias\/casa-da-amizade-entrega-brinquedoteca-ao-conselho-tutelar-de-adamantina\/#primaryimage\"},\"thumbnailUrl\":\"https:\/\/radiolifefm.com.br\/noticias\/wp-content\/uploads\/2021\/06\/foto-1-2-scaled.jpg\",\"datePublished\":\"2021-06-22T00:55:11+00:00\",\"dateModified\":\"2026-04-18T18:41:11+00:00\",\"breadcrumb\":{\"@id\":\"https:\/\/radiolifefm.com.br\/noticias\/casa-da-amizade-entrega-brinquedoteca-ao-conselho-tutelar-de-adamantina\/#breadcrumb\"},\"inLanguage\":\"pt-BR\",\"potentialAction\":[{\"@type\":\"ReadAction\",\"target\":[\"https:\/\/radiolifefm.com.br\/noticias\/casa-da-amizade-entrega-brinquedoteca-ao-conselho-tutelar-de-adamantina\/\"]}]},{\"@type\":\"ImageObject\",\"inLanguage\":\"pt-BR\",\"@id\":\"https:\/\/radiolifefm.com.br\/noticias\/casa-da-amizade-entrega-brinquedoteca-ao-conselho-tutelar-de-adamantina\/#primaryimage\",\"url\":\"https:\/\/radiolifefm.com.br\/noticias\/wp-content\/uploads\/2021\/06\/foto-1-2-scaled.jpg\",\"contentUrl\":\"https:\/\/radiolifefm.com.br\/noticias\/wp-content\/uploads\/2021\/06\/foto-1-2-scaled.jpg\",\"width\":2560,\"height\":1711},{\"@type\":\"BreadcrumbList\",\"@id\":\"https:\/\/radiolifefm.com.br\/noticias\/casa-da-amizade-entrega-brinquedoteca-ao-conselho-tutelar-de-adamantina\/#breadcrumb\",\"itemListElement\":[{\"@type\":\"ListItem\",\"position\":1,\"name\":\"In\u00edcio\",\"item\":\"https:\/\/radiolifefm.com.br\/noticias\/\"},{\"@type\":\"ListItem\",\"position\":2,\"name\":\"Casa da Amizade entrega brinquedoteca ao Conselho Tutelar de Adamantina\"}]},{\"@type\":\"WebSite\",\"@id\":\"https:\/\/radiolifefm.com.br\/noticias\/#website\",\"url\":\"https:\/\/radiolifefm.com.br\/noticias\/\",\"name\":\"R\u00e1dio Life FM\",\"description\":\"O Portal de Not\u00edcias de Adamantina\",\"publisher\":{\"@id\":\"https:\/\/radiolifefm.com.br\/noticias\/#organization\"},\"alternateName\":\"Life FM\",\"potentialAction\":[{\"@type\":\"SearchAction\",\"target\":{\"@type\":\"EntryPoint\",\"urlTemplate\":\"https:\/\/radiolifefm.com.br\/noticias\/?s={search_term_string}\"},\"query-input\":{\"@type\":\"PropertyValueSpecification\",\"valueRequired\":true,\"valueName\":\"search_term_string\"}}],\"inLanguage\":\"pt-BR\"},{\"@type\":\"Organization\",\"@id\":\"https:\/\/radiolifefm.com.br\/noticias\/#organization\",\"name\":\"R\u00e1dio Life FM\",\"alternateName\":\"Life FM\",\"url\":\"https:\/\/radiolifefm.com.br\/noticias\/\",\"logo\":{\"@type\":\"ImageObject\",\"inLanguage\":\"pt-BR\",\"@id\":\"https:\/\/radiolifefm.com.br\/noticias\/#\/schema\/logo\/image\/\",\"url\":\"https:\/\/static.radiolifefm.com.br\/noticias\/wp-content\/uploads\/2019\/10\/logo-lifefm.png\",\"contentUrl\":\"https:\/\/static.radiolifefm.com.br\/noticias\/wp-content\/uploads\/2019\/10\/logo-lifefm.png\",\"width\":196,\"height\":47,\"caption\":\"R\u00e1dio Life FM\"},\"image\":{\"@id\":\"https:\/\/radiolifefm.com.br\/noticias\/#\/schema\/logo\/image\/\"},\"sameAs\":[\"https:\/\/www.facebook.com\/radiolifefm\/\",\"https:\/\/www.instagram.com\/life1079fm\/\"]},{\"@type\":\"Person\",\"@id\":\"https:\/\/radiolifefm.com.br\/noticias\/#\/schema\/person\/6339b9fac59d12b071dec680d7375d87\",\"name\":\"ritanery\",\"image\":{\"@type\":\"ImageObject\",\"inLanguage\":\"pt-BR\",\"@id\":\"https:\/\/secure.gravatar.com\/avatar\/0e37bb19071f47c0b8a23f62a903df117c5a0e75f65a0c2901562f97cd41cf86?s=96&d=mm&r=g\",\"url\":\"https:\/\/secure.gravatar.com\/avatar\/0e37bb19071f47c0b8a23f62a903df117c5a0e75f65a0c2901562f97cd41cf86?s=96&d=mm&r=g\",\"contentUrl\":\"https:\/\/secure.gravatar.com\/avatar\/0e37bb19071f47c0b8a23f62a903df117c5a0e75f65a0c2901562f97cd41cf86?s=96&d=mm&r=g\",\"caption\":\"ritanery\"}}]}<\/script>\n<!-- \/ Yoast SEO plugin. -->","yoast_head_json":{"title":"Casa da Amizade entrega brinquedoteca ao Conselho Tutelar de Adamantina - R\u00e1dio Life FM","robots":{"index":"index","follow":"follow","max-snippet":"max-snippet:-1","max-image-preview":"max-image-preview:large","max-video-preview":"max-video-preview:-1"},"canonical":"https:\/\/radiolifefm.com.br\/noticias\/casa-da-amizade-entrega-brinquedoteca-ao-conselho-tutelar-de-adamantina\/","og_locale":"pt_BR","og_type":"article","og_title":"Casa da Amizade entrega brinquedoteca ao Conselho Tutelar de Adamantina - R\u00e1dio Life FM","og_description":"O Conselho Tutelar de Adamantina recebeu da Casa da Amizade de Adamantina uma brinquedoteca que \u00e9 composta por tatame, lego com 400 pe\u00e7as, bonecas e bonecos, carrinhos, 50 livros para colorir, livros de leitura, l\u00e1pis de cor, banco tipo poof, caixa organizadora e poltrona. &nbsp; A entrega oficial contou com a presen\u00e7a do prefeito M\u00e1rcio [&hellip;]","og_url":"https:\/\/radiolifefm.com.br\/noticias\/casa-da-amizade-entrega-brinquedoteca-ao-conselho-tutelar-de-adamantina\/","og_site_name":"R\u00e1dio Life FM","article_publisher":"https:\/\/www.facebook.com\/radiolifefm\/","article_published_time":"2021-06-22T00:55:11+00:00","article_modified_time":"2026-04-18T18:41:11+00:00","og_image":[{"width":2560,"height":1711,"url":"https:\/\/radiolifefm.com.br\/noticias\/wp-content\/uploads\/2021\/06\/foto-1-2-scaled.jpg","type":"image\/jpeg"}],"author":"ritanery","twitter_card":"summary_large_image","twitter_misc":{"Escrito por":"ritanery","Est. tempo de leitura":"2 minutos"},"schema":{"@context":"https:\/\/schema.org","@graph":[{"@type":"Article","@id":"https:\/\/radiolifefm.com.br\/noticias\/casa-da-amizade-entrega-brinquedoteca-ao-conselho-tutelar-de-adamantina\/#article","isPartOf":{"@id":"https:\/\/radiolifefm.com.br\/noticias\/casa-da-amizade-entrega-brinquedoteca-ao-conselho-tutelar-de-adamantina\/"},"author":{"name":"ritanery","@id":"https:\/\/radiolifefm.com.br\/noticias\/#\/schema\/person\/6339b9fac59d12b071dec680d7375d87"},"headline":"Casa da Amizade entrega brinquedoteca ao Conselho Tutelar de Adamantina","datePublished":"2021-06-22T00:55:11+00:00","dateModified":"2026-04-18T18:41:11+00:00","mainEntityOfPage":{"@id":"https:\/\/radiolifefm.com.br\/noticias\/casa-da-amizade-entrega-brinquedoteca-ao-conselho-tutelar-de-adamantina\/"},"wordCount":331,"publisher":{"@id":"https:\/\/radiolifefm.com.br\/noticias\/#organization"},"image":{"@id":"https:\/\/radiolifefm.com.br\/noticias\/casa-da-amizade-entrega-brinquedoteca-ao-conselho-tutelar-de-adamantina\/#primaryimage"},"thumbnailUrl":"https:\/\/radiolifefm.com.br\/noticias\/wp-content\/uploads\/2021\/06\/foto-1-2-scaled.jpg","articleSection":["Adamantina"],"inLanguage":"pt-BR"},{"@type":"WebPage","@id":"https:\/\/radiolifefm.com.br\/noticias\/casa-da-amizade-entrega-brinquedoteca-ao-conselho-tutelar-de-adamantina\/","url":"https:\/\/radiolifefm.com.br\/noticias\/casa-da-amizade-entrega-brinquedoteca-ao-conselho-tutelar-de-adamantina\/","name":"Casa da Amizade entrega brinquedoteca ao Conselho Tutelar de Adamantina - R\u00e1dio Life FM","isPartOf":{"@id":"https:\/\/radiolifefm.com.br\/noticias\/#website"},"primaryImageOfPage":{"@id":"https:\/\/radiolifefm.com.br\/noticias\/casa-da-amizade-entrega-brinquedoteca-ao-conselho-tutelar-de-adamantina\/#primaryimage"},"image":{"@id":"https:\/\/radiolifefm.com.br\/noticias\/casa-da-amizade-entrega-brinquedoteca-ao-conselho-tutelar-de-adamantina\/#primaryimage"},"thumbnailUrl":"https:\/\/radiolifefm.com.br\/noticias\/wp-content\/uploads\/2021\/06\/foto-1-2-scaled.jpg","datePublished":"2021-06-22T00:55:11+00:00","dateModified":"2026-04-18T18:41:11+00:00","breadcrumb":{"@id":"https:\/\/radiolifefm.com.br\/noticias\/casa-da-amizade-entrega-brinquedoteca-ao-conselho-tutelar-de-adamantina\/#breadcrumb"},"inLanguage":"pt-BR","potentialAction":[{"@type":"ReadAction","target":["https:\/\/radiolifefm.com.br\/noticias\/casa-da-amizade-entrega-brinquedoteca-ao-conselho-tutelar-de-adamantina\/"]}]},{"@type":"ImageObject","inLanguage":"pt-BR","@id":"https:\/\/radiolifefm.com.br\/noticias\/casa-da-amizade-entrega-brinquedoteca-ao-conselho-tutelar-de-adamantina\/#primaryimage","url":"https:\/\/radiolifefm.com.br\/noticias\/wp-content\/uploads\/2021\/06\/foto-1-2-scaled.jpg","contentUrl":"https:\/\/radiolifefm.com.br\/noticias\/wp-content\/uploads\/2021\/06\/foto-1-2-scaled.jpg","width":2560,"height":1711},{"@type":"BreadcrumbList","@id":"https:\/\/radiolifefm.com.br\/noticias\/casa-da-amizade-entrega-brinquedoteca-ao-conselho-tutelar-de-adamantina\/#breadcrumb","itemListElement":[{"@type":"ListItem","position":1,"name":"In\u00edcio","item":"https:\/\/radiolifefm.com.br\/noticias\/"},{"@type":"ListItem","position":2,"name":"Casa da Amizade entrega brinquedoteca ao Conselho Tutelar de Adamantina"}]},{"@type":"WebSite","@id":"https:\/\/radiolifefm.com.br\/noticias\/#website","url":"https:\/\/radiolifefm.com.br\/noticias\/","name":"R\u00e1dio Life FM","description":"O Portal de Not\u00edcias de Adamantina","publisher":{"@id":"https:\/\/radiolifefm.com.br\/noticias\/#organization"},"alternateName":"Life FM","potentialAction":[{"@type":"SearchAction","target":{"@type":"EntryPoint","urlTemplate":"https:\/\/radiolifefm.com.br\/noticias\/?s={search_term_string}"},"query-input":{"@type":"PropertyValueSpecification","valueRequired":true,"valueName":"search_term_string"}}],"inLanguage":"pt-BR"},{"@type":"Organization","@id":"https:\/\/radiolifefm.com.br\/noticias\/#organization","name":"R\u00e1dio Life FM","alternateName":"Life FM","url":"https:\/\/radiolifefm.com.br\/noticias\/","logo":{"@type":"ImageObject","inLanguage":"pt-BR","@id":"https:\/\/radiolifefm.com.br\/noticias\/#\/schema\/logo\/image\/","url":"https:\/\/static.radiolifefm.com.br\/noticias\/wp-content\/uploads\/2019\/10\/logo-lifefm.png","contentUrl":"https:\/\/static.radiolifefm.com.br\/noticias\/wp-content\/uploads\/2019\/10\/logo-lifefm.png","width":196,"height":47,"caption":"R\u00e1dio Life FM"},"image":{"@id":"https:\/\/radiolifefm.com.br\/noticias\/#\/schema\/logo\/image\/"},"sameAs":["https:\/\/www.facebook.com\/radiolifefm\/","https:\/\/www.instagram.com\/life1079fm\/"]},{"@type":"Person","@id":"https:\/\/radiolifefm.com.br\/noticias\/#\/schema\/person\/6339b9fac59d12b071dec680d7375d87","name":"ritanery","image":{"@type":"ImageObject","inLanguage":"pt-BR","@id":"https:\/\/secure.gravatar.com\/avatar\/0e37bb19071f47c0b8a23f62a903df117c5a0e75f65a0c2901562f97cd41cf86?s=96&d=mm&r=g","url":"https:\/\/secure.gravatar.com\/avatar\/0e37bb19071f47c0b8a23f62a903df117c5a0e75f65a0c2901562f97cd41cf86?s=96&d=mm&r=g","contentUrl":"https:\/\/secure.gravatar.com\/avatar\/0e37bb19071f47c0b8a23f62a903df117c5a0e75f65a0c2901562f97cd41cf86?s=96&d=mm&r=g","caption":"ritanery"}}]}},"amp_enabled":true,"_links":{"self":[{"href":"https:\/\/radiolifefm.com.br\/noticias\/wp-json\/wp\/v2\/posts\/40027","targetHints":{"allow":["GET"]}}],"collection":[{"href":"https:\/\/radiolifefm.com.br\/noticias\/wp-json\/wp\/v2\/posts"}],"about":[{"href":"https:\/\/radiolifefm.com.br\/noticias\/wp-json\/wp\/v2\/types\/post"}],"author":[{"embeddable":true,"href":"https:\/\/radiolifefm.com.br\/noticias\/wp-json\/wp\/v2\/users\/13"}],"replies":[{"embeddable":true,"href":"https:\/\/radiolifefm.com.br\/noticias\/wp-json\/wp\/v2\/comments?post=40027"}],"version-history":[{"count":2,"href":"https:\/\/radiolifefm.com.br\/noticias\/wp-json\/wp\/v2\/posts\/40027\/revisions"}],"predecessor-version":[{"id":40030,"href":"https:\/\/radiolifefm.com.br\/noticias\/wp-json\/wp\/v2\/posts\/40027\/revisions\/40030"}],"wp:featuredmedia":[{"embeddable":true,"href":"https:\/\/radiolifefm.com.br\/noticias\/wp-json\/wp\/v2\/media\/40028"}],"wp:attachment":[{"href":"https:\/\/radiolifefm.com.br\/noticias\/wp-json\/wp\/v2\/media?parent=40027"}],"wp:term":[{"taxonomy":"category","embeddable":true,"href":"https:\/\/radiolifefm.com.br\/noticias\/wp-json\/wp\/v2\/categories?post=40027"},{"taxonomy":"post_tag","embeddable":true,"href":"https:\/\/radiolifefm.com.br\/noticias\/wp-json\/wp\/v2\/tags?post=40027"}],"curies":[{"name":"wp","href":"https:\/\/api.w.org\/{rel}","templated":true}]}}