{"id":40008,"date":"2021-06-21T20:51:51","date_gmt":"2021-06-21T23:51:51","guid":{"rendered":"https:\/\/radiolifefm.com.br\/noticias\/?p=40008"},"modified":"2026-04-27T14:23:09","modified_gmt":"2026-04-27T17:23:09","slug":"por-5x4-a-indicacao-do-prefeito-marcio-cardim-foi-rejeitada-pela-camara-municipal-de-adamantinaadamantina","status":"publish","type":"post","link":"https:\/\/radiolifefm.com.br\/noticias\/por-5x4-a-indicacao-do-prefeito-marcio-cardim-foi-rejeitada-pela-camara-municipal-de-adamantinaadamantina\/","title":{"rendered":"Por 5&#215;4 a indica\u00e7\u00e3o do Prefeito M\u00e1rcio Cardim foi rejeitada pela C\u00e2mara Municipal de Adamantina"},"content":{"rendered":"<div id=\"fb-root\"><\/div>\n<p>Nesta segunda-feira (21\/06), a C\u00e2mara Municipal de Adamantina, rejeita a indica\u00e7\u00e3o do Prefeito M\u00e1rcio Cardim dos professores doutores, Wagner Amado e Albanir Gabriel Borrasca aos cargos de reitor e vice reitor da UNIFAI no pr\u00f3ximo mandato.<\/p>\n<p>&nbsp;<\/p>\n<p>A princ\u00edpio houve um empate na vota\u00e7\u00e3o, onde 4 vereadores votaram a favor da indica\u00e7\u00e3o do Prefeito e 4 vereadores contra a indica\u00e7\u00e3o, dessa forma ficou na responsabilidade do Presidente da C\u00e2mara, o Vereador Paulo Cervelheira o voto de desempate, onde depois de um belo discurso ele votou contra a indica\u00e7\u00e3o do Prefeito.<\/p>\n<p>&nbsp;<\/p>\n<p>Conhe\u00e7a os votos de cada vereadores.<\/p>\n<p>&nbsp;<\/p>\n<p>Vereador Aguinaldo : contra<\/p>\n<p>Vereador H\u00e9lio: a favor<\/p>\n<p>Vereador Bigode contra<\/p>\n<p>Vereadora Noriko: A favor<\/p>\n<p>Vereador Riquinha: A favor<\/p>\n<p>Vereador Rafael: contra.<\/p>\n<p>Vereador Alcio: contra.<\/p>\n<p>Vereador Cid Santos: a favor.<\/p>\n<p>&nbsp;<\/p>\n<p>Um grande p\u00fablico acompanhou a vota\u00e7\u00e3o pelo facebook da C\u00e2mara Municipal, onde muitos alunos da UNIFAI se\u00a0 manifestavam\u00a0 com coment\u00e1rios pelas redes sociais e um outro grupo de alunos estiveram em frente a C\u00e2mara se manifestando com cartazes e apitos.<\/p>\n<p>&nbsp;<\/p>\n<p>O atual mandato termina no pr\u00f3ximo dia 30 de junho. Diante dos fatos o Prefeito M\u00e1rcio Cardim dever\u00e1 tomar provid\u00eancias, se indicar\u00e1 outros nomes ou buscar\u00e1 diferentes inst\u00e2ncias para manter os seus escolhidos.<\/p>\n<p>&nbsp;<\/p>\n<p>&nbsp;<\/p>\n<p>&nbsp;<\/p>\n<p>&nbsp;<\/p>\n","protected":false},"excerpt":{"rendered":"<p>Nesta segunda-feira (21\/06), a C\u00e2mara Municipal de Adamantina, rejeita a indica\u00e7\u00e3o do Prefeito M\u00e1rcio Cardim dos professores doutores, Wagner Amado e Albanir Gabriel Borrasca aos cargos de reitor e vice reitor da UNIFAI no pr\u00f3ximo mandato. &nbsp; A princ\u00edpio houve um empate na vota\u00e7\u00e3o, onde 4 vereadores votaram a favor da indica\u00e7\u00e3o do Prefeito e [&hellip;]<\/p>\n","protected":false},"author":13,"featured_media":40015,"comment_status":"closed","ping_status":"open","sticky":false,"template":"","format":"standard","meta":{"_acf_changed":false,"_exactmetrics_skip_tracking":false,"_exactmetrics_sitenote_active":false,"_exactmetrics_sitenote_note":"","_exactmetrics_sitenote_category":0,"footnotes":""},"categories":[21],"tags":[],"class_list":["post-40008","post","type-post","status-publish","format-standard","has-post-thumbnail","hentry","category-adamantina"],"acf":[],"yoast_head":"<!-- This site is optimized with the Yoast SEO plugin v27.2 - https:\/\/yoast.com\/product\/yoast-seo-wordpress\/ -->\n<title>Por 5x4 a indica\u00e7\u00e3o do Prefeito M\u00e1rcio Cardim foi rejeitada pela C\u00e2mara Municipal de Adamantina - R\u00e1dio Life FM<\/title>\n<meta name=\"robots\" content=\"index, follow, max-snippet:-1, max-image-preview:large, max-video-preview:-1\" \/>\n<link rel=\"canonical\" href=\"https:\/\/radiolifefm.com.br\/noticias\/por-5x4-a-indicacao-do-prefeito-marcio-cardim-foi-rejeitada-pela-camara-municipal-de-adamantinaadamantina\/\" \/>\n<meta property=\"og:locale\" content=\"pt_BR\" \/>\n<meta property=\"og:type\" content=\"article\" \/>\n<meta property=\"og:title\" content=\"Por 5x4 a indica\u00e7\u00e3o do Prefeito M\u00e1rcio Cardim foi rejeitada pela C\u00e2mara Municipal de Adamantina - R\u00e1dio Life FM\" \/>\n<meta property=\"og:description\" content=\"Nesta segunda-feira (21\/06), a C\u00e2mara Municipal de Adamantina, rejeita a indica\u00e7\u00e3o do Prefeito M\u00e1rcio Cardim dos professores doutores, Wagner Amado e Albanir Gabriel Borrasca aos cargos de reitor e vice reitor da UNIFAI no pr\u00f3ximo mandato. &nbsp; A princ\u00edpio houve um empate na vota\u00e7\u00e3o, onde 4 vereadores votaram a favor da indica\u00e7\u00e3o do Prefeito e [&hellip;]\" \/>\n<meta property=\"og:url\" content=\"https:\/\/radiolifefm.com.br\/noticias\/por-5x4-a-indicacao-do-prefeito-marcio-cardim-foi-rejeitada-pela-camara-municipal-de-adamantinaadamantina\/\" \/>\n<meta property=\"og:site_name\" content=\"R\u00e1dio Life FM\" \/>\n<meta property=\"article:publisher\" content=\"https:\/\/www.facebook.com\/radiolifefm\/\" \/>\n<meta property=\"article:published_time\" content=\"2021-06-21T23:51:51+00:00\" \/>\n<meta property=\"article:modified_time\" content=\"2026-04-27T17:23:09+00:00\" \/>\n<meta property=\"og:image\" content=\"https:\/\/radiolifefm.com.br\/noticias\/wp-content\/uploads\/2021\/06\/votospng162431969560d126cfef333.jpg\" \/>\n\t<meta property=\"og:image:width\" content=\"600\" \/>\n\t<meta property=\"og:image:height\" content=\"337\" \/>\n\t<meta property=\"og:image:type\" content=\"image\/jpeg\" \/>\n<meta name=\"author\" content=\"ritanery\" \/>\n<meta name=\"twitter:card\" content=\"summary_large_image\" \/>\n<meta name=\"twitter:label1\" content=\"Escrito por\" \/>\n\t<meta name=\"twitter:data1\" content=\"ritanery\" \/>\n\t<meta name=\"twitter:label2\" content=\"Est. tempo de leitura\" \/>\n\t<meta name=\"twitter:data2\" content=\"1 minuto\" \/>\n<script type=\"application\/ld+json\" class=\"yoast-schema-graph\">{\"@context\":\"https:\/\/schema.org\",\"@graph\":[{\"@type\":\"Article\",\"@id\":\"https:\/\/radiolifefm.com.br\/noticias\/por-5x4-a-indicacao-do-prefeito-marcio-cardim-foi-rejeitada-pela-camara-municipal-de-adamantinaadamantina\/#article\",\"isPartOf\":{\"@id\":\"https:\/\/radiolifefm.com.br\/noticias\/por-5x4-a-indicacao-do-prefeito-marcio-cardim-foi-rejeitada-pela-camara-municipal-de-adamantinaadamantina\/\"},\"author\":{\"name\":\"ritanery\",\"@id\":\"https:\/\/radiolifefm.com.br\/noticias\/#\/schema\/person\/6339b9fac59d12b071dec680d7375d87\"},\"headline\":\"Por 5&#215;4 a indica\u00e7\u00e3o do Prefeito M\u00e1rcio Cardim foi rejeitada pela C\u00e2mara Municipal de Adamantina\",\"datePublished\":\"2021-06-21T23:51:51+00:00\",\"dateModified\":\"2026-04-27T17:23:09+00:00\",\"mainEntityOfPage\":{\"@id\":\"https:\/\/radiolifefm.com.br\/noticias\/por-5x4-a-indicacao-do-prefeito-marcio-cardim-foi-rejeitada-pela-camara-municipal-de-adamantinaadamantina\/\"},\"wordCount\":241,\"publisher\":{\"@id\":\"https:\/\/radiolifefm.com.br\/noticias\/#organization\"},\"image\":{\"@id\":\"https:\/\/radiolifefm.com.br\/noticias\/por-5x4-a-indicacao-do-prefeito-marcio-cardim-foi-rejeitada-pela-camara-municipal-de-adamantinaadamantina\/#primaryimage\"},\"thumbnailUrl\":\"https:\/\/radiolifefm.com.br\/noticias\/wp-content\/uploads\/2021\/06\/votospng162431969560d126cfef333.jpg\",\"articleSection\":[\"Adamantina\"],\"inLanguage\":\"pt-BR\"},{\"@type\":\"WebPage\",\"@id\":\"https:\/\/radiolifefm.com.br\/noticias\/por-5x4-a-indicacao-do-prefeito-marcio-cardim-foi-rejeitada-pela-camara-municipal-de-adamantinaadamantina\/\",\"url\":\"https:\/\/radiolifefm.com.br\/noticias\/por-5x4-a-indicacao-do-prefeito-marcio-cardim-foi-rejeitada-pela-camara-municipal-de-adamantinaadamantina\/\",\"name\":\"Por 5x4 a indica\u00e7\u00e3o do Prefeito M\u00e1rcio Cardim foi rejeitada pela C\u00e2mara Municipal de Adamantina - R\u00e1dio Life FM\",\"isPartOf\":{\"@id\":\"https:\/\/radiolifefm.com.br\/noticias\/#website\"},\"primaryImageOfPage\":{\"@id\":\"https:\/\/radiolifefm.com.br\/noticias\/por-5x4-a-indicacao-do-prefeito-marcio-cardim-foi-rejeitada-pela-camara-municipal-de-adamantinaadamantina\/#primaryimage\"},\"image\":{\"@id\":\"https:\/\/radiolifefm.com.br\/noticias\/por-5x4-a-indicacao-do-prefeito-marcio-cardim-foi-rejeitada-pela-camara-municipal-de-adamantinaadamantina\/#primaryimage\"},\"thumbnailUrl\":\"https:\/\/radiolifefm.com.br\/noticias\/wp-content\/uploads\/2021\/06\/votospng162431969560d126cfef333.jpg\",\"datePublished\":\"2021-06-21T23:51:51+00:00\",\"dateModified\":\"2026-04-27T17:23:09+00:00\",\"breadcrumb\":{\"@id\":\"https:\/\/radiolifefm.com.br\/noticias\/por-5x4-a-indicacao-do-prefeito-marcio-cardim-foi-rejeitada-pela-camara-municipal-de-adamantinaadamantina\/#breadcrumb\"},\"inLanguage\":\"pt-BR\",\"potentialAction\":[{\"@type\":\"ReadAction\",\"target\":[\"https:\/\/radiolifefm.com.br\/noticias\/por-5x4-a-indicacao-do-prefeito-marcio-cardim-foi-rejeitada-pela-camara-municipal-de-adamantinaadamantina\/\"]}]},{\"@type\":\"ImageObject\",\"inLanguage\":\"pt-BR\",\"@id\":\"https:\/\/radiolifefm.com.br\/noticias\/por-5x4-a-indicacao-do-prefeito-marcio-cardim-foi-rejeitada-pela-camara-municipal-de-adamantinaadamantina\/#primaryimage\",\"url\":\"https:\/\/radiolifefm.com.br\/noticias\/wp-content\/uploads\/2021\/06\/votospng162431969560d126cfef333.jpg\",\"contentUrl\":\"https:\/\/radiolifefm.com.br\/noticias\/wp-content\/uploads\/2021\/06\/votospng162431969560d126cfef333.jpg\",\"width\":600,\"height\":337},{\"@type\":\"BreadcrumbList\",\"@id\":\"https:\/\/radiolifefm.com.br\/noticias\/por-5x4-a-indicacao-do-prefeito-marcio-cardim-foi-rejeitada-pela-camara-municipal-de-adamantinaadamantina\/#breadcrumb\",\"itemListElement\":[{\"@type\":\"ListItem\",\"position\":1,\"name\":\"In\u00edcio\",\"item\":\"https:\/\/radiolifefm.com.br\/noticias\/\"},{\"@type\":\"ListItem\",\"position\":2,\"name\":\"Por 5&#215;4 a indica\u00e7\u00e3o do Prefeito M\u00e1rcio Cardim foi rejeitada pela C\u00e2mara Municipal de Adamantina\"}]},{\"@type\":\"WebSite\",\"@id\":\"https:\/\/radiolifefm.com.br\/noticias\/#website\",\"url\":\"https:\/\/radiolifefm.com.br\/noticias\/\",\"name\":\"R\u00e1dio Life FM\",\"description\":\"O Portal de Not\u00edcias de Adamantina\",\"publisher\":{\"@id\":\"https:\/\/radiolifefm.com.br\/noticias\/#organization\"},\"alternateName\":\"Life FM\",\"potentialAction\":[{\"@type\":\"SearchAction\",\"target\":{\"@type\":\"EntryPoint\",\"urlTemplate\":\"https:\/\/radiolifefm.com.br\/noticias\/?s={search_term_string}\"},\"query-input\":{\"@type\":\"PropertyValueSpecification\",\"valueRequired\":true,\"valueName\":\"search_term_string\"}}],\"inLanguage\":\"pt-BR\"},{\"@type\":\"Organization\",\"@id\":\"https:\/\/radiolifefm.com.br\/noticias\/#organization\",\"name\":\"R\u00e1dio Life FM\",\"alternateName\":\"Life FM\",\"url\":\"https:\/\/radiolifefm.com.br\/noticias\/\",\"logo\":{\"@type\":\"ImageObject\",\"inLanguage\":\"pt-BR\",\"@id\":\"https:\/\/radiolifefm.com.br\/noticias\/#\/schema\/logo\/image\/\",\"url\":\"https:\/\/static.radiolifefm.com.br\/noticias\/wp-content\/uploads\/2019\/10\/logo-lifefm.png\",\"contentUrl\":\"https:\/\/static.radiolifefm.com.br\/noticias\/wp-content\/uploads\/2019\/10\/logo-lifefm.png\",\"width\":196,\"height\":47,\"caption\":\"R\u00e1dio Life FM\"},\"image\":{\"@id\":\"https:\/\/radiolifefm.com.br\/noticias\/#\/schema\/logo\/image\/\"},\"sameAs\":[\"https:\/\/www.facebook.com\/radiolifefm\/\",\"https:\/\/www.instagram.com\/life1079fm\/\"]},{\"@type\":\"Person\",\"@id\":\"https:\/\/radiolifefm.com.br\/noticias\/#\/schema\/person\/6339b9fac59d12b071dec680d7375d87\",\"name\":\"ritanery\",\"image\":{\"@type\":\"ImageObject\",\"inLanguage\":\"pt-BR\",\"@id\":\"https:\/\/secure.gravatar.com\/avatar\/0e37bb19071f47c0b8a23f62a903df117c5a0e75f65a0c2901562f97cd41cf86?s=96&d=mm&r=g\",\"url\":\"https:\/\/secure.gravatar.com\/avatar\/0e37bb19071f47c0b8a23f62a903df117c5a0e75f65a0c2901562f97cd41cf86?s=96&d=mm&r=g\",\"contentUrl\":\"https:\/\/secure.gravatar.com\/avatar\/0e37bb19071f47c0b8a23f62a903df117c5a0e75f65a0c2901562f97cd41cf86?s=96&d=mm&r=g\",\"caption\":\"ritanery\"}}]}<\/script>\n<!-- \/ Yoast SEO plugin. -->","yoast_head_json":{"title":"Por 5x4 a indica\u00e7\u00e3o do Prefeito M\u00e1rcio Cardim foi rejeitada pela C\u00e2mara Municipal de Adamantina - R\u00e1dio Life FM","robots":{"index":"index","follow":"follow","max-snippet":"max-snippet:-1","max-image-preview":"max-image-preview:large","max-video-preview":"max-video-preview:-1"},"canonical":"https:\/\/radiolifefm.com.br\/noticias\/por-5x4-a-indicacao-do-prefeito-marcio-cardim-foi-rejeitada-pela-camara-municipal-de-adamantinaadamantina\/","og_locale":"pt_BR","og_type":"article","og_title":"Por 5x4 a indica\u00e7\u00e3o do Prefeito M\u00e1rcio Cardim foi rejeitada pela C\u00e2mara Municipal de Adamantina - R\u00e1dio Life FM","og_description":"Nesta segunda-feira (21\/06), a C\u00e2mara Municipal de Adamantina, rejeita a indica\u00e7\u00e3o do Prefeito M\u00e1rcio Cardim dos professores doutores, Wagner Amado e Albanir Gabriel Borrasca aos cargos de reitor e vice reitor da UNIFAI no pr\u00f3ximo mandato. &nbsp; A princ\u00edpio houve um empate na vota\u00e7\u00e3o, onde 4 vereadores votaram a favor da indica\u00e7\u00e3o do Prefeito e [&hellip;]","og_url":"https:\/\/radiolifefm.com.br\/noticias\/por-5x4-a-indicacao-do-prefeito-marcio-cardim-foi-rejeitada-pela-camara-municipal-de-adamantinaadamantina\/","og_site_name":"R\u00e1dio Life FM","article_publisher":"https:\/\/www.facebook.com\/radiolifefm\/","article_published_time":"2021-06-21T23:51:51+00:00","article_modified_time":"2026-04-27T17:23:09+00:00","og_image":[{"width":600,"height":337,"url":"https:\/\/radiolifefm.com.br\/noticias\/wp-content\/uploads\/2021\/06\/votospng162431969560d126cfef333.jpg","type":"image\/jpeg"}],"author":"ritanery","twitter_card":"summary_large_image","twitter_misc":{"Escrito por":"ritanery","Est. tempo de leitura":"1 minuto"},"schema":{"@context":"https:\/\/schema.org","@graph":[{"@type":"Article","@id":"https:\/\/radiolifefm.com.br\/noticias\/por-5x4-a-indicacao-do-prefeito-marcio-cardim-foi-rejeitada-pela-camara-municipal-de-adamantinaadamantina\/#article","isPartOf":{"@id":"https:\/\/radiolifefm.com.br\/noticias\/por-5x4-a-indicacao-do-prefeito-marcio-cardim-foi-rejeitada-pela-camara-municipal-de-adamantinaadamantina\/"},"author":{"name":"ritanery","@id":"https:\/\/radiolifefm.com.br\/noticias\/#\/schema\/person\/6339b9fac59d12b071dec680d7375d87"},"headline":"Por 5&#215;4 a indica\u00e7\u00e3o do Prefeito M\u00e1rcio Cardim foi rejeitada pela C\u00e2mara Municipal de Adamantina","datePublished":"2021-06-21T23:51:51+00:00","dateModified":"2026-04-27T17:23:09+00:00","mainEntityOfPage":{"@id":"https:\/\/radiolifefm.com.br\/noticias\/por-5x4-a-indicacao-do-prefeito-marcio-cardim-foi-rejeitada-pela-camara-municipal-de-adamantinaadamantina\/"},"wordCount":241,"publisher":{"@id":"https:\/\/radiolifefm.com.br\/noticias\/#organization"},"image":{"@id":"https:\/\/radiolifefm.com.br\/noticias\/por-5x4-a-indicacao-do-prefeito-marcio-cardim-foi-rejeitada-pela-camara-municipal-de-adamantinaadamantina\/#primaryimage"},"thumbnailUrl":"https:\/\/radiolifefm.com.br\/noticias\/wp-content\/uploads\/2021\/06\/votospng162431969560d126cfef333.jpg","articleSection":["Adamantina"],"inLanguage":"pt-BR"},{"@type":"WebPage","@id":"https:\/\/radiolifefm.com.br\/noticias\/por-5x4-a-indicacao-do-prefeito-marcio-cardim-foi-rejeitada-pela-camara-municipal-de-adamantinaadamantina\/","url":"https:\/\/radiolifefm.com.br\/noticias\/por-5x4-a-indicacao-do-prefeito-marcio-cardim-foi-rejeitada-pela-camara-municipal-de-adamantinaadamantina\/","name":"Por 5x4 a indica\u00e7\u00e3o do Prefeito M\u00e1rcio Cardim foi rejeitada pela C\u00e2mara Municipal de Adamantina - R\u00e1dio Life FM","isPartOf":{"@id":"https:\/\/radiolifefm.com.br\/noticias\/#website"},"primaryImageOfPage":{"@id":"https:\/\/radiolifefm.com.br\/noticias\/por-5x4-a-indicacao-do-prefeito-marcio-cardim-foi-rejeitada-pela-camara-municipal-de-adamantinaadamantina\/#primaryimage"},"image":{"@id":"https:\/\/radiolifefm.com.br\/noticias\/por-5x4-a-indicacao-do-prefeito-marcio-cardim-foi-rejeitada-pela-camara-municipal-de-adamantinaadamantina\/#primaryimage"},"thumbnailUrl":"https:\/\/radiolifefm.com.br\/noticias\/wp-content\/uploads\/2021\/06\/votospng162431969560d126cfef333.jpg","datePublished":"2021-06-21T23:51:51+00:00","dateModified":"2026-04-27T17:23:09+00:00","breadcrumb":{"@id":"https:\/\/radiolifefm.com.br\/noticias\/por-5x4-a-indicacao-do-prefeito-marcio-cardim-foi-rejeitada-pela-camara-municipal-de-adamantinaadamantina\/#breadcrumb"},"inLanguage":"pt-BR","potentialAction":[{"@type":"ReadAction","target":["https:\/\/radiolifefm.com.br\/noticias\/por-5x4-a-indicacao-do-prefeito-marcio-cardim-foi-rejeitada-pela-camara-municipal-de-adamantinaadamantina\/"]}]},{"@type":"ImageObject","inLanguage":"pt-BR","@id":"https:\/\/radiolifefm.com.br\/noticias\/por-5x4-a-indicacao-do-prefeito-marcio-cardim-foi-rejeitada-pela-camara-municipal-de-adamantinaadamantina\/#primaryimage","url":"https:\/\/radiolifefm.com.br\/noticias\/wp-content\/uploads\/2021\/06\/votospng162431969560d126cfef333.jpg","contentUrl":"https:\/\/radiolifefm.com.br\/noticias\/wp-content\/uploads\/2021\/06\/votospng162431969560d126cfef333.jpg","width":600,"height":337},{"@type":"BreadcrumbList","@id":"https:\/\/radiolifefm.com.br\/noticias\/por-5x4-a-indicacao-do-prefeito-marcio-cardim-foi-rejeitada-pela-camara-municipal-de-adamantinaadamantina\/#breadcrumb","itemListElement":[{"@type":"ListItem","position":1,"name":"In\u00edcio","item":"https:\/\/radiolifefm.com.br\/noticias\/"},{"@type":"ListItem","position":2,"name":"Por 5&#215;4 a indica\u00e7\u00e3o do Prefeito M\u00e1rcio Cardim foi rejeitada pela C\u00e2mara Municipal de Adamantina"}]},{"@type":"WebSite","@id":"https:\/\/radiolifefm.com.br\/noticias\/#website","url":"https:\/\/radiolifefm.com.br\/noticias\/","name":"R\u00e1dio Life FM","description":"O Portal de Not\u00edcias de Adamantina","publisher":{"@id":"https:\/\/radiolifefm.com.br\/noticias\/#organization"},"alternateName":"Life FM","potentialAction":[{"@type":"SearchAction","target":{"@type":"EntryPoint","urlTemplate":"https:\/\/radiolifefm.com.br\/noticias\/?s={search_term_string}"},"query-input":{"@type":"PropertyValueSpecification","valueRequired":true,"valueName":"search_term_string"}}],"inLanguage":"pt-BR"},{"@type":"Organization","@id":"https:\/\/radiolifefm.com.br\/noticias\/#organization","name":"R\u00e1dio Life FM","alternateName":"Life FM","url":"https:\/\/radiolifefm.com.br\/noticias\/","logo":{"@type":"ImageObject","inLanguage":"pt-BR","@id":"https:\/\/radiolifefm.com.br\/noticias\/#\/schema\/logo\/image\/","url":"https:\/\/static.radiolifefm.com.br\/noticias\/wp-content\/uploads\/2019\/10\/logo-lifefm.png","contentUrl":"https:\/\/static.radiolifefm.com.br\/noticias\/wp-content\/uploads\/2019\/10\/logo-lifefm.png","width":196,"height":47,"caption":"R\u00e1dio Life FM"},"image":{"@id":"https:\/\/radiolifefm.com.br\/noticias\/#\/schema\/logo\/image\/"},"sameAs":["https:\/\/www.facebook.com\/radiolifefm\/","https:\/\/www.instagram.com\/life1079fm\/"]},{"@type":"Person","@id":"https:\/\/radiolifefm.com.br\/noticias\/#\/schema\/person\/6339b9fac59d12b071dec680d7375d87","name":"ritanery","image":{"@type":"ImageObject","inLanguage":"pt-BR","@id":"https:\/\/secure.gravatar.com\/avatar\/0e37bb19071f47c0b8a23f62a903df117c5a0e75f65a0c2901562f97cd41cf86?s=96&d=mm&r=g","url":"https:\/\/secure.gravatar.com\/avatar\/0e37bb19071f47c0b8a23f62a903df117c5a0e75f65a0c2901562f97cd41cf86?s=96&d=mm&r=g","contentUrl":"https:\/\/secure.gravatar.com\/avatar\/0e37bb19071f47c0b8a23f62a903df117c5a0e75f65a0c2901562f97cd41cf86?s=96&d=mm&r=g","caption":"ritanery"}}]}},"amp_enabled":true,"_links":{"self":[{"href":"https:\/\/radiolifefm.com.br\/noticias\/wp-json\/wp\/v2\/posts\/40008","targetHints":{"allow":["GET"]}}],"collection":[{"href":"https:\/\/radiolifefm.com.br\/noticias\/wp-json\/wp\/v2\/posts"}],"about":[{"href":"https:\/\/radiolifefm.com.br\/noticias\/wp-json\/wp\/v2\/types\/post"}],"author":[{"embeddable":true,"href":"https:\/\/radiolifefm.com.br\/noticias\/wp-json\/wp\/v2\/users\/13"}],"replies":[{"embeddable":true,"href":"https:\/\/radiolifefm.com.br\/noticias\/wp-json\/wp\/v2\/comments?post=40008"}],"version-history":[{"count":8,"href":"https:\/\/radiolifefm.com.br\/noticias\/wp-json\/wp\/v2\/posts\/40008\/revisions"}],"predecessor-version":[{"id":40017,"href":"https:\/\/radiolifefm.com.br\/noticias\/wp-json\/wp\/v2\/posts\/40008\/revisions\/40017"}],"wp:featuredmedia":[{"embeddable":true,"href":"https:\/\/radiolifefm.com.br\/noticias\/wp-json\/wp\/v2\/media\/40015"}],"wp:attachment":[{"href":"https:\/\/radiolifefm.com.br\/noticias\/wp-json\/wp\/v2\/media?parent=40008"}],"wp:term":[{"taxonomy":"category","embeddable":true,"href":"https:\/\/radiolifefm.com.br\/noticias\/wp-json\/wp\/v2\/categories?post=40008"},{"taxonomy":"post_tag","embeddable":true,"href":"https:\/\/radiolifefm.com.br\/noticias\/wp-json\/wp\/v2\/tags?post=40008"}],"curies":[{"name":"wp","href":"https:\/\/api.w.org\/{rel}","templated":true}]}}