{"id":39971,"date":"2021-06-20T18:57:49","date_gmt":"2021-06-20T21:57:49","guid":{"rendered":"https:\/\/radiolifefm.com.br\/noticias\/?p=39971"},"modified":"2026-01-28T09:54:49","modified_gmt":"2026-01-28T12:54:49","slug":"estado-libera-recursos-para-7-cidades-turisticas-da-regiaoadamantina","status":"publish","type":"post","link":"https:\/\/radiolifefm.com.br\/noticias\/estado-libera-recursos-para-7-cidades-turisticas-da-regiaoadamantina\/","title":{"rendered":"Estado libera recursos para 7 cidades tur\u00edsticas da regi\u00e3o"},"content":{"rendered":"<div id=\"fb-root\"><\/div>\n<p>O governador\u00a0<a href=\"https:\/\/www.imparcial.com.br\/guia\/pessoa\/joao-doria\">Jo\u00e3o Doria<\/a>\u00a0(PSDB) autorizou, no fim de maio, a assinatura de conv\u00eanios com 140 MITs (Munic\u00edpios de Interesse Tur\u00edstico) no valor de R$ 50,4 milh\u00f5es. Os recursos ser\u00e3o utilizados para obras e melhorias de infraestrutura das cidades. Com sete MITs, a\u00a0<a href=\"https:\/\/www.imparcial.com.br\/guia\/assunto\/regiao-de-presidente-prudente\">regi\u00e3o de Presidente Prudente<\/a>\u00a0receber\u00e1 R$ 2,5 milh\u00f5es. As cidades contempladas \u00a0s\u00e3o\u00a0<a href=\"https:\/\/www.imparcial.com.br\/guia\/assunto\/adamantina\">Adamantina<\/a>,\u00a0<a href=\"https:\/\/www.imparcial.com.br\/guia\/assunto\/martinopolis\">Martin\u00f3polis<\/a>,\u00a0<a href=\"https:\/\/www.imparcial.com.br\/guia\/assunto\/panorama\">Panorama<\/a>,\u00a0<a href=\"https:\/\/www.imparcial.com.br\/guia\/assunto\/pauliceia\">Paulic\u00e9ia<\/a>,\u00a0<a href=\"https:\/\/www.imparcial.com.br\/guia\/assunto\/rancharia\">Rancharia<\/a>,\u00a0<a href=\"https:\/\/www.imparcial.com.br\/guia\/assunto\/rosana\">Rosana<\/a>\u00a0e\u00a0<a href=\"https:\/\/www.imparcial.com.br\/guia\/assunto\/santo-expedito\">Santo Expedito<\/a>.<\/p>\n<p>Com a autoriza\u00e7\u00e3o, a Secretaria de Turismo e Viagens, por meio do\u00a0<a href=\"https:\/\/www.imparcial.com.br\/guia\/empresa\/dadetur-departamento-de-apoio-ao-desenvolvimento-dos-municipios-turisticos\">Dadetur (Departamento de Apoio ao Desenvolvimento dos Munic\u00edpios Tur\u00edsticos)<\/a>, formalizar\u00e1 os conv\u00eanios e dar\u00e1 in\u00edcio ao processo de libera\u00e7\u00e3o dos recursos. \u201cEstamos iniciando esse processo numa retomada muito importante dos valores do turismo, confiantes que, gradualmente, poderemos retomar as atividades econ\u00f4micas de forma segura, respeitando os protocolos, a vida e a sa\u00fade. \u00c9 fundamental termos sempre o sentimento de que sem pessoas, n\u00e3o h\u00e1 economia\u201d, afirmou o governador.<\/p>\n<p>&nbsp;<\/p>\n<p>Recursos repassados<\/p>\n<p>O prefeito de\u00a0<a href=\"https:\/\/www.imparcial.com.br\/guia\/assunto\/rosana\">Rosana<\/a>,\u00a0<a href=\"https:\/\/www.imparcial.com.br\/guia\/pessoa\/silvio-gabriel\">Silvio Gabriel<\/a>\u00a0(PSD), e a secret\u00e1ria de Administra\u00e7\u00e3o, Elisa Carla Bosqu\u00ea, participaram do encontro voltado para discuss\u00f5es sobre a\u00e7\u00f5es de retomada das atividades econ\u00f4micas dos MITs. De acordo com o chefe do Executivo, os valores destinados ao munic\u00edpio ser\u00e3o voltados para a constru\u00e7\u00e3o da nova \u00e1rea de camping, com intuito de organizar e melhorar a infraestrutura voltada para os turistas.<\/p>\n<p>Em nota, a\u00a0<a href=\"https:\/\/www.imparcial.com.br\/guia\/assunto\/prefeitura-de-adamantina\">Prefeitura de Adamantina<\/a>\u00a0detalha que o recurso repassado ao munic\u00edpio veio em um momento oportuno, pois por meio dele, a administra\u00e7\u00e3o continuar\u00e1 executando melhorias no Parque dos Pioneiros, que \u00e9 o cart\u00e3o-postal da cidade, e que vem recebendo investimentos. \u201cO recebimento do recurso \u00e9 de extrema import\u00e2ncia, pois propiciar\u00e1 que o munic\u00edpio invista em a\u00e7\u00f5es que resultem em emprego e renda para popula\u00e7\u00e3o por meio do fomento ao turismo\u201d, detalha.<\/p>\n<p>A\u00a0<a href=\"https:\/\/www.imparcial.com.br\/guia\/assunto\/prefeitura-de-martinopolis\">Prefeitura de Martin\u00f3polis<\/a>, por meio do Departamento de Turismo, destacou que os recursos ser\u00e3o de grande import\u00e2ncia para contribuir com o desenvolvimento tur\u00edstico do munic\u00edpio. A estimativa, segundo Executivo, \u00e9 de que a municipalidade receba cerca de R$ 360 mil para investimentos no setor. A administra\u00e7\u00e3o destaca que todos os esfor\u00e7os do governo atual s\u00e3o capazes de influenciar diretamente na qualidade de vida da comunidade local, e que alcan\u00e7ar recursos externos tamb\u00e9m podem gerar melhorias significativas em servi\u00e7os, equipamentos, infraestruturas e no atendimento ao p\u00fablico e turistas em geral.<\/p>\n<p>A reportagem entrou em contato atrav\u00e9s de telefonemas e e-mails junto \u00e0s outras administra\u00e7\u00f5es, contudo, n\u00e3o obteve um posicionamento at\u00e9 o fechamento desta edi\u00e7\u00e3o.<\/p>\n<p>&nbsp;<\/p>\n<p>Cria\u00e7\u00e3o dos MITs<\/p>\n<p>A cria\u00e7\u00e3o dos MITs tem como objetivo ampliar e qualificar a oferta tur\u00edstica do Estado de S\u00e3o Paulo. Com exce\u00e7\u00e3o das 70 est\u00e2ncias \u2013 com um regime pr\u00f3prio e consolidado por d\u00e9cadas \u2013 todos os demais 575 munic\u00edpios paulistas est\u00e3o aptos a se tornarem MITs, respeitado o limite de 140 vagas, explica o governo. Para tanto, devem preencher alguns crit\u00e9rios como potencial tur\u00edstico, ter um Conselho Municipal de Turismo, servi\u00e7o m\u00e9dico emergencial, infraestrutura b\u00e1sica, plano diretor de turismo e atrativos tur\u00edsticos.<\/p>\n<p>No ano passado, para que as 210 cidades tur\u00edsticas do Estado \u2013 70 est\u00e2ncias e 140 MITs \u2013 estivessem bem preparadas para a retomada das viagens no p\u00f3s-pandemia, foram repassados R$ 223,3 milh\u00f5es, com foco na continua\u00e7\u00e3o das obras em andamento. O mesmo princ\u00edpio vem sendo adotado em 2021, quando devem ser conclu\u00eddas mais de 100 melhorias.<\/p>\n<p>&nbsp;<\/p>\n<p>Fonte: O imparcial<\/p>\n","protected":false},"excerpt":{"rendered":"<p>O governador\u00a0Jo\u00e3o Doria\u00a0(PSDB) autorizou, no fim de maio, a assinatura de conv\u00eanios com 140 MITs (Munic\u00edpios de Interesse Tur\u00edstico) no valor de R$ 50,4 milh\u00f5es. Os recursos ser\u00e3o utilizados para obras e melhorias de infraestrutura das cidades. Com sete MITs, a\u00a0regi\u00e3o de Presidente Prudente\u00a0receber\u00e1 R$ 2,5 milh\u00f5es. As cidades contempladas \u00a0s\u00e3o\u00a0Adamantina,\u00a0Martin\u00f3polis,\u00a0Panorama,\u00a0Paulic\u00e9ia,\u00a0Rancharia,\u00a0Rosana\u00a0e\u00a0Santo Expedito. Com a autoriza\u00e7\u00e3o, [&hellip;]<\/p>\n","protected":false},"author":13,"featured_media":39972,"comment_status":"closed","ping_status":"open","sticky":false,"template":"","format":"standard","meta":{"_acf_changed":false,"_exactmetrics_skip_tracking":false,"_exactmetrics_sitenote_active":false,"_exactmetrics_sitenote_note":"","_exactmetrics_sitenote_category":0,"footnotes":""},"categories":[21],"tags":[],"class_list":["post-39971","post","type-post","status-publish","format-standard","has-post-thumbnail","hentry","category-adamantina"],"acf":[],"yoast_head":"<!-- This site is optimized with the Yoast SEO plugin v27.2 - https:\/\/yoast.com\/product\/yoast-seo-wordpress\/ -->\n<title>Estado libera recursos para 7 cidades tur\u00edsticas da regi\u00e3o - R\u00e1dio Life FM<\/title>\n<meta name=\"robots\" content=\"index, follow, max-snippet:-1, max-image-preview:large, max-video-preview:-1\" \/>\n<link rel=\"canonical\" href=\"https:\/\/radiolifefm.com.br\/noticias\/estado-libera-recursos-para-7-cidades-turisticas-da-regiaoadamantina\/\" \/>\n<meta property=\"og:locale\" content=\"pt_BR\" \/>\n<meta property=\"og:type\" content=\"article\" \/>\n<meta property=\"og:title\" content=\"Estado libera recursos para 7 cidades tur\u00edsticas da regi\u00e3o - R\u00e1dio Life FM\" \/>\n<meta property=\"og:description\" content=\"O governador\u00a0Jo\u00e3o Doria\u00a0(PSDB) autorizou, no fim de maio, a assinatura de conv\u00eanios com 140 MITs (Munic\u00edpios de Interesse Tur\u00edstico) no valor de R$ 50,4 milh\u00f5es. Os recursos ser\u00e3o utilizados para obras e melhorias de infraestrutura das cidades. Com sete MITs, a\u00a0regi\u00e3o de Presidente Prudente\u00a0receber\u00e1 R$ 2,5 milh\u00f5es. As cidades contempladas \u00a0s\u00e3o\u00a0Adamantina,\u00a0Martin\u00f3polis,\u00a0Panorama,\u00a0Paulic\u00e9ia,\u00a0Rancharia,\u00a0Rosana\u00a0e\u00a0Santo Expedito. Com a autoriza\u00e7\u00e3o, [&hellip;]\" \/>\n<meta property=\"og:url\" content=\"https:\/\/radiolifefm.com.br\/noticias\/estado-libera-recursos-para-7-cidades-turisticas-da-regiaoadamantina\/\" \/>\n<meta property=\"og:site_name\" content=\"R\u00e1dio Life FM\" \/>\n<meta property=\"article:publisher\" content=\"https:\/\/www.facebook.com\/radiolifefm\/\" \/>\n<meta property=\"article:published_time\" content=\"2021-06-20T21:57:49+00:00\" \/>\n<meta property=\"article:modified_time\" content=\"2026-01-28T12:54:49+00:00\" \/>\n<meta property=\"og:image\" content=\"https:\/\/radiolifefm.com.br\/noticias\/wp-content\/uploads\/2021\/06\/1624101347.jpg\" \/>\n\t<meta property=\"og:image:width\" content=\"800\" \/>\n\t<meta property=\"og:image:height\" content=\"532\" \/>\n\t<meta property=\"og:image:type\" content=\"image\/jpeg\" \/>\n<meta name=\"author\" content=\"ritanery\" \/>\n<meta name=\"twitter:card\" content=\"summary_large_image\" \/>\n<meta name=\"twitter:label1\" content=\"Escrito por\" \/>\n\t<meta name=\"twitter:data1\" content=\"ritanery\" \/>\n\t<meta name=\"twitter:label2\" content=\"Est. tempo de leitura\" \/>\n\t<meta name=\"twitter:data2\" content=\"3 minutos\" \/>\n<script type=\"application\/ld+json\" class=\"yoast-schema-graph\">{\"@context\":\"https:\/\/schema.org\",\"@graph\":[{\"@type\":\"Article\",\"@id\":\"https:\/\/radiolifefm.com.br\/noticias\/estado-libera-recursos-para-7-cidades-turisticas-da-regiaoadamantina\/#article\",\"isPartOf\":{\"@id\":\"https:\/\/radiolifefm.com.br\/noticias\/estado-libera-recursos-para-7-cidades-turisticas-da-regiaoadamantina\/\"},\"author\":{\"name\":\"ritanery\",\"@id\":\"https:\/\/radiolifefm.com.br\/noticias\/#\/schema\/person\/6339b9fac59d12b071dec680d7375d87\"},\"headline\":\"Estado libera recursos para 7 cidades tur\u00edsticas da regi\u00e3o\",\"datePublished\":\"2021-06-20T21:57:49+00:00\",\"dateModified\":\"2026-01-28T12:54:49+00:00\",\"mainEntityOfPage\":{\"@id\":\"https:\/\/radiolifefm.com.br\/noticias\/estado-libera-recursos-para-7-cidades-turisticas-da-regiaoadamantina\/\"},\"wordCount\":607,\"publisher\":{\"@id\":\"https:\/\/radiolifefm.com.br\/noticias\/#organization\"},\"image\":{\"@id\":\"https:\/\/radiolifefm.com.br\/noticias\/estado-libera-recursos-para-7-cidades-turisticas-da-regiaoadamantina\/#primaryimage\"},\"thumbnailUrl\":\"https:\/\/radiolifefm.com.br\/noticias\/wp-content\/uploads\/2021\/06\/1624101347.jpg\",\"articleSection\":[\"Adamantina\"],\"inLanguage\":\"pt-BR\"},{\"@type\":\"WebPage\",\"@id\":\"https:\/\/radiolifefm.com.br\/noticias\/estado-libera-recursos-para-7-cidades-turisticas-da-regiaoadamantina\/\",\"url\":\"https:\/\/radiolifefm.com.br\/noticias\/estado-libera-recursos-para-7-cidades-turisticas-da-regiaoadamantina\/\",\"name\":\"Estado libera recursos para 7 cidades tur\u00edsticas da regi\u00e3o - R\u00e1dio Life FM\",\"isPartOf\":{\"@id\":\"https:\/\/radiolifefm.com.br\/noticias\/#website\"},\"primaryImageOfPage\":{\"@id\":\"https:\/\/radiolifefm.com.br\/noticias\/estado-libera-recursos-para-7-cidades-turisticas-da-regiaoadamantina\/#primaryimage\"},\"image\":{\"@id\":\"https:\/\/radiolifefm.com.br\/noticias\/estado-libera-recursos-para-7-cidades-turisticas-da-regiaoadamantina\/#primaryimage\"},\"thumbnailUrl\":\"https:\/\/radiolifefm.com.br\/noticias\/wp-content\/uploads\/2021\/06\/1624101347.jpg\",\"datePublished\":\"2021-06-20T21:57:49+00:00\",\"dateModified\":\"2026-01-28T12:54:49+00:00\",\"breadcrumb\":{\"@id\":\"https:\/\/radiolifefm.com.br\/noticias\/estado-libera-recursos-para-7-cidades-turisticas-da-regiaoadamantina\/#breadcrumb\"},\"inLanguage\":\"pt-BR\",\"potentialAction\":[{\"@type\":\"ReadAction\",\"target\":[\"https:\/\/radiolifefm.com.br\/noticias\/estado-libera-recursos-para-7-cidades-turisticas-da-regiaoadamantina\/\"]}]},{\"@type\":\"ImageObject\",\"inLanguage\":\"pt-BR\",\"@id\":\"https:\/\/radiolifefm.com.br\/noticias\/estado-libera-recursos-para-7-cidades-turisticas-da-regiaoadamantina\/#primaryimage\",\"url\":\"https:\/\/radiolifefm.com.br\/noticias\/wp-content\/uploads\/2021\/06\/1624101347.jpg\",\"contentUrl\":\"https:\/\/radiolifefm.com.br\/noticias\/wp-content\/uploads\/2021\/06\/1624101347.jpg\",\"width\":800,\"height\":532,\"caption\":\"Juntos, Adamantina, Martin\u00f3polis, Panorama, Paulic\u00e9ia, Rancharia, Rosana e Santo Expedito receber\u00e3o R$ 2,5 mi para obras e melhorias de infraestrutura\"},{\"@type\":\"BreadcrumbList\",\"@id\":\"https:\/\/radiolifefm.com.br\/noticias\/estado-libera-recursos-para-7-cidades-turisticas-da-regiaoadamantina\/#breadcrumb\",\"itemListElement\":[{\"@type\":\"ListItem\",\"position\":1,\"name\":\"In\u00edcio\",\"item\":\"https:\/\/radiolifefm.com.br\/noticias\/\"},{\"@type\":\"ListItem\",\"position\":2,\"name\":\"Estado libera recursos para 7 cidades tur\u00edsticas da regi\u00e3o\"}]},{\"@type\":\"WebSite\",\"@id\":\"https:\/\/radiolifefm.com.br\/noticias\/#website\",\"url\":\"https:\/\/radiolifefm.com.br\/noticias\/\",\"name\":\"R\u00e1dio Life FM\",\"description\":\"O Portal de Not\u00edcias de Adamantina\",\"publisher\":{\"@id\":\"https:\/\/radiolifefm.com.br\/noticias\/#organization\"},\"alternateName\":\"Life FM\",\"potentialAction\":[{\"@type\":\"SearchAction\",\"target\":{\"@type\":\"EntryPoint\",\"urlTemplate\":\"https:\/\/radiolifefm.com.br\/noticias\/?s={search_term_string}\"},\"query-input\":{\"@type\":\"PropertyValueSpecification\",\"valueRequired\":true,\"valueName\":\"search_term_string\"}}],\"inLanguage\":\"pt-BR\"},{\"@type\":\"Organization\",\"@id\":\"https:\/\/radiolifefm.com.br\/noticias\/#organization\",\"name\":\"R\u00e1dio Life FM\",\"alternateName\":\"Life FM\",\"url\":\"https:\/\/radiolifefm.com.br\/noticias\/\",\"logo\":{\"@type\":\"ImageObject\",\"inLanguage\":\"pt-BR\",\"@id\":\"https:\/\/radiolifefm.com.br\/noticias\/#\/schema\/logo\/image\/\",\"url\":\"https:\/\/static.radiolifefm.com.br\/noticias\/wp-content\/uploads\/2019\/10\/logo-lifefm.png\",\"contentUrl\":\"https:\/\/static.radiolifefm.com.br\/noticias\/wp-content\/uploads\/2019\/10\/logo-lifefm.png\",\"width\":196,\"height\":47,\"caption\":\"R\u00e1dio Life FM\"},\"image\":{\"@id\":\"https:\/\/radiolifefm.com.br\/noticias\/#\/schema\/logo\/image\/\"},\"sameAs\":[\"https:\/\/www.facebook.com\/radiolifefm\/\",\"https:\/\/www.instagram.com\/life1079fm\/\"]},{\"@type\":\"Person\",\"@id\":\"https:\/\/radiolifefm.com.br\/noticias\/#\/schema\/person\/6339b9fac59d12b071dec680d7375d87\",\"name\":\"ritanery\",\"image\":{\"@type\":\"ImageObject\",\"inLanguage\":\"pt-BR\",\"@id\":\"https:\/\/secure.gravatar.com\/avatar\/0e37bb19071f47c0b8a23f62a903df117c5a0e75f65a0c2901562f97cd41cf86?s=96&d=mm&r=g\",\"url\":\"https:\/\/secure.gravatar.com\/avatar\/0e37bb19071f47c0b8a23f62a903df117c5a0e75f65a0c2901562f97cd41cf86?s=96&d=mm&r=g\",\"contentUrl\":\"https:\/\/secure.gravatar.com\/avatar\/0e37bb19071f47c0b8a23f62a903df117c5a0e75f65a0c2901562f97cd41cf86?s=96&d=mm&r=g\",\"caption\":\"ritanery\"}}]}<\/script>\n<!-- \/ Yoast SEO plugin. -->","yoast_head_json":{"title":"Estado libera recursos para 7 cidades tur\u00edsticas da regi\u00e3o - R\u00e1dio Life FM","robots":{"index":"index","follow":"follow","max-snippet":"max-snippet:-1","max-image-preview":"max-image-preview:large","max-video-preview":"max-video-preview:-1"},"canonical":"https:\/\/radiolifefm.com.br\/noticias\/estado-libera-recursos-para-7-cidades-turisticas-da-regiaoadamantina\/","og_locale":"pt_BR","og_type":"article","og_title":"Estado libera recursos para 7 cidades tur\u00edsticas da regi\u00e3o - R\u00e1dio Life FM","og_description":"O governador\u00a0Jo\u00e3o Doria\u00a0(PSDB) autorizou, no fim de maio, a assinatura de conv\u00eanios com 140 MITs (Munic\u00edpios de Interesse Tur\u00edstico) no valor de R$ 50,4 milh\u00f5es. Os recursos ser\u00e3o utilizados para obras e melhorias de infraestrutura das cidades. Com sete MITs, a\u00a0regi\u00e3o de Presidente Prudente\u00a0receber\u00e1 R$ 2,5 milh\u00f5es. As cidades contempladas \u00a0s\u00e3o\u00a0Adamantina,\u00a0Martin\u00f3polis,\u00a0Panorama,\u00a0Paulic\u00e9ia,\u00a0Rancharia,\u00a0Rosana\u00a0e\u00a0Santo Expedito. Com a autoriza\u00e7\u00e3o, [&hellip;]","og_url":"https:\/\/radiolifefm.com.br\/noticias\/estado-libera-recursos-para-7-cidades-turisticas-da-regiaoadamantina\/","og_site_name":"R\u00e1dio Life FM","article_publisher":"https:\/\/www.facebook.com\/radiolifefm\/","article_published_time":"2021-06-20T21:57:49+00:00","article_modified_time":"2026-01-28T12:54:49+00:00","og_image":[{"width":800,"height":532,"url":"https:\/\/radiolifefm.com.br\/noticias\/wp-content\/uploads\/2021\/06\/1624101347.jpg","type":"image\/jpeg"}],"author":"ritanery","twitter_card":"summary_large_image","twitter_misc":{"Escrito por":"ritanery","Est. tempo de leitura":"3 minutos"},"schema":{"@context":"https:\/\/schema.org","@graph":[{"@type":"Article","@id":"https:\/\/radiolifefm.com.br\/noticias\/estado-libera-recursos-para-7-cidades-turisticas-da-regiaoadamantina\/#article","isPartOf":{"@id":"https:\/\/radiolifefm.com.br\/noticias\/estado-libera-recursos-para-7-cidades-turisticas-da-regiaoadamantina\/"},"author":{"name":"ritanery","@id":"https:\/\/radiolifefm.com.br\/noticias\/#\/schema\/person\/6339b9fac59d12b071dec680d7375d87"},"headline":"Estado libera recursos para 7 cidades tur\u00edsticas da regi\u00e3o","datePublished":"2021-06-20T21:57:49+00:00","dateModified":"2026-01-28T12:54:49+00:00","mainEntityOfPage":{"@id":"https:\/\/radiolifefm.com.br\/noticias\/estado-libera-recursos-para-7-cidades-turisticas-da-regiaoadamantina\/"},"wordCount":607,"publisher":{"@id":"https:\/\/radiolifefm.com.br\/noticias\/#organization"},"image":{"@id":"https:\/\/radiolifefm.com.br\/noticias\/estado-libera-recursos-para-7-cidades-turisticas-da-regiaoadamantina\/#primaryimage"},"thumbnailUrl":"https:\/\/radiolifefm.com.br\/noticias\/wp-content\/uploads\/2021\/06\/1624101347.jpg","articleSection":["Adamantina"],"inLanguage":"pt-BR"},{"@type":"WebPage","@id":"https:\/\/radiolifefm.com.br\/noticias\/estado-libera-recursos-para-7-cidades-turisticas-da-regiaoadamantina\/","url":"https:\/\/radiolifefm.com.br\/noticias\/estado-libera-recursos-para-7-cidades-turisticas-da-regiaoadamantina\/","name":"Estado libera recursos para 7 cidades tur\u00edsticas da regi\u00e3o - R\u00e1dio Life FM","isPartOf":{"@id":"https:\/\/radiolifefm.com.br\/noticias\/#website"},"primaryImageOfPage":{"@id":"https:\/\/radiolifefm.com.br\/noticias\/estado-libera-recursos-para-7-cidades-turisticas-da-regiaoadamantina\/#primaryimage"},"image":{"@id":"https:\/\/radiolifefm.com.br\/noticias\/estado-libera-recursos-para-7-cidades-turisticas-da-regiaoadamantina\/#primaryimage"},"thumbnailUrl":"https:\/\/radiolifefm.com.br\/noticias\/wp-content\/uploads\/2021\/06\/1624101347.jpg","datePublished":"2021-06-20T21:57:49+00:00","dateModified":"2026-01-28T12:54:49+00:00","breadcrumb":{"@id":"https:\/\/radiolifefm.com.br\/noticias\/estado-libera-recursos-para-7-cidades-turisticas-da-regiaoadamantina\/#breadcrumb"},"inLanguage":"pt-BR","potentialAction":[{"@type":"ReadAction","target":["https:\/\/radiolifefm.com.br\/noticias\/estado-libera-recursos-para-7-cidades-turisticas-da-regiaoadamantina\/"]}]},{"@type":"ImageObject","inLanguage":"pt-BR","@id":"https:\/\/radiolifefm.com.br\/noticias\/estado-libera-recursos-para-7-cidades-turisticas-da-regiaoadamantina\/#primaryimage","url":"https:\/\/radiolifefm.com.br\/noticias\/wp-content\/uploads\/2021\/06\/1624101347.jpg","contentUrl":"https:\/\/radiolifefm.com.br\/noticias\/wp-content\/uploads\/2021\/06\/1624101347.jpg","width":800,"height":532,"caption":"Juntos, Adamantina, Martin\u00f3polis, Panorama, Paulic\u00e9ia, Rancharia, Rosana e Santo Expedito receber\u00e3o R$ 2,5 mi para obras e melhorias de infraestrutura"},{"@type":"BreadcrumbList","@id":"https:\/\/radiolifefm.com.br\/noticias\/estado-libera-recursos-para-7-cidades-turisticas-da-regiaoadamantina\/#breadcrumb","itemListElement":[{"@type":"ListItem","position":1,"name":"In\u00edcio","item":"https:\/\/radiolifefm.com.br\/noticias\/"},{"@type":"ListItem","position":2,"name":"Estado libera recursos para 7 cidades tur\u00edsticas da regi\u00e3o"}]},{"@type":"WebSite","@id":"https:\/\/radiolifefm.com.br\/noticias\/#website","url":"https:\/\/radiolifefm.com.br\/noticias\/","name":"R\u00e1dio Life FM","description":"O Portal de Not\u00edcias de Adamantina","publisher":{"@id":"https:\/\/radiolifefm.com.br\/noticias\/#organization"},"alternateName":"Life FM","potentialAction":[{"@type":"SearchAction","target":{"@type":"EntryPoint","urlTemplate":"https:\/\/radiolifefm.com.br\/noticias\/?s={search_term_string}"},"query-input":{"@type":"PropertyValueSpecification","valueRequired":true,"valueName":"search_term_string"}}],"inLanguage":"pt-BR"},{"@type":"Organization","@id":"https:\/\/radiolifefm.com.br\/noticias\/#organization","name":"R\u00e1dio Life FM","alternateName":"Life FM","url":"https:\/\/radiolifefm.com.br\/noticias\/","logo":{"@type":"ImageObject","inLanguage":"pt-BR","@id":"https:\/\/radiolifefm.com.br\/noticias\/#\/schema\/logo\/image\/","url":"https:\/\/static.radiolifefm.com.br\/noticias\/wp-content\/uploads\/2019\/10\/logo-lifefm.png","contentUrl":"https:\/\/static.radiolifefm.com.br\/noticias\/wp-content\/uploads\/2019\/10\/logo-lifefm.png","width":196,"height":47,"caption":"R\u00e1dio Life FM"},"image":{"@id":"https:\/\/radiolifefm.com.br\/noticias\/#\/schema\/logo\/image\/"},"sameAs":["https:\/\/www.facebook.com\/radiolifefm\/","https:\/\/www.instagram.com\/life1079fm\/"]},{"@type":"Person","@id":"https:\/\/radiolifefm.com.br\/noticias\/#\/schema\/person\/6339b9fac59d12b071dec680d7375d87","name":"ritanery","image":{"@type":"ImageObject","inLanguage":"pt-BR","@id":"https:\/\/secure.gravatar.com\/avatar\/0e37bb19071f47c0b8a23f62a903df117c5a0e75f65a0c2901562f97cd41cf86?s=96&d=mm&r=g","url":"https:\/\/secure.gravatar.com\/avatar\/0e37bb19071f47c0b8a23f62a903df117c5a0e75f65a0c2901562f97cd41cf86?s=96&d=mm&r=g","contentUrl":"https:\/\/secure.gravatar.com\/avatar\/0e37bb19071f47c0b8a23f62a903df117c5a0e75f65a0c2901562f97cd41cf86?s=96&d=mm&r=g","caption":"ritanery"}}]}},"amp_enabled":true,"_links":{"self":[{"href":"https:\/\/radiolifefm.com.br\/noticias\/wp-json\/wp\/v2\/posts\/39971","targetHints":{"allow":["GET"]}}],"collection":[{"href":"https:\/\/radiolifefm.com.br\/noticias\/wp-json\/wp\/v2\/posts"}],"about":[{"href":"https:\/\/radiolifefm.com.br\/noticias\/wp-json\/wp\/v2\/types\/post"}],"author":[{"embeddable":true,"href":"https:\/\/radiolifefm.com.br\/noticias\/wp-json\/wp\/v2\/users\/13"}],"replies":[{"embeddable":true,"href":"https:\/\/radiolifefm.com.br\/noticias\/wp-json\/wp\/v2\/comments?post=39971"}],"version-history":[{"count":2,"href":"https:\/\/radiolifefm.com.br\/noticias\/wp-json\/wp\/v2\/posts\/39971\/revisions"}],"predecessor-version":[{"id":39974,"href":"https:\/\/radiolifefm.com.br\/noticias\/wp-json\/wp\/v2\/posts\/39971\/revisions\/39974"}],"wp:featuredmedia":[{"embeddable":true,"href":"https:\/\/radiolifefm.com.br\/noticias\/wp-json\/wp\/v2\/media\/39972"}],"wp:attachment":[{"href":"https:\/\/radiolifefm.com.br\/noticias\/wp-json\/wp\/v2\/media?parent=39971"}],"wp:term":[{"taxonomy":"category","embeddable":true,"href":"https:\/\/radiolifefm.com.br\/noticias\/wp-json\/wp\/v2\/categories?post=39971"},{"taxonomy":"post_tag","embeddable":true,"href":"https:\/\/radiolifefm.com.br\/noticias\/wp-json\/wp\/v2\/tags?post=39971"}],"curies":[{"name":"wp","href":"https:\/\/api.w.org\/{rel}","templated":true}]}}