{"id":39964,"date":"2021-06-20T13:08:40","date_gmt":"2021-06-20T16:08:40","guid":{"rendered":"https:\/\/radiolifefm.com.br\/noticias\/?p=39964"},"modified":"2026-04-10T11:29:08","modified_gmt":"2026-04-10T14:29:08","slug":"morte-de-gatos-por-envenenamento-leva-moradora-a-registrar-caso-na-policia-civil","status":"publish","type":"post","link":"https:\/\/radiolifefm.com.br\/noticias\/morte-de-gatos-por-envenenamento-leva-moradora-a-registrar-caso-na-policia-civil\/","title":{"rendered":"Morte de gatos por envenenamento leva moradora a registrar caso na Pol\u00edcia Civil"},"content":{"rendered":"<div id=\"fb-root\"><\/div>\n<p>Uma moradora de Adamantina e cuidadora volunt\u00e1ria de animais de rua procurou a Pol\u00edcia Civil nesta quinta-feira (18) onde registrou um boletim de ocorr\u00eancia relatando a morte de gatos, por envenenamento, na regi\u00e3o da Vila Cicma, proximidades da Santa Casa local.<\/p>\n<p>&nbsp;<\/p>\n<p>O SIGA MAIS teve acesso ao BO, registrado junto ao NECRIM (N\u00facleo Especial Criminal) da Pol\u00edcia Civil de Adamantina, para apurar eventual crime de mais tratos a animais.<\/p>\n<p>&nbsp;<\/p>\n<p>No documento, a moradora relata que h\u00e1 cerca de 15 dias localizou pr\u00f3ximo \u00e0 sua resid\u00eancia um gato j\u00e1 sem vida. O animal era sadio e a suspeita \u00e9 que tenha sido envenenado.<\/p>\n<p>&nbsp;<\/p>\n<p>Um segundo caso, j\u00e1 nesta quinta-feira (17), foi relatado pela moradora no BO. Desta vez ela encontrou outro animal, ainda com vida, por\u00e9m com perda dos sinais vitais. Rapidamente socorreu o felino e encaminhou a uma cl\u00ednica veterin\u00e1ria.<\/p>\n<p>&nbsp;<\/p>\n<p>Uma declara\u00e7\u00e3o da profissional veterin\u00e1ria da cl\u00ednica juntada ao BO diz que o animal tinha sintomas de intoxica\u00e7\u00e3o, como andar cambaleante, sialorreia, diarreia, aus\u00eancia de reflexos, perda de consci\u00eancia e tremores musculares. Na cl\u00ednica o animal foi submetido a fluidoterapia com ant\u00eddotos e apresentou melhoras, permanecendo em observa\u00e7\u00e3o.<\/p>\n<p>&nbsp;<\/p>\n<p><strong>Den\u00fancias<\/strong><\/p>\n<p>A Pol\u00edcia Civil deve investigar o caso da morte dos gatos. Qualquer den\u00fancia sobre o epis\u00f3dio denunciado pela moradora, que possa levar \u00e0 autoria dos envenenamentos, ou mesmo outras ocorr\u00eancias de\u00a0\u00a0maus tratos, podem ser feitas diretamente \u00e0 Pol\u00edcia Civil, junto ao NECRIM, ou outra unidade policial, como tamb\u00e9m \u00e0 Pol\u00edcia Militar. Boletins de ocorr\u00eancia tamb\u00e9m podem ser feitos na internet pela Delegacia Eletr\u00f4nica da Pol\u00edcia Civil\u00a0<a href=\"https:\/\/www.delegaciaeletronica.policiacivil.sp.gov.br\/ssp-de-cidadao\/home\"><strong>(acesse aqui)<\/strong><\/a>.<\/p>\n<p>&nbsp;<\/p>\n<p><strong>Mais casos<\/strong><\/p>\n<p>Tem sido comum a ocorr\u00eancia de casos de envenenamento de animais, em diversos bairros da cidade, conforme relatos de moradores publicados nas redes sociais. Por\u00e9m, muitos desses casos n\u00e3o s\u00e3o noticiados \u00e0s autoridades, o que dificulta a investiga\u00e7\u00e3o.<\/p>\n<p>No dia 11 de junho o SIGA MAIS publicou sobre bombas que eram lan\u00e7adas de uma camionete na regi\u00e3o do bairro Cecap. Segundo os moradores, a\u00a0<a href=\"https:\/\/www.sigamais.com\/noticias\/cidades\/moradores-da-cecap-se-assustam-com-bombas-jogadas-de-camionete-em-alta-velocidade\/\"><strong>pr\u00e1tica seria para afugentar c\u00e3es e gatos<\/strong><\/a>. Depois da publica\u00e7\u00e3o o caso repercutiu e surgiram novos relatos nas redes sociais,\u00a0<a href=\"https:\/\/www.sigamais.com\/noticias\/cidades\/moradores-fazem-novos-relatos-sobre-bombas-jogadas-de-camionete-na-regiao-do-bairro-cecap\/\"><strong>confirmando morte de animais<\/strong><\/a>. Em uma das postagens, um morador da Cecap narrou um epis\u00f3dio onde um homem amea\u00e7ou de morte a vizinha dele, por causa dos gatos. Segundo o denunciante, ele gritou que matou gatos e que iria matar os donos. A declara\u00e7\u00e3o e as amea\u00e7as tamb\u00e9m teriam sido ouvidas por outras pessoas. \u201cNingu\u00e9m chamou a pol\u00edcia. Ent\u00e3o ele vai continuar fazendo pior. Mas agora j\u00e1 sabemos quem est\u00e1 matando os gatos do bairro\u201d, relatou a fonte.<\/p>\n<p>&nbsp;<\/p>\n<p>Fonte: Siga Mais<\/p>\n","protected":false},"excerpt":{"rendered":"<p>Uma moradora de Adamantina e cuidadora volunt\u00e1ria de animais de rua procurou a Pol\u00edcia Civil nesta quinta-feira (18) onde registrou um boletim de ocorr\u00eancia relatando a morte de gatos, por envenenamento, na regi\u00e3o da Vila Cicma, proximidades da Santa Casa local. &nbsp; O SIGA MAIS teve acesso ao BO, registrado junto ao NECRIM (N\u00facleo Especial [&hellip;]<\/p>\n","protected":false},"author":13,"featured_media":39965,"comment_status":"closed","ping_status":"open","sticky":false,"template":"","format":"standard","meta":{"_acf_changed":false,"_exactmetrics_skip_tracking":false,"_exactmetrics_sitenote_active":false,"_exactmetrics_sitenote_note":"","_exactmetrics_sitenote_category":0,"footnotes":""},"categories":[21],"tags":[],"class_list":["post-39964","post","type-post","status-publish","format-standard","has-post-thumbnail","hentry","category-adamantina"],"acf":[],"yoast_head":"<!-- This site is optimized with the Yoast SEO plugin v27.2 - https:\/\/yoast.com\/product\/yoast-seo-wordpress\/ -->\n<title>Morte de gatos por envenenamento leva moradora a registrar caso na Pol\u00edcia Civil - R\u00e1dio Life FM<\/title>\n<meta name=\"robots\" content=\"index, follow, max-snippet:-1, max-image-preview:large, max-video-preview:-1\" \/>\n<link rel=\"canonical\" href=\"https:\/\/radiolifefm.com.br\/noticias\/morte-de-gatos-por-envenenamento-leva-moradora-a-registrar-caso-na-policia-civil\/\" \/>\n<meta property=\"og:locale\" content=\"pt_BR\" \/>\n<meta property=\"og:type\" content=\"article\" \/>\n<meta property=\"og:title\" content=\"Morte de gatos por envenenamento leva moradora a registrar caso na Pol\u00edcia Civil - R\u00e1dio Life FM\" \/>\n<meta property=\"og:description\" content=\"Uma moradora de Adamantina e cuidadora volunt\u00e1ria de animais de rua procurou a Pol\u00edcia Civil nesta quinta-feira (18) onde registrou um boletim de ocorr\u00eancia relatando a morte de gatos, por envenenamento, na regi\u00e3o da Vila Cicma, proximidades da Santa Casa local. &nbsp; O SIGA MAIS teve acesso ao BO, registrado junto ao NECRIM (N\u00facleo Especial [&hellip;]\" \/>\n<meta property=\"og:url\" content=\"https:\/\/radiolifefm.com.br\/noticias\/morte-de-gatos-por-envenenamento-leva-moradora-a-registrar-caso-na-policia-civil\/\" \/>\n<meta property=\"og:site_name\" content=\"R\u00e1dio Life FM\" \/>\n<meta property=\"article:publisher\" content=\"https:\/\/www.facebook.com\/radiolifefm\/\" \/>\n<meta property=\"article:published_time\" content=\"2021-06-20T16:08:40+00:00\" \/>\n<meta property=\"article:modified_time\" content=\"2026-04-10T14:29:08+00:00\" \/>\n<meta property=\"og:image\" content=\"https:\/\/radiolifefm.com.br\/noticias\/wp-content\/uploads\/2021\/06\/19925914823307374337251694347133765594654750njpg162410727460cde90ae3256.jpg\" \/>\n\t<meta property=\"og:image:width\" content=\"600\" \/>\n\t<meta property=\"og:image:height\" content=\"337\" \/>\n\t<meta property=\"og:image:type\" content=\"image\/jpeg\" \/>\n<meta name=\"author\" content=\"ritanery\" \/>\n<meta name=\"twitter:card\" content=\"summary_large_image\" \/>\n<meta name=\"twitter:label1\" content=\"Escrito por\" \/>\n\t<meta name=\"twitter:data1\" content=\"ritanery\" \/>\n\t<meta name=\"twitter:label2\" content=\"Est. tempo de leitura\" \/>\n\t<meta name=\"twitter:data2\" content=\"2 minutos\" \/>\n<script type=\"application\/ld+json\" class=\"yoast-schema-graph\">{\"@context\":\"https:\/\/schema.org\",\"@graph\":[{\"@type\":\"Article\",\"@id\":\"https:\/\/radiolifefm.com.br\/noticias\/morte-de-gatos-por-envenenamento-leva-moradora-a-registrar-caso-na-policia-civil\/#article\",\"isPartOf\":{\"@id\":\"https:\/\/radiolifefm.com.br\/noticias\/morte-de-gatos-por-envenenamento-leva-moradora-a-registrar-caso-na-policia-civil\/\"},\"author\":{\"name\":\"ritanery\",\"@id\":\"https:\/\/radiolifefm.com.br\/noticias\/#\/schema\/person\/6339b9fac59d12b071dec680d7375d87\"},\"headline\":\"Morte de gatos por envenenamento leva moradora a registrar caso na Pol\u00edcia Civil\",\"datePublished\":\"2021-06-20T16:08:40+00:00\",\"dateModified\":\"2026-04-10T14:29:08+00:00\",\"mainEntityOfPage\":{\"@id\":\"https:\/\/radiolifefm.com.br\/noticias\/morte-de-gatos-por-envenenamento-leva-moradora-a-registrar-caso-na-policia-civil\/\"},\"wordCount\":487,\"publisher\":{\"@id\":\"https:\/\/radiolifefm.com.br\/noticias\/#organization\"},\"image\":{\"@id\":\"https:\/\/radiolifefm.com.br\/noticias\/morte-de-gatos-por-envenenamento-leva-moradora-a-registrar-caso-na-policia-civil\/#primaryimage\"},\"thumbnailUrl\":\"https:\/\/radiolifefm.com.br\/noticias\/wp-content\/uploads\/2021\/06\/19925914823307374337251694347133765594654750njpg162410727460cde90ae3256.jpg\",\"articleSection\":[\"Adamantina\"],\"inLanguage\":\"pt-BR\"},{\"@type\":\"WebPage\",\"@id\":\"https:\/\/radiolifefm.com.br\/noticias\/morte-de-gatos-por-envenenamento-leva-moradora-a-registrar-caso-na-policia-civil\/\",\"url\":\"https:\/\/radiolifefm.com.br\/noticias\/morte-de-gatos-por-envenenamento-leva-moradora-a-registrar-caso-na-policia-civil\/\",\"name\":\"Morte de gatos por envenenamento leva moradora a registrar caso na Pol\u00edcia Civil - R\u00e1dio Life FM\",\"isPartOf\":{\"@id\":\"https:\/\/radiolifefm.com.br\/noticias\/#website\"},\"primaryImageOfPage\":{\"@id\":\"https:\/\/radiolifefm.com.br\/noticias\/morte-de-gatos-por-envenenamento-leva-moradora-a-registrar-caso-na-policia-civil\/#primaryimage\"},\"image\":{\"@id\":\"https:\/\/radiolifefm.com.br\/noticias\/morte-de-gatos-por-envenenamento-leva-moradora-a-registrar-caso-na-policia-civil\/#primaryimage\"},\"thumbnailUrl\":\"https:\/\/radiolifefm.com.br\/noticias\/wp-content\/uploads\/2021\/06\/19925914823307374337251694347133765594654750njpg162410727460cde90ae3256.jpg\",\"datePublished\":\"2021-06-20T16:08:40+00:00\",\"dateModified\":\"2026-04-10T14:29:08+00:00\",\"breadcrumb\":{\"@id\":\"https:\/\/radiolifefm.com.br\/noticias\/morte-de-gatos-por-envenenamento-leva-moradora-a-registrar-caso-na-policia-civil\/#breadcrumb\"},\"inLanguage\":\"pt-BR\",\"potentialAction\":[{\"@type\":\"ReadAction\",\"target\":[\"https:\/\/radiolifefm.com.br\/noticias\/morte-de-gatos-por-envenenamento-leva-moradora-a-registrar-caso-na-policia-civil\/\"]}]},{\"@type\":\"ImageObject\",\"inLanguage\":\"pt-BR\",\"@id\":\"https:\/\/radiolifefm.com.br\/noticias\/morte-de-gatos-por-envenenamento-leva-moradora-a-registrar-caso-na-policia-civil\/#primaryimage\",\"url\":\"https:\/\/radiolifefm.com.br\/noticias\/wp-content\/uploads\/2021\/06\/19925914823307374337251694347133765594654750njpg162410727460cde90ae3256.jpg\",\"contentUrl\":\"https:\/\/radiolifefm.com.br\/noticias\/wp-content\/uploads\/2021\/06\/19925914823307374337251694347133765594654750njpg162410727460cde90ae3256.jpg\",\"width\":600,\"height\":337,\"caption\":\"Casos relatados pela moradora est\u00e3o ocorrendo na regi\u00e3o da Vila Cicma, proximidades da Santa Casa.\"},{\"@type\":\"BreadcrumbList\",\"@id\":\"https:\/\/radiolifefm.com.br\/noticias\/morte-de-gatos-por-envenenamento-leva-moradora-a-registrar-caso-na-policia-civil\/#breadcrumb\",\"itemListElement\":[{\"@type\":\"ListItem\",\"position\":1,\"name\":\"In\u00edcio\",\"item\":\"https:\/\/radiolifefm.com.br\/noticias\/\"},{\"@type\":\"ListItem\",\"position\":2,\"name\":\"Morte de gatos por envenenamento leva moradora a registrar caso na Pol\u00edcia Civil\"}]},{\"@type\":\"WebSite\",\"@id\":\"https:\/\/radiolifefm.com.br\/noticias\/#website\",\"url\":\"https:\/\/radiolifefm.com.br\/noticias\/\",\"name\":\"R\u00e1dio Life FM\",\"description\":\"O Portal de Not\u00edcias de Adamantina\",\"publisher\":{\"@id\":\"https:\/\/radiolifefm.com.br\/noticias\/#organization\"},\"alternateName\":\"Life FM\",\"potentialAction\":[{\"@type\":\"SearchAction\",\"target\":{\"@type\":\"EntryPoint\",\"urlTemplate\":\"https:\/\/radiolifefm.com.br\/noticias\/?s={search_term_string}\"},\"query-input\":{\"@type\":\"PropertyValueSpecification\",\"valueRequired\":true,\"valueName\":\"search_term_string\"}}],\"inLanguage\":\"pt-BR\"},{\"@type\":\"Organization\",\"@id\":\"https:\/\/radiolifefm.com.br\/noticias\/#organization\",\"name\":\"R\u00e1dio Life FM\",\"alternateName\":\"Life FM\",\"url\":\"https:\/\/radiolifefm.com.br\/noticias\/\",\"logo\":{\"@type\":\"ImageObject\",\"inLanguage\":\"pt-BR\",\"@id\":\"https:\/\/radiolifefm.com.br\/noticias\/#\/schema\/logo\/image\/\",\"url\":\"https:\/\/static.radiolifefm.com.br\/noticias\/wp-content\/uploads\/2019\/10\/logo-lifefm.png\",\"contentUrl\":\"https:\/\/static.radiolifefm.com.br\/noticias\/wp-content\/uploads\/2019\/10\/logo-lifefm.png\",\"width\":196,\"height\":47,\"caption\":\"R\u00e1dio Life FM\"},\"image\":{\"@id\":\"https:\/\/radiolifefm.com.br\/noticias\/#\/schema\/logo\/image\/\"},\"sameAs\":[\"https:\/\/www.facebook.com\/radiolifefm\/\",\"https:\/\/www.instagram.com\/life1079fm\/\"]},{\"@type\":\"Person\",\"@id\":\"https:\/\/radiolifefm.com.br\/noticias\/#\/schema\/person\/6339b9fac59d12b071dec680d7375d87\",\"name\":\"ritanery\",\"image\":{\"@type\":\"ImageObject\",\"inLanguage\":\"pt-BR\",\"@id\":\"https:\/\/secure.gravatar.com\/avatar\/0e37bb19071f47c0b8a23f62a903df117c5a0e75f65a0c2901562f97cd41cf86?s=96&d=mm&r=g\",\"url\":\"https:\/\/secure.gravatar.com\/avatar\/0e37bb19071f47c0b8a23f62a903df117c5a0e75f65a0c2901562f97cd41cf86?s=96&d=mm&r=g\",\"contentUrl\":\"https:\/\/secure.gravatar.com\/avatar\/0e37bb19071f47c0b8a23f62a903df117c5a0e75f65a0c2901562f97cd41cf86?s=96&d=mm&r=g\",\"caption\":\"ritanery\"}}]}<\/script>\n<!-- \/ Yoast SEO plugin. -->","yoast_head_json":{"title":"Morte de gatos por envenenamento leva moradora a registrar caso na Pol\u00edcia Civil - R\u00e1dio Life FM","robots":{"index":"index","follow":"follow","max-snippet":"max-snippet:-1","max-image-preview":"max-image-preview:large","max-video-preview":"max-video-preview:-1"},"canonical":"https:\/\/radiolifefm.com.br\/noticias\/morte-de-gatos-por-envenenamento-leva-moradora-a-registrar-caso-na-policia-civil\/","og_locale":"pt_BR","og_type":"article","og_title":"Morte de gatos por envenenamento leva moradora a registrar caso na Pol\u00edcia Civil - R\u00e1dio Life FM","og_description":"Uma moradora de Adamantina e cuidadora volunt\u00e1ria de animais de rua procurou a Pol\u00edcia Civil nesta quinta-feira (18) onde registrou um boletim de ocorr\u00eancia relatando a morte de gatos, por envenenamento, na regi\u00e3o da Vila Cicma, proximidades da Santa Casa local. &nbsp; O SIGA MAIS teve acesso ao BO, registrado junto ao NECRIM (N\u00facleo Especial [&hellip;]","og_url":"https:\/\/radiolifefm.com.br\/noticias\/morte-de-gatos-por-envenenamento-leva-moradora-a-registrar-caso-na-policia-civil\/","og_site_name":"R\u00e1dio Life FM","article_publisher":"https:\/\/www.facebook.com\/radiolifefm\/","article_published_time":"2021-06-20T16:08:40+00:00","article_modified_time":"2026-04-10T14:29:08+00:00","og_image":[{"width":600,"height":337,"url":"https:\/\/radiolifefm.com.br\/noticias\/wp-content\/uploads\/2021\/06\/19925914823307374337251694347133765594654750njpg162410727460cde90ae3256.jpg","type":"image\/jpeg"}],"author":"ritanery","twitter_card":"summary_large_image","twitter_misc":{"Escrito por":"ritanery","Est. tempo de leitura":"2 minutos"},"schema":{"@context":"https:\/\/schema.org","@graph":[{"@type":"Article","@id":"https:\/\/radiolifefm.com.br\/noticias\/morte-de-gatos-por-envenenamento-leva-moradora-a-registrar-caso-na-policia-civil\/#article","isPartOf":{"@id":"https:\/\/radiolifefm.com.br\/noticias\/morte-de-gatos-por-envenenamento-leva-moradora-a-registrar-caso-na-policia-civil\/"},"author":{"name":"ritanery","@id":"https:\/\/radiolifefm.com.br\/noticias\/#\/schema\/person\/6339b9fac59d12b071dec680d7375d87"},"headline":"Morte de gatos por envenenamento leva moradora a registrar caso na Pol\u00edcia Civil","datePublished":"2021-06-20T16:08:40+00:00","dateModified":"2026-04-10T14:29:08+00:00","mainEntityOfPage":{"@id":"https:\/\/radiolifefm.com.br\/noticias\/morte-de-gatos-por-envenenamento-leva-moradora-a-registrar-caso-na-policia-civil\/"},"wordCount":487,"publisher":{"@id":"https:\/\/radiolifefm.com.br\/noticias\/#organization"},"image":{"@id":"https:\/\/radiolifefm.com.br\/noticias\/morte-de-gatos-por-envenenamento-leva-moradora-a-registrar-caso-na-policia-civil\/#primaryimage"},"thumbnailUrl":"https:\/\/radiolifefm.com.br\/noticias\/wp-content\/uploads\/2021\/06\/19925914823307374337251694347133765594654750njpg162410727460cde90ae3256.jpg","articleSection":["Adamantina"],"inLanguage":"pt-BR"},{"@type":"WebPage","@id":"https:\/\/radiolifefm.com.br\/noticias\/morte-de-gatos-por-envenenamento-leva-moradora-a-registrar-caso-na-policia-civil\/","url":"https:\/\/radiolifefm.com.br\/noticias\/morte-de-gatos-por-envenenamento-leva-moradora-a-registrar-caso-na-policia-civil\/","name":"Morte de gatos por envenenamento leva moradora a registrar caso na Pol\u00edcia Civil - R\u00e1dio Life FM","isPartOf":{"@id":"https:\/\/radiolifefm.com.br\/noticias\/#website"},"primaryImageOfPage":{"@id":"https:\/\/radiolifefm.com.br\/noticias\/morte-de-gatos-por-envenenamento-leva-moradora-a-registrar-caso-na-policia-civil\/#primaryimage"},"image":{"@id":"https:\/\/radiolifefm.com.br\/noticias\/morte-de-gatos-por-envenenamento-leva-moradora-a-registrar-caso-na-policia-civil\/#primaryimage"},"thumbnailUrl":"https:\/\/radiolifefm.com.br\/noticias\/wp-content\/uploads\/2021\/06\/19925914823307374337251694347133765594654750njpg162410727460cde90ae3256.jpg","datePublished":"2021-06-20T16:08:40+00:00","dateModified":"2026-04-10T14:29:08+00:00","breadcrumb":{"@id":"https:\/\/radiolifefm.com.br\/noticias\/morte-de-gatos-por-envenenamento-leva-moradora-a-registrar-caso-na-policia-civil\/#breadcrumb"},"inLanguage":"pt-BR","potentialAction":[{"@type":"ReadAction","target":["https:\/\/radiolifefm.com.br\/noticias\/morte-de-gatos-por-envenenamento-leva-moradora-a-registrar-caso-na-policia-civil\/"]}]},{"@type":"ImageObject","inLanguage":"pt-BR","@id":"https:\/\/radiolifefm.com.br\/noticias\/morte-de-gatos-por-envenenamento-leva-moradora-a-registrar-caso-na-policia-civil\/#primaryimage","url":"https:\/\/radiolifefm.com.br\/noticias\/wp-content\/uploads\/2021\/06\/19925914823307374337251694347133765594654750njpg162410727460cde90ae3256.jpg","contentUrl":"https:\/\/radiolifefm.com.br\/noticias\/wp-content\/uploads\/2021\/06\/19925914823307374337251694347133765594654750njpg162410727460cde90ae3256.jpg","width":600,"height":337,"caption":"Casos relatados pela moradora est\u00e3o ocorrendo na regi\u00e3o da Vila Cicma, proximidades da Santa Casa."},{"@type":"BreadcrumbList","@id":"https:\/\/radiolifefm.com.br\/noticias\/morte-de-gatos-por-envenenamento-leva-moradora-a-registrar-caso-na-policia-civil\/#breadcrumb","itemListElement":[{"@type":"ListItem","position":1,"name":"In\u00edcio","item":"https:\/\/radiolifefm.com.br\/noticias\/"},{"@type":"ListItem","position":2,"name":"Morte de gatos por envenenamento leva moradora a registrar caso na Pol\u00edcia Civil"}]},{"@type":"WebSite","@id":"https:\/\/radiolifefm.com.br\/noticias\/#website","url":"https:\/\/radiolifefm.com.br\/noticias\/","name":"R\u00e1dio Life FM","description":"O Portal de Not\u00edcias de Adamantina","publisher":{"@id":"https:\/\/radiolifefm.com.br\/noticias\/#organization"},"alternateName":"Life FM","potentialAction":[{"@type":"SearchAction","target":{"@type":"EntryPoint","urlTemplate":"https:\/\/radiolifefm.com.br\/noticias\/?s={search_term_string}"},"query-input":{"@type":"PropertyValueSpecification","valueRequired":true,"valueName":"search_term_string"}}],"inLanguage":"pt-BR"},{"@type":"Organization","@id":"https:\/\/radiolifefm.com.br\/noticias\/#organization","name":"R\u00e1dio Life FM","alternateName":"Life FM","url":"https:\/\/radiolifefm.com.br\/noticias\/","logo":{"@type":"ImageObject","inLanguage":"pt-BR","@id":"https:\/\/radiolifefm.com.br\/noticias\/#\/schema\/logo\/image\/","url":"https:\/\/static.radiolifefm.com.br\/noticias\/wp-content\/uploads\/2019\/10\/logo-lifefm.png","contentUrl":"https:\/\/static.radiolifefm.com.br\/noticias\/wp-content\/uploads\/2019\/10\/logo-lifefm.png","width":196,"height":47,"caption":"R\u00e1dio Life FM"},"image":{"@id":"https:\/\/radiolifefm.com.br\/noticias\/#\/schema\/logo\/image\/"},"sameAs":["https:\/\/www.facebook.com\/radiolifefm\/","https:\/\/www.instagram.com\/life1079fm\/"]},{"@type":"Person","@id":"https:\/\/radiolifefm.com.br\/noticias\/#\/schema\/person\/6339b9fac59d12b071dec680d7375d87","name":"ritanery","image":{"@type":"ImageObject","inLanguage":"pt-BR","@id":"https:\/\/secure.gravatar.com\/avatar\/0e37bb19071f47c0b8a23f62a903df117c5a0e75f65a0c2901562f97cd41cf86?s=96&d=mm&r=g","url":"https:\/\/secure.gravatar.com\/avatar\/0e37bb19071f47c0b8a23f62a903df117c5a0e75f65a0c2901562f97cd41cf86?s=96&d=mm&r=g","contentUrl":"https:\/\/secure.gravatar.com\/avatar\/0e37bb19071f47c0b8a23f62a903df117c5a0e75f65a0c2901562f97cd41cf86?s=96&d=mm&r=g","caption":"ritanery"}}]}},"amp_enabled":true,"_links":{"self":[{"href":"https:\/\/radiolifefm.com.br\/noticias\/wp-json\/wp\/v2\/posts\/39964","targetHints":{"allow":["GET"]}}],"collection":[{"href":"https:\/\/radiolifefm.com.br\/noticias\/wp-json\/wp\/v2\/posts"}],"about":[{"href":"https:\/\/radiolifefm.com.br\/noticias\/wp-json\/wp\/v2\/types\/post"}],"author":[{"embeddable":true,"href":"https:\/\/radiolifefm.com.br\/noticias\/wp-json\/wp\/v2\/users\/13"}],"replies":[{"embeddable":true,"href":"https:\/\/radiolifefm.com.br\/noticias\/wp-json\/wp\/v2\/comments?post=39964"}],"version-history":[{"count":2,"href":"https:\/\/radiolifefm.com.br\/noticias\/wp-json\/wp\/v2\/posts\/39964\/revisions"}],"predecessor-version":[{"id":39967,"href":"https:\/\/radiolifefm.com.br\/noticias\/wp-json\/wp\/v2\/posts\/39964\/revisions\/39967"}],"wp:featuredmedia":[{"embeddable":true,"href":"https:\/\/radiolifefm.com.br\/noticias\/wp-json\/wp\/v2\/media\/39965"}],"wp:attachment":[{"href":"https:\/\/radiolifefm.com.br\/noticias\/wp-json\/wp\/v2\/media?parent=39964"}],"wp:term":[{"taxonomy":"category","embeddable":true,"href":"https:\/\/radiolifefm.com.br\/noticias\/wp-json\/wp\/v2\/categories?post=39964"},{"taxonomy":"post_tag","embeddable":true,"href":"https:\/\/radiolifefm.com.br\/noticias\/wp-json\/wp\/v2\/tags?post=39964"}],"curies":[{"name":"wp","href":"https:\/\/api.w.org\/{rel}","templated":true}]}}