{"id":39955,"date":"2021-06-19T20:37:13","date_gmt":"2021-06-19T23:37:13","guid":{"rendered":"https:\/\/radiolifefm.com.br\/noticias\/?p=39955"},"modified":"2026-02-13T06:49:00","modified_gmt":"2026-02-13T09:49:00","slug":"adamantinense-rotariana-sendo-destaque-nos-usa-saiu-menina-de-adamantina-e-esta-fazendo-juz-a-nossa-cidadeadamantina","status":"publish","type":"post","link":"https:\/\/radiolifefm.com.br\/noticias\/adamantinense-rotariana-sendo-destaque-nos-usa-saiu-menina-de-adamantina-e-esta-fazendo-juz-a-nossa-cidadeadamantina\/","title":{"rendered":"&#8220;Adamantinense &#8211; Rotariana sendo destaque nos USA&#8221; Saiu menina de Adamantina e est\u00e1 fazendo Juz a nossa Cidade!"},"content":{"rendered":"<div id=\"fb-root\"><\/div>\n<p>Ligia Cabral Assun\u00e7\u00e3o\u00a0 recebeu o Premio\u00a0 &#8211; Rotarian of the Year.<\/p>\n<p>&nbsp;<\/p>\n<p>Conta Ligia que ficou sem palavras ao ouvir seu nome sendo anunciado durante o Jantar Cerim\u00f4nia de\u00a0 posse \u00e0 nova Presidente do Clube.<\/p>\n<p>&nbsp;<\/p>\n<p>Ligia \u00e9 uma profissional super \u00a0ocupada por\u00e9m dedica o tempo livre ao voluntariado tendo exercido o cargo de\u00a0 secret\u00e1ria do Clube Boca Raton West na Fl\u00f3rida USA,<\/p>\n<p>e criou o projeto de r\u00e1dio visando fazer o Primeiro Clube de L\u00edngua Portuguesa na Fl\u00f3rida ficar mais conhecido,\u00a0 como &#8220;host&#8221; do programa Conex\u00e3o Rotary como o nome mesmo diz tem conectado clubes de Rotary espalhados pelo mundo e trazido\u00a0\u00a0\u00a0 uma proposta bem interessante de divulga\u00e7\u00e3o dos Projetos que tocam vidas pelo mundo.<\/p>\n<p>Este pr\u00eamio anual oferecido\u00a0 \u00e9 destinado ao rotariano do clube que claramente se destaca por demonstrar \u201cPrestar aten\u00e7\u00e3o acima de si mesmo\u201d e a dedica\u00e7\u00e3o de princ\u00edpios \u00e0 Prova Qu\u00e1drupla. O membro do clube\u00a0 deve ser um s\u00f3cio\u00a0 eminente que tenha feito contribui\u00e7\u00f5es significativas para a miss\u00e3o e opera\u00e7\u00e3o do clube e para uma ou mais oportunidades de Servi\u00e7os \u00e0 Comunidade locais\u00a0 ou Internacionais.<\/p>\n<p>&nbsp;<\/p>\n<p>Durante\u00a0 a cerim\u00f4nia a esposa do futuro Governador Distrital que \u00e9 a atual Vice Presidente do Clube usou uma frase do fundador do Clube &#8211; Presidente de Cadeira Efetiva e Eleito Governador.<\/p>\n<p>&nbsp;<\/p>\n<p>&#8220;O Excelente \u00e9 Inimigo do Bom&#8221; porque\u00a0 Se perd\u00eassemos tempo pensando em sermos excelentes os atos Bons n\u00e3o seriam executados&#8221; A sra Dinni Heizer terminou dizendo Ligia far\u00e1 tudo com excel\u00eancia porque \u00e9 audaciosa e n\u00e3o tem medo de ultrapassar Barreiras!\u00a0\u00a0 Ligia acrescenta que\u00a0 agradece a Deus pela oportunidade de servir ao pr\u00f3ximo e aos experientes Rotarinos que a elegeram porque este reconhecimento ROTARIAN OF THE YEAR (Rotariano do Ano do ano 2020\/2021) \u00e9 um marco na vida de quem aprendeu desde muito\u00a0 cedo que dividir e somar s\u00e3o verbos que devem andar paralelos.<\/p>\n<p>&nbsp;<\/p>\n<p>Dividimos nosso amor e acrescentamos em nossas vidas o privil\u00e9gio de sermos ainda mais aben\u00e7oados.<\/p>\n<p>&nbsp;<\/p>\n<p>A resposta para tudo no mundo \u00e9 amor e amor \u00e9 gratuito devemos nos unir em amor e a\u00e7\u00e3o para continuar a transformar o mundo!<\/p>\n<figure id=\"attachment_39957\" aria-describedby=\"caption-attachment-39957\" style=\"width: 300px\" class=\"wp-caption aligncenter\"><img loading=\"lazy\" decoding=\"async\" class=\"wp-image-39957 size-medium\" src=\"https:\/\/static.radiolifefm.com.br\/wp-content\/uploads\/sites\/2\/2021\/06\/WhatsApp-Image-2021-06-19-at-10.08.34-300x300.jpeg\" alt=\"\" width=\"300\" height=\"300\" srcset=\"https:\/\/radiolifefm.com.br\/noticias\/wp-content\/uploads\/2021\/06\/WhatsApp-Image-2021-06-19-at-10.08.34-300x300.jpeg 300w, https:\/\/radiolifefm.com.br\/noticias\/wp-content\/uploads\/2021\/06\/WhatsApp-Image-2021-06-19-at-10.08.34-1024x1024.jpeg 1024w, https:\/\/radiolifefm.com.br\/noticias\/wp-content\/uploads\/2021\/06\/WhatsApp-Image-2021-06-19-at-10.08.34-150x150.jpeg 150w, https:\/\/radiolifefm.com.br\/noticias\/wp-content\/uploads\/2021\/06\/WhatsApp-Image-2021-06-19-at-10.08.34-768x768.jpeg 768w, https:\/\/radiolifefm.com.br\/noticias\/wp-content\/uploads\/2021\/06\/WhatsApp-Image-2021-06-19-at-10.08.34-200x200.jpeg 200w, https:\/\/radiolifefm.com.br\/noticias\/wp-content\/uploads\/2021\/06\/WhatsApp-Image-2021-06-19-at-10.08.34-250x250.jpeg 250w, https:\/\/radiolifefm.com.br\/noticias\/wp-content\/uploads\/2021\/06\/WhatsApp-Image-2021-06-19-at-10.08.34-500x500.jpeg 500w, https:\/\/radiolifefm.com.br\/noticias\/wp-content\/uploads\/2021\/06\/WhatsApp-Image-2021-06-19-at-10.08.34-700x700.jpeg 700w, https:\/\/radiolifefm.com.br\/noticias\/wp-content\/uploads\/2021\/06\/WhatsApp-Image-2021-06-19-at-10.08.34.jpeg 1117w\" sizes=\"auto, (max-width: 300px) 100vw, 300px\" \/><figcaption id=\"caption-attachment-39957\" class=\"wp-caption-text\">Ligia Cabral Assun\u00e7\u00e3o<\/figcaption><\/figure>\n","protected":false},"excerpt":{"rendered":"<p>Ligia Cabral Assun\u00e7\u00e3o\u00a0 recebeu o Premio\u00a0 &#8211; Rotarian of the Year. &nbsp; Conta Ligia que ficou sem palavras ao ouvir seu nome sendo anunciado durante o Jantar Cerim\u00f4nia de\u00a0 posse \u00e0 nova Presidente do Clube. &nbsp; Ligia \u00e9 uma profissional super \u00a0ocupada por\u00e9m dedica o tempo livre ao voluntariado tendo exercido o cargo de\u00a0 secret\u00e1ria [&hellip;]<\/p>\n","protected":false},"author":13,"featured_media":39956,"comment_status":"closed","ping_status":"open","sticky":false,"template":"","format":"standard","meta":{"_acf_changed":false,"_exactmetrics_skip_tracking":false,"_exactmetrics_sitenote_active":false,"_exactmetrics_sitenote_note":"","_exactmetrics_sitenote_category":0,"footnotes":""},"categories":[21],"tags":[],"class_list":["post-39955","post","type-post","status-publish","format-standard","has-post-thumbnail","hentry","category-adamantina"],"acf":[],"yoast_head":"<!-- This site is optimized with the Yoast SEO plugin v27.2 - https:\/\/yoast.com\/product\/yoast-seo-wordpress\/ -->\n<title>&quot;Adamantinense - Rotariana sendo destaque nos USA&quot; Saiu menina de Adamantina e est\u00e1 fazendo Juz a nossa Cidade! - R\u00e1dio Life FM<\/title>\n<meta name=\"robots\" content=\"index, follow, max-snippet:-1, max-image-preview:large, max-video-preview:-1\" \/>\n<link rel=\"canonical\" href=\"https:\/\/radiolifefm.com.br\/noticias\/adamantinense-rotariana-sendo-destaque-nos-usa-saiu-menina-de-adamantina-e-esta-fazendo-juz-a-nossa-cidadeadamantina\/\" \/>\n<meta property=\"og:locale\" content=\"pt_BR\" \/>\n<meta property=\"og:type\" content=\"article\" \/>\n<meta property=\"og:title\" content=\"&quot;Adamantinense - Rotariana sendo destaque nos USA&quot; Saiu menina de Adamantina e est\u00e1 fazendo Juz a nossa Cidade! - R\u00e1dio Life FM\" \/>\n<meta property=\"og:description\" content=\"Ligia Cabral Assun\u00e7\u00e3o\u00a0 recebeu o Premio\u00a0 &#8211; Rotarian of the Year. &nbsp; Conta Ligia que ficou sem palavras ao ouvir seu nome sendo anunciado durante o Jantar Cerim\u00f4nia de\u00a0 posse \u00e0 nova Presidente do Clube. &nbsp; Ligia \u00e9 uma profissional super \u00a0ocupada por\u00e9m dedica o tempo livre ao voluntariado tendo exercido o cargo de\u00a0 secret\u00e1ria [&hellip;]\" \/>\n<meta property=\"og:url\" content=\"https:\/\/radiolifefm.com.br\/noticias\/adamantinense-rotariana-sendo-destaque-nos-usa-saiu-menina-de-adamantina-e-esta-fazendo-juz-a-nossa-cidadeadamantina\/\" \/>\n<meta property=\"og:site_name\" content=\"R\u00e1dio Life FM\" \/>\n<meta property=\"article:publisher\" content=\"https:\/\/www.facebook.com\/radiolifefm\/\" \/>\n<meta property=\"article:published_time\" content=\"2021-06-19T23:37:13+00:00\" \/>\n<meta property=\"article:modified_time\" content=\"2026-02-13T09:49:00+00:00\" \/>\n<meta property=\"og:image\" content=\"https:\/\/radiolifefm.com.br\/noticias\/wp-content\/uploads\/2021\/06\/WhatsApp-Image-2021-06-19-at-10.10.27.jpeg\" \/>\n\t<meta property=\"og:image:width\" content=\"1200\" \/>\n\t<meta property=\"og:image:height\" content=\"1600\" \/>\n\t<meta property=\"og:image:type\" content=\"image\/jpeg\" \/>\n<meta name=\"author\" content=\"ritanery\" \/>\n<meta name=\"twitter:card\" content=\"summary_large_image\" \/>\n<meta name=\"twitter:label1\" content=\"Escrito por\" \/>\n\t<meta name=\"twitter:data1\" content=\"ritanery\" \/>\n\t<meta name=\"twitter:label2\" content=\"Est. tempo de leitura\" \/>\n\t<meta name=\"twitter:data2\" content=\"2 minutos\" \/>\n<script type=\"application\/ld+json\" class=\"yoast-schema-graph\">{\"@context\":\"https:\/\/schema.org\",\"@graph\":[{\"@type\":\"Article\",\"@id\":\"https:\/\/radiolifefm.com.br\/noticias\/adamantinense-rotariana-sendo-destaque-nos-usa-saiu-menina-de-adamantina-e-esta-fazendo-juz-a-nossa-cidadeadamantina\/#article\",\"isPartOf\":{\"@id\":\"https:\/\/radiolifefm.com.br\/noticias\/adamantinense-rotariana-sendo-destaque-nos-usa-saiu-menina-de-adamantina-e-esta-fazendo-juz-a-nossa-cidadeadamantina\/\"},\"author\":{\"name\":\"ritanery\",\"@id\":\"https:\/\/radiolifefm.com.br\/noticias\/#\/schema\/person\/6339b9fac59d12b071dec680d7375d87\"},\"headline\":\"&#8220;Adamantinense &#8211; Rotariana sendo destaque nos USA&#8221; Saiu menina de Adamantina e est\u00e1 fazendo Juz a nossa Cidade!\",\"datePublished\":\"2021-06-19T23:37:13+00:00\",\"dateModified\":\"2026-02-13T09:49:00+00:00\",\"mainEntityOfPage\":{\"@id\":\"https:\/\/radiolifefm.com.br\/noticias\/adamantinense-rotariana-sendo-destaque-nos-usa-saiu-menina-de-adamantina-e-esta-fazendo-juz-a-nossa-cidadeadamantina\/\"},\"wordCount\":397,\"publisher\":{\"@id\":\"https:\/\/radiolifefm.com.br\/noticias\/#organization\"},\"image\":{\"@id\":\"https:\/\/radiolifefm.com.br\/noticias\/adamantinense-rotariana-sendo-destaque-nos-usa-saiu-menina-de-adamantina-e-esta-fazendo-juz-a-nossa-cidadeadamantina\/#primaryimage\"},\"thumbnailUrl\":\"https:\/\/radiolifefm.com.br\/noticias\/wp-content\/uploads\/2021\/06\/WhatsApp-Image-2021-06-19-at-10.10.27.jpeg\",\"articleSection\":[\"Adamantina\"],\"inLanguage\":\"pt-BR\"},{\"@type\":\"WebPage\",\"@id\":\"https:\/\/radiolifefm.com.br\/noticias\/adamantinense-rotariana-sendo-destaque-nos-usa-saiu-menina-de-adamantina-e-esta-fazendo-juz-a-nossa-cidadeadamantina\/\",\"url\":\"https:\/\/radiolifefm.com.br\/noticias\/adamantinense-rotariana-sendo-destaque-nos-usa-saiu-menina-de-adamantina-e-esta-fazendo-juz-a-nossa-cidadeadamantina\/\",\"name\":\"\\\"Adamantinense - Rotariana sendo destaque nos USA\\\" Saiu menina de Adamantina e est\u00e1 fazendo Juz a nossa Cidade! - R\u00e1dio Life FM\",\"isPartOf\":{\"@id\":\"https:\/\/radiolifefm.com.br\/noticias\/#website\"},\"primaryImageOfPage\":{\"@id\":\"https:\/\/radiolifefm.com.br\/noticias\/adamantinense-rotariana-sendo-destaque-nos-usa-saiu-menina-de-adamantina-e-esta-fazendo-juz-a-nossa-cidadeadamantina\/#primaryimage\"},\"image\":{\"@id\":\"https:\/\/radiolifefm.com.br\/noticias\/adamantinense-rotariana-sendo-destaque-nos-usa-saiu-menina-de-adamantina-e-esta-fazendo-juz-a-nossa-cidadeadamantina\/#primaryimage\"},\"thumbnailUrl\":\"https:\/\/radiolifefm.com.br\/noticias\/wp-content\/uploads\/2021\/06\/WhatsApp-Image-2021-06-19-at-10.10.27.jpeg\",\"datePublished\":\"2021-06-19T23:37:13+00:00\",\"dateModified\":\"2026-02-13T09:49:00+00:00\",\"breadcrumb\":{\"@id\":\"https:\/\/radiolifefm.com.br\/noticias\/adamantinense-rotariana-sendo-destaque-nos-usa-saiu-menina-de-adamantina-e-esta-fazendo-juz-a-nossa-cidadeadamantina\/#breadcrumb\"},\"inLanguage\":\"pt-BR\",\"potentialAction\":[{\"@type\":\"ReadAction\",\"target\":[\"https:\/\/radiolifefm.com.br\/noticias\/adamantinense-rotariana-sendo-destaque-nos-usa-saiu-menina-de-adamantina-e-esta-fazendo-juz-a-nossa-cidadeadamantina\/\"]}]},{\"@type\":\"ImageObject\",\"inLanguage\":\"pt-BR\",\"@id\":\"https:\/\/radiolifefm.com.br\/noticias\/adamantinense-rotariana-sendo-destaque-nos-usa-saiu-menina-de-adamantina-e-esta-fazendo-juz-a-nossa-cidadeadamantina\/#primaryimage\",\"url\":\"https:\/\/radiolifefm.com.br\/noticias\/wp-content\/uploads\/2021\/06\/WhatsApp-Image-2021-06-19-at-10.10.27.jpeg\",\"contentUrl\":\"https:\/\/radiolifefm.com.br\/noticias\/wp-content\/uploads\/2021\/06\/WhatsApp-Image-2021-06-19-at-10.10.27.jpeg\",\"width\":1200,\"height\":1600},{\"@type\":\"BreadcrumbList\",\"@id\":\"https:\/\/radiolifefm.com.br\/noticias\/adamantinense-rotariana-sendo-destaque-nos-usa-saiu-menina-de-adamantina-e-esta-fazendo-juz-a-nossa-cidadeadamantina\/#breadcrumb\",\"itemListElement\":[{\"@type\":\"ListItem\",\"position\":1,\"name\":\"In\u00edcio\",\"item\":\"https:\/\/radiolifefm.com.br\/noticias\/\"},{\"@type\":\"ListItem\",\"position\":2,\"name\":\"&#8220;Adamantinense &#8211; Rotariana sendo destaque nos USA&#8221; Saiu menina de Adamantina e est\u00e1 fazendo Juz a nossa Cidade!\"}]},{\"@type\":\"WebSite\",\"@id\":\"https:\/\/radiolifefm.com.br\/noticias\/#website\",\"url\":\"https:\/\/radiolifefm.com.br\/noticias\/\",\"name\":\"R\u00e1dio Life FM\",\"description\":\"O Portal de Not\u00edcias de Adamantina\",\"publisher\":{\"@id\":\"https:\/\/radiolifefm.com.br\/noticias\/#organization\"},\"alternateName\":\"Life FM\",\"potentialAction\":[{\"@type\":\"SearchAction\",\"target\":{\"@type\":\"EntryPoint\",\"urlTemplate\":\"https:\/\/radiolifefm.com.br\/noticias\/?s={search_term_string}\"},\"query-input\":{\"@type\":\"PropertyValueSpecification\",\"valueRequired\":true,\"valueName\":\"search_term_string\"}}],\"inLanguage\":\"pt-BR\"},{\"@type\":\"Organization\",\"@id\":\"https:\/\/radiolifefm.com.br\/noticias\/#organization\",\"name\":\"R\u00e1dio Life FM\",\"alternateName\":\"Life FM\",\"url\":\"https:\/\/radiolifefm.com.br\/noticias\/\",\"logo\":{\"@type\":\"ImageObject\",\"inLanguage\":\"pt-BR\",\"@id\":\"https:\/\/radiolifefm.com.br\/noticias\/#\/schema\/logo\/image\/\",\"url\":\"https:\/\/static.radiolifefm.com.br\/noticias\/wp-content\/uploads\/2019\/10\/logo-lifefm.png\",\"contentUrl\":\"https:\/\/static.radiolifefm.com.br\/noticias\/wp-content\/uploads\/2019\/10\/logo-lifefm.png\",\"width\":196,\"height\":47,\"caption\":\"R\u00e1dio Life FM\"},\"image\":{\"@id\":\"https:\/\/radiolifefm.com.br\/noticias\/#\/schema\/logo\/image\/\"},\"sameAs\":[\"https:\/\/www.facebook.com\/radiolifefm\/\",\"https:\/\/www.instagram.com\/life1079fm\/\"]},{\"@type\":\"Person\",\"@id\":\"https:\/\/radiolifefm.com.br\/noticias\/#\/schema\/person\/6339b9fac59d12b071dec680d7375d87\",\"name\":\"ritanery\",\"image\":{\"@type\":\"ImageObject\",\"inLanguage\":\"pt-BR\",\"@id\":\"https:\/\/secure.gravatar.com\/avatar\/0e37bb19071f47c0b8a23f62a903df117c5a0e75f65a0c2901562f97cd41cf86?s=96&d=mm&r=g\",\"url\":\"https:\/\/secure.gravatar.com\/avatar\/0e37bb19071f47c0b8a23f62a903df117c5a0e75f65a0c2901562f97cd41cf86?s=96&d=mm&r=g\",\"contentUrl\":\"https:\/\/secure.gravatar.com\/avatar\/0e37bb19071f47c0b8a23f62a903df117c5a0e75f65a0c2901562f97cd41cf86?s=96&d=mm&r=g\",\"caption\":\"ritanery\"}}]}<\/script>\n<!-- \/ Yoast SEO plugin. -->","yoast_head_json":{"title":"\"Adamantinense - Rotariana sendo destaque nos USA\" Saiu menina de Adamantina e est\u00e1 fazendo Juz a nossa Cidade! - R\u00e1dio Life FM","robots":{"index":"index","follow":"follow","max-snippet":"max-snippet:-1","max-image-preview":"max-image-preview:large","max-video-preview":"max-video-preview:-1"},"canonical":"https:\/\/radiolifefm.com.br\/noticias\/adamantinense-rotariana-sendo-destaque-nos-usa-saiu-menina-de-adamantina-e-esta-fazendo-juz-a-nossa-cidadeadamantina\/","og_locale":"pt_BR","og_type":"article","og_title":"\"Adamantinense - Rotariana sendo destaque nos USA\" Saiu menina de Adamantina e est\u00e1 fazendo Juz a nossa Cidade! - R\u00e1dio Life FM","og_description":"Ligia Cabral Assun\u00e7\u00e3o\u00a0 recebeu o Premio\u00a0 &#8211; Rotarian of the Year. &nbsp; Conta Ligia que ficou sem palavras ao ouvir seu nome sendo anunciado durante o Jantar Cerim\u00f4nia de\u00a0 posse \u00e0 nova Presidente do Clube. &nbsp; Ligia \u00e9 uma profissional super \u00a0ocupada por\u00e9m dedica o tempo livre ao voluntariado tendo exercido o cargo de\u00a0 secret\u00e1ria [&hellip;]","og_url":"https:\/\/radiolifefm.com.br\/noticias\/adamantinense-rotariana-sendo-destaque-nos-usa-saiu-menina-de-adamantina-e-esta-fazendo-juz-a-nossa-cidadeadamantina\/","og_site_name":"R\u00e1dio Life FM","article_publisher":"https:\/\/www.facebook.com\/radiolifefm\/","article_published_time":"2021-06-19T23:37:13+00:00","article_modified_time":"2026-02-13T09:49:00+00:00","og_image":[{"width":1200,"height":1600,"url":"https:\/\/radiolifefm.com.br\/noticias\/wp-content\/uploads\/2021\/06\/WhatsApp-Image-2021-06-19-at-10.10.27.jpeg","type":"image\/jpeg"}],"author":"ritanery","twitter_card":"summary_large_image","twitter_misc":{"Escrito por":"ritanery","Est. tempo de leitura":"2 minutos"},"schema":{"@context":"https:\/\/schema.org","@graph":[{"@type":"Article","@id":"https:\/\/radiolifefm.com.br\/noticias\/adamantinense-rotariana-sendo-destaque-nos-usa-saiu-menina-de-adamantina-e-esta-fazendo-juz-a-nossa-cidadeadamantina\/#article","isPartOf":{"@id":"https:\/\/radiolifefm.com.br\/noticias\/adamantinense-rotariana-sendo-destaque-nos-usa-saiu-menina-de-adamantina-e-esta-fazendo-juz-a-nossa-cidadeadamantina\/"},"author":{"name":"ritanery","@id":"https:\/\/radiolifefm.com.br\/noticias\/#\/schema\/person\/6339b9fac59d12b071dec680d7375d87"},"headline":"&#8220;Adamantinense &#8211; Rotariana sendo destaque nos USA&#8221; Saiu menina de Adamantina e est\u00e1 fazendo Juz a nossa Cidade!","datePublished":"2021-06-19T23:37:13+00:00","dateModified":"2026-02-13T09:49:00+00:00","mainEntityOfPage":{"@id":"https:\/\/radiolifefm.com.br\/noticias\/adamantinense-rotariana-sendo-destaque-nos-usa-saiu-menina-de-adamantina-e-esta-fazendo-juz-a-nossa-cidadeadamantina\/"},"wordCount":397,"publisher":{"@id":"https:\/\/radiolifefm.com.br\/noticias\/#organization"},"image":{"@id":"https:\/\/radiolifefm.com.br\/noticias\/adamantinense-rotariana-sendo-destaque-nos-usa-saiu-menina-de-adamantina-e-esta-fazendo-juz-a-nossa-cidadeadamantina\/#primaryimage"},"thumbnailUrl":"https:\/\/radiolifefm.com.br\/noticias\/wp-content\/uploads\/2021\/06\/WhatsApp-Image-2021-06-19-at-10.10.27.jpeg","articleSection":["Adamantina"],"inLanguage":"pt-BR"},{"@type":"WebPage","@id":"https:\/\/radiolifefm.com.br\/noticias\/adamantinense-rotariana-sendo-destaque-nos-usa-saiu-menina-de-adamantina-e-esta-fazendo-juz-a-nossa-cidadeadamantina\/","url":"https:\/\/radiolifefm.com.br\/noticias\/adamantinense-rotariana-sendo-destaque-nos-usa-saiu-menina-de-adamantina-e-esta-fazendo-juz-a-nossa-cidadeadamantina\/","name":"\"Adamantinense - Rotariana sendo destaque nos USA\" Saiu menina de Adamantina e est\u00e1 fazendo Juz a nossa Cidade! - R\u00e1dio Life FM","isPartOf":{"@id":"https:\/\/radiolifefm.com.br\/noticias\/#website"},"primaryImageOfPage":{"@id":"https:\/\/radiolifefm.com.br\/noticias\/adamantinense-rotariana-sendo-destaque-nos-usa-saiu-menina-de-adamantina-e-esta-fazendo-juz-a-nossa-cidadeadamantina\/#primaryimage"},"image":{"@id":"https:\/\/radiolifefm.com.br\/noticias\/adamantinense-rotariana-sendo-destaque-nos-usa-saiu-menina-de-adamantina-e-esta-fazendo-juz-a-nossa-cidadeadamantina\/#primaryimage"},"thumbnailUrl":"https:\/\/radiolifefm.com.br\/noticias\/wp-content\/uploads\/2021\/06\/WhatsApp-Image-2021-06-19-at-10.10.27.jpeg","datePublished":"2021-06-19T23:37:13+00:00","dateModified":"2026-02-13T09:49:00+00:00","breadcrumb":{"@id":"https:\/\/radiolifefm.com.br\/noticias\/adamantinense-rotariana-sendo-destaque-nos-usa-saiu-menina-de-adamantina-e-esta-fazendo-juz-a-nossa-cidadeadamantina\/#breadcrumb"},"inLanguage":"pt-BR","potentialAction":[{"@type":"ReadAction","target":["https:\/\/radiolifefm.com.br\/noticias\/adamantinense-rotariana-sendo-destaque-nos-usa-saiu-menina-de-adamantina-e-esta-fazendo-juz-a-nossa-cidadeadamantina\/"]}]},{"@type":"ImageObject","inLanguage":"pt-BR","@id":"https:\/\/radiolifefm.com.br\/noticias\/adamantinense-rotariana-sendo-destaque-nos-usa-saiu-menina-de-adamantina-e-esta-fazendo-juz-a-nossa-cidadeadamantina\/#primaryimage","url":"https:\/\/radiolifefm.com.br\/noticias\/wp-content\/uploads\/2021\/06\/WhatsApp-Image-2021-06-19-at-10.10.27.jpeg","contentUrl":"https:\/\/radiolifefm.com.br\/noticias\/wp-content\/uploads\/2021\/06\/WhatsApp-Image-2021-06-19-at-10.10.27.jpeg","width":1200,"height":1600},{"@type":"BreadcrumbList","@id":"https:\/\/radiolifefm.com.br\/noticias\/adamantinense-rotariana-sendo-destaque-nos-usa-saiu-menina-de-adamantina-e-esta-fazendo-juz-a-nossa-cidadeadamantina\/#breadcrumb","itemListElement":[{"@type":"ListItem","position":1,"name":"In\u00edcio","item":"https:\/\/radiolifefm.com.br\/noticias\/"},{"@type":"ListItem","position":2,"name":"&#8220;Adamantinense &#8211; Rotariana sendo destaque nos USA&#8221; Saiu menina de Adamantina e est\u00e1 fazendo Juz a nossa Cidade!"}]},{"@type":"WebSite","@id":"https:\/\/radiolifefm.com.br\/noticias\/#website","url":"https:\/\/radiolifefm.com.br\/noticias\/","name":"R\u00e1dio Life FM","description":"O Portal de Not\u00edcias de Adamantina","publisher":{"@id":"https:\/\/radiolifefm.com.br\/noticias\/#organization"},"alternateName":"Life FM","potentialAction":[{"@type":"SearchAction","target":{"@type":"EntryPoint","urlTemplate":"https:\/\/radiolifefm.com.br\/noticias\/?s={search_term_string}"},"query-input":{"@type":"PropertyValueSpecification","valueRequired":true,"valueName":"search_term_string"}}],"inLanguage":"pt-BR"},{"@type":"Organization","@id":"https:\/\/radiolifefm.com.br\/noticias\/#organization","name":"R\u00e1dio Life FM","alternateName":"Life FM","url":"https:\/\/radiolifefm.com.br\/noticias\/","logo":{"@type":"ImageObject","inLanguage":"pt-BR","@id":"https:\/\/radiolifefm.com.br\/noticias\/#\/schema\/logo\/image\/","url":"https:\/\/static.radiolifefm.com.br\/noticias\/wp-content\/uploads\/2019\/10\/logo-lifefm.png","contentUrl":"https:\/\/static.radiolifefm.com.br\/noticias\/wp-content\/uploads\/2019\/10\/logo-lifefm.png","width":196,"height":47,"caption":"R\u00e1dio Life FM"},"image":{"@id":"https:\/\/radiolifefm.com.br\/noticias\/#\/schema\/logo\/image\/"},"sameAs":["https:\/\/www.facebook.com\/radiolifefm\/","https:\/\/www.instagram.com\/life1079fm\/"]},{"@type":"Person","@id":"https:\/\/radiolifefm.com.br\/noticias\/#\/schema\/person\/6339b9fac59d12b071dec680d7375d87","name":"ritanery","image":{"@type":"ImageObject","inLanguage":"pt-BR","@id":"https:\/\/secure.gravatar.com\/avatar\/0e37bb19071f47c0b8a23f62a903df117c5a0e75f65a0c2901562f97cd41cf86?s=96&d=mm&r=g","url":"https:\/\/secure.gravatar.com\/avatar\/0e37bb19071f47c0b8a23f62a903df117c5a0e75f65a0c2901562f97cd41cf86?s=96&d=mm&r=g","contentUrl":"https:\/\/secure.gravatar.com\/avatar\/0e37bb19071f47c0b8a23f62a903df117c5a0e75f65a0c2901562f97cd41cf86?s=96&d=mm&r=g","caption":"ritanery"}}]}},"amp_enabled":true,"_links":{"self":[{"href":"https:\/\/radiolifefm.com.br\/noticias\/wp-json\/wp\/v2\/posts\/39955","targetHints":{"allow":["GET"]}}],"collection":[{"href":"https:\/\/radiolifefm.com.br\/noticias\/wp-json\/wp\/v2\/posts"}],"about":[{"href":"https:\/\/radiolifefm.com.br\/noticias\/wp-json\/wp\/v2\/types\/post"}],"author":[{"embeddable":true,"href":"https:\/\/radiolifefm.com.br\/noticias\/wp-json\/wp\/v2\/users\/13"}],"replies":[{"embeddable":true,"href":"https:\/\/radiolifefm.com.br\/noticias\/wp-json\/wp\/v2\/comments?post=39955"}],"version-history":[{"count":5,"href":"https:\/\/radiolifefm.com.br\/noticias\/wp-json\/wp\/v2\/posts\/39955\/revisions"}],"predecessor-version":[{"id":39963,"href":"https:\/\/radiolifefm.com.br\/noticias\/wp-json\/wp\/v2\/posts\/39955\/revisions\/39963"}],"wp:featuredmedia":[{"embeddable":true,"href":"https:\/\/radiolifefm.com.br\/noticias\/wp-json\/wp\/v2\/media\/39956"}],"wp:attachment":[{"href":"https:\/\/radiolifefm.com.br\/noticias\/wp-json\/wp\/v2\/media?parent=39955"}],"wp:term":[{"taxonomy":"category","embeddable":true,"href":"https:\/\/radiolifefm.com.br\/noticias\/wp-json\/wp\/v2\/categories?post=39955"},{"taxonomy":"post_tag","embeddable":true,"href":"https:\/\/radiolifefm.com.br\/noticias\/wp-json\/wp\/v2\/tags?post=39955"}],"curies":[{"name":"wp","href":"https:\/\/api.w.org\/{rel}","templated":true}]}}